{"id":60690,"date":"2020-07-16T23:30:49","date_gmt":"2020-07-17T03:30:49","guid":{"rendered":"https:\/\/recursing-golick.147-182-135-0.plesk.page\/?p=60690"},"modified":"2020-07-17T07:51:39","modified_gmt":"2020-07-17T11:51:39","slug":"quy-a-t-il-de-particulier-le-16-juillet","status":"publish","type":"post","link":"https:\/\/interamerica.org\/fr\/2020\/07\/quy-a-t-il-de-particulier-le-16-juillet\/","title":{"rendered":"Qu\u2019y a-t-il de particulier le 16 juillet?"},"content":{"rendered":"<p><span class=\"byline-news\"><span lang=\"FR-CA\">Le 16 juillet 2020 | Silver Spring, Maryland, \u00c9tats-Unis |\u00a0Jemima Klingbeil<\/span><\/span><\/p>\n<p><span class=\"cap\"><span lang=\"FR-CA\">Le 16\u00a0juillet. La plupart des gens n\u2019y voient rien de particulier, mais le 16\u00a0juillet est une date importante. Il y a 51\u00a0ans, le 16\u00a0juillet 1969, la NASA a lanc\u00e9 Apollo\u00a011, transportant les premiers \u00eatres humains sur la lune et plongeant la plan\u00e8te dans une nouvelle \u00e8re d\u2019exploration spatiale. Avec le temps, bien des gens ont oubli\u00e9 cet \u00e9v\u00e9nement si significatif. Mais quand je pense au 16\u00a0juillet, je pense \u00e0 autre chose, \u00e0 un anniversaire qui concerne une femme bien sp\u00e9ciale dont la vie et le minist\u00e8re ont eu un impact sur des millions de personnes. Le 16\u00a0juillet 1915, Ellen White est d\u00e9c\u00e9d\u00e9e.<\/span><\/span><\/p>\n<p><span class=\"cap\"><span lang=\"FR-CA\">Ayant grandi au sein d\u2019une famille adventiste, je ne me souviens pas de la premi\u00e8re fois o\u00f9 j\u2019ai entendu son nom. En effet, j\u2019entends parler d\u2019elle depuis que je suis toute petite, souvent en lien avec ses \u00e9crits. J\u2019ai entendu des gens la citer de la chaire et autour de la table \u00e0 d\u00eener. Ce n\u2019\u00e9tait pas une mauvaise chose, mais je n\u2019ai jamais, \u00e0 l\u2019\u00e9poque, pris la d\u00e9cision consciencieuse de la lire ni de d\u00e9couvrir qui elle \u00e9tait.<\/span><\/span><\/p>\n<p><span class=\"cap\"><span lang=\"FR-CA\">Toutefois, c\u2019est quand j\u2019ai atteint l\u2019adolescence et voulu d\u00e9couvrir ce qu\u2019\u00e9tait l\u2019adventisme pour moi-m\u00eame que j\u2019ai d\u00e9couvert qui elle \u00e9tait vraiment. J\u2019ai toujours cru qu\u2019il y avait un Dieu, mais en tant que jeune, je voulais m\u2019assurer que je croyais r\u00e9ellement en l\u2019\u00c9glise dont je faisais partie et que je la connaissais bien \u00e9galement. Et lorsque j\u2019ai fait mes recherches sur Ellen White, j\u2019ai d\u00e9couvert combien int\u00e9ressante fut sa vie. J\u2019ai commenc\u00e9 \u00e0 la voir comme un beau personnage historique. Sauf que je ne la voyais toujours pas comme \u00e9tant tr\u00e8s pertinente \u00e0 ma vie.<\/span><\/span><\/p>\n<p><span class=\"cap\"><span lang=\"FR-CA\">J\u2019ai toujours aim\u00e9 l\u2019histoire, donc quand ma m\u00e8re a \u00e9t\u00e9 invit\u00e9e \u00e0 travailler \u00e0 l\u2019<i>Ellen G. White Estate<\/i>, j\u2019\u00e9tais emball\u00e9e, car cela signifiait que je pourrais aller voir la chambre forte o\u00f9 tous les exemplaires originaux de ses \u00e9crits sont conserv\u00e9s. Toucher des pages originales, avec des gants bien entendu, \u00e9tait formidable pour moi. Examiner ses coups de plume et lire ou tenter de d\u00e9chiffrer son \u00e9criture fut toute une aventure.<\/span><\/span><\/p>\n<p><span class=\"cap\"><span lang=\"FR-CA\">Devenant de plus en plus int\u00e9ress\u00e9e par Ellen White, j\u2019ai commenc\u00e9 \u00e0 faire du b\u00e9n\u00e9volat \u00e0 la <i>White Estate<\/i>. En 2015, lorsque le centre pour visiteurs a \u00e9t\u00e9 r\u00e9nov\u00e9 \u00e0 la Conf\u00e9rence g\u00e9n\u00e9rale des adventistes du septi\u00e8me jour, je suis devenue guide b\u00e9n\u00e9vole. C\u2019\u00e9tait palpitant d\u2019apprendre de nombreuses histoires sur Ellen White et sa famille et de les partager ensuite avec les visiteurs.<\/span><\/span><\/p>\n<p><span class=\"cap\"><span lang=\"FR-CA\">Mais lorsque je racontais ces histoires \u00e0 mes amis, ils les trouvaient int\u00e9ressantes, quoique pas toujours tr\u00e8s pertinentes \u00e0 leur vie du 21<sup>e<\/sup>\u00a0si\u00e8cle. Et pendant un certain temps, j\u2019ai aussi cru que ses \u00e9crits avaient d\u00fb \u00eatre b\u00e9n\u00e9fiques pour les gens de son \u00e9poque, sans toutefois \u00eatre n\u00e9cessairement aussi utiles pour moi et mes amis.<\/span><\/span><\/p>\n<p><span class=\"cap\"><span lang=\"FR-CA\">Cependant, cette opinion a chang\u00e9 quand j\u2019ai d\u00e9cid\u00e9 de travailler comme \u00e9vang\u00e9liste litt\u00e9raire \u00e9tudiante durant l\u2019\u00e9t\u00e9 de ma deuxi\u00e8me ann\u00e9e de secondaire. En faisant du colportage dans les quartiers de D\u00e9troit, au Michigan, j\u2019ai commenc\u00e9 \u00e0 me rendre compte que les livres que nous vendions, comme <i>La trag\u00e9die des si\u00e8cles<\/i> et <i>Vers J\u00e9sus<\/i>, n\u2019\u00e9taient pas que des livres \u00e0 lire, mais qu\u2019ils transformaient des vies et offraient aux gens espoir, r\u00e9confort et gu\u00e9rison. Ces livres dissipaient les t\u00e9n\u00e8bres de leur c\u0153ur et les menaient \u00e0 la grande lumi\u00e8re, celle de la Bible.<\/span><\/span><\/p>\n<p><span class=\"cap\"><span lang=\"FR-CA\">Ainsi, voir ces livres en action a piqu\u00e9 ma curiosit\u00e9 et m\u2019a pouss\u00e9e \u00e0 les explorer par moi-m\u00eame. <i>Vers J\u00e9sus<\/i> est le premier livre que j\u2019ai lu au complet. Et il a totalement chang\u00e9 ma vie. Puis je me suis enfin rendu compte que ses \u00e9crits \u00e9taient toujours d\u2019actualit\u00e9 et que les conseils et la sagesse que je peux en tirer me sont incroyablement utiles. Voil\u00e0 pourquoi le 16\u00a0juillet est une date importante pour moi. Elle sert \u00e0 nous souvenir de la vie de cette femme remarquable qui \u00e9tait la messag\u00e8re de Dieu, elle nous rappelle de continuer de lire et d\u2019\u00e9tudier ces messages.<\/span><\/span><\/p>\n<p><em><b><span lang=\"FR-CA\">Jemima Klingbeil<\/span><\/b><\/em><em><span lang=\"FR-CA\">\u00a0vit avec sa famille dans le Maryland. En ao\u00fbt, elle entamera sa derni\u00e8re ann\u00e9e \u00e0 l\u2019acad\u00e9mie adventiste Great Lakes, \u00e0 Cedar Lake, dans l\u2019\u00c9tat am\u00e9ricain du Michigan.<\/span><\/em><i><\/i><\/p>\n<p>Traduction : Marie-Mich\u00e8le Robitaille<\/p>\n","protected":false},"excerpt":{"rendered":"<p>Le 16 juillet 2020 | Silver Spring, Maryland, \u00c9tats-Unis |\u00a0Jemima Klingbeil Le 16\u00a0juillet. La plupart des gens n\u2019y voient rien de particulier, mais le 16\u00a0juillet est une date importante. Il&#8230;<\/p>\n","protected":false},"author":3,"featured_media":60664,"comment_status":"closed","ping_status":"closed","sticky":false,"template":"","format":"standard","meta":{"_acf_changed":false,"footnotes":""},"categories":[18,19],"tags":[],"class_list":["post-60690","post","type-post","status-publish","format-standard","has-post-thumbnail","hentry","category-nouvelles-de-leglise-mondiale","category-rss-francais"],"acf":[],"yoast_head":"<!-- This site is optimized with the Yoast SEO plugin v27.3 - https:\/\/yoast.com\/product\/yoast-seo-wordpress\/ -->\n<title>Qu\u2019y a-t-il de particulier le 16 juillet? - \u00c9glise Adventiste Du Septieme Jour - Inter Am\u00e9rique Division<\/title>\n<meta name=\"robots\" content=\"index, follow, max-snippet:-1, max-image-preview:large, max-video-preview:-1\" \/>\n<link rel=\"canonical\" href=\"https:\/\/interamerica.org\/fr\/2020\/07\/quy-a-t-il-de-particulier-le-16-juillet\/\" \/>\n<meta property=\"og:locale\" content=\"fr_FR\" \/>\n<meta property=\"og:type\" content=\"article\" \/>\n<meta property=\"og:title\" content=\"Qu\u2019y a-t-il de particulier le 16 juillet? - \u00c9glise Adventiste Du Septieme Jour - Inter Am\u00e9rique Division\" \/>\n<meta property=\"og:description\" content=\"Le 16 juillet 2020 | Silver Spring, Maryland, \u00c9tats-Unis |\u00a0Jemima Klingbeil Le 16\u00a0juillet. La plupart des gens n\u2019y voient rien de particulier, mais le 16\u00a0juillet est une date importante. Il...\" \/>\n<meta property=\"og:url\" content=\"https:\/\/interamerica.org\/fr\/2020\/07\/quy-a-t-il-de-particulier-le-16-juillet\/\" \/>\n<meta property=\"og:site_name\" content=\"\u00c9glise Adventiste Du Septieme Jour - Inter Am\u00e9rique Division\" \/>\n<meta property=\"article:published_time\" content=\"2020-07-17T03:30:49+00:00\" \/>\n<meta property=\"article:modified_time\" content=\"2020-07-17T11:51:39+00:00\" \/>\n<meta property=\"og:image\" content=\"https:\/\/interamerica.org\/wp-content\/uploads\/2020\/07\/egw-anniversary-1280.jpg\" \/>\n\t<meta property=\"og:image:width\" content=\"1280\" \/>\n\t<meta property=\"og:image:height\" content=\"800\" \/>\n\t<meta property=\"og:image:type\" content=\"image\/jpeg\" \/>\n<meta name=\"author\" content=\"libna\" \/>\n<meta name=\"twitter:card\" content=\"summary_large_image\" \/>\n<meta name=\"twitter:label1\" content=\"\u00c9crit par\" \/>\n\t<meta name=\"twitter:data1\" content=\"libna\" \/>\n\t<meta name=\"twitter:label2\" content=\"Dur\u00e9e de lecture estim\u00e9e\" \/>\n\t<meta name=\"twitter:data2\" content=\"4 minutes\" \/>\n<script type=\"application\/ld+json\" class=\"yoast-schema-graph\">{\"@context\":\"https:\\\/\\\/schema.org\",\"@graph\":[{\"@type\":\"Article\",\"@id\":\"https:\\\/\\\/interamerica.org\\\/fr\\\/2020\\\/07\\\/quy-a-t-il-de-particulier-le-16-juillet\\\/#article\",\"isPartOf\":{\"@id\":\"https:\\\/\\\/interamerica.org\\\/fr\\\/2020\\\/07\\\/quy-a-t-il-de-particulier-le-16-juillet\\\/\"},\"author\":{\"name\":\"libna\",\"@id\":\"https:\\\/\\\/interamerica.org\\\/fr\\\/#\\\/schema\\\/person\\\/29998f2bc2d8bd0d38662909289b54f1\"},\"headline\":\"Qu\u2019y a-t-il de particulier le 16 juillet?\",\"datePublished\":\"2020-07-17T03:30:49+00:00\",\"dateModified\":\"2020-07-17T11:51:39+00:00\",\"mainEntityOfPage\":{\"@id\":\"https:\\\/\\\/interamerica.org\\\/fr\\\/2020\\\/07\\\/quy-a-t-il-de-particulier-le-16-juillet\\\/\"},\"wordCount\":793,\"image\":{\"@id\":\"https:\\\/\\\/interamerica.org\\\/fr\\\/2020\\\/07\\\/quy-a-t-il-de-particulier-le-16-juillet\\\/#primaryimage\"},\"thumbnailUrl\":\"https:\\\/\\\/interamerica.org\\\/wp-content\\\/uploads\\\/2020\\\/07\\\/egw-anniversary-1280.jpg\",\"articleSection\":[\"Nouvelles de l'\u00c9glise mondiale\",\"RSS Fran\u00e7ais\"],\"inLanguage\":\"fr-FR\"},{\"@type\":\"WebPage\",\"@id\":\"https:\\\/\\\/interamerica.org\\\/fr\\\/2020\\\/07\\\/quy-a-t-il-de-particulier-le-16-juillet\\\/\",\"url\":\"https:\\\/\\\/interamerica.org\\\/fr\\\/2020\\\/07\\\/quy-a-t-il-de-particulier-le-16-juillet\\\/\",\"name\":\"Qu\u2019y a-t-il de particulier le 16 juillet? - \u00c9glise Adventiste Du Septieme Jour - Inter Am\u00e9rique Division\",\"isPartOf\":{\"@id\":\"https:\\\/\\\/interamerica.org\\\/fr\\\/#website\"},\"primaryImageOfPage\":{\"@id\":\"https:\\\/\\\/interamerica.org\\\/fr\\\/2020\\\/07\\\/quy-a-t-il-de-particulier-le-16-juillet\\\/#primaryimage\"},\"image\":{\"@id\":\"https:\\\/\\\/interamerica.org\\\/fr\\\/2020\\\/07\\\/quy-a-t-il-de-particulier-le-16-juillet\\\/#primaryimage\"},\"thumbnailUrl\":\"https:\\\/\\\/interamerica.org\\\/wp-content\\\/uploads\\\/2020\\\/07\\\/egw-anniversary-1280.jpg\",\"datePublished\":\"2020-07-17T03:30:49+00:00\",\"dateModified\":\"2020-07-17T11:51:39+00:00\",\"author\":{\"@id\":\"https:\\\/\\\/interamerica.org\\\/fr\\\/#\\\/schema\\\/person\\\/29998f2bc2d8bd0d38662909289b54f1\"},\"breadcrumb\":{\"@id\":\"https:\\\/\\\/interamerica.org\\\/fr\\\/2020\\\/07\\\/quy-a-t-il-de-particulier-le-16-juillet\\\/#breadcrumb\"},\"inLanguage\":\"fr-FR\",\"potentialAction\":[{\"@type\":\"ReadAction\",\"target\":[\"https:\\\/\\\/interamerica.org\\\/fr\\\/2020\\\/07\\\/quy-a-t-il-de-particulier-le-16-juillet\\\/\"]}]},{\"@type\":\"ImageObject\",\"inLanguage\":\"fr-FR\",\"@id\":\"https:\\\/\\\/interamerica.org\\\/fr\\\/2020\\\/07\\\/quy-a-t-il-de-particulier-le-16-juillet\\\/#primaryimage\",\"url\":\"https:\\\/\\\/interamerica.org\\\/wp-content\\\/uploads\\\/2020\\\/07\\\/egw-anniversary-1280.jpg\",\"contentUrl\":\"https:\\\/\\\/interamerica.org\\\/wp-content\\\/uploads\\\/2020\\\/07\\\/egw-anniversary-1280.jpg\",\"width\":1280,\"height\":800,\"caption\":\"Photo Composite\u00a0: Adventist Review Ministries\\\/Ellen G. White Estate.\"},{\"@type\":\"BreadcrumbList\",\"@id\":\"https:\\\/\\\/interamerica.org\\\/fr\\\/2020\\\/07\\\/quy-a-t-il-de-particulier-le-16-juillet\\\/#breadcrumb\",\"itemListElement\":[{\"@type\":\"ListItem\",\"position\":1,\"name\":\"Home\",\"item\":\"https:\\\/\\\/interamerica.org\\\/fr\\\/\"},{\"@type\":\"ListItem\",\"position\":2,\"name\":\"Qu\u2019y a-t-il de particulier le 16 juillet?\"}]},{\"@type\":\"WebSite\",\"@id\":\"https:\\\/\\\/interamerica.org\\\/fr\\\/#website\",\"url\":\"https:\\\/\\\/interamerica.org\\\/fr\\\/\",\"name\":\"\u00c9glise Adventiste Du Septieme Jour - Inter Am\u00e9rique Division\",\"description\":\"\",\"potentialAction\":[{\"@type\":\"SearchAction\",\"target\":{\"@type\":\"EntryPoint\",\"urlTemplate\":\"https:\\\/\\\/interamerica.org\\\/fr\\\/?s={search_term_string}\"},\"query-input\":{\"@type\":\"PropertyValueSpecification\",\"valueRequired\":true,\"valueName\":\"search_term_string\"}}],\"inLanguage\":\"fr-FR\"},{\"@type\":\"Person\",\"@id\":\"https:\\\/\\\/interamerica.org\\\/fr\\\/#\\\/schema\\\/person\\\/29998f2bc2d8bd0d38662909289b54f1\",\"name\":\"libna\",\"image\":{\"@type\":\"ImageObject\",\"inLanguage\":\"fr-FR\",\"@id\":\"https:\\\/\\\/secure.gravatar.com\\\/avatar\\\/7c5bd30ae4b47a9ba3c856590957fd1d96dc588bf3ac05719d247e126840331f?s=96&d=mm&r=g\",\"url\":\"https:\\\/\\\/secure.gravatar.com\\\/avatar\\\/7c5bd30ae4b47a9ba3c856590957fd1d96dc588bf3ac05719d247e126840331f?s=96&d=mm&r=g\",\"contentUrl\":\"https:\\\/\\\/secure.gravatar.com\\\/avatar\\\/7c5bd30ae4b47a9ba3c856590957fd1d96dc588bf3ac05719d247e126840331f?s=96&d=mm&r=g\",\"caption\":\"libna\"}}]}<\/script>\n<!-- \/ Yoast SEO plugin. -->","yoast_head_json":{"title":"Qu\u2019y a-t-il de particulier le 16 juillet? - \u00c9glise Adventiste Du Septieme Jour - Inter Am\u00e9rique Division","robots":{"index":"index","follow":"follow","max-snippet":"max-snippet:-1","max-image-preview":"max-image-preview:large","max-video-preview":"max-video-preview:-1"},"canonical":"https:\/\/interamerica.org\/fr\/2020\/07\/quy-a-t-il-de-particulier-le-16-juillet\/","og_locale":"fr_FR","og_type":"article","og_title":"Qu\u2019y a-t-il de particulier le 16 juillet? - \u00c9glise Adventiste Du Septieme Jour - Inter Am\u00e9rique Division","og_description":"Le 16 juillet 2020 | Silver Spring, Maryland, \u00c9tats-Unis |\u00a0Jemima Klingbeil Le 16\u00a0juillet. La plupart des gens n\u2019y voient rien de particulier, mais le 16\u00a0juillet est une date importante. Il...","og_url":"https:\/\/interamerica.org\/fr\/2020\/07\/quy-a-t-il-de-particulier-le-16-juillet\/","og_site_name":"\u00c9glise Adventiste Du Septieme Jour - Inter Am\u00e9rique Division","article_published_time":"2020-07-17T03:30:49+00:00","article_modified_time":"2020-07-17T11:51:39+00:00","og_image":[{"width":1280,"height":800,"url":"https:\/\/interamerica.org\/wp-content\/uploads\/2020\/07\/egw-anniversary-1280.jpg","type":"image\/jpeg"}],"author":"libna","twitter_card":"summary_large_image","twitter_misc":{"\u00c9crit par":"libna","Dur\u00e9e de lecture estim\u00e9e":"4 minutes"},"schema":{"@context":"https:\/\/schema.org","@graph":[{"@type":"Article","@id":"https:\/\/interamerica.org\/fr\/2020\/07\/quy-a-t-il-de-particulier-le-16-juillet\/#article","isPartOf":{"@id":"https:\/\/interamerica.org\/fr\/2020\/07\/quy-a-t-il-de-particulier-le-16-juillet\/"},"author":{"name":"libna","@id":"https:\/\/interamerica.org\/fr\/#\/schema\/person\/29998f2bc2d8bd0d38662909289b54f1"},"headline":"Qu\u2019y a-t-il de particulier le 16 juillet?","datePublished":"2020-07-17T03:30:49+00:00","dateModified":"2020-07-17T11:51:39+00:00","mainEntityOfPage":{"@id":"https:\/\/interamerica.org\/fr\/2020\/07\/quy-a-t-il-de-particulier-le-16-juillet\/"},"wordCount":793,"image":{"@id":"https:\/\/interamerica.org\/fr\/2020\/07\/quy-a-t-il-de-particulier-le-16-juillet\/#primaryimage"},"thumbnailUrl":"https:\/\/interamerica.org\/wp-content\/uploads\/2020\/07\/egw-anniversary-1280.jpg","articleSection":["Nouvelles de l'\u00c9glise mondiale","RSS Fran\u00e7ais"],"inLanguage":"fr-FR"},{"@type":"WebPage","@id":"https:\/\/interamerica.org\/fr\/2020\/07\/quy-a-t-il-de-particulier-le-16-juillet\/","url":"https:\/\/interamerica.org\/fr\/2020\/07\/quy-a-t-il-de-particulier-le-16-juillet\/","name":"Qu\u2019y a-t-il de particulier le 16 juillet? - \u00c9glise Adventiste Du Septieme Jour - Inter Am\u00e9rique Division","isPartOf":{"@id":"https:\/\/interamerica.org\/fr\/#website"},"primaryImageOfPage":{"@id":"https:\/\/interamerica.org\/fr\/2020\/07\/quy-a-t-il-de-particulier-le-16-juillet\/#primaryimage"},"image":{"@id":"https:\/\/interamerica.org\/fr\/2020\/07\/quy-a-t-il-de-particulier-le-16-juillet\/#primaryimage"},"thumbnailUrl":"https:\/\/interamerica.org\/wp-content\/uploads\/2020\/07\/egw-anniversary-1280.jpg","datePublished":"2020-07-17T03:30:49+00:00","dateModified":"2020-07-17T11:51:39+00:00","author":{"@id":"https:\/\/interamerica.org\/fr\/#\/schema\/person\/29998f2bc2d8bd0d38662909289b54f1"},"breadcrumb":{"@id":"https:\/\/interamerica.org\/fr\/2020\/07\/quy-a-t-il-de-particulier-le-16-juillet\/#breadcrumb"},"inLanguage":"fr-FR","potentialAction":[{"@type":"ReadAction","target":["https:\/\/interamerica.org\/fr\/2020\/07\/quy-a-t-il-de-particulier-le-16-juillet\/"]}]},{"@type":"ImageObject","inLanguage":"fr-FR","@id":"https:\/\/interamerica.org\/fr\/2020\/07\/quy-a-t-il-de-particulier-le-16-juillet\/#primaryimage","url":"https:\/\/interamerica.org\/wp-content\/uploads\/2020\/07\/egw-anniversary-1280.jpg","contentUrl":"https:\/\/interamerica.org\/wp-content\/uploads\/2020\/07\/egw-anniversary-1280.jpg","width":1280,"height":800,"caption":"Photo Composite\u00a0: Adventist Review Ministries\/Ellen G. White Estate."},{"@type":"BreadcrumbList","@id":"https:\/\/interamerica.org\/fr\/2020\/07\/quy-a-t-il-de-particulier-le-16-juillet\/#breadcrumb","itemListElement":[{"@type":"ListItem","position":1,"name":"Home","item":"https:\/\/interamerica.org\/fr\/"},{"@type":"ListItem","position":2,"name":"Qu\u2019y a-t-il de particulier le 16 juillet?"}]},{"@type":"WebSite","@id":"https:\/\/interamerica.org\/fr\/#website","url":"https:\/\/interamerica.org\/fr\/","name":"\u00c9glise Adventiste Du Septieme Jour - Inter Am\u00e9rique Division","description":"","potentialAction":[{"@type":"SearchAction","target":{"@type":"EntryPoint","urlTemplate":"https:\/\/interamerica.org\/fr\/?s={search_term_string}"},"query-input":{"@type":"PropertyValueSpecification","valueRequired":true,"valueName":"search_term_string"}}],"inLanguage":"fr-FR"},{"@type":"Person","@id":"https:\/\/interamerica.org\/fr\/#\/schema\/person\/29998f2bc2d8bd0d38662909289b54f1","name":"libna","image":{"@type":"ImageObject","inLanguage":"fr-FR","@id":"https:\/\/secure.gravatar.com\/avatar\/7c5bd30ae4b47a9ba3c856590957fd1d96dc588bf3ac05719d247e126840331f?s=96&d=mm&r=g","url":"https:\/\/secure.gravatar.com\/avatar\/7c5bd30ae4b47a9ba3c856590957fd1d96dc588bf3ac05719d247e126840331f?s=96&d=mm&r=g","contentUrl":"https:\/\/secure.gravatar.com\/avatar\/7c5bd30ae4b47a9ba3c856590957fd1d96dc588bf3ac05719d247e126840331f?s=96&d=mm&r=g","caption":"libna"}}]}},"_links":{"self":[{"href":"https:\/\/interamerica.org\/fr\/wp-json\/wp\/v2\/posts\/60690","targetHints":{"allow":["GET"]}}],"collection":[{"href":"https:\/\/interamerica.org\/fr\/wp-json\/wp\/v2\/posts"}],"about":[{"href":"https:\/\/interamerica.org\/fr\/wp-json\/wp\/v2\/types\/post"}],"author":[{"embeddable":true,"href":"https:\/\/interamerica.org\/fr\/wp-json\/wp\/v2\/users\/3"}],"replies":[{"embeddable":true,"href":"https:\/\/interamerica.org\/fr\/wp-json\/wp\/v2\/comments?post=60690"}],"version-history":[{"count":0,"href":"https:\/\/interamerica.org\/fr\/wp-json\/wp\/v2\/posts\/60690\/revisions"}],"wp:featuredmedia":[{"embeddable":true,"href":"https:\/\/interamerica.org\/fr\/wp-json\/wp\/v2\/media\/60664"}],"wp:attachment":[{"href":"https:\/\/interamerica.org\/fr\/wp-json\/wp\/v2\/media?parent=60690"}],"wp:term":[{"taxonomy":"category","embeddable":true,"href":"https:\/\/interamerica.org\/fr\/wp-json\/wp\/v2\/categories?post=60690"},{"taxonomy":"post_tag","embeddable":true,"href":"https:\/\/interamerica.org\/fr\/wp-json\/wp\/v2\/tags?post=60690"}],"curies":[{"name":"wp","href":"https:\/\/api.w.org\/{rel}","templated":true}]}}