{"id":60858,"date":"2020-07-22T12:10:26","date_gmt":"2020-07-22T16:10:26","guid":{"rendered":"https:\/\/recursing-golick.147-182-135-0.plesk.page\/?p=60858"},"modified":"2020-07-30T09:55:23","modified_gmt":"2020-07-30T13:55:23","slug":"cinq-conseils-pour-aider-les-enfants-a-sadapter-au-port-du-masque","status":"publish","type":"post","link":"https:\/\/interamerica.org\/fr\/2020\/07\/cinq-conseils-pour-aider-les-enfants-a-sadapter-au-port-du-masque\/","title":{"rendered":"Cinq conseils pour aider les enfants \u00e0 s\u2019adapter au port du masque"},"content":{"rendered":"<p><span class=\"byline-news\"><span lang=\"FR-CA\">Le 21 juillet 2020 | Loma Linda, Californie, \u00c9tats-Unis | Sheann Brandon du d\u00e9partement de nouvelles du Loma Linda University Health<\/span><\/span><\/p>\n<p><span class=\"cap\"><span lang=\"FR-CA\">Les enfants vivent de nombreux changements avec la pand\u00e9mie de COVID-19, allant de l\u2019incertitude scolaire \u00e0 l\u2019impossibilit\u00e9 de voir leurs amis. C\u2019est pourquoi l\u2019\u00e9quipe de p\u00e9diatrie du centre m\u00e9dical de l\u2019Universit\u00e9 de Loma Linda (<i>Loma Linda University Health<\/i>), dans l\u2019\u00c9tat am\u00e9ricain de la Californie, d\u00e9sire aider les parents aux prises avec le d\u00e9fi de masquer leurs enfants.<\/span><\/span><\/p>\n<p><span class=\"cap\"><span lang=\"FR-CA\">Les Centres am\u00e9ricains pour le contr\u00f4le et la pr\u00e9vention des maladies (CDC pour <i>United States Centers for Disease Control and Prevention<\/i>) recommandent actuellement le port du couvre-visages en tissu dans les lieux publics et en pr\u00e9sence de personnes qui vivent dans une autre maison. Et cette recommandation du port du masque en tissu s\u2019applique aussi aux enfants de deux ans et plus.<\/span><\/span><\/p>\n<p><span class=\"cap\"><span lang=\"FR-CA\">Les sp\u00e9cialistes de l\u2019enfance des <i>Children\u2019s Hospital Child Life Services<\/i> sont des experts dans la minimisation de la peur et du stress v\u00e9cu par les enfants, les adolescents et les familles durant l\u2019hospitalisation. La sp\u00e9cialiste Jamie Jones offre aux parents quelques conseils faciles \u00e0 suivre pour aider leurs enfants \u00e0 s\u2019adapter au port du masque.<\/span><\/span><\/p>\n<p><strong><span lang=\"FR-CA\">1. Normalisez le port du masque.<\/span><\/strong><\/p>\n<p><span lang=\"FR-CA\">Mme\u00a0Jones explique que les enfants apprennent souvent par l\u2019exemple. Elle encourage donc les parents \u00e0 introduire et \u00e0 normaliser le masque en les laissant voir leurs parents le porter constamment.<\/span><\/p>\n<p><strong><span lang=\"FR-CA\">2. Rendez-le amusant.<\/span><\/strong><\/p>\n<p><span lang=\"FR-CA\">Pr\u00e9sentez-leur le masque par le jeu en le pla\u00e7ant sur leurs animaux en peluche ou leurs poup\u00e9es. D\u00e9corez un masque avec des autocollants ou laissez les enfants choisir leur masque, qu\u2019il arbore leur superh\u00e9ros ou personnage de bande dessin\u00e9e favori.<\/span><\/p>\n<p><strong><span lang=\"FR-CA\">3. Expliquez pourquoi.<\/span><\/strong><b><\/b><\/p>\n<p><span lang=\"FR-CA\">Certains enfants voudront savoir pourquoi ils doivent porter un masque. Tentez de leur expliquer la n\u00e9cessit\u00e9 du masque dans un langage positif et facile \u00e0 comprendre. Elle sugg\u00e8re une explication simple du fait que le masque bloque la propagation des germes. Soyez pr\u00eats \u00e0 r\u00e9pondre \u00e0 leurs questions.<\/span><\/p>\n<p><strong><span lang=\"FR-CA\">4. Validez leurs sentiments.<\/span><\/strong><\/p>\n<p><span lang=\"FR-CA\">Si votre enfant exprime de la frustration en portant le masque, validez et reconnaissez leurs sentiments, mais rappelez-lui la n\u00e9cessit\u00e9 de porter un masque durant la pand\u00e9mie.<\/span><\/p>\n<p><strong><span lang=\"FR-CA\">5. C\u2019est en s\u2019exer\u00e7ant qu\u2019on s\u2019am\u00e9liore!<\/span><\/strong><\/p>\n<p><span lang=\"FR-CA\">Tout comme vous devez rappeler \u00e0 vos enfants de se laver les mains, rappelez-leur doucement l\u2019importance de porter un masque, et exercez-vous \u00e0 le mettre et \u00e0 l\u2019ajuster correctement avant de quitter la maison.<\/span><\/p>\n<p><span lang=\"FR-CA\">Bien qu\u2019il puisse leur prendre un certain temps \u00e0 s\u2019ajuster au port du masque, Mme\u00a0Jones encourage les parents \u00e0 rester patients tout en le pratiquant constamment avec leurs enfants. Selon elle, l\u2019encouragement positif fera toute la diff\u00e9rence.<\/span><\/p>\n<p><em><span lang=\"FR-CA\">La<\/span><\/em><em><span lang=\"FR-CA\"> <a href=\"https:\/\/news.llu.edu\/health-wellness\/five-tips-help-your-child-adapt-wearing-mask\"><i>version originale<\/i><\/a><\/span><\/em><em><span lang=\"FR-CA\"> de cet article a \u00e9t\u00e9 publi\u00e9e sur le<\/span><\/em><em><span lang=\"FR-CA\"> <a href=\"https:\/\/news.llu.edu\/\"><i>site de nouvelles<\/i><\/a><\/span><\/em><em><span lang=\"FR-CA\"> du Loma Linda University Health. <\/span><\/em><\/p>\n<p>Traduction : Marie-Mich\u00e8le Robitaille<\/p>\n","protected":false},"excerpt":{"rendered":"<p>Le 21 juillet 2020 | Loma Linda, Californie, \u00c9tats-Unis | Sheann Brandon du d\u00e9partement de nouvelles du Loma Linda University Health Les enfants vivent de nombreux changements avec la pand\u00e9mie&#8230;<\/p>\n","protected":false},"author":3,"featured_media":60845,"comment_status":"closed","ping_status":"closed","sticky":false,"template":"","format":"standard","meta":{"_acf_changed":false,"footnotes":""},"categories":[18,19],"tags":[],"class_list":["post-60858","post","type-post","status-publish","format-standard","has-post-thumbnail","hentry","category-nouvelles-de-leglise-mondiale","category-rss-francais"],"acf":[],"yoast_head":"<!-- This site is optimized with the Yoast SEO plugin v27.3 - https:\/\/yoast.com\/product\/yoast-seo-wordpress\/ -->\n<title>Cinq conseils pour aider les enfants \u00e0 s\u2019adapter au port du masque - \u00c9glise Adventiste Du Septieme Jour - Inter Am\u00e9rique Division<\/title>\n<meta name=\"robots\" content=\"index, follow, max-snippet:-1, max-image-preview:large, max-video-preview:-1\" \/>\n<link rel=\"canonical\" href=\"https:\/\/interamerica.org\/fr\/2020\/07\/cinq-conseils-pour-aider-les-enfants-a-sadapter-au-port-du-masque\/\" \/>\n<meta property=\"og:locale\" content=\"fr_FR\" \/>\n<meta property=\"og:type\" content=\"article\" \/>\n<meta property=\"og:title\" content=\"Cinq conseils pour aider les enfants \u00e0 s\u2019adapter au port du masque - \u00c9glise Adventiste Du Septieme Jour - Inter Am\u00e9rique Division\" \/>\n<meta property=\"og:description\" content=\"Le 21 juillet 2020 | Loma Linda, Californie, \u00c9tats-Unis | Sheann Brandon du d\u00e9partement de nouvelles du Loma Linda University Health Les enfants vivent de nombreux changements avec la pand\u00e9mie...\" \/>\n<meta property=\"og:url\" content=\"https:\/\/interamerica.org\/fr\/2020\/07\/cinq-conseils-pour-aider-les-enfants-a-sadapter-au-port-du-masque\/\" \/>\n<meta property=\"og:site_name\" content=\"\u00c9glise Adventiste Du Septieme Jour - Inter Am\u00e9rique Division\" \/>\n<meta property=\"article:published_time\" content=\"2020-07-22T16:10:26+00:00\" \/>\n<meta property=\"article:modified_time\" content=\"2020-07-30T13:55:23+00:00\" \/>\n<meta property=\"og:image\" content=\"https:\/\/interamerica.org\/wp-content\/uploads\/2020\/07\/kids-facemask-sharon-mccutcheon-bedh-pxxz0c-unsplash.jpg\" \/>\n\t<meta property=\"og:image:width\" content=\"1280\" \/>\n\t<meta property=\"og:image:height\" content=\"800\" \/>\n\t<meta property=\"og:image:type\" content=\"image\/jpeg\" \/>\n<meta name=\"author\" content=\"libna\" \/>\n<meta name=\"twitter:card\" content=\"summary_large_image\" \/>\n<meta name=\"twitter:label1\" content=\"\u00c9crit par\" \/>\n\t<meta name=\"twitter:data1\" content=\"libna\" \/>\n\t<meta name=\"twitter:label2\" content=\"Dur\u00e9e de lecture estim\u00e9e\" \/>\n\t<meta name=\"twitter:data2\" content=\"2 minutes\" \/>\n<script type=\"application\/ld+json\" class=\"yoast-schema-graph\">{\"@context\":\"https:\\\/\\\/schema.org\",\"@graph\":[{\"@type\":\"Article\",\"@id\":\"https:\\\/\\\/interamerica.org\\\/fr\\\/2020\\\/07\\\/cinq-conseils-pour-aider-les-enfants-a-sadapter-au-port-du-masque\\\/#article\",\"isPartOf\":{\"@id\":\"https:\\\/\\\/interamerica.org\\\/fr\\\/2020\\\/07\\\/cinq-conseils-pour-aider-les-enfants-a-sadapter-au-port-du-masque\\\/\"},\"author\":{\"name\":\"libna\",\"@id\":\"https:\\\/\\\/interamerica.org\\\/fr\\\/#\\\/schema\\\/person\\\/29998f2bc2d8bd0d38662909289b54f1\"},\"headline\":\"Cinq conseils pour aider les enfants \u00e0 s\u2019adapter au port du masque\",\"datePublished\":\"2020-07-22T16:10:26+00:00\",\"dateModified\":\"2020-07-30T13:55:23+00:00\",\"mainEntityOfPage\":{\"@id\":\"https:\\\/\\\/interamerica.org\\\/fr\\\/2020\\\/07\\\/cinq-conseils-pour-aider-les-enfants-a-sadapter-au-port-du-masque\\\/\"},\"wordCount\":500,\"image\":{\"@id\":\"https:\\\/\\\/interamerica.org\\\/fr\\\/2020\\\/07\\\/cinq-conseils-pour-aider-les-enfants-a-sadapter-au-port-du-masque\\\/#primaryimage\"},\"thumbnailUrl\":\"https:\\\/\\\/interamerica.org\\\/wp-content\\\/uploads\\\/2020\\\/07\\\/kids-facemask-sharon-mccutcheon-bedh-pxxz0c-unsplash.jpg\",\"articleSection\":[\"Nouvelles de l'\u00c9glise mondiale\",\"RSS Fran\u00e7ais\"],\"inLanguage\":\"fr-FR\"},{\"@type\":\"WebPage\",\"@id\":\"https:\\\/\\\/interamerica.org\\\/fr\\\/2020\\\/07\\\/cinq-conseils-pour-aider-les-enfants-a-sadapter-au-port-du-masque\\\/\",\"url\":\"https:\\\/\\\/interamerica.org\\\/fr\\\/2020\\\/07\\\/cinq-conseils-pour-aider-les-enfants-a-sadapter-au-port-du-masque\\\/\",\"name\":\"Cinq conseils pour aider les enfants \u00e0 s\u2019adapter au port du masque - \u00c9glise Adventiste Du Septieme Jour - Inter Am\u00e9rique Division\",\"isPartOf\":{\"@id\":\"https:\\\/\\\/interamerica.org\\\/fr\\\/#website\"},\"primaryImageOfPage\":{\"@id\":\"https:\\\/\\\/interamerica.org\\\/fr\\\/2020\\\/07\\\/cinq-conseils-pour-aider-les-enfants-a-sadapter-au-port-du-masque\\\/#primaryimage\"},\"image\":{\"@id\":\"https:\\\/\\\/interamerica.org\\\/fr\\\/2020\\\/07\\\/cinq-conseils-pour-aider-les-enfants-a-sadapter-au-port-du-masque\\\/#primaryimage\"},\"thumbnailUrl\":\"https:\\\/\\\/interamerica.org\\\/wp-content\\\/uploads\\\/2020\\\/07\\\/kids-facemask-sharon-mccutcheon-bedh-pxxz0c-unsplash.jpg\",\"datePublished\":\"2020-07-22T16:10:26+00:00\",\"dateModified\":\"2020-07-30T13:55:23+00:00\",\"author\":{\"@id\":\"https:\\\/\\\/interamerica.org\\\/fr\\\/#\\\/schema\\\/person\\\/29998f2bc2d8bd0d38662909289b54f1\"},\"breadcrumb\":{\"@id\":\"https:\\\/\\\/interamerica.org\\\/fr\\\/2020\\\/07\\\/cinq-conseils-pour-aider-les-enfants-a-sadapter-au-port-du-masque\\\/#breadcrumb\"},\"inLanguage\":\"fr-FR\",\"potentialAction\":[{\"@type\":\"ReadAction\",\"target\":[\"https:\\\/\\\/interamerica.org\\\/fr\\\/2020\\\/07\\\/cinq-conseils-pour-aider-les-enfants-a-sadapter-au-port-du-masque\\\/\"]}]},{\"@type\":\"ImageObject\",\"inLanguage\":\"fr-FR\",\"@id\":\"https:\\\/\\\/interamerica.org\\\/fr\\\/2020\\\/07\\\/cinq-conseils-pour-aider-les-enfants-a-sadapter-au-port-du-masque\\\/#primaryimage\",\"url\":\"https:\\\/\\\/interamerica.org\\\/wp-content\\\/uploads\\\/2020\\\/07\\\/kids-facemask-sharon-mccutcheon-bedh-pxxz0c-unsplash.jpg\",\"contentUrl\":\"https:\\\/\\\/interamerica.org\\\/wp-content\\\/uploads\\\/2020\\\/07\\\/kids-facemask-sharon-mccutcheon-bedh-pxxz0c-unsplash.jpg\",\"width\":1280,\"height\":800},{\"@type\":\"BreadcrumbList\",\"@id\":\"https:\\\/\\\/interamerica.org\\\/fr\\\/2020\\\/07\\\/cinq-conseils-pour-aider-les-enfants-a-sadapter-au-port-du-masque\\\/#breadcrumb\",\"itemListElement\":[{\"@type\":\"ListItem\",\"position\":1,\"name\":\"Home\",\"item\":\"https:\\\/\\\/interamerica.org\\\/fr\\\/\"},{\"@type\":\"ListItem\",\"position\":2,\"name\":\"Cinq conseils pour aider les enfants \u00e0 s\u2019adapter au port du masque\"}]},{\"@type\":\"WebSite\",\"@id\":\"https:\\\/\\\/interamerica.org\\\/fr\\\/#website\",\"url\":\"https:\\\/\\\/interamerica.org\\\/fr\\\/\",\"name\":\"\u00c9glise Adventiste Du Septieme Jour - Inter Am\u00e9rique Division\",\"description\":\"\",\"potentialAction\":[{\"@type\":\"SearchAction\",\"target\":{\"@type\":\"EntryPoint\",\"urlTemplate\":\"https:\\\/\\\/interamerica.org\\\/fr\\\/?s={search_term_string}\"},\"query-input\":{\"@type\":\"PropertyValueSpecification\",\"valueRequired\":true,\"valueName\":\"search_term_string\"}}],\"inLanguage\":\"fr-FR\"},{\"@type\":\"Person\",\"@id\":\"https:\\\/\\\/interamerica.org\\\/fr\\\/#\\\/schema\\\/person\\\/29998f2bc2d8bd0d38662909289b54f1\",\"name\":\"libna\",\"image\":{\"@type\":\"ImageObject\",\"inLanguage\":\"fr-FR\",\"@id\":\"https:\\\/\\\/secure.gravatar.com\\\/avatar\\\/7c5bd30ae4b47a9ba3c856590957fd1d96dc588bf3ac05719d247e126840331f?s=96&d=mm&r=g\",\"url\":\"https:\\\/\\\/secure.gravatar.com\\\/avatar\\\/7c5bd30ae4b47a9ba3c856590957fd1d96dc588bf3ac05719d247e126840331f?s=96&d=mm&r=g\",\"contentUrl\":\"https:\\\/\\\/secure.gravatar.com\\\/avatar\\\/7c5bd30ae4b47a9ba3c856590957fd1d96dc588bf3ac05719d247e126840331f?s=96&d=mm&r=g\",\"caption\":\"libna\"}}]}<\/script>\n<!-- \/ Yoast SEO plugin. -->","yoast_head_json":{"title":"Cinq conseils pour aider les enfants \u00e0 s\u2019adapter au port du masque - \u00c9glise Adventiste Du Septieme Jour - Inter Am\u00e9rique Division","robots":{"index":"index","follow":"follow","max-snippet":"max-snippet:-1","max-image-preview":"max-image-preview:large","max-video-preview":"max-video-preview:-1"},"canonical":"https:\/\/interamerica.org\/fr\/2020\/07\/cinq-conseils-pour-aider-les-enfants-a-sadapter-au-port-du-masque\/","og_locale":"fr_FR","og_type":"article","og_title":"Cinq conseils pour aider les enfants \u00e0 s\u2019adapter au port du masque - \u00c9glise Adventiste Du Septieme Jour - Inter Am\u00e9rique Division","og_description":"Le 21 juillet 2020 | Loma Linda, Californie, \u00c9tats-Unis | Sheann Brandon du d\u00e9partement de nouvelles du Loma Linda University Health Les enfants vivent de nombreux changements avec la pand\u00e9mie...","og_url":"https:\/\/interamerica.org\/fr\/2020\/07\/cinq-conseils-pour-aider-les-enfants-a-sadapter-au-port-du-masque\/","og_site_name":"\u00c9glise Adventiste Du Septieme Jour - Inter Am\u00e9rique Division","article_published_time":"2020-07-22T16:10:26+00:00","article_modified_time":"2020-07-30T13:55:23+00:00","og_image":[{"width":1280,"height":800,"url":"https:\/\/interamerica.org\/wp-content\/uploads\/2020\/07\/kids-facemask-sharon-mccutcheon-bedh-pxxz0c-unsplash.jpg","type":"image\/jpeg"}],"author":"libna","twitter_card":"summary_large_image","twitter_misc":{"\u00c9crit par":"libna","Dur\u00e9e de lecture estim\u00e9e":"2 minutes"},"schema":{"@context":"https:\/\/schema.org","@graph":[{"@type":"Article","@id":"https:\/\/interamerica.org\/fr\/2020\/07\/cinq-conseils-pour-aider-les-enfants-a-sadapter-au-port-du-masque\/#article","isPartOf":{"@id":"https:\/\/interamerica.org\/fr\/2020\/07\/cinq-conseils-pour-aider-les-enfants-a-sadapter-au-port-du-masque\/"},"author":{"name":"libna","@id":"https:\/\/interamerica.org\/fr\/#\/schema\/person\/29998f2bc2d8bd0d38662909289b54f1"},"headline":"Cinq conseils pour aider les enfants \u00e0 s\u2019adapter au port du masque","datePublished":"2020-07-22T16:10:26+00:00","dateModified":"2020-07-30T13:55:23+00:00","mainEntityOfPage":{"@id":"https:\/\/interamerica.org\/fr\/2020\/07\/cinq-conseils-pour-aider-les-enfants-a-sadapter-au-port-du-masque\/"},"wordCount":500,"image":{"@id":"https:\/\/interamerica.org\/fr\/2020\/07\/cinq-conseils-pour-aider-les-enfants-a-sadapter-au-port-du-masque\/#primaryimage"},"thumbnailUrl":"https:\/\/interamerica.org\/wp-content\/uploads\/2020\/07\/kids-facemask-sharon-mccutcheon-bedh-pxxz0c-unsplash.jpg","articleSection":["Nouvelles de l'\u00c9glise mondiale","RSS Fran\u00e7ais"],"inLanguage":"fr-FR"},{"@type":"WebPage","@id":"https:\/\/interamerica.org\/fr\/2020\/07\/cinq-conseils-pour-aider-les-enfants-a-sadapter-au-port-du-masque\/","url":"https:\/\/interamerica.org\/fr\/2020\/07\/cinq-conseils-pour-aider-les-enfants-a-sadapter-au-port-du-masque\/","name":"Cinq conseils pour aider les enfants \u00e0 s\u2019adapter au port du masque - \u00c9glise Adventiste Du Septieme Jour - Inter Am\u00e9rique Division","isPartOf":{"@id":"https:\/\/interamerica.org\/fr\/#website"},"primaryImageOfPage":{"@id":"https:\/\/interamerica.org\/fr\/2020\/07\/cinq-conseils-pour-aider-les-enfants-a-sadapter-au-port-du-masque\/#primaryimage"},"image":{"@id":"https:\/\/interamerica.org\/fr\/2020\/07\/cinq-conseils-pour-aider-les-enfants-a-sadapter-au-port-du-masque\/#primaryimage"},"thumbnailUrl":"https:\/\/interamerica.org\/wp-content\/uploads\/2020\/07\/kids-facemask-sharon-mccutcheon-bedh-pxxz0c-unsplash.jpg","datePublished":"2020-07-22T16:10:26+00:00","dateModified":"2020-07-30T13:55:23+00:00","author":{"@id":"https:\/\/interamerica.org\/fr\/#\/schema\/person\/29998f2bc2d8bd0d38662909289b54f1"},"breadcrumb":{"@id":"https:\/\/interamerica.org\/fr\/2020\/07\/cinq-conseils-pour-aider-les-enfants-a-sadapter-au-port-du-masque\/#breadcrumb"},"inLanguage":"fr-FR","potentialAction":[{"@type":"ReadAction","target":["https:\/\/interamerica.org\/fr\/2020\/07\/cinq-conseils-pour-aider-les-enfants-a-sadapter-au-port-du-masque\/"]}]},{"@type":"ImageObject","inLanguage":"fr-FR","@id":"https:\/\/interamerica.org\/fr\/2020\/07\/cinq-conseils-pour-aider-les-enfants-a-sadapter-au-port-du-masque\/#primaryimage","url":"https:\/\/interamerica.org\/wp-content\/uploads\/2020\/07\/kids-facemask-sharon-mccutcheon-bedh-pxxz0c-unsplash.jpg","contentUrl":"https:\/\/interamerica.org\/wp-content\/uploads\/2020\/07\/kids-facemask-sharon-mccutcheon-bedh-pxxz0c-unsplash.jpg","width":1280,"height":800},{"@type":"BreadcrumbList","@id":"https:\/\/interamerica.org\/fr\/2020\/07\/cinq-conseils-pour-aider-les-enfants-a-sadapter-au-port-du-masque\/#breadcrumb","itemListElement":[{"@type":"ListItem","position":1,"name":"Home","item":"https:\/\/interamerica.org\/fr\/"},{"@type":"ListItem","position":2,"name":"Cinq conseils pour aider les enfants \u00e0 s\u2019adapter au port du masque"}]},{"@type":"WebSite","@id":"https:\/\/interamerica.org\/fr\/#website","url":"https:\/\/interamerica.org\/fr\/","name":"\u00c9glise Adventiste Du Septieme Jour - Inter Am\u00e9rique Division","description":"","potentialAction":[{"@type":"SearchAction","target":{"@type":"EntryPoint","urlTemplate":"https:\/\/interamerica.org\/fr\/?s={search_term_string}"},"query-input":{"@type":"PropertyValueSpecification","valueRequired":true,"valueName":"search_term_string"}}],"inLanguage":"fr-FR"},{"@type":"Person","@id":"https:\/\/interamerica.org\/fr\/#\/schema\/person\/29998f2bc2d8bd0d38662909289b54f1","name":"libna","image":{"@type":"ImageObject","inLanguage":"fr-FR","@id":"https:\/\/secure.gravatar.com\/avatar\/7c5bd30ae4b47a9ba3c856590957fd1d96dc588bf3ac05719d247e126840331f?s=96&d=mm&r=g","url":"https:\/\/secure.gravatar.com\/avatar\/7c5bd30ae4b47a9ba3c856590957fd1d96dc588bf3ac05719d247e126840331f?s=96&d=mm&r=g","contentUrl":"https:\/\/secure.gravatar.com\/avatar\/7c5bd30ae4b47a9ba3c856590957fd1d96dc588bf3ac05719d247e126840331f?s=96&d=mm&r=g","caption":"libna"}}]}},"_links":{"self":[{"href":"https:\/\/interamerica.org\/fr\/wp-json\/wp\/v2\/posts\/60858","targetHints":{"allow":["GET"]}}],"collection":[{"href":"https:\/\/interamerica.org\/fr\/wp-json\/wp\/v2\/posts"}],"about":[{"href":"https:\/\/interamerica.org\/fr\/wp-json\/wp\/v2\/types\/post"}],"author":[{"embeddable":true,"href":"https:\/\/interamerica.org\/fr\/wp-json\/wp\/v2\/users\/3"}],"replies":[{"embeddable":true,"href":"https:\/\/interamerica.org\/fr\/wp-json\/wp\/v2\/comments?post=60858"}],"version-history":[{"count":0,"href":"https:\/\/interamerica.org\/fr\/wp-json\/wp\/v2\/posts\/60858\/revisions"}],"wp:featuredmedia":[{"embeddable":true,"href":"https:\/\/interamerica.org\/fr\/wp-json\/wp\/v2\/media\/60845"}],"wp:attachment":[{"href":"https:\/\/interamerica.org\/fr\/wp-json\/wp\/v2\/media?parent=60858"}],"wp:term":[{"taxonomy":"category","embeddable":true,"href":"https:\/\/interamerica.org\/fr\/wp-json\/wp\/v2\/categories?post=60858"},{"taxonomy":"post_tag","embeddable":true,"href":"https:\/\/interamerica.org\/fr\/wp-json\/wp\/v2\/tags?post=60858"}],"curies":[{"name":"wp","href":"https:\/\/api.w.org\/{rel}","templated":true}]}}