{"id":61076,"date":"2020-07-28T16:19:13","date_gmt":"2020-07-28T20:19:13","guid":{"rendered":"https:\/\/recursing-golick.147-182-135-0.plesk.page\/?p=61076"},"modified":"2020-07-29T06:40:28","modified_gmt":"2020-07-29T10:40:28","slug":"en-inter-amerique-la-direction-continuera-a-travailler-a-distance-jusqua-nouvel-ordre","status":"publish","type":"post","link":"https:\/\/interamerica.org\/fr\/2020\/07\/en-inter-amerique-la-direction-continuera-a-travailler-a-distance-jusqua-nouvel-ordre\/","title":{"rendered":"En Inter Am\u00e9rique, la direction continuera \u00e0 travailler \u00e0 distance, jusqu\u2019\u00e0 nouvel ordre"},"content":{"rendered":"<p>28 Juillet 2020 | Miami, Floride, \u00c9tats-Unis | Libna Stevens, P\u00f4le Informations de la Division Inter Am\u00e9ricaine<\/p>\n<p>Alors que le nombre de cas de COVID-19 est en augmentation en Floride, les dirigeants de l\u2019\u00c9glise adventiste du septi\u00e8me jour au si\u00e8ge de la Division Inter Am\u00e9ricaine (DIA) qui se trouve \u00e0 Miami, ont d\u00e9cid\u00e9 de continuer \u00e0 travailler \u00e0 distance depuis leur domicile. \u00c0 ce jour, la Floride a signal\u00e9 plus de 433000 cas positifs au COVID-19 et pr\u00e8s de 6000 d\u00e9c\u00e8s.<\/p>\n<p>\u00ab Nous pensions, la derni\u00e8re fois que nous nous sommes retrouv\u00e9s au bureau le 16 mars, que notre bureau serait ferm\u00e9 pendant deux semaines, mais cela fait plus de quatre mois que nous sommes pass\u00e9s au t\u00e9l\u00e9travail, \u00bb a dit le pasteur Elie Henry, pr\u00e9sident de l\u2019\u00c9glise adventiste en Inter Am\u00e9rique lors d\u2019une rencontre par Zoom avec le personnel ce matin. \u00ab Il n\u2019est pas pr\u00e9vu que nous retournions au bureau [dans le b\u00e2timent] pour le moment. \u00bb Cela signifie que pour le mois d\u2019ao\u00fbt et le reste de l\u2019ann\u00e9e, tout d\u00e9pendra de la fa\u00e7on dont les choses changent ou \u00e9voluent, a-t-il d\u00e9clar\u00e9.<\/p>\n<p>Un comit\u00e9 sp\u00e9cial est en place depuis des semaines pour aider \u00e0 la transition vers le travail au bureau lorsque le moment du retour sera officiel, a-t-il indiqu\u00e9.<\/p>\n<p>Pasteur Henry a remerci\u00e9 les responsables de d\u00e9partement et les membres du personnel pour leur travail d\u00e9vou\u00e9 effectu\u00e9 pendant la \u00ab nouvelle r\u00e9alit\u00e9 \u00bb pour servir et diriger dans tout le territoire. \u00ab Vous avez pu vous adapter de plus en plus \u00e0 la situation \u00e0 laquelle nous sommes confront\u00e9s, lorsqu\u2019il fallait faire avancer la mission de l\u2019\u00e9glise avec les dirigeants dans le territoire. \u00bb<\/p>\n<p><div id=\"attachment_61016\" style=\"width: 830px\" class=\"wp-caption aligncenter\"><img fetchpriority=\"high\" decoding=\"async\" aria-describedby=\"caption-attachment-61016\" class=\"wp-image-61015\" src=\"https:\/\/recursing-golick.147-182-135-0.plesk.page\/wp-content\/uploads\/2020\/07\/elie-henry-july2020.jpg\" alt=\"\" width=\"820\" height=\"608\" srcset=\"https:\/\/interamerica.org\/wp-content\/uploads\/2020\/07\/elie-henry-july2020.jpg 900w, https:\/\/interamerica.org\/wp-content\/uploads\/2020\/07\/elie-henry-july2020-300x222.jpg 300w, https:\/\/interamerica.org\/wp-content\/uploads\/2020\/07\/elie-henry-july2020-768x569.jpg 768w\" sizes=\"(max-width: 820px) 100vw, 820px\" \/><p id=\"caption-attachment-61016\" class=\"wp-caption-text\">Le pr\u00e9sident de la Division Inter Am\u00e9ricaine, pasteur Elie Henry, intervient lors d\u2019une rencontre avec les administrateurs d\u2019union au d\u00e9but du mois. [Photo : Libna Stevens \/ DIA]<\/p><\/div>Jusqu\u2019ici, plus de 45 millions de minutes ou 751713 heures ont \u00e9t\u00e9 consacr\u00e9es \u00e0 des r\u00e9unions et des programmes par Zoom avec les comptes Zoom mondiaux de la DIA utilis\u00e9s dans tout le territoire, a indiqu\u00e9 le personnel technique.<\/p>\n<p>\u00ab Nous gardons confiance et continuons \u00e0 travailler ensemble avec une grande responsabilit\u00e9, en gardant l\u2019avenir en vue, en marchant ensemble pour consolider et aider le territoire \u00e0 continuer d\u2019\u00eatre fort, \u00bb a d\u00e9clar\u00e9 pasteur Henry.<\/p>\n<p>Le personnel a re\u00e7u des informations du tr\u00e9sorier de la DIA, Filiberto Verduzco, au sujet de certains ajustements au budget financier qui seront faits pendant le reste de l\u2019ann\u00e9e, et des projections pour l\u2019ann\u00e9e \u00e0 venir, <a href=\"https:\/\/recursing-golick.147-182-135-0.plesk.page\/fr\/2020\/07\/leglise-adventiste-en-inter-amerique-fait-des-ajustements-pour-contrer-la-baisse-des-revenus-pendant-la-pandemie\/\">comme il l\u2019avait indiqu\u00e9 pr\u00e9c\u00e9demment<\/a>.<\/p>\n<p>Il y a des difficult\u00e9s \u00e0 maintenir les ajustements budg\u00e9taires pour le fonctionnement au niveau de la division, a d\u00e9clar\u00e9 pasteur Henry. \u00ab Nous ne sommes pas assis \u00e0 Miami sur une montagne d\u2019or. Nous n\u2019avons pas de ressources qui s\u2019accumulent, mais ce que nous avons, nous sommes d\u00e9termin\u00e9s \u00e0 l\u2019utiliser pour l\u2019avancement de la mission de l\u2019\u00e9glise.<\/p>\n<p>Pasteur Henry a d\u00e9clar\u00e9 qu\u2019il devrait y avoir des ajustements au niveau du personnel pour commencer \u00e0 \u00e9tablir le budget pour 2021, 2022 et le reste de la p\u00e9riode de cinq ans. \u00ab Pour nous, le quinquennat a commenc\u00e9 maintenant, comme si nous venions de terminer la Session de la Conf\u00e9rence G\u00e9n\u00e9rale \u00e0 Indianapolis, \u00bb a-t-il d\u00e9clar\u00e9. \u00ab Nous n\u2019apportons pas de changements drastiques pour 2020, mais nous nous concentrons davantage sur l\u2019ann\u00e9e prochaine et au-del\u00e0. \u00bb<\/p>\n<p>Le pasteur Henry a fait r\u00e9f\u00e9rence \u00e0 plusieurs dirigeants et de membres du personnel qui avaient pr\u00e9vu de prendre leur retraite au moment de la Session de la Conf\u00e9rence G\u00e9n\u00e9rale qui \u00e9tait pr\u00e9vue \u00e0 Indianapolis, dans l\u2019Indiana, et qui a \u00e9t\u00e9 report\u00e9e \u00e0 l\u2019ann\u00e9e prochaine en raison de la pand\u00e9mie. \u00ab Nous voulons inviter ceux qui avaient pr\u00e9vu de prendre leur retraite et ceux qui sont pr\u00eats pour la retraite \u00e0 venir nous voir avant la fin de l\u2019ann\u00e9e, \u00bb a dit pasteur Henry.<\/p>\n<p>De la m\u00eame mani\u00e8re, les administrateurs de la DIA prendront le temps avec les ressources humaines d\u2019examiner la r\u00e9partition des t\u00e2ches parmi le personnel du bureau, a indiqu\u00e9 pasteur Henry. \u00ab Nous n\u2019attendons pas le mois de mai 2021, date \u00e0 laquelle la prochaine Session de la Conf\u00e9rence G\u00e9n\u00e9rale est pr\u00e9vue pour effectuer les changements n\u00e9cessaires que nous devons entreprendre, \u00bb a-t-il d\u00e9clar\u00e9.<\/p>\n<p>Les plans n\u2019incluent pas l\u2019augmentation du personnel \u00e9lu \u00e0 Miami, d\u2019apr\u00e8s ce qu\u2019a indiqu\u00e9 pasteur Henry. \u00ab Au contraire, nous tenterons de garder l\u2019\u00e9quipe plus all\u00e9g\u00e9e \u00e0 Miami car la technologie nous apprend qu\u2019il y a beaucoup d\u2019autres choses qu\u2019il est possible de faire alors que nous r\u00e9duisons les co\u00fbts afin d\u2019aller de l\u2019avant dans la r\u00e9alisation de nos responsabilit\u00e9s. \u00bb<\/p>\n<p>Pasteur Henry a invit\u00e9 les dirigeants et le personnel \u00e0 continuer de prier davantage pour le progr\u00e8s de l\u2019\u00e9glise dans toute la DIA, et pour les membres, dont beaucoup ont perdu leur emploi, pour ceux qui sont malades et les familles de ceux qui ont perdu un \u00eatre cher \u00e0 cause du COVID- 19.<\/p>\n<p>Le Comit\u00e9 Administratif a vot\u00e9 de mettre en place un comit\u00e9 de pri\u00e8re charg\u00e9 de d\u2019exercer un leadership dans l\u2019environnement spirituel du territoire de la Division Inter Am\u00e9ricaine. Le but est de concevoir et de mettre en \u0153uvre des initiatives de pri\u00e8re avec pour objectif de maintenir un mouvement de pri\u00e8re d\u2019intercession dans tous les niveaux de l\u2019\u00e9glise.<\/p>\n<p>\u00ab Nous devons continuer \u00e0 prier et \u00e0 pr\u00e9parer les autres \u00e0 donner leur vie \u00e0 Christ, \u00bb a d\u00e9clar\u00e9 le pasteur Henry. \u00ab Nous devons continuer \u00e0 naviguer dans cette r\u00e9alit\u00e9 et continuer \u00e0 \u00eatre transparents en tant qu\u2019\u00e9glise et \u00e0 nous adapter \u00e0 la proclamation de l\u2019\u00e9vangile par tous les moyens.<\/p>\n<p>Pour en savoir plus sur la Division Inter Am\u00e9ricaine, son territoire, ses initiatives, ses activit\u00e9s et ses ressources, visitez le site<br \/>\n<a href=\"https:\/\/recursing-golick.147-182-135-0.plesk.page\/\">interamerica.org<\/a><\/p>\n<p>Traduction: Patrick Luciathe<\/p>\n","protected":false},"excerpt":{"rendered":"<p>28 Juillet 2020 | Miami, Floride, \u00c9tats-Unis | Libna Stevens, P\u00f4le Informations de la Division Inter Am\u00e9ricaine Alors que le nombre de cas de COVID-19 est en augmentation en Floride,&#8230;<\/p>\n","protected":false},"author":3,"featured_media":61011,"comment_status":"closed","ping_status":"closed","sticky":false,"template":"","format":"standard","meta":{"_acf_changed":false,"footnotes":""},"categories":[20,19],"tags":[],"class_list":["post-61076","post","type-post","status-publish","format-standard","has-post-thumbnail","hentry","category-nouvelles-du-siege-de-la-division","category-rss-francais"],"acf":[],"yoast_head":"<!-- This site is optimized with the Yoast SEO plugin v27.3 - https:\/\/yoast.com\/product\/yoast-seo-wordpress\/ -->\n<title>En Inter Am\u00e9rique, la direction continuera \u00e0 travailler \u00e0 distance, jusqu\u2019\u00e0 nouvel ordre - \u00c9glise Adventiste Du Septieme Jour - Inter Am\u00e9rique Division<\/title>\n<meta name=\"robots\" content=\"index, follow, max-snippet:-1, max-image-preview:large, max-video-preview:-1\" \/>\n<link rel=\"canonical\" href=\"https:\/\/interamerica.org\/fr\/2020\/07\/en-inter-amerique-la-direction-continuera-a-travailler-a-distance-jusqua-nouvel-ordre\/\" \/>\n<meta property=\"og:locale\" content=\"fr_FR\" \/>\n<meta property=\"og:type\" content=\"article\" \/>\n<meta property=\"og:title\" content=\"En Inter Am\u00e9rique, la direction continuera \u00e0 travailler \u00e0 distance, jusqu\u2019\u00e0 nouvel ordre - \u00c9glise Adventiste Du Septieme Jour - Inter Am\u00e9rique Division\" \/>\n<meta property=\"og:description\" content=\"28 Juillet 2020 | Miami, Floride, \u00c9tats-Unis | Libna Stevens, P\u00f4le Informations de la Division Inter Am\u00e9ricaine Alors que le nombre de cas de COVID-19 est en augmentation en Floride,...\" \/>\n<meta property=\"og:url\" content=\"https:\/\/interamerica.org\/fr\/2020\/07\/en-inter-amerique-la-direction-continuera-a-travailler-a-distance-jusqua-nouvel-ordre\/\" \/>\n<meta property=\"og:site_name\" content=\"\u00c9glise Adventiste Du Septieme Jour - Inter Am\u00e9rique Division\" \/>\n<meta property=\"article:published_time\" content=\"2020-07-28T20:19:13+00:00\" \/>\n<meta property=\"article:modified_time\" content=\"2020-07-29T10:40:28+00:00\" \/>\n<meta property=\"og:image\" content=\"https:\/\/interamerica.org\/wp-content\/uploads\/2020\/07\/iad-front-entrance2020.jpg\" \/>\n\t<meta property=\"og:image:width\" content=\"1280\" \/>\n\t<meta property=\"og:image:height\" content=\"800\" \/>\n\t<meta property=\"og:image:type\" content=\"image\/jpeg\" \/>\n<meta name=\"author\" content=\"libna\" \/>\n<meta name=\"twitter:card\" content=\"summary_large_image\" \/>\n<meta name=\"twitter:label1\" content=\"\u00c9crit par\" \/>\n\t<meta name=\"twitter:data1\" content=\"libna\" \/>\n\t<meta name=\"twitter:label2\" content=\"Dur\u00e9e de lecture estim\u00e9e\" \/>\n\t<meta name=\"twitter:data2\" content=\"5 minutes\" \/>\n<script type=\"application\/ld+json\" class=\"yoast-schema-graph\">{\"@context\":\"https:\\\/\\\/schema.org\",\"@graph\":[{\"@type\":\"Article\",\"@id\":\"https:\\\/\\\/interamerica.org\\\/fr\\\/2020\\\/07\\\/en-inter-amerique-la-direction-continuera-a-travailler-a-distance-jusqua-nouvel-ordre\\\/#article\",\"isPartOf\":{\"@id\":\"https:\\\/\\\/interamerica.org\\\/fr\\\/2020\\\/07\\\/en-inter-amerique-la-direction-continuera-a-travailler-a-distance-jusqua-nouvel-ordre\\\/\"},\"author\":{\"name\":\"libna\",\"@id\":\"https:\\\/\\\/interamerica.org\\\/fr\\\/#\\\/schema\\\/person\\\/29998f2bc2d8bd0d38662909289b54f1\"},\"headline\":\"En Inter Am\u00e9rique, la direction continuera \u00e0 travailler \u00e0 distance, jusqu\u2019\u00e0 nouvel ordre\",\"datePublished\":\"2020-07-28T20:19:13+00:00\",\"dateModified\":\"2020-07-29T10:40:28+00:00\",\"mainEntityOfPage\":{\"@id\":\"https:\\\/\\\/interamerica.org\\\/fr\\\/2020\\\/07\\\/en-inter-amerique-la-direction-continuera-a-travailler-a-distance-jusqua-nouvel-ordre\\\/\"},\"wordCount\":1041,\"image\":{\"@id\":\"https:\\\/\\\/interamerica.org\\\/fr\\\/2020\\\/07\\\/en-inter-amerique-la-direction-continuera-a-travailler-a-distance-jusqua-nouvel-ordre\\\/#primaryimage\"},\"thumbnailUrl\":\"https:\\\/\\\/interamerica.org\\\/wp-content\\\/uploads\\\/2020\\\/07\\\/iad-front-entrance2020.jpg\",\"articleSection\":[\"Nouvelles du si\u00e8ge de la division\",\"RSS Fran\u00e7ais\"],\"inLanguage\":\"fr-FR\"},{\"@type\":\"WebPage\",\"@id\":\"https:\\\/\\\/interamerica.org\\\/fr\\\/2020\\\/07\\\/en-inter-amerique-la-direction-continuera-a-travailler-a-distance-jusqua-nouvel-ordre\\\/\",\"url\":\"https:\\\/\\\/interamerica.org\\\/fr\\\/2020\\\/07\\\/en-inter-amerique-la-direction-continuera-a-travailler-a-distance-jusqua-nouvel-ordre\\\/\",\"name\":\"En Inter Am\u00e9rique, la direction continuera \u00e0 travailler \u00e0 distance, jusqu\u2019\u00e0 nouvel ordre - \u00c9glise Adventiste Du Septieme Jour - Inter Am\u00e9rique Division\",\"isPartOf\":{\"@id\":\"https:\\\/\\\/interamerica.org\\\/fr\\\/#website\"},\"primaryImageOfPage\":{\"@id\":\"https:\\\/\\\/interamerica.org\\\/fr\\\/2020\\\/07\\\/en-inter-amerique-la-direction-continuera-a-travailler-a-distance-jusqua-nouvel-ordre\\\/#primaryimage\"},\"image\":{\"@id\":\"https:\\\/\\\/interamerica.org\\\/fr\\\/2020\\\/07\\\/en-inter-amerique-la-direction-continuera-a-travailler-a-distance-jusqua-nouvel-ordre\\\/#primaryimage\"},\"thumbnailUrl\":\"https:\\\/\\\/interamerica.org\\\/wp-content\\\/uploads\\\/2020\\\/07\\\/iad-front-entrance2020.jpg\",\"datePublished\":\"2020-07-28T20:19:13+00:00\",\"dateModified\":\"2020-07-29T10:40:28+00:00\",\"author\":{\"@id\":\"https:\\\/\\\/interamerica.org\\\/fr\\\/#\\\/schema\\\/person\\\/29998f2bc2d8bd0d38662909289b54f1\"},\"breadcrumb\":{\"@id\":\"https:\\\/\\\/interamerica.org\\\/fr\\\/2020\\\/07\\\/en-inter-amerique-la-direction-continuera-a-travailler-a-distance-jusqua-nouvel-ordre\\\/#breadcrumb\"},\"inLanguage\":\"fr-FR\",\"potentialAction\":[{\"@type\":\"ReadAction\",\"target\":[\"https:\\\/\\\/interamerica.org\\\/fr\\\/2020\\\/07\\\/en-inter-amerique-la-direction-continuera-a-travailler-a-distance-jusqua-nouvel-ordre\\\/\"]}]},{\"@type\":\"ImageObject\",\"inLanguage\":\"fr-FR\",\"@id\":\"https:\\\/\\\/interamerica.org\\\/fr\\\/2020\\\/07\\\/en-inter-amerique-la-direction-continuera-a-travailler-a-distance-jusqua-nouvel-ordre\\\/#primaryimage\",\"url\":\"https:\\\/\\\/interamerica.org\\\/wp-content\\\/uploads\\\/2020\\\/07\\\/iad-front-entrance2020.jpg\",\"contentUrl\":\"https:\\\/\\\/interamerica.org\\\/wp-content\\\/uploads\\\/2020\\\/07\\\/iad-front-entrance2020.jpg\",\"width\":1280,\"height\":800,\"caption\":\"[Photo: Libna Stevens\\\/DIA]\"},{\"@type\":\"BreadcrumbList\",\"@id\":\"https:\\\/\\\/interamerica.org\\\/fr\\\/2020\\\/07\\\/en-inter-amerique-la-direction-continuera-a-travailler-a-distance-jusqua-nouvel-ordre\\\/#breadcrumb\",\"itemListElement\":[{\"@type\":\"ListItem\",\"position\":1,\"name\":\"Home\",\"item\":\"https:\\\/\\\/interamerica.org\\\/fr\\\/\"},{\"@type\":\"ListItem\",\"position\":2,\"name\":\"En Inter Am\u00e9rique, la direction continuera \u00e0 travailler \u00e0 distance, jusqu\u2019\u00e0 nouvel ordre\"}]},{\"@type\":\"WebSite\",\"@id\":\"https:\\\/\\\/interamerica.org\\\/fr\\\/#website\",\"url\":\"https:\\\/\\\/interamerica.org\\\/fr\\\/\",\"name\":\"\u00c9glise Adventiste Du Septieme Jour - Inter Am\u00e9rique Division\",\"description\":\"\",\"potentialAction\":[{\"@type\":\"SearchAction\",\"target\":{\"@type\":\"EntryPoint\",\"urlTemplate\":\"https:\\\/\\\/interamerica.org\\\/fr\\\/?s={search_term_string}\"},\"query-input\":{\"@type\":\"PropertyValueSpecification\",\"valueRequired\":true,\"valueName\":\"search_term_string\"}}],\"inLanguage\":\"fr-FR\"},{\"@type\":\"Person\",\"@id\":\"https:\\\/\\\/interamerica.org\\\/fr\\\/#\\\/schema\\\/person\\\/29998f2bc2d8bd0d38662909289b54f1\",\"name\":\"libna\",\"image\":{\"@type\":\"ImageObject\",\"inLanguage\":\"fr-FR\",\"@id\":\"https:\\\/\\\/secure.gravatar.com\\\/avatar\\\/7c5bd30ae4b47a9ba3c856590957fd1d96dc588bf3ac05719d247e126840331f?s=96&d=mm&r=g\",\"url\":\"https:\\\/\\\/secure.gravatar.com\\\/avatar\\\/7c5bd30ae4b47a9ba3c856590957fd1d96dc588bf3ac05719d247e126840331f?s=96&d=mm&r=g\",\"contentUrl\":\"https:\\\/\\\/secure.gravatar.com\\\/avatar\\\/7c5bd30ae4b47a9ba3c856590957fd1d96dc588bf3ac05719d247e126840331f?s=96&d=mm&r=g\",\"caption\":\"libna\"}}]}<\/script>\n<!-- \/ Yoast SEO plugin. -->","yoast_head_json":{"title":"En Inter Am\u00e9rique, la direction continuera \u00e0 travailler \u00e0 distance, jusqu\u2019\u00e0 nouvel ordre - \u00c9glise Adventiste Du Septieme Jour - Inter Am\u00e9rique Division","robots":{"index":"index","follow":"follow","max-snippet":"max-snippet:-1","max-image-preview":"max-image-preview:large","max-video-preview":"max-video-preview:-1"},"canonical":"https:\/\/interamerica.org\/fr\/2020\/07\/en-inter-amerique-la-direction-continuera-a-travailler-a-distance-jusqua-nouvel-ordre\/","og_locale":"fr_FR","og_type":"article","og_title":"En Inter Am\u00e9rique, la direction continuera \u00e0 travailler \u00e0 distance, jusqu\u2019\u00e0 nouvel ordre - \u00c9glise Adventiste Du Septieme Jour - Inter Am\u00e9rique Division","og_description":"28 Juillet 2020 | Miami, Floride, \u00c9tats-Unis | Libna Stevens, P\u00f4le Informations de la Division Inter Am\u00e9ricaine Alors que le nombre de cas de COVID-19 est en augmentation en Floride,...","og_url":"https:\/\/interamerica.org\/fr\/2020\/07\/en-inter-amerique-la-direction-continuera-a-travailler-a-distance-jusqua-nouvel-ordre\/","og_site_name":"\u00c9glise Adventiste Du Septieme Jour - Inter Am\u00e9rique Division","article_published_time":"2020-07-28T20:19:13+00:00","article_modified_time":"2020-07-29T10:40:28+00:00","og_image":[{"width":1280,"height":800,"url":"https:\/\/interamerica.org\/wp-content\/uploads\/2020\/07\/iad-front-entrance2020.jpg","type":"image\/jpeg"}],"author":"libna","twitter_card":"summary_large_image","twitter_misc":{"\u00c9crit par":"libna","Dur\u00e9e de lecture estim\u00e9e":"5 minutes"},"schema":{"@context":"https:\/\/schema.org","@graph":[{"@type":"Article","@id":"https:\/\/interamerica.org\/fr\/2020\/07\/en-inter-amerique-la-direction-continuera-a-travailler-a-distance-jusqua-nouvel-ordre\/#article","isPartOf":{"@id":"https:\/\/interamerica.org\/fr\/2020\/07\/en-inter-amerique-la-direction-continuera-a-travailler-a-distance-jusqua-nouvel-ordre\/"},"author":{"name":"libna","@id":"https:\/\/interamerica.org\/fr\/#\/schema\/person\/29998f2bc2d8bd0d38662909289b54f1"},"headline":"En Inter Am\u00e9rique, la direction continuera \u00e0 travailler \u00e0 distance, jusqu\u2019\u00e0 nouvel ordre","datePublished":"2020-07-28T20:19:13+00:00","dateModified":"2020-07-29T10:40:28+00:00","mainEntityOfPage":{"@id":"https:\/\/interamerica.org\/fr\/2020\/07\/en-inter-amerique-la-direction-continuera-a-travailler-a-distance-jusqua-nouvel-ordre\/"},"wordCount":1041,"image":{"@id":"https:\/\/interamerica.org\/fr\/2020\/07\/en-inter-amerique-la-direction-continuera-a-travailler-a-distance-jusqua-nouvel-ordre\/#primaryimage"},"thumbnailUrl":"https:\/\/interamerica.org\/wp-content\/uploads\/2020\/07\/iad-front-entrance2020.jpg","articleSection":["Nouvelles du si\u00e8ge de la division","RSS Fran\u00e7ais"],"inLanguage":"fr-FR"},{"@type":"WebPage","@id":"https:\/\/interamerica.org\/fr\/2020\/07\/en-inter-amerique-la-direction-continuera-a-travailler-a-distance-jusqua-nouvel-ordre\/","url":"https:\/\/interamerica.org\/fr\/2020\/07\/en-inter-amerique-la-direction-continuera-a-travailler-a-distance-jusqua-nouvel-ordre\/","name":"En Inter Am\u00e9rique, la direction continuera \u00e0 travailler \u00e0 distance, jusqu\u2019\u00e0 nouvel ordre - \u00c9glise Adventiste Du Septieme Jour - Inter Am\u00e9rique Division","isPartOf":{"@id":"https:\/\/interamerica.org\/fr\/#website"},"primaryImageOfPage":{"@id":"https:\/\/interamerica.org\/fr\/2020\/07\/en-inter-amerique-la-direction-continuera-a-travailler-a-distance-jusqua-nouvel-ordre\/#primaryimage"},"image":{"@id":"https:\/\/interamerica.org\/fr\/2020\/07\/en-inter-amerique-la-direction-continuera-a-travailler-a-distance-jusqua-nouvel-ordre\/#primaryimage"},"thumbnailUrl":"https:\/\/interamerica.org\/wp-content\/uploads\/2020\/07\/iad-front-entrance2020.jpg","datePublished":"2020-07-28T20:19:13+00:00","dateModified":"2020-07-29T10:40:28+00:00","author":{"@id":"https:\/\/interamerica.org\/fr\/#\/schema\/person\/29998f2bc2d8bd0d38662909289b54f1"},"breadcrumb":{"@id":"https:\/\/interamerica.org\/fr\/2020\/07\/en-inter-amerique-la-direction-continuera-a-travailler-a-distance-jusqua-nouvel-ordre\/#breadcrumb"},"inLanguage":"fr-FR","potentialAction":[{"@type":"ReadAction","target":["https:\/\/interamerica.org\/fr\/2020\/07\/en-inter-amerique-la-direction-continuera-a-travailler-a-distance-jusqua-nouvel-ordre\/"]}]},{"@type":"ImageObject","inLanguage":"fr-FR","@id":"https:\/\/interamerica.org\/fr\/2020\/07\/en-inter-amerique-la-direction-continuera-a-travailler-a-distance-jusqua-nouvel-ordre\/#primaryimage","url":"https:\/\/interamerica.org\/wp-content\/uploads\/2020\/07\/iad-front-entrance2020.jpg","contentUrl":"https:\/\/interamerica.org\/wp-content\/uploads\/2020\/07\/iad-front-entrance2020.jpg","width":1280,"height":800,"caption":"[Photo: Libna Stevens\/DIA]"},{"@type":"BreadcrumbList","@id":"https:\/\/interamerica.org\/fr\/2020\/07\/en-inter-amerique-la-direction-continuera-a-travailler-a-distance-jusqua-nouvel-ordre\/#breadcrumb","itemListElement":[{"@type":"ListItem","position":1,"name":"Home","item":"https:\/\/interamerica.org\/fr\/"},{"@type":"ListItem","position":2,"name":"En Inter Am\u00e9rique, la direction continuera \u00e0 travailler \u00e0 distance, jusqu\u2019\u00e0 nouvel ordre"}]},{"@type":"WebSite","@id":"https:\/\/interamerica.org\/fr\/#website","url":"https:\/\/interamerica.org\/fr\/","name":"\u00c9glise Adventiste Du Septieme Jour - Inter Am\u00e9rique Division","description":"","potentialAction":[{"@type":"SearchAction","target":{"@type":"EntryPoint","urlTemplate":"https:\/\/interamerica.org\/fr\/?s={search_term_string}"},"query-input":{"@type":"PropertyValueSpecification","valueRequired":true,"valueName":"search_term_string"}}],"inLanguage":"fr-FR"},{"@type":"Person","@id":"https:\/\/interamerica.org\/fr\/#\/schema\/person\/29998f2bc2d8bd0d38662909289b54f1","name":"libna","image":{"@type":"ImageObject","inLanguage":"fr-FR","@id":"https:\/\/secure.gravatar.com\/avatar\/7c5bd30ae4b47a9ba3c856590957fd1d96dc588bf3ac05719d247e126840331f?s=96&d=mm&r=g","url":"https:\/\/secure.gravatar.com\/avatar\/7c5bd30ae4b47a9ba3c856590957fd1d96dc588bf3ac05719d247e126840331f?s=96&d=mm&r=g","contentUrl":"https:\/\/secure.gravatar.com\/avatar\/7c5bd30ae4b47a9ba3c856590957fd1d96dc588bf3ac05719d247e126840331f?s=96&d=mm&r=g","caption":"libna"}}]}},"_links":{"self":[{"href":"https:\/\/interamerica.org\/fr\/wp-json\/wp\/v2\/posts\/61076","targetHints":{"allow":["GET"]}}],"collection":[{"href":"https:\/\/interamerica.org\/fr\/wp-json\/wp\/v2\/posts"}],"about":[{"href":"https:\/\/interamerica.org\/fr\/wp-json\/wp\/v2\/types\/post"}],"author":[{"embeddable":true,"href":"https:\/\/interamerica.org\/fr\/wp-json\/wp\/v2\/users\/3"}],"replies":[{"embeddable":true,"href":"https:\/\/interamerica.org\/fr\/wp-json\/wp\/v2\/comments?post=61076"}],"version-history":[{"count":0,"href":"https:\/\/interamerica.org\/fr\/wp-json\/wp\/v2\/posts\/61076\/revisions"}],"wp:featuredmedia":[{"embeddable":true,"href":"https:\/\/interamerica.org\/fr\/wp-json\/wp\/v2\/media\/61011"}],"wp:attachment":[{"href":"https:\/\/interamerica.org\/fr\/wp-json\/wp\/v2\/media?parent=61076"}],"wp:term":[{"taxonomy":"category","embeddable":true,"href":"https:\/\/interamerica.org\/fr\/wp-json\/wp\/v2\/categories?post=61076"},{"taxonomy":"post_tag","embeddable":true,"href":"https:\/\/interamerica.org\/fr\/wp-json\/wp\/v2\/tags?post=61076"}],"curies":[{"name":"wp","href":"https:\/\/api.w.org\/{rel}","templated":true}]}}