{"id":61360,"date":"2020-08-05T14:30:50","date_gmt":"2020-08-05T18:30:50","guid":{"rendered":"https:\/\/recursing-golick.147-182-135-0.plesk.page\/?p=61360"},"modified":"2020-08-06T14:08:00","modified_gmt":"2020-08-06T18:08:00","slug":"adra-pleure-la-disparition-de-lancien-dirigeant-richard-w-ofill","status":"publish","type":"post","link":"https:\/\/interamerica.org\/fr\/2020\/08\/adra-pleure-la-disparition-de-lancien-dirigeant-richard-w-ofill\/","title":{"rendered":"ADRA pleure la disparition de l\u2019ancien dirigeant Richard W. O\u2019Fill"},"content":{"rendered":"<p><div id=\"attachment_61343\" style=\"width: 534px\" class=\"wp-caption aligncenter\"><img fetchpriority=\"high\" decoding=\"async\" aria-describedby=\"caption-attachment-61343\" class=\"wp-image-61342\" src=\"https:\/\/recursing-golick.147-182-135-0.plesk.page\/wp-content\/uploads\/2020\/08\/dick-offill.jpg\" alt=\"\" width=\"524\" height=\"704\" srcset=\"https:\/\/interamerica.org\/wp-content\/uploads\/2020\/08\/dick-offill.jpg 700w, https:\/\/interamerica.org\/wp-content\/uploads\/2020\/08\/dick-offill-223x300.jpg 223w\" sizes=\"(max-width: 524px) 100vw, 524px\" \/><p id=\"caption-attachment-61343\" class=\"wp-caption-text\">Le pasteur Richard O&rsquo;Ffill, qui a jou\u00e9 un r\u00f4le d\u00e9terminant dans la fondation de l\u2019Agence Adventiste de D\u00e9veloppement et de Secours (ADRA), a perdu sa longue bataille contre la maladie de Parkinson le 29 juillet 2020. [Photo : Famille O\u2019Ffill]<\/p><\/div>5 Ao\u00fbt 2020 | Silver Spring, Maryland, \u00c9tats-Unis | Iris Argueta, ADRA International<\/p>\n<p><em>Le premier dirigeant de l\u2019Agence Adventiste de D\u00e9veloppement et de Secours est d\u00e9c\u00e9d\u00e9<\/em><\/p>\n<p>Pasteur Richard O&rsquo;Ffill, qui a jou\u00e9 un r\u00f4le d\u00e9terminant dans la fondation de l\u2019Agence Adventiste de D\u00e9veloppement et de Secours (ADRA), a perdu sa longue bataille contre la maladie de Parkinson le 29 juillet \u00e0 Orlando, en Floride. Il avait 79 ans. Le pasteur O&rsquo;Ffill a \u00e9t\u00e9 le premier directeur des Services Mondiaux Adventistes du Septi\u00e8me Jour (SAWS), qui a \u00e9t\u00e9 rebaptis\u00e9 ADRA en 1984. Il a \u00e9galement pass\u00e9 de nombreuses ann\u00e9es \u00e0 travailler comme missionnaire pour la Conf\u00e9rence G\u00e9n\u00e9rale de l\u2019\u00c9glise adventiste du septi\u00e8me jour.<\/p>\n<p>\u00ab Notre famille d\u2019ADRA dans le monde entier est attrist\u00e9e par le d\u00e9c\u00e8s du pasteur Richard O&rsquo;Ffill. Il \u00e9tait un remarquable leader visionnaire et une force motrice derri\u00e8re la cr\u00e9ation de l\u2019\u0153uvre humanitaire de l\u2019\u00c9glise adventiste. Sa passion pour le service l\u2019a amen\u00e9 \u00e0 cr\u00e9er de nombreuses initiatives qui ont contribu\u00e9 \u00e0 faire d\u2019ADRA l\u2019agence humanitaire mondiale qu\u2019elle est aujourd\u2019hui, \u00bb a dit le pr\u00e9sident d\u2019ADRA, Michael Kruger. \u00ab Nous sommes reconnaissants pour les nombreuses contributions du Pasteur O\u2019Ffill \u00e0 notre \u00e9glise et \u00e0 ADRA, et nous honorons son h\u00e9ritage en inspirant nos \u00e9quipes \u00e0 travers le monde \u00e0 continuer \u00e0 servir avec justice, compassion et amour. Nous \u00e9levons dans la pri\u00e8re sa femme, ses enfants et sa famille et nous exprimons nos sinc\u00e8res condol\u00e9ances.\u00a0\u00bb<\/p>\n<p><strong>Esquisse de sa vie<\/strong><\/p>\n<p>Le pasteur O\u2019Ffill a consacr\u00e9 sa vie au service. Il a \u00e9t\u00e9 pasteur de six \u00e9glises dans l\u2019Ohio et a \u00e9t\u00e9 consacr\u00e9 au minist\u00e8re pastoral en 1966 avant d\u2019\u00eatre appel\u00e9 \u00e0 \u00eatre enseignant de la Bible et pasteur au Pakistan. Il est retourn\u00e9 aux \u00c9tats-Unis en 1970 pour \u00eatre aum\u00f4nier et professeur de Bible \u00e0 l\u2019\u00c9cole Secondaire Adventiste d\u2019Auburn ainsi que pasteur de l\u2019\u00e9glise adventiste du septi\u00e8me jour d\u2019Auburn pr\u00e8s de Seattle, dans l\u2019\u00e9tat de Washington. Son d\u00e9vouement sans faille au service des plus d\u00e9munis l\u2019a conduit au Chili en 1972, o\u00f9 il est devenu le premier directeur de SAWS dans la r\u00e9gion. Pasteur O\u2019Ffill a supervis\u00e9 des initiatives humanitaires avec OFASA (<em>Obra Filantr\u00f3pica y de Asistencia Social Adventista<\/em>), l\u2019Agence Adventiste d\u2019Action Philanthropique d\u2019Assistance Sociale en Am\u00e9rique Latine.<\/p>\n<p><div id=\"attachment_61352\" style=\"width: 811px\" class=\"wp-caption aligncenter\"><img decoding=\"async\" aria-describedby=\"caption-attachment-61352\" class=\"wp-image-61351 \" src=\"https:\/\/recursing-golick.147-182-135-0.plesk.page\/wp-content\/uploads\/2020\/08\/pakistan-offill.jpg\" alt=\"\" width=\"801\" height=\"594\" srcset=\"https:\/\/interamerica.org\/wp-content\/uploads\/2020\/08\/pakistan-offill.jpg 900w, https:\/\/interamerica.org\/wp-content\/uploads\/2020\/08\/pakistan-offill-300x222.jpg 300w, https:\/\/interamerica.org\/wp-content\/uploads\/2020\/08\/pakistan-offill-768x569.jpg 768w\" sizes=\"(max-width: 801px) 100vw, 801px\" \/><p id=\"caption-attachment-61352\" class=\"wp-caption-text\">Le pasteur Richard W. O\u2019Ffill au contact de missionnaires sur le terrain au Pakistan dans les ann\u00e9es 1960 [Photo : Famille O\u2019Ffill]<\/p><\/div>Apr\u00e8s son retour du Chili vers les \u00c9tats-Unis, le pasteur O\u2019Ffill a jou\u00e9 un r\u00f4le de premier plan dans l\u2019obtention de la premi\u00e8re subvention am\u00e9ricaine accord\u00e9e \u00e0 l\u2019\u00c9glise adventiste pour des projets de d\u00e9veloppement. Il a \u00e9labor\u00e9 un plan contre la malnutrition avec l\u2019aide de l\u2019Agence Am\u00e9ricaine pour le D\u00e9veloppement International (USAID) pour venir en aide \u00e0 quelque 300000 enfants au Chili.<\/p>\n<p>\u00ab Richard avait une intelligence incroyable pour les op\u00e9rations de d\u00e9veloppement et de secours. Il avait une vision, celle de prolonger l\u2019action de l\u2019\u00e9glise dans le domaine du d\u00e9veloppement. Il a \u00e9galement compris la n\u00e9cessit\u00e9 de cr\u00e9er une organisation \u00e0 but non lucratif comme ADRA, afin que notre foi puisse \u00eatre mise en action et qu\u2019ainsi nous soyons les mains et les pieds de J\u00e9sus dans le monde entier, \u00bb a dit Mario Ochoa, qui a travaill\u00e9 avec Richard O&rsquo;Ffill au Chili et aux \u00c9tats-Unis.<\/p>\n<p>Le pasteur O\u2019Ffill a conclu son mandat avec ADRA en 1984. Au cours de son mandat de directeur, les op\u00e9rations de terrain de SAWS et d\u2019ADRA sont pass\u00e9es de cinq \u00e0 cinquante pays en cinq ans.<\/p>\n<p><div id=\"attachment_61349\" style=\"width: 812px\" class=\"wp-caption aligncenter\"><img decoding=\"async\" aria-describedby=\"caption-attachment-61349\" class=\" wp-image-61348\" src=\"https:\/\/recursing-golick.147-182-135-0.plesk.page\/wp-content\/uploads\/2020\/08\/offill-ofasa.jpg\" alt=\"\" width=\"802\" height=\"433\" srcset=\"https:\/\/interamerica.org\/wp-content\/uploads\/2020\/08\/offill-ofasa.jpg 1000w, https:\/\/interamerica.org\/wp-content\/uploads\/2020\/08\/offill-ofasa-300x162.jpg 300w, https:\/\/interamerica.org\/wp-content\/uploads\/2020\/08\/offill-ofasa-768x415.jpg 768w\" sizes=\"(max-width: 802px) 100vw, 802px\" \/><p id=\"caption-attachment-61349\" class=\"wp-caption-text\">Le directeur de SAWS, pasteur Richard W. O\u2019Ffill (deuxi\u00e8me \u00e0 partir de la droite) avec le personnel de l\u2019OFASA, inspecte l\u2019envoi de produits alimentaires de l\u2019USAID \u00e0 Valparaiso, au Chili vers 1974. [Avec l\u2019autorisation de la famille O\u2019Ffill]<\/p><\/div>\u00ab Je me souviendrai toujours du pasteur O\u2019Ffill. C\u2019\u00e9tait un orateur puissant, qui parlait \u00e9galement couramment l\u2019espagnol. Il avait l\u2019habitude de pr\u00e9senter le Bulletin Missionnaire dans mon \u00e9glise, l\u2019\u00e9glise adventiste du septi\u00e8me jour hispanophone de Washington, dans le Maryland. M\u00eame avant de le rencontrer et de commencer \u00e0 travailler pour ADRA au d\u00e9but des ann\u00e9es 80, j\u2019ai \u00e9t\u00e9 impressionn\u00e9 par sa compassion et son amour pour le champ missionnaire. Il m\u2019a motiv\u00e9 en tant que jeune homme, \u00e0 prendre part \u00e0 la collecte annuelle pour SAWS, \u00bb a dit Rudy Monsalve, directeur adjoint en charge des dons planifi\u00e9s \u00e0 ADRA.<\/p>\n<p>En 1984, le pasteur O&rsquo;Ffill a \u00e9t\u00e9 appel\u00e9 \u00e0 diriger les Activit\u00e9s La\u00efques, les Services Communautaires Adventistes et les Minist\u00e8res dans les Prisons pour la F\u00e9d\u00e9ration de Floride de l\u2019\u00c9glise adventiste du septi\u00e8me jour. Il a cr\u00e9\u00e9 les premiers minist\u00e8res des hommes et a \u00e9crit 10 livres sur la puissance de la pri\u00e8re, la famille et la vie chr\u00e9tienne. Les messages spirituels du pasteur O&rsquo;Ffill ont \u00e9galement atteint le public de la t\u00e9l\u00e9vision et de la radio via le Three Angels Broadcasting Network (3ABN) au milieu des ann\u00e9es 2000. Il \u00e9tait un invit\u00e9 fr\u00e9quent sur \u00ab Crosstalk, \u00bb un programme d\u2019interview hebdomadaire produit par les Minist\u00e8res La\u00efcs.<\/p>\n<p>\u00ab Mon p\u00e8re appr\u00e9ciait le r\u00e9veil spirituel dans son \u00e9glise et chez ses membres. M\u00eame apr\u00e8s son d\u00e9part \u00e0 la retraite, il n\u2019a jamais cess\u00e9 de se tourner vers les autres et de les rapprocher de J\u00e9sus. Il \u00e9tait un acteur du r\u00e9veil, il trouvait toujours un moyen de toucher les gens \u00e0 travers ses sermons lors des camp meetings, des d\u00e9votions, dans les livres et les semaines de pri\u00e8re, \u00bb explique Richard O\u2019Ffill Jr., directeur des technologies de l\u2019information \u00e0 ADRA. \u00ab Quand il a vu qu\u2019il pouvait toucher un public beaucoup plus large, je l\u2019ai aid\u00e9 \u00e0 cr\u00e9er son premier site web et son minist\u00e8re sur les r\u00e9seaux sociaux. Cela a cr\u00e9\u00e9 un lien sp\u00e9cial entre nous alors que nous devenions partenaires dans le minist\u00e8re. Je suis \u00e9tonn\u00e9 de voir le nombre de personnes qui ont \u00e9t\u00e9 touch\u00e9es par sa vie. \u00bb<\/p>\n<div id=\"attachment_61346\" style=\"width: 811px\" class=\"wp-caption aligncenter\"><img loading=\"lazy\" decoding=\"async\" aria-describedby=\"caption-attachment-61346\" class=\" wp-image-61345\" src=\"https:\/\/recursing-golick.147-182-135-0.plesk.page\/wp-content\/uploads\/2020\/08\/offill-family.jpg\" alt=\"\" width=\"801\" height=\"565\" srcset=\"https:\/\/interamerica.org\/wp-content\/uploads\/2020\/08\/offill-family.jpg 900w, https:\/\/interamerica.org\/wp-content\/uploads\/2020\/08\/offill-family-300x212.jpg 300w, https:\/\/interamerica.org\/wp-content\/uploads\/2020\/08\/offill-family-768x542.jpg 768w\" sizes=\"(max-width: 801px) 100vw, 801px\" \/><p id=\"caption-attachment-61346\" class=\"wp-caption-text\">Le pasteur Richard W. O\u2019Fill avec ses enfants et leurs conjoints lors de la c\u00e9l\u00e9bration du 80\u00e8me anniversaire de sa femme \u00e0 Lakeland, en Floride, en septembre 2019. (Photo : Famille O\u2019Ffill]<\/p><\/div>\n<p>Le pasteur Richard O&rsquo;Ffill laisse son \u00e9pouse Betty; ses filles Cindy et Kathy; ses fils Richard Jr. et Dan; leurs conjoints; huit petits-enfants et d\u2019autres membres de la famille.<\/p>\n<p>La famille O\u2019Ffill rendra hommage \u00e0 la vie de pasteur O\u2019Ffill lors d\u2019un service priv\u00e9 qui aura lieu plus tard cette ann\u00e9e. Les condol\u00e9ances et les souvenirs sont les bienvenus \u00e0 la page suivante :<\/p>\n<p><a href=\"https:\/\/www.facebook.com\/richard.offill.1\">https:\/\/www.facebook.com\/richard.offill.1<\/a>.<\/p>\n<p>Au lieu de fleurs, la famille a demand\u00e9 que des dons comm\u00e9moratifs soient envoy\u00e9s \u00e0 ADRA sur le site <a href=\"https:\/\/donations.adra.org\/\">ADRA.org\/donate<\/a><\/p>\n<p>Traduction: Patrick Luciathe<\/p>\n","protected":false},"excerpt":{"rendered":"<p>5 Ao\u00fbt 2020 | Silver Spring, Maryland, \u00c9tats-Unis | Iris Argueta, ADRA International Le premier dirigeant de l\u2019Agence Adventiste de D\u00e9veloppement et de Secours est d\u00e9c\u00e9d\u00e9 Pasteur Richard O&rsquo;Ffill, qui&#8230;<\/p>\n","protected":false},"author":3,"featured_media":61340,"comment_status":"closed","ping_status":"closed","sticky":false,"template":"","format":"standard","meta":{"_acf_changed":false,"footnotes":""},"categories":[18,19],"tags":[],"class_list":["post-61360","post","type-post","status-publish","format-standard","has-post-thumbnail","hentry","category-nouvelles-de-leglise-mondiale","category-rss-francais"],"acf":[],"yoast_head":"<!-- This site is optimized with the Yoast SEO plugin v27.3 - https:\/\/yoast.com\/product\/yoast-seo-wordpress\/ -->\n<title>ADRA pleure la disparition de l\u2019ancien dirigeant Richard W. O\u2019Fill - \u00c9glise Adventiste Du Septieme Jour - Inter Am\u00e9rique Division<\/title>\n<meta name=\"robots\" content=\"index, follow, max-snippet:-1, max-image-preview:large, max-video-preview:-1\" \/>\n<link rel=\"canonical\" href=\"https:\/\/interamerica.org\/fr\/2020\/08\/adra-pleure-la-disparition-de-lancien-dirigeant-richard-w-ofill\/\" \/>\n<meta property=\"og:locale\" content=\"fr_FR\" \/>\n<meta property=\"og:type\" content=\"article\" \/>\n<meta property=\"og:title\" content=\"ADRA pleure la disparition de l\u2019ancien dirigeant Richard W. O\u2019Fill - \u00c9glise Adventiste Du Septieme Jour - Inter Am\u00e9rique Division\" \/>\n<meta property=\"og:description\" content=\"5 Ao\u00fbt 2020 | Silver Spring, Maryland, \u00c9tats-Unis | Iris Argueta, ADRA International Le premier dirigeant de l\u2019Agence Adventiste de D\u00e9veloppement et de Secours est d\u00e9c\u00e9d\u00e9 Pasteur Richard O&rsquo;Ffill, qui...\" \/>\n<meta property=\"og:url\" content=\"https:\/\/interamerica.org\/fr\/2020\/08\/adra-pleure-la-disparition-de-lancien-dirigeant-richard-w-ofill\/\" \/>\n<meta property=\"og:site_name\" content=\"\u00c9glise Adventiste Du Septieme Jour - Inter Am\u00e9rique Division\" \/>\n<meta property=\"article:published_time\" content=\"2020-08-05T18:30:50+00:00\" \/>\n<meta property=\"article:modified_time\" content=\"2020-08-06T18:08:00+00:00\" \/>\n<meta property=\"og:image\" content=\"https:\/\/interamerica.org\/wp-content\/uploads\/2020\/08\/dick-offill-1280.jpg\" \/>\n\t<meta property=\"og:image:width\" content=\"1280\" \/>\n\t<meta property=\"og:image:height\" content=\"800\" \/>\n\t<meta property=\"og:image:type\" content=\"image\/jpeg\" \/>\n<meta name=\"author\" content=\"libna\" \/>\n<meta name=\"twitter:card\" content=\"summary_large_image\" \/>\n<meta name=\"twitter:label1\" content=\"\u00c9crit par\" \/>\n\t<meta name=\"twitter:data1\" content=\"libna\" \/>\n\t<meta name=\"twitter:label2\" content=\"Dur\u00e9e de lecture estim\u00e9e\" \/>\n\t<meta name=\"twitter:data2\" content=\"6 minutes\" \/>\n<script type=\"application\/ld+json\" class=\"yoast-schema-graph\">{\"@context\":\"https:\\\/\\\/schema.org\",\"@graph\":[{\"@type\":\"Article\",\"@id\":\"https:\\\/\\\/interamerica.org\\\/fr\\\/2020\\\/08\\\/adra-pleure-la-disparition-de-lancien-dirigeant-richard-w-ofill\\\/#article\",\"isPartOf\":{\"@id\":\"https:\\\/\\\/interamerica.org\\\/fr\\\/2020\\\/08\\\/adra-pleure-la-disparition-de-lancien-dirigeant-richard-w-ofill\\\/\"},\"author\":{\"name\":\"libna\",\"@id\":\"https:\\\/\\\/interamerica.org\\\/fr\\\/#\\\/schema\\\/person\\\/29998f2bc2d8bd0d38662909289b54f1\"},\"headline\":\"ADRA pleure la disparition de l\u2019ancien dirigeant Richard W. O\u2019Fill\",\"datePublished\":\"2020-08-05T18:30:50+00:00\",\"dateModified\":\"2020-08-06T18:08:00+00:00\",\"mainEntityOfPage\":{\"@id\":\"https:\\\/\\\/interamerica.org\\\/fr\\\/2020\\\/08\\\/adra-pleure-la-disparition-de-lancien-dirigeant-richard-w-ofill\\\/\"},\"wordCount\":1273,\"image\":{\"@id\":\"https:\\\/\\\/interamerica.org\\\/fr\\\/2020\\\/08\\\/adra-pleure-la-disparition-de-lancien-dirigeant-richard-w-ofill\\\/#primaryimage\"},\"thumbnailUrl\":\"https:\\\/\\\/interamerica.org\\\/wp-content\\\/uploads\\\/2020\\\/08\\\/dick-offill-1280.jpg\",\"articleSection\":[\"Nouvelles de l'\u00c9glise mondiale\",\"RSS Fran\u00e7ais\"],\"inLanguage\":\"fr-FR\"},{\"@type\":\"WebPage\",\"@id\":\"https:\\\/\\\/interamerica.org\\\/fr\\\/2020\\\/08\\\/adra-pleure-la-disparition-de-lancien-dirigeant-richard-w-ofill\\\/\",\"url\":\"https:\\\/\\\/interamerica.org\\\/fr\\\/2020\\\/08\\\/adra-pleure-la-disparition-de-lancien-dirigeant-richard-w-ofill\\\/\",\"name\":\"ADRA pleure la disparition de l\u2019ancien dirigeant Richard W. O\u2019Fill - \u00c9glise Adventiste Du Septieme Jour - Inter Am\u00e9rique Division\",\"isPartOf\":{\"@id\":\"https:\\\/\\\/interamerica.org\\\/fr\\\/#website\"},\"primaryImageOfPage\":{\"@id\":\"https:\\\/\\\/interamerica.org\\\/fr\\\/2020\\\/08\\\/adra-pleure-la-disparition-de-lancien-dirigeant-richard-w-ofill\\\/#primaryimage\"},\"image\":{\"@id\":\"https:\\\/\\\/interamerica.org\\\/fr\\\/2020\\\/08\\\/adra-pleure-la-disparition-de-lancien-dirigeant-richard-w-ofill\\\/#primaryimage\"},\"thumbnailUrl\":\"https:\\\/\\\/interamerica.org\\\/wp-content\\\/uploads\\\/2020\\\/08\\\/dick-offill-1280.jpg\",\"datePublished\":\"2020-08-05T18:30:50+00:00\",\"dateModified\":\"2020-08-06T18:08:00+00:00\",\"author\":{\"@id\":\"https:\\\/\\\/interamerica.org\\\/fr\\\/#\\\/schema\\\/person\\\/29998f2bc2d8bd0d38662909289b54f1\"},\"breadcrumb\":{\"@id\":\"https:\\\/\\\/interamerica.org\\\/fr\\\/2020\\\/08\\\/adra-pleure-la-disparition-de-lancien-dirigeant-richard-w-ofill\\\/#breadcrumb\"},\"inLanguage\":\"fr-FR\",\"potentialAction\":[{\"@type\":\"ReadAction\",\"target\":[\"https:\\\/\\\/interamerica.org\\\/fr\\\/2020\\\/08\\\/adra-pleure-la-disparition-de-lancien-dirigeant-richard-w-ofill\\\/\"]}]},{\"@type\":\"ImageObject\",\"inLanguage\":\"fr-FR\",\"@id\":\"https:\\\/\\\/interamerica.org\\\/fr\\\/2020\\\/08\\\/adra-pleure-la-disparition-de-lancien-dirigeant-richard-w-ofill\\\/#primaryimage\",\"url\":\"https:\\\/\\\/interamerica.org\\\/wp-content\\\/uploads\\\/2020\\\/08\\\/dick-offill-1280.jpg\",\"contentUrl\":\"https:\\\/\\\/interamerica.org\\\/wp-content\\\/uploads\\\/2020\\\/08\\\/dick-offill-1280.jpg\",\"width\":1280,\"height\":800},{\"@type\":\"BreadcrumbList\",\"@id\":\"https:\\\/\\\/interamerica.org\\\/fr\\\/2020\\\/08\\\/adra-pleure-la-disparition-de-lancien-dirigeant-richard-w-ofill\\\/#breadcrumb\",\"itemListElement\":[{\"@type\":\"ListItem\",\"position\":1,\"name\":\"Home\",\"item\":\"https:\\\/\\\/interamerica.org\\\/fr\\\/\"},{\"@type\":\"ListItem\",\"position\":2,\"name\":\"ADRA pleure la disparition de l\u2019ancien dirigeant Richard W. O\u2019Fill\"}]},{\"@type\":\"WebSite\",\"@id\":\"https:\\\/\\\/interamerica.org\\\/fr\\\/#website\",\"url\":\"https:\\\/\\\/interamerica.org\\\/fr\\\/\",\"name\":\"\u00c9glise Adventiste Du Septieme Jour - Inter Am\u00e9rique Division\",\"description\":\"\",\"potentialAction\":[{\"@type\":\"SearchAction\",\"target\":{\"@type\":\"EntryPoint\",\"urlTemplate\":\"https:\\\/\\\/interamerica.org\\\/fr\\\/?s={search_term_string}\"},\"query-input\":{\"@type\":\"PropertyValueSpecification\",\"valueRequired\":true,\"valueName\":\"search_term_string\"}}],\"inLanguage\":\"fr-FR\"},{\"@type\":\"Person\",\"@id\":\"https:\\\/\\\/interamerica.org\\\/fr\\\/#\\\/schema\\\/person\\\/29998f2bc2d8bd0d38662909289b54f1\",\"name\":\"libna\",\"image\":{\"@type\":\"ImageObject\",\"inLanguage\":\"fr-FR\",\"@id\":\"https:\\\/\\\/secure.gravatar.com\\\/avatar\\\/7c5bd30ae4b47a9ba3c856590957fd1d96dc588bf3ac05719d247e126840331f?s=96&d=mm&r=g\",\"url\":\"https:\\\/\\\/secure.gravatar.com\\\/avatar\\\/7c5bd30ae4b47a9ba3c856590957fd1d96dc588bf3ac05719d247e126840331f?s=96&d=mm&r=g\",\"contentUrl\":\"https:\\\/\\\/secure.gravatar.com\\\/avatar\\\/7c5bd30ae4b47a9ba3c856590957fd1d96dc588bf3ac05719d247e126840331f?s=96&d=mm&r=g\",\"caption\":\"libna\"}}]}<\/script>\n<!-- \/ Yoast SEO plugin. -->","yoast_head_json":{"title":"ADRA pleure la disparition de l\u2019ancien dirigeant Richard W. O\u2019Fill - \u00c9glise Adventiste Du Septieme Jour - Inter Am\u00e9rique Division","robots":{"index":"index","follow":"follow","max-snippet":"max-snippet:-1","max-image-preview":"max-image-preview:large","max-video-preview":"max-video-preview:-1"},"canonical":"https:\/\/interamerica.org\/fr\/2020\/08\/adra-pleure-la-disparition-de-lancien-dirigeant-richard-w-ofill\/","og_locale":"fr_FR","og_type":"article","og_title":"ADRA pleure la disparition de l\u2019ancien dirigeant Richard W. O\u2019Fill - \u00c9glise Adventiste Du Septieme Jour - Inter Am\u00e9rique Division","og_description":"5 Ao\u00fbt 2020 | Silver Spring, Maryland, \u00c9tats-Unis | Iris Argueta, ADRA International Le premier dirigeant de l\u2019Agence Adventiste de D\u00e9veloppement et de Secours est d\u00e9c\u00e9d\u00e9 Pasteur Richard O&rsquo;Ffill, qui...","og_url":"https:\/\/interamerica.org\/fr\/2020\/08\/adra-pleure-la-disparition-de-lancien-dirigeant-richard-w-ofill\/","og_site_name":"\u00c9glise Adventiste Du Septieme Jour - Inter Am\u00e9rique Division","article_published_time":"2020-08-05T18:30:50+00:00","article_modified_time":"2020-08-06T18:08:00+00:00","og_image":[{"width":1280,"height":800,"url":"https:\/\/interamerica.org\/wp-content\/uploads\/2020\/08\/dick-offill-1280.jpg","type":"image\/jpeg"}],"author":"libna","twitter_card":"summary_large_image","twitter_misc":{"\u00c9crit par":"libna","Dur\u00e9e de lecture estim\u00e9e":"6 minutes"},"schema":{"@context":"https:\/\/schema.org","@graph":[{"@type":"Article","@id":"https:\/\/interamerica.org\/fr\/2020\/08\/adra-pleure-la-disparition-de-lancien-dirigeant-richard-w-ofill\/#article","isPartOf":{"@id":"https:\/\/interamerica.org\/fr\/2020\/08\/adra-pleure-la-disparition-de-lancien-dirigeant-richard-w-ofill\/"},"author":{"name":"libna","@id":"https:\/\/interamerica.org\/fr\/#\/schema\/person\/29998f2bc2d8bd0d38662909289b54f1"},"headline":"ADRA pleure la disparition de l\u2019ancien dirigeant Richard W. O\u2019Fill","datePublished":"2020-08-05T18:30:50+00:00","dateModified":"2020-08-06T18:08:00+00:00","mainEntityOfPage":{"@id":"https:\/\/interamerica.org\/fr\/2020\/08\/adra-pleure-la-disparition-de-lancien-dirigeant-richard-w-ofill\/"},"wordCount":1273,"image":{"@id":"https:\/\/interamerica.org\/fr\/2020\/08\/adra-pleure-la-disparition-de-lancien-dirigeant-richard-w-ofill\/#primaryimage"},"thumbnailUrl":"https:\/\/interamerica.org\/wp-content\/uploads\/2020\/08\/dick-offill-1280.jpg","articleSection":["Nouvelles de l'\u00c9glise mondiale","RSS Fran\u00e7ais"],"inLanguage":"fr-FR"},{"@type":"WebPage","@id":"https:\/\/interamerica.org\/fr\/2020\/08\/adra-pleure-la-disparition-de-lancien-dirigeant-richard-w-ofill\/","url":"https:\/\/interamerica.org\/fr\/2020\/08\/adra-pleure-la-disparition-de-lancien-dirigeant-richard-w-ofill\/","name":"ADRA pleure la disparition de l\u2019ancien dirigeant Richard W. O\u2019Fill - \u00c9glise Adventiste Du Septieme Jour - Inter Am\u00e9rique Division","isPartOf":{"@id":"https:\/\/interamerica.org\/fr\/#website"},"primaryImageOfPage":{"@id":"https:\/\/interamerica.org\/fr\/2020\/08\/adra-pleure-la-disparition-de-lancien-dirigeant-richard-w-ofill\/#primaryimage"},"image":{"@id":"https:\/\/interamerica.org\/fr\/2020\/08\/adra-pleure-la-disparition-de-lancien-dirigeant-richard-w-ofill\/#primaryimage"},"thumbnailUrl":"https:\/\/interamerica.org\/wp-content\/uploads\/2020\/08\/dick-offill-1280.jpg","datePublished":"2020-08-05T18:30:50+00:00","dateModified":"2020-08-06T18:08:00+00:00","author":{"@id":"https:\/\/interamerica.org\/fr\/#\/schema\/person\/29998f2bc2d8bd0d38662909289b54f1"},"breadcrumb":{"@id":"https:\/\/interamerica.org\/fr\/2020\/08\/adra-pleure-la-disparition-de-lancien-dirigeant-richard-w-ofill\/#breadcrumb"},"inLanguage":"fr-FR","potentialAction":[{"@type":"ReadAction","target":["https:\/\/interamerica.org\/fr\/2020\/08\/adra-pleure-la-disparition-de-lancien-dirigeant-richard-w-ofill\/"]}]},{"@type":"ImageObject","inLanguage":"fr-FR","@id":"https:\/\/interamerica.org\/fr\/2020\/08\/adra-pleure-la-disparition-de-lancien-dirigeant-richard-w-ofill\/#primaryimage","url":"https:\/\/interamerica.org\/wp-content\/uploads\/2020\/08\/dick-offill-1280.jpg","contentUrl":"https:\/\/interamerica.org\/wp-content\/uploads\/2020\/08\/dick-offill-1280.jpg","width":1280,"height":800},{"@type":"BreadcrumbList","@id":"https:\/\/interamerica.org\/fr\/2020\/08\/adra-pleure-la-disparition-de-lancien-dirigeant-richard-w-ofill\/#breadcrumb","itemListElement":[{"@type":"ListItem","position":1,"name":"Home","item":"https:\/\/interamerica.org\/fr\/"},{"@type":"ListItem","position":2,"name":"ADRA pleure la disparition de l\u2019ancien dirigeant Richard W. O\u2019Fill"}]},{"@type":"WebSite","@id":"https:\/\/interamerica.org\/fr\/#website","url":"https:\/\/interamerica.org\/fr\/","name":"\u00c9glise Adventiste Du Septieme Jour - Inter Am\u00e9rique Division","description":"","potentialAction":[{"@type":"SearchAction","target":{"@type":"EntryPoint","urlTemplate":"https:\/\/interamerica.org\/fr\/?s={search_term_string}"},"query-input":{"@type":"PropertyValueSpecification","valueRequired":true,"valueName":"search_term_string"}}],"inLanguage":"fr-FR"},{"@type":"Person","@id":"https:\/\/interamerica.org\/fr\/#\/schema\/person\/29998f2bc2d8bd0d38662909289b54f1","name":"libna","image":{"@type":"ImageObject","inLanguage":"fr-FR","@id":"https:\/\/secure.gravatar.com\/avatar\/7c5bd30ae4b47a9ba3c856590957fd1d96dc588bf3ac05719d247e126840331f?s=96&d=mm&r=g","url":"https:\/\/secure.gravatar.com\/avatar\/7c5bd30ae4b47a9ba3c856590957fd1d96dc588bf3ac05719d247e126840331f?s=96&d=mm&r=g","contentUrl":"https:\/\/secure.gravatar.com\/avatar\/7c5bd30ae4b47a9ba3c856590957fd1d96dc588bf3ac05719d247e126840331f?s=96&d=mm&r=g","caption":"libna"}}]}},"_links":{"self":[{"href":"https:\/\/interamerica.org\/fr\/wp-json\/wp\/v2\/posts\/61360","targetHints":{"allow":["GET"]}}],"collection":[{"href":"https:\/\/interamerica.org\/fr\/wp-json\/wp\/v2\/posts"}],"about":[{"href":"https:\/\/interamerica.org\/fr\/wp-json\/wp\/v2\/types\/post"}],"author":[{"embeddable":true,"href":"https:\/\/interamerica.org\/fr\/wp-json\/wp\/v2\/users\/3"}],"replies":[{"embeddable":true,"href":"https:\/\/interamerica.org\/fr\/wp-json\/wp\/v2\/comments?post=61360"}],"version-history":[{"count":0,"href":"https:\/\/interamerica.org\/fr\/wp-json\/wp\/v2\/posts\/61360\/revisions"}],"wp:featuredmedia":[{"embeddable":true,"href":"https:\/\/interamerica.org\/fr\/wp-json\/wp\/v2\/media\/61340"}],"wp:attachment":[{"href":"https:\/\/interamerica.org\/fr\/wp-json\/wp\/v2\/media?parent=61360"}],"wp:term":[{"taxonomy":"category","embeddable":true,"href":"https:\/\/interamerica.org\/fr\/wp-json\/wp\/v2\/categories?post=61360"},{"taxonomy":"post_tag","embeddable":true,"href":"https:\/\/interamerica.org\/fr\/wp-json\/wp\/v2\/tags?post=61360"}],"curies":[{"name":"wp","href":"https:\/\/api.w.org\/{rel}","templated":true}]}}