{"id":61375,"date":"2020-08-06T11:27:41","date_gmt":"2020-08-06T15:27:41","guid":{"rendered":"https:\/\/recursing-golick.147-182-135-0.plesk.page\/?p=61375"},"modified":"2020-08-06T21:11:01","modified_gmt":"2020-08-07T01:11:01","slug":"leglise-tend-la-main-apres-lexplosion-de-beyrouth","status":"publish","type":"post","link":"https:\/\/interamerica.org\/fr\/2020\/08\/leglise-tend-la-main-apres-lexplosion-de-beyrouth\/","title":{"rendered":"L\u2019\u00e9glise tend la main apr\u00e8s l\u2019explosion de Beyrouth"},"content":{"rendered":"<p>5 Ao\u00fbt 2020 | Beyrouth, Liban | Chanmin Chung, coordinateur de la communication, Union du Moyen-Orient et de l\u2019Afrique du Nord<\/p>\n<p>L\u2019\u00c9glise adventiste du septi\u00e8me jour au Liban \u00e9value les d\u00e9g\u00e2ts et nettoie apr\u00e8s qu\u2019une explosion ait secou\u00e9 la ville capitale, Beyrouth, le 4 ao\u00fbt. Les effets de l\u2019explosion ont \u00e9t\u00e9 ressentis jusqu\u2019\u00e0 Chypre, qui se trouve \u00e0 environ 240 kilom\u00e8tres au nord-ouest.<\/p>\n<p>Des sources d\u2019information officielles indiquent que l\u2019explosion a eu lieu dans un b\u00e2timent utilis\u00e9 pour stocker du nitrate d\u2019ammonium, un produit chimique hautement explosif. Des milliers de personnes ont \u00e9t\u00e9 bless\u00e9es et plus de 100 personnes ont \u00e9t\u00e9 tu\u00e9es.<\/p>\n<p>Tous les travailleurs et membres de l\u2019\u00c9glise adventiste ont \u00e9t\u00e9 localis\u00e9s et sont en s\u00e9curit\u00e9, mais certains contacts adventistes ont \u00e9t\u00e9 bless\u00e9s.<\/p>\n<p>Les dirigeants de l\u2019Union du Moyen-Orient et de l\u2019Afrique du Nord (MENA) ont confirm\u00e9 que les b\u00e2timents du campus de l\u2019Universit\u00e9 du Moyen-Orient (MEU) ont subi des d\u00e9g\u00e2ts &#8211; principalement des fen\u00eatres souffl\u00e9es par l\u2019impact de l\u2019explosion qui a aussi touch\u00e9 des maisons, les dortoirs et les salles de classe, et a \u00e9galement caus\u00e9 l\u2019effondrement de plafonds. Des d\u00e9g\u00e2ts similaires ont \u00e9t\u00e9 signal\u00e9s dans le Centre des M\u00e9dias de la MENA sur le campus de la MEU.<\/p>\n<p>Deux \u00e9coles secondaires adventistes \u00e0 Beyrouth et le bureau d\u2019ADRA ont \u00e9galement \u00e9t\u00e9 endommag\u00e9s. La plus durement touch\u00e9 a \u00e9t\u00e9 l\u2019\u00c9cole Secondaire Adventiste de Boucherieh o\u00f9 les \u00e9quipes nettoient les d\u00e9bris des fen\u00eatres et plafonds tomb\u00e9s.<\/p>\n<p>Deux \u00e9glises adventistes situ\u00e9es sur les campus scolaires de Boucherieh et Mouseitbeh ont \u00e9galement \u00e9t\u00e9 touch\u00e9es. Les fen\u00eatres et les portes en verre ont \u00e9t\u00e9 bris\u00e9es et des b\u00e9n\u00e9voles travaillent m\u00e9ticuleusement pour nettoyer les d\u00e9bris. Le Centre d\u2019Apprentissage Adventiste pour les r\u00e9fugi\u00e9s a \u00e9galement \u00e9t\u00e9 gravement endommag\u00e9, affectant l\u2019une des fa\u00e7ons dont l\u2019\u00e9glise aide les r\u00e9fugi\u00e9s au Liban.<\/p>\n<p>\u00ab Notre plus grande pr\u00e9occupation en ce moment est de savoir comment les adventistes peuvent aider le peuple libanais en leur apportant l\u2019esp\u00e9rance ainsi qu\u2019une aide pratique en ce moment. Nous voulons montrer l\u2019amour de Dieu \u00e0 ce pays \u00e0 un moment o\u00f9 beaucoup ont perdu espoir, \u00bb a dit Rick McEdward, pr\u00e9sident de l\u2019\u00c9glise adventiste dans la r\u00e9gion MENA. \u00ab Les ouvriers et les membres de l\u2019\u00e9glise cherchent des moyens d\u2019\u00eatre les mains et les pieds de Dieu pendant cette p\u00e9riode gr\u00e2ce \u00e0 une aide pratique dans les r\u00e9gions les plus touch\u00e9es.<\/p>\n<p>L\u2019impact de l\u2019explosion a d\u00e9vast\u00e9 le centre-ville de Beyrouth et a fait remonter de nouvelles cicatrices \u00e9motionnelles de la guerre civile qui a marqu\u00e9 le pays pendant de nombreuses ann\u00e9es.<\/p>\n<p>De nombreuses personnes \u00e0 travers le monde ont offert leur soutien pendant cette terrible crise. Les s\u00e9quelles de l\u2019explosion sont l\u2019un des nombreux coups qui ont frapp\u00e9 le Liban au cours des neuf derniers mois.<\/p>\n<p>En octobre, de grandes manifestations ont rassembl\u00e9 plusieurs dans tout le Liban, provoquant finalement la d\u00e9mission du Premier Ministre et la formation d\u2019un nouveau gouvernement. L\u2019espoir de voir des r\u00e9formes \u00e9conomiques et infrastructurelles nationales s\u2019est estomp\u00e9 quand la valeur de la devise libanaise a commenc\u00e9 \u00e0 plonger ; Les citoyens libanais ont commenc\u00e9 \u00e0 perdre espoir.<\/p>\n<p>D\u2019octobre \u00e0 d\u00e9cembre, les banques, les \u00e9coles et les bureaux ont \u00e9t\u00e9 fr\u00e9quemment ferm\u00e9s en raison des divers mouvements de protestation, ce qui a paralys\u00e9 le pays.<\/p>\n<p>Juste au moment o\u00f9 le Liban commen\u00e7ait \u00e0 rouvrir pour retrouver un fonctionnement \u00ab normal, \u00bb le monde a \u00e9t\u00e9 frapp\u00e9 par la pand\u00e9mie de COVID-19, provoquant un confinement total mandat\u00e9 par le gouvernement, avec des \u00e9tapes \u00e9ventuelles pour la r\u00e9ouverture.<\/p>\n<p>Les \u00e9coles secondaires adventistes de Beyrouth et l\u2019universit\u00e9 adventiste ont termin\u00e9 l\u2019ann\u00e9e avec des cours en ligne. Dans le m\u00eame temps, le Liban a sombr\u00e9 dans une crise \u00e9conomique qui a entra\u00een\u00e9 une inflation rapide et une d\u00e9valuation de la devise libanaise.<\/p>\n<p>L\u2019Universit\u00e9 du Moyen-Orient et les deux \u00e9coles allant du primaire au lyc\u00e9e au Liban ont \u00e9t\u00e9 \u00e9branl\u00e9es par l\u2019impact financier de la crise \u00e9conomique nationale, qui a \u00e9t\u00e9 multipli\u00e9e par le confinement d\u00fb au COVID-19.<\/p>\n<p>Les enseignants des deux \u00e9coles primaires et secondaires ne re\u00e7oivent qu\u2019une partie de leur salaire, et les \u00e9coles sont contraintes de prendre des mesures extr\u00eames pour voir si elles pourront rouvrir pour l\u2019ann\u00e9e scolaire qui d\u00e9butera plus tard ce mois-ci.<\/p>\n<p>\u00ab Cela a \u00e9t\u00e9 la temp\u00eate parfaite avec une crise qui succ\u00e8de \u00e0 une autre crise pour le Liban, \u00bb a dit Michael Wixwat, tr\u00e9sorier de la MENA. Rick McEdward ajoute : \u00ab Le Liban est un pays dont l\u2019\u00e9conomie est en train de devenir incontr\u00f4lable, puis le COVID-19 a frapp\u00e9 avec tous les confinements qui ont \u00e9touff\u00e9 encore plus l\u2019\u00e9conomie, et maintenant cette explosion d\u00e9vastatrice au c\u0153ur m\u00eame du Liban et dans ses infrastructures. L\u2019explosion a fait subir un autre coup \u00e0 nos institutions bien-aim\u00e9es ici au Liban. \u00bb<\/p>\n<p>Les institutions ayant des ressources financi\u00e8res limit\u00e9es s\u2019emploient \u00e0 r\u00e9parer les d\u00e9g\u00e2ts subis par l\u2019universit\u00e9, les \u00e9coles secondaires et le centre d\u2019apprentissage. La grande crise du Liban a cr\u00e9\u00e9 un contexte pour que de nombreuses institutions au Liban ferment leurs portes au lieu de rouvrir.<\/p>\n<p>Le soutien par la pri\u00e8re est grandement appr\u00e9ci\u00e9 pour l\u2019\u00e9glise et les institutions qui ont \u00e9t\u00e9 touch\u00e9es par la crise au Liban et l\u2019explosion d\u2019hier.<\/p>\n<p>Rick McEdward lance un appel : \u00ab S\u2019il vous pla\u00eet, priez pour l\u2019\u00e9glise au Liban alors qu\u2019elle cherche \u00e0 \u00eatre une b\u00e9n\u00e9diction et \u00e0 apporter de bonnes nouvelles \u00e0 la nation. \u00bb<\/p>\n<p>Traduction: Patrick Luciathe<\/p>\n","protected":false},"excerpt":{"rendered":"<p>5 Ao\u00fbt 2020 | Beyrouth, Liban | Chanmin Chung, coordinateur de la communication, Union du Moyen-Orient et de l\u2019Afrique du Nord L\u2019\u00c9glise adventiste du septi\u00e8me jour au Liban \u00e9value les&#8230;<\/p>\n","protected":false},"author":3,"featured_media":61365,"comment_status":"closed","ping_status":"closed","sticky":false,"template":"","format":"standard","meta":{"_acf_changed":false,"footnotes":""},"categories":[18,19],"tags":[],"class_list":["post-61375","post","type-post","status-publish","format-standard","has-post-thumbnail","hentry","category-nouvelles-de-leglise-mondiale","category-rss-francais"],"acf":[],"yoast_head":"<!-- This site is optimized with the Yoast SEO plugin v27.3 - https:\/\/yoast.com\/product\/yoast-seo-wordpress\/ -->\n<title>L\u2019\u00e9glise tend la main apr\u00e8s l\u2019explosion de Beyrouth - \u00c9glise Adventiste Du Septieme Jour - Inter Am\u00e9rique Division<\/title>\n<meta name=\"robots\" content=\"index, follow, max-snippet:-1, max-image-preview:large, max-video-preview:-1\" \/>\n<link rel=\"canonical\" href=\"https:\/\/interamerica.org\/fr\/2020\/08\/leglise-tend-la-main-apres-lexplosion-de-beyrouth\/\" \/>\n<meta property=\"og:locale\" content=\"fr_FR\" \/>\n<meta property=\"og:type\" content=\"article\" \/>\n<meta property=\"og:title\" content=\"L\u2019\u00e9glise tend la main apr\u00e8s l\u2019explosion de Beyrouth - \u00c9glise Adventiste Du Septieme Jour - Inter Am\u00e9rique Division\" \/>\n<meta property=\"og:description\" content=\"5 Ao\u00fbt 2020 | Beyrouth, Liban | Chanmin Chung, coordinateur de la communication, Union du Moyen-Orient et de l\u2019Afrique du Nord L\u2019\u00c9glise adventiste du septi\u00e8me jour au Liban \u00e9value les...\" \/>\n<meta property=\"og:url\" content=\"https:\/\/interamerica.org\/fr\/2020\/08\/leglise-tend-la-main-apres-lexplosion-de-beyrouth\/\" \/>\n<meta property=\"og:site_name\" content=\"\u00c9glise Adventiste Du Septieme Jour - Inter Am\u00e9rique Division\" \/>\n<meta property=\"article:published_time\" content=\"2020-08-06T15:27:41+00:00\" \/>\n<meta property=\"article:modified_time\" content=\"2020-08-07T01:11:01+00:00\" \/>\n<meta property=\"og:image\" content=\"https:\/\/interamerica.org\/wp-content\/uploads\/2020\/08\/beirut-explosion.jpg\" \/>\n\t<meta property=\"og:image:width\" content=\"1280\" \/>\n\t<meta property=\"og:image:height\" content=\"800\" \/>\n\t<meta property=\"og:image:type\" content=\"image\/jpeg\" \/>\n<meta name=\"author\" content=\"libna\" \/>\n<meta name=\"twitter:card\" content=\"summary_large_image\" \/>\n<meta name=\"twitter:label1\" content=\"\u00c9crit par\" \/>\n\t<meta name=\"twitter:data1\" content=\"libna\" \/>\n\t<meta name=\"twitter:label2\" content=\"Dur\u00e9e de lecture estim\u00e9e\" \/>\n\t<meta name=\"twitter:data2\" content=\"5 minutes\" \/>\n<script type=\"application\/ld+json\" class=\"yoast-schema-graph\">{\"@context\":\"https:\\\/\\\/schema.org\",\"@graph\":[{\"@type\":\"Article\",\"@id\":\"https:\\\/\\\/interamerica.org\\\/fr\\\/2020\\\/08\\\/leglise-tend-la-main-apres-lexplosion-de-beyrouth\\\/#article\",\"isPartOf\":{\"@id\":\"https:\\\/\\\/interamerica.org\\\/fr\\\/2020\\\/08\\\/leglise-tend-la-main-apres-lexplosion-de-beyrouth\\\/\"},\"author\":{\"name\":\"libna\",\"@id\":\"https:\\\/\\\/interamerica.org\\\/fr\\\/#\\\/schema\\\/person\\\/29998f2bc2d8bd0d38662909289b54f1\"},\"headline\":\"L\u2019\u00e9glise tend la main apr\u00e8s l\u2019explosion de Beyrouth\",\"datePublished\":\"2020-08-06T15:27:41+00:00\",\"dateModified\":\"2020-08-07T01:11:01+00:00\",\"mainEntityOfPage\":{\"@id\":\"https:\\\/\\\/interamerica.org\\\/fr\\\/2020\\\/08\\\/leglise-tend-la-main-apres-lexplosion-de-beyrouth\\\/\"},\"wordCount\":1002,\"image\":{\"@id\":\"https:\\\/\\\/interamerica.org\\\/fr\\\/2020\\\/08\\\/leglise-tend-la-main-apres-lexplosion-de-beyrouth\\\/#primaryimage\"},\"thumbnailUrl\":\"https:\\\/\\\/interamerica.org\\\/wp-content\\\/uploads\\\/2020\\\/08\\\/beirut-explosion.jpg\",\"articleSection\":[\"Nouvelles de l'\u00c9glise mondiale\",\"RSS Fran\u00e7ais\"],\"inLanguage\":\"fr-FR\"},{\"@type\":\"WebPage\",\"@id\":\"https:\\\/\\\/interamerica.org\\\/fr\\\/2020\\\/08\\\/leglise-tend-la-main-apres-lexplosion-de-beyrouth\\\/\",\"url\":\"https:\\\/\\\/interamerica.org\\\/fr\\\/2020\\\/08\\\/leglise-tend-la-main-apres-lexplosion-de-beyrouth\\\/\",\"name\":\"L\u2019\u00e9glise tend la main apr\u00e8s l\u2019explosion de Beyrouth - \u00c9glise Adventiste Du Septieme Jour - Inter Am\u00e9rique Division\",\"isPartOf\":{\"@id\":\"https:\\\/\\\/interamerica.org\\\/fr\\\/#website\"},\"primaryImageOfPage\":{\"@id\":\"https:\\\/\\\/interamerica.org\\\/fr\\\/2020\\\/08\\\/leglise-tend-la-main-apres-lexplosion-de-beyrouth\\\/#primaryimage\"},\"image\":{\"@id\":\"https:\\\/\\\/interamerica.org\\\/fr\\\/2020\\\/08\\\/leglise-tend-la-main-apres-lexplosion-de-beyrouth\\\/#primaryimage\"},\"thumbnailUrl\":\"https:\\\/\\\/interamerica.org\\\/wp-content\\\/uploads\\\/2020\\\/08\\\/beirut-explosion.jpg\",\"datePublished\":\"2020-08-06T15:27:41+00:00\",\"dateModified\":\"2020-08-07T01:11:01+00:00\",\"author\":{\"@id\":\"https:\\\/\\\/interamerica.org\\\/fr\\\/#\\\/schema\\\/person\\\/29998f2bc2d8bd0d38662909289b54f1\"},\"breadcrumb\":{\"@id\":\"https:\\\/\\\/interamerica.org\\\/fr\\\/2020\\\/08\\\/leglise-tend-la-main-apres-lexplosion-de-beyrouth\\\/#breadcrumb\"},\"inLanguage\":\"fr-FR\",\"potentialAction\":[{\"@type\":\"ReadAction\",\"target\":[\"https:\\\/\\\/interamerica.org\\\/fr\\\/2020\\\/08\\\/leglise-tend-la-main-apres-lexplosion-de-beyrouth\\\/\"]}]},{\"@type\":\"ImageObject\",\"inLanguage\":\"fr-FR\",\"@id\":\"https:\\\/\\\/interamerica.org\\\/fr\\\/2020\\\/08\\\/leglise-tend-la-main-apres-lexplosion-de-beyrouth\\\/#primaryimage\",\"url\":\"https:\\\/\\\/interamerica.org\\\/wp-content\\\/uploads\\\/2020\\\/08\\\/beirut-explosion.jpg\",\"contentUrl\":\"https:\\\/\\\/interamerica.org\\\/wp-content\\\/uploads\\\/2020\\\/08\\\/beirut-explosion.jpg\",\"width\":1280,\"height\":800,\"caption\":\"[Photo: MENA}\"},{\"@type\":\"BreadcrumbList\",\"@id\":\"https:\\\/\\\/interamerica.org\\\/fr\\\/2020\\\/08\\\/leglise-tend-la-main-apres-lexplosion-de-beyrouth\\\/#breadcrumb\",\"itemListElement\":[{\"@type\":\"ListItem\",\"position\":1,\"name\":\"Home\",\"item\":\"https:\\\/\\\/interamerica.org\\\/fr\\\/\"},{\"@type\":\"ListItem\",\"position\":2,\"name\":\"L\u2019\u00e9glise tend la main apr\u00e8s l\u2019explosion de Beyrouth\"}]},{\"@type\":\"WebSite\",\"@id\":\"https:\\\/\\\/interamerica.org\\\/fr\\\/#website\",\"url\":\"https:\\\/\\\/interamerica.org\\\/fr\\\/\",\"name\":\"\u00c9glise Adventiste Du Septieme Jour - Inter Am\u00e9rique Division\",\"description\":\"\",\"potentialAction\":[{\"@type\":\"SearchAction\",\"target\":{\"@type\":\"EntryPoint\",\"urlTemplate\":\"https:\\\/\\\/interamerica.org\\\/fr\\\/?s={search_term_string}\"},\"query-input\":{\"@type\":\"PropertyValueSpecification\",\"valueRequired\":true,\"valueName\":\"search_term_string\"}}],\"inLanguage\":\"fr-FR\"},{\"@type\":\"Person\",\"@id\":\"https:\\\/\\\/interamerica.org\\\/fr\\\/#\\\/schema\\\/person\\\/29998f2bc2d8bd0d38662909289b54f1\",\"name\":\"libna\",\"image\":{\"@type\":\"ImageObject\",\"inLanguage\":\"fr-FR\",\"@id\":\"https:\\\/\\\/secure.gravatar.com\\\/avatar\\\/7c5bd30ae4b47a9ba3c856590957fd1d96dc588bf3ac05719d247e126840331f?s=96&d=mm&r=g\",\"url\":\"https:\\\/\\\/secure.gravatar.com\\\/avatar\\\/7c5bd30ae4b47a9ba3c856590957fd1d96dc588bf3ac05719d247e126840331f?s=96&d=mm&r=g\",\"contentUrl\":\"https:\\\/\\\/secure.gravatar.com\\\/avatar\\\/7c5bd30ae4b47a9ba3c856590957fd1d96dc588bf3ac05719d247e126840331f?s=96&d=mm&r=g\",\"caption\":\"libna\"}}]}<\/script>\n<!-- \/ Yoast SEO plugin. -->","yoast_head_json":{"title":"L\u2019\u00e9glise tend la main apr\u00e8s l\u2019explosion de Beyrouth - \u00c9glise Adventiste Du Septieme Jour - Inter Am\u00e9rique Division","robots":{"index":"index","follow":"follow","max-snippet":"max-snippet:-1","max-image-preview":"max-image-preview:large","max-video-preview":"max-video-preview:-1"},"canonical":"https:\/\/interamerica.org\/fr\/2020\/08\/leglise-tend-la-main-apres-lexplosion-de-beyrouth\/","og_locale":"fr_FR","og_type":"article","og_title":"L\u2019\u00e9glise tend la main apr\u00e8s l\u2019explosion de Beyrouth - \u00c9glise Adventiste Du Septieme Jour - Inter Am\u00e9rique Division","og_description":"5 Ao\u00fbt 2020 | Beyrouth, Liban | Chanmin Chung, coordinateur de la communication, Union du Moyen-Orient et de l\u2019Afrique du Nord L\u2019\u00c9glise adventiste du septi\u00e8me jour au Liban \u00e9value les...","og_url":"https:\/\/interamerica.org\/fr\/2020\/08\/leglise-tend-la-main-apres-lexplosion-de-beyrouth\/","og_site_name":"\u00c9glise Adventiste Du Septieme Jour - Inter Am\u00e9rique Division","article_published_time":"2020-08-06T15:27:41+00:00","article_modified_time":"2020-08-07T01:11:01+00:00","og_image":[{"width":1280,"height":800,"url":"https:\/\/interamerica.org\/wp-content\/uploads\/2020\/08\/beirut-explosion.jpg","type":"image\/jpeg"}],"author":"libna","twitter_card":"summary_large_image","twitter_misc":{"\u00c9crit par":"libna","Dur\u00e9e de lecture estim\u00e9e":"5 minutes"},"schema":{"@context":"https:\/\/schema.org","@graph":[{"@type":"Article","@id":"https:\/\/interamerica.org\/fr\/2020\/08\/leglise-tend-la-main-apres-lexplosion-de-beyrouth\/#article","isPartOf":{"@id":"https:\/\/interamerica.org\/fr\/2020\/08\/leglise-tend-la-main-apres-lexplosion-de-beyrouth\/"},"author":{"name":"libna","@id":"https:\/\/interamerica.org\/fr\/#\/schema\/person\/29998f2bc2d8bd0d38662909289b54f1"},"headline":"L\u2019\u00e9glise tend la main apr\u00e8s l\u2019explosion de Beyrouth","datePublished":"2020-08-06T15:27:41+00:00","dateModified":"2020-08-07T01:11:01+00:00","mainEntityOfPage":{"@id":"https:\/\/interamerica.org\/fr\/2020\/08\/leglise-tend-la-main-apres-lexplosion-de-beyrouth\/"},"wordCount":1002,"image":{"@id":"https:\/\/interamerica.org\/fr\/2020\/08\/leglise-tend-la-main-apres-lexplosion-de-beyrouth\/#primaryimage"},"thumbnailUrl":"https:\/\/interamerica.org\/wp-content\/uploads\/2020\/08\/beirut-explosion.jpg","articleSection":["Nouvelles de l'\u00c9glise mondiale","RSS Fran\u00e7ais"],"inLanguage":"fr-FR"},{"@type":"WebPage","@id":"https:\/\/interamerica.org\/fr\/2020\/08\/leglise-tend-la-main-apres-lexplosion-de-beyrouth\/","url":"https:\/\/interamerica.org\/fr\/2020\/08\/leglise-tend-la-main-apres-lexplosion-de-beyrouth\/","name":"L\u2019\u00e9glise tend la main apr\u00e8s l\u2019explosion de Beyrouth - \u00c9glise Adventiste Du Septieme Jour - Inter Am\u00e9rique Division","isPartOf":{"@id":"https:\/\/interamerica.org\/fr\/#website"},"primaryImageOfPage":{"@id":"https:\/\/interamerica.org\/fr\/2020\/08\/leglise-tend-la-main-apres-lexplosion-de-beyrouth\/#primaryimage"},"image":{"@id":"https:\/\/interamerica.org\/fr\/2020\/08\/leglise-tend-la-main-apres-lexplosion-de-beyrouth\/#primaryimage"},"thumbnailUrl":"https:\/\/interamerica.org\/wp-content\/uploads\/2020\/08\/beirut-explosion.jpg","datePublished":"2020-08-06T15:27:41+00:00","dateModified":"2020-08-07T01:11:01+00:00","author":{"@id":"https:\/\/interamerica.org\/fr\/#\/schema\/person\/29998f2bc2d8bd0d38662909289b54f1"},"breadcrumb":{"@id":"https:\/\/interamerica.org\/fr\/2020\/08\/leglise-tend-la-main-apres-lexplosion-de-beyrouth\/#breadcrumb"},"inLanguage":"fr-FR","potentialAction":[{"@type":"ReadAction","target":["https:\/\/interamerica.org\/fr\/2020\/08\/leglise-tend-la-main-apres-lexplosion-de-beyrouth\/"]}]},{"@type":"ImageObject","inLanguage":"fr-FR","@id":"https:\/\/interamerica.org\/fr\/2020\/08\/leglise-tend-la-main-apres-lexplosion-de-beyrouth\/#primaryimage","url":"https:\/\/interamerica.org\/wp-content\/uploads\/2020\/08\/beirut-explosion.jpg","contentUrl":"https:\/\/interamerica.org\/wp-content\/uploads\/2020\/08\/beirut-explosion.jpg","width":1280,"height":800,"caption":"[Photo: MENA}"},{"@type":"BreadcrumbList","@id":"https:\/\/interamerica.org\/fr\/2020\/08\/leglise-tend-la-main-apres-lexplosion-de-beyrouth\/#breadcrumb","itemListElement":[{"@type":"ListItem","position":1,"name":"Home","item":"https:\/\/interamerica.org\/fr\/"},{"@type":"ListItem","position":2,"name":"L\u2019\u00e9glise tend la main apr\u00e8s l\u2019explosion de Beyrouth"}]},{"@type":"WebSite","@id":"https:\/\/interamerica.org\/fr\/#website","url":"https:\/\/interamerica.org\/fr\/","name":"\u00c9glise Adventiste Du Septieme Jour - Inter Am\u00e9rique Division","description":"","potentialAction":[{"@type":"SearchAction","target":{"@type":"EntryPoint","urlTemplate":"https:\/\/interamerica.org\/fr\/?s={search_term_string}"},"query-input":{"@type":"PropertyValueSpecification","valueRequired":true,"valueName":"search_term_string"}}],"inLanguage":"fr-FR"},{"@type":"Person","@id":"https:\/\/interamerica.org\/fr\/#\/schema\/person\/29998f2bc2d8bd0d38662909289b54f1","name":"libna","image":{"@type":"ImageObject","inLanguage":"fr-FR","@id":"https:\/\/secure.gravatar.com\/avatar\/7c5bd30ae4b47a9ba3c856590957fd1d96dc588bf3ac05719d247e126840331f?s=96&d=mm&r=g","url":"https:\/\/secure.gravatar.com\/avatar\/7c5bd30ae4b47a9ba3c856590957fd1d96dc588bf3ac05719d247e126840331f?s=96&d=mm&r=g","contentUrl":"https:\/\/secure.gravatar.com\/avatar\/7c5bd30ae4b47a9ba3c856590957fd1d96dc588bf3ac05719d247e126840331f?s=96&d=mm&r=g","caption":"libna"}}]}},"_links":{"self":[{"href":"https:\/\/interamerica.org\/fr\/wp-json\/wp\/v2\/posts\/61375","targetHints":{"allow":["GET"]}}],"collection":[{"href":"https:\/\/interamerica.org\/fr\/wp-json\/wp\/v2\/posts"}],"about":[{"href":"https:\/\/interamerica.org\/fr\/wp-json\/wp\/v2\/types\/post"}],"author":[{"embeddable":true,"href":"https:\/\/interamerica.org\/fr\/wp-json\/wp\/v2\/users\/3"}],"replies":[{"embeddable":true,"href":"https:\/\/interamerica.org\/fr\/wp-json\/wp\/v2\/comments?post=61375"}],"version-history":[{"count":0,"href":"https:\/\/interamerica.org\/fr\/wp-json\/wp\/v2\/posts\/61375\/revisions"}],"wp:featuredmedia":[{"embeddable":true,"href":"https:\/\/interamerica.org\/fr\/wp-json\/wp\/v2\/media\/61365"}],"wp:attachment":[{"href":"https:\/\/interamerica.org\/fr\/wp-json\/wp\/v2\/media?parent=61375"}],"wp:term":[{"taxonomy":"category","embeddable":true,"href":"https:\/\/interamerica.org\/fr\/wp-json\/wp\/v2\/categories?post=61375"},{"taxonomy":"post_tag","embeddable":true,"href":"https:\/\/interamerica.org\/fr\/wp-json\/wp\/v2\/tags?post=61375"}],"curies":[{"name":"wp","href":"https:\/\/api.w.org\/{rel}","templated":true}]}}