{"id":63914,"date":"2020-10-16T10:31:30","date_gmt":"2020-10-16T14:31:30","guid":{"rendered":"https:\/\/recursing-golick.147-182-135-0.plesk.page\/?p=63914"},"modified":"2020-10-16T20:43:39","modified_gmt":"2020-10-17T00:43:39","slug":"linter-amerique-presentera-un-programme-special-sabbat-de-la-creation-le-24-octobre","status":"publish","type":"post","link":"https:\/\/interamerica.org\/fr\/2020\/10\/linter-amerique-presentera-un-programme-special-sabbat-de-la-creation-le-24-octobre\/","title":{"rendered":"L\u2019Inter-Am\u00e9rique pr\u00e9sentera un programme sp\u00e9cial \u00ab Sabbat de la Cr\u00e9ation \u00bb le 24 octobre"},"content":{"rendered":"<p>16 Octobre 2020 | Miami, Floride, \u00c9tats-Unis | Libna Stevens, P\u00f4le Informations de la Division Inter Am\u00e9ricaine<\/p>\n<p>Les dirigeants adventistes du septi\u00e8me jour dans la Division Inter Am\u00e9ricaine veulent encourager tous leurs membres d\u2019\u00e9glise dans les milliers de congr\u00e9gations \u00e0 c\u00e9l\u00e9brer le Cr\u00e9ateur de l\u2019univers \u00e0 l\u2019occasion d\u2019un service de culte sp\u00e9cial le 24 octobre 2020. D\u00e9sign\u00e9 comme \u00ab Sabbat de la Cr\u00e9ation \u00bb dans l\u2019ensemble de l\u2019\u00c9glise adventiste mondiale chaque quatri\u00e8me sabbat du mois d\u2019octobre, la journ\u00e9e est un moment sp\u00e9cial pris pour r\u00e9fl\u00e9chir sur les \u0153uvres de la cr\u00e9ation et sur le plan de salut tel que d\u00e9crit dans les Saintes \u00c9critures, ont indiqu\u00e9 les organisateurs.<\/p>\n<p>Le service de culte en ligne de deux heures comprendra des pr\u00e9sentations et des messages par des experts de l\u2019Institut de Recherche G\u00e9oscientifique (GRI) de l\u2019\u00e9glise, ainsi que des vid\u00e9os, de la musique, des ressources et des activit\u00e9s importantes que les \u00e9glises pourront proposer \u00e0 leurs membres et \u00e0 leurs communaut\u00e9s tout au long de la journ\u00e9e sp\u00e9ciale et au cours des mois qui suivront.<\/p>\n<p>Bien que la journ\u00e9e sp\u00e9ciale ait \u00e9t\u00e9 c\u00e9l\u00e9br\u00e9e dans les \u00e9glises locales du territoire de la DIA depuis sa cr\u00e9ation il y a 15 ans, cette ann\u00e9e marquera la premi\u00e8re fois o\u00f9 elle sera promue avec un service de culte sp\u00e9cial tenu depuis le si\u00e8ge de la DIA, a d\u00e9clar\u00e9 pasteur Marcos Terreros, vice-pr\u00e9sident des affaires universitaires au S\u00e9minaire Th\u00e9ologique Inter Am\u00e9ricain et repr\u00e9sentant de la DIA au Conseil d\u2019Administration de l\u2019Institut de Recherche G\u00e9oscientifique.<\/p>\n<p><div id=\"attachment_63885\" style=\"width: 789px\" class=\"wp-caption aligncenter\"><img fetchpriority=\"high\" decoding=\"async\" aria-describedby=\"caption-attachment-63885\" class=\" wp-image-63885\" src=\"https:\/\/recursing-golick.147-182-135-0.plesk.page\/wp-content\/uploads\/2020\/10\/creation-sabbath-spa.jpg\" alt=\"\" width=\"779\" height=\"777\" srcset=\"https:\/\/interamerica.org\/wp-content\/uploads\/2020\/10\/creation-sabbath-spa.jpg 1024w, https:\/\/interamerica.org\/wp-content\/uploads\/2020\/10\/creation-sabbath-spa-300x300.jpg 300w, https:\/\/interamerica.org\/wp-content\/uploads\/2020\/10\/creation-sabbath-spa-150x150.jpg 150w, https:\/\/interamerica.org\/wp-content\/uploads\/2020\/10\/creation-sabbath-spa-768x767.jpg 768w\" sizes=\"(max-width: 779px) 100vw, 779px\" \/><p id=\"caption-attachment-63885\" class=\"wp-caption-text\">[Image: Division Inter-Am\u00e9ricaine]<\/p><\/div>\u00ab La cr\u00e9ation est au c\u0153ur de l\u2019accomplissement de notre mission en tant qu\u2019\u00e9glise et nous sommes invit\u00e9s \u00e0 appeler le monde \u00e0 adorer le Cr\u00e9ateur, comme expliqu\u00e9 par les messages des trois anges que l\u2019on trouve dans le livre de l\u2019Apocalypse, \u00bb a d\u00e9clar\u00e9 pasteur Terreros. \u00ab La th\u00e9orie de l\u2019\u00e9volution a d\u00e9form\u00e9 l\u2019image de Dieu en tant que Cr\u00e9ateur et est le point de vue accept\u00e9 dans le monde d\u2019aujourd\u2019hui par de nombreux scientifiques, par les gens en g\u00e9n\u00e9ral, et m\u00eame de nombreux responsables religieux de diff\u00e9rentes confessions ont accept\u00e9 une version de la th\u00e9orie. Par cons\u00e9quent, nous avons le privil\u00e8ge d\u2019exalter le Cr\u00e9ateur et ses \u0153uvres cr\u00e9atrices non seulement une fois par an mais toujours. \u00bb<\/p>\n<p>Il s\u2019agit de motiver les dirigeants et les membres d\u2019\u00e9glise \u00e0 c\u00e9l\u00e9brer et \u00e0 mettre l\u2019accent sur la puissance et la gr\u00e2ce de Dieu en tant que Cr\u00e9ateur et R\u00e9dempteur, et \u00e0 partager les v\u00e9rit\u00e9s que la Bible enseigne de la Gen\u00e8se \u00e0 l\u2019Apocalypse \u00e0 toute personne dans leurs communaut\u00e9s, a d\u00e9clar\u00e9 pasteur Terreros.<\/p>\n<p>Le pr\u00e9sident de la Division Inter Am\u00e9ricaine, le pasteur Elie Henry, a r\u00e9cemment rappel\u00e9 aux principaux administrateurs de l\u2019\u00e9glise dans les 24 principales r\u00e9gions eccl\u00e9siales du territoire de veiller \u00e0 ce que le \u00ab Sabbat de la Cr\u00e9ation \u00bb soit c\u00e9l\u00e9br\u00e9 dans les plus de 23000 \u00e9glises et groupes de leur territoire. \u00ab Nous voulons nous assurer de mettre l\u2019emphase sur la cr\u00e9ation dans nos \u00e9glises cette ann\u00e9e, \u00bb a d\u00e9clar\u00e9 pasteur Henry. \u00ab C\u2019est une partie tr\u00e8s importante et forte du Message des Trois Anges et une attention particuli\u00e8re doit \u00eatre port\u00e9e \u00e0 la d\u00e9marche visant \u00e0 s\u2019assurer que chaque congr\u00e9gation du territoire ait la possibilit\u00e9 de voir le programme en ligne et \/ ou de mettre l\u2019accent sur l\u2019importance de la cr\u00e9ation pendant la journ\u00e9e sp\u00e9ciale. \u00bb<\/p>\n<p>Le programme sp\u00e9cial en ligne \u00ab Sabbat de la Cr\u00e9ation \u00bb organis\u00e9 par l\u2019Inter Am\u00e9rique le 24 octobre 2020, se d\u00e9roulera en anglais, espagnol et fran\u00e7ais, de 10h00 \u00e0 12h00, heure de Miami, sur <a href=\"https:\/\/www.youtube.com\/c\/InterAmericanDivision\">webcast.interamerica.org<\/a><\/p>\n<p>Pour trouver des ressources sur le Sabbat de la Cr\u00e9ation, visitez le site <a href=\"https:\/\/www.grisda.org\/\">grisda.org<\/a><\/p>\n<p>Traduction: Patrick Luciathe<\/p>\n","protected":false},"excerpt":{"rendered":"<p>16 Octobre 2020 | Miami, Floride, \u00c9tats-Unis | Libna Stevens, P\u00f4le Informations de la Division Inter Am\u00e9ricaine Les dirigeants adventistes du septi\u00e8me jour dans la Division Inter Am\u00e9ricaine veulent encourager&#8230;<\/p>\n","protected":false},"author":3,"featured_media":63885,"comment_status":"closed","ping_status":"closed","sticky":false,"template":"","format":"standard","meta":{"_acf_changed":false,"footnotes":""},"categories":[20,19],"tags":[],"class_list":["post-63914","post","type-post","status-publish","format-standard","has-post-thumbnail","hentry","category-nouvelles-du-siege-de-la-division","category-rss-francais"],"acf":[],"yoast_head":"<!-- This site is optimized with the Yoast SEO plugin v27.3 - https:\/\/yoast.com\/product\/yoast-seo-wordpress\/ -->\n<title>L\u2019Inter-Am\u00e9rique pr\u00e9sentera un programme sp\u00e9cial \u00ab Sabbat de la Cr\u00e9ation \u00bb le 24 octobre - \u00c9glise Adventiste Du Septieme Jour - Inter Am\u00e9rique Division<\/title>\n<meta name=\"robots\" content=\"index, follow, max-snippet:-1, max-image-preview:large, max-video-preview:-1\" \/>\n<link rel=\"canonical\" href=\"https:\/\/interamerica.org\/fr\/2020\/10\/linter-amerique-presentera-un-programme-special-sabbat-de-la-creation-le-24-octobre\/\" \/>\n<meta property=\"og:locale\" content=\"fr_FR\" \/>\n<meta property=\"og:type\" content=\"article\" \/>\n<meta property=\"og:title\" content=\"L\u2019Inter-Am\u00e9rique pr\u00e9sentera un programme sp\u00e9cial \u00ab Sabbat de la Cr\u00e9ation \u00bb le 24 octobre - \u00c9glise Adventiste Du Septieme Jour - Inter Am\u00e9rique Division\" \/>\n<meta property=\"og:description\" content=\"16 Octobre 2020 | Miami, Floride, \u00c9tats-Unis | Libna Stevens, P\u00f4le Informations de la Division Inter Am\u00e9ricaine Les dirigeants adventistes du septi\u00e8me jour dans la Division Inter Am\u00e9ricaine veulent encourager...\" \/>\n<meta property=\"og:url\" content=\"https:\/\/interamerica.org\/fr\/2020\/10\/linter-amerique-presentera-un-programme-special-sabbat-de-la-creation-le-24-octobre\/\" \/>\n<meta property=\"og:site_name\" content=\"\u00c9glise Adventiste Du Septieme Jour - Inter Am\u00e9rique Division\" \/>\n<meta property=\"article:published_time\" content=\"2020-10-16T14:31:30+00:00\" \/>\n<meta property=\"article:modified_time\" content=\"2020-10-17T00:43:39+00:00\" \/>\n<meta property=\"og:image\" content=\"https:\/\/interamerica.org\/wp-content\/uploads\/2020\/10\/creation-sabbath-spa.jpg\" \/>\n\t<meta property=\"og:image:width\" content=\"1024\" \/>\n\t<meta property=\"og:image:height\" content=\"1022\" \/>\n\t<meta property=\"og:image:type\" content=\"image\/jpeg\" \/>\n<meta name=\"author\" content=\"libna\" \/>\n<meta name=\"twitter:card\" content=\"summary_large_image\" \/>\n<meta name=\"twitter:label1\" content=\"\u00c9crit par\" \/>\n\t<meta name=\"twitter:data1\" content=\"libna\" \/>\n\t<meta name=\"twitter:label2\" content=\"Dur\u00e9e de lecture estim\u00e9e\" \/>\n\t<meta name=\"twitter:data2\" content=\"4 minutes\" \/>\n<script type=\"application\/ld+json\" class=\"yoast-schema-graph\">{\"@context\":\"https:\\\/\\\/schema.org\",\"@graph\":[{\"@type\":\"Article\",\"@id\":\"https:\\\/\\\/interamerica.org\\\/fr\\\/2020\\\/10\\\/linter-amerique-presentera-un-programme-special-sabbat-de-la-creation-le-24-octobre\\\/#article\",\"isPartOf\":{\"@id\":\"https:\\\/\\\/interamerica.org\\\/fr\\\/2020\\\/10\\\/linter-amerique-presentera-un-programme-special-sabbat-de-la-creation-le-24-octobre\\\/\"},\"author\":{\"name\":\"libna\",\"@id\":\"https:\\\/\\\/interamerica.org\\\/fr\\\/#\\\/schema\\\/person\\\/29998f2bc2d8bd0d38662909289b54f1\"},\"headline\":\"L\u2019Inter-Am\u00e9rique pr\u00e9sentera un programme sp\u00e9cial \u00ab Sabbat de la Cr\u00e9ation \u00bb le 24 octobre\",\"datePublished\":\"2020-10-16T14:31:30+00:00\",\"dateModified\":\"2020-10-17T00:43:39+00:00\",\"mainEntityOfPage\":{\"@id\":\"https:\\\/\\\/interamerica.org\\\/fr\\\/2020\\\/10\\\/linter-amerique-presentera-un-programme-special-sabbat-de-la-creation-le-24-octobre\\\/\"},\"wordCount\":716,\"image\":{\"@id\":\"https:\\\/\\\/interamerica.org\\\/fr\\\/2020\\\/10\\\/linter-amerique-presentera-un-programme-special-sabbat-de-la-creation-le-24-octobre\\\/#primaryimage\"},\"thumbnailUrl\":\"https:\\\/\\\/interamerica.org\\\/wp-content\\\/uploads\\\/2020\\\/10\\\/creation-sabbath-spa.jpg\",\"articleSection\":[\"Nouvelles du si\u00e8ge de la division\",\"RSS Fran\u00e7ais\"],\"inLanguage\":\"fr-FR\"},{\"@type\":\"WebPage\",\"@id\":\"https:\\\/\\\/interamerica.org\\\/fr\\\/2020\\\/10\\\/linter-amerique-presentera-un-programme-special-sabbat-de-la-creation-le-24-octobre\\\/\",\"url\":\"https:\\\/\\\/interamerica.org\\\/fr\\\/2020\\\/10\\\/linter-amerique-presentera-un-programme-special-sabbat-de-la-creation-le-24-octobre\\\/\",\"name\":\"L\u2019Inter-Am\u00e9rique pr\u00e9sentera un programme sp\u00e9cial \u00ab Sabbat de la Cr\u00e9ation \u00bb le 24 octobre - \u00c9glise Adventiste Du Septieme Jour - Inter Am\u00e9rique Division\",\"isPartOf\":{\"@id\":\"https:\\\/\\\/interamerica.org\\\/fr\\\/#website\"},\"primaryImageOfPage\":{\"@id\":\"https:\\\/\\\/interamerica.org\\\/fr\\\/2020\\\/10\\\/linter-amerique-presentera-un-programme-special-sabbat-de-la-creation-le-24-octobre\\\/#primaryimage\"},\"image\":{\"@id\":\"https:\\\/\\\/interamerica.org\\\/fr\\\/2020\\\/10\\\/linter-amerique-presentera-un-programme-special-sabbat-de-la-creation-le-24-octobre\\\/#primaryimage\"},\"thumbnailUrl\":\"https:\\\/\\\/interamerica.org\\\/wp-content\\\/uploads\\\/2020\\\/10\\\/creation-sabbath-spa.jpg\",\"datePublished\":\"2020-10-16T14:31:30+00:00\",\"dateModified\":\"2020-10-17T00:43:39+00:00\",\"author\":{\"@id\":\"https:\\\/\\\/interamerica.org\\\/fr\\\/#\\\/schema\\\/person\\\/29998f2bc2d8bd0d38662909289b54f1\"},\"breadcrumb\":{\"@id\":\"https:\\\/\\\/interamerica.org\\\/fr\\\/2020\\\/10\\\/linter-amerique-presentera-un-programme-special-sabbat-de-la-creation-le-24-octobre\\\/#breadcrumb\"},\"inLanguage\":\"fr-FR\",\"potentialAction\":[{\"@type\":\"ReadAction\",\"target\":[\"https:\\\/\\\/interamerica.org\\\/fr\\\/2020\\\/10\\\/linter-amerique-presentera-un-programme-special-sabbat-de-la-creation-le-24-octobre\\\/\"]}]},{\"@type\":\"ImageObject\",\"inLanguage\":\"fr-FR\",\"@id\":\"https:\\\/\\\/interamerica.org\\\/fr\\\/2020\\\/10\\\/linter-amerique-presentera-un-programme-special-sabbat-de-la-creation-le-24-octobre\\\/#primaryimage\",\"url\":\"https:\\\/\\\/interamerica.org\\\/wp-content\\\/uploads\\\/2020\\\/10\\\/creation-sabbath-spa.jpg\",\"contentUrl\":\"https:\\\/\\\/interamerica.org\\\/wp-content\\\/uploads\\\/2020\\\/10\\\/creation-sabbath-spa.jpg\",\"width\":1024,\"height\":1022,\"caption\":\"[Image: Division Inter-Am\u00e9ricaine]\"},{\"@type\":\"BreadcrumbList\",\"@id\":\"https:\\\/\\\/interamerica.org\\\/fr\\\/2020\\\/10\\\/linter-amerique-presentera-un-programme-special-sabbat-de-la-creation-le-24-octobre\\\/#breadcrumb\",\"itemListElement\":[{\"@type\":\"ListItem\",\"position\":1,\"name\":\"Home\",\"item\":\"https:\\\/\\\/interamerica.org\\\/fr\\\/\"},{\"@type\":\"ListItem\",\"position\":2,\"name\":\"L\u2019Inter-Am\u00e9rique pr\u00e9sentera un programme sp\u00e9cial \u00ab Sabbat de la Cr\u00e9ation \u00bb le 24 octobre\"}]},{\"@type\":\"WebSite\",\"@id\":\"https:\\\/\\\/interamerica.org\\\/fr\\\/#website\",\"url\":\"https:\\\/\\\/interamerica.org\\\/fr\\\/\",\"name\":\"\u00c9glise Adventiste Du Septieme Jour - Inter Am\u00e9rique Division\",\"description\":\"\",\"potentialAction\":[{\"@type\":\"SearchAction\",\"target\":{\"@type\":\"EntryPoint\",\"urlTemplate\":\"https:\\\/\\\/interamerica.org\\\/fr\\\/?s={search_term_string}\"},\"query-input\":{\"@type\":\"PropertyValueSpecification\",\"valueRequired\":true,\"valueName\":\"search_term_string\"}}],\"inLanguage\":\"fr-FR\"},{\"@type\":\"Person\",\"@id\":\"https:\\\/\\\/interamerica.org\\\/fr\\\/#\\\/schema\\\/person\\\/29998f2bc2d8bd0d38662909289b54f1\",\"name\":\"libna\",\"image\":{\"@type\":\"ImageObject\",\"inLanguage\":\"fr-FR\",\"@id\":\"https:\\\/\\\/secure.gravatar.com\\\/avatar\\\/7c5bd30ae4b47a9ba3c856590957fd1d96dc588bf3ac05719d247e126840331f?s=96&d=mm&r=g\",\"url\":\"https:\\\/\\\/secure.gravatar.com\\\/avatar\\\/7c5bd30ae4b47a9ba3c856590957fd1d96dc588bf3ac05719d247e126840331f?s=96&d=mm&r=g\",\"contentUrl\":\"https:\\\/\\\/secure.gravatar.com\\\/avatar\\\/7c5bd30ae4b47a9ba3c856590957fd1d96dc588bf3ac05719d247e126840331f?s=96&d=mm&r=g\",\"caption\":\"libna\"}}]}<\/script>\n<!-- \/ Yoast SEO plugin. -->","yoast_head_json":{"title":"L\u2019Inter-Am\u00e9rique pr\u00e9sentera un programme sp\u00e9cial \u00ab Sabbat de la Cr\u00e9ation \u00bb le 24 octobre - \u00c9glise Adventiste Du Septieme Jour - Inter Am\u00e9rique Division","robots":{"index":"index","follow":"follow","max-snippet":"max-snippet:-1","max-image-preview":"max-image-preview:large","max-video-preview":"max-video-preview:-1"},"canonical":"https:\/\/interamerica.org\/fr\/2020\/10\/linter-amerique-presentera-un-programme-special-sabbat-de-la-creation-le-24-octobre\/","og_locale":"fr_FR","og_type":"article","og_title":"L\u2019Inter-Am\u00e9rique pr\u00e9sentera un programme sp\u00e9cial \u00ab Sabbat de la Cr\u00e9ation \u00bb le 24 octobre - \u00c9glise Adventiste Du Septieme Jour - Inter Am\u00e9rique Division","og_description":"16 Octobre 2020 | Miami, Floride, \u00c9tats-Unis | Libna Stevens, P\u00f4le Informations de la Division Inter Am\u00e9ricaine Les dirigeants adventistes du septi\u00e8me jour dans la Division Inter Am\u00e9ricaine veulent encourager...","og_url":"https:\/\/interamerica.org\/fr\/2020\/10\/linter-amerique-presentera-un-programme-special-sabbat-de-la-creation-le-24-octobre\/","og_site_name":"\u00c9glise Adventiste Du Septieme Jour - Inter Am\u00e9rique Division","article_published_time":"2020-10-16T14:31:30+00:00","article_modified_time":"2020-10-17T00:43:39+00:00","og_image":[{"width":1024,"height":1022,"url":"https:\/\/interamerica.org\/wp-content\/uploads\/2020\/10\/creation-sabbath-spa.jpg","type":"image\/jpeg"}],"author":"libna","twitter_card":"summary_large_image","twitter_misc":{"\u00c9crit par":"libna","Dur\u00e9e de lecture estim\u00e9e":"4 minutes"},"schema":{"@context":"https:\/\/schema.org","@graph":[{"@type":"Article","@id":"https:\/\/interamerica.org\/fr\/2020\/10\/linter-amerique-presentera-un-programme-special-sabbat-de-la-creation-le-24-octobre\/#article","isPartOf":{"@id":"https:\/\/interamerica.org\/fr\/2020\/10\/linter-amerique-presentera-un-programme-special-sabbat-de-la-creation-le-24-octobre\/"},"author":{"name":"libna","@id":"https:\/\/interamerica.org\/fr\/#\/schema\/person\/29998f2bc2d8bd0d38662909289b54f1"},"headline":"L\u2019Inter-Am\u00e9rique pr\u00e9sentera un programme sp\u00e9cial \u00ab Sabbat de la Cr\u00e9ation \u00bb le 24 octobre","datePublished":"2020-10-16T14:31:30+00:00","dateModified":"2020-10-17T00:43:39+00:00","mainEntityOfPage":{"@id":"https:\/\/interamerica.org\/fr\/2020\/10\/linter-amerique-presentera-un-programme-special-sabbat-de-la-creation-le-24-octobre\/"},"wordCount":716,"image":{"@id":"https:\/\/interamerica.org\/fr\/2020\/10\/linter-amerique-presentera-un-programme-special-sabbat-de-la-creation-le-24-octobre\/#primaryimage"},"thumbnailUrl":"https:\/\/interamerica.org\/wp-content\/uploads\/2020\/10\/creation-sabbath-spa.jpg","articleSection":["Nouvelles du si\u00e8ge de la division","RSS Fran\u00e7ais"],"inLanguage":"fr-FR"},{"@type":"WebPage","@id":"https:\/\/interamerica.org\/fr\/2020\/10\/linter-amerique-presentera-un-programme-special-sabbat-de-la-creation-le-24-octobre\/","url":"https:\/\/interamerica.org\/fr\/2020\/10\/linter-amerique-presentera-un-programme-special-sabbat-de-la-creation-le-24-octobre\/","name":"L\u2019Inter-Am\u00e9rique pr\u00e9sentera un programme sp\u00e9cial \u00ab Sabbat de la Cr\u00e9ation \u00bb le 24 octobre - \u00c9glise Adventiste Du Septieme Jour - Inter Am\u00e9rique Division","isPartOf":{"@id":"https:\/\/interamerica.org\/fr\/#website"},"primaryImageOfPage":{"@id":"https:\/\/interamerica.org\/fr\/2020\/10\/linter-amerique-presentera-un-programme-special-sabbat-de-la-creation-le-24-octobre\/#primaryimage"},"image":{"@id":"https:\/\/interamerica.org\/fr\/2020\/10\/linter-amerique-presentera-un-programme-special-sabbat-de-la-creation-le-24-octobre\/#primaryimage"},"thumbnailUrl":"https:\/\/interamerica.org\/wp-content\/uploads\/2020\/10\/creation-sabbath-spa.jpg","datePublished":"2020-10-16T14:31:30+00:00","dateModified":"2020-10-17T00:43:39+00:00","author":{"@id":"https:\/\/interamerica.org\/fr\/#\/schema\/person\/29998f2bc2d8bd0d38662909289b54f1"},"breadcrumb":{"@id":"https:\/\/interamerica.org\/fr\/2020\/10\/linter-amerique-presentera-un-programme-special-sabbat-de-la-creation-le-24-octobre\/#breadcrumb"},"inLanguage":"fr-FR","potentialAction":[{"@type":"ReadAction","target":["https:\/\/interamerica.org\/fr\/2020\/10\/linter-amerique-presentera-un-programme-special-sabbat-de-la-creation-le-24-octobre\/"]}]},{"@type":"ImageObject","inLanguage":"fr-FR","@id":"https:\/\/interamerica.org\/fr\/2020\/10\/linter-amerique-presentera-un-programme-special-sabbat-de-la-creation-le-24-octobre\/#primaryimage","url":"https:\/\/interamerica.org\/wp-content\/uploads\/2020\/10\/creation-sabbath-spa.jpg","contentUrl":"https:\/\/interamerica.org\/wp-content\/uploads\/2020\/10\/creation-sabbath-spa.jpg","width":1024,"height":1022,"caption":"[Image: Division Inter-Am\u00e9ricaine]"},{"@type":"BreadcrumbList","@id":"https:\/\/interamerica.org\/fr\/2020\/10\/linter-amerique-presentera-un-programme-special-sabbat-de-la-creation-le-24-octobre\/#breadcrumb","itemListElement":[{"@type":"ListItem","position":1,"name":"Home","item":"https:\/\/interamerica.org\/fr\/"},{"@type":"ListItem","position":2,"name":"L\u2019Inter-Am\u00e9rique pr\u00e9sentera un programme sp\u00e9cial \u00ab Sabbat de la Cr\u00e9ation \u00bb le 24 octobre"}]},{"@type":"WebSite","@id":"https:\/\/interamerica.org\/fr\/#website","url":"https:\/\/interamerica.org\/fr\/","name":"\u00c9glise Adventiste Du Septieme Jour - Inter Am\u00e9rique Division","description":"","potentialAction":[{"@type":"SearchAction","target":{"@type":"EntryPoint","urlTemplate":"https:\/\/interamerica.org\/fr\/?s={search_term_string}"},"query-input":{"@type":"PropertyValueSpecification","valueRequired":true,"valueName":"search_term_string"}}],"inLanguage":"fr-FR"},{"@type":"Person","@id":"https:\/\/interamerica.org\/fr\/#\/schema\/person\/29998f2bc2d8bd0d38662909289b54f1","name":"libna","image":{"@type":"ImageObject","inLanguage":"fr-FR","@id":"https:\/\/secure.gravatar.com\/avatar\/7c5bd30ae4b47a9ba3c856590957fd1d96dc588bf3ac05719d247e126840331f?s=96&d=mm&r=g","url":"https:\/\/secure.gravatar.com\/avatar\/7c5bd30ae4b47a9ba3c856590957fd1d96dc588bf3ac05719d247e126840331f?s=96&d=mm&r=g","contentUrl":"https:\/\/secure.gravatar.com\/avatar\/7c5bd30ae4b47a9ba3c856590957fd1d96dc588bf3ac05719d247e126840331f?s=96&d=mm&r=g","caption":"libna"}}]}},"_links":{"self":[{"href":"https:\/\/interamerica.org\/fr\/wp-json\/wp\/v2\/posts\/63914","targetHints":{"allow":["GET"]}}],"collection":[{"href":"https:\/\/interamerica.org\/fr\/wp-json\/wp\/v2\/posts"}],"about":[{"href":"https:\/\/interamerica.org\/fr\/wp-json\/wp\/v2\/types\/post"}],"author":[{"embeddable":true,"href":"https:\/\/interamerica.org\/fr\/wp-json\/wp\/v2\/users\/3"}],"replies":[{"embeddable":true,"href":"https:\/\/interamerica.org\/fr\/wp-json\/wp\/v2\/comments?post=63914"}],"version-history":[{"count":0,"href":"https:\/\/interamerica.org\/fr\/wp-json\/wp\/v2\/posts\/63914\/revisions"}],"wp:featuredmedia":[{"embeddable":true,"href":"https:\/\/interamerica.org\/fr\/wp-json\/wp\/v2\/media\/63885"}],"wp:attachment":[{"href":"https:\/\/interamerica.org\/fr\/wp-json\/wp\/v2\/media?parent=63914"}],"wp:term":[{"taxonomy":"category","embeddable":true,"href":"https:\/\/interamerica.org\/fr\/wp-json\/wp\/v2\/categories?post=63914"},{"taxonomy":"post_tag","embeddable":true,"href":"https:\/\/interamerica.org\/fr\/wp-json\/wp\/v2\/tags?post=63914"}],"curies":[{"name":"wp","href":"https:\/\/api.w.org\/{rel}","templated":true}]}}