{"id":64109,"date":"2020-10-22T22:51:46","date_gmt":"2020-10-23T02:51:46","guid":{"rendered":"https:\/\/recursing-golick.147-182-135-0.plesk.page\/?p=64109"},"modified":"2020-10-23T09:29:02","modified_gmt":"2020-10-23T13:29:02","slug":"sans-liberte-religieuse-laccomplissement-de-notre-mission-est-impossible","status":"publish","type":"post","link":"https:\/\/interamerica.org\/fr\/2020\/10\/sans-liberte-religieuse-laccomplissement-de-notre-mission-est-impossible\/","title":{"rendered":"\u00ab Sans libert\u00e9 religieuse, l\u2019accomplissement de notre mission est impossible. \u00bb"},"content":{"rendered":"<p>\u00ab\u00a0Sans libert\u00e9 religieuse, l\u2019accomplissement de notre mission est impossible.\u00a0\u00bb<\/p>\n<p>Le 22 octobre 2020 | Silver Spring, Maryland, \u00c9tats-Unis | Jefferson Paradello du d\u00e9partement des affaires publiques et de la libert\u00e9 religieuse<\/p>\n<p>La restriction des libert\u00e9s de milliers de gens durant la Seconde Guerre mondiale a suscit\u00e9 la mise sur pied d\u2019un organisme international. Et vers la fin de 1948, l\u2019Organisation des Nations unies (ONU) a adopt\u00e9 la D\u00e9claration universelle des droits de l\u2019homme, qui exposait les grandes lignes des id\u00e9aux communs entre tous les pays.<\/p>\n<p>Et l\u2019un des th\u00e8mes du document, celui de l\u2019article\u00a018, a, \u00e0 l\u2019\u00e9poque, \u00e9t\u00e9 ignor\u00e9 par plusieurs groupes et nations. Il va comme suit\u00a0: \u00ab\u00a0Toute personne a droit \u00e0 la libert\u00e9 de pens\u00e9e, de conscience et de religion; ce droit implique la libert\u00e9 de changer de religion ou de conviction ainsi que la libert\u00e9 de manifester sa religion ou sa conviction, seule ou en commun, tant en public qu\u2019en priv\u00e9, par l\u2019enseignement, les pratiques, le culte et l\u2019accomplissement des rites.\u00a0\u00bb<\/p>\n<p>En 1893, seulement 30 ans apr\u00e8s sa cr\u00e9ation, l\u2019\u00c9glise adventiste du septi\u00e8me jour a commenc\u00e9 \u00e0 d\u00e9fendre ce droit en mettant sur pied l\u2019Association internationale de la libert\u00e9 religieuse (IRLA pour <em>International Religious Liberty Association<\/em>). L\u2019IRLA est la plus ancienne entit\u00e9 du monde \u00e0 d\u00e9fendre la libert\u00e9 religieuse pour tous. Pourtant, des populations et des personnes se battent encore chaque jour pour cette cause. C\u2019est donc pour leur donner une voix que l\u2019\u00c9glise adventiste du septi\u00e8me jour a un d\u00e9partement consacr\u00e9 \u00e0 la d\u00e9fense de la libert\u00e9 religieuse pour tous.<\/p>\n<p>\u00ab\u00a0Sans libert\u00e9 religieuse, d\u2019autres libert\u00e9s cessent \u00e9galement d\u2019exister, comme l\u2019expression de sa foi et le privil\u00e8ge de la partager. Ainsi, nous d\u00e9fendons, prot\u00e9geons et promouvons la libert\u00e9 religieuse de tous, car c\u2019est le seul moyen de garantir la pr\u00e9dication de l\u2019\u00e9vangile dans le monde entier\u00a0\u00bb, a expliqu\u00e9 Helio Carnassale, directeur des Affaires publiques et de la libert\u00e9 religieuse pour l\u2019\u00c9glise adventiste du septi\u00e8me jour en Am\u00e9rique du Sud.<\/p>\n<p>Ax\u00e9 sur le renforcement de ce principe, le S\u00e9minaire international de libert\u00e9 religieuse a tenu un \u00e9v\u00e9nement en ligne \u00e0 la fin du mois d\u2019ao\u00fbt dernier. Dans les pr\u00e9sentations, diffus\u00e9es sur les cha\u00eenes officielles de l\u2019\u00c9glise adventiste r\u00e9gionale sur Facebook et YouTube, des sujets comme les fondements spirituels et les relations avec les autres chr\u00e9tiens ont \u00e9t\u00e9 abord\u00e9s.<\/p>\n<p><strong>Pourquoi d\u00e9fendre la libert\u00e9 religieuse?<\/strong><\/p>\n<p>\u00ab\u00a0Notre objectif est d\u2019appeler les gens \u00e0 r\u00e9fl\u00e9chir sur la n\u00e9cessit\u00e9 et le r\u00f4le de la libert\u00e9 religieuse \u00e0 notre \u00e9poque. Tant que la libert\u00e9 sera compl\u00e8te, nous pourrons atteindre plus de gens avec le message de l\u2019espoir\u00a0\u00bb, a dit Erton K\u00f6hler, pr\u00e9sident de la Division sud-am\u00e9ricaine.<\/p>\n<p>Il a expliqu\u00e9 que les adventistes devaient d\u00e9fendre cette question avec des arguments solides et des paroles claires, utilisant leur influence pour assurer \u00e0 plus de gens la libert\u00e9 d\u2019exprimer leurs sentiments et le droit de faire conna\u00eetre J\u00e9sus \u00e0 d\u2019autres. \u00ab\u00a0Sans libert\u00e9 religieuse, l\u2019accomplissement de notre mission est impossible. Et sans l\u2019accomplissement de notre mission, <a href=\"https:\/\/www.biblegateway.com\/passage\/?search=Matthew+24.14&amp;version=LSG\">Matthieu 24:14<\/a> et <a href=\"https:\/\/www.biblegateway.com\/passage\/?search=Matthew+28.18-20&amp;version=LSG\">28:18-20<\/a> ne seront pas accomplis\u00a0\u00bb, a-t-il rappel\u00e9.<\/p>\n<p>Dans l\u2019un de ses ateliers, Ganoune Diop, directeur des Affaires publiques et de la libert\u00e9 religieuse de l\u2019\u00c9glise mondiale, a soulign\u00e9 que la libert\u00e9 religieuse prend racine en Dieu et en ce qu\u2019il d\u00e9sire pour le monde. Ainsi, lorsque les \u00eatres humains s\u2019engagent \u00e0 promouvoir la libert\u00e9 religieuse en faveur d\u2019autres personnes, ils participent \u00e0 l\u2019\u0153uvre de Dieu, c\u2019est-\u00e0-dire la restauration de son image chez les humains.<\/p>\n<p>D\u2019un autre c\u00f4t\u00e9, il a mentionn\u00e9 qu\u2019en privant quelqu\u2019un ou une institution de sa libert\u00e9, on le ou la prive de son humanit\u00e9. Et il a expos\u00e9 ce concept comme la mani\u00e8re dont l\u2019\u00c9glise adventiste entretient ses relations avec les autres confessions religieuses, toujours en accord avec sa Politique de fonctionnement.<\/p>\n<p>\u00ab\u00a0Nous sommes appel\u00e9s \u00e0 \u00eatre en relation avec les autres \u00c9glises, ce qui n\u2019implique pas n\u00e9cessairement l\u2019\u0153cum\u00e9nisme. Si nous ne nous m\u00ealons pas \u00e0 elles, nous nous dissocierons de l\u2019appel de J\u00e9sus \u00e0 \u00eatre le sel et la lumi\u00e8re, a-t-il clarifi\u00e9. Alors nous choisissons prudemment quand et comment le faire.\u00a0\u00bb<\/p>\n<p><strong>Relations strat\u00e9giques<\/strong><\/p>\n<p>Pour Bettina Krause, directrice des Affaires gouvernementales au d\u00e9partement des Affaires publiques et de la libert\u00e9 religieuse de l\u2019\u00c9glise adventiste mondiale et oratrice \u00e0 l\u2019\u00e9v\u00e9nement, les affaires publiques sont au c\u0153ur de la mission adventiste. Selon elle, les responsables gouvernementaux doivent voir l\u2019\u00c9glise adventiste comme \u00e9tant cr\u00e9dible, pertinente et digne de confiance.<\/p>\n<p>Puis Nelu Burcea, personne-contacte aux Nations Unies et directeur adjoint des Affaires publiques et de la libert\u00e9 religieuse \u00e0 la Conf\u00e9rence g\u00e9n\u00e9rale, a indiqu\u00e9 que la libert\u00e9 religieuse est interconnect\u00e9e avec les droits de la personne, qui incluent, notamment, le droit \u00e0 la vie. Voil\u00e0 pourquoi les adventistes doivent saisir l\u2019occasion actuelle de d\u00e9velopper de nouvelles initiatives pour remplir sa mission. Il rel\u00e8ve de la responsabilit\u00e9 de chaque membre, a-t-il dit, de savoir comment et pourquoi d\u00e9fendre cette cause.<\/p>\n<p>Lui et le pasteur Carnassale sont enti\u00e8rement d\u2019accord pour souligner l\u2019importance des \u00e9v\u00e9nements, comme les forums et les festivals, qui sensibilisent les gens et attirent l\u2019attention de divers groupes qui ne s\u2019int\u00e9resseraient pas autrement au sujet. \u00ab\u00a0De tels rassemblements nous aident \u00e0 instruire le public sur les bons concepts de libert\u00e9 religieuse, a expliqu\u00e9 le pasteur Carnassale. La libert\u00e9 religieuse inclut tout le monde, et nous devons tout faire pour la pr\u00e9server.\u00a0\u00bb<\/p>\n<p><em>La <a href=\"https:\/\/adventistliberty.org\/a-new-look-at-religious-liberty\">version originale<\/a> de cet article a \u00e9t\u00e9 publi\u00e9e sur le <a href=\"https:\/\/adventistliberty.org\/\">site<\/a> des Affaires publiques et de la libert\u00e9 religieuse.<\/em><\/p>\n<p>Traduction : Marie-Mich\u00e8le Robitaille<\/p>\n","protected":false},"excerpt":{"rendered":"<p>\u00ab\u00a0Sans libert\u00e9 religieuse, l\u2019accomplissement de notre mission est impossible.\u00a0\u00bb Le 22 octobre 2020 | Silver Spring, Maryland, \u00c9tats-Unis | Jefferson Paradello du d\u00e9partement des affaires publiques et de la libert\u00e9&#8230;<\/p>\n","protected":false},"author":3,"featured_media":64103,"comment_status":"closed","ping_status":"closed","sticky":false,"template":"","format":"standard","meta":{"_acf_changed":false,"footnotes":""},"categories":[18,19],"tags":[],"class_list":["post-64109","post","type-post","status-publish","format-standard","has-post-thumbnail","hentry","category-nouvelles-de-leglise-mondiale","category-rss-francais"],"acf":[],"yoast_head":"<!-- This site is optimized with the Yoast SEO plugin v27.3 - https:\/\/yoast.com\/product\/yoast-seo-wordpress\/ -->\n<title>\u00ab Sans libert\u00e9 religieuse, l\u2019accomplissement de notre mission est impossible. \u00bb - \u00c9glise Adventiste Du Septieme Jour - Inter Am\u00e9rique Division<\/title>\n<meta name=\"robots\" content=\"index, follow, max-snippet:-1, max-image-preview:large, max-video-preview:-1\" \/>\n<link rel=\"canonical\" href=\"https:\/\/interamerica.org\/fr\/2020\/10\/sans-liberte-religieuse-laccomplissement-de-notre-mission-est-impossible\/\" \/>\n<meta property=\"og:locale\" content=\"fr_FR\" \/>\n<meta property=\"og:type\" content=\"article\" \/>\n<meta property=\"og:title\" content=\"\u00ab Sans libert\u00e9 religieuse, l\u2019accomplissement de notre mission est impossible. \u00bb - \u00c9glise Adventiste Du Septieme Jour - Inter Am\u00e9rique Division\" \/>\n<meta property=\"og:description\" content=\"\u00ab\u00a0Sans libert\u00e9 religieuse, l\u2019accomplissement de notre mission est impossible.\u00a0\u00bb Le 22 octobre 2020 | Silver Spring, Maryland, \u00c9tats-Unis | Jefferson Paradello du d\u00e9partement des affaires publiques et de la libert\u00e9...\" \/>\n<meta property=\"og:url\" content=\"https:\/\/interamerica.org\/fr\/2020\/10\/sans-liberte-religieuse-laccomplissement-de-notre-mission-est-impossible\/\" \/>\n<meta property=\"og:site_name\" content=\"\u00c9glise Adventiste Du Septieme Jour - Inter Am\u00e9rique Division\" \/>\n<meta property=\"article:published_time\" content=\"2020-10-23T02:51:46+00:00\" \/>\n<meta property=\"article:modified_time\" content=\"2020-10-23T13:29:02+00:00\" \/>\n<meta property=\"og:image\" content=\"https:\/\/interamerica.org\/wp-content\/uploads\/2020\/10\/rl-hannah-busing-g-l3eqkqmc-unsplash.jpg\" \/>\n\t<meta property=\"og:image:width\" content=\"1280\" \/>\n\t<meta property=\"og:image:height\" content=\"800\" \/>\n\t<meta property=\"og:image:type\" content=\"image\/jpeg\" \/>\n<meta name=\"author\" content=\"libna\" \/>\n<meta name=\"twitter:card\" content=\"summary_large_image\" \/>\n<meta name=\"twitter:label1\" content=\"\u00c9crit par\" \/>\n\t<meta name=\"twitter:data1\" content=\"libna\" \/>\n\t<meta name=\"twitter:label2\" content=\"Dur\u00e9e de lecture estim\u00e9e\" \/>\n\t<meta name=\"twitter:data2\" content=\"5 minutes\" \/>\n<script type=\"application\/ld+json\" class=\"yoast-schema-graph\">{\"@context\":\"https:\\\/\\\/schema.org\",\"@graph\":[{\"@type\":\"Article\",\"@id\":\"https:\\\/\\\/interamerica.org\\\/fr\\\/2020\\\/10\\\/sans-liberte-religieuse-laccomplissement-de-notre-mission-est-impossible\\\/#article\",\"isPartOf\":{\"@id\":\"https:\\\/\\\/interamerica.org\\\/fr\\\/2020\\\/10\\\/sans-liberte-religieuse-laccomplissement-de-notre-mission-est-impossible\\\/\"},\"author\":{\"name\":\"libna\",\"@id\":\"https:\\\/\\\/interamerica.org\\\/fr\\\/#\\\/schema\\\/person\\\/29998f2bc2d8bd0d38662909289b54f1\"},\"headline\":\"\u00ab Sans libert\u00e9 religieuse, l\u2019accomplissement de notre mission est impossible. \u00bb\",\"datePublished\":\"2020-10-23T02:51:46+00:00\",\"dateModified\":\"2020-10-23T13:29:02+00:00\",\"mainEntityOfPage\":{\"@id\":\"https:\\\/\\\/interamerica.org\\\/fr\\\/2020\\\/10\\\/sans-liberte-religieuse-laccomplissement-de-notre-mission-est-impossible\\\/\"},\"wordCount\":998,\"image\":{\"@id\":\"https:\\\/\\\/interamerica.org\\\/fr\\\/2020\\\/10\\\/sans-liberte-religieuse-laccomplissement-de-notre-mission-est-impossible\\\/#primaryimage\"},\"thumbnailUrl\":\"https:\\\/\\\/interamerica.org\\\/wp-content\\\/uploads\\\/2020\\\/10\\\/rl-hannah-busing-g-l3eqkqmc-unsplash.jpg\",\"articleSection\":[\"Nouvelles de l'\u00c9glise mondiale\",\"RSS Fran\u00e7ais\"],\"inLanguage\":\"fr-FR\"},{\"@type\":\"WebPage\",\"@id\":\"https:\\\/\\\/interamerica.org\\\/fr\\\/2020\\\/10\\\/sans-liberte-religieuse-laccomplissement-de-notre-mission-est-impossible\\\/\",\"url\":\"https:\\\/\\\/interamerica.org\\\/fr\\\/2020\\\/10\\\/sans-liberte-religieuse-laccomplissement-de-notre-mission-est-impossible\\\/\",\"name\":\"\u00ab Sans libert\u00e9 religieuse, l\u2019accomplissement de notre mission est impossible. \u00bb - \u00c9glise Adventiste Du Septieme Jour - Inter Am\u00e9rique Division\",\"isPartOf\":{\"@id\":\"https:\\\/\\\/interamerica.org\\\/fr\\\/#website\"},\"primaryImageOfPage\":{\"@id\":\"https:\\\/\\\/interamerica.org\\\/fr\\\/2020\\\/10\\\/sans-liberte-religieuse-laccomplissement-de-notre-mission-est-impossible\\\/#primaryimage\"},\"image\":{\"@id\":\"https:\\\/\\\/interamerica.org\\\/fr\\\/2020\\\/10\\\/sans-liberte-religieuse-laccomplissement-de-notre-mission-est-impossible\\\/#primaryimage\"},\"thumbnailUrl\":\"https:\\\/\\\/interamerica.org\\\/wp-content\\\/uploads\\\/2020\\\/10\\\/rl-hannah-busing-g-l3eqkqmc-unsplash.jpg\",\"datePublished\":\"2020-10-23T02:51:46+00:00\",\"dateModified\":\"2020-10-23T13:29:02+00:00\",\"author\":{\"@id\":\"https:\\\/\\\/interamerica.org\\\/fr\\\/#\\\/schema\\\/person\\\/29998f2bc2d8bd0d38662909289b54f1\"},\"breadcrumb\":{\"@id\":\"https:\\\/\\\/interamerica.org\\\/fr\\\/2020\\\/10\\\/sans-liberte-religieuse-laccomplissement-de-notre-mission-est-impossible\\\/#breadcrumb\"},\"inLanguage\":\"fr-FR\",\"potentialAction\":[{\"@type\":\"ReadAction\",\"target\":[\"https:\\\/\\\/interamerica.org\\\/fr\\\/2020\\\/10\\\/sans-liberte-religieuse-laccomplissement-de-notre-mission-est-impossible\\\/\"]}]},{\"@type\":\"ImageObject\",\"inLanguage\":\"fr-FR\",\"@id\":\"https:\\\/\\\/interamerica.org\\\/fr\\\/2020\\\/10\\\/sans-liberte-religieuse-laccomplissement-de-notre-mission-est-impossible\\\/#primaryimage\",\"url\":\"https:\\\/\\\/interamerica.org\\\/wp-content\\\/uploads\\\/2020\\\/10\\\/rl-hannah-busing-g-l3eqkqmc-unsplash.jpg\",\"contentUrl\":\"https:\\\/\\\/interamerica.org\\\/wp-content\\\/uploads\\\/2020\\\/10\\\/rl-hannah-busing-g-l3eqkqmc-unsplash.jpg\",\"width\":1280,\"height\":800,\"caption\":\"Photo\u00a0: Hannah Busing\\\/Unsplash.\"},{\"@type\":\"BreadcrumbList\",\"@id\":\"https:\\\/\\\/interamerica.org\\\/fr\\\/2020\\\/10\\\/sans-liberte-religieuse-laccomplissement-de-notre-mission-est-impossible\\\/#breadcrumb\",\"itemListElement\":[{\"@type\":\"ListItem\",\"position\":1,\"name\":\"Home\",\"item\":\"https:\\\/\\\/interamerica.org\\\/fr\\\/\"},{\"@type\":\"ListItem\",\"position\":2,\"name\":\"\u00ab Sans libert\u00e9 religieuse, l\u2019accomplissement de notre mission est impossible. \u00bb\"}]},{\"@type\":\"WebSite\",\"@id\":\"https:\\\/\\\/interamerica.org\\\/fr\\\/#website\",\"url\":\"https:\\\/\\\/interamerica.org\\\/fr\\\/\",\"name\":\"\u00c9glise Adventiste Du Septieme Jour - Inter Am\u00e9rique Division\",\"description\":\"\",\"potentialAction\":[{\"@type\":\"SearchAction\",\"target\":{\"@type\":\"EntryPoint\",\"urlTemplate\":\"https:\\\/\\\/interamerica.org\\\/fr\\\/?s={search_term_string}\"},\"query-input\":{\"@type\":\"PropertyValueSpecification\",\"valueRequired\":true,\"valueName\":\"search_term_string\"}}],\"inLanguage\":\"fr-FR\"},{\"@type\":\"Person\",\"@id\":\"https:\\\/\\\/interamerica.org\\\/fr\\\/#\\\/schema\\\/person\\\/29998f2bc2d8bd0d38662909289b54f1\",\"name\":\"libna\",\"image\":{\"@type\":\"ImageObject\",\"inLanguage\":\"fr-FR\",\"@id\":\"https:\\\/\\\/secure.gravatar.com\\\/avatar\\\/7c5bd30ae4b47a9ba3c856590957fd1d96dc588bf3ac05719d247e126840331f?s=96&d=mm&r=g\",\"url\":\"https:\\\/\\\/secure.gravatar.com\\\/avatar\\\/7c5bd30ae4b47a9ba3c856590957fd1d96dc588bf3ac05719d247e126840331f?s=96&d=mm&r=g\",\"contentUrl\":\"https:\\\/\\\/secure.gravatar.com\\\/avatar\\\/7c5bd30ae4b47a9ba3c856590957fd1d96dc588bf3ac05719d247e126840331f?s=96&d=mm&r=g\",\"caption\":\"libna\"}}]}<\/script>\n<!-- \/ Yoast SEO plugin. -->","yoast_head_json":{"title":"\u00ab Sans libert\u00e9 religieuse, l\u2019accomplissement de notre mission est impossible. \u00bb - \u00c9glise Adventiste Du Septieme Jour - Inter Am\u00e9rique Division","robots":{"index":"index","follow":"follow","max-snippet":"max-snippet:-1","max-image-preview":"max-image-preview:large","max-video-preview":"max-video-preview:-1"},"canonical":"https:\/\/interamerica.org\/fr\/2020\/10\/sans-liberte-religieuse-laccomplissement-de-notre-mission-est-impossible\/","og_locale":"fr_FR","og_type":"article","og_title":"\u00ab Sans libert\u00e9 religieuse, l\u2019accomplissement de notre mission est impossible. \u00bb - \u00c9glise Adventiste Du Septieme Jour - Inter Am\u00e9rique Division","og_description":"\u00ab\u00a0Sans libert\u00e9 religieuse, l\u2019accomplissement de notre mission est impossible.\u00a0\u00bb Le 22 octobre 2020 | Silver Spring, Maryland, \u00c9tats-Unis | Jefferson Paradello du d\u00e9partement des affaires publiques et de la libert\u00e9...","og_url":"https:\/\/interamerica.org\/fr\/2020\/10\/sans-liberte-religieuse-laccomplissement-de-notre-mission-est-impossible\/","og_site_name":"\u00c9glise Adventiste Du Septieme Jour - Inter Am\u00e9rique Division","article_published_time":"2020-10-23T02:51:46+00:00","article_modified_time":"2020-10-23T13:29:02+00:00","og_image":[{"width":1280,"height":800,"url":"https:\/\/interamerica.org\/wp-content\/uploads\/2020\/10\/rl-hannah-busing-g-l3eqkqmc-unsplash.jpg","type":"image\/jpeg"}],"author":"libna","twitter_card":"summary_large_image","twitter_misc":{"\u00c9crit par":"libna","Dur\u00e9e de lecture estim\u00e9e":"5 minutes"},"schema":{"@context":"https:\/\/schema.org","@graph":[{"@type":"Article","@id":"https:\/\/interamerica.org\/fr\/2020\/10\/sans-liberte-religieuse-laccomplissement-de-notre-mission-est-impossible\/#article","isPartOf":{"@id":"https:\/\/interamerica.org\/fr\/2020\/10\/sans-liberte-religieuse-laccomplissement-de-notre-mission-est-impossible\/"},"author":{"name":"libna","@id":"https:\/\/interamerica.org\/fr\/#\/schema\/person\/29998f2bc2d8bd0d38662909289b54f1"},"headline":"\u00ab Sans libert\u00e9 religieuse, l\u2019accomplissement de notre mission est impossible. \u00bb","datePublished":"2020-10-23T02:51:46+00:00","dateModified":"2020-10-23T13:29:02+00:00","mainEntityOfPage":{"@id":"https:\/\/interamerica.org\/fr\/2020\/10\/sans-liberte-religieuse-laccomplissement-de-notre-mission-est-impossible\/"},"wordCount":998,"image":{"@id":"https:\/\/interamerica.org\/fr\/2020\/10\/sans-liberte-religieuse-laccomplissement-de-notre-mission-est-impossible\/#primaryimage"},"thumbnailUrl":"https:\/\/interamerica.org\/wp-content\/uploads\/2020\/10\/rl-hannah-busing-g-l3eqkqmc-unsplash.jpg","articleSection":["Nouvelles de l'\u00c9glise mondiale","RSS Fran\u00e7ais"],"inLanguage":"fr-FR"},{"@type":"WebPage","@id":"https:\/\/interamerica.org\/fr\/2020\/10\/sans-liberte-religieuse-laccomplissement-de-notre-mission-est-impossible\/","url":"https:\/\/interamerica.org\/fr\/2020\/10\/sans-liberte-religieuse-laccomplissement-de-notre-mission-est-impossible\/","name":"\u00ab Sans libert\u00e9 religieuse, l\u2019accomplissement de notre mission est impossible. \u00bb - \u00c9glise Adventiste Du Septieme Jour - Inter Am\u00e9rique Division","isPartOf":{"@id":"https:\/\/interamerica.org\/fr\/#website"},"primaryImageOfPage":{"@id":"https:\/\/interamerica.org\/fr\/2020\/10\/sans-liberte-religieuse-laccomplissement-de-notre-mission-est-impossible\/#primaryimage"},"image":{"@id":"https:\/\/interamerica.org\/fr\/2020\/10\/sans-liberte-religieuse-laccomplissement-de-notre-mission-est-impossible\/#primaryimage"},"thumbnailUrl":"https:\/\/interamerica.org\/wp-content\/uploads\/2020\/10\/rl-hannah-busing-g-l3eqkqmc-unsplash.jpg","datePublished":"2020-10-23T02:51:46+00:00","dateModified":"2020-10-23T13:29:02+00:00","author":{"@id":"https:\/\/interamerica.org\/fr\/#\/schema\/person\/29998f2bc2d8bd0d38662909289b54f1"},"breadcrumb":{"@id":"https:\/\/interamerica.org\/fr\/2020\/10\/sans-liberte-religieuse-laccomplissement-de-notre-mission-est-impossible\/#breadcrumb"},"inLanguage":"fr-FR","potentialAction":[{"@type":"ReadAction","target":["https:\/\/interamerica.org\/fr\/2020\/10\/sans-liberte-religieuse-laccomplissement-de-notre-mission-est-impossible\/"]}]},{"@type":"ImageObject","inLanguage":"fr-FR","@id":"https:\/\/interamerica.org\/fr\/2020\/10\/sans-liberte-religieuse-laccomplissement-de-notre-mission-est-impossible\/#primaryimage","url":"https:\/\/interamerica.org\/wp-content\/uploads\/2020\/10\/rl-hannah-busing-g-l3eqkqmc-unsplash.jpg","contentUrl":"https:\/\/interamerica.org\/wp-content\/uploads\/2020\/10\/rl-hannah-busing-g-l3eqkqmc-unsplash.jpg","width":1280,"height":800,"caption":"Photo\u00a0: Hannah Busing\/Unsplash."},{"@type":"BreadcrumbList","@id":"https:\/\/interamerica.org\/fr\/2020\/10\/sans-liberte-religieuse-laccomplissement-de-notre-mission-est-impossible\/#breadcrumb","itemListElement":[{"@type":"ListItem","position":1,"name":"Home","item":"https:\/\/interamerica.org\/fr\/"},{"@type":"ListItem","position":2,"name":"\u00ab Sans libert\u00e9 religieuse, l\u2019accomplissement de notre mission est impossible. \u00bb"}]},{"@type":"WebSite","@id":"https:\/\/interamerica.org\/fr\/#website","url":"https:\/\/interamerica.org\/fr\/","name":"\u00c9glise Adventiste Du Septieme Jour - Inter Am\u00e9rique Division","description":"","potentialAction":[{"@type":"SearchAction","target":{"@type":"EntryPoint","urlTemplate":"https:\/\/interamerica.org\/fr\/?s={search_term_string}"},"query-input":{"@type":"PropertyValueSpecification","valueRequired":true,"valueName":"search_term_string"}}],"inLanguage":"fr-FR"},{"@type":"Person","@id":"https:\/\/interamerica.org\/fr\/#\/schema\/person\/29998f2bc2d8bd0d38662909289b54f1","name":"libna","image":{"@type":"ImageObject","inLanguage":"fr-FR","@id":"https:\/\/secure.gravatar.com\/avatar\/7c5bd30ae4b47a9ba3c856590957fd1d96dc588bf3ac05719d247e126840331f?s=96&d=mm&r=g","url":"https:\/\/secure.gravatar.com\/avatar\/7c5bd30ae4b47a9ba3c856590957fd1d96dc588bf3ac05719d247e126840331f?s=96&d=mm&r=g","contentUrl":"https:\/\/secure.gravatar.com\/avatar\/7c5bd30ae4b47a9ba3c856590957fd1d96dc588bf3ac05719d247e126840331f?s=96&d=mm&r=g","caption":"libna"}}]}},"_links":{"self":[{"href":"https:\/\/interamerica.org\/fr\/wp-json\/wp\/v2\/posts\/64109","targetHints":{"allow":["GET"]}}],"collection":[{"href":"https:\/\/interamerica.org\/fr\/wp-json\/wp\/v2\/posts"}],"about":[{"href":"https:\/\/interamerica.org\/fr\/wp-json\/wp\/v2\/types\/post"}],"author":[{"embeddable":true,"href":"https:\/\/interamerica.org\/fr\/wp-json\/wp\/v2\/users\/3"}],"replies":[{"embeddable":true,"href":"https:\/\/interamerica.org\/fr\/wp-json\/wp\/v2\/comments?post=64109"}],"version-history":[{"count":0,"href":"https:\/\/interamerica.org\/fr\/wp-json\/wp\/v2\/posts\/64109\/revisions"}],"wp:featuredmedia":[{"embeddable":true,"href":"https:\/\/interamerica.org\/fr\/wp-json\/wp\/v2\/media\/64103"}],"wp:attachment":[{"href":"https:\/\/interamerica.org\/fr\/wp-json\/wp\/v2\/media?parent=64109"}],"wp:term":[{"taxonomy":"category","embeddable":true,"href":"https:\/\/interamerica.org\/fr\/wp-json\/wp\/v2\/categories?post=64109"},{"taxonomy":"post_tag","embeddable":true,"href":"https:\/\/interamerica.org\/fr\/wp-json\/wp\/v2\/tags?post=64109"}],"curies":[{"name":"wp","href":"https:\/\/api.w.org\/{rel}","templated":true}]}}