{"id":65609,"date":"2020-12-02T11:15:25","date_gmt":"2020-12-02T15:15:25","guid":{"rendered":"https:\/\/recursing-golick.147-182-135-0.plesk.page\/?p=65609"},"modified":"2020-12-03T19:42:58","modified_gmt":"2020-12-03T23:42:58","slug":"de-nouveaux-liens-entre-la-consommation-de-noix-de-grenoble-et-la-diminution-des-risques-de-maladies-cardiaques","status":"publish","type":"post","link":"https:\/\/interamerica.org\/fr\/2020\/12\/de-nouveaux-liens-entre-la-consommation-de-noix-de-grenoble-et-la-diminution-des-risques-de-maladies-cardiaques\/","title":{"rendered":"De nouveaux liens entre la consommation de noix de Grenoble et la diminution des risques de maladies cardiaques"},"content":{"rendered":"<div>\n<p><span class=\"byline-news\"><span lang=\"FR-CA\">Le 2 d\u00e9cembre 2020 | Loma Linda, Californie, \u00c9tats-Unis | Lisa Aubry du d\u00e9partement de nouvelles du Centre de sant\u00e9 de l\u2019Universit\u00e9 de Loma Linda<\/span><\/span><\/p>\n<\/div>\n<div>\n<div>\n<p><span class=\"cap\"><span lang=\"FR-CA\">Le mois dernier, les chercheurs de la facult\u00e9 de sant\u00e9 publique de l\u2019Universit\u00e9 de Loma Linda et la Clinique sur les lipides de l\u2019Universit\u00e9 de Barcelone, en Espagne, ont publi\u00e9 leurs d\u00e9couvertes selon lesquelles la consommation de noix de Grenoble par les adultes plus \u00e2g\u00e9s r\u00e9duirait six des dix marqueurs d\u2019inflammation sanguine jusqu\u2019\u00e0 11,5\u00a0%.<\/span><\/span><\/p>\n<\/div>\n<div>\n<p><span class=\"cap\"><span lang=\"FR-CA\">L\u2019\u00e9tude, intitul\u00e9e \u00ab\u00a0Les effets d\u2019une suppl\u00e9mentation de noix de Grenoble pendant deux ans sur les biomarqueurs inflammatoires\u00a0\u00bb, est parue dans le <i>Journal of the American College of Cardiology<\/i> dans le cadre de l\u2019\u00e9tude \u00ab\u00a0Noix de Grenoble et vieillissement en sant\u00e9\u00a0\u00bb (WAHA pour <i>Walnuts and Health Aging<\/i>), qui s\u2019est d\u00e9roul\u00e9e de 2012 \u00e0 2016, ce qui en fait la plus longue et la plus vaste \u00e9tude sur les bienfaits des noix de Grenoble sur la sant\u00e9.<\/span><\/span><\/p>\n<\/div>\n<div>\n<p><span class=\"cap\"><span lang=\"FR-CA\">D\u2019apr\u00e8s Sujatha Rajaram, professeure de nutrition \u00e0 la facult\u00e9 de sant\u00e9 publique et chercheure adjointe de l\u2019\u00e9tude, cette nouvelle confirmation de la capacit\u00e9 des noix de Grenoble de r\u00e9duire l\u2019inflammation chronique s\u2019ajoute aux connaissances croissantes qui lient cette consommation \u00e0 la diminution des risques de maladies cardiovasculaires. Des \u00e9tudes pr\u00e9c\u00e9dentes de ce groupe et d\u2019autres chercheurs avaient d\u00e9montr\u00e9 comment les effets de diminution du cholest\u00e9rol des noix de Grenoble et leur contribution \u00e0 la sant\u00e9 vasculaire pouvaient renforcer le syst\u00e8me cardiovasculaire.<\/span><\/span><\/p>\n<\/div>\n<div>\n<p><span class=\"cap\"><span lang=\"FR-CA\">\u00ab\u00a0Manger des noix de Grenoble peut \u00eatre avantageux, tant pour la gestion des maladies que d\u2019un point de vue pr\u00e9ventif, a expliqu\u00e9 Mme\u00a0Rajaram. Ceux qui ont d\u00e9j\u00e0 re\u00e7u un diagnostic de maladie cardiovasculaire peuvent ajouter des noix de Grenoble \u00e0 leur alimentation et \u00e0 leur m\u00e9dication ou traitement et en faire b\u00e9n\u00e9ficier leur corps. Les autres peuvent aussi commencer \u00e0 les inclure pour profiter des bienfaits pr\u00e9ventifs.\u00a0\u00bb<\/span><\/span><\/p>\n<\/div>\n<div>\n<p><span class=\"cap\"><span lang=\"FR-CA\">Les maladies cardiovasculaires \u00e9tant la premi\u00e8re cause de d\u00e9c\u00e8s, tant \u00e0 l\u2019\u00e9chelle mondiale qu\u2019aux \u00c9tats-Unis, selon l\u2019Organisation mondiale de la sant\u00e9 et les Centres pour le contr\u00f4le et la pr\u00e9vention des maladies (CDC), les d\u00e9couvertes sur les aliments v\u00e9g\u00e9taux capables de r\u00e9duire les risques de maladies cardiaques rendent d\u2019autant plus importante l\u2019inclusion de ces aliments dans les habitudes quotidiennes, soutient Mme\u00a0Rajaram.<\/span><\/span><\/p>\n<\/div>\n<div>\n<p><span class=\"cap\"><span lang=\"FR-CA\">L\u2019incorporation de noix de Grenoble dans l\u2019alimentation n\u2019implique pas de changement radical du mode de vie. Il suffit d\u2019ajouter les noix \u00e0 sa routine en les mangeant entiers ou en les incluant aux c\u00e9r\u00e9ales du petit d\u00e9jeuner, en en saupoudrant sur une salade ou en les m\u00e9langeant dans un smoothie. M\u00eame si l\u2019\u00e9tude portait principalement sur la consommation quotidienne de noix de Grenoble chez les gens plus \u00e2g\u00e9s, les portions de la taille d\u2019un poing 3 \u00e0 5\u00a0fois par semaine sont b\u00e9n\u00e9fiques pour tout le monde, a ajout\u00e9 Mme\u00a0Rajaram.<\/span><\/span><\/p>\n<\/div>\n<div>\n<p><span class=\"cap\"><span lang=\"FR-CA\">Elle a \u00e9galement dit s\u2019attendre \u00e0 d\u2019autres \u00e9tudes des chercheurs de la WAHA qui \u00e9tendraient les preuves sur les bienfaits des noix de Grenoble au-del\u00e0 des maladies cardiaques et qui examineraient les effets sur d\u2019autres groupes que les adultes \u00e2g\u00e9s en bonne sant\u00e9.<\/span><\/span><\/p>\n<\/div>\n<div>\n<p><span class=\"cap\"><span lang=\"FR-CA\">D\u2019ici l\u00e0, cet ajout scientifique, qui appuie l\u2019inclusion des noix de Grenoble \u00e0 l\u2019alimentation pour des raisons de sant\u00e9, est rafra\u00eechissant.<\/span><\/span><\/p>\n<\/div>\n<div>\n<p><span class=\"cap\"><span lang=\"FR-CA\">Enfin, toujours selon Mme\u00a0Rajaram, \u00ab\u00a0Dans un monde o\u00f9 on dit souvent aux consommateurs quels aliments ne pas manger, cela fait du bien d\u2019entendre parler de ce qui est bon!\u00a0\u00bb<\/span><\/span><\/p>\n<\/div>\n<\/div>\n<div>\n<p><em><span lang=\"FR-CA\">La<\/span><\/em><em><span lang=\"FR-CA\"> <a href=\"https:\/\/news.llu.edu\/research\/new-research-further-links-eating-walnuts-with-lowered-risk-of-heart-disease\"><i>version originale<\/i><\/a><\/span><\/em><em><span lang=\"FR-CA\"> de cet article a \u00e9t\u00e9 publi\u00e9e sur le<\/span><\/em><em><span lang=\"FR-CA\"> <a href=\"https:\/\/news.llu.edu\/\"><i>site de nouvelles<\/i><\/a><\/span><\/em><em><span lang=\"FR-CA\"> du Centre de sant\u00e9 de l\u2019Universit\u00e9 de Loma Linda.<\/span><\/em><i><\/i><\/p>\n<p>Traduction : Marie-Mich\u00e8le Robitaille<\/p>\n<\/div>\n","protected":false},"excerpt":{"rendered":"<p>Le 2 d\u00e9cembre 2020 | Loma Linda, Californie, \u00c9tats-Unis | Lisa Aubry du d\u00e9partement de nouvelles du Centre de sant\u00e9 de l\u2019Universit\u00e9 de Loma Linda Le mois dernier, les chercheurs&#8230;<\/p>\n","protected":false},"author":3,"featured_media":65582,"comment_status":"closed","ping_status":"closed","sticky":false,"template":"","format":"standard","meta":{"_acf_changed":false,"footnotes":""},"categories":[18,19],"tags":[],"class_list":["post-65609","post","type-post","status-publish","format-standard","has-post-thumbnail","hentry","category-nouvelles-de-leglise-mondiale","category-rss-francais"],"acf":[],"yoast_head":"<!-- This site is optimized with the Yoast SEO plugin v27.3 - https:\/\/yoast.com\/product\/yoast-seo-wordpress\/ -->\n<title>De nouveaux liens entre la consommation de noix de Grenoble et la diminution des risques de maladies cardiaques - \u00c9glise Adventiste Du Septieme Jour - Inter Am\u00e9rique Division<\/title>\n<meta name=\"robots\" content=\"index, follow, max-snippet:-1, max-image-preview:large, max-video-preview:-1\" \/>\n<link rel=\"canonical\" href=\"https:\/\/interamerica.org\/fr\/2020\/12\/de-nouveaux-liens-entre-la-consommation-de-noix-de-grenoble-et-la-diminution-des-risques-de-maladies-cardiaques\/\" \/>\n<meta property=\"og:locale\" content=\"fr_FR\" \/>\n<meta property=\"og:type\" content=\"article\" \/>\n<meta property=\"og:title\" content=\"De nouveaux liens entre la consommation de noix de Grenoble et la diminution des risques de maladies cardiaques - \u00c9glise Adventiste Du Septieme Jour - Inter Am\u00e9rique Division\" \/>\n<meta property=\"og:description\" content=\"Le 2 d\u00e9cembre 2020 | Loma Linda, Californie, \u00c9tats-Unis | Lisa Aubry du d\u00e9partement de nouvelles du Centre de sant\u00e9 de l\u2019Universit\u00e9 de Loma Linda Le mois dernier, les chercheurs...\" \/>\n<meta property=\"og:url\" content=\"https:\/\/interamerica.org\/fr\/2020\/12\/de-nouveaux-liens-entre-la-consommation-de-noix-de-grenoble-et-la-diminution-des-risques-de-maladies-cardiaques\/\" \/>\n<meta property=\"og:site_name\" content=\"\u00c9glise Adventiste Du Septieme Jour - Inter Am\u00e9rique Division\" \/>\n<meta property=\"article:published_time\" content=\"2020-12-02T15:15:25+00:00\" \/>\n<meta property=\"article:modified_time\" content=\"2020-12-03T23:42:58+00:00\" \/>\n<meta property=\"og:image\" content=\"https:\/\/interamerica.org\/wp-content\/uploads\/2020\/12\/walnuts-tom-hermans-ibl3zd62q7q-unsplash.jpg\" \/>\n\t<meta property=\"og:image:width\" content=\"1280\" \/>\n\t<meta property=\"og:image:height\" content=\"800\" \/>\n\t<meta property=\"og:image:type\" content=\"image\/jpeg\" \/>\n<meta name=\"author\" content=\"libna\" \/>\n<meta name=\"twitter:card\" content=\"summary_large_image\" \/>\n<meta name=\"twitter:label1\" content=\"\u00c9crit par\" \/>\n\t<meta name=\"twitter:data1\" content=\"libna\" \/>\n\t<meta name=\"twitter:label2\" content=\"Dur\u00e9e de lecture estim\u00e9e\" \/>\n\t<meta name=\"twitter:data2\" content=\"3 minutes\" \/>\n<script type=\"application\/ld+json\" class=\"yoast-schema-graph\">{\"@context\":\"https:\\\/\\\/schema.org\",\"@graph\":[{\"@type\":\"Article\",\"@id\":\"https:\\\/\\\/interamerica.org\\\/fr\\\/2020\\\/12\\\/de-nouveaux-liens-entre-la-consommation-de-noix-de-grenoble-et-la-diminution-des-risques-de-maladies-cardiaques\\\/#article\",\"isPartOf\":{\"@id\":\"https:\\\/\\\/interamerica.org\\\/fr\\\/2020\\\/12\\\/de-nouveaux-liens-entre-la-consommation-de-noix-de-grenoble-et-la-diminution-des-risques-de-maladies-cardiaques\\\/\"},\"author\":{\"name\":\"libna\",\"@id\":\"https:\\\/\\\/interamerica.org\\\/fr\\\/#\\\/schema\\\/person\\\/29998f2bc2d8bd0d38662909289b54f1\"},\"headline\":\"De nouveaux liens entre la consommation de noix de Grenoble et la diminution des risques de maladies cardiaques\",\"datePublished\":\"2020-12-02T15:15:25+00:00\",\"dateModified\":\"2020-12-03T23:42:58+00:00\",\"mainEntityOfPage\":{\"@id\":\"https:\\\/\\\/interamerica.org\\\/fr\\\/2020\\\/12\\\/de-nouveaux-liens-entre-la-consommation-de-noix-de-grenoble-et-la-diminution-des-risques-de-maladies-cardiaques\\\/\"},\"wordCount\":650,\"image\":{\"@id\":\"https:\\\/\\\/interamerica.org\\\/fr\\\/2020\\\/12\\\/de-nouveaux-liens-entre-la-consommation-de-noix-de-grenoble-et-la-diminution-des-risques-de-maladies-cardiaques\\\/#primaryimage\"},\"thumbnailUrl\":\"https:\\\/\\\/interamerica.org\\\/wp-content\\\/uploads\\\/2020\\\/12\\\/walnuts-tom-hermans-ibl3zd62q7q-unsplash.jpg\",\"articleSection\":[\"Nouvelles de l'\u00c9glise mondiale\",\"RSS Fran\u00e7ais\"],\"inLanguage\":\"fr-FR\"},{\"@type\":\"WebPage\",\"@id\":\"https:\\\/\\\/interamerica.org\\\/fr\\\/2020\\\/12\\\/de-nouveaux-liens-entre-la-consommation-de-noix-de-grenoble-et-la-diminution-des-risques-de-maladies-cardiaques\\\/\",\"url\":\"https:\\\/\\\/interamerica.org\\\/fr\\\/2020\\\/12\\\/de-nouveaux-liens-entre-la-consommation-de-noix-de-grenoble-et-la-diminution-des-risques-de-maladies-cardiaques\\\/\",\"name\":\"De nouveaux liens entre la consommation de noix de Grenoble et la diminution des risques de maladies cardiaques - \u00c9glise Adventiste Du Septieme Jour - Inter Am\u00e9rique Division\",\"isPartOf\":{\"@id\":\"https:\\\/\\\/interamerica.org\\\/fr\\\/#website\"},\"primaryImageOfPage\":{\"@id\":\"https:\\\/\\\/interamerica.org\\\/fr\\\/2020\\\/12\\\/de-nouveaux-liens-entre-la-consommation-de-noix-de-grenoble-et-la-diminution-des-risques-de-maladies-cardiaques\\\/#primaryimage\"},\"image\":{\"@id\":\"https:\\\/\\\/interamerica.org\\\/fr\\\/2020\\\/12\\\/de-nouveaux-liens-entre-la-consommation-de-noix-de-grenoble-et-la-diminution-des-risques-de-maladies-cardiaques\\\/#primaryimage\"},\"thumbnailUrl\":\"https:\\\/\\\/interamerica.org\\\/wp-content\\\/uploads\\\/2020\\\/12\\\/walnuts-tom-hermans-ibl3zd62q7q-unsplash.jpg\",\"datePublished\":\"2020-12-02T15:15:25+00:00\",\"dateModified\":\"2020-12-03T23:42:58+00:00\",\"author\":{\"@id\":\"https:\\\/\\\/interamerica.org\\\/fr\\\/#\\\/schema\\\/person\\\/29998f2bc2d8bd0d38662909289b54f1\"},\"breadcrumb\":{\"@id\":\"https:\\\/\\\/interamerica.org\\\/fr\\\/2020\\\/12\\\/de-nouveaux-liens-entre-la-consommation-de-noix-de-grenoble-et-la-diminution-des-risques-de-maladies-cardiaques\\\/#breadcrumb\"},\"inLanguage\":\"fr-FR\",\"potentialAction\":[{\"@type\":\"ReadAction\",\"target\":[\"https:\\\/\\\/interamerica.org\\\/fr\\\/2020\\\/12\\\/de-nouveaux-liens-entre-la-consommation-de-noix-de-grenoble-et-la-diminution-des-risques-de-maladies-cardiaques\\\/\"]}]},{\"@type\":\"ImageObject\",\"inLanguage\":\"fr-FR\",\"@id\":\"https:\\\/\\\/interamerica.org\\\/fr\\\/2020\\\/12\\\/de-nouveaux-liens-entre-la-consommation-de-noix-de-grenoble-et-la-diminution-des-risques-de-maladies-cardiaques\\\/#primaryimage\",\"url\":\"https:\\\/\\\/interamerica.org\\\/wp-content\\\/uploads\\\/2020\\\/12\\\/walnuts-tom-hermans-ibl3zd62q7q-unsplash.jpg\",\"contentUrl\":\"https:\\\/\\\/interamerica.org\\\/wp-content\\\/uploads\\\/2020\\\/12\\\/walnuts-tom-hermans-ibl3zd62q7q-unsplash.jpg\",\"width\":1280,\"height\":800,\"caption\":\"Une photo de Tom Hermans\\\/Unsplash.\"},{\"@type\":\"BreadcrumbList\",\"@id\":\"https:\\\/\\\/interamerica.org\\\/fr\\\/2020\\\/12\\\/de-nouveaux-liens-entre-la-consommation-de-noix-de-grenoble-et-la-diminution-des-risques-de-maladies-cardiaques\\\/#breadcrumb\",\"itemListElement\":[{\"@type\":\"ListItem\",\"position\":1,\"name\":\"Home\",\"item\":\"https:\\\/\\\/interamerica.org\\\/fr\\\/\"},{\"@type\":\"ListItem\",\"position\":2,\"name\":\"De nouveaux liens entre la consommation de noix de Grenoble et la diminution des risques de maladies cardiaques\"}]},{\"@type\":\"WebSite\",\"@id\":\"https:\\\/\\\/interamerica.org\\\/fr\\\/#website\",\"url\":\"https:\\\/\\\/interamerica.org\\\/fr\\\/\",\"name\":\"\u00c9glise Adventiste Du Septieme Jour - Inter Am\u00e9rique Division\",\"description\":\"\",\"potentialAction\":[{\"@type\":\"SearchAction\",\"target\":{\"@type\":\"EntryPoint\",\"urlTemplate\":\"https:\\\/\\\/interamerica.org\\\/fr\\\/?s={search_term_string}\"},\"query-input\":{\"@type\":\"PropertyValueSpecification\",\"valueRequired\":true,\"valueName\":\"search_term_string\"}}],\"inLanguage\":\"fr-FR\"},{\"@type\":\"Person\",\"@id\":\"https:\\\/\\\/interamerica.org\\\/fr\\\/#\\\/schema\\\/person\\\/29998f2bc2d8bd0d38662909289b54f1\",\"name\":\"libna\",\"image\":{\"@type\":\"ImageObject\",\"inLanguage\":\"fr-FR\",\"@id\":\"https:\\\/\\\/secure.gravatar.com\\\/avatar\\\/7c5bd30ae4b47a9ba3c856590957fd1d96dc588bf3ac05719d247e126840331f?s=96&d=mm&r=g\",\"url\":\"https:\\\/\\\/secure.gravatar.com\\\/avatar\\\/7c5bd30ae4b47a9ba3c856590957fd1d96dc588bf3ac05719d247e126840331f?s=96&d=mm&r=g\",\"contentUrl\":\"https:\\\/\\\/secure.gravatar.com\\\/avatar\\\/7c5bd30ae4b47a9ba3c856590957fd1d96dc588bf3ac05719d247e126840331f?s=96&d=mm&r=g\",\"caption\":\"libna\"}}]}<\/script>\n<!-- \/ Yoast SEO plugin. -->","yoast_head_json":{"title":"De nouveaux liens entre la consommation de noix de Grenoble et la diminution des risques de maladies cardiaques - \u00c9glise Adventiste Du Septieme Jour - Inter Am\u00e9rique Division","robots":{"index":"index","follow":"follow","max-snippet":"max-snippet:-1","max-image-preview":"max-image-preview:large","max-video-preview":"max-video-preview:-1"},"canonical":"https:\/\/interamerica.org\/fr\/2020\/12\/de-nouveaux-liens-entre-la-consommation-de-noix-de-grenoble-et-la-diminution-des-risques-de-maladies-cardiaques\/","og_locale":"fr_FR","og_type":"article","og_title":"De nouveaux liens entre la consommation de noix de Grenoble et la diminution des risques de maladies cardiaques - \u00c9glise Adventiste Du Septieme Jour - Inter Am\u00e9rique Division","og_description":"Le 2 d\u00e9cembre 2020 | Loma Linda, Californie, \u00c9tats-Unis | Lisa Aubry du d\u00e9partement de nouvelles du Centre de sant\u00e9 de l\u2019Universit\u00e9 de Loma Linda Le mois dernier, les chercheurs...","og_url":"https:\/\/interamerica.org\/fr\/2020\/12\/de-nouveaux-liens-entre-la-consommation-de-noix-de-grenoble-et-la-diminution-des-risques-de-maladies-cardiaques\/","og_site_name":"\u00c9glise Adventiste Du Septieme Jour - Inter Am\u00e9rique Division","article_published_time":"2020-12-02T15:15:25+00:00","article_modified_time":"2020-12-03T23:42:58+00:00","og_image":[{"width":1280,"height":800,"url":"https:\/\/interamerica.org\/wp-content\/uploads\/2020\/12\/walnuts-tom-hermans-ibl3zd62q7q-unsplash.jpg","type":"image\/jpeg"}],"author":"libna","twitter_card":"summary_large_image","twitter_misc":{"\u00c9crit par":"libna","Dur\u00e9e de lecture estim\u00e9e":"3 minutes"},"schema":{"@context":"https:\/\/schema.org","@graph":[{"@type":"Article","@id":"https:\/\/interamerica.org\/fr\/2020\/12\/de-nouveaux-liens-entre-la-consommation-de-noix-de-grenoble-et-la-diminution-des-risques-de-maladies-cardiaques\/#article","isPartOf":{"@id":"https:\/\/interamerica.org\/fr\/2020\/12\/de-nouveaux-liens-entre-la-consommation-de-noix-de-grenoble-et-la-diminution-des-risques-de-maladies-cardiaques\/"},"author":{"name":"libna","@id":"https:\/\/interamerica.org\/fr\/#\/schema\/person\/29998f2bc2d8bd0d38662909289b54f1"},"headline":"De nouveaux liens entre la consommation de noix de Grenoble et la diminution des risques de maladies cardiaques","datePublished":"2020-12-02T15:15:25+00:00","dateModified":"2020-12-03T23:42:58+00:00","mainEntityOfPage":{"@id":"https:\/\/interamerica.org\/fr\/2020\/12\/de-nouveaux-liens-entre-la-consommation-de-noix-de-grenoble-et-la-diminution-des-risques-de-maladies-cardiaques\/"},"wordCount":650,"image":{"@id":"https:\/\/interamerica.org\/fr\/2020\/12\/de-nouveaux-liens-entre-la-consommation-de-noix-de-grenoble-et-la-diminution-des-risques-de-maladies-cardiaques\/#primaryimage"},"thumbnailUrl":"https:\/\/interamerica.org\/wp-content\/uploads\/2020\/12\/walnuts-tom-hermans-ibl3zd62q7q-unsplash.jpg","articleSection":["Nouvelles de l'\u00c9glise mondiale","RSS Fran\u00e7ais"],"inLanguage":"fr-FR"},{"@type":"WebPage","@id":"https:\/\/interamerica.org\/fr\/2020\/12\/de-nouveaux-liens-entre-la-consommation-de-noix-de-grenoble-et-la-diminution-des-risques-de-maladies-cardiaques\/","url":"https:\/\/interamerica.org\/fr\/2020\/12\/de-nouveaux-liens-entre-la-consommation-de-noix-de-grenoble-et-la-diminution-des-risques-de-maladies-cardiaques\/","name":"De nouveaux liens entre la consommation de noix de Grenoble et la diminution des risques de maladies cardiaques - \u00c9glise Adventiste Du Septieme Jour - Inter Am\u00e9rique Division","isPartOf":{"@id":"https:\/\/interamerica.org\/fr\/#website"},"primaryImageOfPage":{"@id":"https:\/\/interamerica.org\/fr\/2020\/12\/de-nouveaux-liens-entre-la-consommation-de-noix-de-grenoble-et-la-diminution-des-risques-de-maladies-cardiaques\/#primaryimage"},"image":{"@id":"https:\/\/interamerica.org\/fr\/2020\/12\/de-nouveaux-liens-entre-la-consommation-de-noix-de-grenoble-et-la-diminution-des-risques-de-maladies-cardiaques\/#primaryimage"},"thumbnailUrl":"https:\/\/interamerica.org\/wp-content\/uploads\/2020\/12\/walnuts-tom-hermans-ibl3zd62q7q-unsplash.jpg","datePublished":"2020-12-02T15:15:25+00:00","dateModified":"2020-12-03T23:42:58+00:00","author":{"@id":"https:\/\/interamerica.org\/fr\/#\/schema\/person\/29998f2bc2d8bd0d38662909289b54f1"},"breadcrumb":{"@id":"https:\/\/interamerica.org\/fr\/2020\/12\/de-nouveaux-liens-entre-la-consommation-de-noix-de-grenoble-et-la-diminution-des-risques-de-maladies-cardiaques\/#breadcrumb"},"inLanguage":"fr-FR","potentialAction":[{"@type":"ReadAction","target":["https:\/\/interamerica.org\/fr\/2020\/12\/de-nouveaux-liens-entre-la-consommation-de-noix-de-grenoble-et-la-diminution-des-risques-de-maladies-cardiaques\/"]}]},{"@type":"ImageObject","inLanguage":"fr-FR","@id":"https:\/\/interamerica.org\/fr\/2020\/12\/de-nouveaux-liens-entre-la-consommation-de-noix-de-grenoble-et-la-diminution-des-risques-de-maladies-cardiaques\/#primaryimage","url":"https:\/\/interamerica.org\/wp-content\/uploads\/2020\/12\/walnuts-tom-hermans-ibl3zd62q7q-unsplash.jpg","contentUrl":"https:\/\/interamerica.org\/wp-content\/uploads\/2020\/12\/walnuts-tom-hermans-ibl3zd62q7q-unsplash.jpg","width":1280,"height":800,"caption":"Une photo de Tom Hermans\/Unsplash."},{"@type":"BreadcrumbList","@id":"https:\/\/interamerica.org\/fr\/2020\/12\/de-nouveaux-liens-entre-la-consommation-de-noix-de-grenoble-et-la-diminution-des-risques-de-maladies-cardiaques\/#breadcrumb","itemListElement":[{"@type":"ListItem","position":1,"name":"Home","item":"https:\/\/interamerica.org\/fr\/"},{"@type":"ListItem","position":2,"name":"De nouveaux liens entre la consommation de noix de Grenoble et la diminution des risques de maladies cardiaques"}]},{"@type":"WebSite","@id":"https:\/\/interamerica.org\/fr\/#website","url":"https:\/\/interamerica.org\/fr\/","name":"\u00c9glise Adventiste Du Septieme Jour - Inter Am\u00e9rique Division","description":"","potentialAction":[{"@type":"SearchAction","target":{"@type":"EntryPoint","urlTemplate":"https:\/\/interamerica.org\/fr\/?s={search_term_string}"},"query-input":{"@type":"PropertyValueSpecification","valueRequired":true,"valueName":"search_term_string"}}],"inLanguage":"fr-FR"},{"@type":"Person","@id":"https:\/\/interamerica.org\/fr\/#\/schema\/person\/29998f2bc2d8bd0d38662909289b54f1","name":"libna","image":{"@type":"ImageObject","inLanguage":"fr-FR","@id":"https:\/\/secure.gravatar.com\/avatar\/7c5bd30ae4b47a9ba3c856590957fd1d96dc588bf3ac05719d247e126840331f?s=96&d=mm&r=g","url":"https:\/\/secure.gravatar.com\/avatar\/7c5bd30ae4b47a9ba3c856590957fd1d96dc588bf3ac05719d247e126840331f?s=96&d=mm&r=g","contentUrl":"https:\/\/secure.gravatar.com\/avatar\/7c5bd30ae4b47a9ba3c856590957fd1d96dc588bf3ac05719d247e126840331f?s=96&d=mm&r=g","caption":"libna"}}]}},"_links":{"self":[{"href":"https:\/\/interamerica.org\/fr\/wp-json\/wp\/v2\/posts\/65609","targetHints":{"allow":["GET"]}}],"collection":[{"href":"https:\/\/interamerica.org\/fr\/wp-json\/wp\/v2\/posts"}],"about":[{"href":"https:\/\/interamerica.org\/fr\/wp-json\/wp\/v2\/types\/post"}],"author":[{"embeddable":true,"href":"https:\/\/interamerica.org\/fr\/wp-json\/wp\/v2\/users\/3"}],"replies":[{"embeddable":true,"href":"https:\/\/interamerica.org\/fr\/wp-json\/wp\/v2\/comments?post=65609"}],"version-history":[{"count":0,"href":"https:\/\/interamerica.org\/fr\/wp-json\/wp\/v2\/posts\/65609\/revisions"}],"wp:featuredmedia":[{"embeddable":true,"href":"https:\/\/interamerica.org\/fr\/wp-json\/wp\/v2\/media\/65582"}],"wp:attachment":[{"href":"https:\/\/interamerica.org\/fr\/wp-json\/wp\/v2\/media?parent=65609"}],"wp:term":[{"taxonomy":"category","embeddable":true,"href":"https:\/\/interamerica.org\/fr\/wp-json\/wp\/v2\/categories?post=65609"},{"taxonomy":"post_tag","embeddable":true,"href":"https:\/\/interamerica.org\/fr\/wp-json\/wp\/v2\/tags?post=65609"}],"curies":[{"name":"wp","href":"https:\/\/api.w.org\/{rel}","templated":true}]}}