{"id":65863,"date":"2020-12-25T08:57:12","date_gmt":"2020-12-25T12:57:12","guid":{"rendered":"https:\/\/recursing-golick.147-182-135-0.plesk.page\/?p=65863"},"modified":"2021-01-06T10:49:46","modified_gmt":"2021-01-06T14:49:46","slug":"lincroyable-don-de-dieu","status":"publish","type":"post","link":"https:\/\/interamerica.org\/fr\/2020\/12\/lincroyable-don-de-dieu\/","title":{"rendered":"L\u2019incroyable don de Dieu"},"content":{"rendered":"<p>25 Decembre 2020 | Silver Spring, Maryland,\u00a0 \u00c9tats-Unis\u00a0| Ted N.C. Wilson<\/p>\n<p><span style=\"font-weight: 400;\">Dans cette vid\u00e9o, prenons quelques instants ensemble pour r\u00e9fl\u00e9chir au plus grand don jamais fait : J\u00e9sus Christ. Dans 2 Corinthiens 5.19 nous lisons : \u00ab Dieu \u00e9tait en Christ : il r\u00e9conciliait le monde avec lui-m\u00eame en ne chargeant pas les hommes de leurs fautes, et il a mis en nous la parole de la r\u00e9conciliation \u00bb. Dieu \u00e9tait en Christ, nous r\u00e9conciliant avec lui-m\u00eame. Nous avons ici une magnifique image du plan de salut : c\u2019est l\u2019image d\u2019un Dieu qui prend l\u2019initiative de restaurer la relation qu\u2019il avait autrefois avec les \u00eatres humains, une perte vivement ressentie lorsque l\u2019humanit\u00e9 a choisi de se s\u00e9parer de son Cr\u00e9ateur.<\/span><\/p>\n<p><span style=\"font-weight: 400;\">Imaginez cette nuit, il y a si longtemps, dans la ville de Bethl\u00e9em. Un enfant na\u00eet, non pas dans un lit confortable, mais dans une grange, dans une \u00e9curie, entour\u00e9 de cr\u00e9atures qu\u2019il a lui-m\u00eame con\u00e7ues. Il \u00e9tait \u00e0 la fois pleinement humain et pleinement divin.<\/span><\/p>\n<p><span style=\"font-weight: 400;\">Nous voyons Dieu en Christ, r\u00e9conciliant le monde avec lui-m\u00eame, par l\u2019impuissance d\u2019un nourrisson, l\u2019innocence d\u2019un enfant, la fid\u00e9lit\u00e9 d\u2019un jeune charpentier, la compassion d\u2019un grand gu\u00e9risseur, la sagesse d\u2019un enseignant respect\u00e9 et l\u2019humilit\u00e9 d\u2019un homme innocent qui tend l\u2019autre joue. Nous le voyons sur la croix, les bras tendus, essayant de r\u00e9concilier le monde avec lui-m\u00eame.<\/span><\/p>\n<p><span style=\"font-weight: 400;\">C\u2019est un Dieu qui cherche \u00e0 se r\u00e9concilier avec nous. C\u2019est ce qu\u2019Il veut, plus que tout. Il d\u00e9sire que nous soyons avec lui, non seulement dans l\u2019avenir, mais aussi en ce moment. Son \u0153uvre de r\u00e9conciliation ne s\u2019est pas termin\u00e9e avec la croix, mais elle continue encore, puisqu\u2019il est notre Grand Pr\u00eatre dans le sanctuaire c\u00e9leste, exer\u00e7ant son minist\u00e8re dans le lieu le plus saint, le lieu tr\u00e8s saint, plaidant son sang en notre faveur.<\/span><\/p>\n<p><span style=\"font-weight: 400;\">Le Christ participe activement \u00e0 ce minist\u00e8re important en ce moment. Il est merveilleux de savoir que le Dieu de l\u2019univers, qui \u00e9tait pr\u00eat \u00e0 s\u2019humilier et \u00e0 venir en ce monde o\u00f9 il a fait l\u2019exp\u00e9rience de nos \u00e9preuves et de nos peines, est le m\u00eame J\u00e9sus qui est maintenant notre avocat et notre grand pr\u00eatre exer\u00e7ant son minist\u00e8re dans le sanctuaire c\u00e9leste.<\/span><\/p>\n<p><span style=\"font-weight: 400;\">Nous sommes tous appel\u00e9s \u00e0 ce minist\u00e8re sp\u00e9cial, et Dieu nous a donn\u00e9 le pouvoir par la Bible. C\u2019est par sa parole que nous trouvons les cl\u00e9s de la r\u00e9conciliation avec les autres : la confession, le pardon, l\u2019espoir et la gu\u00e9rison. Quelles que soient les difficult\u00e9s, les disputes, les frustrations auxquelles nous sommes confront\u00e9s, le Seigneur a ouvert la voie \u00e0 la r\u00e9conciliation, \u00e0 l\u2019unit\u00e9 entre ses croyants. Sa vie humble mais concentr\u00e9e, son minist\u00e8re d\u00e9sint\u00e9ress\u00e9 aupr\u00e8s des autres, son sacrifice extraordinaire, sont autant d\u2019exemples pour nous, nous encourageant \u00e0 mettre de c\u00f4t\u00e9 tout ce qui nous emp\u00eache de nous r\u00e9concilier avec Lui et les uns avec les autres.<\/span><\/p>\n<p><span style=\"font-weight: 400;\">Lorsque nous pensons \u00e0 notre merveilleux Sauveur, dont nous nous souvenons d\u2019une mani\u00e8re particuli\u00e8re de la naissance en cette p\u00e9riode de l\u2019ann\u00e9e, r\u00e9fl\u00e9chissons \u00e0 son minist\u00e8re de la r\u00e9conciliation. Dieu est le m\u00eame aujourd\u2019hui qu\u2019hier. Il est toujours en Christ, tendant la main dans la r\u00e9conciliation, gu\u00e9rissant les blessures, rendant les gens entiers, offrant \u00e0 chacun d\u2019entre nous la possibilit\u00e9 d\u2019\u00eatre uni en Lui. Et un jour, tr\u00e8s bient\u00f4t, des anges appara\u00eetront \u00e0 nouveau dans le ciel comme ils l\u2019ont fait il y a si longtemps sur les collines de Bethl\u00e9em, cette fois-ci non pas pour annoncer la naissance de l\u2019enfant, mais pour accompagner le Roi dans sa gloire, qui vient pour chercher son peuple. Oui, viens, Seigneur J\u00e9sus !<\/span><\/p>\n<p><iframe title=\"L\u00b4incroyable don de Dieu \/ Pasteur Ted Wilson\" src=\"https:\/\/player.vimeo.com\/video\/494698923?dnt=1&amp;app_id=122963\" width=\"500\" height=\"281\" frameborder=\"0\" allow=\"autoplay; fullscreen; picture-in-picture; clipboard-write\"><\/iframe><\/p>\n","protected":false},"excerpt":{"rendered":"<p>25 Decembre 2020 | Silver Spring, Maryland,\u00a0 \u00c9tats-Unis\u00a0| Ted N.C. Wilson Dans cette vid\u00e9o, prenons quelques instants ensemble pour r\u00e9fl\u00e9chir au plus grand don jamais fait : J\u00e9sus Christ. Dans&#8230;<\/p>\n","protected":false},"author":3,"featured_media":65896,"comment_status":"closed","ping_status":"closed","sticky":false,"template":"","format":"standard","meta":{"_acf_changed":false,"footnotes":""},"categories":[18,19],"tags":[],"class_list":["post-65863","post","type-post","status-publish","format-standard","has-post-thumbnail","hentry","category-nouvelles-de-leglise-mondiale","category-rss-francais"],"acf":[],"yoast_head":"<!-- This site is optimized with the Yoast SEO plugin v27.3 - https:\/\/yoast.com\/product\/yoast-seo-wordpress\/ -->\n<title>L\u2019incroyable don de Dieu - \u00c9glise Adventiste Du Septieme Jour - Inter Am\u00e9rique Division<\/title>\n<meta name=\"robots\" content=\"index, follow, max-snippet:-1, max-image-preview:large, max-video-preview:-1\" \/>\n<link rel=\"canonical\" href=\"https:\/\/interamerica.org\/fr\/2020\/12\/lincroyable-don-de-dieu\/\" \/>\n<meta property=\"og:locale\" content=\"fr_FR\" \/>\n<meta property=\"og:type\" content=\"article\" \/>\n<meta property=\"og:title\" content=\"L\u2019incroyable don de Dieu - \u00c9glise Adventiste Du Septieme Jour - Inter Am\u00e9rique Division\" \/>\n<meta property=\"og:description\" content=\"25 Decembre 2020 | Silver Spring, Maryland,\u00a0 \u00c9tats-Unis\u00a0| Ted N.C. Wilson Dans cette vid\u00e9o, prenons quelques instants ensemble pour r\u00e9fl\u00e9chir au plus grand don jamais fait : J\u00e9sus Christ. Dans...\" \/>\n<meta property=\"og:url\" content=\"https:\/\/interamerica.org\/fr\/2020\/12\/lincroyable-don-de-dieu\/\" \/>\n<meta property=\"og:site_name\" content=\"\u00c9glise Adventiste Du Septieme Jour - Inter Am\u00e9rique Division\" \/>\n<meta property=\"article:published_time\" content=\"2020-12-25T12:57:12+00:00\" \/>\n<meta property=\"article:modified_time\" content=\"2021-01-06T14:49:46+00:00\" \/>\n<meta property=\"og:image\" content=\"https:\/\/interamerica.org\/wp-content\/uploads\/2020\/12\/wilson-dec25-fre.jpg\" \/>\n\t<meta property=\"og:image:width\" content=\"1280\" \/>\n\t<meta property=\"og:image:height\" content=\"800\" \/>\n\t<meta property=\"og:image:type\" content=\"image\/jpeg\" \/>\n<meta name=\"author\" content=\"libna\" \/>\n<meta name=\"twitter:card\" content=\"summary_large_image\" \/>\n<meta name=\"twitter:label1\" content=\"\u00c9crit par\" \/>\n\t<meta name=\"twitter:data1\" content=\"libna\" \/>\n\t<meta name=\"twitter:label2\" content=\"Dur\u00e9e de lecture estim\u00e9e\" \/>\n\t<meta name=\"twitter:data2\" content=\"3 minutes\" \/>\n<script type=\"application\/ld+json\" class=\"yoast-schema-graph\">{\"@context\":\"https:\\\/\\\/schema.org\",\"@graph\":[{\"@type\":\"Article\",\"@id\":\"https:\\\/\\\/interamerica.org\\\/fr\\\/2020\\\/12\\\/lincroyable-don-de-dieu\\\/#article\",\"isPartOf\":{\"@id\":\"https:\\\/\\\/interamerica.org\\\/fr\\\/2020\\\/12\\\/lincroyable-don-de-dieu\\\/\"},\"author\":{\"name\":\"libna\",\"@id\":\"https:\\\/\\\/interamerica.org\\\/fr\\\/#\\\/schema\\\/person\\\/29998f2bc2d8bd0d38662909289b54f1\"},\"headline\":\"L\u2019incroyable don de Dieu\",\"datePublished\":\"2020-12-25T12:57:12+00:00\",\"dateModified\":\"2021-01-06T14:49:46+00:00\",\"mainEntityOfPage\":{\"@id\":\"https:\\\/\\\/interamerica.org\\\/fr\\\/2020\\\/12\\\/lincroyable-don-de-dieu\\\/\"},\"wordCount\":689,\"image\":{\"@id\":\"https:\\\/\\\/interamerica.org\\\/fr\\\/2020\\\/12\\\/lincroyable-don-de-dieu\\\/#primaryimage\"},\"thumbnailUrl\":\"https:\\\/\\\/interamerica.org\\\/wp-content\\\/uploads\\\/2020\\\/12\\\/wilson-dec25-fre.jpg\",\"articleSection\":[\"Nouvelles de l'\u00c9glise mondiale\",\"RSS Fran\u00e7ais\"],\"inLanguage\":\"fr-FR\"},{\"@type\":\"WebPage\",\"@id\":\"https:\\\/\\\/interamerica.org\\\/fr\\\/2020\\\/12\\\/lincroyable-don-de-dieu\\\/\",\"url\":\"https:\\\/\\\/interamerica.org\\\/fr\\\/2020\\\/12\\\/lincroyable-don-de-dieu\\\/\",\"name\":\"L\u2019incroyable don de Dieu - \u00c9glise Adventiste Du Septieme Jour - Inter Am\u00e9rique Division\",\"isPartOf\":{\"@id\":\"https:\\\/\\\/interamerica.org\\\/fr\\\/#website\"},\"primaryImageOfPage\":{\"@id\":\"https:\\\/\\\/interamerica.org\\\/fr\\\/2020\\\/12\\\/lincroyable-don-de-dieu\\\/#primaryimage\"},\"image\":{\"@id\":\"https:\\\/\\\/interamerica.org\\\/fr\\\/2020\\\/12\\\/lincroyable-don-de-dieu\\\/#primaryimage\"},\"thumbnailUrl\":\"https:\\\/\\\/interamerica.org\\\/wp-content\\\/uploads\\\/2020\\\/12\\\/wilson-dec25-fre.jpg\",\"datePublished\":\"2020-12-25T12:57:12+00:00\",\"dateModified\":\"2021-01-06T14:49:46+00:00\",\"author\":{\"@id\":\"https:\\\/\\\/interamerica.org\\\/fr\\\/#\\\/schema\\\/person\\\/29998f2bc2d8bd0d38662909289b54f1\"},\"breadcrumb\":{\"@id\":\"https:\\\/\\\/interamerica.org\\\/fr\\\/2020\\\/12\\\/lincroyable-don-de-dieu\\\/#breadcrumb\"},\"inLanguage\":\"fr-FR\",\"potentialAction\":[{\"@type\":\"ReadAction\",\"target\":[\"https:\\\/\\\/interamerica.org\\\/fr\\\/2020\\\/12\\\/lincroyable-don-de-dieu\\\/\"]}]},{\"@type\":\"ImageObject\",\"inLanguage\":\"fr-FR\",\"@id\":\"https:\\\/\\\/interamerica.org\\\/fr\\\/2020\\\/12\\\/lincroyable-don-de-dieu\\\/#primaryimage\",\"url\":\"https:\\\/\\\/interamerica.org\\\/wp-content\\\/uploads\\\/2020\\\/12\\\/wilson-dec25-fre.jpg\",\"contentUrl\":\"https:\\\/\\\/interamerica.org\\\/wp-content\\\/uploads\\\/2020\\\/12\\\/wilson-dec25-fre.jpg\",\"width\":1280,\"height\":800},{\"@type\":\"BreadcrumbList\",\"@id\":\"https:\\\/\\\/interamerica.org\\\/fr\\\/2020\\\/12\\\/lincroyable-don-de-dieu\\\/#breadcrumb\",\"itemListElement\":[{\"@type\":\"ListItem\",\"position\":1,\"name\":\"Home\",\"item\":\"https:\\\/\\\/interamerica.org\\\/fr\\\/\"},{\"@type\":\"ListItem\",\"position\":2,\"name\":\"L\u2019incroyable don de Dieu\"}]},{\"@type\":\"WebSite\",\"@id\":\"https:\\\/\\\/interamerica.org\\\/fr\\\/#website\",\"url\":\"https:\\\/\\\/interamerica.org\\\/fr\\\/\",\"name\":\"\u00c9glise Adventiste Du Septieme Jour - Inter Am\u00e9rique Division\",\"description\":\"\",\"potentialAction\":[{\"@type\":\"SearchAction\",\"target\":{\"@type\":\"EntryPoint\",\"urlTemplate\":\"https:\\\/\\\/interamerica.org\\\/fr\\\/?s={search_term_string}\"},\"query-input\":{\"@type\":\"PropertyValueSpecification\",\"valueRequired\":true,\"valueName\":\"search_term_string\"}}],\"inLanguage\":\"fr-FR\"},{\"@type\":\"Person\",\"@id\":\"https:\\\/\\\/interamerica.org\\\/fr\\\/#\\\/schema\\\/person\\\/29998f2bc2d8bd0d38662909289b54f1\",\"name\":\"libna\",\"image\":{\"@type\":\"ImageObject\",\"inLanguage\":\"fr-FR\",\"@id\":\"https:\\\/\\\/secure.gravatar.com\\\/avatar\\\/7c5bd30ae4b47a9ba3c856590957fd1d96dc588bf3ac05719d247e126840331f?s=96&d=mm&r=g\",\"url\":\"https:\\\/\\\/secure.gravatar.com\\\/avatar\\\/7c5bd30ae4b47a9ba3c856590957fd1d96dc588bf3ac05719d247e126840331f?s=96&d=mm&r=g\",\"contentUrl\":\"https:\\\/\\\/secure.gravatar.com\\\/avatar\\\/7c5bd30ae4b47a9ba3c856590957fd1d96dc588bf3ac05719d247e126840331f?s=96&d=mm&r=g\",\"caption\":\"libna\"}}]}<\/script>\n<!-- \/ Yoast SEO plugin. -->","yoast_head_json":{"title":"L\u2019incroyable don de Dieu - \u00c9glise Adventiste Du Septieme Jour - Inter Am\u00e9rique Division","robots":{"index":"index","follow":"follow","max-snippet":"max-snippet:-1","max-image-preview":"max-image-preview:large","max-video-preview":"max-video-preview:-1"},"canonical":"https:\/\/interamerica.org\/fr\/2020\/12\/lincroyable-don-de-dieu\/","og_locale":"fr_FR","og_type":"article","og_title":"L\u2019incroyable don de Dieu - \u00c9glise Adventiste Du Septieme Jour - Inter Am\u00e9rique Division","og_description":"25 Decembre 2020 | Silver Spring, Maryland,\u00a0 \u00c9tats-Unis\u00a0| Ted N.C. Wilson Dans cette vid\u00e9o, prenons quelques instants ensemble pour r\u00e9fl\u00e9chir au plus grand don jamais fait : J\u00e9sus Christ. Dans...","og_url":"https:\/\/interamerica.org\/fr\/2020\/12\/lincroyable-don-de-dieu\/","og_site_name":"\u00c9glise Adventiste Du Septieme Jour - Inter Am\u00e9rique Division","article_published_time":"2020-12-25T12:57:12+00:00","article_modified_time":"2021-01-06T14:49:46+00:00","og_image":[{"width":1280,"height":800,"url":"https:\/\/interamerica.org\/wp-content\/uploads\/2020\/12\/wilson-dec25-fre.jpg","type":"image\/jpeg"}],"author":"libna","twitter_card":"summary_large_image","twitter_misc":{"\u00c9crit par":"libna","Dur\u00e9e de lecture estim\u00e9e":"3 minutes"},"schema":{"@context":"https:\/\/schema.org","@graph":[{"@type":"Article","@id":"https:\/\/interamerica.org\/fr\/2020\/12\/lincroyable-don-de-dieu\/#article","isPartOf":{"@id":"https:\/\/interamerica.org\/fr\/2020\/12\/lincroyable-don-de-dieu\/"},"author":{"name":"libna","@id":"https:\/\/interamerica.org\/fr\/#\/schema\/person\/29998f2bc2d8bd0d38662909289b54f1"},"headline":"L\u2019incroyable don de Dieu","datePublished":"2020-12-25T12:57:12+00:00","dateModified":"2021-01-06T14:49:46+00:00","mainEntityOfPage":{"@id":"https:\/\/interamerica.org\/fr\/2020\/12\/lincroyable-don-de-dieu\/"},"wordCount":689,"image":{"@id":"https:\/\/interamerica.org\/fr\/2020\/12\/lincroyable-don-de-dieu\/#primaryimage"},"thumbnailUrl":"https:\/\/interamerica.org\/wp-content\/uploads\/2020\/12\/wilson-dec25-fre.jpg","articleSection":["Nouvelles de l'\u00c9glise mondiale","RSS Fran\u00e7ais"],"inLanguage":"fr-FR"},{"@type":"WebPage","@id":"https:\/\/interamerica.org\/fr\/2020\/12\/lincroyable-don-de-dieu\/","url":"https:\/\/interamerica.org\/fr\/2020\/12\/lincroyable-don-de-dieu\/","name":"L\u2019incroyable don de Dieu - \u00c9glise Adventiste Du Septieme Jour - Inter Am\u00e9rique Division","isPartOf":{"@id":"https:\/\/interamerica.org\/fr\/#website"},"primaryImageOfPage":{"@id":"https:\/\/interamerica.org\/fr\/2020\/12\/lincroyable-don-de-dieu\/#primaryimage"},"image":{"@id":"https:\/\/interamerica.org\/fr\/2020\/12\/lincroyable-don-de-dieu\/#primaryimage"},"thumbnailUrl":"https:\/\/interamerica.org\/wp-content\/uploads\/2020\/12\/wilson-dec25-fre.jpg","datePublished":"2020-12-25T12:57:12+00:00","dateModified":"2021-01-06T14:49:46+00:00","author":{"@id":"https:\/\/interamerica.org\/fr\/#\/schema\/person\/29998f2bc2d8bd0d38662909289b54f1"},"breadcrumb":{"@id":"https:\/\/interamerica.org\/fr\/2020\/12\/lincroyable-don-de-dieu\/#breadcrumb"},"inLanguage":"fr-FR","potentialAction":[{"@type":"ReadAction","target":["https:\/\/interamerica.org\/fr\/2020\/12\/lincroyable-don-de-dieu\/"]}]},{"@type":"ImageObject","inLanguage":"fr-FR","@id":"https:\/\/interamerica.org\/fr\/2020\/12\/lincroyable-don-de-dieu\/#primaryimage","url":"https:\/\/interamerica.org\/wp-content\/uploads\/2020\/12\/wilson-dec25-fre.jpg","contentUrl":"https:\/\/interamerica.org\/wp-content\/uploads\/2020\/12\/wilson-dec25-fre.jpg","width":1280,"height":800},{"@type":"BreadcrumbList","@id":"https:\/\/interamerica.org\/fr\/2020\/12\/lincroyable-don-de-dieu\/#breadcrumb","itemListElement":[{"@type":"ListItem","position":1,"name":"Home","item":"https:\/\/interamerica.org\/fr\/"},{"@type":"ListItem","position":2,"name":"L\u2019incroyable don de Dieu"}]},{"@type":"WebSite","@id":"https:\/\/interamerica.org\/fr\/#website","url":"https:\/\/interamerica.org\/fr\/","name":"\u00c9glise Adventiste Du Septieme Jour - Inter Am\u00e9rique Division","description":"","potentialAction":[{"@type":"SearchAction","target":{"@type":"EntryPoint","urlTemplate":"https:\/\/interamerica.org\/fr\/?s={search_term_string}"},"query-input":{"@type":"PropertyValueSpecification","valueRequired":true,"valueName":"search_term_string"}}],"inLanguage":"fr-FR"},{"@type":"Person","@id":"https:\/\/interamerica.org\/fr\/#\/schema\/person\/29998f2bc2d8bd0d38662909289b54f1","name":"libna","image":{"@type":"ImageObject","inLanguage":"fr-FR","@id":"https:\/\/secure.gravatar.com\/avatar\/7c5bd30ae4b47a9ba3c856590957fd1d96dc588bf3ac05719d247e126840331f?s=96&d=mm&r=g","url":"https:\/\/secure.gravatar.com\/avatar\/7c5bd30ae4b47a9ba3c856590957fd1d96dc588bf3ac05719d247e126840331f?s=96&d=mm&r=g","contentUrl":"https:\/\/secure.gravatar.com\/avatar\/7c5bd30ae4b47a9ba3c856590957fd1d96dc588bf3ac05719d247e126840331f?s=96&d=mm&r=g","caption":"libna"}}]}},"_links":{"self":[{"href":"https:\/\/interamerica.org\/fr\/wp-json\/wp\/v2\/posts\/65863","targetHints":{"allow":["GET"]}}],"collection":[{"href":"https:\/\/interamerica.org\/fr\/wp-json\/wp\/v2\/posts"}],"about":[{"href":"https:\/\/interamerica.org\/fr\/wp-json\/wp\/v2\/types\/post"}],"author":[{"embeddable":true,"href":"https:\/\/interamerica.org\/fr\/wp-json\/wp\/v2\/users\/3"}],"replies":[{"embeddable":true,"href":"https:\/\/interamerica.org\/fr\/wp-json\/wp\/v2\/comments?post=65863"}],"version-history":[{"count":0,"href":"https:\/\/interamerica.org\/fr\/wp-json\/wp\/v2\/posts\/65863\/revisions"}],"wp:featuredmedia":[{"embeddable":true,"href":"https:\/\/interamerica.org\/fr\/wp-json\/wp\/v2\/media\/65896"}],"wp:attachment":[{"href":"https:\/\/interamerica.org\/fr\/wp-json\/wp\/v2\/media?parent=65863"}],"wp:term":[{"taxonomy":"category","embeddable":true,"href":"https:\/\/interamerica.org\/fr\/wp-json\/wp\/v2\/categories?post=65863"},{"taxonomy":"post_tag","embeddable":true,"href":"https:\/\/interamerica.org\/fr\/wp-json\/wp\/v2\/tags?post=65863"}],"curies":[{"name":"wp","href":"https:\/\/api.w.org\/{rel}","templated":true}]}}