{"id":65973,"date":"2020-12-29T11:17:40","date_gmt":"2020-12-29T15:17:40","guid":{"rendered":"https:\/\/recursing-golick.147-182-135-0.plesk.page\/?p=65973"},"modified":"2020-12-29T23:07:51","modified_gmt":"2020-12-30T03:07:51","slug":"nous-nous-rejouissons-car-notre-priere-a-ete-exaucee","status":"publish","type":"post","link":"https:\/\/interamerica.org\/fr\/2020\/12\/nous-nous-rejouissons-car-notre-priere-a-ete-exaucee\/","title":{"rendered":"Nous nous r\u00e9jouissons car notre pri\u00e8re a \u00e9t\u00e9 exauc\u00e9e !"},"content":{"rendered":"<p>29 D\u00e9cembre 2020 | Silver Spring, Maryland, \u00c9tats-Unis | Ted N.C. Wilson, pr\u00e9sident, Conf\u00e9rence G\u00e9n\u00e9rale des Adventistes du septi\u00e8me jour.<\/p>\n<p><em><span aria-label=\"Editor\u2019s Note: Pastor Elie Henry, president of the Seventh-day Adventist Church in Inter-America, along with his adult daughter Irma, were released and unharmed on Dec. 28, 2020, in Port-au-Prince, Haiti. Pastor Henry and Irma went missing on the evening of Dec. 24, 2020. Below is President of the global Adventist Church Ted N.C. Wilson\u2019s statement regarding Henry\u2019s release.\u00a0\u00a0\">Note du r\u00e9dacteur : Le pasteur Elie Henry, pr\u00e9sident de l\u2019\u00c9glise adventiste du septi\u00e8me jour en Inter Am\u00e9rique, ainsi que sa fille Irma, ont \u00e9t\u00e9 lib\u00e9r\u00e9s sains et saufs le 28 d\u00e9cembre 2020 \u00e0 Port-au-Prince, en Ha\u00efti. Le pasteur Henry et Irma avaient \u00e9t\u00e9 enlev\u00e9s le soir du 24 d\u00e9cembre 2020. Ci-dessous la d\u00e9claration du pr\u00e9sident de l\u2019\u00c9glise adventiste mondiale, Ted N.C. Wilson, au sujet de la lib\u00e9ration de pasteur Henry.\u00a0<\/span><\/em><\/p>\n<p>C\u2019est avec un c\u0153ur reconnaissant envers Dieu que nous nous r\u00e9jouissons avec la famille Henry \u00e0 l\u2019ou\u00efe de la merveilleuse nouvelle\u00a0<a href=\"https:\/\/recursing-golick.147-182-135-0.plesk.page\/2020\/12\/inter-american-division-president-released-after-four-days-of-captivity\/\" target=\"_blank\" rel=\"noopener noreferrer\">annonc\u00e9e par la Division Inter Am\u00e9ricaine <\/a>\u00a0indiquant qu\u2019Elie Henry, pr\u00e9sident de cette division, et sa fille adulte, Irma, ont \u00e9t\u00e9 lib\u00e9r\u00e9s lundi apr\u00e8s avoir \u00e9t\u00e9 enlev\u00e9s en Ha\u00efti. C\u2019est un t\u00e9moignage pour tous ceux qui ont pri\u00e9 et \u0153uvr\u00e9 pour parvenir \u00e0 ce d\u00e9nouement tr\u00e8s positif. Que Dieu soit lou\u00e9 car il a entendu nos pri\u00e8res. Nous \u00e9tions tr\u00e8s pr\u00e9occup\u00e9s par cette situation depuis l\u2019enl\u00e8vement qui s\u2019est produit jeudi soir, et par cons\u00e9quent, cette nouvelle annon\u00e7ant la lib\u00e9ration est une merveilleuse b\u00e9n\u00e9diction de Dieu !!<\/p>\n<p>Nous avons beaucoup appris quant \u00e0 l\u2019efficacit\u00e9 de la pri\u00e8re \u00e0 travers cette exp\u00e9rience difficile et je voudrais remercier tous ceux qui ont pri\u00e9 \u00e0 l\u2019occasion de cette situation critique. Quel Dieu merveilleux nous servons ! Nous avons \u00e9galement appris qu\u2019il est pr\u00e9f\u00e9rable de prier davantage et de ne pas faire circuler sur les r\u00e9seaux sociaux des informations non v\u00e9rifi\u00e9es sur des sujets aussi d\u00e9licats que celui-ci, ce qui pourrait potentiellement exposer \u00e0 un plus grand risque ceux dont la vie est en jeu. Merci de prier davantage dans les situations critiques.<\/p>\n<p>Nous le savons d\u2019apr\u00e8s les proph\u00e9ties bibliques contenues dans les livres de Daniel et de l\u2019Apocalypse, et d\u2019apr\u00e8s les paroles du Christ rapport\u00e9es dans Matthieu 24 ainsi que les descriptions d\u00e9taill\u00e9es des derniers jours de l\u2019histoire du monde mentionn\u00e9es dans le livre\u00a0<em>La Trag\u00e9die des Si\u00e8cles,\u00a0<\/em>nous ferons face \u00e0 de nombreuses situations difficiles \u00e0 l\u2019avenir. Cependant, nous avons cette belle assurance selon laquelle \u00ab Nous n&rsquo;avons rien \u00e0 craindre de l&rsquo;avenir, si ce n&rsquo;est d&rsquo;oublier les enseignements du Seigneur et la mani\u00e8re dont il nous a conduits dans le pass\u00e9. \u00bb Alors que nous continuons \u00e0 avancer, appuyons-nous enti\u00e8rement sur le Seigneur ! Continuez \u00e0 prier pour la famille Henry alors que nous nous r\u00e9jouissons ensemble de la merveilleuse providence divine. Que son nom soit lou\u00e9 ! J\u00e9sus revient bient\u00f4t! \u00bb<\/p>\n<p>Traduction: Patrick Luciathe<\/p>\n","protected":false},"excerpt":{"rendered":"<p>29 D\u00e9cembre 2020 | Silver Spring, Maryland, \u00c9tats-Unis | Ted N.C. Wilson, pr\u00e9sident, Conf\u00e9rence G\u00e9n\u00e9rale des Adventistes du septi\u00e8me jour. Note du r\u00e9dacteur : Le pasteur Elie Henry, pr\u00e9sident de&#8230;<\/p>\n","protected":false},"author":3,"featured_media":65967,"comment_status":"closed","ping_status":"closed","sticky":false,"template":"","format":"standard","meta":{"_acf_changed":false,"footnotes":""},"categories":[18,19],"tags":[],"class_list":["post-65973","post","type-post","status-publish","format-standard","has-post-thumbnail","hentry","category-nouvelles-de-leglise-mondiale","category-rss-francais"],"acf":[],"yoast_head":"<!-- This site is optimized with the Yoast SEO plugin v27.3 - https:\/\/yoast.com\/product\/yoast-seo-wordpress\/ -->\n<title>Nous nous r\u00e9jouissons car notre pri\u00e8re a \u00e9t\u00e9 exauc\u00e9e ! - \u00c9glise Adventiste Du Septieme Jour - Inter Am\u00e9rique Division<\/title>\n<meta name=\"robots\" content=\"index, follow, max-snippet:-1, max-image-preview:large, max-video-preview:-1\" \/>\n<link rel=\"canonical\" href=\"https:\/\/interamerica.org\/fr\/2020\/12\/nous-nous-rejouissons-car-notre-priere-a-ete-exaucee\/\" \/>\n<meta property=\"og:locale\" content=\"fr_FR\" \/>\n<meta property=\"og:type\" content=\"article\" \/>\n<meta property=\"og:title\" content=\"Nous nous r\u00e9jouissons car notre pri\u00e8re a \u00e9t\u00e9 exauc\u00e9e ! - \u00c9glise Adventiste Du Septieme Jour - Inter Am\u00e9rique Division\" \/>\n<meta property=\"og:description\" content=\"29 D\u00e9cembre 2020 | Silver Spring, Maryland, \u00c9tats-Unis | Ted N.C. Wilson, pr\u00e9sident, Conf\u00e9rence G\u00e9n\u00e9rale des Adventistes du septi\u00e8me jour. Note du r\u00e9dacteur : Le pasteur Elie Henry, pr\u00e9sident de...\" \/>\n<meta property=\"og:url\" content=\"https:\/\/interamerica.org\/fr\/2020\/12\/nous-nous-rejouissons-car-notre-priere-a-ete-exaucee\/\" \/>\n<meta property=\"og:site_name\" content=\"\u00c9glise Adventiste Du Septieme Jour - Inter Am\u00e9rique Division\" \/>\n<meta property=\"article:published_time\" content=\"2020-12-29T15:17:40+00:00\" \/>\n<meta property=\"article:modified_time\" content=\"2020-12-30T03:07:51+00:00\" \/>\n<meta property=\"og:image\" content=\"https:\/\/interamerica.org\/wp-content\/uploads\/2020\/12\/ted-wilson-ann.jpg\" \/>\n\t<meta property=\"og:image:width\" content=\"1280\" \/>\n\t<meta property=\"og:image:height\" content=\"800\" \/>\n\t<meta property=\"og:image:type\" content=\"image\/jpeg\" \/>\n<meta name=\"author\" content=\"libna\" \/>\n<meta name=\"twitter:card\" content=\"summary_large_image\" \/>\n<meta name=\"twitter:label1\" content=\"\u00c9crit par\" \/>\n\t<meta name=\"twitter:data1\" content=\"libna\" \/>\n\t<meta name=\"twitter:label2\" content=\"Dur\u00e9e de lecture estim\u00e9e\" \/>\n\t<meta name=\"twitter:data2\" content=\"2 minutes\" \/>\n<script type=\"application\/ld+json\" class=\"yoast-schema-graph\">{\"@context\":\"https:\\\/\\\/schema.org\",\"@graph\":[{\"@type\":\"Article\",\"@id\":\"https:\\\/\\\/interamerica.org\\\/fr\\\/2020\\\/12\\\/nous-nous-rejouissons-car-notre-priere-a-ete-exaucee\\\/#article\",\"isPartOf\":{\"@id\":\"https:\\\/\\\/interamerica.org\\\/fr\\\/2020\\\/12\\\/nous-nous-rejouissons-car-notre-priere-a-ete-exaucee\\\/\"},\"author\":{\"name\":\"libna\",\"@id\":\"https:\\\/\\\/interamerica.org\\\/fr\\\/#\\\/schema\\\/person\\\/29998f2bc2d8bd0d38662909289b54f1\"},\"headline\":\"Nous nous r\u00e9jouissons car notre pri\u00e8re a \u00e9t\u00e9 exauc\u00e9e !\",\"datePublished\":\"2020-12-29T15:17:40+00:00\",\"dateModified\":\"2020-12-30T03:07:51+00:00\",\"mainEntityOfPage\":{\"@id\":\"https:\\\/\\\/interamerica.org\\\/fr\\\/2020\\\/12\\\/nous-nous-rejouissons-car-notre-priere-a-ete-exaucee\\\/\"},\"wordCount\":494,\"image\":{\"@id\":\"https:\\\/\\\/interamerica.org\\\/fr\\\/2020\\\/12\\\/nous-nous-rejouissons-car-notre-priere-a-ete-exaucee\\\/#primaryimage\"},\"thumbnailUrl\":\"https:\\\/\\\/interamerica.org\\\/wp-content\\\/uploads\\\/2020\\\/12\\\/ted-wilson-ann.jpg\",\"articleSection\":[\"Nouvelles de l'\u00c9glise mondiale\",\"RSS Fran\u00e7ais\"],\"inLanguage\":\"fr-FR\"},{\"@type\":\"WebPage\",\"@id\":\"https:\\\/\\\/interamerica.org\\\/fr\\\/2020\\\/12\\\/nous-nous-rejouissons-car-notre-priere-a-ete-exaucee\\\/\",\"url\":\"https:\\\/\\\/interamerica.org\\\/fr\\\/2020\\\/12\\\/nous-nous-rejouissons-car-notre-priere-a-ete-exaucee\\\/\",\"name\":\"Nous nous r\u00e9jouissons car notre pri\u00e8re a \u00e9t\u00e9 exauc\u00e9e ! - \u00c9glise Adventiste Du Septieme Jour - Inter Am\u00e9rique Division\",\"isPartOf\":{\"@id\":\"https:\\\/\\\/interamerica.org\\\/fr\\\/#website\"},\"primaryImageOfPage\":{\"@id\":\"https:\\\/\\\/interamerica.org\\\/fr\\\/2020\\\/12\\\/nous-nous-rejouissons-car-notre-priere-a-ete-exaucee\\\/#primaryimage\"},\"image\":{\"@id\":\"https:\\\/\\\/interamerica.org\\\/fr\\\/2020\\\/12\\\/nous-nous-rejouissons-car-notre-priere-a-ete-exaucee\\\/#primaryimage\"},\"thumbnailUrl\":\"https:\\\/\\\/interamerica.org\\\/wp-content\\\/uploads\\\/2020\\\/12\\\/ted-wilson-ann.jpg\",\"datePublished\":\"2020-12-29T15:17:40+00:00\",\"dateModified\":\"2020-12-30T03:07:51+00:00\",\"author\":{\"@id\":\"https:\\\/\\\/interamerica.org\\\/fr\\\/#\\\/schema\\\/person\\\/29998f2bc2d8bd0d38662909289b54f1\"},\"breadcrumb\":{\"@id\":\"https:\\\/\\\/interamerica.org\\\/fr\\\/2020\\\/12\\\/nous-nous-rejouissons-car-notre-priere-a-ete-exaucee\\\/#breadcrumb\"},\"inLanguage\":\"fr-FR\",\"potentialAction\":[{\"@type\":\"ReadAction\",\"target\":[\"https:\\\/\\\/interamerica.org\\\/fr\\\/2020\\\/12\\\/nous-nous-rejouissons-car-notre-priere-a-ete-exaucee\\\/\"]}]},{\"@type\":\"ImageObject\",\"inLanguage\":\"fr-FR\",\"@id\":\"https:\\\/\\\/interamerica.org\\\/fr\\\/2020\\\/12\\\/nous-nous-rejouissons-car-notre-priere-a-ete-exaucee\\\/#primaryimage\",\"url\":\"https:\\\/\\\/interamerica.org\\\/wp-content\\\/uploads\\\/2020\\\/12\\\/ted-wilson-ann.jpg\",\"contentUrl\":\"https:\\\/\\\/interamerica.org\\\/wp-content\\\/uploads\\\/2020\\\/12\\\/ted-wilson-ann.jpg\",\"width\":1280,\"height\":800,\"caption\":\"[Photo de la Conf\u00e9rence G\u00e9n\u00e9rale des Adventistes du septi\u00e8me jour]\"},{\"@type\":\"BreadcrumbList\",\"@id\":\"https:\\\/\\\/interamerica.org\\\/fr\\\/2020\\\/12\\\/nous-nous-rejouissons-car-notre-priere-a-ete-exaucee\\\/#breadcrumb\",\"itemListElement\":[{\"@type\":\"ListItem\",\"position\":1,\"name\":\"Home\",\"item\":\"https:\\\/\\\/interamerica.org\\\/fr\\\/\"},{\"@type\":\"ListItem\",\"position\":2,\"name\":\"Nous nous r\u00e9jouissons car notre pri\u00e8re a \u00e9t\u00e9 exauc\u00e9e !\"}]},{\"@type\":\"WebSite\",\"@id\":\"https:\\\/\\\/interamerica.org\\\/fr\\\/#website\",\"url\":\"https:\\\/\\\/interamerica.org\\\/fr\\\/\",\"name\":\"\u00c9glise Adventiste Du Septieme Jour - Inter Am\u00e9rique Division\",\"description\":\"\",\"potentialAction\":[{\"@type\":\"SearchAction\",\"target\":{\"@type\":\"EntryPoint\",\"urlTemplate\":\"https:\\\/\\\/interamerica.org\\\/fr\\\/?s={search_term_string}\"},\"query-input\":{\"@type\":\"PropertyValueSpecification\",\"valueRequired\":true,\"valueName\":\"search_term_string\"}}],\"inLanguage\":\"fr-FR\"},{\"@type\":\"Person\",\"@id\":\"https:\\\/\\\/interamerica.org\\\/fr\\\/#\\\/schema\\\/person\\\/29998f2bc2d8bd0d38662909289b54f1\",\"name\":\"libna\",\"image\":{\"@type\":\"ImageObject\",\"inLanguage\":\"fr-FR\",\"@id\":\"https:\\\/\\\/secure.gravatar.com\\\/avatar\\\/7c5bd30ae4b47a9ba3c856590957fd1d96dc588bf3ac05719d247e126840331f?s=96&d=mm&r=g\",\"url\":\"https:\\\/\\\/secure.gravatar.com\\\/avatar\\\/7c5bd30ae4b47a9ba3c856590957fd1d96dc588bf3ac05719d247e126840331f?s=96&d=mm&r=g\",\"contentUrl\":\"https:\\\/\\\/secure.gravatar.com\\\/avatar\\\/7c5bd30ae4b47a9ba3c856590957fd1d96dc588bf3ac05719d247e126840331f?s=96&d=mm&r=g\",\"caption\":\"libna\"}}]}<\/script>\n<!-- \/ Yoast SEO plugin. -->","yoast_head_json":{"title":"Nous nous r\u00e9jouissons car notre pri\u00e8re a \u00e9t\u00e9 exauc\u00e9e ! - \u00c9glise Adventiste Du Septieme Jour - Inter Am\u00e9rique Division","robots":{"index":"index","follow":"follow","max-snippet":"max-snippet:-1","max-image-preview":"max-image-preview:large","max-video-preview":"max-video-preview:-1"},"canonical":"https:\/\/interamerica.org\/fr\/2020\/12\/nous-nous-rejouissons-car-notre-priere-a-ete-exaucee\/","og_locale":"fr_FR","og_type":"article","og_title":"Nous nous r\u00e9jouissons car notre pri\u00e8re a \u00e9t\u00e9 exauc\u00e9e ! - \u00c9glise Adventiste Du Septieme Jour - Inter Am\u00e9rique Division","og_description":"29 D\u00e9cembre 2020 | Silver Spring, Maryland, \u00c9tats-Unis | Ted N.C. Wilson, pr\u00e9sident, Conf\u00e9rence G\u00e9n\u00e9rale des Adventistes du septi\u00e8me jour. Note du r\u00e9dacteur : Le pasteur Elie Henry, pr\u00e9sident de...","og_url":"https:\/\/interamerica.org\/fr\/2020\/12\/nous-nous-rejouissons-car-notre-priere-a-ete-exaucee\/","og_site_name":"\u00c9glise Adventiste Du Septieme Jour - Inter Am\u00e9rique Division","article_published_time":"2020-12-29T15:17:40+00:00","article_modified_time":"2020-12-30T03:07:51+00:00","og_image":[{"width":1280,"height":800,"url":"https:\/\/interamerica.org\/wp-content\/uploads\/2020\/12\/ted-wilson-ann.jpg","type":"image\/jpeg"}],"author":"libna","twitter_card":"summary_large_image","twitter_misc":{"\u00c9crit par":"libna","Dur\u00e9e de lecture estim\u00e9e":"2 minutes"},"schema":{"@context":"https:\/\/schema.org","@graph":[{"@type":"Article","@id":"https:\/\/interamerica.org\/fr\/2020\/12\/nous-nous-rejouissons-car-notre-priere-a-ete-exaucee\/#article","isPartOf":{"@id":"https:\/\/interamerica.org\/fr\/2020\/12\/nous-nous-rejouissons-car-notre-priere-a-ete-exaucee\/"},"author":{"name":"libna","@id":"https:\/\/interamerica.org\/fr\/#\/schema\/person\/29998f2bc2d8bd0d38662909289b54f1"},"headline":"Nous nous r\u00e9jouissons car notre pri\u00e8re a \u00e9t\u00e9 exauc\u00e9e !","datePublished":"2020-12-29T15:17:40+00:00","dateModified":"2020-12-30T03:07:51+00:00","mainEntityOfPage":{"@id":"https:\/\/interamerica.org\/fr\/2020\/12\/nous-nous-rejouissons-car-notre-priere-a-ete-exaucee\/"},"wordCount":494,"image":{"@id":"https:\/\/interamerica.org\/fr\/2020\/12\/nous-nous-rejouissons-car-notre-priere-a-ete-exaucee\/#primaryimage"},"thumbnailUrl":"https:\/\/interamerica.org\/wp-content\/uploads\/2020\/12\/ted-wilson-ann.jpg","articleSection":["Nouvelles de l'\u00c9glise mondiale","RSS Fran\u00e7ais"],"inLanguage":"fr-FR"},{"@type":"WebPage","@id":"https:\/\/interamerica.org\/fr\/2020\/12\/nous-nous-rejouissons-car-notre-priere-a-ete-exaucee\/","url":"https:\/\/interamerica.org\/fr\/2020\/12\/nous-nous-rejouissons-car-notre-priere-a-ete-exaucee\/","name":"Nous nous r\u00e9jouissons car notre pri\u00e8re a \u00e9t\u00e9 exauc\u00e9e ! - \u00c9glise Adventiste Du Septieme Jour - Inter Am\u00e9rique Division","isPartOf":{"@id":"https:\/\/interamerica.org\/fr\/#website"},"primaryImageOfPage":{"@id":"https:\/\/interamerica.org\/fr\/2020\/12\/nous-nous-rejouissons-car-notre-priere-a-ete-exaucee\/#primaryimage"},"image":{"@id":"https:\/\/interamerica.org\/fr\/2020\/12\/nous-nous-rejouissons-car-notre-priere-a-ete-exaucee\/#primaryimage"},"thumbnailUrl":"https:\/\/interamerica.org\/wp-content\/uploads\/2020\/12\/ted-wilson-ann.jpg","datePublished":"2020-12-29T15:17:40+00:00","dateModified":"2020-12-30T03:07:51+00:00","author":{"@id":"https:\/\/interamerica.org\/fr\/#\/schema\/person\/29998f2bc2d8bd0d38662909289b54f1"},"breadcrumb":{"@id":"https:\/\/interamerica.org\/fr\/2020\/12\/nous-nous-rejouissons-car-notre-priere-a-ete-exaucee\/#breadcrumb"},"inLanguage":"fr-FR","potentialAction":[{"@type":"ReadAction","target":["https:\/\/interamerica.org\/fr\/2020\/12\/nous-nous-rejouissons-car-notre-priere-a-ete-exaucee\/"]}]},{"@type":"ImageObject","inLanguage":"fr-FR","@id":"https:\/\/interamerica.org\/fr\/2020\/12\/nous-nous-rejouissons-car-notre-priere-a-ete-exaucee\/#primaryimage","url":"https:\/\/interamerica.org\/wp-content\/uploads\/2020\/12\/ted-wilson-ann.jpg","contentUrl":"https:\/\/interamerica.org\/wp-content\/uploads\/2020\/12\/ted-wilson-ann.jpg","width":1280,"height":800,"caption":"[Photo de la Conf\u00e9rence G\u00e9n\u00e9rale des Adventistes du septi\u00e8me jour]"},{"@type":"BreadcrumbList","@id":"https:\/\/interamerica.org\/fr\/2020\/12\/nous-nous-rejouissons-car-notre-priere-a-ete-exaucee\/#breadcrumb","itemListElement":[{"@type":"ListItem","position":1,"name":"Home","item":"https:\/\/interamerica.org\/fr\/"},{"@type":"ListItem","position":2,"name":"Nous nous r\u00e9jouissons car notre pri\u00e8re a \u00e9t\u00e9 exauc\u00e9e !"}]},{"@type":"WebSite","@id":"https:\/\/interamerica.org\/fr\/#website","url":"https:\/\/interamerica.org\/fr\/","name":"\u00c9glise Adventiste Du Septieme Jour - Inter Am\u00e9rique Division","description":"","potentialAction":[{"@type":"SearchAction","target":{"@type":"EntryPoint","urlTemplate":"https:\/\/interamerica.org\/fr\/?s={search_term_string}"},"query-input":{"@type":"PropertyValueSpecification","valueRequired":true,"valueName":"search_term_string"}}],"inLanguage":"fr-FR"},{"@type":"Person","@id":"https:\/\/interamerica.org\/fr\/#\/schema\/person\/29998f2bc2d8bd0d38662909289b54f1","name":"libna","image":{"@type":"ImageObject","inLanguage":"fr-FR","@id":"https:\/\/secure.gravatar.com\/avatar\/7c5bd30ae4b47a9ba3c856590957fd1d96dc588bf3ac05719d247e126840331f?s=96&d=mm&r=g","url":"https:\/\/secure.gravatar.com\/avatar\/7c5bd30ae4b47a9ba3c856590957fd1d96dc588bf3ac05719d247e126840331f?s=96&d=mm&r=g","contentUrl":"https:\/\/secure.gravatar.com\/avatar\/7c5bd30ae4b47a9ba3c856590957fd1d96dc588bf3ac05719d247e126840331f?s=96&d=mm&r=g","caption":"libna"}}]}},"_links":{"self":[{"href":"https:\/\/interamerica.org\/fr\/wp-json\/wp\/v2\/posts\/65973","targetHints":{"allow":["GET"]}}],"collection":[{"href":"https:\/\/interamerica.org\/fr\/wp-json\/wp\/v2\/posts"}],"about":[{"href":"https:\/\/interamerica.org\/fr\/wp-json\/wp\/v2\/types\/post"}],"author":[{"embeddable":true,"href":"https:\/\/interamerica.org\/fr\/wp-json\/wp\/v2\/users\/3"}],"replies":[{"embeddable":true,"href":"https:\/\/interamerica.org\/fr\/wp-json\/wp\/v2\/comments?post=65973"}],"version-history":[{"count":0,"href":"https:\/\/interamerica.org\/fr\/wp-json\/wp\/v2\/posts\/65973\/revisions"}],"wp:featuredmedia":[{"embeddable":true,"href":"https:\/\/interamerica.org\/fr\/wp-json\/wp\/v2\/media\/65967"}],"wp:attachment":[{"href":"https:\/\/interamerica.org\/fr\/wp-json\/wp\/v2\/media?parent=65973"}],"wp:term":[{"taxonomy":"category","embeddable":true,"href":"https:\/\/interamerica.org\/fr\/wp-json\/wp\/v2\/categories?post=65973"},{"taxonomy":"post_tag","embeddable":true,"href":"https:\/\/interamerica.org\/fr\/wp-json\/wp\/v2\/tags?post=65973"}],"curies":[{"name":"wp","href":"https:\/\/api.w.org\/{rel}","templated":true}]}}