{"id":65990,"date":"2020-12-30T12:15:55","date_gmt":"2020-12-30T16:15:55","guid":{"rendered":"https:\/\/recursing-golick.147-182-135-0.plesk.page\/?p=65990"},"modified":"2020-12-30T18:34:28","modified_gmt":"2020-12-30T22:34:28","slug":"le-president-de-la-division-inter-americaine-remercie-les-membres-deglise-pour-leurs-prieres","status":"publish","type":"post","link":"https:\/\/interamerica.org\/fr\/2020\/12\/le-president-de-la-division-inter-americaine-remercie-les-membres-deglise-pour-leurs-prieres\/","title":{"rendered":"Le pr\u00e9sident de la Division Inter Am\u00e9ricaine remercie les membres d\u2019\u00e9glise pour leurs pri\u00e8res"},"content":{"rendered":"<p>30 D\u00e9cembre 2020 | Miami, Floride, \u00c9tats-Unis | Elie Henry, pr\u00e9sident de l\u2019\u00c9glise adventiste du septi\u00e8me jour dans la Division Inter Am\u00e9ricaine<\/p>\n<p><em>Le pasteur Elie Henry, pr\u00e9sident de l\u2019\u00c9glise adventiste du septi\u00e8me jour dans la Division Inter Am\u00e9ricaine, fait une d\u00e9claration aux dirigeants et aux membres d\u2019\u00e9glise du monde entier, apr\u00e8s que lui et sa fille aient \u00e9t\u00e9 lib\u00e9r\u00e9s le 28 d\u00e9cembre suite \u00e0 un enl\u00e8vement :<\/em><\/p>\n<p>Au nom de mon \u00e9pouse et de mes filles, je voudrais exprimer notre profonde gratitude \u00e0 l\u2019endroit de nos fr\u00e8res et s\u0153urs du monde entier qui ont pri\u00e9 avec ferveur pour nous pendant l\u2019exp\u00e9rience difficile v\u00e9cue ces derniers jours.<\/p>\n<p>Vos pri\u00e8res nous ont donn\u00e9 de la force et nous ont assur\u00e9 une fois de plus que Dieu entend ses enfants et nous am\u00e8ne \u00e0 faire des exp\u00e9riences dans la vie, mais dans un but. Je me suis souvenu de nombreuses promesses dans la Bible \u00e0 propos de la fid\u00e9lit\u00e9 de Dieu, de sa puissance \u00e0 agir, \u00e0 apaiser, \u00e0 guider et \u00e0 fortifier nos esprits dans les moments de d\u00e9tresse et d\u2019incertitude.<\/p>\n<p><div id=\"attachment_65978\" style=\"width: 773px\" class=\"wp-caption aligncenter\"><img fetchpriority=\"high\" decoding=\"async\" aria-describedby=\"caption-attachment-65978\" class=\" wp-image-65978\" src=\"https:\/\/recursing-golick.147-182-135-0.plesk.page\/wp-content\/uploads\/2020\/12\/eh-dec30-1024x640.jpg\" alt=\"\" width=\"763\" height=\"477\" srcset=\"https:\/\/interamerica.org\/wp-content\/uploads\/2020\/12\/eh-dec30-1024x640.jpg 1024w, https:\/\/interamerica.org\/wp-content\/uploads\/2020\/12\/eh-dec30-300x188.jpg 300w, https:\/\/interamerica.org\/wp-content\/uploads\/2020\/12\/eh-dec30-768x480.jpg 768w, https:\/\/interamerica.org\/wp-content\/uploads\/2020\/12\/eh-dec30.jpg 1280w\" sizes=\"(max-width: 763px) 100vw, 763px\" \/><p id=\"caption-attachment-65978\" class=\"wp-caption-text\">[Photo: Division Inter-Am\u00e9ricaine]<\/p><\/div>Par exemple, lorsque David fuyait ses ennemis, il \u00e9tait certain que Dieu entendait ses supplications et qu\u2019il \u00e9tait proche de lui dans les moments difficiles: <em>\u201c<\/em>Quand les justes crient, l&rsquo;\u00c9ternel entend, Et il les d\u00e9livre de toutes leurs d\u00e9tresses; L&rsquo;\u00c9ternel <em>est<\/em>\u00a0pr\u00e8s de ceux qui ont le coeur bris\u00e9, Et il sauve ceux qui ont l&rsquo;esprit dans l&rsquo;abattement. Le malheur \u00a0<em>atteint<\/em>\u00a0souvent le juste, Mais l&rsquo;\u00c9ternel l&rsquo;en d\u00e9livre toujours. (Psaume 34: 17-19 LSG).<br \/>\nPour se sentir en s\u00e9curit\u00e9, il n\u2019y a pas d\u2019autre option que de vivre sous la protection du Tr\u00e8s-Haut: \u00ab Car il ordonnera \u00e0 ses anges de te garder dans toutes tes voies. \u00bb (Psaume 91:11 LSG).<\/p>\n<p>Dieu est fid\u00e8le dans ses desseins et nous le louons pour sa bont\u00e9. <em> \u201c<\/em>Les bont\u00e9s de l&rsquo;\u00c9ternel ne sont pas \u00e9puis\u00e9s, Ses compassions ne sont pas \u00e0 leur terme; <em>Elles se renouvellent <\/em>\u00a0chaque matin. Oh! que ta fid\u00e9lit\u00e9\u00a0<em>est<\/em>\u00a0grande. \u00bb (Lamentations 3: 22,23 LSG)<\/p>\n<p>Chaque exp\u00e9rience, chaque \u00e9preuve, est une opportunit\u00e9 de se rapprocher de Dieu, et nous sommes fortifi\u00e9s par sa gr\u00e2ce et son amour dans nos vies et nous continuerons \u00e0 faire notre part en proclamant la bonne nouvelle annon\u00e7ant que J\u00e9sus revient bient\u00f4t.<\/p>\n<p>Nous nous joignons \u00e0 vous pour continuer \u00e0 prier pour les milliers et les milliers de personnes qui souffrent \u00e0 cause de situations difficiles et traumatisantes \u00e0 travers le monde. Nous devons continuer d\u2019intervenir aupr\u00e8s de chaque \u00e2me dans notre communaut\u00e9 en d\u00e9montrant l\u2019amour de notre Sauveur.<\/p>\n<p>Merci pour votre temps, vos pri\u00e8res et votre soutien en faveur de notre famille. Le Seigneur est fid\u00e8le. Que son nom soit lou\u00e9 !<\/p>\n<p>Traduction: Patrick Luciathe<\/p>\n","protected":false},"excerpt":{"rendered":"<p>30 D\u00e9cembre 2020 | Miami, Floride, \u00c9tats-Unis | Elie Henry, pr\u00e9sident de l\u2019\u00c9glise adventiste du septi\u00e8me jour dans la Division Inter Am\u00e9ricaine Le pasteur Elie Henry, pr\u00e9sident de l\u2019\u00c9glise adventiste&#8230;<\/p>\n","protected":false},"author":3,"featured_media":65978,"comment_status":"closed","ping_status":"closed","sticky":false,"template":"","format":"standard","meta":{"_acf_changed":false,"footnotes":""},"categories":[20,19],"tags":[],"class_list":["post-65990","post","type-post","status-publish","format-standard","has-post-thumbnail","hentry","category-nouvelles-du-siege-de-la-division","category-rss-francais"],"acf":[],"yoast_head":"<!-- This site is optimized with the Yoast SEO plugin v27.3 - https:\/\/yoast.com\/product\/yoast-seo-wordpress\/ -->\n<title>Le pr\u00e9sident de la Division Inter Am\u00e9ricaine remercie les membres d\u2019\u00e9glise pour leurs pri\u00e8res - \u00c9glise Adventiste Du Septieme Jour - Inter Am\u00e9rique Division<\/title>\n<meta name=\"robots\" content=\"index, follow, max-snippet:-1, max-image-preview:large, max-video-preview:-1\" \/>\n<link rel=\"canonical\" href=\"https:\/\/interamerica.org\/fr\/2020\/12\/le-president-de-la-division-inter-americaine-remercie-les-membres-deglise-pour-leurs-prieres\/\" \/>\n<meta property=\"og:locale\" content=\"fr_FR\" \/>\n<meta property=\"og:type\" content=\"article\" \/>\n<meta property=\"og:title\" content=\"Le pr\u00e9sident de la Division Inter Am\u00e9ricaine remercie les membres d\u2019\u00e9glise pour leurs pri\u00e8res - \u00c9glise Adventiste Du Septieme Jour - Inter Am\u00e9rique Division\" \/>\n<meta property=\"og:description\" content=\"30 D\u00e9cembre 2020 | Miami, Floride, \u00c9tats-Unis | Elie Henry, pr\u00e9sident de l\u2019\u00c9glise adventiste du septi\u00e8me jour dans la Division Inter Am\u00e9ricaine Le pasteur Elie Henry, pr\u00e9sident de l\u2019\u00c9glise adventiste...\" \/>\n<meta property=\"og:url\" content=\"https:\/\/interamerica.org\/fr\/2020\/12\/le-president-de-la-division-inter-americaine-remercie-les-membres-deglise-pour-leurs-prieres\/\" \/>\n<meta property=\"og:site_name\" content=\"\u00c9glise Adventiste Du Septieme Jour - Inter Am\u00e9rique Division\" \/>\n<meta property=\"article:published_time\" content=\"2020-12-30T16:15:55+00:00\" \/>\n<meta property=\"article:modified_time\" content=\"2020-12-30T22:34:28+00:00\" \/>\n<meta property=\"og:image\" content=\"https:\/\/interamerica.org\/wp-content\/uploads\/2020\/12\/eh-dec30.jpg\" \/>\n\t<meta property=\"og:image:width\" content=\"1280\" \/>\n\t<meta property=\"og:image:height\" content=\"800\" \/>\n\t<meta property=\"og:image:type\" content=\"image\/jpeg\" \/>\n<meta name=\"author\" content=\"libna\" \/>\n<meta name=\"twitter:card\" content=\"summary_large_image\" \/>\n<meta name=\"twitter:label1\" content=\"\u00c9crit par\" \/>\n\t<meta name=\"twitter:data1\" content=\"libna\" \/>\n\t<meta name=\"twitter:label2\" content=\"Dur\u00e9e de lecture estim\u00e9e\" \/>\n\t<meta name=\"twitter:data2\" content=\"2 minutes\" \/>\n<script type=\"application\/ld+json\" class=\"yoast-schema-graph\">{\"@context\":\"https:\\\/\\\/schema.org\",\"@graph\":[{\"@type\":\"Article\",\"@id\":\"https:\\\/\\\/interamerica.org\\\/fr\\\/2020\\\/12\\\/le-president-de-la-division-inter-americaine-remercie-les-membres-deglise-pour-leurs-prieres\\\/#article\",\"isPartOf\":{\"@id\":\"https:\\\/\\\/interamerica.org\\\/fr\\\/2020\\\/12\\\/le-president-de-la-division-inter-americaine-remercie-les-membres-deglise-pour-leurs-prieres\\\/\"},\"author\":{\"name\":\"libna\",\"@id\":\"https:\\\/\\\/interamerica.org\\\/fr\\\/#\\\/schema\\\/person\\\/29998f2bc2d8bd0d38662909289b54f1\"},\"headline\":\"Le pr\u00e9sident de la Division Inter Am\u00e9ricaine remercie les membres d\u2019\u00e9glise pour leurs pri\u00e8res\",\"datePublished\":\"2020-12-30T16:15:55+00:00\",\"dateModified\":\"2020-12-30T22:34:28+00:00\",\"mainEntityOfPage\":{\"@id\":\"https:\\\/\\\/interamerica.org\\\/fr\\\/2020\\\/12\\\/le-president-de-la-division-inter-americaine-remercie-les-membres-deglise-pour-leurs-prieres\\\/\"},\"wordCount\":510,\"image\":{\"@id\":\"https:\\\/\\\/interamerica.org\\\/fr\\\/2020\\\/12\\\/le-president-de-la-division-inter-americaine-remercie-les-membres-deglise-pour-leurs-prieres\\\/#primaryimage\"},\"thumbnailUrl\":\"https:\\\/\\\/interamerica.org\\\/wp-content\\\/uploads\\\/2020\\\/12\\\/eh-dec30.jpg\",\"articleSection\":[\"Nouvelles du si\u00e8ge de la division\",\"RSS Fran\u00e7ais\"],\"inLanguage\":\"fr-FR\"},{\"@type\":\"WebPage\",\"@id\":\"https:\\\/\\\/interamerica.org\\\/fr\\\/2020\\\/12\\\/le-president-de-la-division-inter-americaine-remercie-les-membres-deglise-pour-leurs-prieres\\\/\",\"url\":\"https:\\\/\\\/interamerica.org\\\/fr\\\/2020\\\/12\\\/le-president-de-la-division-inter-americaine-remercie-les-membres-deglise-pour-leurs-prieres\\\/\",\"name\":\"Le pr\u00e9sident de la Division Inter Am\u00e9ricaine remercie les membres d\u2019\u00e9glise pour leurs pri\u00e8res - \u00c9glise Adventiste Du Septieme Jour - Inter Am\u00e9rique Division\",\"isPartOf\":{\"@id\":\"https:\\\/\\\/interamerica.org\\\/fr\\\/#website\"},\"primaryImageOfPage\":{\"@id\":\"https:\\\/\\\/interamerica.org\\\/fr\\\/2020\\\/12\\\/le-president-de-la-division-inter-americaine-remercie-les-membres-deglise-pour-leurs-prieres\\\/#primaryimage\"},\"image\":{\"@id\":\"https:\\\/\\\/interamerica.org\\\/fr\\\/2020\\\/12\\\/le-president-de-la-division-inter-americaine-remercie-les-membres-deglise-pour-leurs-prieres\\\/#primaryimage\"},\"thumbnailUrl\":\"https:\\\/\\\/interamerica.org\\\/wp-content\\\/uploads\\\/2020\\\/12\\\/eh-dec30.jpg\",\"datePublished\":\"2020-12-30T16:15:55+00:00\",\"dateModified\":\"2020-12-30T22:34:28+00:00\",\"author\":{\"@id\":\"https:\\\/\\\/interamerica.org\\\/fr\\\/#\\\/schema\\\/person\\\/29998f2bc2d8bd0d38662909289b54f1\"},\"breadcrumb\":{\"@id\":\"https:\\\/\\\/interamerica.org\\\/fr\\\/2020\\\/12\\\/le-president-de-la-division-inter-americaine-remercie-les-membres-deglise-pour-leurs-prieres\\\/#breadcrumb\"},\"inLanguage\":\"fr-FR\",\"potentialAction\":[{\"@type\":\"ReadAction\",\"target\":[\"https:\\\/\\\/interamerica.org\\\/fr\\\/2020\\\/12\\\/le-president-de-la-division-inter-americaine-remercie-les-membres-deglise-pour-leurs-prieres\\\/\"]}]},{\"@type\":\"ImageObject\",\"inLanguage\":\"fr-FR\",\"@id\":\"https:\\\/\\\/interamerica.org\\\/fr\\\/2020\\\/12\\\/le-president-de-la-division-inter-americaine-remercie-les-membres-deglise-pour-leurs-prieres\\\/#primaryimage\",\"url\":\"https:\\\/\\\/interamerica.org\\\/wp-content\\\/uploads\\\/2020\\\/12\\\/eh-dec30.jpg\",\"contentUrl\":\"https:\\\/\\\/interamerica.org\\\/wp-content\\\/uploads\\\/2020\\\/12\\\/eh-dec30.jpg\",\"width\":1280,\"height\":800,\"caption\":\"[Photo: Division Inter-Am\u00e9ricaine]\"},{\"@type\":\"BreadcrumbList\",\"@id\":\"https:\\\/\\\/interamerica.org\\\/fr\\\/2020\\\/12\\\/le-president-de-la-division-inter-americaine-remercie-les-membres-deglise-pour-leurs-prieres\\\/#breadcrumb\",\"itemListElement\":[{\"@type\":\"ListItem\",\"position\":1,\"name\":\"Home\",\"item\":\"https:\\\/\\\/interamerica.org\\\/fr\\\/\"},{\"@type\":\"ListItem\",\"position\":2,\"name\":\"Le pr\u00e9sident de la Division Inter Am\u00e9ricaine remercie les membres d\u2019\u00e9glise pour leurs pri\u00e8res\"}]},{\"@type\":\"WebSite\",\"@id\":\"https:\\\/\\\/interamerica.org\\\/fr\\\/#website\",\"url\":\"https:\\\/\\\/interamerica.org\\\/fr\\\/\",\"name\":\"\u00c9glise Adventiste Du Septieme Jour - Inter Am\u00e9rique Division\",\"description\":\"\",\"potentialAction\":[{\"@type\":\"SearchAction\",\"target\":{\"@type\":\"EntryPoint\",\"urlTemplate\":\"https:\\\/\\\/interamerica.org\\\/fr\\\/?s={search_term_string}\"},\"query-input\":{\"@type\":\"PropertyValueSpecification\",\"valueRequired\":true,\"valueName\":\"search_term_string\"}}],\"inLanguage\":\"fr-FR\"},{\"@type\":\"Person\",\"@id\":\"https:\\\/\\\/interamerica.org\\\/fr\\\/#\\\/schema\\\/person\\\/29998f2bc2d8bd0d38662909289b54f1\",\"name\":\"libna\",\"image\":{\"@type\":\"ImageObject\",\"inLanguage\":\"fr-FR\",\"@id\":\"https:\\\/\\\/secure.gravatar.com\\\/avatar\\\/7c5bd30ae4b47a9ba3c856590957fd1d96dc588bf3ac05719d247e126840331f?s=96&d=mm&r=g\",\"url\":\"https:\\\/\\\/secure.gravatar.com\\\/avatar\\\/7c5bd30ae4b47a9ba3c856590957fd1d96dc588bf3ac05719d247e126840331f?s=96&d=mm&r=g\",\"contentUrl\":\"https:\\\/\\\/secure.gravatar.com\\\/avatar\\\/7c5bd30ae4b47a9ba3c856590957fd1d96dc588bf3ac05719d247e126840331f?s=96&d=mm&r=g\",\"caption\":\"libna\"}}]}<\/script>\n<!-- \/ Yoast SEO plugin. -->","yoast_head_json":{"title":"Le pr\u00e9sident de la Division Inter Am\u00e9ricaine remercie les membres d\u2019\u00e9glise pour leurs pri\u00e8res - \u00c9glise Adventiste Du Septieme Jour - Inter Am\u00e9rique Division","robots":{"index":"index","follow":"follow","max-snippet":"max-snippet:-1","max-image-preview":"max-image-preview:large","max-video-preview":"max-video-preview:-1"},"canonical":"https:\/\/interamerica.org\/fr\/2020\/12\/le-president-de-la-division-inter-americaine-remercie-les-membres-deglise-pour-leurs-prieres\/","og_locale":"fr_FR","og_type":"article","og_title":"Le pr\u00e9sident de la Division Inter Am\u00e9ricaine remercie les membres d\u2019\u00e9glise pour leurs pri\u00e8res - \u00c9glise Adventiste Du Septieme Jour - Inter Am\u00e9rique Division","og_description":"30 D\u00e9cembre 2020 | Miami, Floride, \u00c9tats-Unis | Elie Henry, pr\u00e9sident de l\u2019\u00c9glise adventiste du septi\u00e8me jour dans la Division Inter Am\u00e9ricaine Le pasteur Elie Henry, pr\u00e9sident de l\u2019\u00c9glise adventiste...","og_url":"https:\/\/interamerica.org\/fr\/2020\/12\/le-president-de-la-division-inter-americaine-remercie-les-membres-deglise-pour-leurs-prieres\/","og_site_name":"\u00c9glise Adventiste Du Septieme Jour - Inter Am\u00e9rique Division","article_published_time":"2020-12-30T16:15:55+00:00","article_modified_time":"2020-12-30T22:34:28+00:00","og_image":[{"width":1280,"height":800,"url":"https:\/\/interamerica.org\/wp-content\/uploads\/2020\/12\/eh-dec30.jpg","type":"image\/jpeg"}],"author":"libna","twitter_card":"summary_large_image","twitter_misc":{"\u00c9crit par":"libna","Dur\u00e9e de lecture estim\u00e9e":"2 minutes"},"schema":{"@context":"https:\/\/schema.org","@graph":[{"@type":"Article","@id":"https:\/\/interamerica.org\/fr\/2020\/12\/le-president-de-la-division-inter-americaine-remercie-les-membres-deglise-pour-leurs-prieres\/#article","isPartOf":{"@id":"https:\/\/interamerica.org\/fr\/2020\/12\/le-president-de-la-division-inter-americaine-remercie-les-membres-deglise-pour-leurs-prieres\/"},"author":{"name":"libna","@id":"https:\/\/interamerica.org\/fr\/#\/schema\/person\/29998f2bc2d8bd0d38662909289b54f1"},"headline":"Le pr\u00e9sident de la Division Inter Am\u00e9ricaine remercie les membres d\u2019\u00e9glise pour leurs pri\u00e8res","datePublished":"2020-12-30T16:15:55+00:00","dateModified":"2020-12-30T22:34:28+00:00","mainEntityOfPage":{"@id":"https:\/\/interamerica.org\/fr\/2020\/12\/le-president-de-la-division-inter-americaine-remercie-les-membres-deglise-pour-leurs-prieres\/"},"wordCount":510,"image":{"@id":"https:\/\/interamerica.org\/fr\/2020\/12\/le-president-de-la-division-inter-americaine-remercie-les-membres-deglise-pour-leurs-prieres\/#primaryimage"},"thumbnailUrl":"https:\/\/interamerica.org\/wp-content\/uploads\/2020\/12\/eh-dec30.jpg","articleSection":["Nouvelles du si\u00e8ge de la division","RSS Fran\u00e7ais"],"inLanguage":"fr-FR"},{"@type":"WebPage","@id":"https:\/\/interamerica.org\/fr\/2020\/12\/le-president-de-la-division-inter-americaine-remercie-les-membres-deglise-pour-leurs-prieres\/","url":"https:\/\/interamerica.org\/fr\/2020\/12\/le-president-de-la-division-inter-americaine-remercie-les-membres-deglise-pour-leurs-prieres\/","name":"Le pr\u00e9sident de la Division Inter Am\u00e9ricaine remercie les membres d\u2019\u00e9glise pour leurs pri\u00e8res - \u00c9glise Adventiste Du Septieme Jour - Inter Am\u00e9rique Division","isPartOf":{"@id":"https:\/\/interamerica.org\/fr\/#website"},"primaryImageOfPage":{"@id":"https:\/\/interamerica.org\/fr\/2020\/12\/le-president-de-la-division-inter-americaine-remercie-les-membres-deglise-pour-leurs-prieres\/#primaryimage"},"image":{"@id":"https:\/\/interamerica.org\/fr\/2020\/12\/le-president-de-la-division-inter-americaine-remercie-les-membres-deglise-pour-leurs-prieres\/#primaryimage"},"thumbnailUrl":"https:\/\/interamerica.org\/wp-content\/uploads\/2020\/12\/eh-dec30.jpg","datePublished":"2020-12-30T16:15:55+00:00","dateModified":"2020-12-30T22:34:28+00:00","author":{"@id":"https:\/\/interamerica.org\/fr\/#\/schema\/person\/29998f2bc2d8bd0d38662909289b54f1"},"breadcrumb":{"@id":"https:\/\/interamerica.org\/fr\/2020\/12\/le-president-de-la-division-inter-americaine-remercie-les-membres-deglise-pour-leurs-prieres\/#breadcrumb"},"inLanguage":"fr-FR","potentialAction":[{"@type":"ReadAction","target":["https:\/\/interamerica.org\/fr\/2020\/12\/le-president-de-la-division-inter-americaine-remercie-les-membres-deglise-pour-leurs-prieres\/"]}]},{"@type":"ImageObject","inLanguage":"fr-FR","@id":"https:\/\/interamerica.org\/fr\/2020\/12\/le-president-de-la-division-inter-americaine-remercie-les-membres-deglise-pour-leurs-prieres\/#primaryimage","url":"https:\/\/interamerica.org\/wp-content\/uploads\/2020\/12\/eh-dec30.jpg","contentUrl":"https:\/\/interamerica.org\/wp-content\/uploads\/2020\/12\/eh-dec30.jpg","width":1280,"height":800,"caption":"[Photo: Division Inter-Am\u00e9ricaine]"},{"@type":"BreadcrumbList","@id":"https:\/\/interamerica.org\/fr\/2020\/12\/le-president-de-la-division-inter-americaine-remercie-les-membres-deglise-pour-leurs-prieres\/#breadcrumb","itemListElement":[{"@type":"ListItem","position":1,"name":"Home","item":"https:\/\/interamerica.org\/fr\/"},{"@type":"ListItem","position":2,"name":"Le pr\u00e9sident de la Division Inter Am\u00e9ricaine remercie les membres d\u2019\u00e9glise pour leurs pri\u00e8res"}]},{"@type":"WebSite","@id":"https:\/\/interamerica.org\/fr\/#website","url":"https:\/\/interamerica.org\/fr\/","name":"\u00c9glise Adventiste Du Septieme Jour - Inter Am\u00e9rique Division","description":"","potentialAction":[{"@type":"SearchAction","target":{"@type":"EntryPoint","urlTemplate":"https:\/\/interamerica.org\/fr\/?s={search_term_string}"},"query-input":{"@type":"PropertyValueSpecification","valueRequired":true,"valueName":"search_term_string"}}],"inLanguage":"fr-FR"},{"@type":"Person","@id":"https:\/\/interamerica.org\/fr\/#\/schema\/person\/29998f2bc2d8bd0d38662909289b54f1","name":"libna","image":{"@type":"ImageObject","inLanguage":"fr-FR","@id":"https:\/\/secure.gravatar.com\/avatar\/7c5bd30ae4b47a9ba3c856590957fd1d96dc588bf3ac05719d247e126840331f?s=96&d=mm&r=g","url":"https:\/\/secure.gravatar.com\/avatar\/7c5bd30ae4b47a9ba3c856590957fd1d96dc588bf3ac05719d247e126840331f?s=96&d=mm&r=g","contentUrl":"https:\/\/secure.gravatar.com\/avatar\/7c5bd30ae4b47a9ba3c856590957fd1d96dc588bf3ac05719d247e126840331f?s=96&d=mm&r=g","caption":"libna"}}]}},"_links":{"self":[{"href":"https:\/\/interamerica.org\/fr\/wp-json\/wp\/v2\/posts\/65990","targetHints":{"allow":["GET"]}}],"collection":[{"href":"https:\/\/interamerica.org\/fr\/wp-json\/wp\/v2\/posts"}],"about":[{"href":"https:\/\/interamerica.org\/fr\/wp-json\/wp\/v2\/types\/post"}],"author":[{"embeddable":true,"href":"https:\/\/interamerica.org\/fr\/wp-json\/wp\/v2\/users\/3"}],"replies":[{"embeddable":true,"href":"https:\/\/interamerica.org\/fr\/wp-json\/wp\/v2\/comments?post=65990"}],"version-history":[{"count":0,"href":"https:\/\/interamerica.org\/fr\/wp-json\/wp\/v2\/posts\/65990\/revisions"}],"wp:featuredmedia":[{"embeddable":true,"href":"https:\/\/interamerica.org\/fr\/wp-json\/wp\/v2\/media\/65978"}],"wp:attachment":[{"href":"https:\/\/interamerica.org\/fr\/wp-json\/wp\/v2\/media?parent=65990"}],"wp:term":[{"taxonomy":"category","embeddable":true,"href":"https:\/\/interamerica.org\/fr\/wp-json\/wp\/v2\/categories?post=65990"},{"taxonomy":"post_tag","embeddable":true,"href":"https:\/\/interamerica.org\/fr\/wp-json\/wp\/v2\/tags?post=65990"}],"curies":[{"name":"wp","href":"https:\/\/api.w.org\/{rel}","templated":true}]}}