{"id":66339,"date":"2021-01-11T08:58:52","date_gmt":"2021-01-11T12:58:52","guid":{"rendered":"https:\/\/recursing-golick.147-182-135-0.plesk.page\/?p=66339"},"modified":"2021-01-11T21:26:54","modified_gmt":"2021-01-12T01:26:54","slug":"la-direction-de-la-division-nord-americaine-reagit-aux-evenements-qui-se-sont-deroules-au-capitole-aux-etats-unis","status":"publish","type":"post","link":"https:\/\/interamerica.org\/fr\/2021\/01\/la-direction-de-la-division-nord-americaine-reagit-aux-evenements-qui-se-sont-deroules-au-capitole-aux-etats-unis\/","title":{"rendered":"La direction de la Division Nord-Am\u00e9ricaine r\u00e9agit aux \u00e9v\u00e9nements qui se sont d\u00e9roul\u00e9s au Capitole aux \u00c9tats Unis"},"content":{"rendered":"<p>8 Janvier 2021 | Columbia, Maryland, \u00c9tats-Unis | Division Nord-Am\u00e9ricaine<\/p>\n<p>Les \u00e9v\u00e9nements qui ont eu lieu \u00e0 Washington, D.C., au cours des derniers jours ont \u00e9t\u00e9 traumatisants pour la plupart des am\u00e9ricains et choquants pour les habitants du monde entier. Beaucoup de nos membres sont profond\u00e9ment pr\u00e9occup\u00e9s par les actes qui ont eu lieu au Capitole aux \u00c9tats-Unis le 6 janvier 2021. La direction de la Division Nord-Am\u00e9ricaine r\u00e9affirme le droit qu\u2019a tout individu de manifester dans le respect, mais condamne fermement les actions r\u00e9pr\u00e9hensibles des \u00e9meutiers qui d\u00e9montrent clairement un manque de respect pour la s\u00e9curit\u00e9 des autres, pour l\u2019institution qu\u2019est la d\u00e9mocratie ainsi que pour le processus diplomatique et ordonn\u00e9 de la transition du gouvernement.<\/p>\n<p>La direction de la NAD appelle nos membres \u00e0 m\u00e9diter dans un esprit de pri\u00e8re sur <a class=\"rtBibleRef\" href=\"https:\/\/biblia.com\/bible\/nkjv\/Phil%204.7\" target=\"_blank\" rel=\"noopener\" data-reference=\"Phil 4.7\" data-version=\"nkjv\" data-purpose=\"bible-reference\">Philippiens 4:7<\/a>, Philippiens 4: 7, qui d\u00e9clare : \u00ab Et la paix de Dieu, qui surpasse toute intelligence, gardera vos coeurs et vos pens\u00e9es en J\u00e9sus Christ. \u00bb (LSG), alors que nous cherchons tous \u00e0 comprendre les \u00e9v\u00e9nements qui se d\u00e9roulent aux \u00c9tats-Unis. Dans des moments comme ceux-ci, nous devons prier en disant : \u00ab Sur Dieu reposent mon salut et ma gloire ; Le rocher de ma force, mon refuge, est en Dieu. \u00bb(<a class=\"rtBibleRef\" href=\"https:\/\/biblia.com\/bible\/nkjv\/Ps%2062.7\" target=\"_blank\" rel=\"noopener\" data-reference=\"Ps 62.7\" data-version=\"nkjv\" data-purpose=\"bible-reference\">Psaumes 62:7<\/a>).<\/p>\n<p>Nous reconnaissons que nos membres aux \u00c9tats Unis repr\u00e9sentent un \u00e9ventail complet de points de vue et de positions sur de nombreuses questions. Alors que nous avan\u00e7ons, que l\u2019amour de Dieu nous rapproche en nous amenant \u00e0 nous tourner les uns vers les autres et vers les communaut\u00e9s dans lesquelles nous vivons et travaillons. Que Dieu nous accorde \u00e0 tous paix, force et sagesse alors que nous servons en tant que citoyens dans ce pays. En tant que disciples du Christ, unissons-nous dans la pri\u00e8re en faveur de nos communaut\u00e9s, de nos dirigeants; et que l\u2019Esprit de Dieu pr\u00e9vale.<\/p>\n<p><em>G. Alexander Bryant, pr\u00e9sident de l\u2019\u00c9glise adventiste du septi\u00e8me jour en Am\u00e9rique du Nord <\/em><\/p>\n<p><em>Randy Robinson, Tr\u00e9sorier<\/em><\/p>\n<p><em>Kyoshin Ahn, Secr\u00e9taire<\/em><\/p>\n<p>Traduction: Patrick Luciathe<\/p>\n","protected":false},"excerpt":{"rendered":"<p>8 Janvier 2021 | Columbia, Maryland, \u00c9tats-Unis | Division Nord-Am\u00e9ricaine Les \u00e9v\u00e9nements qui ont eu lieu \u00e0 Washington, D.C., au cours des derniers jours ont \u00e9t\u00e9 traumatisants pour la plupart&#8230;<\/p>\n","protected":false},"author":3,"featured_media":66326,"comment_status":"closed","ping_status":"closed","sticky":false,"template":"","format":"standard","meta":{"_acf_changed":false,"footnotes":""},"categories":[18,19],"tags":[],"class_list":["post-66339","post","type-post","status-publish","format-standard","has-post-thumbnail","hentry","category-nouvelles-de-leglise-mondiale","category-rss-francais"],"acf":[],"yoast_head":"<!-- This site is optimized with the Yoast SEO plugin v27.3 - https:\/\/yoast.com\/product\/yoast-seo-wordpress\/ -->\n<title>La direction de la Division Nord-Am\u00e9ricaine r\u00e9agit aux \u00e9v\u00e9nements qui se sont d\u00e9roul\u00e9s au Capitole aux \u00c9tats Unis - \u00c9glise Adventiste Du Septieme Jour - Inter Am\u00e9rique Division<\/title>\n<meta name=\"robots\" content=\"index, follow, max-snippet:-1, max-image-preview:large, max-video-preview:-1\" \/>\n<link rel=\"canonical\" href=\"https:\/\/interamerica.org\/fr\/2021\/01\/la-direction-de-la-division-nord-americaine-reagit-aux-evenements-qui-se-sont-deroules-au-capitole-aux-etats-unis\/\" \/>\n<meta property=\"og:locale\" content=\"fr_FR\" \/>\n<meta property=\"og:type\" content=\"article\" \/>\n<meta property=\"og:title\" content=\"La direction de la Division Nord-Am\u00e9ricaine r\u00e9agit aux \u00e9v\u00e9nements qui se sont d\u00e9roul\u00e9s au Capitole aux \u00c9tats Unis - \u00c9glise Adventiste Du Septieme Jour - Inter Am\u00e9rique Division\" \/>\n<meta property=\"og:description\" content=\"8 Janvier 2021 | Columbia, Maryland, \u00c9tats-Unis | Division Nord-Am\u00e9ricaine Les \u00e9v\u00e9nements qui ont eu lieu \u00e0 Washington, D.C., au cours des derniers jours ont \u00e9t\u00e9 traumatisants pour la plupart...\" \/>\n<meta property=\"og:url\" content=\"https:\/\/interamerica.org\/fr\/2021\/01\/la-direction-de-la-division-nord-americaine-reagit-aux-evenements-qui-se-sont-deroules-au-capitole-aux-etats-unis\/\" \/>\n<meta property=\"og:site_name\" content=\"\u00c9glise Adventiste Du Septieme Jour - Inter Am\u00e9rique Division\" \/>\n<meta property=\"article:published_time\" content=\"2021-01-11T12:58:52+00:00\" \/>\n<meta property=\"article:modified_time\" content=\"2021-01-12T01:26:54+00:00\" \/>\n<meta property=\"og:image\" content=\"https:\/\/interamerica.org\/wp-content\/uploads\/2021\/01\/nad-statement-jan-08.jpg\" \/>\n\t<meta property=\"og:image:width\" content=\"1280\" \/>\n\t<meta property=\"og:image:height\" content=\"800\" \/>\n\t<meta property=\"og:image:type\" content=\"image\/jpeg\" \/>\n<meta name=\"author\" content=\"libna\" \/>\n<meta name=\"twitter:card\" content=\"summary_large_image\" \/>\n<meta name=\"twitter:label1\" content=\"\u00c9crit par\" \/>\n\t<meta name=\"twitter:data1\" content=\"libna\" \/>\n\t<meta name=\"twitter:label2\" content=\"Dur\u00e9e de lecture estim\u00e9e\" \/>\n\t<meta name=\"twitter:data2\" content=\"2 minutes\" \/>\n<script type=\"application\/ld+json\" class=\"yoast-schema-graph\">{\"@context\":\"https:\\\/\\\/schema.org\",\"@graph\":[{\"@type\":\"Article\",\"@id\":\"https:\\\/\\\/interamerica.org\\\/fr\\\/2021\\\/01\\\/la-direction-de-la-division-nord-americaine-reagit-aux-evenements-qui-se-sont-deroules-au-capitole-aux-etats-unis\\\/#article\",\"isPartOf\":{\"@id\":\"https:\\\/\\\/interamerica.org\\\/fr\\\/2021\\\/01\\\/la-direction-de-la-division-nord-americaine-reagit-aux-evenements-qui-se-sont-deroules-au-capitole-aux-etats-unis\\\/\"},\"author\":{\"name\":\"libna\",\"@id\":\"https:\\\/\\\/interamerica.org\\\/fr\\\/#\\\/schema\\\/person\\\/29998f2bc2d8bd0d38662909289b54f1\"},\"headline\":\"La direction de la Division Nord-Am\u00e9ricaine r\u00e9agit aux \u00e9v\u00e9nements qui se sont d\u00e9roul\u00e9s au Capitole aux \u00c9tats Unis\",\"datePublished\":\"2021-01-11T12:58:52+00:00\",\"dateModified\":\"2021-01-12T01:26:54+00:00\",\"mainEntityOfPage\":{\"@id\":\"https:\\\/\\\/interamerica.org\\\/fr\\\/2021\\\/01\\\/la-direction-de-la-division-nord-americaine-reagit-aux-evenements-qui-se-sont-deroules-au-capitole-aux-etats-unis\\\/\"},\"wordCount\":371,\"image\":{\"@id\":\"https:\\\/\\\/interamerica.org\\\/fr\\\/2021\\\/01\\\/la-direction-de-la-division-nord-americaine-reagit-aux-evenements-qui-se-sont-deroules-au-capitole-aux-etats-unis\\\/#primaryimage\"},\"thumbnailUrl\":\"https:\\\/\\\/interamerica.org\\\/wp-content\\\/uploads\\\/2021\\\/01\\\/nad-statement-jan-08.jpg\",\"articleSection\":[\"Nouvelles de l'\u00c9glise mondiale\",\"RSS Fran\u00e7ais\"],\"inLanguage\":\"fr-FR\"},{\"@type\":\"WebPage\",\"@id\":\"https:\\\/\\\/interamerica.org\\\/fr\\\/2021\\\/01\\\/la-direction-de-la-division-nord-americaine-reagit-aux-evenements-qui-se-sont-deroules-au-capitole-aux-etats-unis\\\/\",\"url\":\"https:\\\/\\\/interamerica.org\\\/fr\\\/2021\\\/01\\\/la-direction-de-la-division-nord-americaine-reagit-aux-evenements-qui-se-sont-deroules-au-capitole-aux-etats-unis\\\/\",\"name\":\"La direction de la Division Nord-Am\u00e9ricaine r\u00e9agit aux \u00e9v\u00e9nements qui se sont d\u00e9roul\u00e9s au Capitole aux \u00c9tats Unis - \u00c9glise Adventiste Du Septieme Jour - Inter Am\u00e9rique Division\",\"isPartOf\":{\"@id\":\"https:\\\/\\\/interamerica.org\\\/fr\\\/#website\"},\"primaryImageOfPage\":{\"@id\":\"https:\\\/\\\/interamerica.org\\\/fr\\\/2021\\\/01\\\/la-direction-de-la-division-nord-americaine-reagit-aux-evenements-qui-se-sont-deroules-au-capitole-aux-etats-unis\\\/#primaryimage\"},\"image\":{\"@id\":\"https:\\\/\\\/interamerica.org\\\/fr\\\/2021\\\/01\\\/la-direction-de-la-division-nord-americaine-reagit-aux-evenements-qui-se-sont-deroules-au-capitole-aux-etats-unis\\\/#primaryimage\"},\"thumbnailUrl\":\"https:\\\/\\\/interamerica.org\\\/wp-content\\\/uploads\\\/2021\\\/01\\\/nad-statement-jan-08.jpg\",\"datePublished\":\"2021-01-11T12:58:52+00:00\",\"dateModified\":\"2021-01-12T01:26:54+00:00\",\"author\":{\"@id\":\"https:\\\/\\\/interamerica.org\\\/fr\\\/#\\\/schema\\\/person\\\/29998f2bc2d8bd0d38662909289b54f1\"},\"breadcrumb\":{\"@id\":\"https:\\\/\\\/interamerica.org\\\/fr\\\/2021\\\/01\\\/la-direction-de-la-division-nord-americaine-reagit-aux-evenements-qui-se-sont-deroules-au-capitole-aux-etats-unis\\\/#breadcrumb\"},\"inLanguage\":\"fr-FR\",\"potentialAction\":[{\"@type\":\"ReadAction\",\"target\":[\"https:\\\/\\\/interamerica.org\\\/fr\\\/2021\\\/01\\\/la-direction-de-la-division-nord-americaine-reagit-aux-evenements-qui-se-sont-deroules-au-capitole-aux-etats-unis\\\/\"]}]},{\"@type\":\"ImageObject\",\"inLanguage\":\"fr-FR\",\"@id\":\"https:\\\/\\\/interamerica.org\\\/fr\\\/2021\\\/01\\\/la-direction-de-la-division-nord-americaine-reagit-aux-evenements-qui-se-sont-deroules-au-capitole-aux-etats-unis\\\/#primaryimage\",\"url\":\"https:\\\/\\\/interamerica.org\\\/wp-content\\\/uploads\\\/2021\\\/01\\\/nad-statement-jan-08.jpg\",\"contentUrl\":\"https:\\\/\\\/interamerica.org\\\/wp-content\\\/uploads\\\/2021\\\/01\\\/nad-statement-jan-08.jpg\",\"width\":1280,\"height\":800,\"caption\":\"[Photo Courtesy of the North American Division]\"},{\"@type\":\"BreadcrumbList\",\"@id\":\"https:\\\/\\\/interamerica.org\\\/fr\\\/2021\\\/01\\\/la-direction-de-la-division-nord-americaine-reagit-aux-evenements-qui-se-sont-deroules-au-capitole-aux-etats-unis\\\/#breadcrumb\",\"itemListElement\":[{\"@type\":\"ListItem\",\"position\":1,\"name\":\"Home\",\"item\":\"https:\\\/\\\/interamerica.org\\\/fr\\\/\"},{\"@type\":\"ListItem\",\"position\":2,\"name\":\"La direction de la Division Nord-Am\u00e9ricaine r\u00e9agit aux \u00e9v\u00e9nements qui se sont d\u00e9roul\u00e9s au Capitole aux \u00c9tats Unis\"}]},{\"@type\":\"WebSite\",\"@id\":\"https:\\\/\\\/interamerica.org\\\/fr\\\/#website\",\"url\":\"https:\\\/\\\/interamerica.org\\\/fr\\\/\",\"name\":\"\u00c9glise Adventiste Du Septieme Jour - Inter Am\u00e9rique Division\",\"description\":\"\",\"potentialAction\":[{\"@type\":\"SearchAction\",\"target\":{\"@type\":\"EntryPoint\",\"urlTemplate\":\"https:\\\/\\\/interamerica.org\\\/fr\\\/?s={search_term_string}\"},\"query-input\":{\"@type\":\"PropertyValueSpecification\",\"valueRequired\":true,\"valueName\":\"search_term_string\"}}],\"inLanguage\":\"fr-FR\"},{\"@type\":\"Person\",\"@id\":\"https:\\\/\\\/interamerica.org\\\/fr\\\/#\\\/schema\\\/person\\\/29998f2bc2d8bd0d38662909289b54f1\",\"name\":\"libna\",\"image\":{\"@type\":\"ImageObject\",\"inLanguage\":\"fr-FR\",\"@id\":\"https:\\\/\\\/secure.gravatar.com\\\/avatar\\\/7c5bd30ae4b47a9ba3c856590957fd1d96dc588bf3ac05719d247e126840331f?s=96&d=mm&r=g\",\"url\":\"https:\\\/\\\/secure.gravatar.com\\\/avatar\\\/7c5bd30ae4b47a9ba3c856590957fd1d96dc588bf3ac05719d247e126840331f?s=96&d=mm&r=g\",\"contentUrl\":\"https:\\\/\\\/secure.gravatar.com\\\/avatar\\\/7c5bd30ae4b47a9ba3c856590957fd1d96dc588bf3ac05719d247e126840331f?s=96&d=mm&r=g\",\"caption\":\"libna\"}}]}<\/script>\n<!-- \/ Yoast SEO plugin. -->","yoast_head_json":{"title":"La direction de la Division Nord-Am\u00e9ricaine r\u00e9agit aux \u00e9v\u00e9nements qui se sont d\u00e9roul\u00e9s au Capitole aux \u00c9tats Unis - \u00c9glise Adventiste Du Septieme Jour - Inter Am\u00e9rique Division","robots":{"index":"index","follow":"follow","max-snippet":"max-snippet:-1","max-image-preview":"max-image-preview:large","max-video-preview":"max-video-preview:-1"},"canonical":"https:\/\/interamerica.org\/fr\/2021\/01\/la-direction-de-la-division-nord-americaine-reagit-aux-evenements-qui-se-sont-deroules-au-capitole-aux-etats-unis\/","og_locale":"fr_FR","og_type":"article","og_title":"La direction de la Division Nord-Am\u00e9ricaine r\u00e9agit aux \u00e9v\u00e9nements qui se sont d\u00e9roul\u00e9s au Capitole aux \u00c9tats Unis - \u00c9glise Adventiste Du Septieme Jour - Inter Am\u00e9rique Division","og_description":"8 Janvier 2021 | Columbia, Maryland, \u00c9tats-Unis | Division Nord-Am\u00e9ricaine Les \u00e9v\u00e9nements qui ont eu lieu \u00e0 Washington, D.C., au cours des derniers jours ont \u00e9t\u00e9 traumatisants pour la plupart...","og_url":"https:\/\/interamerica.org\/fr\/2021\/01\/la-direction-de-la-division-nord-americaine-reagit-aux-evenements-qui-se-sont-deroules-au-capitole-aux-etats-unis\/","og_site_name":"\u00c9glise Adventiste Du Septieme Jour - Inter Am\u00e9rique Division","article_published_time":"2021-01-11T12:58:52+00:00","article_modified_time":"2021-01-12T01:26:54+00:00","og_image":[{"width":1280,"height":800,"url":"https:\/\/interamerica.org\/wp-content\/uploads\/2021\/01\/nad-statement-jan-08.jpg","type":"image\/jpeg"}],"author":"libna","twitter_card":"summary_large_image","twitter_misc":{"\u00c9crit par":"libna","Dur\u00e9e de lecture estim\u00e9e":"2 minutes"},"schema":{"@context":"https:\/\/schema.org","@graph":[{"@type":"Article","@id":"https:\/\/interamerica.org\/fr\/2021\/01\/la-direction-de-la-division-nord-americaine-reagit-aux-evenements-qui-se-sont-deroules-au-capitole-aux-etats-unis\/#article","isPartOf":{"@id":"https:\/\/interamerica.org\/fr\/2021\/01\/la-direction-de-la-division-nord-americaine-reagit-aux-evenements-qui-se-sont-deroules-au-capitole-aux-etats-unis\/"},"author":{"name":"libna","@id":"https:\/\/interamerica.org\/fr\/#\/schema\/person\/29998f2bc2d8bd0d38662909289b54f1"},"headline":"La direction de la Division Nord-Am\u00e9ricaine r\u00e9agit aux \u00e9v\u00e9nements qui se sont d\u00e9roul\u00e9s au Capitole aux \u00c9tats Unis","datePublished":"2021-01-11T12:58:52+00:00","dateModified":"2021-01-12T01:26:54+00:00","mainEntityOfPage":{"@id":"https:\/\/interamerica.org\/fr\/2021\/01\/la-direction-de-la-division-nord-americaine-reagit-aux-evenements-qui-se-sont-deroules-au-capitole-aux-etats-unis\/"},"wordCount":371,"image":{"@id":"https:\/\/interamerica.org\/fr\/2021\/01\/la-direction-de-la-division-nord-americaine-reagit-aux-evenements-qui-se-sont-deroules-au-capitole-aux-etats-unis\/#primaryimage"},"thumbnailUrl":"https:\/\/interamerica.org\/wp-content\/uploads\/2021\/01\/nad-statement-jan-08.jpg","articleSection":["Nouvelles de l'\u00c9glise mondiale","RSS Fran\u00e7ais"],"inLanguage":"fr-FR"},{"@type":"WebPage","@id":"https:\/\/interamerica.org\/fr\/2021\/01\/la-direction-de-la-division-nord-americaine-reagit-aux-evenements-qui-se-sont-deroules-au-capitole-aux-etats-unis\/","url":"https:\/\/interamerica.org\/fr\/2021\/01\/la-direction-de-la-division-nord-americaine-reagit-aux-evenements-qui-se-sont-deroules-au-capitole-aux-etats-unis\/","name":"La direction de la Division Nord-Am\u00e9ricaine r\u00e9agit aux \u00e9v\u00e9nements qui se sont d\u00e9roul\u00e9s au Capitole aux \u00c9tats Unis - \u00c9glise Adventiste Du Septieme Jour - Inter Am\u00e9rique Division","isPartOf":{"@id":"https:\/\/interamerica.org\/fr\/#website"},"primaryImageOfPage":{"@id":"https:\/\/interamerica.org\/fr\/2021\/01\/la-direction-de-la-division-nord-americaine-reagit-aux-evenements-qui-se-sont-deroules-au-capitole-aux-etats-unis\/#primaryimage"},"image":{"@id":"https:\/\/interamerica.org\/fr\/2021\/01\/la-direction-de-la-division-nord-americaine-reagit-aux-evenements-qui-se-sont-deroules-au-capitole-aux-etats-unis\/#primaryimage"},"thumbnailUrl":"https:\/\/interamerica.org\/wp-content\/uploads\/2021\/01\/nad-statement-jan-08.jpg","datePublished":"2021-01-11T12:58:52+00:00","dateModified":"2021-01-12T01:26:54+00:00","author":{"@id":"https:\/\/interamerica.org\/fr\/#\/schema\/person\/29998f2bc2d8bd0d38662909289b54f1"},"breadcrumb":{"@id":"https:\/\/interamerica.org\/fr\/2021\/01\/la-direction-de-la-division-nord-americaine-reagit-aux-evenements-qui-se-sont-deroules-au-capitole-aux-etats-unis\/#breadcrumb"},"inLanguage":"fr-FR","potentialAction":[{"@type":"ReadAction","target":["https:\/\/interamerica.org\/fr\/2021\/01\/la-direction-de-la-division-nord-americaine-reagit-aux-evenements-qui-se-sont-deroules-au-capitole-aux-etats-unis\/"]}]},{"@type":"ImageObject","inLanguage":"fr-FR","@id":"https:\/\/interamerica.org\/fr\/2021\/01\/la-direction-de-la-division-nord-americaine-reagit-aux-evenements-qui-se-sont-deroules-au-capitole-aux-etats-unis\/#primaryimage","url":"https:\/\/interamerica.org\/wp-content\/uploads\/2021\/01\/nad-statement-jan-08.jpg","contentUrl":"https:\/\/interamerica.org\/wp-content\/uploads\/2021\/01\/nad-statement-jan-08.jpg","width":1280,"height":800,"caption":"[Photo Courtesy of the North American Division]"},{"@type":"BreadcrumbList","@id":"https:\/\/interamerica.org\/fr\/2021\/01\/la-direction-de-la-division-nord-americaine-reagit-aux-evenements-qui-se-sont-deroules-au-capitole-aux-etats-unis\/#breadcrumb","itemListElement":[{"@type":"ListItem","position":1,"name":"Home","item":"https:\/\/interamerica.org\/fr\/"},{"@type":"ListItem","position":2,"name":"La direction de la Division Nord-Am\u00e9ricaine r\u00e9agit aux \u00e9v\u00e9nements qui se sont d\u00e9roul\u00e9s au Capitole aux \u00c9tats Unis"}]},{"@type":"WebSite","@id":"https:\/\/interamerica.org\/fr\/#website","url":"https:\/\/interamerica.org\/fr\/","name":"\u00c9glise Adventiste Du Septieme Jour - Inter Am\u00e9rique Division","description":"","potentialAction":[{"@type":"SearchAction","target":{"@type":"EntryPoint","urlTemplate":"https:\/\/interamerica.org\/fr\/?s={search_term_string}"},"query-input":{"@type":"PropertyValueSpecification","valueRequired":true,"valueName":"search_term_string"}}],"inLanguage":"fr-FR"},{"@type":"Person","@id":"https:\/\/interamerica.org\/fr\/#\/schema\/person\/29998f2bc2d8bd0d38662909289b54f1","name":"libna","image":{"@type":"ImageObject","inLanguage":"fr-FR","@id":"https:\/\/secure.gravatar.com\/avatar\/7c5bd30ae4b47a9ba3c856590957fd1d96dc588bf3ac05719d247e126840331f?s=96&d=mm&r=g","url":"https:\/\/secure.gravatar.com\/avatar\/7c5bd30ae4b47a9ba3c856590957fd1d96dc588bf3ac05719d247e126840331f?s=96&d=mm&r=g","contentUrl":"https:\/\/secure.gravatar.com\/avatar\/7c5bd30ae4b47a9ba3c856590957fd1d96dc588bf3ac05719d247e126840331f?s=96&d=mm&r=g","caption":"libna"}}]}},"_links":{"self":[{"href":"https:\/\/interamerica.org\/fr\/wp-json\/wp\/v2\/posts\/66339","targetHints":{"allow":["GET"]}}],"collection":[{"href":"https:\/\/interamerica.org\/fr\/wp-json\/wp\/v2\/posts"}],"about":[{"href":"https:\/\/interamerica.org\/fr\/wp-json\/wp\/v2\/types\/post"}],"author":[{"embeddable":true,"href":"https:\/\/interamerica.org\/fr\/wp-json\/wp\/v2\/users\/3"}],"replies":[{"embeddable":true,"href":"https:\/\/interamerica.org\/fr\/wp-json\/wp\/v2\/comments?post=66339"}],"version-history":[{"count":0,"href":"https:\/\/interamerica.org\/fr\/wp-json\/wp\/v2\/posts\/66339\/revisions"}],"wp:featuredmedia":[{"embeddable":true,"href":"https:\/\/interamerica.org\/fr\/wp-json\/wp\/v2\/media\/66326"}],"wp:attachment":[{"href":"https:\/\/interamerica.org\/fr\/wp-json\/wp\/v2\/media?parent=66339"}],"wp:term":[{"taxonomy":"category","embeddable":true,"href":"https:\/\/interamerica.org\/fr\/wp-json\/wp\/v2\/categories?post=66339"},{"taxonomy":"post_tag","embeddable":true,"href":"https:\/\/interamerica.org\/fr\/wp-json\/wp\/v2\/tags?post=66339"}],"curies":[{"name":"wp","href":"https:\/\/api.w.org\/{rel}","templated":true}]}}