{"id":66475,"date":"2021-01-13T10:30:34","date_gmt":"2021-01-13T14:30:34","guid":{"rendered":"https:\/\/recursing-golick.147-182-135-0.plesk.page\/?p=66475"},"modified":"2021-01-14T18:05:00","modified_gmt":"2021-01-14T22:05:00","slug":"comment-assurer-lefficacite-du-couvre-visage","status":"publish","type":"post","link":"https:\/\/interamerica.org\/fr\/2021\/01\/comment-assurer-lefficacite-du-couvre-visage\/","title":{"rendered":"Comment assurer l\u2019efficacit\u00e9 du couvre-visage"},"content":{"rendered":"<p>Le 13 janvier 2021 | Floride, \u00c9tats-Unis | AdventHealth<\/p>\n<p>Nous savons que le port du masque est important pour le ralentissement de la propagation de la COVID-19. Et maintenant, de nouvelles d\u00e9couvertes des Centres pour le contr\u00f4le et la pr\u00e9vention des maladies (CDC pour <em>Centers for Disease Control and Prevention<\/em>) des \u00c9tats-Unis d\u00e9montrent que porter un masque prot\u00e8ge celui qui le porte en plus des gens qui l\u2019entourent.<\/p>\n<p>Les CDC expliquent dans leurs nouvelles recommandations que les masques en tissu appropri\u00e9s peuvent bloquer les particules du virus que l\u2019on peut expirer tout en bloquant \u00e9galement les gouttelettes respiratoires infectieuses des autres personnes, pr\u00e9venant ainsi leur inhalation par le porteur du masque.<\/p>\n<p><strong>Se prot\u00e9ger tout en prot\u00e9geant les autres<\/strong><\/p>\n<p>Les CDC ont analys\u00e9 de nombreuses \u00e9tudes pour \u00e9laborer ces nouvelles recommandations, dont une \u00e9tude qui a suivi des personnes infect\u00e9es de la COVID-19 qui ont pass\u00e9 plus de dix heures dans un avion sans infecter qui que ce soit en portant un masque.<\/p>\n<p>Il est important de noter que les masques munis de plusieurs couches de tissu emp\u00eachent plus efficacement les germes d\u2019entrer et de sortir.<\/p>\n<p><strong>Fonctionnement du masque<\/strong><\/p>\n<p>Les CDC recommandent de porter le couvre-visage sur le nez et la bouche dans les lieux publics o\u00f9 la distanciation sociale est difficile, comme au march\u00e9 ou \u00e0 la pharmacie. Ce simple geste peut pr\u00e9venir la propagation du virus. Certaines communaut\u00e9s recommandent aussi le port du masque en ext\u00e9rieur, d\u00e9pendamment du taux d\u2019infection dans la r\u00e9gion.<\/p>\n<p>Nous savons qu\u2019une partie consid\u00e9rable des gens infect\u00e9s par le coronavirus n\u2019ont pas de sympt\u00f4mes. On dit donc qu\u2019ils sont <em>asymptomatiques<\/em>. Et m\u00eame ceux qui sont <em>pr\u00e9symptomatiques<\/em>, donc, qui d\u00e9velopperont sous peu des sympt\u00f4mes, peuvent transmettre le virus \u00e0 d\u2019autres personnes. Comme nous pouvons transmettre le virus m\u00eame si nous n\u2019avons pas de sympt\u00f4mes, les CDC recommandent l\u2019utilisation du masque en tissu.<\/p>\n<p><strong>Comprendre la propagation asymptomatique<\/strong><\/p>\n<p>Selon les CDC, les gens peuvent \u00eatre infect\u00e9s pendant un \u00e0 quatorze jours avant de d\u00e9velopper des sympt\u00f4mes comme de la fi\u00e8vre, de la fatigue ou une toux s\u00e8che. Le virus se propage principalement par des gouttelettes respiratoires expir\u00e9es en toussant, en \u00e9ternuant, en parlant ou m\u00eame en respirant. Bien que beaucoup les croient plut\u00f4t grosses, elles peuvent \u00eatre tr\u00e8s petites, trop petites pour \u00eatre vues dans l\u2019air.<\/p>\n<p>L\u2019Organisation mondiale de la Sant\u00e9 insiste sur le fait que beaucoup de gens qui ont la COVID-19 ont des sympt\u00f4mes tr\u00e8s l\u00e9gers, surtout au d\u00e9but de la maladie, lorsqu\u2019ils sont le plus contagieux. Il est donc possible d\u2019attraper le virus de quelqu\u2019un qui n\u2019a qu\u2019une l\u00e9g\u00e8re toux et qui ne se sent pas malade ou de quelqu\u2019un qui se sent un peu malade, mais qui ne tousse pas.<\/p>\n<p>Les CDC disent qu\u2019on estime que les gens asymptomatiques et pr\u00e9symptomatiques qui se sentent bien repr\u00e9sentent plus de la moiti\u00e9 des transmetteurs de la COVID-19.<\/p>\n<p><strong>Hygi\u00e8ne relative au couvre-visage<\/strong><\/p>\n<p>Il ne faut pas oublier d\u2019apporter un masque chaque fois que nous devons quitter la maison. Avant de le mettre ou de l\u2019enlever, il faut se laver les mains minutieusement pour \u00e9viter que des germes sur nos mains n\u2019entrent dans notre syst\u00e8me respiratoire.<\/p>\n<p>Pour assurer l\u2019efficacit\u00e9 du couvre-visage, suivez \u00e9galement les conseils suivants\u00a0:<\/p>\n<ul>\n<li>\u00c9viter de le toucher lorsqu\u2019il est sur votre visage<\/li>\n<li>Le mettre et l\u2019enlever par les \u00e9lastiques ou les rubans qui vont derri\u00e8re les oreilles ou la t\u00eate plut\u00f4t que par l\u2019avant du masque<\/li>\n<li>Le d\u00e9sinfecter souvent en le lavant \u00e0 la main ou \u00e0 la machine<\/li>\n<\/ul>\n<p><em>La <a href=\"https:\/\/www.adventhealth.com\/blog\/masks-lower-risk-spreading-or-getting-covid-19-more-70-studies-show\">version originale<\/a> de cet article a \u00e9t\u00e9 publi\u00e9e sur le <a href=\"https:\/\/www.adventhealth.com\/news-and-adventhealth-blog\">blogue<\/a> d\u2019AdventHealth.<\/em><\/p>\n<p>Traduction : Marie-Mich\u00e8le Robitaille<\/p>\n","protected":false},"excerpt":{"rendered":"<p>Le 13 janvier 2021 | Floride, \u00c9tats-Unis | AdventHealth Nous savons que le port du masque est important pour le ralentissement de la propagation de la COVID-19. Et maintenant, de&#8230;<\/p>\n","protected":false},"author":3,"featured_media":66412,"comment_status":"closed","ping_status":"closed","sticky":false,"template":"","format":"standard","meta":{"_acf_changed":false,"footnotes":""},"categories":[18,19],"tags":[],"class_list":["post-66475","post","type-post","status-publish","format-standard","has-post-thumbnail","hentry","category-nouvelles-de-leglise-mondiale","category-rss-francais"],"acf":[],"yoast_head":"<!-- This site is optimized with the Yoast SEO plugin v27.3 - https:\/\/yoast.com\/product\/yoast-seo-wordpress\/ -->\n<title>Comment assurer l\u2019efficacit\u00e9 du couvre-visage - \u00c9glise Adventiste Du Septieme Jour - Inter Am\u00e9rique Division<\/title>\n<meta name=\"robots\" content=\"index, follow, max-snippet:-1, max-image-preview:large, max-video-preview:-1\" \/>\n<link rel=\"canonical\" href=\"https:\/\/interamerica.org\/fr\/2021\/01\/comment-assurer-lefficacite-du-couvre-visage\/\" \/>\n<meta property=\"og:locale\" content=\"fr_FR\" \/>\n<meta property=\"og:type\" content=\"article\" \/>\n<meta property=\"og:title\" content=\"Comment assurer l\u2019efficacit\u00e9 du couvre-visage - \u00c9glise Adventiste Du Septieme Jour - Inter Am\u00e9rique Division\" \/>\n<meta property=\"og:description\" content=\"Le 13 janvier 2021 | Floride, \u00c9tats-Unis | AdventHealth Nous savons que le port du masque est important pour le ralentissement de la propagation de la COVID-19. Et maintenant, de...\" \/>\n<meta property=\"og:url\" content=\"https:\/\/interamerica.org\/fr\/2021\/01\/comment-assurer-lefficacite-du-couvre-visage\/\" \/>\n<meta property=\"og:site_name\" content=\"\u00c9glise Adventiste Du Septieme Jour - Inter Am\u00e9rique Division\" \/>\n<meta property=\"article:published_time\" content=\"2021-01-13T14:30:34+00:00\" \/>\n<meta property=\"article:modified_time\" content=\"2021-01-14T22:05:00+00:00\" \/>\n<meta property=\"og:image\" content=\"https:\/\/interamerica.org\/wp-content\/uploads\/2021\/01\/coronavirus-5293557-1280.jpg\" \/>\n\t<meta property=\"og:image:width\" content=\"1280\" \/>\n\t<meta property=\"og:image:height\" content=\"853\" \/>\n\t<meta property=\"og:image:type\" content=\"image\/jpeg\" \/>\n<meta name=\"author\" content=\"libna\" \/>\n<meta name=\"twitter:card\" content=\"summary_large_image\" \/>\n<meta name=\"twitter:label1\" content=\"\u00c9crit par\" \/>\n\t<meta name=\"twitter:data1\" content=\"libna\" \/>\n\t<meta name=\"twitter:label2\" content=\"Dur\u00e9e de lecture estim\u00e9e\" \/>\n\t<meta name=\"twitter:data2\" content=\"3 minutes\" \/>\n<script type=\"application\/ld+json\" class=\"yoast-schema-graph\">{\"@context\":\"https:\\\/\\\/schema.org\",\"@graph\":[{\"@type\":\"Article\",\"@id\":\"https:\\\/\\\/interamerica.org\\\/fr\\\/2021\\\/01\\\/comment-assurer-lefficacite-du-couvre-visage\\\/#article\",\"isPartOf\":{\"@id\":\"https:\\\/\\\/interamerica.org\\\/fr\\\/2021\\\/01\\\/comment-assurer-lefficacite-du-couvre-visage\\\/\"},\"author\":{\"name\":\"libna\",\"@id\":\"https:\\\/\\\/interamerica.org\\\/fr\\\/#\\\/schema\\\/person\\\/29998f2bc2d8bd0d38662909289b54f1\"},\"headline\":\"Comment assurer l\u2019efficacit\u00e9 du couvre-visage\",\"datePublished\":\"2021-01-13T14:30:34+00:00\",\"dateModified\":\"2021-01-14T22:05:00+00:00\",\"mainEntityOfPage\":{\"@id\":\"https:\\\/\\\/interamerica.org\\\/fr\\\/2021\\\/01\\\/comment-assurer-lefficacite-du-couvre-visage\\\/\"},\"wordCount\":664,\"image\":{\"@id\":\"https:\\\/\\\/interamerica.org\\\/fr\\\/2021\\\/01\\\/comment-assurer-lefficacite-du-couvre-visage\\\/#primaryimage\"},\"thumbnailUrl\":\"https:\\\/\\\/interamerica.org\\\/wp-content\\\/uploads\\\/2021\\\/01\\\/coronavirus-5293557-1280.jpg\",\"articleSection\":[\"Nouvelles de l'\u00c9glise mondiale\",\"RSS Fran\u00e7ais\"],\"inLanguage\":\"fr-FR\"},{\"@type\":\"WebPage\",\"@id\":\"https:\\\/\\\/interamerica.org\\\/fr\\\/2021\\\/01\\\/comment-assurer-lefficacite-du-couvre-visage\\\/\",\"url\":\"https:\\\/\\\/interamerica.org\\\/fr\\\/2021\\\/01\\\/comment-assurer-lefficacite-du-couvre-visage\\\/\",\"name\":\"Comment assurer l\u2019efficacit\u00e9 du couvre-visage - \u00c9glise Adventiste Du Septieme Jour - Inter Am\u00e9rique Division\",\"isPartOf\":{\"@id\":\"https:\\\/\\\/interamerica.org\\\/fr\\\/#website\"},\"primaryImageOfPage\":{\"@id\":\"https:\\\/\\\/interamerica.org\\\/fr\\\/2021\\\/01\\\/comment-assurer-lefficacite-du-couvre-visage\\\/#primaryimage\"},\"image\":{\"@id\":\"https:\\\/\\\/interamerica.org\\\/fr\\\/2021\\\/01\\\/comment-assurer-lefficacite-du-couvre-visage\\\/#primaryimage\"},\"thumbnailUrl\":\"https:\\\/\\\/interamerica.org\\\/wp-content\\\/uploads\\\/2021\\\/01\\\/coronavirus-5293557-1280.jpg\",\"datePublished\":\"2021-01-13T14:30:34+00:00\",\"dateModified\":\"2021-01-14T22:05:00+00:00\",\"author\":{\"@id\":\"https:\\\/\\\/interamerica.org\\\/fr\\\/#\\\/schema\\\/person\\\/29998f2bc2d8bd0d38662909289b54f1\"},\"breadcrumb\":{\"@id\":\"https:\\\/\\\/interamerica.org\\\/fr\\\/2021\\\/01\\\/comment-assurer-lefficacite-du-couvre-visage\\\/#breadcrumb\"},\"inLanguage\":\"fr-FR\",\"potentialAction\":[{\"@type\":\"ReadAction\",\"target\":[\"https:\\\/\\\/interamerica.org\\\/fr\\\/2021\\\/01\\\/comment-assurer-lefficacite-du-couvre-visage\\\/\"]}]},{\"@type\":\"ImageObject\",\"inLanguage\":\"fr-FR\",\"@id\":\"https:\\\/\\\/interamerica.org\\\/fr\\\/2021\\\/01\\\/comment-assurer-lefficacite-du-couvre-visage\\\/#primaryimage\",\"url\":\"https:\\\/\\\/interamerica.org\\\/wp-content\\\/uploads\\\/2021\\\/01\\\/coronavirus-5293557-1280.jpg\",\"contentUrl\":\"https:\\\/\\\/interamerica.org\\\/wp-content\\\/uploads\\\/2021\\\/01\\\/coronavirus-5293557-1280.jpg\",\"width\":1280,\"height\":853,\"caption\":\"Une photo de Pixabay.\"},{\"@type\":\"BreadcrumbList\",\"@id\":\"https:\\\/\\\/interamerica.org\\\/fr\\\/2021\\\/01\\\/comment-assurer-lefficacite-du-couvre-visage\\\/#breadcrumb\",\"itemListElement\":[{\"@type\":\"ListItem\",\"position\":1,\"name\":\"Home\",\"item\":\"https:\\\/\\\/interamerica.org\\\/fr\\\/\"},{\"@type\":\"ListItem\",\"position\":2,\"name\":\"Comment assurer l\u2019efficacit\u00e9 du couvre-visage\"}]},{\"@type\":\"WebSite\",\"@id\":\"https:\\\/\\\/interamerica.org\\\/fr\\\/#website\",\"url\":\"https:\\\/\\\/interamerica.org\\\/fr\\\/\",\"name\":\"\u00c9glise Adventiste Du Septieme Jour - Inter Am\u00e9rique Division\",\"description\":\"\",\"potentialAction\":[{\"@type\":\"SearchAction\",\"target\":{\"@type\":\"EntryPoint\",\"urlTemplate\":\"https:\\\/\\\/interamerica.org\\\/fr\\\/?s={search_term_string}\"},\"query-input\":{\"@type\":\"PropertyValueSpecification\",\"valueRequired\":true,\"valueName\":\"search_term_string\"}}],\"inLanguage\":\"fr-FR\"},{\"@type\":\"Person\",\"@id\":\"https:\\\/\\\/interamerica.org\\\/fr\\\/#\\\/schema\\\/person\\\/29998f2bc2d8bd0d38662909289b54f1\",\"name\":\"libna\",\"image\":{\"@type\":\"ImageObject\",\"inLanguage\":\"fr-FR\",\"@id\":\"https:\\\/\\\/secure.gravatar.com\\\/avatar\\\/7c5bd30ae4b47a9ba3c856590957fd1d96dc588bf3ac05719d247e126840331f?s=96&d=mm&r=g\",\"url\":\"https:\\\/\\\/secure.gravatar.com\\\/avatar\\\/7c5bd30ae4b47a9ba3c856590957fd1d96dc588bf3ac05719d247e126840331f?s=96&d=mm&r=g\",\"contentUrl\":\"https:\\\/\\\/secure.gravatar.com\\\/avatar\\\/7c5bd30ae4b47a9ba3c856590957fd1d96dc588bf3ac05719d247e126840331f?s=96&d=mm&r=g\",\"caption\":\"libna\"}}]}<\/script>\n<!-- \/ Yoast SEO plugin. -->","yoast_head_json":{"title":"Comment assurer l\u2019efficacit\u00e9 du couvre-visage - \u00c9glise Adventiste Du Septieme Jour - Inter Am\u00e9rique Division","robots":{"index":"index","follow":"follow","max-snippet":"max-snippet:-1","max-image-preview":"max-image-preview:large","max-video-preview":"max-video-preview:-1"},"canonical":"https:\/\/interamerica.org\/fr\/2021\/01\/comment-assurer-lefficacite-du-couvre-visage\/","og_locale":"fr_FR","og_type":"article","og_title":"Comment assurer l\u2019efficacit\u00e9 du couvre-visage - \u00c9glise Adventiste Du Septieme Jour - Inter Am\u00e9rique Division","og_description":"Le 13 janvier 2021 | Floride, \u00c9tats-Unis | AdventHealth Nous savons que le port du masque est important pour le ralentissement de la propagation de la COVID-19. Et maintenant, de...","og_url":"https:\/\/interamerica.org\/fr\/2021\/01\/comment-assurer-lefficacite-du-couvre-visage\/","og_site_name":"\u00c9glise Adventiste Du Septieme Jour - Inter Am\u00e9rique Division","article_published_time":"2021-01-13T14:30:34+00:00","article_modified_time":"2021-01-14T22:05:00+00:00","og_image":[{"width":1280,"height":853,"url":"https:\/\/interamerica.org\/wp-content\/uploads\/2021\/01\/coronavirus-5293557-1280.jpg","type":"image\/jpeg"}],"author":"libna","twitter_card":"summary_large_image","twitter_misc":{"\u00c9crit par":"libna","Dur\u00e9e de lecture estim\u00e9e":"3 minutes"},"schema":{"@context":"https:\/\/schema.org","@graph":[{"@type":"Article","@id":"https:\/\/interamerica.org\/fr\/2021\/01\/comment-assurer-lefficacite-du-couvre-visage\/#article","isPartOf":{"@id":"https:\/\/interamerica.org\/fr\/2021\/01\/comment-assurer-lefficacite-du-couvre-visage\/"},"author":{"name":"libna","@id":"https:\/\/interamerica.org\/fr\/#\/schema\/person\/29998f2bc2d8bd0d38662909289b54f1"},"headline":"Comment assurer l\u2019efficacit\u00e9 du couvre-visage","datePublished":"2021-01-13T14:30:34+00:00","dateModified":"2021-01-14T22:05:00+00:00","mainEntityOfPage":{"@id":"https:\/\/interamerica.org\/fr\/2021\/01\/comment-assurer-lefficacite-du-couvre-visage\/"},"wordCount":664,"image":{"@id":"https:\/\/interamerica.org\/fr\/2021\/01\/comment-assurer-lefficacite-du-couvre-visage\/#primaryimage"},"thumbnailUrl":"https:\/\/interamerica.org\/wp-content\/uploads\/2021\/01\/coronavirus-5293557-1280.jpg","articleSection":["Nouvelles de l'\u00c9glise mondiale","RSS Fran\u00e7ais"],"inLanguage":"fr-FR"},{"@type":"WebPage","@id":"https:\/\/interamerica.org\/fr\/2021\/01\/comment-assurer-lefficacite-du-couvre-visage\/","url":"https:\/\/interamerica.org\/fr\/2021\/01\/comment-assurer-lefficacite-du-couvre-visage\/","name":"Comment assurer l\u2019efficacit\u00e9 du couvre-visage - \u00c9glise Adventiste Du Septieme Jour - Inter Am\u00e9rique Division","isPartOf":{"@id":"https:\/\/interamerica.org\/fr\/#website"},"primaryImageOfPage":{"@id":"https:\/\/interamerica.org\/fr\/2021\/01\/comment-assurer-lefficacite-du-couvre-visage\/#primaryimage"},"image":{"@id":"https:\/\/interamerica.org\/fr\/2021\/01\/comment-assurer-lefficacite-du-couvre-visage\/#primaryimage"},"thumbnailUrl":"https:\/\/interamerica.org\/wp-content\/uploads\/2021\/01\/coronavirus-5293557-1280.jpg","datePublished":"2021-01-13T14:30:34+00:00","dateModified":"2021-01-14T22:05:00+00:00","author":{"@id":"https:\/\/interamerica.org\/fr\/#\/schema\/person\/29998f2bc2d8bd0d38662909289b54f1"},"breadcrumb":{"@id":"https:\/\/interamerica.org\/fr\/2021\/01\/comment-assurer-lefficacite-du-couvre-visage\/#breadcrumb"},"inLanguage":"fr-FR","potentialAction":[{"@type":"ReadAction","target":["https:\/\/interamerica.org\/fr\/2021\/01\/comment-assurer-lefficacite-du-couvre-visage\/"]}]},{"@type":"ImageObject","inLanguage":"fr-FR","@id":"https:\/\/interamerica.org\/fr\/2021\/01\/comment-assurer-lefficacite-du-couvre-visage\/#primaryimage","url":"https:\/\/interamerica.org\/wp-content\/uploads\/2021\/01\/coronavirus-5293557-1280.jpg","contentUrl":"https:\/\/interamerica.org\/wp-content\/uploads\/2021\/01\/coronavirus-5293557-1280.jpg","width":1280,"height":853,"caption":"Une photo de Pixabay."},{"@type":"BreadcrumbList","@id":"https:\/\/interamerica.org\/fr\/2021\/01\/comment-assurer-lefficacite-du-couvre-visage\/#breadcrumb","itemListElement":[{"@type":"ListItem","position":1,"name":"Home","item":"https:\/\/interamerica.org\/fr\/"},{"@type":"ListItem","position":2,"name":"Comment assurer l\u2019efficacit\u00e9 du couvre-visage"}]},{"@type":"WebSite","@id":"https:\/\/interamerica.org\/fr\/#website","url":"https:\/\/interamerica.org\/fr\/","name":"\u00c9glise Adventiste Du Septieme Jour - Inter Am\u00e9rique Division","description":"","potentialAction":[{"@type":"SearchAction","target":{"@type":"EntryPoint","urlTemplate":"https:\/\/interamerica.org\/fr\/?s={search_term_string}"},"query-input":{"@type":"PropertyValueSpecification","valueRequired":true,"valueName":"search_term_string"}}],"inLanguage":"fr-FR"},{"@type":"Person","@id":"https:\/\/interamerica.org\/fr\/#\/schema\/person\/29998f2bc2d8bd0d38662909289b54f1","name":"libna","image":{"@type":"ImageObject","inLanguage":"fr-FR","@id":"https:\/\/secure.gravatar.com\/avatar\/7c5bd30ae4b47a9ba3c856590957fd1d96dc588bf3ac05719d247e126840331f?s=96&d=mm&r=g","url":"https:\/\/secure.gravatar.com\/avatar\/7c5bd30ae4b47a9ba3c856590957fd1d96dc588bf3ac05719d247e126840331f?s=96&d=mm&r=g","contentUrl":"https:\/\/secure.gravatar.com\/avatar\/7c5bd30ae4b47a9ba3c856590957fd1d96dc588bf3ac05719d247e126840331f?s=96&d=mm&r=g","caption":"libna"}}]}},"_links":{"self":[{"href":"https:\/\/interamerica.org\/fr\/wp-json\/wp\/v2\/posts\/66475","targetHints":{"allow":["GET"]}}],"collection":[{"href":"https:\/\/interamerica.org\/fr\/wp-json\/wp\/v2\/posts"}],"about":[{"href":"https:\/\/interamerica.org\/fr\/wp-json\/wp\/v2\/types\/post"}],"author":[{"embeddable":true,"href":"https:\/\/interamerica.org\/fr\/wp-json\/wp\/v2\/users\/3"}],"replies":[{"embeddable":true,"href":"https:\/\/interamerica.org\/fr\/wp-json\/wp\/v2\/comments?post=66475"}],"version-history":[{"count":0,"href":"https:\/\/interamerica.org\/fr\/wp-json\/wp\/v2\/posts\/66475\/revisions"}],"wp:featuredmedia":[{"embeddable":true,"href":"https:\/\/interamerica.org\/fr\/wp-json\/wp\/v2\/media\/66412"}],"wp:attachment":[{"href":"https:\/\/interamerica.org\/fr\/wp-json\/wp\/v2\/media?parent=66475"}],"wp:term":[{"taxonomy":"category","embeddable":true,"href":"https:\/\/interamerica.org\/fr\/wp-json\/wp\/v2\/categories?post=66475"},{"taxonomy":"post_tag","embeddable":true,"href":"https:\/\/interamerica.org\/fr\/wp-json\/wp\/v2\/tags?post=66475"}],"curies":[{"name":"wp","href":"https:\/\/api.w.org\/{rel}","templated":true}]}}