{"id":66899,"date":"2021-01-29T08:00:59","date_gmt":"2021-01-29T12:00:59","guid":{"rendered":"https:\/\/recursing-golick.147-182-135-0.plesk.page\/?p=66899"},"modified":"2021-01-29T21:30:05","modified_gmt":"2021-01-30T01:30:05","slug":"on-nest-pas-seul","status":"publish","type":"post","link":"https:\/\/interamerica.org\/fr\/2021\/01\/on-nest-pas-seul\/","title":{"rendered":"On n&rsquo;est pas seul"},"content":{"rendered":"<p>29 janvier 2021 | Silver Spring, Maryland, \u00c9tats-Unis | Ted N.C. Wilson<\/p>\n<p><span style=\"font-weight: 400;\">Salut, mes amis ! Vous \u00eates-vous d\u00e9j\u00e0 senti seul, comme si vous \u00e9tiez les seuls du c\u00f4t\u00e9 de Dieu ? La Bible pr\u00e9sente plusieurs exemples de personnes qui ont \u00e9prouv\u00e9 de tels sentiments, et plus encore. L\u2019un des plus int\u00e9ressants est peut-\u00eatre celui du proph\u00e8te Elie, fid\u00e8le proph\u00e8te de Dieu qui a servi pendant une p\u00e9riode tr\u00e8s d\u00e9courageante d\u2019apostasie et de r\u00e9bellion en Isra\u00ebl. Le roi Achab \u00e9tait sur le tr\u00f4ne, avec sa m\u00e9chante femme, J\u00e9zabel, \u00e0 ses c\u00f4t\u00e9s.<\/span><\/p>\n<p><span style=\"font-weight: 400;\">De nombreux aspects de l\u2019important minist\u00e8re d\u2019\u00c9lie sont consign\u00e9s dans le livre de 1 Rois, et l\u2019histoire la plus connue est peut-\u00eatre celle qui d\u00e9taille l\u2019incroyable exp\u00e9rience d\u2019\u00c9lie au mont Carmel, telle qu\u2019elle est consign\u00e9e dans 1 Rois, chapitre 18.<\/span><span style=\"font-weight: 400;\">\u00a0<\/span><\/p>\n<p><span style=\"font-weight: 400;\">Je suis s\u00fbr que vous connaissez l\u2019histoire d\u2019Elie qui a ordonn\u00e9 \u00e0 tout Isra\u00ebl de se rassembler au sommet du mont, o\u00f9 ils seraient t\u00e9moins d\u2019une d\u00e9monstration miraculeuse de la puissance de Dieu dans l\u2019\u00e9preuve de force entre Baal et Yahv\u00e9. Toute la journ\u00e9e, les proph\u00e8tes de Baal ont pri\u00e9 leur faux dieu, pleurant, criant et se coupant, dans l\u2019espoir que leur dieu de bois consommerait le sacrifice plac\u00e9 sur l\u2019autel. Mais en vain.<\/span><\/p>\n<p><span style=\"font-weight: 400;\">Et puis il y avait \u00c9lie, se tenant courageusement, seul, du c\u00f4t\u00e9 du seul vrai Dieu &#8211; Yahv\u00e9. Le profond livre \u00ab Proph\u00e8tes et Rois \u00bb nous en donne une image tr\u00e8s claire :<\/span><\/p>\n<p><span style=\"font-weight: 400;\">\u00ab Face au roi, aux faux proph\u00e8tes, et entour\u00e9 par une foule d\u2019Isra\u00e9lites, Elie appara\u00eet alors. C\u2019est le seul de sa nation qui ose se dresser pour venger l\u2019honneur de son Dieu. Celui que tout le royaume a accabl\u00e9 du poids de la mal\u00e9diction se trouve maintenant devant cette assembl\u00e9e, sans d\u00e9fense apparente, en pr\u00e9sence du monarque d\u2019Isra\u00ebl, des proph\u00e8tes de Baal, des hommes de guerre \u00bb.<\/span><\/p>\n<p><span style=\"font-weight: 400;\">L\u2019histoire continue, avec Elie qui s\u2019adresse au peuple en criant : \u00ab Jusqu\u2019\u00e0 quand aurez-vous un comportement boiteux ? Si c\u2019est l\u2019\u00c9ternel qui est Dieu, suivez-le ! Si c\u2019est Baal, suivez-le ! Le peuple ne lui r\u00e9pondit rien \u00bb.<\/span><\/p>\n<p><span style=\"font-weight: 400;\">Apparemment, personne n\u2019\u00e9tait pr\u00eat \u00e0 se ranger aux c\u00f4t\u00e9s d\u2019Elie pour reconna\u00eetre le seul vrai Dieu. Il \u00e9tait seul. Et pourtant, il n\u2019\u00e9tait pas vraiment seul. On nous dit que \u00ab Au-dessus et autour de lui se d\u00e9ploient les arm\u00e9es protectrices du ciel \u2013 les anges qui excellent en force. Sans honte, sans frayeur, le proph\u00e8te se tient devant la foule, pleinement conscient de la grandeur de la mission qui lui a \u00e9t\u00e9 confi\u00e9e pour ex\u00e9cuter l\u2019ordre divin \u00bb.<\/span><\/p>\n<p><span style=\"font-weight: 400;\">Enfin, apr\u00e8s avoir minutieusement reconstruit l\u2019autel de Dieu, y avoir d\u00e9pos\u00e9 le sacrifice et l\u2019avoir arros\u00e9 trois fois avec de grandes quantit\u00e9s d\u2019eau, le proph\u00e8te pria : \u00ab \u00c9ternel, Dieu d\u2019Abraham, d\u2019Isaac et d\u2019Isra\u00ebl ! Que l\u2019on sache aujourd\u2019hui que c\u2019est toi qui es Dieu en Isra\u00ebl et que moi, je suis ton serviteur et j\u2019ai fait tout cela sur ton ordre ! R\u00e9ponds-moi, \u00c9ternel, r\u00e9ponds-moi, afin que ce peuple reconnaisse que c\u2019est toi, \u00c9ternel, qui es Dieu, et que c\u2019est toi qui ram\u00e8nes leur c\u0153ur vers toi ! \u00bb.<\/span><\/p>\n<p><span style=\"font-weight: 400;\">Aussit\u00f4t, le feu est descendu du ciel, consumant le sacrifice, le bois, les pierres, la poussi\u00e8re et ass\u00e9chant l\u2019eau entourant l\u2019autel. La pri\u00e8re d\u2019Elie a \u00e9t\u00e9 entendue et a \u00e9t\u00e9 exauc\u00e9e.<\/span><\/p>\n<p><span style=\"font-weight: 400;\">Mes amis, avez-vous d\u00e9j\u00e0 eu l\u2019impression d\u2019\u00eatre les seuls du c\u00f4t\u00e9 du Seigneur ? Soyez assur\u00e9 que, m\u00eame si cela ne semble pas \u00eatre le cas, vous n\u2019\u00eates pas seul. Dieu est avec vous. Ses anges vous entourent. Il vous donnera la sagesse, les conseils et le courage de rester \u00e0 ses c\u00f4t\u00e9s quelles que soient les circonstances auxquelles vous serez confront\u00e9s. Et n\u2019oubliez pas, comme Dieu l\u2019a dit plus tard \u00e0 Elie, qu\u2019il y a aussi d\u2019autres croyants fid\u00e8les. \u00ab Mais je vais laisser en Isra\u00ebl 7000 hommes \u00bb, dit l\u2019\u00c9ternel, \u00ab Ce sont tous ceux qui n\u2019ont pas pli\u00e9 les genoux devant Baal et dont la bouche ne l\u2019a pas embrass\u00e9 \u00bb.<\/span><\/p>\n<p><span style=\"font-weight: 400;\">Soyons fid\u00e8les \u00e0 Lui, partout o\u00f9 Il nous appelle \u00e0 aller, sachant que \u00ab Celui qui vous appelle est fid\u00e8le, c\u2019est aussi lui qui le fera \u00bb.<\/span><\/p>\n<h3><b>Prayer:<\/b><\/h3>\n<p><span style=\"font-weight: 400;\">Prions ensemble : P\u00e8re c\u00e9leste, merci pour la merveilleuse exp\u00e9rience d\u2019Elie, pour nous avoir montr\u00e9 comment nous pouvons nous tenir fid\u00e8lement \u00e0 tes c\u00f4t\u00e9s alors que nous te faisons enti\u00e8rement confiance. Seigneur, b\u00e9nis tous ceux qui ont besoin d\u2019une attention particuli\u00e8re d\u2019encouragement, de soutien de la puissance du ciel, aide-nous \u00e0 r\u00e9aliser que, peu importe ce que tu nous demandes de faire ou la solitude que nous ressentons lorsque nous nous tenons \u00e0 tes c\u00f4t\u00e9s, tu es avec nous et les anges qui donnent la force et l\u2019excellence peuvent nous entourer pour nous soutenir et nous encourager. Seigneur, nous nous remettons entre tes mains, envoie l\u2019Esprit Saint pour nous remplir et nous utiliser alors que nous proclamons ton message en ces derniers jours de l\u2019histoire du monde. Merci d\u2019\u00eatre avec nous ; nous le demandons au nom de J\u00e9sus, amen.<\/span><\/p>\n<p><iframe title=\"On n\u2019est pas seuls \/ Pasteur Ted Wilson\" src=\"https:\/\/player.vimeo.com\/video\/506239478?dnt=1&amp;app_id=122963\" width=\"500\" height=\"281\" frameborder=\"0\" allow=\"autoplay; fullscreen; picture-in-picture; clipboard-write\"><\/iframe><\/p>\n","protected":false},"excerpt":{"rendered":"<p>29 janvier 2021 | Silver Spring, Maryland, \u00c9tats-Unis | Ted N.C. Wilson Salut, mes amis ! Vous \u00eates-vous d\u00e9j\u00e0 senti seul, comme si vous \u00e9tiez les seuls du c\u00f4t\u00e9 de&#8230;<\/p>\n","protected":false},"author":3,"featured_media":66912,"comment_status":"closed","ping_status":"closed","sticky":false,"template":"","format":"standard","meta":{"_acf_changed":false,"footnotes":""},"categories":[18,19],"tags":[],"class_list":["post-66899","post","type-post","status-publish","format-standard","has-post-thumbnail","hentry","category-nouvelles-de-leglise-mondiale","category-rss-francais"],"acf":[],"yoast_head":"<!-- This site is optimized with the Yoast SEO plugin v27.3 - https:\/\/yoast.com\/product\/yoast-seo-wordpress\/ -->\n<title>On n&#039;est pas seul - \u00c9glise Adventiste Du Septieme Jour - Inter Am\u00e9rique Division<\/title>\n<meta name=\"robots\" content=\"index, follow, max-snippet:-1, max-image-preview:large, max-video-preview:-1\" \/>\n<link rel=\"canonical\" href=\"https:\/\/interamerica.org\/fr\/2021\/01\/on-nest-pas-seul\/\" \/>\n<meta property=\"og:locale\" content=\"fr_FR\" \/>\n<meta property=\"og:type\" content=\"article\" \/>\n<meta property=\"og:title\" content=\"On n&#039;est pas seul - \u00c9glise Adventiste Du Septieme Jour - Inter Am\u00e9rique Division\" \/>\n<meta property=\"og:description\" content=\"29 janvier 2021 | Silver Spring, Maryland, \u00c9tats-Unis | Ted N.C. Wilson Salut, mes amis ! Vous \u00eates-vous d\u00e9j\u00e0 senti seul, comme si vous \u00e9tiez les seuls du c\u00f4t\u00e9 de...\" \/>\n<meta property=\"og:url\" content=\"https:\/\/interamerica.org\/fr\/2021\/01\/on-nest-pas-seul\/\" \/>\n<meta property=\"og:site_name\" content=\"\u00c9glise Adventiste Du Septieme Jour - Inter Am\u00e9rique Division\" \/>\n<meta property=\"article:published_time\" content=\"2021-01-29T12:00:59+00:00\" \/>\n<meta property=\"article:modified_time\" content=\"2021-01-30T01:30:05+00:00\" \/>\n<meta property=\"og:image\" content=\"https:\/\/interamerica.org\/wp-content\/uploads\/2021\/01\/wilson-jan29-french.jpg\" \/>\n\t<meta property=\"og:image:width\" content=\"1280\" \/>\n\t<meta property=\"og:image:height\" content=\"800\" \/>\n\t<meta property=\"og:image:type\" content=\"image\/jpeg\" \/>\n<meta name=\"author\" content=\"libna\" \/>\n<meta name=\"twitter:card\" content=\"summary_large_image\" \/>\n<meta name=\"twitter:label1\" content=\"\u00c9crit par\" \/>\n\t<meta name=\"twitter:data1\" content=\"libna\" \/>\n\t<meta name=\"twitter:label2\" content=\"Dur\u00e9e de lecture estim\u00e9e\" \/>\n\t<meta name=\"twitter:data2\" content=\"4 minutes\" \/>\n<script type=\"application\/ld+json\" class=\"yoast-schema-graph\">{\"@context\":\"https:\\\/\\\/schema.org\",\"@graph\":[{\"@type\":\"Article\",\"@id\":\"https:\\\/\\\/interamerica.org\\\/fr\\\/2021\\\/01\\\/on-nest-pas-seul\\\/#article\",\"isPartOf\":{\"@id\":\"https:\\\/\\\/interamerica.org\\\/fr\\\/2021\\\/01\\\/on-nest-pas-seul\\\/\"},\"author\":{\"name\":\"libna\",\"@id\":\"https:\\\/\\\/interamerica.org\\\/fr\\\/#\\\/schema\\\/person\\\/29998f2bc2d8bd0d38662909289b54f1\"},\"headline\":\"On n&rsquo;est pas seul\",\"datePublished\":\"2021-01-29T12:00:59+00:00\",\"dateModified\":\"2021-01-30T01:30:05+00:00\",\"mainEntityOfPage\":{\"@id\":\"https:\\\/\\\/interamerica.org\\\/fr\\\/2021\\\/01\\\/on-nest-pas-seul\\\/\"},\"wordCount\":939,\"image\":{\"@id\":\"https:\\\/\\\/interamerica.org\\\/fr\\\/2021\\\/01\\\/on-nest-pas-seul\\\/#primaryimage\"},\"thumbnailUrl\":\"https:\\\/\\\/interamerica.org\\\/wp-content\\\/uploads\\\/2021\\\/01\\\/wilson-jan29-french.jpg\",\"articleSection\":[\"Nouvelles de l'\u00c9glise mondiale\",\"RSS Fran\u00e7ais\"],\"inLanguage\":\"fr-FR\"},{\"@type\":\"WebPage\",\"@id\":\"https:\\\/\\\/interamerica.org\\\/fr\\\/2021\\\/01\\\/on-nest-pas-seul\\\/\",\"url\":\"https:\\\/\\\/interamerica.org\\\/fr\\\/2021\\\/01\\\/on-nest-pas-seul\\\/\",\"name\":\"On n'est pas seul - \u00c9glise Adventiste Du Septieme Jour - Inter Am\u00e9rique Division\",\"isPartOf\":{\"@id\":\"https:\\\/\\\/interamerica.org\\\/fr\\\/#website\"},\"primaryImageOfPage\":{\"@id\":\"https:\\\/\\\/interamerica.org\\\/fr\\\/2021\\\/01\\\/on-nest-pas-seul\\\/#primaryimage\"},\"image\":{\"@id\":\"https:\\\/\\\/interamerica.org\\\/fr\\\/2021\\\/01\\\/on-nest-pas-seul\\\/#primaryimage\"},\"thumbnailUrl\":\"https:\\\/\\\/interamerica.org\\\/wp-content\\\/uploads\\\/2021\\\/01\\\/wilson-jan29-french.jpg\",\"datePublished\":\"2021-01-29T12:00:59+00:00\",\"dateModified\":\"2021-01-30T01:30:05+00:00\",\"author\":{\"@id\":\"https:\\\/\\\/interamerica.org\\\/fr\\\/#\\\/schema\\\/person\\\/29998f2bc2d8bd0d38662909289b54f1\"},\"breadcrumb\":{\"@id\":\"https:\\\/\\\/interamerica.org\\\/fr\\\/2021\\\/01\\\/on-nest-pas-seul\\\/#breadcrumb\"},\"inLanguage\":\"fr-FR\",\"potentialAction\":[{\"@type\":\"ReadAction\",\"target\":[\"https:\\\/\\\/interamerica.org\\\/fr\\\/2021\\\/01\\\/on-nest-pas-seul\\\/\"]}]},{\"@type\":\"ImageObject\",\"inLanguage\":\"fr-FR\",\"@id\":\"https:\\\/\\\/interamerica.org\\\/fr\\\/2021\\\/01\\\/on-nest-pas-seul\\\/#primaryimage\",\"url\":\"https:\\\/\\\/interamerica.org\\\/wp-content\\\/uploads\\\/2021\\\/01\\\/wilson-jan29-french.jpg\",\"contentUrl\":\"https:\\\/\\\/interamerica.org\\\/wp-content\\\/uploads\\\/2021\\\/01\\\/wilson-jan29-french.jpg\",\"width\":1280,\"height\":800},{\"@type\":\"BreadcrumbList\",\"@id\":\"https:\\\/\\\/interamerica.org\\\/fr\\\/2021\\\/01\\\/on-nest-pas-seul\\\/#breadcrumb\",\"itemListElement\":[{\"@type\":\"ListItem\",\"position\":1,\"name\":\"Home\",\"item\":\"https:\\\/\\\/interamerica.org\\\/fr\\\/\"},{\"@type\":\"ListItem\",\"position\":2,\"name\":\"On n&rsquo;est pas seul\"}]},{\"@type\":\"WebSite\",\"@id\":\"https:\\\/\\\/interamerica.org\\\/fr\\\/#website\",\"url\":\"https:\\\/\\\/interamerica.org\\\/fr\\\/\",\"name\":\"\u00c9glise Adventiste Du Septieme Jour - Inter Am\u00e9rique Division\",\"description\":\"\",\"potentialAction\":[{\"@type\":\"SearchAction\",\"target\":{\"@type\":\"EntryPoint\",\"urlTemplate\":\"https:\\\/\\\/interamerica.org\\\/fr\\\/?s={search_term_string}\"},\"query-input\":{\"@type\":\"PropertyValueSpecification\",\"valueRequired\":true,\"valueName\":\"search_term_string\"}}],\"inLanguage\":\"fr-FR\"},{\"@type\":\"Person\",\"@id\":\"https:\\\/\\\/interamerica.org\\\/fr\\\/#\\\/schema\\\/person\\\/29998f2bc2d8bd0d38662909289b54f1\",\"name\":\"libna\",\"image\":{\"@type\":\"ImageObject\",\"inLanguage\":\"fr-FR\",\"@id\":\"https:\\\/\\\/secure.gravatar.com\\\/avatar\\\/7c5bd30ae4b47a9ba3c856590957fd1d96dc588bf3ac05719d247e126840331f?s=96&d=mm&r=g\",\"url\":\"https:\\\/\\\/secure.gravatar.com\\\/avatar\\\/7c5bd30ae4b47a9ba3c856590957fd1d96dc588bf3ac05719d247e126840331f?s=96&d=mm&r=g\",\"contentUrl\":\"https:\\\/\\\/secure.gravatar.com\\\/avatar\\\/7c5bd30ae4b47a9ba3c856590957fd1d96dc588bf3ac05719d247e126840331f?s=96&d=mm&r=g\",\"caption\":\"libna\"}}]}<\/script>\n<!-- \/ Yoast SEO plugin. -->","yoast_head_json":{"title":"On n'est pas seul - \u00c9glise Adventiste Du Septieme Jour - Inter Am\u00e9rique Division","robots":{"index":"index","follow":"follow","max-snippet":"max-snippet:-1","max-image-preview":"max-image-preview:large","max-video-preview":"max-video-preview:-1"},"canonical":"https:\/\/interamerica.org\/fr\/2021\/01\/on-nest-pas-seul\/","og_locale":"fr_FR","og_type":"article","og_title":"On n'est pas seul - \u00c9glise Adventiste Du Septieme Jour - Inter Am\u00e9rique Division","og_description":"29 janvier 2021 | Silver Spring, Maryland, \u00c9tats-Unis | Ted N.C. Wilson Salut, mes amis ! Vous \u00eates-vous d\u00e9j\u00e0 senti seul, comme si vous \u00e9tiez les seuls du c\u00f4t\u00e9 de...","og_url":"https:\/\/interamerica.org\/fr\/2021\/01\/on-nest-pas-seul\/","og_site_name":"\u00c9glise Adventiste Du Septieme Jour - Inter Am\u00e9rique Division","article_published_time":"2021-01-29T12:00:59+00:00","article_modified_time":"2021-01-30T01:30:05+00:00","og_image":[{"width":1280,"height":800,"url":"https:\/\/interamerica.org\/wp-content\/uploads\/2021\/01\/wilson-jan29-french.jpg","type":"image\/jpeg"}],"author":"libna","twitter_card":"summary_large_image","twitter_misc":{"\u00c9crit par":"libna","Dur\u00e9e de lecture estim\u00e9e":"4 minutes"},"schema":{"@context":"https:\/\/schema.org","@graph":[{"@type":"Article","@id":"https:\/\/interamerica.org\/fr\/2021\/01\/on-nest-pas-seul\/#article","isPartOf":{"@id":"https:\/\/interamerica.org\/fr\/2021\/01\/on-nest-pas-seul\/"},"author":{"name":"libna","@id":"https:\/\/interamerica.org\/fr\/#\/schema\/person\/29998f2bc2d8bd0d38662909289b54f1"},"headline":"On n&rsquo;est pas seul","datePublished":"2021-01-29T12:00:59+00:00","dateModified":"2021-01-30T01:30:05+00:00","mainEntityOfPage":{"@id":"https:\/\/interamerica.org\/fr\/2021\/01\/on-nest-pas-seul\/"},"wordCount":939,"image":{"@id":"https:\/\/interamerica.org\/fr\/2021\/01\/on-nest-pas-seul\/#primaryimage"},"thumbnailUrl":"https:\/\/interamerica.org\/wp-content\/uploads\/2021\/01\/wilson-jan29-french.jpg","articleSection":["Nouvelles de l'\u00c9glise mondiale","RSS Fran\u00e7ais"],"inLanguage":"fr-FR"},{"@type":"WebPage","@id":"https:\/\/interamerica.org\/fr\/2021\/01\/on-nest-pas-seul\/","url":"https:\/\/interamerica.org\/fr\/2021\/01\/on-nest-pas-seul\/","name":"On n'est pas seul - \u00c9glise Adventiste Du Septieme Jour - Inter Am\u00e9rique Division","isPartOf":{"@id":"https:\/\/interamerica.org\/fr\/#website"},"primaryImageOfPage":{"@id":"https:\/\/interamerica.org\/fr\/2021\/01\/on-nest-pas-seul\/#primaryimage"},"image":{"@id":"https:\/\/interamerica.org\/fr\/2021\/01\/on-nest-pas-seul\/#primaryimage"},"thumbnailUrl":"https:\/\/interamerica.org\/wp-content\/uploads\/2021\/01\/wilson-jan29-french.jpg","datePublished":"2021-01-29T12:00:59+00:00","dateModified":"2021-01-30T01:30:05+00:00","author":{"@id":"https:\/\/interamerica.org\/fr\/#\/schema\/person\/29998f2bc2d8bd0d38662909289b54f1"},"breadcrumb":{"@id":"https:\/\/interamerica.org\/fr\/2021\/01\/on-nest-pas-seul\/#breadcrumb"},"inLanguage":"fr-FR","potentialAction":[{"@type":"ReadAction","target":["https:\/\/interamerica.org\/fr\/2021\/01\/on-nest-pas-seul\/"]}]},{"@type":"ImageObject","inLanguage":"fr-FR","@id":"https:\/\/interamerica.org\/fr\/2021\/01\/on-nest-pas-seul\/#primaryimage","url":"https:\/\/interamerica.org\/wp-content\/uploads\/2021\/01\/wilson-jan29-french.jpg","contentUrl":"https:\/\/interamerica.org\/wp-content\/uploads\/2021\/01\/wilson-jan29-french.jpg","width":1280,"height":800},{"@type":"BreadcrumbList","@id":"https:\/\/interamerica.org\/fr\/2021\/01\/on-nest-pas-seul\/#breadcrumb","itemListElement":[{"@type":"ListItem","position":1,"name":"Home","item":"https:\/\/interamerica.org\/fr\/"},{"@type":"ListItem","position":2,"name":"On n&rsquo;est pas seul"}]},{"@type":"WebSite","@id":"https:\/\/interamerica.org\/fr\/#website","url":"https:\/\/interamerica.org\/fr\/","name":"\u00c9glise Adventiste Du Septieme Jour - Inter Am\u00e9rique Division","description":"","potentialAction":[{"@type":"SearchAction","target":{"@type":"EntryPoint","urlTemplate":"https:\/\/interamerica.org\/fr\/?s={search_term_string}"},"query-input":{"@type":"PropertyValueSpecification","valueRequired":true,"valueName":"search_term_string"}}],"inLanguage":"fr-FR"},{"@type":"Person","@id":"https:\/\/interamerica.org\/fr\/#\/schema\/person\/29998f2bc2d8bd0d38662909289b54f1","name":"libna","image":{"@type":"ImageObject","inLanguage":"fr-FR","@id":"https:\/\/secure.gravatar.com\/avatar\/7c5bd30ae4b47a9ba3c856590957fd1d96dc588bf3ac05719d247e126840331f?s=96&d=mm&r=g","url":"https:\/\/secure.gravatar.com\/avatar\/7c5bd30ae4b47a9ba3c856590957fd1d96dc588bf3ac05719d247e126840331f?s=96&d=mm&r=g","contentUrl":"https:\/\/secure.gravatar.com\/avatar\/7c5bd30ae4b47a9ba3c856590957fd1d96dc588bf3ac05719d247e126840331f?s=96&d=mm&r=g","caption":"libna"}}]}},"_links":{"self":[{"href":"https:\/\/interamerica.org\/fr\/wp-json\/wp\/v2\/posts\/66899","targetHints":{"allow":["GET"]}}],"collection":[{"href":"https:\/\/interamerica.org\/fr\/wp-json\/wp\/v2\/posts"}],"about":[{"href":"https:\/\/interamerica.org\/fr\/wp-json\/wp\/v2\/types\/post"}],"author":[{"embeddable":true,"href":"https:\/\/interamerica.org\/fr\/wp-json\/wp\/v2\/users\/3"}],"replies":[{"embeddable":true,"href":"https:\/\/interamerica.org\/fr\/wp-json\/wp\/v2\/comments?post=66899"}],"version-history":[{"count":0,"href":"https:\/\/interamerica.org\/fr\/wp-json\/wp\/v2\/posts\/66899\/revisions"}],"wp:featuredmedia":[{"embeddable":true,"href":"https:\/\/interamerica.org\/fr\/wp-json\/wp\/v2\/media\/66912"}],"wp:attachment":[{"href":"https:\/\/interamerica.org\/fr\/wp-json\/wp\/v2\/media?parent=66899"}],"wp:term":[{"taxonomy":"category","embeddable":true,"href":"https:\/\/interamerica.org\/fr\/wp-json\/wp\/v2\/categories?post=66899"},{"taxonomy":"post_tag","embeddable":true,"href":"https:\/\/interamerica.org\/fr\/wp-json\/wp\/v2\/tags?post=66899"}],"curies":[{"name":"wp","href":"https:\/\/api.w.org\/{rel}","templated":true}]}}