{"id":68846,"date":"2021-02-15T10:43:59","date_gmt":"2021-02-15T14:43:59","guid":{"rendered":"https:\/\/recursing-golick.147-182-135-0.plesk.page\/?p=68846"},"modified":"2021-02-16T10:45:21","modified_gmt":"2021-02-16T14:45:21","slug":"le-temoignage-silencieux-dun-garde-du-corps-contribue-a-la-conversion-dun-commandant","status":"publish","type":"post","link":"https:\/\/interamerica.org\/fr\/2021\/02\/le-temoignage-silencieux-dun-garde-du-corps-contribue-a-la-conversion-dun-commandant\/","title":{"rendered":"Le t\u00e9moignage silencieux d\u2019un garde du corps contribue \u00e0 la conversion d\u2019un commandant"},"content":{"rendered":"<p><time>13 F\u00e9vrier 2021<\/time><\/p>\n<p><span class=\"byline-news\">Par : Diamantino Sawambo, Division de l\u2019Afrique Australe et de l\u2019Oc\u00e9an Indien et\u00a0<em>Adventist Review<\/em><\/span><\/p>\n<p><span class=\"cap\">R<\/span>ester fid\u00e8le aux principes bibliques pendant son service militaire peut s\u2019av\u00e9rer \u00eatre l\u2019un des d\u00e9fis les plus importants auxquels un chr\u00e9tien doit faire face en temps de guerre. La difficult\u00e9 est encore plus remarquable lorsqu\u2019on fait partie d\u2019une arm\u00e9e de gu\u00e9rilla. C\u2019est la situation dans laquelle un jeune homme nomm\u00e9 Abra\u00e3o, \u00e9galement connu sous le nom de \u00ab 24, \u00bb s\u2019est retrouv\u00e9 en Angola.<\/p>\n<p>Pourtant, il est rest\u00e9 fid\u00e8le \u00e0 ses principes.<\/p>\n<p>En 1993, alors qu\u2019il n\u2019avait que 17 ans, Abra\u00e3o a \u00e9t\u00e9 recrut\u00e9 dans l\u2019arm\u00e9e. Il \u00e9tait en poste dans la ville de Huambo, en Angola ; une ville sous l\u2019occupation de l\u2019Union Nationale pour l\u2019Ind\u00e9pendance Totale de l\u2019Angola (UNITA). Apr\u00e8s avoir suivi la formation requise, cet ancien r\u00e9sident de Calomanda Square a \u00e9t\u00e9 plac\u00e9 dans l\u2019unit\u00e9 antichar des Forces Arm\u00e9es de Lib\u00e9ration de l\u2019Angola (FALA), aujourd\u2019hui disparues. C\u2019\u00e9tait la branche arm\u00e9e de l\u2019UNITA, l\u2019un des plus grands partis politiques de ce pays africain.<\/p>\n<p><div id=\"attachment_68837\" style=\"width: 810px\" class=\"wp-caption aligncenter\"><img fetchpriority=\"high\" decoding=\"async\" aria-describedby=\"caption-attachment-68837\" class=\" wp-image-68837\" src=\"https:\/\/recursing-golick.147-182-135-0.plesk.page\/wp-content\/uploads\/2021\/02\/bodyguards-silent-witness-helps-convert-commanding-officer1.jpg\" alt=\"\" width=\"800\" height=\"400\" srcset=\"https:\/\/interamerica.org\/wp-content\/uploads\/2021\/02\/bodyguards-silent-witness-helps-convert-commanding-officer1.jpg 1000w, https:\/\/interamerica.org\/wp-content\/uploads\/2021\/02\/bodyguards-silent-witness-helps-convert-commanding-officer1-300x150.jpg 300w, https:\/\/interamerica.org\/wp-content\/uploads\/2021\/02\/bodyguards-silent-witness-helps-convert-commanding-officer1-768x384.jpg 768w\" sizes=\"(max-width: 800px) 100vw, 800px\" \/><p id=\"caption-attachment-68837\" class=\"wp-caption-text\">L\u2019ancien commandant angolais, Tito Carlos Lineha, est devenu un adventiste du septi\u00e8me jour gr\u00e2ce au t\u00e9moignage silencieux de l\u2019un de ses gardes du corps. [Photo : avec l\u2019aimable autorisation de Michelo Mulambo, Division de l\u2019Afrique Australe et de l\u2019Oc\u00e9an Indien]<\/p><\/div>A son arriv\u00e9e, 24 a \u00e9t\u00e9 nomm\u00e9 garde du corps du commandant, Tito Carlos Lineha. Le fait d\u2019\u00eatre dans le camp comportait ses propres difficult\u00e9s pour 24, et le fait d\u2019\u00eatre adventiste du septi\u00e8me jour dans un tel environnement \u00e9tait probl\u00e9matique. On se moquait de l\u2019agent 24 parce qu\u2019il ne mangeait pas de porc et on le ridiculisait parce qu\u2019il refusait de travailler le samedi, le sabbat biblique.<\/p>\n<p>Le jeune adventiste ne s\u2019est pas laiss\u00e9 affect\u00e9 par la moquerie. D\u00e9termin\u00e9 \u00e0 \u00eatre \u00ab fid\u00e8le jusqu\u2019\u00e0 la mort, \u00bb il menait sa vie de la m\u00eame mani\u00e8re qu\u2019il le faisait avant son recrutement, demeurant fid\u00e8le aux valeurs qui lui avaient \u00e9t\u00e9 inculqu\u00e9es d\u00e8s son plus jeune \u00e2ge. Le comportement d\u2019Abra\u00e3o n\u2019est pas pass\u00e9 inaper\u00e7u et il a fini par gagner le respect de ses coll\u00e8gues.<\/p>\n<p>\u00c0 ce moment-l\u00e0, il ne se doutait pas que sa vie \u00e9tait devenue un \u00ab sermon ambulant \u00bb pour ses coll\u00e8gues et son patron. Silencieusement, le commandant Lineha avait observ\u00e9 comment Abra\u00e3o menait sa vie.<\/p>\n<p>Un incident en particulier lui laissera une impression durable. Le commandant Lineha a d\u00fb partir et passer un an en France. Avant son d\u00e9part, il a laiss\u00e9 des effets personnels sous la garde de 24. Il y avait notamment dans ses effets, de l\u2019argent et du dentifrice. \u00c0 son retour, Carlos Lineha fut surpris de tout retrouver tel qu\u2019il l\u2019avait laiss\u00e9. M\u00eame le tube de dentifrice \u00e9tait intact. Ces petits d\u00e9tails ont \u00e9t\u00e9 le d\u00e9but d\u2019un fr\u00e9missement dans son c\u0153ur qui conduirait plus tard \u00e0 sa conversion.<\/p>\n<p>\u00ab Ce qui m\u2019a le plus touch\u00e9, c\u2019est qu\u2019apr\u00e8s autant de mois pass\u00e9s loin de chez moi, j\u2019ai retrouv\u00e9 l\u2019argent et le dentifrice comme je les avais laiss\u00e9s, \u00bb a avou\u00e9 Carlos Lineha. \u00ab C\u2019est quelque chose qui a fait naitre en moi le d\u00e9sir de me joindre \u00e0 l\u2019\u00e9glise de 24. \u00bb Depuis ce jour-l\u00e0, le commandant Lineha a commenc\u00e9 \u00e0 lui donner un peu plus de libert\u00e9 et \u00e0 le traiter diff\u00e9remment. Avec la fin de la guerre en 2002, les deux se sont s\u00e9par\u00e9s.<\/p>\n<p>Des ann\u00e9es plus tard, quelqu\u2019un a invit\u00e9 Carlos Lineha \u00e0 une s\u00e9rie de conf\u00e9rences bibliques. \u00ab J\u2019y suis all\u00e9 avec plaisir parce que c\u2019\u00e9tait l\u2019\u00e9glise de 24, \u00bb a-t-il expliqu\u00e9. Carlos Lineha a \u00e9t\u00e9 baptis\u00e9 en septembre 2009 et est devenu membre de l\u2019\u00c9glise adventiste, mais pendant des ann\u00e9es, il a perdu le contact avec son ancien garde du corps. Ils se sont finalement rencontr\u00e9s \u00e0 nouveau en 2020.<\/p>\n<p>\u00ab Je suis all\u00e9 le voir, \u00bb a dit Carlos Lineha. \u00ab Je voulais m\u2019excuser pour les \u00e9ventuels mauvais traitements qu\u2019il aurait pu subir alors qu\u2019il \u00e9tait \u00e0 mon service. \u00bb<\/p>\n<p>Carlos Lineha est actuellement le premier ancien de la congr\u00e9gation de Philadelphie, l\u2019une des trois \u00e9glises adventistes les plus importantes de Menongue. Gr\u00e2ce \u00e0 son influence, quatre personnes ont accept\u00e9 Christ comme leur Sauveur personnel. \u00ab Maintenant, je veux participer \u00e0 la proclamation de ce message aupr\u00e8s des autres, \u00bb a-t-il d\u00e9clar\u00e9.<\/p>\n<p><em>La\u00a0<\/em><a href=\"https:\/\/echo.sid.adventist.org\/a-military-bodyguard-converts-his-supervisor\/\" target=\"_blank\" rel=\"noopener\"><em>version originale<\/em><\/a><em>\u00a0de cette histoire a \u00e9t\u00e9 publi\u00e9e sur le\u00a0<\/em><a href=\"https:\/\/echo.sid.adventist.org\/\" target=\"_blank\" rel=\"noopener\"><em>site d\u2019informations <\/em><\/a><em>de la Division de l\u2019Afrique Australe et de l\u2019Oc\u00e9an Indien.<\/em><\/p>\n<p>Traduction: Patrick Luciathe<\/p>\n","protected":false},"excerpt":{"rendered":"<p>13 F\u00e9vrier 2021 Par : Diamantino Sawambo, Division de l\u2019Afrique Australe et de l\u2019Oc\u00e9an Indien et\u00a0Adventist Review Rester fid\u00e8le aux principes bibliques pendant son service militaire peut s\u2019av\u00e9rer \u00eatre l\u2019un&#8230;<\/p>\n","protected":false},"author":3,"featured_media":68838,"comment_status":"closed","ping_status":"closed","sticky":false,"template":"","format":"standard","meta":{"_acf_changed":false,"footnotes":""},"categories":[18,19],"tags":[],"class_list":["post-68846","post","type-post","status-publish","format-standard","has-post-thumbnail","hentry","category-nouvelles-de-leglise-mondiale","category-rss-francais"],"acf":[],"yoast_head":"<!-- This site is optimized with the Yoast SEO plugin v27.3 - https:\/\/yoast.com\/product\/yoast-seo-wordpress\/ -->\n<title>Le t\u00e9moignage silencieux d\u2019un garde du corps contribue \u00e0 la conversion d\u2019un commandant - \u00c9glise Adventiste Du Septieme Jour - Inter Am\u00e9rique Division<\/title>\n<meta name=\"robots\" content=\"index, follow, max-snippet:-1, max-image-preview:large, max-video-preview:-1\" \/>\n<link rel=\"canonical\" href=\"https:\/\/interamerica.org\/fr\/2021\/02\/le-temoignage-silencieux-dun-garde-du-corps-contribue-a-la-conversion-dun-commandant\/\" \/>\n<meta property=\"og:locale\" content=\"fr_FR\" \/>\n<meta property=\"og:type\" content=\"article\" \/>\n<meta property=\"og:title\" content=\"Le t\u00e9moignage silencieux d\u2019un garde du corps contribue \u00e0 la conversion d\u2019un commandant - \u00c9glise Adventiste Du Septieme Jour - Inter Am\u00e9rique Division\" \/>\n<meta property=\"og:description\" content=\"13 F\u00e9vrier 2021 Par : Diamantino Sawambo, Division de l\u2019Afrique Australe et de l\u2019Oc\u00e9an Indien et\u00a0Adventist Review Rester fid\u00e8le aux principes bibliques pendant son service militaire peut s\u2019av\u00e9rer \u00eatre l\u2019un...\" \/>\n<meta property=\"og:url\" content=\"https:\/\/interamerica.org\/fr\/2021\/02\/le-temoignage-silencieux-dun-garde-du-corps-contribue-a-la-conversion-dun-commandant\/\" \/>\n<meta property=\"og:site_name\" content=\"\u00c9glise Adventiste Du Septieme Jour - Inter Am\u00e9rique Division\" \/>\n<meta property=\"article:published_time\" content=\"2021-02-15T14:43:59+00:00\" \/>\n<meta property=\"article:modified_time\" content=\"2021-02-16T14:45:21+00:00\" \/>\n<meta property=\"og:image\" content=\"https:\/\/interamerica.org\/wp-content\/uploads\/2021\/02\/bodyguards-silent-witness-helps-convert-commanding-officer1.jpg\" \/>\n\t<meta property=\"og:image:width\" content=\"1000\" \/>\n\t<meta property=\"og:image:height\" content=\"500\" \/>\n\t<meta property=\"og:image:type\" content=\"image\/jpeg\" \/>\n<meta name=\"author\" content=\"libna\" \/>\n<meta name=\"twitter:card\" content=\"summary_large_image\" \/>\n<meta name=\"twitter:label1\" content=\"\u00c9crit par\" \/>\n\t<meta name=\"twitter:data1\" content=\"libna\" \/>\n\t<meta name=\"twitter:label2\" content=\"Dur\u00e9e de lecture estim\u00e9e\" \/>\n\t<meta name=\"twitter:data2\" content=\"4 minutes\" \/>\n<script type=\"application\/ld+json\" class=\"yoast-schema-graph\">{\"@context\":\"https:\\\/\\\/schema.org\",\"@graph\":[{\"@type\":\"Article\",\"@id\":\"https:\\\/\\\/interamerica.org\\\/fr\\\/2021\\\/02\\\/le-temoignage-silencieux-dun-garde-du-corps-contribue-a-la-conversion-dun-commandant\\\/#article\",\"isPartOf\":{\"@id\":\"https:\\\/\\\/interamerica.org\\\/fr\\\/2021\\\/02\\\/le-temoignage-silencieux-dun-garde-du-corps-contribue-a-la-conversion-dun-commandant\\\/\"},\"author\":{\"name\":\"libna\",\"@id\":\"https:\\\/\\\/interamerica.org\\\/fr\\\/#\\\/schema\\\/person\\\/29998f2bc2d8bd0d38662909289b54f1\"},\"headline\":\"Le t\u00e9moignage silencieux d\u2019un garde du corps contribue \u00e0 la conversion d\u2019un commandant\",\"datePublished\":\"2021-02-15T14:43:59+00:00\",\"dateModified\":\"2021-02-16T14:45:21+00:00\",\"mainEntityOfPage\":{\"@id\":\"https:\\\/\\\/interamerica.org\\\/fr\\\/2021\\\/02\\\/le-temoignage-silencieux-dun-garde-du-corps-contribue-a-la-conversion-dun-commandant\\\/\"},\"wordCount\":828,\"image\":{\"@id\":\"https:\\\/\\\/interamerica.org\\\/fr\\\/2021\\\/02\\\/le-temoignage-silencieux-dun-garde-du-corps-contribue-a-la-conversion-dun-commandant\\\/#primaryimage\"},\"thumbnailUrl\":\"https:\\\/\\\/interamerica.org\\\/wp-content\\\/uploads\\\/2021\\\/02\\\/bodyguards-silent-witness-helps-convert-commanding-officer1.jpg\",\"articleSection\":[\"Nouvelles de l'\u00c9glise mondiale\",\"RSS Fran\u00e7ais\"],\"inLanguage\":\"fr-FR\"},{\"@type\":\"WebPage\",\"@id\":\"https:\\\/\\\/interamerica.org\\\/fr\\\/2021\\\/02\\\/le-temoignage-silencieux-dun-garde-du-corps-contribue-a-la-conversion-dun-commandant\\\/\",\"url\":\"https:\\\/\\\/interamerica.org\\\/fr\\\/2021\\\/02\\\/le-temoignage-silencieux-dun-garde-du-corps-contribue-a-la-conversion-dun-commandant\\\/\",\"name\":\"Le t\u00e9moignage silencieux d\u2019un garde du corps contribue \u00e0 la conversion d\u2019un commandant - \u00c9glise Adventiste Du Septieme Jour - Inter Am\u00e9rique Division\",\"isPartOf\":{\"@id\":\"https:\\\/\\\/interamerica.org\\\/fr\\\/#website\"},\"primaryImageOfPage\":{\"@id\":\"https:\\\/\\\/interamerica.org\\\/fr\\\/2021\\\/02\\\/le-temoignage-silencieux-dun-garde-du-corps-contribue-a-la-conversion-dun-commandant\\\/#primaryimage\"},\"image\":{\"@id\":\"https:\\\/\\\/interamerica.org\\\/fr\\\/2021\\\/02\\\/le-temoignage-silencieux-dun-garde-du-corps-contribue-a-la-conversion-dun-commandant\\\/#primaryimage\"},\"thumbnailUrl\":\"https:\\\/\\\/interamerica.org\\\/wp-content\\\/uploads\\\/2021\\\/02\\\/bodyguards-silent-witness-helps-convert-commanding-officer1.jpg\",\"datePublished\":\"2021-02-15T14:43:59+00:00\",\"dateModified\":\"2021-02-16T14:45:21+00:00\",\"author\":{\"@id\":\"https:\\\/\\\/interamerica.org\\\/fr\\\/#\\\/schema\\\/person\\\/29998f2bc2d8bd0d38662909289b54f1\"},\"breadcrumb\":{\"@id\":\"https:\\\/\\\/interamerica.org\\\/fr\\\/2021\\\/02\\\/le-temoignage-silencieux-dun-garde-du-corps-contribue-a-la-conversion-dun-commandant\\\/#breadcrumb\"},\"inLanguage\":\"fr-FR\",\"potentialAction\":[{\"@type\":\"ReadAction\",\"target\":[\"https:\\\/\\\/interamerica.org\\\/fr\\\/2021\\\/02\\\/le-temoignage-silencieux-dun-garde-du-corps-contribue-a-la-conversion-dun-commandant\\\/\"]}]},{\"@type\":\"ImageObject\",\"inLanguage\":\"fr-FR\",\"@id\":\"https:\\\/\\\/interamerica.org\\\/fr\\\/2021\\\/02\\\/le-temoignage-silencieux-dun-garde-du-corps-contribue-a-la-conversion-dun-commandant\\\/#primaryimage\",\"url\":\"https:\\\/\\\/interamerica.org\\\/wp-content\\\/uploads\\\/2021\\\/02\\\/bodyguards-silent-witness-helps-convert-commanding-officer1.jpg\",\"contentUrl\":\"https:\\\/\\\/interamerica.org\\\/wp-content\\\/uploads\\\/2021\\\/02\\\/bodyguards-silent-witness-helps-convert-commanding-officer1.jpg\",\"width\":1000,\"height\":500,\"caption\":\"Angolan former commanding officer Tito Carlos Lineha became a Seventh-day Adventist thanks to the silent witness of one of his bodyguards. [Photo: courtesy of Michelo Mulambo, Southern Africa-Indian Ocean Division News]\"},{\"@type\":\"BreadcrumbList\",\"@id\":\"https:\\\/\\\/interamerica.org\\\/fr\\\/2021\\\/02\\\/le-temoignage-silencieux-dun-garde-du-corps-contribue-a-la-conversion-dun-commandant\\\/#breadcrumb\",\"itemListElement\":[{\"@type\":\"ListItem\",\"position\":1,\"name\":\"Home\",\"item\":\"https:\\\/\\\/interamerica.org\\\/fr\\\/\"},{\"@type\":\"ListItem\",\"position\":2,\"name\":\"Le t\u00e9moignage silencieux d\u2019un garde du corps contribue \u00e0 la conversion d\u2019un commandant\"}]},{\"@type\":\"WebSite\",\"@id\":\"https:\\\/\\\/interamerica.org\\\/fr\\\/#website\",\"url\":\"https:\\\/\\\/interamerica.org\\\/fr\\\/\",\"name\":\"\u00c9glise Adventiste Du Septieme Jour - Inter Am\u00e9rique Division\",\"description\":\"\",\"potentialAction\":[{\"@type\":\"SearchAction\",\"target\":{\"@type\":\"EntryPoint\",\"urlTemplate\":\"https:\\\/\\\/interamerica.org\\\/fr\\\/?s={search_term_string}\"},\"query-input\":{\"@type\":\"PropertyValueSpecification\",\"valueRequired\":true,\"valueName\":\"search_term_string\"}}],\"inLanguage\":\"fr-FR\"},{\"@type\":\"Person\",\"@id\":\"https:\\\/\\\/interamerica.org\\\/fr\\\/#\\\/schema\\\/person\\\/29998f2bc2d8bd0d38662909289b54f1\",\"name\":\"libna\",\"image\":{\"@type\":\"ImageObject\",\"inLanguage\":\"fr-FR\",\"@id\":\"https:\\\/\\\/secure.gravatar.com\\\/avatar\\\/7c5bd30ae4b47a9ba3c856590957fd1d96dc588bf3ac05719d247e126840331f?s=96&d=mm&r=g\",\"url\":\"https:\\\/\\\/secure.gravatar.com\\\/avatar\\\/7c5bd30ae4b47a9ba3c856590957fd1d96dc588bf3ac05719d247e126840331f?s=96&d=mm&r=g\",\"contentUrl\":\"https:\\\/\\\/secure.gravatar.com\\\/avatar\\\/7c5bd30ae4b47a9ba3c856590957fd1d96dc588bf3ac05719d247e126840331f?s=96&d=mm&r=g\",\"caption\":\"libna\"}}]}<\/script>\n<!-- \/ Yoast SEO plugin. -->","yoast_head_json":{"title":"Le t\u00e9moignage silencieux d\u2019un garde du corps contribue \u00e0 la conversion d\u2019un commandant - \u00c9glise Adventiste Du Septieme Jour - Inter Am\u00e9rique Division","robots":{"index":"index","follow":"follow","max-snippet":"max-snippet:-1","max-image-preview":"max-image-preview:large","max-video-preview":"max-video-preview:-1"},"canonical":"https:\/\/interamerica.org\/fr\/2021\/02\/le-temoignage-silencieux-dun-garde-du-corps-contribue-a-la-conversion-dun-commandant\/","og_locale":"fr_FR","og_type":"article","og_title":"Le t\u00e9moignage silencieux d\u2019un garde du corps contribue \u00e0 la conversion d\u2019un commandant - \u00c9glise Adventiste Du Septieme Jour - Inter Am\u00e9rique Division","og_description":"13 F\u00e9vrier 2021 Par : Diamantino Sawambo, Division de l\u2019Afrique Australe et de l\u2019Oc\u00e9an Indien et\u00a0Adventist Review Rester fid\u00e8le aux principes bibliques pendant son service militaire peut s\u2019av\u00e9rer \u00eatre l\u2019un...","og_url":"https:\/\/interamerica.org\/fr\/2021\/02\/le-temoignage-silencieux-dun-garde-du-corps-contribue-a-la-conversion-dun-commandant\/","og_site_name":"\u00c9glise Adventiste Du Septieme Jour - Inter Am\u00e9rique Division","article_published_time":"2021-02-15T14:43:59+00:00","article_modified_time":"2021-02-16T14:45:21+00:00","og_image":[{"width":1000,"height":500,"url":"https:\/\/interamerica.org\/wp-content\/uploads\/2021\/02\/bodyguards-silent-witness-helps-convert-commanding-officer1.jpg","type":"image\/jpeg"}],"author":"libna","twitter_card":"summary_large_image","twitter_misc":{"\u00c9crit par":"libna","Dur\u00e9e de lecture estim\u00e9e":"4 minutes"},"schema":{"@context":"https:\/\/schema.org","@graph":[{"@type":"Article","@id":"https:\/\/interamerica.org\/fr\/2021\/02\/le-temoignage-silencieux-dun-garde-du-corps-contribue-a-la-conversion-dun-commandant\/#article","isPartOf":{"@id":"https:\/\/interamerica.org\/fr\/2021\/02\/le-temoignage-silencieux-dun-garde-du-corps-contribue-a-la-conversion-dun-commandant\/"},"author":{"name":"libna","@id":"https:\/\/interamerica.org\/fr\/#\/schema\/person\/29998f2bc2d8bd0d38662909289b54f1"},"headline":"Le t\u00e9moignage silencieux d\u2019un garde du corps contribue \u00e0 la conversion d\u2019un commandant","datePublished":"2021-02-15T14:43:59+00:00","dateModified":"2021-02-16T14:45:21+00:00","mainEntityOfPage":{"@id":"https:\/\/interamerica.org\/fr\/2021\/02\/le-temoignage-silencieux-dun-garde-du-corps-contribue-a-la-conversion-dun-commandant\/"},"wordCount":828,"image":{"@id":"https:\/\/interamerica.org\/fr\/2021\/02\/le-temoignage-silencieux-dun-garde-du-corps-contribue-a-la-conversion-dun-commandant\/#primaryimage"},"thumbnailUrl":"https:\/\/interamerica.org\/wp-content\/uploads\/2021\/02\/bodyguards-silent-witness-helps-convert-commanding-officer1.jpg","articleSection":["Nouvelles de l'\u00c9glise mondiale","RSS Fran\u00e7ais"],"inLanguage":"fr-FR"},{"@type":"WebPage","@id":"https:\/\/interamerica.org\/fr\/2021\/02\/le-temoignage-silencieux-dun-garde-du-corps-contribue-a-la-conversion-dun-commandant\/","url":"https:\/\/interamerica.org\/fr\/2021\/02\/le-temoignage-silencieux-dun-garde-du-corps-contribue-a-la-conversion-dun-commandant\/","name":"Le t\u00e9moignage silencieux d\u2019un garde du corps contribue \u00e0 la conversion d\u2019un commandant - \u00c9glise Adventiste Du Septieme Jour - Inter Am\u00e9rique Division","isPartOf":{"@id":"https:\/\/interamerica.org\/fr\/#website"},"primaryImageOfPage":{"@id":"https:\/\/interamerica.org\/fr\/2021\/02\/le-temoignage-silencieux-dun-garde-du-corps-contribue-a-la-conversion-dun-commandant\/#primaryimage"},"image":{"@id":"https:\/\/interamerica.org\/fr\/2021\/02\/le-temoignage-silencieux-dun-garde-du-corps-contribue-a-la-conversion-dun-commandant\/#primaryimage"},"thumbnailUrl":"https:\/\/interamerica.org\/wp-content\/uploads\/2021\/02\/bodyguards-silent-witness-helps-convert-commanding-officer1.jpg","datePublished":"2021-02-15T14:43:59+00:00","dateModified":"2021-02-16T14:45:21+00:00","author":{"@id":"https:\/\/interamerica.org\/fr\/#\/schema\/person\/29998f2bc2d8bd0d38662909289b54f1"},"breadcrumb":{"@id":"https:\/\/interamerica.org\/fr\/2021\/02\/le-temoignage-silencieux-dun-garde-du-corps-contribue-a-la-conversion-dun-commandant\/#breadcrumb"},"inLanguage":"fr-FR","potentialAction":[{"@type":"ReadAction","target":["https:\/\/interamerica.org\/fr\/2021\/02\/le-temoignage-silencieux-dun-garde-du-corps-contribue-a-la-conversion-dun-commandant\/"]}]},{"@type":"ImageObject","inLanguage":"fr-FR","@id":"https:\/\/interamerica.org\/fr\/2021\/02\/le-temoignage-silencieux-dun-garde-du-corps-contribue-a-la-conversion-dun-commandant\/#primaryimage","url":"https:\/\/interamerica.org\/wp-content\/uploads\/2021\/02\/bodyguards-silent-witness-helps-convert-commanding-officer1.jpg","contentUrl":"https:\/\/interamerica.org\/wp-content\/uploads\/2021\/02\/bodyguards-silent-witness-helps-convert-commanding-officer1.jpg","width":1000,"height":500,"caption":"Angolan former commanding officer Tito Carlos Lineha became a Seventh-day Adventist thanks to the silent witness of one of his bodyguards. [Photo: courtesy of Michelo Mulambo, Southern Africa-Indian Ocean Division News]"},{"@type":"BreadcrumbList","@id":"https:\/\/interamerica.org\/fr\/2021\/02\/le-temoignage-silencieux-dun-garde-du-corps-contribue-a-la-conversion-dun-commandant\/#breadcrumb","itemListElement":[{"@type":"ListItem","position":1,"name":"Home","item":"https:\/\/interamerica.org\/fr\/"},{"@type":"ListItem","position":2,"name":"Le t\u00e9moignage silencieux d\u2019un garde du corps contribue \u00e0 la conversion d\u2019un commandant"}]},{"@type":"WebSite","@id":"https:\/\/interamerica.org\/fr\/#website","url":"https:\/\/interamerica.org\/fr\/","name":"\u00c9glise Adventiste Du Septieme Jour - Inter Am\u00e9rique Division","description":"","potentialAction":[{"@type":"SearchAction","target":{"@type":"EntryPoint","urlTemplate":"https:\/\/interamerica.org\/fr\/?s={search_term_string}"},"query-input":{"@type":"PropertyValueSpecification","valueRequired":true,"valueName":"search_term_string"}}],"inLanguage":"fr-FR"},{"@type":"Person","@id":"https:\/\/interamerica.org\/fr\/#\/schema\/person\/29998f2bc2d8bd0d38662909289b54f1","name":"libna","image":{"@type":"ImageObject","inLanguage":"fr-FR","@id":"https:\/\/secure.gravatar.com\/avatar\/7c5bd30ae4b47a9ba3c856590957fd1d96dc588bf3ac05719d247e126840331f?s=96&d=mm&r=g","url":"https:\/\/secure.gravatar.com\/avatar\/7c5bd30ae4b47a9ba3c856590957fd1d96dc588bf3ac05719d247e126840331f?s=96&d=mm&r=g","contentUrl":"https:\/\/secure.gravatar.com\/avatar\/7c5bd30ae4b47a9ba3c856590957fd1d96dc588bf3ac05719d247e126840331f?s=96&d=mm&r=g","caption":"libna"}}]}},"_links":{"self":[{"href":"https:\/\/interamerica.org\/fr\/wp-json\/wp\/v2\/posts\/68846","targetHints":{"allow":["GET"]}}],"collection":[{"href":"https:\/\/interamerica.org\/fr\/wp-json\/wp\/v2\/posts"}],"about":[{"href":"https:\/\/interamerica.org\/fr\/wp-json\/wp\/v2\/types\/post"}],"author":[{"embeddable":true,"href":"https:\/\/interamerica.org\/fr\/wp-json\/wp\/v2\/users\/3"}],"replies":[{"embeddable":true,"href":"https:\/\/interamerica.org\/fr\/wp-json\/wp\/v2\/comments?post=68846"}],"version-history":[{"count":0,"href":"https:\/\/interamerica.org\/fr\/wp-json\/wp\/v2\/posts\/68846\/revisions"}],"wp:featuredmedia":[{"embeddable":true,"href":"https:\/\/interamerica.org\/fr\/wp-json\/wp\/v2\/media\/68838"}],"wp:attachment":[{"href":"https:\/\/interamerica.org\/fr\/wp-json\/wp\/v2\/media?parent=68846"}],"wp:term":[{"taxonomy":"category","embeddable":true,"href":"https:\/\/interamerica.org\/fr\/wp-json\/wp\/v2\/categories?post=68846"},{"taxonomy":"post_tag","embeddable":true,"href":"https:\/\/interamerica.org\/fr\/wp-json\/wp\/v2\/tags?post=68846"}],"curies":[{"name":"wp","href":"https:\/\/api.w.org\/{rel}","templated":true}]}}