{"id":68901,"date":"2021-02-16T20:44:15","date_gmt":"2021-02-17T00:44:15","guid":{"rendered":"https:\/\/recursing-golick.147-182-135-0.plesk.page\/?p=68901"},"modified":"2021-02-17T10:22:48","modified_gmt":"2021-02-17T14:22:48","slug":"a-sainte-croix-leglise-adventiste-va-commencer-un-ministere-radiophonique-avec-lacquisition-dune-nouvelle-station","status":"publish","type":"post","link":"https:\/\/interamerica.org\/fr\/2021\/02\/a-sainte-croix-leglise-adventiste-va-commencer-un-ministere-radiophonique-avec-lacquisition-dune-nouvelle-station\/","title":{"rendered":"\u00c0 Sainte-Croix, l\u2019\u00c9glise adventiste va commencer un minist\u00e8re radiophonique avec l\u2019acquisition d\u2019une nouvelle station"},"content":{"rendered":"<p><div id=\"attachment_68891\" style=\"width: 809px\" class=\"wp-caption aligncenter\"><img fetchpriority=\"high\" decoding=\"async\" aria-describedby=\"caption-attachment-68891\" class=\"wp-image-68891\" src=\"https:\/\/recursing-golick.147-182-135-0.plesk.page\/wp-content\/uploads\/2021\/02\/ncc-wgod-new-station.jpg\" alt=\"\" width=\"799\" height=\"599\" srcset=\"https:\/\/interamerica.org\/wp-content\/uploads\/2021\/02\/ncc-wgod-new-station.jpg 950w, https:\/\/interamerica.org\/wp-content\/uploads\/2021\/02\/ncc-wgod-new-station-300x225.jpg 300w, https:\/\/interamerica.org\/wp-content\/uploads\/2021\/02\/ncc-wgod-new-station-768x576.jpg 768w\" sizes=\"(max-width: 799px) 100vw, 799px\" \/><p id=\"caption-attachment-68891\" class=\"wp-caption-text\">Le site de la station de radio WGOD 97.9 FM \u00e0 North Side \u00e0 St. Thomas. La F\u00e9d\u00e9ration du Nord de la Cara\u00efbe a r\u00e9cemment achet\u00e9 la station en partenariat avec Adventist World Radio (Radio Adventiste Mondiale) afin d\u2019exercer un minist\u00e8re aupr\u00e8s des plus de 250000 personnes vivant dans les 13 \u00eeles des \u00eeles Vierges Britanniques, des \u00eeles Vierges Am\u00e9ricaines ainsi que dans les \u00eeles avoisinantes, en leur pr\u00e9sentant le message de l\u2019\u00e9vangile. [Photo : Royston Philbert \/ NCC]<\/p><\/div>16 F\u00e9vrier 2021 | St. Croix, \u00celes Vierges Am\u00e9ricaines | Personnel de la NCC et P\u00f4le Informations de la Division Inter Am\u00e9ricaine<\/p>\n<p>L\u2019\u00c9glise adventiste du septi\u00e8me jour dans la F\u00e9d\u00e9ration du Nord de la Cara\u00efbe (NCC), qui supervise un ensemble d\u2019\u00eeles dans les \u00eeles Vierges Britanniques et Am\u00e9ricaines, a r\u00e9cemment annonc\u00e9 l\u2019achat d\u2019une station de radio gr\u00e2ce \u00e0 un partenariat avec la Radio Adventiste Mondiale. En tant que nouveau propri\u00e9taire de WGOD 97.9 FM, l\u2019\u00e9glise sera bient\u00f4t en mesure de lancer un minist\u00e8re radiophonique de meilleure qualit\u00e9, ont d\u00e9clar\u00e9 les dirigeants de l\u2019\u00e9glise.<\/p>\n<p>\u00ab Cette acquisition n\u2019aurait pas pu arriver \u00e0 un moment plus opportun, alors que l\u2019\u00e9glise dans la F\u00e9d\u00e9ration du Nord de la Cara\u00efbe r\u00e9organise son minist\u00e8re des m\u00e9dias afin qu\u2019il soit plus diversifi\u00e9, plus inclusif et plus pertinent alors que nous int\u00e9grons l\u2019urgence de la proclamation de notre message et de l\u2019accomplissement puissant de votre mission, \u00bb a d\u00e9clar\u00e9 pasteur Desmond James, pr\u00e9sident de l\u2019\u00c9glise adventiste dans la F\u00e9d\u00e9ration du Nord de la Cara\u00efbe. C&rsquo;est une extraordinaire r\u00e9alisation pour l\u2019\u00e9glise et nous faisons tout ce que nous pouvons alors que nous avan\u00e7ons sous la direction de Dieu. \u00bb<\/p>\n<p>WGOD-FM, qui est la station de radio enregistr\u00e9e \u00e0 Charlotte Amalie, \u00e0 St. Thomas, dans les \u00eeles Vierges Am\u00e9ricaines, appartenait \u00e0 la Three Angels Broadcasting Company (Soci\u00e9t\u00e9 de Diffusion des Trois Anges) et \u00e0 M. Reynold Charles, un adventiste du septi\u00e8me jour de l\u2019\u00eele ; elle propose un m\u00e9lange de programmes d\u2019enseignement et de musique chr\u00e9tienne. On pourra \u00e9couter la station sur les ondes et via internet, ont indiqu\u00e9 les dirigeants de l\u2019\u00e9glise. Selon le pasteur Royston Philbert, directeur de la communication de l\u2019\u00e9glise dans la F\u00e9d\u00e9ration du Nord de la Cara\u00efbe, la station de radio continuera \u00e0 desservir une population d\u2019environ 250000 personnes, dont 16000 membres d\u2019\u00e9glise.<\/p>\n<p><div id=\"attachment_68888\" style=\"width: 811px\" class=\"wp-caption aligncenter\"><img decoding=\"async\" aria-describedby=\"caption-attachment-68888\" class=\"wp-image-68888\" src=\"https:\/\/recursing-golick.147-182-135-0.plesk.page\/wp-content\/uploads\/2021\/02\/ncc-wgod-meeting.jpg\" alt=\"\" width=\"801\" height=\"558\" srcset=\"https:\/\/interamerica.org\/wp-content\/uploads\/2021\/02\/ncc-wgod-meeting.jpg 1000w, https:\/\/interamerica.org\/wp-content\/uploads\/2021\/02\/ncc-wgod-meeting-300x209.jpg 300w, https:\/\/interamerica.org\/wp-content\/uploads\/2021\/02\/ncc-wgod-meeting-768x535.jpg 768w\" sizes=\"(max-width: 801px) 100vw, 801px\" \/><p id=\"caption-attachment-68888\" class=\"wp-caption-text\">Le pasteur Desmond F. James (\u00e0 droite), pr\u00e9sident de l\u2019\u00c9glise adventiste dans la F\u00e9d\u00e9ration du Nord de la Cara\u00efbe, rencontre Sam Gregory (au centre), ing\u00e9nieur des ressources pour la Radio Adventiste Mondiale, et M. Reynold Charles (\u00e0 gauche) ; ils sont assis dans le studio d\u2019enregistrement de WGOD et discutent de l\u2019acquisition de la station le 13 d\u00e9cembre 2019. [Photo : Royston Philbert \/ NCC]<\/p><\/div>Le plan est que la station propose des programmes locaux 24 heures sur 24 aux \u00eeles Vierges Am\u00e9ricaines, aux \u00eeles Vierges Britanniques, \u00e0 St-Maarten, \u00e0 Saint-Eustache, \u00e0 Saba et \u00e0 Anguilla, a-t-il d\u00e9clar\u00e9. \u00ab Nous croyons que c\u2019est le moment que Dieu a choisi pour que son \u00e9glise proclame sa Parole \u00e0 travers cette station de radio, \u00bb a dit pasteur Philbert. \u00ab Le minist\u00e8re pr\u00e9voit de proposer des programmes sur des questions relatives \u00e0 l\u2019\u00e9vangile, la sant\u00e9, la famille et les jeunes. \u00bb<\/p>\n<p>L\u2019acquisition \u00e9tait envisag\u00e9e depuis 2019, lorsque les responsables de la Radio Adventiste Mondiale (AWR) se sont rendus \u00e0 Sainte-Croix et \u00e0 Saint-Thomas pour des \u00e9valuations et des discussions finales sur le projet, a expliqu\u00e9 pasteur Philbert. \u00ab Les dirigeants d\u2019AWR ont assur\u00e9 les dirigeants de la F\u00e9d\u00e9ration du Nord de la Cara\u00efbe de leur soutien pour la consolidation du minist\u00e8re de la radio \u00e0 travers la proclamation de l\u2019\u00e9vangile, \u00bb a-t-il ajout\u00e9.<\/p>\n<p>Le minist\u00e8re de la radio, qui est l\u2019une des initiatives strat\u00e9giques de la F\u00e9d\u00e9ration du Nord de la Cara\u00efbe, devrait soutenir le d\u00e9veloppement de l\u2019\u00e9vang\u00e9lisation dans l\u2019ensemble du territoire, a d\u00e9clar\u00e9 pasteur Wilmoth James, secr\u00e9taire ex\u00e9cutif de l\u2019\u00c9glise adventiste dans la F\u00e9d\u00e9ration du Nord de la Cara\u00efbe et pr\u00e9sident du Comit\u00e9 de Planification Strat\u00e9gique. \u00ab C\u2019est une d\u00e9marche que nous entreprenons par la foi et nous croyons que les membres soutiendront l\u2019id\u00e9e et contribueront au projet, \u00bb a d\u00e9clar\u00e9 pasteur James. \u00ab Je suis enthousiasm\u00e9 par le fait que l\u2019\u00e9glise continue l\u00e0 o\u00f9 fr\u00e8re Charles a commenc\u00e9 il y a des ann\u00e9es et, aujourd\u2019hui, Dieu donne l\u2019opportunit\u00e9 \u00e0 l\u2019\u00c9glise adventiste du septi\u00e8me jour de poursuivre l\u2019h\u00e9ritage. L\u2019\u00e9glise est indispensable dans la vie de nombreuses personnes ici sur le territoire. \u00bb<\/p>\n<p><div id=\"attachment_68885\" style=\"width: 811px\" class=\"wp-caption aligncenter\"><img decoding=\"async\" aria-describedby=\"caption-attachment-68885\" class=\" wp-image-68885\" src=\"https:\/\/recursing-golick.147-182-135-0.plesk.page\/wp-content\/uploads\/2021\/02\/ncc-wgod-equipment.png\" alt=\"\" width=\"801\" height=\"604\" srcset=\"https:\/\/interamerica.org\/wp-content\/uploads\/2021\/02\/ncc-wgod-equipment.png 950w, https:\/\/interamerica.org\/wp-content\/uploads\/2021\/02\/ncc-wgod-equipment-300x226.png 300w, https:\/\/interamerica.org\/wp-content\/uploads\/2021\/02\/ncc-wgod-equipment-768x579.png 768w\" sizes=\"(max-width: 801px) 100vw, 801px\" \/><p id=\"caption-attachment-68885\" class=\"wp-caption-text\">Une partie du studio de la station de radio WGOD \u00e0 St. Thomas, r\u00e9cemment achet\u00e9e par l\u2019\u00c9glise adventiste du septi\u00e8me jour dans la F\u00e9d\u00e9ration du Nord de la Cara\u00efbe. [Photo : Royston Philbert \/ NCC]<\/p><\/div>Du mat\u00e9riel de studio suppl\u00e9mentaire a \u00e9t\u00e9 achet\u00e9 en pr\u00e9paration de la transition et l\u2019antenne sera remise en \u00e9tat pour optimiser la port\u00e9e de la station, a indiqu\u00e9 pasteur Philbert. Des travaux d\u2019am\u00e9nagement devraient bient\u00f4t commencer sur le b\u00e2timent existant et le personnel sera recrut\u00e9 dans les mois \u00e0 venir.<\/p>\n<p>\u00ab Il s\u2019agit de proclamer le dernier message de salut de J\u00e9sus, \u00bb a d\u00e9clar\u00e9 pasteur Philbert.<\/p>\n<p>La F\u00e9d\u00e9ration du Nord de la Cara\u00efbe supervise un effectif de plus de 16000 membres dans 36 \u00e9glises et groupes \u00e0 Anguilla, dans les \u00eeles Vierges Britanniques (y compris Anegada, Jost Van Dyke, Tortola et Virgin Gorda), dans les \u00eeles Vierges Am\u00e9ricaines (Sainte-Croix, Saint-John et Saint Thomas) et les \u00eeles de Saba, Saint-Eustache et Sint-Maarten. La f\u00e9d\u00e9ration g\u00e8re 5 \u00e9coles primaires et 3 \u00e9coles secondaires.<\/p>\n<p>Pour en savoir plus sur l\u2019\u00e9glise dans la F\u00e9d\u00e9ration du Nord de la Cara\u00efbe, visitez le site <a href=\"http:\/\/www.northcaribbeanconference.org\/\">northcaribbeanconference.org<\/a><\/p>\n<p>Traduction: Patrick Luciathe<\/p>\n","protected":false},"excerpt":{"rendered":"<p>16 F\u00e9vrier 2021 | St. Croix, \u00celes Vierges Am\u00e9ricaines | Personnel de la NCC et P\u00f4le Informations de la Division Inter Am\u00e9ricaine L\u2019\u00c9glise adventiste du septi\u00e8me jour dans la F\u00e9d\u00e9ration&#8230;<\/p>\n","protected":false},"author":3,"featured_media":68894,"comment_status":"closed","ping_status":"closed","sticky":false,"template":"","format":"standard","meta":{"_acf_changed":false,"footnotes":""},"categories":[21,19],"tags":[],"class_list":["post-68901","post","type-post","status-publish","format-standard","has-post-thumbnail","hentry","category-nouvelles-du-territoire","category-rss-francais"],"acf":[],"yoast_head":"<!-- This site is optimized with the Yoast SEO plugin v27.3 - https:\/\/yoast.com\/product\/yoast-seo-wordpress\/ -->\n<title>\u00c0 Sainte-Croix, l\u2019\u00c9glise adventiste va commencer un minist\u00e8re radiophonique avec l\u2019acquisition d\u2019une nouvelle station - \u00c9glise Adventiste Du Septieme Jour - Inter Am\u00e9rique Division<\/title>\n<meta name=\"robots\" content=\"index, follow, max-snippet:-1, max-image-preview:large, max-video-preview:-1\" \/>\n<link rel=\"canonical\" href=\"https:\/\/interamerica.org\/fr\/2021\/02\/a-sainte-croix-leglise-adventiste-va-commencer-un-ministere-radiophonique-avec-lacquisition-dune-nouvelle-station\/\" \/>\n<meta property=\"og:locale\" content=\"fr_FR\" \/>\n<meta property=\"og:type\" content=\"article\" \/>\n<meta property=\"og:title\" content=\"\u00c0 Sainte-Croix, l\u2019\u00c9glise adventiste va commencer un minist\u00e8re radiophonique avec l\u2019acquisition d\u2019une nouvelle station - \u00c9glise Adventiste Du Septieme Jour - Inter Am\u00e9rique Division\" \/>\n<meta property=\"og:description\" content=\"16 F\u00e9vrier 2021 | St. Croix, \u00celes Vierges Am\u00e9ricaines | Personnel de la NCC et P\u00f4le Informations de la Division Inter Am\u00e9ricaine L\u2019\u00c9glise adventiste du septi\u00e8me jour dans la F\u00e9d\u00e9ration...\" \/>\n<meta property=\"og:url\" content=\"https:\/\/interamerica.org\/fr\/2021\/02\/a-sainte-croix-leglise-adventiste-va-commencer-un-ministere-radiophonique-avec-lacquisition-dune-nouvelle-station\/\" \/>\n<meta property=\"og:site_name\" content=\"\u00c9glise Adventiste Du Septieme Jour - Inter Am\u00e9rique Division\" \/>\n<meta property=\"article:published_time\" content=\"2021-02-17T00:44:15+00:00\" \/>\n<meta property=\"article:modified_time\" content=\"2021-02-17T14:22:48+00:00\" \/>\n<meta property=\"og:image\" content=\"https:\/\/interamerica.org\/wp-content\/uploads\/2021\/02\/ncc-wgod-station-1280.jpg\" \/>\n\t<meta property=\"og:image:width\" content=\"1280\" \/>\n\t<meta property=\"og:image:height\" content=\"800\" \/>\n\t<meta property=\"og:image:type\" content=\"image\/jpeg\" \/>\n<meta name=\"author\" content=\"libna\" \/>\n<meta name=\"twitter:card\" content=\"summary_large_image\" \/>\n<meta name=\"twitter:label1\" content=\"\u00c9crit par\" \/>\n\t<meta name=\"twitter:data1\" content=\"libna\" \/>\n\t<meta name=\"twitter:label2\" content=\"Dur\u00e9e de lecture estim\u00e9e\" \/>\n\t<meta name=\"twitter:data2\" content=\"5 minutes\" \/>\n<script type=\"application\/ld+json\" class=\"yoast-schema-graph\">{\"@context\":\"https:\\\/\\\/schema.org\",\"@graph\":[{\"@type\":\"Article\",\"@id\":\"https:\\\/\\\/interamerica.org\\\/fr\\\/2021\\\/02\\\/a-sainte-croix-leglise-adventiste-va-commencer-un-ministere-radiophonique-avec-lacquisition-dune-nouvelle-station\\\/#article\",\"isPartOf\":{\"@id\":\"https:\\\/\\\/interamerica.org\\\/fr\\\/2021\\\/02\\\/a-sainte-croix-leglise-adventiste-va-commencer-un-ministere-radiophonique-avec-lacquisition-dune-nouvelle-station\\\/\"},\"author\":{\"name\":\"libna\",\"@id\":\"https:\\\/\\\/interamerica.org\\\/fr\\\/#\\\/schema\\\/person\\\/29998f2bc2d8bd0d38662909289b54f1\"},\"headline\":\"\u00c0 Sainte-Croix, l\u2019\u00c9glise adventiste va commencer un minist\u00e8re radiophonique avec l\u2019acquisition d\u2019une nouvelle station\",\"datePublished\":\"2021-02-17T00:44:15+00:00\",\"dateModified\":\"2021-02-17T14:22:48+00:00\",\"mainEntityOfPage\":{\"@id\":\"https:\\\/\\\/interamerica.org\\\/fr\\\/2021\\\/02\\\/a-sainte-croix-leglise-adventiste-va-commencer-un-ministere-radiophonique-avec-lacquisition-dune-nouvelle-station\\\/\"},\"wordCount\":1045,\"image\":{\"@id\":\"https:\\\/\\\/interamerica.org\\\/fr\\\/2021\\\/02\\\/a-sainte-croix-leglise-adventiste-va-commencer-un-ministere-radiophonique-avec-lacquisition-dune-nouvelle-station\\\/#primaryimage\"},\"thumbnailUrl\":\"https:\\\/\\\/interamerica.org\\\/wp-content\\\/uploads\\\/2021\\\/02\\\/ncc-wgod-station-1280.jpg\",\"articleSection\":[\"Nouvelles du territoire\",\"RSS Fran\u00e7ais\"],\"inLanguage\":\"fr-FR\"},{\"@type\":\"WebPage\",\"@id\":\"https:\\\/\\\/interamerica.org\\\/fr\\\/2021\\\/02\\\/a-sainte-croix-leglise-adventiste-va-commencer-un-ministere-radiophonique-avec-lacquisition-dune-nouvelle-station\\\/\",\"url\":\"https:\\\/\\\/interamerica.org\\\/fr\\\/2021\\\/02\\\/a-sainte-croix-leglise-adventiste-va-commencer-un-ministere-radiophonique-avec-lacquisition-dune-nouvelle-station\\\/\",\"name\":\"\u00c0 Sainte-Croix, l\u2019\u00c9glise adventiste va commencer un minist\u00e8re radiophonique avec l\u2019acquisition d\u2019une nouvelle station - \u00c9glise Adventiste Du Septieme Jour - Inter Am\u00e9rique Division\",\"isPartOf\":{\"@id\":\"https:\\\/\\\/interamerica.org\\\/fr\\\/#website\"},\"primaryImageOfPage\":{\"@id\":\"https:\\\/\\\/interamerica.org\\\/fr\\\/2021\\\/02\\\/a-sainte-croix-leglise-adventiste-va-commencer-un-ministere-radiophonique-avec-lacquisition-dune-nouvelle-station\\\/#primaryimage\"},\"image\":{\"@id\":\"https:\\\/\\\/interamerica.org\\\/fr\\\/2021\\\/02\\\/a-sainte-croix-leglise-adventiste-va-commencer-un-ministere-radiophonique-avec-lacquisition-dune-nouvelle-station\\\/#primaryimage\"},\"thumbnailUrl\":\"https:\\\/\\\/interamerica.org\\\/wp-content\\\/uploads\\\/2021\\\/02\\\/ncc-wgod-station-1280.jpg\",\"datePublished\":\"2021-02-17T00:44:15+00:00\",\"dateModified\":\"2021-02-17T14:22:48+00:00\",\"author\":{\"@id\":\"https:\\\/\\\/interamerica.org\\\/fr\\\/#\\\/schema\\\/person\\\/29998f2bc2d8bd0d38662909289b54f1\"},\"breadcrumb\":{\"@id\":\"https:\\\/\\\/interamerica.org\\\/fr\\\/2021\\\/02\\\/a-sainte-croix-leglise-adventiste-va-commencer-un-ministere-radiophonique-avec-lacquisition-dune-nouvelle-station\\\/#breadcrumb\"},\"inLanguage\":\"fr-FR\",\"potentialAction\":[{\"@type\":\"ReadAction\",\"target\":[\"https:\\\/\\\/interamerica.org\\\/fr\\\/2021\\\/02\\\/a-sainte-croix-leglise-adventiste-va-commencer-un-ministere-radiophonique-avec-lacquisition-dune-nouvelle-station\\\/\"]}]},{\"@type\":\"ImageObject\",\"inLanguage\":\"fr-FR\",\"@id\":\"https:\\\/\\\/interamerica.org\\\/fr\\\/2021\\\/02\\\/a-sainte-croix-leglise-adventiste-va-commencer-un-ministere-radiophonique-avec-lacquisition-dune-nouvelle-station\\\/#primaryimage\",\"url\":\"https:\\\/\\\/interamerica.org\\\/wp-content\\\/uploads\\\/2021\\\/02\\\/ncc-wgod-station-1280.jpg\",\"contentUrl\":\"https:\\\/\\\/interamerica.org\\\/wp-content\\\/uploads\\\/2021\\\/02\\\/ncc-wgod-station-1280.jpg\",\"width\":1280,\"height\":800},{\"@type\":\"BreadcrumbList\",\"@id\":\"https:\\\/\\\/interamerica.org\\\/fr\\\/2021\\\/02\\\/a-sainte-croix-leglise-adventiste-va-commencer-un-ministere-radiophonique-avec-lacquisition-dune-nouvelle-station\\\/#breadcrumb\",\"itemListElement\":[{\"@type\":\"ListItem\",\"position\":1,\"name\":\"Home\",\"item\":\"https:\\\/\\\/interamerica.org\\\/fr\\\/\"},{\"@type\":\"ListItem\",\"position\":2,\"name\":\"\u00c0 Sainte-Croix, l\u2019\u00c9glise adventiste va commencer un minist\u00e8re radiophonique avec l\u2019acquisition d\u2019une nouvelle station\"}]},{\"@type\":\"WebSite\",\"@id\":\"https:\\\/\\\/interamerica.org\\\/fr\\\/#website\",\"url\":\"https:\\\/\\\/interamerica.org\\\/fr\\\/\",\"name\":\"\u00c9glise Adventiste Du Septieme Jour - Inter Am\u00e9rique Division\",\"description\":\"\",\"potentialAction\":[{\"@type\":\"SearchAction\",\"target\":{\"@type\":\"EntryPoint\",\"urlTemplate\":\"https:\\\/\\\/interamerica.org\\\/fr\\\/?s={search_term_string}\"},\"query-input\":{\"@type\":\"PropertyValueSpecification\",\"valueRequired\":true,\"valueName\":\"search_term_string\"}}],\"inLanguage\":\"fr-FR\"},{\"@type\":\"Person\",\"@id\":\"https:\\\/\\\/interamerica.org\\\/fr\\\/#\\\/schema\\\/person\\\/29998f2bc2d8bd0d38662909289b54f1\",\"name\":\"libna\",\"image\":{\"@type\":\"ImageObject\",\"inLanguage\":\"fr-FR\",\"@id\":\"https:\\\/\\\/secure.gravatar.com\\\/avatar\\\/7c5bd30ae4b47a9ba3c856590957fd1d96dc588bf3ac05719d247e126840331f?s=96&d=mm&r=g\",\"url\":\"https:\\\/\\\/secure.gravatar.com\\\/avatar\\\/7c5bd30ae4b47a9ba3c856590957fd1d96dc588bf3ac05719d247e126840331f?s=96&d=mm&r=g\",\"contentUrl\":\"https:\\\/\\\/secure.gravatar.com\\\/avatar\\\/7c5bd30ae4b47a9ba3c856590957fd1d96dc588bf3ac05719d247e126840331f?s=96&d=mm&r=g\",\"caption\":\"libna\"}}]}<\/script>\n<!-- \/ Yoast SEO plugin. -->","yoast_head_json":{"title":"\u00c0 Sainte-Croix, l\u2019\u00c9glise adventiste va commencer un minist\u00e8re radiophonique avec l\u2019acquisition d\u2019une nouvelle station - \u00c9glise Adventiste Du Septieme Jour - Inter Am\u00e9rique Division","robots":{"index":"index","follow":"follow","max-snippet":"max-snippet:-1","max-image-preview":"max-image-preview:large","max-video-preview":"max-video-preview:-1"},"canonical":"https:\/\/interamerica.org\/fr\/2021\/02\/a-sainte-croix-leglise-adventiste-va-commencer-un-ministere-radiophonique-avec-lacquisition-dune-nouvelle-station\/","og_locale":"fr_FR","og_type":"article","og_title":"\u00c0 Sainte-Croix, l\u2019\u00c9glise adventiste va commencer un minist\u00e8re radiophonique avec l\u2019acquisition d\u2019une nouvelle station - \u00c9glise Adventiste Du Septieme Jour - Inter Am\u00e9rique Division","og_description":"16 F\u00e9vrier 2021 | St. Croix, \u00celes Vierges Am\u00e9ricaines | Personnel de la NCC et P\u00f4le Informations de la Division Inter Am\u00e9ricaine L\u2019\u00c9glise adventiste du septi\u00e8me jour dans la F\u00e9d\u00e9ration...","og_url":"https:\/\/interamerica.org\/fr\/2021\/02\/a-sainte-croix-leglise-adventiste-va-commencer-un-ministere-radiophonique-avec-lacquisition-dune-nouvelle-station\/","og_site_name":"\u00c9glise Adventiste Du Septieme Jour - Inter Am\u00e9rique Division","article_published_time":"2021-02-17T00:44:15+00:00","article_modified_time":"2021-02-17T14:22:48+00:00","og_image":[{"width":1280,"height":800,"url":"https:\/\/interamerica.org\/wp-content\/uploads\/2021\/02\/ncc-wgod-station-1280.jpg","type":"image\/jpeg"}],"author":"libna","twitter_card":"summary_large_image","twitter_misc":{"\u00c9crit par":"libna","Dur\u00e9e de lecture estim\u00e9e":"5 minutes"},"schema":{"@context":"https:\/\/schema.org","@graph":[{"@type":"Article","@id":"https:\/\/interamerica.org\/fr\/2021\/02\/a-sainte-croix-leglise-adventiste-va-commencer-un-ministere-radiophonique-avec-lacquisition-dune-nouvelle-station\/#article","isPartOf":{"@id":"https:\/\/interamerica.org\/fr\/2021\/02\/a-sainte-croix-leglise-adventiste-va-commencer-un-ministere-radiophonique-avec-lacquisition-dune-nouvelle-station\/"},"author":{"name":"libna","@id":"https:\/\/interamerica.org\/fr\/#\/schema\/person\/29998f2bc2d8bd0d38662909289b54f1"},"headline":"\u00c0 Sainte-Croix, l\u2019\u00c9glise adventiste va commencer un minist\u00e8re radiophonique avec l\u2019acquisition d\u2019une nouvelle station","datePublished":"2021-02-17T00:44:15+00:00","dateModified":"2021-02-17T14:22:48+00:00","mainEntityOfPage":{"@id":"https:\/\/interamerica.org\/fr\/2021\/02\/a-sainte-croix-leglise-adventiste-va-commencer-un-ministere-radiophonique-avec-lacquisition-dune-nouvelle-station\/"},"wordCount":1045,"image":{"@id":"https:\/\/interamerica.org\/fr\/2021\/02\/a-sainte-croix-leglise-adventiste-va-commencer-un-ministere-radiophonique-avec-lacquisition-dune-nouvelle-station\/#primaryimage"},"thumbnailUrl":"https:\/\/interamerica.org\/wp-content\/uploads\/2021\/02\/ncc-wgod-station-1280.jpg","articleSection":["Nouvelles du territoire","RSS Fran\u00e7ais"],"inLanguage":"fr-FR"},{"@type":"WebPage","@id":"https:\/\/interamerica.org\/fr\/2021\/02\/a-sainte-croix-leglise-adventiste-va-commencer-un-ministere-radiophonique-avec-lacquisition-dune-nouvelle-station\/","url":"https:\/\/interamerica.org\/fr\/2021\/02\/a-sainte-croix-leglise-adventiste-va-commencer-un-ministere-radiophonique-avec-lacquisition-dune-nouvelle-station\/","name":"\u00c0 Sainte-Croix, l\u2019\u00c9glise adventiste va commencer un minist\u00e8re radiophonique avec l\u2019acquisition d\u2019une nouvelle station - \u00c9glise Adventiste Du Septieme Jour - Inter Am\u00e9rique Division","isPartOf":{"@id":"https:\/\/interamerica.org\/fr\/#website"},"primaryImageOfPage":{"@id":"https:\/\/interamerica.org\/fr\/2021\/02\/a-sainte-croix-leglise-adventiste-va-commencer-un-ministere-radiophonique-avec-lacquisition-dune-nouvelle-station\/#primaryimage"},"image":{"@id":"https:\/\/interamerica.org\/fr\/2021\/02\/a-sainte-croix-leglise-adventiste-va-commencer-un-ministere-radiophonique-avec-lacquisition-dune-nouvelle-station\/#primaryimage"},"thumbnailUrl":"https:\/\/interamerica.org\/wp-content\/uploads\/2021\/02\/ncc-wgod-station-1280.jpg","datePublished":"2021-02-17T00:44:15+00:00","dateModified":"2021-02-17T14:22:48+00:00","author":{"@id":"https:\/\/interamerica.org\/fr\/#\/schema\/person\/29998f2bc2d8bd0d38662909289b54f1"},"breadcrumb":{"@id":"https:\/\/interamerica.org\/fr\/2021\/02\/a-sainte-croix-leglise-adventiste-va-commencer-un-ministere-radiophonique-avec-lacquisition-dune-nouvelle-station\/#breadcrumb"},"inLanguage":"fr-FR","potentialAction":[{"@type":"ReadAction","target":["https:\/\/interamerica.org\/fr\/2021\/02\/a-sainte-croix-leglise-adventiste-va-commencer-un-ministere-radiophonique-avec-lacquisition-dune-nouvelle-station\/"]}]},{"@type":"ImageObject","inLanguage":"fr-FR","@id":"https:\/\/interamerica.org\/fr\/2021\/02\/a-sainte-croix-leglise-adventiste-va-commencer-un-ministere-radiophonique-avec-lacquisition-dune-nouvelle-station\/#primaryimage","url":"https:\/\/interamerica.org\/wp-content\/uploads\/2021\/02\/ncc-wgod-station-1280.jpg","contentUrl":"https:\/\/interamerica.org\/wp-content\/uploads\/2021\/02\/ncc-wgod-station-1280.jpg","width":1280,"height":800},{"@type":"BreadcrumbList","@id":"https:\/\/interamerica.org\/fr\/2021\/02\/a-sainte-croix-leglise-adventiste-va-commencer-un-ministere-radiophonique-avec-lacquisition-dune-nouvelle-station\/#breadcrumb","itemListElement":[{"@type":"ListItem","position":1,"name":"Home","item":"https:\/\/interamerica.org\/fr\/"},{"@type":"ListItem","position":2,"name":"\u00c0 Sainte-Croix, l\u2019\u00c9glise adventiste va commencer un minist\u00e8re radiophonique avec l\u2019acquisition d\u2019une nouvelle station"}]},{"@type":"WebSite","@id":"https:\/\/interamerica.org\/fr\/#website","url":"https:\/\/interamerica.org\/fr\/","name":"\u00c9glise Adventiste Du Septieme Jour - Inter Am\u00e9rique Division","description":"","potentialAction":[{"@type":"SearchAction","target":{"@type":"EntryPoint","urlTemplate":"https:\/\/interamerica.org\/fr\/?s={search_term_string}"},"query-input":{"@type":"PropertyValueSpecification","valueRequired":true,"valueName":"search_term_string"}}],"inLanguage":"fr-FR"},{"@type":"Person","@id":"https:\/\/interamerica.org\/fr\/#\/schema\/person\/29998f2bc2d8bd0d38662909289b54f1","name":"libna","image":{"@type":"ImageObject","inLanguage":"fr-FR","@id":"https:\/\/secure.gravatar.com\/avatar\/7c5bd30ae4b47a9ba3c856590957fd1d96dc588bf3ac05719d247e126840331f?s=96&d=mm&r=g","url":"https:\/\/secure.gravatar.com\/avatar\/7c5bd30ae4b47a9ba3c856590957fd1d96dc588bf3ac05719d247e126840331f?s=96&d=mm&r=g","contentUrl":"https:\/\/secure.gravatar.com\/avatar\/7c5bd30ae4b47a9ba3c856590957fd1d96dc588bf3ac05719d247e126840331f?s=96&d=mm&r=g","caption":"libna"}}]}},"_links":{"self":[{"href":"https:\/\/interamerica.org\/fr\/wp-json\/wp\/v2\/posts\/68901","targetHints":{"allow":["GET"]}}],"collection":[{"href":"https:\/\/interamerica.org\/fr\/wp-json\/wp\/v2\/posts"}],"about":[{"href":"https:\/\/interamerica.org\/fr\/wp-json\/wp\/v2\/types\/post"}],"author":[{"embeddable":true,"href":"https:\/\/interamerica.org\/fr\/wp-json\/wp\/v2\/users\/3"}],"replies":[{"embeddable":true,"href":"https:\/\/interamerica.org\/fr\/wp-json\/wp\/v2\/comments?post=68901"}],"version-history":[{"count":0,"href":"https:\/\/interamerica.org\/fr\/wp-json\/wp\/v2\/posts\/68901\/revisions"}],"wp:featuredmedia":[{"embeddable":true,"href":"https:\/\/interamerica.org\/fr\/wp-json\/wp\/v2\/media\/68894"}],"wp:attachment":[{"href":"https:\/\/interamerica.org\/fr\/wp-json\/wp\/v2\/media?parent=68901"}],"wp:term":[{"taxonomy":"category","embeddable":true,"href":"https:\/\/interamerica.org\/fr\/wp-json\/wp\/v2\/categories?post=68901"},{"taxonomy":"post_tag","embeddable":true,"href":"https:\/\/interamerica.org\/fr\/wp-json\/wp\/v2\/tags?post=68901"}],"curies":[{"name":"wp","href":"https:\/\/api.w.org\/{rel}","templated":true}]}}