{"id":69155,"date":"2021-02-24T08:12:12","date_gmt":"2021-02-24T12:12:12","guid":{"rendered":"https:\/\/recursing-golick.147-182-135-0.plesk.page\/?p=69155"},"modified":"2021-02-25T07:17:07","modified_gmt":"2021-02-25T11:17:07","slug":"une-initiative-philanthropique-sacheve-apres-avoir-permis-de-collecter-plus-de-476-millions-de-dollars","status":"publish","type":"post","link":"https:\/\/interamerica.org\/fr\/2021\/02\/une-initiative-philanthropique-sacheve-apres-avoir-permis-de-collecter-plus-de-476-millions-de-dollars\/","title":{"rendered":"Une initiative philanthropique s\u2019ach\u00e8ve apr\u00e8s avoir permis de collecter plus de 476 millions de dollars"},"content":{"rendered":"<p><span class=\"byline-news\">24 F\u00e9vrier | Loma Linda, Californie, \u00c9tats-Unis | Par : Sheann Brandon, \u00c9quipe de Presse de l\u2019Universit\u00e9 de Loma Linda <\/span><\/p>\n<p><span class=\"cap\">L<\/span>oma Linda University Health (LLUH), le P\u00f4le Sant\u00e9 de l\u2019Universit\u00e9 de Loma Linda, a annonc\u00e9 un montant record de 476832220 dollars US collect\u00e9s pendant Vision 2020 &#8211; La Campagne pour un Avenir de Bien-\u00catre. La conclusion de l\u2019initiative de huit ans de collecte de fonds, qui a fait avancer l\u2019objectif de l\u2019organisation, \u00e0 savoir aller plus loin en termes de soins cliniques, d\u2019\u00e9ducation et de recherche, a \u00e9t\u00e9 c\u00e9l\u00e9br\u00e9e le dimanche 21 f\u00e9vrier 2021.<\/p>\n<p>Richard H. Hart, pr\u00e9sident du P\u00f4le Sant\u00e9 de l\u2019Universit\u00e9 de Loma Linda, a exprim\u00e9 sa plus profonde gratitude \u00e0 toutes les personnes qui ont soutenu la campagne, pour avoir contribu\u00e9 au succ\u00e8s d\u2019un accomplissement aussi extraordinaire.<\/p>\n<p><div id=\"attachment_69093\" style=\"width: 808px\" class=\"wp-caption aligncenter\"><img fetchpriority=\"high\" decoding=\"async\" aria-describedby=\"caption-attachment-69093\" class=\" wp-image-69093\" src=\"https:\/\/recursing-golick.147-182-135-0.plesk.page\/wp-content\/uploads\/2021\/02\/philanthropic-effort-closes-after-raising-more-than-us476-million1.jpg\" alt=\"\" width=\"798\" height=\"399\" srcset=\"https:\/\/interamerica.org\/wp-content\/uploads\/2021\/02\/philanthropic-effort-closes-after-raising-more-than-us476-million1.jpg 1000w, https:\/\/interamerica.org\/wp-content\/uploads\/2021\/02\/philanthropic-effort-closes-after-raising-more-than-us476-million1-300x150.jpg 300w, https:\/\/interamerica.org\/wp-content\/uploads\/2021\/02\/philanthropic-effort-closes-after-raising-more-than-us476-million1-768x384.jpg 768w\" sizes=\"(max-width: 798px) 100vw, 798px\" \/><p id=\"caption-attachment-69093\" class=\"wp-caption-text\">Vision 2020 \u00e9tait la plus importante initiative philanthropique jamais mise en place par le P\u00f4le Sant\u00e9 de l\u2019Universit\u00e9 de Loma Linda. [Photo : P\u00f4le Sant\u00e9 de l\u2019Universit\u00e9 de Loma Linda]<\/p><\/div>\u00ab Nous sommes vraiment reconnaissants envers chaque personne ayant fait un don par rapport \u00e0 son engagement dans notre mission, \u00bb a-t-il dit. \u00ab C\u2019est gr\u00e2ce au soutien sans faille de nos donateurs qui ont r\u00e9pondu au-del\u00e0 de nos attentes que Vision 2020 a eu un impact incroyable sur notre campus et a fait une diff\u00e9rence dans la vie de ceux que nous servons chaque jour. \u00bb<\/p>\n<p>Les 476 millions de dollars recueillis ont largement d\u00e9pass\u00e9 l\u2019objectif initial de la campagne, qui \u00e9tait de 366 millions de dollars, avec plus de 40500 donateurs qui ont fait environ 280000 dons \u00e0 la campagne depuis son lancement. Plus de 411 millions de dollars am\u00e9ricains ont \u00e9t\u00e9 r\u00e9serv\u00e9s pour les priorit\u00e9s de Vision 2020, et les 65 millions de dollars suppl\u00e9mentaires collect\u00e9s seront affect\u00e9s \u00e0 d\u2019autres projets institutionnels. L\u2019annonce a \u00e9t\u00e9 faite lors d\u2019un programme de c\u00e9l\u00e9bration virtuel, au cours duquel plus de 600 donateurs, employ\u00e9s et amis de LLUH se sont connect\u00e9s.<\/p>\n<p>La campagne a \u00e9t\u00e9 rendue publique en juillet 2014 apr\u00e8s l\u2019annonce d\u2019un don de 100 millions de dollars am\u00e9ricains fait par Dennis et Carol Troesh. Leur don sera \u00e0 jamais honor\u00e9 \u00e0 travers leur nom attribu\u00e9 au Campus M\u00e9dical Dennis et Carol Troesh, qui englobe les tours du nouveau Centre M\u00e9dical et de l\u2019H\u00f4pital pour Enfants.<\/p>\n<p>Vision 2020 est la plus importante initiative philanthropique jamais mise en place par le P\u00f4le Sant\u00e9 de l\u2019Universit\u00e9 de Loma Linda ; la destination des fonds est la suivante :<\/p>\n<ul>\n<li>Soins cliniques : pour construire un nouvel h\u00f4pital pour adultes et agrandir l\u2019h\u00f4pital pour enfants, de telle sorte qu\u2019ils r\u00e9pondent aux normes de construction antisismiques de la Californie pour les \u00e9tablissements de sant\u00e9<\/li>\n<li>\u00e9ducation et recherche : pour soutenir la formation de la prochaine g\u00e9n\u00e9ration de professionnels de sant\u00e9 et repousser les limites de la recherche scientifique au P\u00f4le Sant\u00e9 de l\u2019Universit\u00e9 de Loma Linda<\/li>\n<li>Bien-\u00eatre: \u00e9largir les connaissances et les pratiques sur la mani\u00e8re dont les gens dans le monde entier peuvent vivre une vie de bien-\u00eatre et de sant\u00e9<\/li>\n<\/ul>\n<p>Rachelle Bussell, vice-pr\u00e9sidente principale pour l\u2019avancement, a r\u00e9it\u00e9r\u00e9 la gratitude exprim\u00e9e par Richard Hart envers chacune des personnes ayant soutenu la campagne.<\/p>\n<p>\u00ab Ensemble, nous avons accompli quelque chose de vraiment remarquable, \u00bb a-t-elle d\u00e9clar\u00e9. \u00ab Alors que Vision 2020 s\u2019ach\u00e8ve, il est int\u00e9ressant de r\u00e9aliser que ce n\u2019est pas la fin de quelque chose, mais le d\u00e9but d\u2019un avenir radieux pour le P\u00f4le Sant\u00e9 de l\u2019Universit\u00e9 de Loma Linda. \u00bb<\/p>\n<p><em>La\u00a0<\/em><a href=\"https:\/\/news.llu.edu\/community\/historic-philanthropic-effort-vision-2020-closes-after-raising-more-than-476-million\" target=\"_blank\" rel=\"noopener\"><em>version originale<\/em><\/a><em>\u00a0de cette histoire a \u00e9t\u00e9 publi\u00e9e sur le\u00a0<\/em><a href=\"https:\/\/news.llu.edu\/\" target=\"_blank\" rel=\"noopener\"><em>site d&rsquo;informations<\/em><\/a><em>du P\u00f4le Sant\u00e9 de l\u2019Universit\u00e9 de Loma Linda.<\/em><\/p>\n<p>Traduction: Patrick Luciathe<\/p>\n","protected":false},"excerpt":{"rendered":"<p>24 F\u00e9vrier | Loma Linda, Californie, \u00c9tats-Unis | Par : Sheann Brandon, \u00c9quipe de Presse de l\u2019Universit\u00e9 de Loma Linda Loma Linda University Health (LLUH), le P\u00f4le Sant\u00e9 de l\u2019Universit\u00e9&#8230;<\/p>\n","protected":false},"author":3,"featured_media":69093,"comment_status":"closed","ping_status":"closed","sticky":false,"template":"","format":"standard","meta":{"_acf_changed":false,"footnotes":""},"categories":[18,19],"tags":[],"class_list":["post-69155","post","type-post","status-publish","format-standard","has-post-thumbnail","hentry","category-nouvelles-de-leglise-mondiale","category-rss-francais"],"acf":[],"yoast_head":"<!-- This site is optimized with the Yoast SEO plugin v27.3 - https:\/\/yoast.com\/product\/yoast-seo-wordpress\/ -->\n<title>Une initiative philanthropique s\u2019ach\u00e8ve apr\u00e8s avoir permis de collecter plus de 476 millions de dollars - \u00c9glise Adventiste Du Septieme Jour - Inter Am\u00e9rique Division<\/title>\n<meta name=\"robots\" content=\"index, follow, max-snippet:-1, max-image-preview:large, max-video-preview:-1\" \/>\n<link rel=\"canonical\" href=\"https:\/\/interamerica.org\/fr\/2021\/02\/une-initiative-philanthropique-sacheve-apres-avoir-permis-de-collecter-plus-de-476-millions-de-dollars\/\" \/>\n<meta property=\"og:locale\" content=\"fr_FR\" \/>\n<meta property=\"og:type\" content=\"article\" \/>\n<meta property=\"og:title\" content=\"Une initiative philanthropique s\u2019ach\u00e8ve apr\u00e8s avoir permis de collecter plus de 476 millions de dollars - \u00c9glise Adventiste Du Septieme Jour - Inter Am\u00e9rique Division\" \/>\n<meta property=\"og:description\" content=\"24 F\u00e9vrier | Loma Linda, Californie, \u00c9tats-Unis | Par : Sheann Brandon, \u00c9quipe de Presse de l\u2019Universit\u00e9 de Loma Linda Loma Linda University Health (LLUH), le P\u00f4le Sant\u00e9 de l\u2019Universit\u00e9...\" \/>\n<meta property=\"og:url\" content=\"https:\/\/interamerica.org\/fr\/2021\/02\/une-initiative-philanthropique-sacheve-apres-avoir-permis-de-collecter-plus-de-476-millions-de-dollars\/\" \/>\n<meta property=\"og:site_name\" content=\"\u00c9glise Adventiste Du Septieme Jour - Inter Am\u00e9rique Division\" \/>\n<meta property=\"article:published_time\" content=\"2021-02-24T12:12:12+00:00\" \/>\n<meta property=\"article:modified_time\" content=\"2021-02-25T11:17:07+00:00\" \/>\n<meta property=\"og:image\" content=\"https:\/\/interamerica.org\/wp-content\/uploads\/2021\/02\/philanthropic-effort-closes-after-raising-more-than-us476-million1.jpg\" \/>\n\t<meta property=\"og:image:width\" content=\"1000\" \/>\n\t<meta property=\"og:image:height\" content=\"500\" \/>\n\t<meta property=\"og:image:type\" content=\"image\/jpeg\" \/>\n<meta name=\"author\" content=\"libna\" \/>\n<meta name=\"twitter:card\" content=\"summary_large_image\" \/>\n<meta name=\"twitter:label1\" content=\"\u00c9crit par\" \/>\n\t<meta name=\"twitter:data1\" content=\"libna\" \/>\n\t<meta name=\"twitter:label2\" content=\"Dur\u00e9e de lecture estim\u00e9e\" \/>\n\t<meta name=\"twitter:data2\" content=\"3 minutes\" \/>\n<script type=\"application\/ld+json\" class=\"yoast-schema-graph\">{\"@context\":\"https:\\\/\\\/schema.org\",\"@graph\":[{\"@type\":\"Article\",\"@id\":\"https:\\\/\\\/interamerica.org\\\/fr\\\/2021\\\/02\\\/une-initiative-philanthropique-sacheve-apres-avoir-permis-de-collecter-plus-de-476-millions-de-dollars\\\/#article\",\"isPartOf\":{\"@id\":\"https:\\\/\\\/interamerica.org\\\/fr\\\/2021\\\/02\\\/une-initiative-philanthropique-sacheve-apres-avoir-permis-de-collecter-plus-de-476-millions-de-dollars\\\/\"},\"author\":{\"name\":\"libna\",\"@id\":\"https:\\\/\\\/interamerica.org\\\/fr\\\/#\\\/schema\\\/person\\\/29998f2bc2d8bd0d38662909289b54f1\"},\"headline\":\"Une initiative philanthropique s\u2019ach\u00e8ve apr\u00e8s avoir permis de collecter plus de 476 millions de dollars\",\"datePublished\":\"2021-02-24T12:12:12+00:00\",\"dateModified\":\"2021-02-25T11:17:07+00:00\",\"mainEntityOfPage\":{\"@id\":\"https:\\\/\\\/interamerica.org\\\/fr\\\/2021\\\/02\\\/une-initiative-philanthropique-sacheve-apres-avoir-permis-de-collecter-plus-de-476-millions-de-dollars\\\/\"},\"wordCount\":658,\"image\":{\"@id\":\"https:\\\/\\\/interamerica.org\\\/fr\\\/2021\\\/02\\\/une-initiative-philanthropique-sacheve-apres-avoir-permis-de-collecter-plus-de-476-millions-de-dollars\\\/#primaryimage\"},\"thumbnailUrl\":\"https:\\\/\\\/interamerica.org\\\/wp-content\\\/uploads\\\/2021\\\/02\\\/philanthropic-effort-closes-after-raising-more-than-us476-million1.jpg\",\"articleSection\":[\"Nouvelles de l'\u00c9glise mondiale\",\"RSS Fran\u00e7ais\"],\"inLanguage\":\"fr-FR\"},{\"@type\":\"WebPage\",\"@id\":\"https:\\\/\\\/interamerica.org\\\/fr\\\/2021\\\/02\\\/une-initiative-philanthropique-sacheve-apres-avoir-permis-de-collecter-plus-de-476-millions-de-dollars\\\/\",\"url\":\"https:\\\/\\\/interamerica.org\\\/fr\\\/2021\\\/02\\\/une-initiative-philanthropique-sacheve-apres-avoir-permis-de-collecter-plus-de-476-millions-de-dollars\\\/\",\"name\":\"Une initiative philanthropique s\u2019ach\u00e8ve apr\u00e8s avoir permis de collecter plus de 476 millions de dollars - \u00c9glise Adventiste Du Septieme Jour - Inter Am\u00e9rique Division\",\"isPartOf\":{\"@id\":\"https:\\\/\\\/interamerica.org\\\/fr\\\/#website\"},\"primaryImageOfPage\":{\"@id\":\"https:\\\/\\\/interamerica.org\\\/fr\\\/2021\\\/02\\\/une-initiative-philanthropique-sacheve-apres-avoir-permis-de-collecter-plus-de-476-millions-de-dollars\\\/#primaryimage\"},\"image\":{\"@id\":\"https:\\\/\\\/interamerica.org\\\/fr\\\/2021\\\/02\\\/une-initiative-philanthropique-sacheve-apres-avoir-permis-de-collecter-plus-de-476-millions-de-dollars\\\/#primaryimage\"},\"thumbnailUrl\":\"https:\\\/\\\/interamerica.org\\\/wp-content\\\/uploads\\\/2021\\\/02\\\/philanthropic-effort-closes-after-raising-more-than-us476-million1.jpg\",\"datePublished\":\"2021-02-24T12:12:12+00:00\",\"dateModified\":\"2021-02-25T11:17:07+00:00\",\"author\":{\"@id\":\"https:\\\/\\\/interamerica.org\\\/fr\\\/#\\\/schema\\\/person\\\/29998f2bc2d8bd0d38662909289b54f1\"},\"breadcrumb\":{\"@id\":\"https:\\\/\\\/interamerica.org\\\/fr\\\/2021\\\/02\\\/une-initiative-philanthropique-sacheve-apres-avoir-permis-de-collecter-plus-de-476-millions-de-dollars\\\/#breadcrumb\"},\"inLanguage\":\"fr-FR\",\"potentialAction\":[{\"@type\":\"ReadAction\",\"target\":[\"https:\\\/\\\/interamerica.org\\\/fr\\\/2021\\\/02\\\/une-initiative-philanthropique-sacheve-apres-avoir-permis-de-collecter-plus-de-476-millions-de-dollars\\\/\"]}]},{\"@type\":\"ImageObject\",\"inLanguage\":\"fr-FR\",\"@id\":\"https:\\\/\\\/interamerica.org\\\/fr\\\/2021\\\/02\\\/une-initiative-philanthropique-sacheve-apres-avoir-permis-de-collecter-plus-de-476-millions-de-dollars\\\/#primaryimage\",\"url\":\"https:\\\/\\\/interamerica.org\\\/wp-content\\\/uploads\\\/2021\\\/02\\\/philanthropic-effort-closes-after-raising-more-than-us476-million1.jpg\",\"contentUrl\":\"https:\\\/\\\/interamerica.org\\\/wp-content\\\/uploads\\\/2021\\\/02\\\/philanthropic-effort-closes-after-raising-more-than-us476-million1.jpg\",\"width\":1000,\"height\":500,\"caption\":\"Vision 2020 was the largest philanthropic effort ever undertaken by Loma Linda University Health. [Photo: Loma Linda University Health]\"},{\"@type\":\"BreadcrumbList\",\"@id\":\"https:\\\/\\\/interamerica.org\\\/fr\\\/2021\\\/02\\\/une-initiative-philanthropique-sacheve-apres-avoir-permis-de-collecter-plus-de-476-millions-de-dollars\\\/#breadcrumb\",\"itemListElement\":[{\"@type\":\"ListItem\",\"position\":1,\"name\":\"Home\",\"item\":\"https:\\\/\\\/interamerica.org\\\/fr\\\/\"},{\"@type\":\"ListItem\",\"position\":2,\"name\":\"Une initiative philanthropique s\u2019ach\u00e8ve apr\u00e8s avoir permis de collecter plus de 476 millions de dollars\"}]},{\"@type\":\"WebSite\",\"@id\":\"https:\\\/\\\/interamerica.org\\\/fr\\\/#website\",\"url\":\"https:\\\/\\\/interamerica.org\\\/fr\\\/\",\"name\":\"\u00c9glise Adventiste Du Septieme Jour - Inter Am\u00e9rique Division\",\"description\":\"\",\"potentialAction\":[{\"@type\":\"SearchAction\",\"target\":{\"@type\":\"EntryPoint\",\"urlTemplate\":\"https:\\\/\\\/interamerica.org\\\/fr\\\/?s={search_term_string}\"},\"query-input\":{\"@type\":\"PropertyValueSpecification\",\"valueRequired\":true,\"valueName\":\"search_term_string\"}}],\"inLanguage\":\"fr-FR\"},{\"@type\":\"Person\",\"@id\":\"https:\\\/\\\/interamerica.org\\\/fr\\\/#\\\/schema\\\/person\\\/29998f2bc2d8bd0d38662909289b54f1\",\"name\":\"libna\",\"image\":{\"@type\":\"ImageObject\",\"inLanguage\":\"fr-FR\",\"@id\":\"https:\\\/\\\/secure.gravatar.com\\\/avatar\\\/7c5bd30ae4b47a9ba3c856590957fd1d96dc588bf3ac05719d247e126840331f?s=96&d=mm&r=g\",\"url\":\"https:\\\/\\\/secure.gravatar.com\\\/avatar\\\/7c5bd30ae4b47a9ba3c856590957fd1d96dc588bf3ac05719d247e126840331f?s=96&d=mm&r=g\",\"contentUrl\":\"https:\\\/\\\/secure.gravatar.com\\\/avatar\\\/7c5bd30ae4b47a9ba3c856590957fd1d96dc588bf3ac05719d247e126840331f?s=96&d=mm&r=g\",\"caption\":\"libna\"}}]}<\/script>\n<!-- \/ Yoast SEO plugin. -->","yoast_head_json":{"title":"Une initiative philanthropique s\u2019ach\u00e8ve apr\u00e8s avoir permis de collecter plus de 476 millions de dollars - \u00c9glise Adventiste Du Septieme Jour - Inter Am\u00e9rique Division","robots":{"index":"index","follow":"follow","max-snippet":"max-snippet:-1","max-image-preview":"max-image-preview:large","max-video-preview":"max-video-preview:-1"},"canonical":"https:\/\/interamerica.org\/fr\/2021\/02\/une-initiative-philanthropique-sacheve-apres-avoir-permis-de-collecter-plus-de-476-millions-de-dollars\/","og_locale":"fr_FR","og_type":"article","og_title":"Une initiative philanthropique s\u2019ach\u00e8ve apr\u00e8s avoir permis de collecter plus de 476 millions de dollars - \u00c9glise Adventiste Du Septieme Jour - Inter Am\u00e9rique Division","og_description":"24 F\u00e9vrier | Loma Linda, Californie, \u00c9tats-Unis | Par : Sheann Brandon, \u00c9quipe de Presse de l\u2019Universit\u00e9 de Loma Linda Loma Linda University Health (LLUH), le P\u00f4le Sant\u00e9 de l\u2019Universit\u00e9...","og_url":"https:\/\/interamerica.org\/fr\/2021\/02\/une-initiative-philanthropique-sacheve-apres-avoir-permis-de-collecter-plus-de-476-millions-de-dollars\/","og_site_name":"\u00c9glise Adventiste Du Septieme Jour - Inter Am\u00e9rique Division","article_published_time":"2021-02-24T12:12:12+00:00","article_modified_time":"2021-02-25T11:17:07+00:00","og_image":[{"width":1000,"height":500,"url":"https:\/\/interamerica.org\/wp-content\/uploads\/2021\/02\/philanthropic-effort-closes-after-raising-more-than-us476-million1.jpg","type":"image\/jpeg"}],"author":"libna","twitter_card":"summary_large_image","twitter_misc":{"\u00c9crit par":"libna","Dur\u00e9e de lecture estim\u00e9e":"3 minutes"},"schema":{"@context":"https:\/\/schema.org","@graph":[{"@type":"Article","@id":"https:\/\/interamerica.org\/fr\/2021\/02\/une-initiative-philanthropique-sacheve-apres-avoir-permis-de-collecter-plus-de-476-millions-de-dollars\/#article","isPartOf":{"@id":"https:\/\/interamerica.org\/fr\/2021\/02\/une-initiative-philanthropique-sacheve-apres-avoir-permis-de-collecter-plus-de-476-millions-de-dollars\/"},"author":{"name":"libna","@id":"https:\/\/interamerica.org\/fr\/#\/schema\/person\/29998f2bc2d8bd0d38662909289b54f1"},"headline":"Une initiative philanthropique s\u2019ach\u00e8ve apr\u00e8s avoir permis de collecter plus de 476 millions de dollars","datePublished":"2021-02-24T12:12:12+00:00","dateModified":"2021-02-25T11:17:07+00:00","mainEntityOfPage":{"@id":"https:\/\/interamerica.org\/fr\/2021\/02\/une-initiative-philanthropique-sacheve-apres-avoir-permis-de-collecter-plus-de-476-millions-de-dollars\/"},"wordCount":658,"image":{"@id":"https:\/\/interamerica.org\/fr\/2021\/02\/une-initiative-philanthropique-sacheve-apres-avoir-permis-de-collecter-plus-de-476-millions-de-dollars\/#primaryimage"},"thumbnailUrl":"https:\/\/interamerica.org\/wp-content\/uploads\/2021\/02\/philanthropic-effort-closes-after-raising-more-than-us476-million1.jpg","articleSection":["Nouvelles de l'\u00c9glise mondiale","RSS Fran\u00e7ais"],"inLanguage":"fr-FR"},{"@type":"WebPage","@id":"https:\/\/interamerica.org\/fr\/2021\/02\/une-initiative-philanthropique-sacheve-apres-avoir-permis-de-collecter-plus-de-476-millions-de-dollars\/","url":"https:\/\/interamerica.org\/fr\/2021\/02\/une-initiative-philanthropique-sacheve-apres-avoir-permis-de-collecter-plus-de-476-millions-de-dollars\/","name":"Une initiative philanthropique s\u2019ach\u00e8ve apr\u00e8s avoir permis de collecter plus de 476 millions de dollars - \u00c9glise Adventiste Du Septieme Jour - Inter Am\u00e9rique Division","isPartOf":{"@id":"https:\/\/interamerica.org\/fr\/#website"},"primaryImageOfPage":{"@id":"https:\/\/interamerica.org\/fr\/2021\/02\/une-initiative-philanthropique-sacheve-apres-avoir-permis-de-collecter-plus-de-476-millions-de-dollars\/#primaryimage"},"image":{"@id":"https:\/\/interamerica.org\/fr\/2021\/02\/une-initiative-philanthropique-sacheve-apres-avoir-permis-de-collecter-plus-de-476-millions-de-dollars\/#primaryimage"},"thumbnailUrl":"https:\/\/interamerica.org\/wp-content\/uploads\/2021\/02\/philanthropic-effort-closes-after-raising-more-than-us476-million1.jpg","datePublished":"2021-02-24T12:12:12+00:00","dateModified":"2021-02-25T11:17:07+00:00","author":{"@id":"https:\/\/interamerica.org\/fr\/#\/schema\/person\/29998f2bc2d8bd0d38662909289b54f1"},"breadcrumb":{"@id":"https:\/\/interamerica.org\/fr\/2021\/02\/une-initiative-philanthropique-sacheve-apres-avoir-permis-de-collecter-plus-de-476-millions-de-dollars\/#breadcrumb"},"inLanguage":"fr-FR","potentialAction":[{"@type":"ReadAction","target":["https:\/\/interamerica.org\/fr\/2021\/02\/une-initiative-philanthropique-sacheve-apres-avoir-permis-de-collecter-plus-de-476-millions-de-dollars\/"]}]},{"@type":"ImageObject","inLanguage":"fr-FR","@id":"https:\/\/interamerica.org\/fr\/2021\/02\/une-initiative-philanthropique-sacheve-apres-avoir-permis-de-collecter-plus-de-476-millions-de-dollars\/#primaryimage","url":"https:\/\/interamerica.org\/wp-content\/uploads\/2021\/02\/philanthropic-effort-closes-after-raising-more-than-us476-million1.jpg","contentUrl":"https:\/\/interamerica.org\/wp-content\/uploads\/2021\/02\/philanthropic-effort-closes-after-raising-more-than-us476-million1.jpg","width":1000,"height":500,"caption":"Vision 2020 was the largest philanthropic effort ever undertaken by Loma Linda University Health. [Photo: Loma Linda University Health]"},{"@type":"BreadcrumbList","@id":"https:\/\/interamerica.org\/fr\/2021\/02\/une-initiative-philanthropique-sacheve-apres-avoir-permis-de-collecter-plus-de-476-millions-de-dollars\/#breadcrumb","itemListElement":[{"@type":"ListItem","position":1,"name":"Home","item":"https:\/\/interamerica.org\/fr\/"},{"@type":"ListItem","position":2,"name":"Une initiative philanthropique s\u2019ach\u00e8ve apr\u00e8s avoir permis de collecter plus de 476 millions de dollars"}]},{"@type":"WebSite","@id":"https:\/\/interamerica.org\/fr\/#website","url":"https:\/\/interamerica.org\/fr\/","name":"\u00c9glise Adventiste Du Septieme Jour - Inter Am\u00e9rique Division","description":"","potentialAction":[{"@type":"SearchAction","target":{"@type":"EntryPoint","urlTemplate":"https:\/\/interamerica.org\/fr\/?s={search_term_string}"},"query-input":{"@type":"PropertyValueSpecification","valueRequired":true,"valueName":"search_term_string"}}],"inLanguage":"fr-FR"},{"@type":"Person","@id":"https:\/\/interamerica.org\/fr\/#\/schema\/person\/29998f2bc2d8bd0d38662909289b54f1","name":"libna","image":{"@type":"ImageObject","inLanguage":"fr-FR","@id":"https:\/\/secure.gravatar.com\/avatar\/7c5bd30ae4b47a9ba3c856590957fd1d96dc588bf3ac05719d247e126840331f?s=96&d=mm&r=g","url":"https:\/\/secure.gravatar.com\/avatar\/7c5bd30ae4b47a9ba3c856590957fd1d96dc588bf3ac05719d247e126840331f?s=96&d=mm&r=g","contentUrl":"https:\/\/secure.gravatar.com\/avatar\/7c5bd30ae4b47a9ba3c856590957fd1d96dc588bf3ac05719d247e126840331f?s=96&d=mm&r=g","caption":"libna"}}]}},"_links":{"self":[{"href":"https:\/\/interamerica.org\/fr\/wp-json\/wp\/v2\/posts\/69155","targetHints":{"allow":["GET"]}}],"collection":[{"href":"https:\/\/interamerica.org\/fr\/wp-json\/wp\/v2\/posts"}],"about":[{"href":"https:\/\/interamerica.org\/fr\/wp-json\/wp\/v2\/types\/post"}],"author":[{"embeddable":true,"href":"https:\/\/interamerica.org\/fr\/wp-json\/wp\/v2\/users\/3"}],"replies":[{"embeddable":true,"href":"https:\/\/interamerica.org\/fr\/wp-json\/wp\/v2\/comments?post=69155"}],"version-history":[{"count":0,"href":"https:\/\/interamerica.org\/fr\/wp-json\/wp\/v2\/posts\/69155\/revisions"}],"wp:featuredmedia":[{"embeddable":true,"href":"https:\/\/interamerica.org\/fr\/wp-json\/wp\/v2\/media\/69093"}],"wp:attachment":[{"href":"https:\/\/interamerica.org\/fr\/wp-json\/wp\/v2\/media?parent=69155"}],"wp:term":[{"taxonomy":"category","embeddable":true,"href":"https:\/\/interamerica.org\/fr\/wp-json\/wp\/v2\/categories?post=69155"},{"taxonomy":"post_tag","embeddable":true,"href":"https:\/\/interamerica.org\/fr\/wp-json\/wp\/v2\/tags?post=69155"}],"curies":[{"name":"wp","href":"https:\/\/api.w.org\/{rel}","templated":true}]}}