{"id":69488,"date":"2021-03-05T10:23:13","date_gmt":"2021-03-05T14:23:13","guid":{"rendered":"https:\/\/recursing-golick.147-182-135-0.plesk.page\/?p=69488"},"modified":"2021-03-08T22:43:45","modified_gmt":"2021-03-09T02:43:45","slug":"journee-de-priere-des-femmes","status":"publish","type":"post","link":"https:\/\/interamerica.org\/fr\/2021\/03\/journee-de-priere-des-femmes\/","title":{"rendered":"Journ\u00e9e de pri\u00e8re des femmes"},"content":{"rendered":"<p>5 mars 2021 | Silver Spring, Maryland, \u00c9tats-Unis | Ted N.C. Wilson<\/p>\n<p><b>Ted<\/b><span style=\"font-weight: 400;\"> : Mes amis, aujourd\u2019hui nous allons parler de quelque chose d\u2019une importance vitale pour chaque chr\u00e9tien, et je suis ravi qu\u2019une fois de plus ma femme Nancy soit ici avec nous pour partager le sujet de la pri\u00e8re ensemble.<\/span><span style=\"font-weight: 400;\">\u00a0<\/span><\/p>\n<p><b>Nancy<\/b><span style=\"font-weight: 400;\"> : Peut-\u00eatre connaissez-vous cette belle promesse que l\u2019on trouve dans le livre \u00ab<\/span><b> Le Meilleur Chemin<\/b><span style=\"font-weight: 400;\"> \u00bb, page 92 : <\/span><b>\u00ab La pri\u00e8re est, dans la main de la foi, la cl\u00e9 qui ouvre les tr\u00e9sors du ciel o\u00f9 sont renferm\u00e9es les ressources infinies de la toute-puissance \u00bb<\/b><span style=\"font-weight: 400;\">, et pourtant, croyons-nous vraiment que cette promesse \u00e9tonnante s\u2019applique \u00e0 nous, personnellement ?<\/span><\/p>\n<p><span style=\"font-weight: 400;\">Le monde essaie de nous convaincre que la pri\u00e8re n\u2019est pas n\u00e9cessaire ou qu\u2019elle ne fait pas vraiment de diff\u00e9rence, et pourtant combien cela est loin de la v\u00e9rit\u00e9 !<\/span><\/p>\n<p><span style=\"font-weight: 400;\">Dans le livre <\/span><b>\u00ab La Trag\u00e9die des Si\u00e8cles \u00bb<\/b><span style=\"font-weight: 400;\">, il y a une promesse \u00e9tonnante que j\u2019aime particuli\u00e8rement. En parlant des miracles que J\u00e9sus a faits lorsqu\u2019il \u00e9tait sur terre, Ellen White \u00e9crit :<\/span><\/p>\n<p><b>\u00ab Le m\u00eame Sauveur compatissant n\u2019est-il pas encore vivant aujourd\u2019hui, et tout aussi pr\u00eat \u00e0 exaucer les pri\u00e8res de la foi que lorsqu\u2019il marchait sur la terre, visible aux yeux des mortels ? Le monde naturel coop\u00e8re avec le monde surnaturel. Il entre dans le plan de Dieu de nous accorder, en retour de la pri\u00e8re de la foi, ce que nous n\u2019obtiendrions pas \u00bb.<\/b><\/p>\n<p><span style=\"font-weight: 400;\">Pouvez-vous imaginer toutes les pri\u00e8res auxquelles il d\u00e9sire r\u00e9pondre si seulement nous lui demandions ?<\/span><\/p>\n<p><b>Ted<\/b><span style=\"font-weight: 400;\"> : Dans la Bible, nous avons de nombreux exemples de personnes qui prient dans des circonstances tr\u00e8s diff\u00e9rentes. Par exemple, il y a la pri\u00e8re d\u2019\u00c9lie, au sommet du mont Carmel, demandant \u00e0 Dieu de se r\u00e9v\u00e9ler comme le seul vrai Dieu, et il y a Jonas, au fond de la mer, dans le ventre d\u2019un poisson, implorant la d\u00e9livrance. Nous pouvons lire la belle pri\u00e8re du roi Salomon lorsqu\u2019il consacre le magnifique temple au Seigneur, et l\u2019\u00e9mouvante pri\u00e8re d\u2019intercession de Daniel lorsqu\u2019il plaide au nom de son peuple \u00e0 Babylone.<\/span><\/p>\n<p><b>Nancy<\/b><span style=\"font-weight: 400;\"> : Dans le livre de 1 Samuel, nous avons l\u2019exemple de Anne, qui a exprim\u00e9 sa demande personnelle avec un cri du c\u0153ur au Seigneur et a re\u00e7u une r\u00e9ponse \u00e9tonnante. Dans Luc 18, J\u00e9sus souligne le pouvoir de la pri\u00e8re avec la parabole de la veuve persistante et du juge injuste, o\u00f9 le verset 1 nous rappelle que :<\/span><\/p>\n<p><b>\u00ab J\u00e9sus leur dit une parabole pour montrer qu\u2019ils devaient toujours prier, sans se d\u00e9courager \u00bb<\/b><span style=\"font-weight: 400;\">. Et nous avons un exemple, un exemple \u00e9tonnant, de pri\u00e8re persistante chez la Samaritaine qui est venue \u00e0 J\u00e9sus, plaidant au nom de sa fille poss\u00e9d\u00e9e par un d\u00e9mon, et demandant seulement <\/span><b>\u00ab les miettes qui tombent de la table de leurs ma\u00eetres \u00bb<\/b><span style=\"font-weight: 400;\">. J\u00e9sus a lou\u00e9 cette m\u00e8re en disant : <\/span><b>\u00ab Femme, ta foi est grande. Sois trait\u00e9e conform\u00e9ment \u00e0 ton d\u00e9sir. A partir de ce moment, sa fille fut gu\u00e9rie \u00bb.<\/b><\/p>\n<p><b>Ted<\/b><span style=\"font-weight: 400;\"> : Dans 1 Thessaloniciens 5.17, la Bible nous dit : \u00ab Priez sans cesse \u00bb. Mais qu\u2019est-ce que cela signifie vraiment ? Je crois que cela signifie \u00eatre toujours soumis \u00e0 la direction du Seigneur, lui permettant de diriger comme il le voit mieux. Et cela signifie aussi que nous devons \u00eatre pr\u00eats \u00e0 prier pour n\u2019importe quoi, parce que Dieu ne se contente pas de s\u2019occuper des plus gros probl\u00e8mes. Il aime entendre parler de tout ce qui nous concerne, m\u00eame de la plus petite difficult\u00e9 ou de la plus petite joie.<\/span><\/p>\n<p><span style=\"font-weight: 400;\">La pri\u00e8re est une immense connexion rassurante avec Dieu qui m\u2019aide \u00e0 traverser toutes sortes de choses. Je prie le matin, en tombant \u00e0 genoux du lit et en consacrant ma journ\u00e9e au Seigneur, en demandant le Saint Esprit dans ma vie, la pluie de l\u2019arri\u00e8re-saison et la sagesse, n\u2019oubliez pas de demander la sagesse, revendiquant le texte de Jacques 1.5. Puis, tout au long de la journ\u00e9e, que ce soit en \u00e9tudiant la Parole de Dieu ou dans une r\u00e9union, demandant la direction et la sagesse de Dieu. Au fur et \u00e0 mesure que la journ\u00e9e avance, les sujets de pri\u00e8re peuvent changer, mais ce lien demeure. Tout au long de la journ\u00e9e, la pri\u00e8re est absolument vitale, sinon nous serions seuls et il ne devrait pas en \u00eatre ainsi.<\/span><\/p>\n<p><b>Nancy<\/b><span style=\"font-weight: 400;\"> : Vous savez, plus je vieillis, plus je me rends compte que Dieu fait tout ce qu\u2019il peut pour r\u00e9veiller chacun de nous, pour nous sauver, pour faire pour nous ce qu\u2019il d\u00e9sire faire. Et cette prise de conscience a affect\u00e9 ma vie de pri\u00e8re. Je m\u2019inqui\u00e8te moins et je lui fais plus confiance. Je partage mes pr\u00e9occupations avec Lui. Avant, j\u2019\u00e9tais tellement angoiss\u00e9e par certaines situations, mais maintenant je me rends compte que Dieu fait des choses dont je ne suis m\u00eame pas consciente pour r\u00e9pondre \u00e0 mes pri\u00e8res. Je peux confier ces d\u00e9fis entre ses mains, mais cela m\u2019aide \u00e0 lui en parler.<\/span><\/p>\n<p><b>Ted<\/b><span style=\"font-weight: 400;\"> : Ce sabbat 6 mars est une occasion particuli\u00e8re de pri\u00e8re, car des milliers de personnes dans le monde entier se r\u00e9uniront pour prier \u00e0 l\u2019occasion de l\u2019annuelle Journ\u00e9e mondiale de pri\u00e8re pour les femmes, organis\u00e9e par le d\u00e9partement des Minist\u00e8res des Femmes de la Conf\u00e9rence G\u00e9n\u00e9rale. De plus amples informations sur cette journ\u00e9e sp\u00e9ciale, ainsi qu\u2019un ensemble de documents tr\u00e8s utiles, peuvent \u00eatre t\u00e9l\u00e9charg\u00e9s gratuitement sur le site women.adventist.org.<\/span><\/p>\n<p><b>Nancy<\/b><span style=\"font-weight: 400;\"> : Que le Seigneur nous b\u00e9nisse alors que nous comprenons mieux la n\u00e9cessit\u00e9 et la signification de la pri\u00e8re, les b\u00e9n\u00e9dictions et l\u2019importance de la pri\u00e8re dans chacune de nos vies, en particulier en ces temps difficiles que nous traversons.<\/span><\/p>\n<p><b>Ted<\/b><span style=\"font-weight: 400;\"> : Merci Nancy et voudrais-tu prier pour nos s\u0153urs et fr\u00e8res du monde entier et surtout pour cette Journ\u00e9e mondiale de la pri\u00e8re pour les femmes ?<\/span><\/p>\n<h3><b>Prayer:<\/b><\/h3>\n<p><b>Nancy<\/b><span style=\"font-weight: 400;\"> : Bien s\u00fbr ! Inclinons nos t\u00eates. P\u00e8re c\u00e9leste, quel privil\u00e8ge de se pr\u00e9senter devant toi dans la salle du tr\u00f4ne c\u00e9leste, quel acc\u00e8s incroyable nous avons avec notre p\u00e8re c\u00e9leste ; Seigneur, aide-nous \u00e0 r\u00e9aliser combien tu d\u00e9sires nous entendre, combien tu d\u00e9sires entendre nos louanges, et Seigneur, tu d\u00e9sires nous entendre peu importe comment nous nous sentons sur le moment, m\u00eame si nous sommes en col\u00e8re ou si nous sommes troubl\u00e9s par le fait que nous pensons que tu n\u2019as pas r\u00e9pondu \u00e0 nos pri\u00e8res ou que nous sentons que ce sont peut-\u00eatre des choses qui ne suivent pas ta volont\u00e9 ; tu d\u00e9sires nous entendre \u00e0 tout moment, Seigneur, parce que tu veux nous aider, nous satisfaire, ouvrir la voie, nous guider, nous donner de la force et nous b\u00e9nir. Alors Seigneur, je prie pour toutes mes s\u0153urs du monde entier ; je sais qu\u2019elles ont de nombreux r\u00f4les \u00e0 jouer dans leur vie : celles qui restent \u00e0 la maison et s\u2019occupent de leurs enfants, celles qui essaient de travailler et de s\u2019occuper de leurs enfants, celles qui ont un travail de haut niveau&#8230; elles peuvent \u00eatre seules Seigneur, elles ont toutes besoin de toi, nous avons toutes besoin de tes b\u00e9n\u00e9dictions Seigneur, et aide-les \u00e0 sentir que tu es avec elles, que tu les \u00e9coutes et que tu d\u00e9sires r\u00e9pondre \u00e0 tous leurs besoins. Nous te sommes tellement reconnaissants, Seigneur, parce que tu es un Dieu si personnel et que tout ce qui nous concerne, te concerne, alors apprends-nous, Seigneur, de plus en plus, \u00e0 prier, \u00e0 t\u2019atteindre et je prie pour tous nos fr\u00e8res et s\u0153urs dans le monde, Seigneur, tu sais que nous avons tous besoin de toi et que tu es notre tout, tu es la source de toute notre joie, de toute notre paix et de toute notre assurance, toi, Seigneur, tu es notre tout. Je te remercie donc de nous avoir \u00e9cout\u00e9s, de ta disponibilit\u00e9, de ton d\u00e9sir de rester avec nous et, Seigneur, je prie pour que nous te r\u00e9pondions toujours, et je suis tr\u00e8s positive, comprenant m\u00eame en partie combien tu t\u2019inqui\u00e8tes pour chacune d\u2019entre nous ; en cette journ\u00e9e mondiale en faveur des femmes, je m\u2019engage en faveur des s\u0153urs, je les remets entre tes mains, Seigneur, guide chacune d\u2019entre nous selon ta volont\u00e9. Je prie au nom de J\u00e9sus, amen.<\/span><\/p>\n","protected":false},"excerpt":{"rendered":"<p>5 mars 2021 | Silver Spring, Maryland, \u00c9tats-Unis | Ted N.C. Wilson Ted : Mes amis, aujourd\u2019hui nous allons parler de quelque chose d\u2019une importance vitale pour chaque chr\u00e9tien, et&#8230;<\/p>\n","protected":false},"author":3,"featured_media":69554,"comment_status":"closed","ping_status":"closed","sticky":false,"template":"","format":"standard","meta":{"_acf_changed":false,"footnotes":""},"categories":[18,19],"tags":[],"class_list":["post-69488","post","type-post","status-publish","format-standard","has-post-thumbnail","hentry","category-nouvelles-de-leglise-mondiale","category-rss-francais"],"acf":[],"yoast_head":"<!-- This site is optimized with the Yoast SEO plugin v27.3 - https:\/\/yoast.com\/product\/yoast-seo-wordpress\/ -->\n<title>Journ\u00e9e de pri\u00e8re des femmes - \u00c9glise Adventiste Du Septieme Jour - Inter Am\u00e9rique Division<\/title>\n<meta name=\"robots\" content=\"index, follow, max-snippet:-1, max-image-preview:large, max-video-preview:-1\" \/>\n<link rel=\"canonical\" href=\"https:\/\/interamerica.org\/fr\/2021\/03\/journee-de-priere-des-femmes\/\" \/>\n<meta property=\"og:locale\" content=\"fr_FR\" \/>\n<meta property=\"og:type\" content=\"article\" \/>\n<meta property=\"og:title\" content=\"Journ\u00e9e de pri\u00e8re des femmes - \u00c9glise Adventiste Du Septieme Jour - Inter Am\u00e9rique Division\" \/>\n<meta property=\"og:description\" content=\"5 mars 2021 | Silver Spring, Maryland, \u00c9tats-Unis | Ted N.C. Wilson Ted : Mes amis, aujourd\u2019hui nous allons parler de quelque chose d\u2019une importance vitale pour chaque chr\u00e9tien, et...\" \/>\n<meta property=\"og:url\" content=\"https:\/\/interamerica.org\/fr\/2021\/03\/journee-de-priere-des-femmes\/\" \/>\n<meta property=\"og:site_name\" content=\"\u00c9glise Adventiste Du Septieme Jour - Inter Am\u00e9rique Division\" \/>\n<meta property=\"article:published_time\" content=\"2021-03-05T14:23:13+00:00\" \/>\n<meta property=\"article:modified_time\" content=\"2021-03-09T02:43:45+00:00\" \/>\n<meta property=\"og:image\" content=\"https:\/\/interamerica.org\/wp-content\/uploads\/2021\/03\/wilson-mar05.jpg\" \/>\n\t<meta property=\"og:image:width\" content=\"1280\" \/>\n\t<meta property=\"og:image:height\" content=\"800\" \/>\n\t<meta property=\"og:image:type\" content=\"image\/jpeg\" \/>\n<meta name=\"author\" content=\"libna\" \/>\n<meta name=\"twitter:card\" content=\"summary_large_image\" \/>\n<meta name=\"twitter:label1\" content=\"\u00c9crit par\" \/>\n\t<meta name=\"twitter:data1\" content=\"libna\" \/>\n\t<meta name=\"twitter:label2\" content=\"Dur\u00e9e de lecture estim\u00e9e\" \/>\n\t<meta name=\"twitter:data2\" content=\"6 minutes\" \/>\n<script type=\"application\/ld+json\" class=\"yoast-schema-graph\">{\"@context\":\"https:\\\/\\\/schema.org\",\"@graph\":[{\"@type\":\"Article\",\"@id\":\"https:\\\/\\\/interamerica.org\\\/fr\\\/2021\\\/03\\\/journee-de-priere-des-femmes\\\/#article\",\"isPartOf\":{\"@id\":\"https:\\\/\\\/interamerica.org\\\/fr\\\/2021\\\/03\\\/journee-de-priere-des-femmes\\\/\"},\"author\":{\"name\":\"libna\",\"@id\":\"https:\\\/\\\/interamerica.org\\\/fr\\\/#\\\/schema\\\/person\\\/29998f2bc2d8bd0d38662909289b54f1\"},\"headline\":\"Journ\u00e9e de pri\u00e8re des femmes\",\"datePublished\":\"2021-03-05T14:23:13+00:00\",\"dateModified\":\"2021-03-09T02:43:45+00:00\",\"mainEntityOfPage\":{\"@id\":\"https:\\\/\\\/interamerica.org\\\/fr\\\/2021\\\/03\\\/journee-de-priere-des-femmes\\\/\"},\"wordCount\":1483,\"image\":{\"@id\":\"https:\\\/\\\/interamerica.org\\\/fr\\\/2021\\\/03\\\/journee-de-priere-des-femmes\\\/#primaryimage\"},\"thumbnailUrl\":\"https:\\\/\\\/interamerica.org\\\/wp-content\\\/uploads\\\/2021\\\/03\\\/wilson-mar05.jpg\",\"articleSection\":[\"Nouvelles de l'\u00c9glise mondiale\",\"RSS Fran\u00e7ais\"],\"inLanguage\":\"fr-FR\"},{\"@type\":\"WebPage\",\"@id\":\"https:\\\/\\\/interamerica.org\\\/fr\\\/2021\\\/03\\\/journee-de-priere-des-femmes\\\/\",\"url\":\"https:\\\/\\\/interamerica.org\\\/fr\\\/2021\\\/03\\\/journee-de-priere-des-femmes\\\/\",\"name\":\"Journ\u00e9e de pri\u00e8re des femmes - \u00c9glise Adventiste Du Septieme Jour - Inter Am\u00e9rique Division\",\"isPartOf\":{\"@id\":\"https:\\\/\\\/interamerica.org\\\/fr\\\/#website\"},\"primaryImageOfPage\":{\"@id\":\"https:\\\/\\\/interamerica.org\\\/fr\\\/2021\\\/03\\\/journee-de-priere-des-femmes\\\/#primaryimage\"},\"image\":{\"@id\":\"https:\\\/\\\/interamerica.org\\\/fr\\\/2021\\\/03\\\/journee-de-priere-des-femmes\\\/#primaryimage\"},\"thumbnailUrl\":\"https:\\\/\\\/interamerica.org\\\/wp-content\\\/uploads\\\/2021\\\/03\\\/wilson-mar05.jpg\",\"datePublished\":\"2021-03-05T14:23:13+00:00\",\"dateModified\":\"2021-03-09T02:43:45+00:00\",\"author\":{\"@id\":\"https:\\\/\\\/interamerica.org\\\/fr\\\/#\\\/schema\\\/person\\\/29998f2bc2d8bd0d38662909289b54f1\"},\"breadcrumb\":{\"@id\":\"https:\\\/\\\/interamerica.org\\\/fr\\\/2021\\\/03\\\/journee-de-priere-des-femmes\\\/#breadcrumb\"},\"inLanguage\":\"fr-FR\",\"potentialAction\":[{\"@type\":\"ReadAction\",\"target\":[\"https:\\\/\\\/interamerica.org\\\/fr\\\/2021\\\/03\\\/journee-de-priere-des-femmes\\\/\"]}]},{\"@type\":\"ImageObject\",\"inLanguage\":\"fr-FR\",\"@id\":\"https:\\\/\\\/interamerica.org\\\/fr\\\/2021\\\/03\\\/journee-de-priere-des-femmes\\\/#primaryimage\",\"url\":\"https:\\\/\\\/interamerica.org\\\/wp-content\\\/uploads\\\/2021\\\/03\\\/wilson-mar05.jpg\",\"contentUrl\":\"https:\\\/\\\/interamerica.org\\\/wp-content\\\/uploads\\\/2021\\\/03\\\/wilson-mar05.jpg\",\"width\":1280,\"height\":800},{\"@type\":\"BreadcrumbList\",\"@id\":\"https:\\\/\\\/interamerica.org\\\/fr\\\/2021\\\/03\\\/journee-de-priere-des-femmes\\\/#breadcrumb\",\"itemListElement\":[{\"@type\":\"ListItem\",\"position\":1,\"name\":\"Home\",\"item\":\"https:\\\/\\\/interamerica.org\\\/fr\\\/\"},{\"@type\":\"ListItem\",\"position\":2,\"name\":\"Journ\u00e9e de pri\u00e8re des femmes\"}]},{\"@type\":\"WebSite\",\"@id\":\"https:\\\/\\\/interamerica.org\\\/fr\\\/#website\",\"url\":\"https:\\\/\\\/interamerica.org\\\/fr\\\/\",\"name\":\"\u00c9glise Adventiste Du Septieme Jour - Inter Am\u00e9rique Division\",\"description\":\"\",\"potentialAction\":[{\"@type\":\"SearchAction\",\"target\":{\"@type\":\"EntryPoint\",\"urlTemplate\":\"https:\\\/\\\/interamerica.org\\\/fr\\\/?s={search_term_string}\"},\"query-input\":{\"@type\":\"PropertyValueSpecification\",\"valueRequired\":true,\"valueName\":\"search_term_string\"}}],\"inLanguage\":\"fr-FR\"},{\"@type\":\"Person\",\"@id\":\"https:\\\/\\\/interamerica.org\\\/fr\\\/#\\\/schema\\\/person\\\/29998f2bc2d8bd0d38662909289b54f1\",\"name\":\"libna\",\"image\":{\"@type\":\"ImageObject\",\"inLanguage\":\"fr-FR\",\"@id\":\"https:\\\/\\\/secure.gravatar.com\\\/avatar\\\/7c5bd30ae4b47a9ba3c856590957fd1d96dc588bf3ac05719d247e126840331f?s=96&d=mm&r=g\",\"url\":\"https:\\\/\\\/secure.gravatar.com\\\/avatar\\\/7c5bd30ae4b47a9ba3c856590957fd1d96dc588bf3ac05719d247e126840331f?s=96&d=mm&r=g\",\"contentUrl\":\"https:\\\/\\\/secure.gravatar.com\\\/avatar\\\/7c5bd30ae4b47a9ba3c856590957fd1d96dc588bf3ac05719d247e126840331f?s=96&d=mm&r=g\",\"caption\":\"libna\"}}]}<\/script>\n<!-- \/ Yoast SEO plugin. -->","yoast_head_json":{"title":"Journ\u00e9e de pri\u00e8re des femmes - \u00c9glise Adventiste Du Septieme Jour - Inter Am\u00e9rique Division","robots":{"index":"index","follow":"follow","max-snippet":"max-snippet:-1","max-image-preview":"max-image-preview:large","max-video-preview":"max-video-preview:-1"},"canonical":"https:\/\/interamerica.org\/fr\/2021\/03\/journee-de-priere-des-femmes\/","og_locale":"fr_FR","og_type":"article","og_title":"Journ\u00e9e de pri\u00e8re des femmes - \u00c9glise Adventiste Du Septieme Jour - Inter Am\u00e9rique Division","og_description":"5 mars 2021 | Silver Spring, Maryland, \u00c9tats-Unis | Ted N.C. Wilson Ted : Mes amis, aujourd\u2019hui nous allons parler de quelque chose d\u2019une importance vitale pour chaque chr\u00e9tien, et...","og_url":"https:\/\/interamerica.org\/fr\/2021\/03\/journee-de-priere-des-femmes\/","og_site_name":"\u00c9glise Adventiste Du Septieme Jour - Inter Am\u00e9rique Division","article_published_time":"2021-03-05T14:23:13+00:00","article_modified_time":"2021-03-09T02:43:45+00:00","og_image":[{"width":1280,"height":800,"url":"https:\/\/interamerica.org\/wp-content\/uploads\/2021\/03\/wilson-mar05.jpg","type":"image\/jpeg"}],"author":"libna","twitter_card":"summary_large_image","twitter_misc":{"\u00c9crit par":"libna","Dur\u00e9e de lecture estim\u00e9e":"6 minutes"},"schema":{"@context":"https:\/\/schema.org","@graph":[{"@type":"Article","@id":"https:\/\/interamerica.org\/fr\/2021\/03\/journee-de-priere-des-femmes\/#article","isPartOf":{"@id":"https:\/\/interamerica.org\/fr\/2021\/03\/journee-de-priere-des-femmes\/"},"author":{"name":"libna","@id":"https:\/\/interamerica.org\/fr\/#\/schema\/person\/29998f2bc2d8bd0d38662909289b54f1"},"headline":"Journ\u00e9e de pri\u00e8re des femmes","datePublished":"2021-03-05T14:23:13+00:00","dateModified":"2021-03-09T02:43:45+00:00","mainEntityOfPage":{"@id":"https:\/\/interamerica.org\/fr\/2021\/03\/journee-de-priere-des-femmes\/"},"wordCount":1483,"image":{"@id":"https:\/\/interamerica.org\/fr\/2021\/03\/journee-de-priere-des-femmes\/#primaryimage"},"thumbnailUrl":"https:\/\/interamerica.org\/wp-content\/uploads\/2021\/03\/wilson-mar05.jpg","articleSection":["Nouvelles de l'\u00c9glise mondiale","RSS Fran\u00e7ais"],"inLanguage":"fr-FR"},{"@type":"WebPage","@id":"https:\/\/interamerica.org\/fr\/2021\/03\/journee-de-priere-des-femmes\/","url":"https:\/\/interamerica.org\/fr\/2021\/03\/journee-de-priere-des-femmes\/","name":"Journ\u00e9e de pri\u00e8re des femmes - \u00c9glise Adventiste Du Septieme Jour - Inter Am\u00e9rique Division","isPartOf":{"@id":"https:\/\/interamerica.org\/fr\/#website"},"primaryImageOfPage":{"@id":"https:\/\/interamerica.org\/fr\/2021\/03\/journee-de-priere-des-femmes\/#primaryimage"},"image":{"@id":"https:\/\/interamerica.org\/fr\/2021\/03\/journee-de-priere-des-femmes\/#primaryimage"},"thumbnailUrl":"https:\/\/interamerica.org\/wp-content\/uploads\/2021\/03\/wilson-mar05.jpg","datePublished":"2021-03-05T14:23:13+00:00","dateModified":"2021-03-09T02:43:45+00:00","author":{"@id":"https:\/\/interamerica.org\/fr\/#\/schema\/person\/29998f2bc2d8bd0d38662909289b54f1"},"breadcrumb":{"@id":"https:\/\/interamerica.org\/fr\/2021\/03\/journee-de-priere-des-femmes\/#breadcrumb"},"inLanguage":"fr-FR","potentialAction":[{"@type":"ReadAction","target":["https:\/\/interamerica.org\/fr\/2021\/03\/journee-de-priere-des-femmes\/"]}]},{"@type":"ImageObject","inLanguage":"fr-FR","@id":"https:\/\/interamerica.org\/fr\/2021\/03\/journee-de-priere-des-femmes\/#primaryimage","url":"https:\/\/interamerica.org\/wp-content\/uploads\/2021\/03\/wilson-mar05.jpg","contentUrl":"https:\/\/interamerica.org\/wp-content\/uploads\/2021\/03\/wilson-mar05.jpg","width":1280,"height":800},{"@type":"BreadcrumbList","@id":"https:\/\/interamerica.org\/fr\/2021\/03\/journee-de-priere-des-femmes\/#breadcrumb","itemListElement":[{"@type":"ListItem","position":1,"name":"Home","item":"https:\/\/interamerica.org\/fr\/"},{"@type":"ListItem","position":2,"name":"Journ\u00e9e de pri\u00e8re des femmes"}]},{"@type":"WebSite","@id":"https:\/\/interamerica.org\/fr\/#website","url":"https:\/\/interamerica.org\/fr\/","name":"\u00c9glise Adventiste Du Septieme Jour - Inter Am\u00e9rique Division","description":"","potentialAction":[{"@type":"SearchAction","target":{"@type":"EntryPoint","urlTemplate":"https:\/\/interamerica.org\/fr\/?s={search_term_string}"},"query-input":{"@type":"PropertyValueSpecification","valueRequired":true,"valueName":"search_term_string"}}],"inLanguage":"fr-FR"},{"@type":"Person","@id":"https:\/\/interamerica.org\/fr\/#\/schema\/person\/29998f2bc2d8bd0d38662909289b54f1","name":"libna","image":{"@type":"ImageObject","inLanguage":"fr-FR","@id":"https:\/\/secure.gravatar.com\/avatar\/7c5bd30ae4b47a9ba3c856590957fd1d96dc588bf3ac05719d247e126840331f?s=96&d=mm&r=g","url":"https:\/\/secure.gravatar.com\/avatar\/7c5bd30ae4b47a9ba3c856590957fd1d96dc588bf3ac05719d247e126840331f?s=96&d=mm&r=g","contentUrl":"https:\/\/secure.gravatar.com\/avatar\/7c5bd30ae4b47a9ba3c856590957fd1d96dc588bf3ac05719d247e126840331f?s=96&d=mm&r=g","caption":"libna"}}]}},"_links":{"self":[{"href":"https:\/\/interamerica.org\/fr\/wp-json\/wp\/v2\/posts\/69488","targetHints":{"allow":["GET"]}}],"collection":[{"href":"https:\/\/interamerica.org\/fr\/wp-json\/wp\/v2\/posts"}],"about":[{"href":"https:\/\/interamerica.org\/fr\/wp-json\/wp\/v2\/types\/post"}],"author":[{"embeddable":true,"href":"https:\/\/interamerica.org\/fr\/wp-json\/wp\/v2\/users\/3"}],"replies":[{"embeddable":true,"href":"https:\/\/interamerica.org\/fr\/wp-json\/wp\/v2\/comments?post=69488"}],"version-history":[{"count":0,"href":"https:\/\/interamerica.org\/fr\/wp-json\/wp\/v2\/posts\/69488\/revisions"}],"wp:featuredmedia":[{"embeddable":true,"href":"https:\/\/interamerica.org\/fr\/wp-json\/wp\/v2\/media\/69554"}],"wp:attachment":[{"href":"https:\/\/interamerica.org\/fr\/wp-json\/wp\/v2\/media?parent=69488"}],"wp:term":[{"taxonomy":"category","embeddable":true,"href":"https:\/\/interamerica.org\/fr\/wp-json\/wp\/v2\/categories?post=69488"},{"taxonomy":"post_tag","embeddable":true,"href":"https:\/\/interamerica.org\/fr\/wp-json\/wp\/v2\/tags?post=69488"}],"curies":[{"name":"wp","href":"https:\/\/api.w.org\/{rel}","templated":true}]}}