{"id":69563,"date":"2021-03-02T18:18:32","date_gmt":"2021-03-02T22:18:32","guid":{"rendered":"https:\/\/recursing-golick.147-182-135-0.plesk.page\/?p=69563"},"modified":"2021-03-04T09:57:39","modified_gmt":"2021-03-04T13:57:39","slug":"le-seminaire-adventiste-en-inter-amerique-celebre-avec-les-pasteurs-qui-ont-termine-leurs-etudes-superieures-en-2020","status":"publish","type":"post","link":"https:\/\/interamerica.org\/fr\/2021\/03\/le-seminaire-adventiste-en-inter-amerique-celebre-avec-les-pasteurs-qui-ont-termine-leurs-etudes-superieures-en-2020\/","title":{"rendered":"Le s\u00e9minaire adventiste en Inter Am\u00e9rique c\u00e9l\u00e8bre avec les pasteurs qui ont termin\u00e9 leurs \u00e9tudes sup\u00e9rieures en 2020"},"content":{"rendered":"<p>2 Mars 2021 | Miami, Floride, \u00c9tats-Unis | Libna Stevens, P\u00f4le Informations de la Division Inter Am\u00e9ricaine<\/p>\n<p>Pr\u00e8s de 100 pasteurs du territoire de l\u2019\u00c9glise adventiste du septi\u00e8me jour en Inter Am\u00e9rique ont \u00e9t\u00e9 honor\u00e9s pour avoir termin\u00e9 la formation de troisi\u00e8me cycle propos\u00e9e par le S\u00e9minaire Th\u00e9ologique Adventiste Inter Am\u00e9ricain (SETAI) lors d\u2019un programme sp\u00e9cial en ligne, le 27 f\u00e9vrier 2021.<\/p>\n<p>La c\u00e9l\u00e9bration universitaire a r\u00e9uni des dirigeants de l\u2019\u00e9glise qui ont f\u00e9licit\u00e9 les pasteurs qui ont \u00e9t\u00e9 oblig\u00e9s de s\u2019inscrire \u00e0 des cours virtuels pour terminer leurs formations dipl\u00f4mantes au cours d\u2019une ann\u00e9e de pand\u00e9mie et de restrictions qui ont amen\u00e9 l\u2019annulation des cours d\u2019\u00e9t\u00e9 en personne sur les campus affili\u00e9s du territoire de la Division Inter Am\u00e9ricaine (DIA) en 2020.<\/p>\n<p>\u00ab Le S\u00e9minaire Th\u00e9ologique Adventiste Inter Am\u00e9ricain nous r\u00e9unit aujourd\u2019hui dans une grande salle virtuelle pour une grande c\u00e9r\u00e9monie qui a une signification importante dans ces temps que nous vivons, \u00bb a d\u00e9clar\u00e9 le Dr Elie Henry, pr\u00e9sident de l\u2019\u00c9glise adventiste en Inter Am\u00e9rique et pr\u00e9sident du conseil d\u2019administration de l\u2019institution. \u00ab Je voudrais f\u00e9liciter tous les professeurs qui ont travaill\u00e9 avec diligence pour aider nos pasteurs \u00e0 acqu\u00e9rir plus de connaissances bibliques et th\u00e9ologiques afin de comprendre la r\u00e9v\u00e9lation de Dieu. \u00bb<\/p>\n<p><div id=\"attachment_69501\" style=\"width: 813px\" class=\"wp-caption aligncenter\"><img fetchpriority=\"high\" decoding=\"async\" aria-describedby=\"caption-attachment-69501\" class=\" wp-image-69500\" src=\"https:\/\/recursing-golick.147-182-135-0.plesk.page\/wp-content\/uploads\/2021\/03\/elie-henry-iats-academic-ceremony-1024x603.jpg\" alt=\"\" width=\"803\" height=\"473\" srcset=\"https:\/\/interamerica.org\/wp-content\/uploads\/2021\/03\/elie-henry-iats-academic-ceremony-1024x603.jpg 1024w, https:\/\/interamerica.org\/wp-content\/uploads\/2021\/03\/elie-henry-iats-academic-ceremony-300x177.jpg 300w, https:\/\/interamerica.org\/wp-content\/uploads\/2021\/03\/elie-henry-iats-academic-ceremony-768x452.jpg 768w, https:\/\/interamerica.org\/wp-content\/uploads\/2021\/03\/elie-henry-iats-academic-ceremony.jpg 1050w\" sizes=\"(max-width: 803px) 100vw, 803px\" \/><p id=\"caption-attachment-69501\" class=\"wp-caption-text\">Le pr\u00e9sident de la DIA et pr\u00e9sident du conseil d\u2019administration du SETAI, Dr Elie Henry, f\u00e9licite les dizaines d\u2019\u00e9tudiants pour avoir termin\u00e9 leur dipl\u00f4me de troisi\u00e8me cycle en Inter Am\u00e9rique lors de la c\u00e9l\u00e9bration universitaire en ligne, le 27 f\u00e9vrier 2021. [Photo : Capture d\u2019\u00e9cran DIA]<\/p><\/div>Dr Henry a f\u00e9licit\u00e9 les dipl\u00f4m\u00e9s pour leur engagement et leurs efforts au cours d\u2019une ann\u00e9e marqu\u00e9e par des crises mais aussi par des opportunit\u00e9s de mission. Il a affirm\u00e9 que le SETAI avait continu\u00e9 d\u2019avancer avec cr\u00e9ativit\u00e9, force et talents pour l\u2019enseignement et la pr\u00e9paration th\u00e9ologique des pasteurs dans tout le territoire de la Division Inter Am\u00e9ricaine (DIA).<\/p>\n<p><strong>Le SETAI et son engagement <\/strong><\/p>\n<p>Un moment de silence a \u00e9t\u00e9 observ\u00e9 en m\u00e9moire de plusieurs professeurs, pasteurs \u00e9tudiants et anciens \u00e9tudiants d\u00e9c\u00e9d\u00e9s du coronavirus depuis l\u2019ann\u00e9e derni\u00e8re.<\/p>\n<p>Avec ce programme en ligne, c\u2019\u00e9tait la premi\u00e8re fois, depuis sa cr\u00e9ation ind\u00e9pendante en 2004, que le SETAI organisait une c\u00e9r\u00e9monie de remise des dipl\u00f4mes en dehors de ses campus universitaires adventistes affili\u00e9s sur tout le territoire de la DIA, a d\u00e9clar\u00e9 Dr Efra\u00edn Vel\u00e1zquez, pr\u00e9sident du SETAI.<\/p>\n<p><div id=\"attachment_69504\" style=\"width: 810px\" class=\"wp-caption aligncenter\"><img decoding=\"async\" aria-describedby=\"caption-attachment-69504\" class=\" wp-image-69503\" src=\"https:\/\/recursing-golick.147-182-135-0.plesk.page\/wp-content\/uploads\/2021\/03\/efrain-velazquez-iats-academic-ceremony-feb2021-1024x640.jpg\" alt=\"\" width=\"800\" height=\"500\" srcset=\"https:\/\/interamerica.org\/wp-content\/uploads\/2021\/03\/efrain-velazquez-iats-academic-ceremony-feb2021-1024x640.jpg 1024w, https:\/\/interamerica.org\/wp-content\/uploads\/2021\/03\/efrain-velazquez-iats-academic-ceremony-feb2021-300x188.jpg 300w, https:\/\/interamerica.org\/wp-content\/uploads\/2021\/03\/efrain-velazquez-iats-academic-ceremony-feb2021-768x480.jpg 768w, https:\/\/interamerica.org\/wp-content\/uploads\/2021\/03\/efrain-velazquez-iats-academic-ceremony-feb2021.jpg 1280w\" sizes=\"(max-width: 800px) 100vw, 800px\" \/><p id=\"caption-attachment-69504\" class=\"wp-caption-text\">Le pr\u00e9sident du SETAI, Dr. Efra\u00edn Vel\u00e1zquez, a d\u00e9clar\u00e9 que le s\u00e9minaire cherchait \u00e0 approfondir la connaissance de la Bible, \u00e0 \u00e9lever les piliers doctrinaux et \u00e0 proclamer l\u2019esp\u00e9rance pour les pasteurs \u00e0 travers ses programmes de formation universitaire. [Photo : Capture d\u2019\u00e9cran DIA]<\/p><\/div>\u00ab Le SETAI est la seule institution de la Division Inter Am\u00e9ricaine \u00e0 proposer des dipl\u00f4mes d\u2019enseignement sup\u00e9rieur dans les domaines th\u00e9ologique, biblique et pastoral, \u00bb a d\u00e9clar\u00e9 Dr Vel\u00e1zquez. \u00ab Notre engagement est de pouvoir approfondir la connaissance de la Parole, \u00e9lever les piliers doctrinaux et proclamer l\u2019esp\u00e9rance par la gr\u00e2ce du ciel. \u00bb<\/p>\n<p>Le SETAI peut d\u00e9cerner des dipl\u00f4mes gr\u00e2ce \u00e0 la reconnaissance qu\u2019il a re\u00e7ue et acquise aux \u00c9tats-Unis d\u2019Am\u00e9rique et dans le Commonwealth de Porto Rico, a expliqu\u00e9 Dr Vel\u00e1zquez. Les programmes propos\u00e9s comprennent une ma\u00eetrise en th\u00e9ologie pastorale, une ma\u00eetrise en \u00e9tudes th\u00e9ologiques bibliques et un doctorat en minist\u00e8re.<\/p>\n<p>Les dipl\u00f4mes et certificats sont reconnus par l\u2019accr\u00e9ditation de l\u2019Association Adventiste d\u2019Accr\u00e9ditation et de l\u2019Association des Facult\u00e9s de Th\u00e9ologie des \u00c9tats-Unis et du Canada, c\u2019est aussi le cas pour une licence du concile de l\u2019\u00e9ducation de Porto Rico.<\/p>\n<p><div id=\"attachment_69507\" style=\"width: 810px\" class=\"wp-caption aligncenter\"><img decoding=\"async\" aria-describedby=\"caption-attachment-69507\" class=\" wp-image-69507\" src=\"https:\/\/recursing-golick.147-182-135-0.plesk.page\/wp-content\/uploads\/2021\/03\/iats-marco-meza-aau-mapf.jpg\" alt=\"\" width=\"800\" height=\"501\" srcset=\"https:\/\/interamerica.org\/wp-content\/uploads\/2021\/03\/iats-marco-meza-aau-mapf.jpg 1000w, https:\/\/interamerica.org\/wp-content\/uploads\/2021\/03\/iats-marco-meza-aau-mapf-300x188.jpg 300w, https:\/\/interamerica.org\/wp-content\/uploads\/2021\/03\/iats-marco-meza-aau-mapf-768x480.jpg 768w\" sizes=\"(max-width: 800px) 100vw, 800px\" \/><p id=\"caption-attachment-69507\" class=\"wp-caption-text\">Marco Meza, du campus de l\u2019Universit\u00e9 Adventiste des Antilles \u00e0 Porto Rico, se voit d\u00e9cerner une ma\u00eetrise en th\u00e9ologie pastorale du SETAI. [Photo : Capture d\u2019\u00e9cran DIA]<\/p><\/div>Parmi ceux qui ont obtenu leur dipl\u00f4me \u00e0 partir de 2020, il y a des \u00e9tudiants des campus du Costa Rica, de Cuba, de la R\u00e9publique Dominicaine, de la Jama\u00efque, du Mexique, de Porto Rico et de Trinidad.<\/p>\n<p><strong>D\u00e9fis pendant la crise li\u00e9e \u00e0 la pand\u00e9mie<\/strong><\/p>\n<p>\u00ab Ce sont des moments difficiles, pleins de d\u00e9fis, mais au milieu de ces circonstances, Dieu continue d\u2019appeler : \u2018Qui enverrai-je ?\u2019 \u00bb, a dit Dr Vel\u00e1zquez. \u00ab En obtenant ces titres, nous ne sommes pas automatiquement qualifi\u00e9s pour cette mission que Dieu nous a confi\u00e9e. Il vous appelle \u00e0 nouveau parce que ce n\u2019est pas une exp\u00e9rience pour laquelle vous recevez un dipl\u00f4me apr\u00e8s l\u2019avoir achev\u00e9e, c\u2019est une exp\u00e9rience quotidienne. \u00bb Il s\u2019agit de dire tous les jours : \u00ab J\u2019Irai, \u00bb me voici, envoie-moi, a ajout\u00e9 Efra\u00edn Vel\u00e1zquez.<\/p>\n<p>Malgr\u00e9 les ajustements li\u00e9s \u00e0 la transition de l\u2019enseignement sur le campus aux cours en ligne \u00e0 distance, l\u2019ann\u00e9e s\u2019est av\u00e9r\u00e9e \u00eatre \u00e0 nulle autre pareille, a dit Dr Vel\u00e1zquez. Avant la pand\u00e9mie, les professeurs se rendaient sur le campus des 10 sites d\u2019universit\u00e9 adventistes pour des semaines d\u2019enseignement aux \u00e9tudiants inscrits aux programmes d\u2019\u00e9tudes sup\u00e9rieures. Mais l\u2019ann\u00e9e derni\u00e8re, les \u00e9tudiants des trois programmes se sont connect\u00e9s en ligne depuis d\u2019autres pays pour \u00e9tudier ensemble. \u00ab Cela s\u2019est av\u00e9r\u00e9 \u00eatre une merveilleuse opportunit\u00e9 pour des amiti\u00e9s et des \u00e9changes pastoraux qui ont donn\u00e9 l\u2019occasion \u00e0 de nombreux pasteurs de pr\u00eacher dans diff\u00e9rentes congr\u00e9gations par le biais d\u2019internet tout au long de l\u2019ann\u00e9e, \u00bb a-t-il ajout\u00e9.<\/p>\n<p><div id=\"attachment_69510\" style=\"width: 811px\" class=\"wp-caption aligncenter\"><img loading=\"lazy\" decoding=\"async\" aria-describedby=\"caption-attachment-69510\" class=\" wp-image-69509\" src=\"https:\/\/recursing-golick.147-182-135-0.plesk.page\/wp-content\/uploads\/2021\/03\/iats-academic-ceremony-beverly-samaroo-mapath-1024x597.jpg\" alt=\"\" width=\"801\" height=\"467\" srcset=\"https:\/\/interamerica.org\/wp-content\/uploads\/2021\/03\/iats-academic-ceremony-beverly-samaroo-mapath-1024x597.jpg 1024w, https:\/\/interamerica.org\/wp-content\/uploads\/2021\/03\/iats-academic-ceremony-beverly-samaroo-mapath-300x175.jpg 300w, https:\/\/interamerica.org\/wp-content\/uploads\/2021\/03\/iats-academic-ceremony-beverly-samaroo-mapath-768x448.jpg 768w, https:\/\/interamerica.org\/wp-content\/uploads\/2021\/03\/iats-academic-ceremony-beverly-samaroo-mapath.jpg 1280w\" sizes=\"(max-width: 801px) 100vw, 801px\" \/><p id=\"caption-attachment-69510\" class=\"wp-caption-text\">Beverly Samaroo-Warner de l\u2019Universit\u00e9 du Sud de la Cara\u00efbe \u00e0 Trinidad re\u00e7oit une ma\u00eetrise en th\u00e9ologie pastorale du SETAI. [Photo : Capture d\u2019\u00e9cran DIA]<\/p><\/div>Les connexions en ligne se sont av\u00e9r\u00e9es \u00eatre difficiles \u00e0 Cuba, a ajout\u00e9 Dr Vel\u00e1zquez. \u00ab Certains des \u00e9tudiants du s\u00e9minaire sur place ont demand\u00e9 \u00e0 des amis de t\u00e9l\u00e9charger les cours depuis d\u2019autres pays et de les leur envoyer par messagerie afin qu\u2019ils puissent participer aux cours requis, \u00bb a-t-il d\u00e9clar\u00e9. \u00ab Nous sommes ravis de ce qu\u2019autant de personnes aient termin\u00e9 avec succ\u00e8s leurs \u00e9tudes, m\u00eame au milieu de tant de difficult\u00e9s l\u2019ann\u00e9e derni\u00e8re. \u00bb<\/p>\n<p>Chacun des 77 dipl\u00f4m\u00e9s et les dipl\u00f4mes qui leur \u00e9tait d\u00e9cern\u00e9s, ont \u00e9t\u00e9 nomm\u00e9s tout au long du programme en ligne par Ketlie Henry, la secr\u00e9taire administrative universitaire.<\/p>\n<p>Les dipl\u00f4m\u00e9s de cette ann\u00e9e s\u2019ajoutent aux plus de 1200 pasteurs de la DIA qui ont obtenu des dipl\u00f4mes de la DIA au cours des 16 derni\u00e8res ann\u00e9es.<\/p>\n<p>Les \u00e9tudiants de troisi\u00e8me cycle recevront leurs dipl\u00f4mes dans les semaines \u00e0 venir, ont indiqu\u00e9 les dirigeants du SETAI.<\/p>\n<p><div id=\"attachment_69513\" style=\"width: 810px\" class=\"wp-caption aligncenter\"><img loading=\"lazy\" decoding=\"async\" aria-describedby=\"caption-attachment-69513\" class=\" wp-image-69513\" src=\"https:\/\/recursing-golick.147-182-135-0.plesk.page\/wp-content\/uploads\/2021\/03\/iats-academic-ceremony-kent-price.jpg\" alt=\"\" width=\"800\" height=\"477\" srcset=\"https:\/\/interamerica.org\/wp-content\/uploads\/2021\/03\/iats-academic-ceremony-kent-price.jpg 1000w, https:\/\/interamerica.org\/wp-content\/uploads\/2021\/03\/iats-academic-ceremony-kent-price-300x179.jpg 300w, https:\/\/interamerica.org\/wp-content\/uploads\/2021\/03\/iats-academic-ceremony-kent-price-768x457.jpg 768w\" sizes=\"(max-width: 800px) 100vw, 800px\" \/><p id=\"caption-attachment-69513\" class=\"wp-caption-text\">Kent Price de l\u2019Universit\u00e9 du Nord de la Cara\u00efbe en Jama\u00efque, re\u00e7oit un doctorat en minist\u00e8re du SETAI. [Photo : Capture d\u2019\u00e9cran DIA]<\/p><\/div><strong>A propos du SETAI<\/strong><\/p>\n<p>Le S\u00e9minaire Th\u00e9ologique Adventiste Inter Am\u00e9ricain est l\u2019institution d\u2019\u00e9tudes sup\u00e9rieures th\u00e9ologiques \u00e9tablie par l\u2019\u00c9glise adventiste du septi\u00e8me jour en tant qu\u2019institution \u00e0 but non lucratif enregistr\u00e9e en Floride et dans le Commonwealth de Porto Rico. Le SETAI a \u00e9t\u00e9 cr\u00e9\u00e9 pour apporter des connaissances et des valeurs fondamentales en formant les personnes au minist\u00e8re chr\u00e9tien et en proclamant au monde l\u2019esp\u00e9rance de l\u2019Av\u00e8nement.<\/p>\n<p>Le SETAI a d\u2019abord \u00e9t\u00e9 form\u00e9 gr\u00e2ce \u00e0 une affiliation avec l\u2019Universit\u00e9 Andrews en 1996, et plus tard en 2004, a commenc\u00e9 \u00e0 offrir des programmes d\u2019\u00e9tudes sup\u00e9rieures en tant que s\u00e9minaire th\u00e9ologique ind\u00e9pendant pour les pasteurs nomm\u00e9s par leurs territoires eccl\u00e9siaux r\u00e9gionaux pour une formation de troisi\u00e8me cycle.<\/p>\n<p>Pour en savoir plus sur les programmes et les initiatives du SETAI, visitez le site<br \/>\n<a href=\"https:\/\/www.setai.edu\/\">setai.edu<\/a><\/p>\n<p>Pour regarder la c\u00e9l\u00e9bration universitaire du SETAI du 27 f\u00e9vrier, cliquez <a href=\"https:\/\/www.youtube.com\/watch?v=vwiSObe-q58&amp;feature=youtu.be\">ICI<\/a><\/p>\n<p>Traduction: Patrick Luciathe<\/p>\n","protected":false},"excerpt":{"rendered":"<p>2 Mars 2021 | Miami, Floride, \u00c9tats-Unis | Libna Stevens, P\u00f4le Informations de la Division Inter Am\u00e9ricaine Pr\u00e8s de 100 pasteurs du territoire de l\u2019\u00c9glise adventiste du septi\u00e8me jour en&#8230;<\/p>\n","protected":false},"author":3,"featured_media":69494,"comment_status":"closed","ping_status":"closed","sticky":false,"template":"","format":"standard","meta":{"_acf_changed":false,"footnotes":""},"categories":[20,19],"tags":[],"class_list":["post-69563","post","type-post","status-publish","format-standard","has-post-thumbnail","hentry","category-nouvelles-du-siege-de-la-division","category-rss-francais"],"acf":[],"yoast_head":"<!-- This site is optimized with the Yoast SEO plugin v27.3 - https:\/\/yoast.com\/product\/yoast-seo-wordpress\/ -->\n<title>Le s\u00e9minaire adventiste en Inter Am\u00e9rique c\u00e9l\u00e8bre avec les pasteurs qui ont termin\u00e9 leurs \u00e9tudes sup\u00e9rieures en 2020 - \u00c9glise Adventiste Du Septieme Jour - Inter Am\u00e9rique Division<\/title>\n<meta name=\"robots\" content=\"index, follow, max-snippet:-1, max-image-preview:large, max-video-preview:-1\" \/>\n<link rel=\"canonical\" href=\"https:\/\/interamerica.org\/fr\/2021\/03\/le-seminaire-adventiste-en-inter-amerique-celebre-avec-les-pasteurs-qui-ont-termine-leurs-etudes-superieures-en-2020\/\" \/>\n<meta property=\"og:locale\" content=\"fr_FR\" \/>\n<meta property=\"og:type\" content=\"article\" \/>\n<meta property=\"og:title\" content=\"Le s\u00e9minaire adventiste en Inter Am\u00e9rique c\u00e9l\u00e8bre avec les pasteurs qui ont termin\u00e9 leurs \u00e9tudes sup\u00e9rieures en 2020 - \u00c9glise Adventiste Du Septieme Jour - Inter Am\u00e9rique Division\" \/>\n<meta property=\"og:description\" content=\"2 Mars 2021 | Miami, Floride, \u00c9tats-Unis | Libna Stevens, P\u00f4le Informations de la Division Inter Am\u00e9ricaine Pr\u00e8s de 100 pasteurs du territoire de l\u2019\u00c9glise adventiste du septi\u00e8me jour en...\" \/>\n<meta property=\"og:url\" content=\"https:\/\/interamerica.org\/fr\/2021\/03\/le-seminaire-adventiste-en-inter-amerique-celebre-avec-les-pasteurs-qui-ont-termine-leurs-etudes-superieures-en-2020\/\" \/>\n<meta property=\"og:site_name\" content=\"\u00c9glise Adventiste Du Septieme Jour - Inter Am\u00e9rique Division\" \/>\n<meta property=\"article:published_time\" content=\"2021-03-02T22:18:32+00:00\" \/>\n<meta property=\"article:modified_time\" content=\"2021-03-04T13:57:39+00:00\" \/>\n<meta property=\"og:image\" content=\"https:\/\/interamerica.org\/wp-content\/uploads\/2021\/03\/iats-academic-ceremony-feb2021.jpg\" \/>\n\t<meta property=\"og:image:width\" content=\"1000\" \/>\n\t<meta property=\"og:image:height\" content=\"625\" \/>\n\t<meta property=\"og:image:type\" content=\"image\/jpeg\" \/>\n<meta name=\"author\" content=\"libna\" \/>\n<meta name=\"twitter:card\" content=\"summary_large_image\" \/>\n<meta name=\"twitter:label1\" content=\"\u00c9crit par\" \/>\n\t<meta name=\"twitter:data1\" content=\"libna\" \/>\n\t<meta name=\"twitter:label2\" content=\"Dur\u00e9e de lecture estim\u00e9e\" \/>\n\t<meta name=\"twitter:data2\" content=\"7 minutes\" \/>\n<script type=\"application\/ld+json\" class=\"yoast-schema-graph\">{\"@context\":\"https:\\\/\\\/schema.org\",\"@graph\":[{\"@type\":\"Article\",\"@id\":\"https:\\\/\\\/interamerica.org\\\/fr\\\/2021\\\/03\\\/le-seminaire-adventiste-en-inter-amerique-celebre-avec-les-pasteurs-qui-ont-termine-leurs-etudes-superieures-en-2020\\\/#article\",\"isPartOf\":{\"@id\":\"https:\\\/\\\/interamerica.org\\\/fr\\\/2021\\\/03\\\/le-seminaire-adventiste-en-inter-amerique-celebre-avec-les-pasteurs-qui-ont-termine-leurs-etudes-superieures-en-2020\\\/\"},\"author\":{\"name\":\"libna\",\"@id\":\"https:\\\/\\\/interamerica.org\\\/fr\\\/#\\\/schema\\\/person\\\/29998f2bc2d8bd0d38662909289b54f1\"},\"headline\":\"Le s\u00e9minaire adventiste en Inter Am\u00e9rique c\u00e9l\u00e8bre avec les pasteurs qui ont termin\u00e9 leurs \u00e9tudes sup\u00e9rieures en 2020\",\"datePublished\":\"2021-03-02T22:18:32+00:00\",\"dateModified\":\"2021-03-04T13:57:39+00:00\",\"mainEntityOfPage\":{\"@id\":\"https:\\\/\\\/interamerica.org\\\/fr\\\/2021\\\/03\\\/le-seminaire-adventiste-en-inter-amerique-celebre-avec-les-pasteurs-qui-ont-termine-leurs-etudes-superieures-en-2020\\\/\"},\"wordCount\":1453,\"image\":{\"@id\":\"https:\\\/\\\/interamerica.org\\\/fr\\\/2021\\\/03\\\/le-seminaire-adventiste-en-inter-amerique-celebre-avec-les-pasteurs-qui-ont-termine-leurs-etudes-superieures-en-2020\\\/#primaryimage\"},\"thumbnailUrl\":\"https:\\\/\\\/interamerica.org\\\/wp-content\\\/uploads\\\/2021\\\/03\\\/iats-academic-ceremony-feb2021.jpg\",\"articleSection\":[\"Nouvelles du si\u00e8ge de la division\",\"RSS Fran\u00e7ais\"],\"inLanguage\":\"fr-FR\"},{\"@type\":\"WebPage\",\"@id\":\"https:\\\/\\\/interamerica.org\\\/fr\\\/2021\\\/03\\\/le-seminaire-adventiste-en-inter-amerique-celebre-avec-les-pasteurs-qui-ont-termine-leurs-etudes-superieures-en-2020\\\/\",\"url\":\"https:\\\/\\\/interamerica.org\\\/fr\\\/2021\\\/03\\\/le-seminaire-adventiste-en-inter-amerique-celebre-avec-les-pasteurs-qui-ont-termine-leurs-etudes-superieures-en-2020\\\/\",\"name\":\"Le s\u00e9minaire adventiste en Inter Am\u00e9rique c\u00e9l\u00e8bre avec les pasteurs qui ont termin\u00e9 leurs \u00e9tudes sup\u00e9rieures en 2020 - \u00c9glise Adventiste Du Septieme Jour - Inter Am\u00e9rique Division\",\"isPartOf\":{\"@id\":\"https:\\\/\\\/interamerica.org\\\/fr\\\/#website\"},\"primaryImageOfPage\":{\"@id\":\"https:\\\/\\\/interamerica.org\\\/fr\\\/2021\\\/03\\\/le-seminaire-adventiste-en-inter-amerique-celebre-avec-les-pasteurs-qui-ont-termine-leurs-etudes-superieures-en-2020\\\/#primaryimage\"},\"image\":{\"@id\":\"https:\\\/\\\/interamerica.org\\\/fr\\\/2021\\\/03\\\/le-seminaire-adventiste-en-inter-amerique-celebre-avec-les-pasteurs-qui-ont-termine-leurs-etudes-superieures-en-2020\\\/#primaryimage\"},\"thumbnailUrl\":\"https:\\\/\\\/interamerica.org\\\/wp-content\\\/uploads\\\/2021\\\/03\\\/iats-academic-ceremony-feb2021.jpg\",\"datePublished\":\"2021-03-02T22:18:32+00:00\",\"dateModified\":\"2021-03-04T13:57:39+00:00\",\"author\":{\"@id\":\"https:\\\/\\\/interamerica.org\\\/fr\\\/#\\\/schema\\\/person\\\/29998f2bc2d8bd0d38662909289b54f1\"},\"breadcrumb\":{\"@id\":\"https:\\\/\\\/interamerica.org\\\/fr\\\/2021\\\/03\\\/le-seminaire-adventiste-en-inter-amerique-celebre-avec-les-pasteurs-qui-ont-termine-leurs-etudes-superieures-en-2020\\\/#breadcrumb\"},\"inLanguage\":\"fr-FR\",\"potentialAction\":[{\"@type\":\"ReadAction\",\"target\":[\"https:\\\/\\\/interamerica.org\\\/fr\\\/2021\\\/03\\\/le-seminaire-adventiste-en-inter-amerique-celebre-avec-les-pasteurs-qui-ont-termine-leurs-etudes-superieures-en-2020\\\/\"]}]},{\"@type\":\"ImageObject\",\"inLanguage\":\"fr-FR\",\"@id\":\"https:\\\/\\\/interamerica.org\\\/fr\\\/2021\\\/03\\\/le-seminaire-adventiste-en-inter-amerique-celebre-avec-les-pasteurs-qui-ont-termine-leurs-etudes-superieures-en-2020\\\/#primaryimage\",\"url\":\"https:\\\/\\\/interamerica.org\\\/wp-content\\\/uploads\\\/2021\\\/03\\\/iats-academic-ceremony-feb2021.jpg\",\"contentUrl\":\"https:\\\/\\\/interamerica.org\\\/wp-content\\\/uploads\\\/2021\\\/03\\\/iats-academic-ceremony-feb2021.jpg\",\"width\":1000,\"height\":625},{\"@type\":\"BreadcrumbList\",\"@id\":\"https:\\\/\\\/interamerica.org\\\/fr\\\/2021\\\/03\\\/le-seminaire-adventiste-en-inter-amerique-celebre-avec-les-pasteurs-qui-ont-termine-leurs-etudes-superieures-en-2020\\\/#breadcrumb\",\"itemListElement\":[{\"@type\":\"ListItem\",\"position\":1,\"name\":\"Home\",\"item\":\"https:\\\/\\\/interamerica.org\\\/fr\\\/\"},{\"@type\":\"ListItem\",\"position\":2,\"name\":\"Le s\u00e9minaire adventiste en Inter Am\u00e9rique c\u00e9l\u00e8bre avec les pasteurs qui ont termin\u00e9 leurs \u00e9tudes sup\u00e9rieures en 2020\"}]},{\"@type\":\"WebSite\",\"@id\":\"https:\\\/\\\/interamerica.org\\\/fr\\\/#website\",\"url\":\"https:\\\/\\\/interamerica.org\\\/fr\\\/\",\"name\":\"\u00c9glise Adventiste Du Septieme Jour - Inter Am\u00e9rique Division\",\"description\":\"\",\"potentialAction\":[{\"@type\":\"SearchAction\",\"target\":{\"@type\":\"EntryPoint\",\"urlTemplate\":\"https:\\\/\\\/interamerica.org\\\/fr\\\/?s={search_term_string}\"},\"query-input\":{\"@type\":\"PropertyValueSpecification\",\"valueRequired\":true,\"valueName\":\"search_term_string\"}}],\"inLanguage\":\"fr-FR\"},{\"@type\":\"Person\",\"@id\":\"https:\\\/\\\/interamerica.org\\\/fr\\\/#\\\/schema\\\/person\\\/29998f2bc2d8bd0d38662909289b54f1\",\"name\":\"libna\",\"image\":{\"@type\":\"ImageObject\",\"inLanguage\":\"fr-FR\",\"@id\":\"https:\\\/\\\/secure.gravatar.com\\\/avatar\\\/7c5bd30ae4b47a9ba3c856590957fd1d96dc588bf3ac05719d247e126840331f?s=96&d=mm&r=g\",\"url\":\"https:\\\/\\\/secure.gravatar.com\\\/avatar\\\/7c5bd30ae4b47a9ba3c856590957fd1d96dc588bf3ac05719d247e126840331f?s=96&d=mm&r=g\",\"contentUrl\":\"https:\\\/\\\/secure.gravatar.com\\\/avatar\\\/7c5bd30ae4b47a9ba3c856590957fd1d96dc588bf3ac05719d247e126840331f?s=96&d=mm&r=g\",\"caption\":\"libna\"}}]}<\/script>\n<!-- \/ Yoast SEO plugin. -->","yoast_head_json":{"title":"Le s\u00e9minaire adventiste en Inter Am\u00e9rique c\u00e9l\u00e8bre avec les pasteurs qui ont termin\u00e9 leurs \u00e9tudes sup\u00e9rieures en 2020 - \u00c9glise Adventiste Du Septieme Jour - Inter Am\u00e9rique Division","robots":{"index":"index","follow":"follow","max-snippet":"max-snippet:-1","max-image-preview":"max-image-preview:large","max-video-preview":"max-video-preview:-1"},"canonical":"https:\/\/interamerica.org\/fr\/2021\/03\/le-seminaire-adventiste-en-inter-amerique-celebre-avec-les-pasteurs-qui-ont-termine-leurs-etudes-superieures-en-2020\/","og_locale":"fr_FR","og_type":"article","og_title":"Le s\u00e9minaire adventiste en Inter Am\u00e9rique c\u00e9l\u00e8bre avec les pasteurs qui ont termin\u00e9 leurs \u00e9tudes sup\u00e9rieures en 2020 - \u00c9glise Adventiste Du Septieme Jour - Inter Am\u00e9rique Division","og_description":"2 Mars 2021 | Miami, Floride, \u00c9tats-Unis | Libna Stevens, P\u00f4le Informations de la Division Inter Am\u00e9ricaine Pr\u00e8s de 100 pasteurs du territoire de l\u2019\u00c9glise adventiste du septi\u00e8me jour en...","og_url":"https:\/\/interamerica.org\/fr\/2021\/03\/le-seminaire-adventiste-en-inter-amerique-celebre-avec-les-pasteurs-qui-ont-termine-leurs-etudes-superieures-en-2020\/","og_site_name":"\u00c9glise Adventiste Du Septieme Jour - Inter Am\u00e9rique Division","article_published_time":"2021-03-02T22:18:32+00:00","article_modified_time":"2021-03-04T13:57:39+00:00","og_image":[{"width":1000,"height":625,"url":"https:\/\/interamerica.org\/wp-content\/uploads\/2021\/03\/iats-academic-ceremony-feb2021.jpg","type":"image\/jpeg"}],"author":"libna","twitter_card":"summary_large_image","twitter_misc":{"\u00c9crit par":"libna","Dur\u00e9e de lecture estim\u00e9e":"7 minutes"},"schema":{"@context":"https:\/\/schema.org","@graph":[{"@type":"Article","@id":"https:\/\/interamerica.org\/fr\/2021\/03\/le-seminaire-adventiste-en-inter-amerique-celebre-avec-les-pasteurs-qui-ont-termine-leurs-etudes-superieures-en-2020\/#article","isPartOf":{"@id":"https:\/\/interamerica.org\/fr\/2021\/03\/le-seminaire-adventiste-en-inter-amerique-celebre-avec-les-pasteurs-qui-ont-termine-leurs-etudes-superieures-en-2020\/"},"author":{"name":"libna","@id":"https:\/\/interamerica.org\/fr\/#\/schema\/person\/29998f2bc2d8bd0d38662909289b54f1"},"headline":"Le s\u00e9minaire adventiste en Inter Am\u00e9rique c\u00e9l\u00e8bre avec les pasteurs qui ont termin\u00e9 leurs \u00e9tudes sup\u00e9rieures en 2020","datePublished":"2021-03-02T22:18:32+00:00","dateModified":"2021-03-04T13:57:39+00:00","mainEntityOfPage":{"@id":"https:\/\/interamerica.org\/fr\/2021\/03\/le-seminaire-adventiste-en-inter-amerique-celebre-avec-les-pasteurs-qui-ont-termine-leurs-etudes-superieures-en-2020\/"},"wordCount":1453,"image":{"@id":"https:\/\/interamerica.org\/fr\/2021\/03\/le-seminaire-adventiste-en-inter-amerique-celebre-avec-les-pasteurs-qui-ont-termine-leurs-etudes-superieures-en-2020\/#primaryimage"},"thumbnailUrl":"https:\/\/interamerica.org\/wp-content\/uploads\/2021\/03\/iats-academic-ceremony-feb2021.jpg","articleSection":["Nouvelles du si\u00e8ge de la division","RSS Fran\u00e7ais"],"inLanguage":"fr-FR"},{"@type":"WebPage","@id":"https:\/\/interamerica.org\/fr\/2021\/03\/le-seminaire-adventiste-en-inter-amerique-celebre-avec-les-pasteurs-qui-ont-termine-leurs-etudes-superieures-en-2020\/","url":"https:\/\/interamerica.org\/fr\/2021\/03\/le-seminaire-adventiste-en-inter-amerique-celebre-avec-les-pasteurs-qui-ont-termine-leurs-etudes-superieures-en-2020\/","name":"Le s\u00e9minaire adventiste en Inter Am\u00e9rique c\u00e9l\u00e8bre avec les pasteurs qui ont termin\u00e9 leurs \u00e9tudes sup\u00e9rieures en 2020 - \u00c9glise Adventiste Du Septieme Jour - Inter Am\u00e9rique Division","isPartOf":{"@id":"https:\/\/interamerica.org\/fr\/#website"},"primaryImageOfPage":{"@id":"https:\/\/interamerica.org\/fr\/2021\/03\/le-seminaire-adventiste-en-inter-amerique-celebre-avec-les-pasteurs-qui-ont-termine-leurs-etudes-superieures-en-2020\/#primaryimage"},"image":{"@id":"https:\/\/interamerica.org\/fr\/2021\/03\/le-seminaire-adventiste-en-inter-amerique-celebre-avec-les-pasteurs-qui-ont-termine-leurs-etudes-superieures-en-2020\/#primaryimage"},"thumbnailUrl":"https:\/\/interamerica.org\/wp-content\/uploads\/2021\/03\/iats-academic-ceremony-feb2021.jpg","datePublished":"2021-03-02T22:18:32+00:00","dateModified":"2021-03-04T13:57:39+00:00","author":{"@id":"https:\/\/interamerica.org\/fr\/#\/schema\/person\/29998f2bc2d8bd0d38662909289b54f1"},"breadcrumb":{"@id":"https:\/\/interamerica.org\/fr\/2021\/03\/le-seminaire-adventiste-en-inter-amerique-celebre-avec-les-pasteurs-qui-ont-termine-leurs-etudes-superieures-en-2020\/#breadcrumb"},"inLanguage":"fr-FR","potentialAction":[{"@type":"ReadAction","target":["https:\/\/interamerica.org\/fr\/2021\/03\/le-seminaire-adventiste-en-inter-amerique-celebre-avec-les-pasteurs-qui-ont-termine-leurs-etudes-superieures-en-2020\/"]}]},{"@type":"ImageObject","inLanguage":"fr-FR","@id":"https:\/\/interamerica.org\/fr\/2021\/03\/le-seminaire-adventiste-en-inter-amerique-celebre-avec-les-pasteurs-qui-ont-termine-leurs-etudes-superieures-en-2020\/#primaryimage","url":"https:\/\/interamerica.org\/wp-content\/uploads\/2021\/03\/iats-academic-ceremony-feb2021.jpg","contentUrl":"https:\/\/interamerica.org\/wp-content\/uploads\/2021\/03\/iats-academic-ceremony-feb2021.jpg","width":1000,"height":625},{"@type":"BreadcrumbList","@id":"https:\/\/interamerica.org\/fr\/2021\/03\/le-seminaire-adventiste-en-inter-amerique-celebre-avec-les-pasteurs-qui-ont-termine-leurs-etudes-superieures-en-2020\/#breadcrumb","itemListElement":[{"@type":"ListItem","position":1,"name":"Home","item":"https:\/\/interamerica.org\/fr\/"},{"@type":"ListItem","position":2,"name":"Le s\u00e9minaire adventiste en Inter Am\u00e9rique c\u00e9l\u00e8bre avec les pasteurs qui ont termin\u00e9 leurs \u00e9tudes sup\u00e9rieures en 2020"}]},{"@type":"WebSite","@id":"https:\/\/interamerica.org\/fr\/#website","url":"https:\/\/interamerica.org\/fr\/","name":"\u00c9glise Adventiste Du Septieme Jour - Inter Am\u00e9rique Division","description":"","potentialAction":[{"@type":"SearchAction","target":{"@type":"EntryPoint","urlTemplate":"https:\/\/interamerica.org\/fr\/?s={search_term_string}"},"query-input":{"@type":"PropertyValueSpecification","valueRequired":true,"valueName":"search_term_string"}}],"inLanguage":"fr-FR"},{"@type":"Person","@id":"https:\/\/interamerica.org\/fr\/#\/schema\/person\/29998f2bc2d8bd0d38662909289b54f1","name":"libna","image":{"@type":"ImageObject","inLanguage":"fr-FR","@id":"https:\/\/secure.gravatar.com\/avatar\/7c5bd30ae4b47a9ba3c856590957fd1d96dc588bf3ac05719d247e126840331f?s=96&d=mm&r=g","url":"https:\/\/secure.gravatar.com\/avatar\/7c5bd30ae4b47a9ba3c856590957fd1d96dc588bf3ac05719d247e126840331f?s=96&d=mm&r=g","contentUrl":"https:\/\/secure.gravatar.com\/avatar\/7c5bd30ae4b47a9ba3c856590957fd1d96dc588bf3ac05719d247e126840331f?s=96&d=mm&r=g","caption":"libna"}}]}},"_links":{"self":[{"href":"https:\/\/interamerica.org\/fr\/wp-json\/wp\/v2\/posts\/69563","targetHints":{"allow":["GET"]}}],"collection":[{"href":"https:\/\/interamerica.org\/fr\/wp-json\/wp\/v2\/posts"}],"about":[{"href":"https:\/\/interamerica.org\/fr\/wp-json\/wp\/v2\/types\/post"}],"author":[{"embeddable":true,"href":"https:\/\/interamerica.org\/fr\/wp-json\/wp\/v2\/users\/3"}],"replies":[{"embeddable":true,"href":"https:\/\/interamerica.org\/fr\/wp-json\/wp\/v2\/comments?post=69563"}],"version-history":[{"count":0,"href":"https:\/\/interamerica.org\/fr\/wp-json\/wp\/v2\/posts\/69563\/revisions"}],"wp:featuredmedia":[{"embeddable":true,"href":"https:\/\/interamerica.org\/fr\/wp-json\/wp\/v2\/media\/69494"}],"wp:attachment":[{"href":"https:\/\/interamerica.org\/fr\/wp-json\/wp\/v2\/media?parent=69563"}],"wp:term":[{"taxonomy":"category","embeddable":true,"href":"https:\/\/interamerica.org\/fr\/wp-json\/wp\/v2\/categories?post=69563"},{"taxonomy":"post_tag","embeddable":true,"href":"https:\/\/interamerica.org\/fr\/wp-json\/wp\/v2\/tags?post=69563"}],"curies":[{"name":"wp","href":"https:\/\/api.w.org\/{rel}","templated":true}]}}