{"id":69812,"date":"2021-03-14T11:46:15","date_gmt":"2021-03-14T15:46:15","guid":{"rendered":"https:\/\/recursing-golick.147-182-135-0.plesk.page\/?p=69812"},"modified":"2021-03-17T17:51:38","modified_gmt":"2021-03-17T21:51:38","slug":"la-radio-lira","status":"publish","type":"post","link":"https:\/\/interamerica.org\/fr\/2021\/03\/la-radio-lira\/","title":{"rendered":"La Radio Lira"},"content":{"rendered":"<div><b><span lang=\"FR-CA\">D\u2019une seule pi\u00e8ce au monde entier<\/span><\/b><\/div>\n<p>Le 13 mars 2021 | Milton\u00a0Alberto Castillo G\u00f3mez<\/p>\n<p>La Radio Lira, une organisation sans but lucratif du Costa Rica, a \u00e9t\u00e9 cr\u00e9\u00e9e en 1981 en tant que projet collectif entre les \u00e9tudiants et les professeurs de l\u2019Universit\u00e9 adventiste centram\u00e9ricaine, ensuite connue sous le nom de Centre adventiste d\u2019\u00e9tudes sup\u00e9rieures (CADES pour <em>Centro Adventista de Estudios Superiores<\/em>). Au d\u00e9part, elle s\u2019appelait Club Radio et \u00e9tait exploit\u00e9e dans un espace qui avait servi de toilettes dans la r\u00e9sidence des hommes. Le Club Radio \u00e9tait principalement compos\u00e9 d\u2019\u00e9tudiants du CADES, de r\u00e9els pionniers de la radio adventiste.<\/p>\n<p>En 1982, lors d\u2019une r\u00e9organisation de l\u2019\u00e9tablissement, ce qui avait \u00e9t\u00e9 un sous-sol rempli de porcelaine et de carreaux a \u00e9t\u00e9 transform\u00e9 en salle de r\u00e9ception confortable et bien au sec, en zone d\u2019enregistrement et en deux cabines de contr\u00f4le pour l\u2019audio et la radio. Les murs, le plancher et le plafond ont \u00e9t\u00e9 enti\u00e8rement chang\u00e9s. Les dirigeants du minist\u00e8re ont ouvert les portes de la station de radio r\u00e9nov\u00e9e aux apprentis en diffusion, aux acteurs et aux techniciens. Puis en 1983, gr\u00e2ce au soutien financier de la famille Boskind, une fr\u00e9quence radio de 1\u00a0540\u00a0kHz a \u00e9t\u00e9 achet\u00e9e. M\u00eame si cette fr\u00e9quence ne pouvait couvrir qu\u2019un rayon de 10\u00a0p\u00e2t\u00e9s de maisons, les efforts de ce qu\u2019on appelle aujourd\u2019hui la Radio Lira ne sont pas pass\u00e9s inaper\u00e7us.<\/p>\n<p>Robert Folkenberg, alors adjoint du pr\u00e9sident de la Division interam\u00e9ricaine (DIA), a \u00e9t\u00e9 mis au courant de la situation et a commenc\u00e9 \u00e0 chercher du financement pour la station de radio. Et en f\u00e9vrier 1983, les administrateurs de la DIA ont vot\u00e9 une dotation de 30\u00a0000\u00a0$ pour la Radio Lira. Une maison a \u00e9t\u00e9 lou\u00e9e pour les \u00e9metteurs et tous les auxiliaires. Radio-Canada a offert une trentaine de disques contenant de la musique. Un nouveau lien pour un \u00e9metteur de studio a \u00e9t\u00e9 construit, un de 250,02 et un autre de 469,345\u00a0MHz. En septembre 1983, la Radio Lira a diffus\u00e9 une programmation plus compl\u00e8te pour la premi\u00e8re fois. Le mois suivant, le conseil d\u2019administration de la Mission au Costa Rica a nomm\u00e9 Noel Ruiloba \u00e0 la direction de la station de radio. \u00c0 l\u2019\u00e9poque, on diffusait des \u00e9missions comme <em>La voix de l\u2019esp\u00e9rance<\/em>, <em>Ouvrir les portes de l\u2019intelligence<\/em>, <em>Le partage de la vie<\/em>, <em>L\u2019\u00e9cole de la vie<\/em> et <em>Levez les yeux<\/em>. \u00c0 part <em>La voix de l\u2019esp\u00e9rance<\/em>, toutes les \u00e9missions \u00e9taient produites par la Radio Lira sous la direction de Noel Ruiloba et de Ruben Garcia Toc.<\/p>\n<p>Mois\u00e9s Beletzui, Pablo Houghton, Alicia Rivas, Rosaura Barrantes, Eduardo Gonz\u00e1lez, Marta Flor et Doria \u00c1lvarez \u00e9taient parmi les premiers techniciens radio de la station.<\/p>\n<p>Puis le 1<sup>er<\/sup>\u00a0d\u00e9cembre 1985, le b\u00e2timent de la radio qui avait \u00e9t\u00e9 construit en janvier de la m\u00eame ann\u00e9e a \u00e9t\u00e9 inaugur\u00e9. En plus, depuis mai 1986, les diffusions de la Radio Lira sont accessibles \u00e0 l\u2019international. Des signaux ont \u00e9t\u00e9 capt\u00e9s dans des pays comme le Honduras, le Mexique, Cuba, la R\u00e9publique dominicaine, les \u00c9tats-Unis, le Canada, la Colombie, l\u2019\u00c9quateur, l\u2019Allemagne, l\u2019Australie, le Danemark, la France, les Pays-Bas, l\u2019Italie, la Su\u00e8de, la Suisse et l\u2019Inde. En 2019, le Costa Rica comptait pr\u00e8s de cinq millions d\u2019habitants et Radio Lira couvrait 94\u00a0% du territoire. Cependant, avec l\u2019internet, elle peut atteindre toute la population costaricaine et du monde entier. La Radio Lira compte parmi ses auditeurs des personnes de diverses confessions ainsi que des gens n\u2019ayant aucune affiliation religieuse.<\/p>\n<p>L\u2019\u00e9tablissement radiophonique a, par la suite, continu\u00e9 de se d\u00e9velopper. Depuis 1983, Dieu utilise la Radio Lira pour partager le message de l\u2019\u00c9vangile. Elle a commenc\u00e9 par une programmation de quelques heures par jour \u00e0 partir du sous-sol du CADES en ne couvrant que quelques kilom\u00e8tres \u00e0 la ronde avec 1\u00a0540\u00a0kHz. Aujourd\u2019hui, elle diffuse ses \u00e9missions jour et nuit sur le 88,7\u00a0FM et couvre 94\u00a0% du territoire du Costa Rica en plus d\u2019atteindre le monde entier par l\u2019internet.<\/p>\n<p><em>Pour en d\u00e9couvrir davantage sur la Radio Lira, vous pouvez lire l\u2019article en entier sur l\u2019<\/em>Encyclopedia of Seventh-day Adventists<em> en ligne en cliquant <a href=\"https:\/\/encyclopedia.adventist.org\/article?id=4HZG\">ici<\/a>.<\/em><\/p>\n<p><strong>Milton Alberto Castillo G\u00f3mez,<\/strong>\u00a0M.A., est le pr\u00e9sident de la F\u00e9d\u00e9ration du nord du Costa Rica.<\/p>\n<p>Traduction : Marie-Mich\u00e8le Robitaille<\/p>\n","protected":false},"excerpt":{"rendered":"<p>D\u2019une seule pi\u00e8ce au monde entier Le 13 mars 2021 | Milton\u00a0Alberto Castillo G\u00f3mez La Radio Lira, une organisation sans but lucratif du Costa Rica, a \u00e9t\u00e9 cr\u00e9\u00e9e en 1981&#8230;<\/p>\n","protected":false},"author":3,"featured_media":69804,"comment_status":"closed","ping_status":"closed","sticky":false,"template":"","format":"standard","meta":{"_acf_changed":false,"footnotes":""},"categories":[18,19],"tags":[],"class_list":["post-69812","post","type-post","status-publish","format-standard","has-post-thumbnail","hentry","category-nouvelles-de-leglise-mondiale","category-rss-francais"],"acf":[],"yoast_head":"<!-- This site is optimized with the Yoast SEO plugin v27.3 - https:\/\/yoast.com\/product\/yoast-seo-wordpress\/ -->\n<title>La Radio Lira - \u00c9glise Adventiste Du Septieme Jour - Inter Am\u00e9rique Division<\/title>\n<meta name=\"robots\" content=\"index, follow, max-snippet:-1, max-image-preview:large, max-video-preview:-1\" \/>\n<link rel=\"canonical\" href=\"https:\/\/interamerica.org\/fr\/2021\/03\/la-radio-lira\/\" \/>\n<meta property=\"og:locale\" content=\"fr_FR\" \/>\n<meta property=\"og:type\" content=\"article\" \/>\n<meta property=\"og:title\" content=\"La Radio Lira - \u00c9glise Adventiste Du Septieme Jour - Inter Am\u00e9rique Division\" \/>\n<meta property=\"og:description\" content=\"D\u2019une seule pi\u00e8ce au monde entier Le 13 mars 2021 | Milton\u00a0Alberto Castillo G\u00f3mez La Radio Lira, une organisation sans but lucratif du Costa Rica, a \u00e9t\u00e9 cr\u00e9\u00e9e en 1981...\" \/>\n<meta property=\"og:url\" content=\"https:\/\/interamerica.org\/fr\/2021\/03\/la-radio-lira\/\" \/>\n<meta property=\"og:site_name\" content=\"\u00c9glise Adventiste Du Septieme Jour - Inter Am\u00e9rique Division\" \/>\n<meta property=\"article:published_time\" content=\"2021-03-14T15:46:15+00:00\" \/>\n<meta property=\"article:modified_time\" content=\"2021-03-17T21:51:38+00:00\" \/>\n<meta property=\"og:image\" content=\"https:\/\/interamerica.org\/wp-content\/uploads\/2021\/03\/radio-frank-albrecht-eog8bejfz4i-unsplash.jpg\" \/>\n\t<meta property=\"og:image:width\" content=\"1280\" \/>\n\t<meta property=\"og:image:height\" content=\"800\" \/>\n\t<meta property=\"og:image:type\" content=\"image\/jpeg\" \/>\n<meta name=\"author\" content=\"libna\" \/>\n<meta name=\"twitter:card\" content=\"summary_large_image\" \/>\n<meta name=\"twitter:label1\" content=\"\u00c9crit par\" \/>\n\t<meta name=\"twitter:data1\" content=\"libna\" \/>\n\t<meta name=\"twitter:label2\" content=\"Dur\u00e9e de lecture estim\u00e9e\" \/>\n\t<meta name=\"twitter:data2\" content=\"4 minutes\" \/>\n<script type=\"application\/ld+json\" class=\"yoast-schema-graph\">{\"@context\":\"https:\\\/\\\/schema.org\",\"@graph\":[{\"@type\":\"Article\",\"@id\":\"https:\\\/\\\/interamerica.org\\\/fr\\\/2021\\\/03\\\/la-radio-lira\\\/#article\",\"isPartOf\":{\"@id\":\"https:\\\/\\\/interamerica.org\\\/fr\\\/2021\\\/03\\\/la-radio-lira\\\/\"},\"author\":{\"name\":\"libna\",\"@id\":\"https:\\\/\\\/interamerica.org\\\/fr\\\/#\\\/schema\\\/person\\\/29998f2bc2d8bd0d38662909289b54f1\"},\"headline\":\"La Radio Lira\",\"datePublished\":\"2021-03-14T15:46:15+00:00\",\"dateModified\":\"2021-03-17T21:51:38+00:00\",\"mainEntityOfPage\":{\"@id\":\"https:\\\/\\\/interamerica.org\\\/fr\\\/2021\\\/03\\\/la-radio-lira\\\/\"},\"wordCount\":755,\"image\":{\"@id\":\"https:\\\/\\\/interamerica.org\\\/fr\\\/2021\\\/03\\\/la-radio-lira\\\/#primaryimage\"},\"thumbnailUrl\":\"https:\\\/\\\/interamerica.org\\\/wp-content\\\/uploads\\\/2021\\\/03\\\/radio-frank-albrecht-eog8bejfz4i-unsplash.jpg\",\"articleSection\":[\"Nouvelles de l'\u00c9glise mondiale\",\"RSS Fran\u00e7ais\"],\"inLanguage\":\"fr-FR\"},{\"@type\":\"WebPage\",\"@id\":\"https:\\\/\\\/interamerica.org\\\/fr\\\/2021\\\/03\\\/la-radio-lira\\\/\",\"url\":\"https:\\\/\\\/interamerica.org\\\/fr\\\/2021\\\/03\\\/la-radio-lira\\\/\",\"name\":\"La Radio Lira - \u00c9glise Adventiste Du Septieme Jour - Inter Am\u00e9rique Division\",\"isPartOf\":{\"@id\":\"https:\\\/\\\/interamerica.org\\\/fr\\\/#website\"},\"primaryImageOfPage\":{\"@id\":\"https:\\\/\\\/interamerica.org\\\/fr\\\/2021\\\/03\\\/la-radio-lira\\\/#primaryimage\"},\"image\":{\"@id\":\"https:\\\/\\\/interamerica.org\\\/fr\\\/2021\\\/03\\\/la-radio-lira\\\/#primaryimage\"},\"thumbnailUrl\":\"https:\\\/\\\/interamerica.org\\\/wp-content\\\/uploads\\\/2021\\\/03\\\/radio-frank-albrecht-eog8bejfz4i-unsplash.jpg\",\"datePublished\":\"2021-03-14T15:46:15+00:00\",\"dateModified\":\"2021-03-17T21:51:38+00:00\",\"author\":{\"@id\":\"https:\\\/\\\/interamerica.org\\\/fr\\\/#\\\/schema\\\/person\\\/29998f2bc2d8bd0d38662909289b54f1\"},\"breadcrumb\":{\"@id\":\"https:\\\/\\\/interamerica.org\\\/fr\\\/2021\\\/03\\\/la-radio-lira\\\/#breadcrumb\"},\"inLanguage\":\"fr-FR\",\"potentialAction\":[{\"@type\":\"ReadAction\",\"target\":[\"https:\\\/\\\/interamerica.org\\\/fr\\\/2021\\\/03\\\/la-radio-lira\\\/\"]}]},{\"@type\":\"ImageObject\",\"inLanguage\":\"fr-FR\",\"@id\":\"https:\\\/\\\/interamerica.org\\\/fr\\\/2021\\\/03\\\/la-radio-lira\\\/#primaryimage\",\"url\":\"https:\\\/\\\/interamerica.org\\\/wp-content\\\/uploads\\\/2021\\\/03\\\/radio-frank-albrecht-eog8bejfz4i-unsplash.jpg\",\"contentUrl\":\"https:\\\/\\\/interamerica.org\\\/wp-content\\\/uploads\\\/2021\\\/03\\\/radio-frank-albrecht-eog8bejfz4i-unsplash.jpg\",\"width\":1280,\"height\":800},{\"@type\":\"BreadcrumbList\",\"@id\":\"https:\\\/\\\/interamerica.org\\\/fr\\\/2021\\\/03\\\/la-radio-lira\\\/#breadcrumb\",\"itemListElement\":[{\"@type\":\"ListItem\",\"position\":1,\"name\":\"Home\",\"item\":\"https:\\\/\\\/interamerica.org\\\/fr\\\/\"},{\"@type\":\"ListItem\",\"position\":2,\"name\":\"La Radio Lira\"}]},{\"@type\":\"WebSite\",\"@id\":\"https:\\\/\\\/interamerica.org\\\/fr\\\/#website\",\"url\":\"https:\\\/\\\/interamerica.org\\\/fr\\\/\",\"name\":\"\u00c9glise Adventiste Du Septieme Jour - Inter Am\u00e9rique Division\",\"description\":\"\",\"potentialAction\":[{\"@type\":\"SearchAction\",\"target\":{\"@type\":\"EntryPoint\",\"urlTemplate\":\"https:\\\/\\\/interamerica.org\\\/fr\\\/?s={search_term_string}\"},\"query-input\":{\"@type\":\"PropertyValueSpecification\",\"valueRequired\":true,\"valueName\":\"search_term_string\"}}],\"inLanguage\":\"fr-FR\"},{\"@type\":\"Person\",\"@id\":\"https:\\\/\\\/interamerica.org\\\/fr\\\/#\\\/schema\\\/person\\\/29998f2bc2d8bd0d38662909289b54f1\",\"name\":\"libna\",\"image\":{\"@type\":\"ImageObject\",\"inLanguage\":\"fr-FR\",\"@id\":\"https:\\\/\\\/secure.gravatar.com\\\/avatar\\\/7c5bd30ae4b47a9ba3c856590957fd1d96dc588bf3ac05719d247e126840331f?s=96&d=mm&r=g\",\"url\":\"https:\\\/\\\/secure.gravatar.com\\\/avatar\\\/7c5bd30ae4b47a9ba3c856590957fd1d96dc588bf3ac05719d247e126840331f?s=96&d=mm&r=g\",\"contentUrl\":\"https:\\\/\\\/secure.gravatar.com\\\/avatar\\\/7c5bd30ae4b47a9ba3c856590957fd1d96dc588bf3ac05719d247e126840331f?s=96&d=mm&r=g\",\"caption\":\"libna\"}}]}<\/script>\n<!-- \/ Yoast SEO plugin. -->","yoast_head_json":{"title":"La Radio Lira - \u00c9glise Adventiste Du Septieme Jour - Inter Am\u00e9rique Division","robots":{"index":"index","follow":"follow","max-snippet":"max-snippet:-1","max-image-preview":"max-image-preview:large","max-video-preview":"max-video-preview:-1"},"canonical":"https:\/\/interamerica.org\/fr\/2021\/03\/la-radio-lira\/","og_locale":"fr_FR","og_type":"article","og_title":"La Radio Lira - \u00c9glise Adventiste Du Septieme Jour - Inter Am\u00e9rique Division","og_description":"D\u2019une seule pi\u00e8ce au monde entier Le 13 mars 2021 | Milton\u00a0Alberto Castillo G\u00f3mez La Radio Lira, une organisation sans but lucratif du Costa Rica, a \u00e9t\u00e9 cr\u00e9\u00e9e en 1981...","og_url":"https:\/\/interamerica.org\/fr\/2021\/03\/la-radio-lira\/","og_site_name":"\u00c9glise Adventiste Du Septieme Jour - Inter Am\u00e9rique Division","article_published_time":"2021-03-14T15:46:15+00:00","article_modified_time":"2021-03-17T21:51:38+00:00","og_image":[{"width":1280,"height":800,"url":"https:\/\/interamerica.org\/wp-content\/uploads\/2021\/03\/radio-frank-albrecht-eog8bejfz4i-unsplash.jpg","type":"image\/jpeg"}],"author":"libna","twitter_card":"summary_large_image","twitter_misc":{"\u00c9crit par":"libna","Dur\u00e9e de lecture estim\u00e9e":"4 minutes"},"schema":{"@context":"https:\/\/schema.org","@graph":[{"@type":"Article","@id":"https:\/\/interamerica.org\/fr\/2021\/03\/la-radio-lira\/#article","isPartOf":{"@id":"https:\/\/interamerica.org\/fr\/2021\/03\/la-radio-lira\/"},"author":{"name":"libna","@id":"https:\/\/interamerica.org\/fr\/#\/schema\/person\/29998f2bc2d8bd0d38662909289b54f1"},"headline":"La Radio Lira","datePublished":"2021-03-14T15:46:15+00:00","dateModified":"2021-03-17T21:51:38+00:00","mainEntityOfPage":{"@id":"https:\/\/interamerica.org\/fr\/2021\/03\/la-radio-lira\/"},"wordCount":755,"image":{"@id":"https:\/\/interamerica.org\/fr\/2021\/03\/la-radio-lira\/#primaryimage"},"thumbnailUrl":"https:\/\/interamerica.org\/wp-content\/uploads\/2021\/03\/radio-frank-albrecht-eog8bejfz4i-unsplash.jpg","articleSection":["Nouvelles de l'\u00c9glise mondiale","RSS Fran\u00e7ais"],"inLanguage":"fr-FR"},{"@type":"WebPage","@id":"https:\/\/interamerica.org\/fr\/2021\/03\/la-radio-lira\/","url":"https:\/\/interamerica.org\/fr\/2021\/03\/la-radio-lira\/","name":"La Radio Lira - \u00c9glise Adventiste Du Septieme Jour - Inter Am\u00e9rique Division","isPartOf":{"@id":"https:\/\/interamerica.org\/fr\/#website"},"primaryImageOfPage":{"@id":"https:\/\/interamerica.org\/fr\/2021\/03\/la-radio-lira\/#primaryimage"},"image":{"@id":"https:\/\/interamerica.org\/fr\/2021\/03\/la-radio-lira\/#primaryimage"},"thumbnailUrl":"https:\/\/interamerica.org\/wp-content\/uploads\/2021\/03\/radio-frank-albrecht-eog8bejfz4i-unsplash.jpg","datePublished":"2021-03-14T15:46:15+00:00","dateModified":"2021-03-17T21:51:38+00:00","author":{"@id":"https:\/\/interamerica.org\/fr\/#\/schema\/person\/29998f2bc2d8bd0d38662909289b54f1"},"breadcrumb":{"@id":"https:\/\/interamerica.org\/fr\/2021\/03\/la-radio-lira\/#breadcrumb"},"inLanguage":"fr-FR","potentialAction":[{"@type":"ReadAction","target":["https:\/\/interamerica.org\/fr\/2021\/03\/la-radio-lira\/"]}]},{"@type":"ImageObject","inLanguage":"fr-FR","@id":"https:\/\/interamerica.org\/fr\/2021\/03\/la-radio-lira\/#primaryimage","url":"https:\/\/interamerica.org\/wp-content\/uploads\/2021\/03\/radio-frank-albrecht-eog8bejfz4i-unsplash.jpg","contentUrl":"https:\/\/interamerica.org\/wp-content\/uploads\/2021\/03\/radio-frank-albrecht-eog8bejfz4i-unsplash.jpg","width":1280,"height":800},{"@type":"BreadcrumbList","@id":"https:\/\/interamerica.org\/fr\/2021\/03\/la-radio-lira\/#breadcrumb","itemListElement":[{"@type":"ListItem","position":1,"name":"Home","item":"https:\/\/interamerica.org\/fr\/"},{"@type":"ListItem","position":2,"name":"La Radio Lira"}]},{"@type":"WebSite","@id":"https:\/\/interamerica.org\/fr\/#website","url":"https:\/\/interamerica.org\/fr\/","name":"\u00c9glise Adventiste Du Septieme Jour - Inter Am\u00e9rique Division","description":"","potentialAction":[{"@type":"SearchAction","target":{"@type":"EntryPoint","urlTemplate":"https:\/\/interamerica.org\/fr\/?s={search_term_string}"},"query-input":{"@type":"PropertyValueSpecification","valueRequired":true,"valueName":"search_term_string"}}],"inLanguage":"fr-FR"},{"@type":"Person","@id":"https:\/\/interamerica.org\/fr\/#\/schema\/person\/29998f2bc2d8bd0d38662909289b54f1","name":"libna","image":{"@type":"ImageObject","inLanguage":"fr-FR","@id":"https:\/\/secure.gravatar.com\/avatar\/7c5bd30ae4b47a9ba3c856590957fd1d96dc588bf3ac05719d247e126840331f?s=96&d=mm&r=g","url":"https:\/\/secure.gravatar.com\/avatar\/7c5bd30ae4b47a9ba3c856590957fd1d96dc588bf3ac05719d247e126840331f?s=96&d=mm&r=g","contentUrl":"https:\/\/secure.gravatar.com\/avatar\/7c5bd30ae4b47a9ba3c856590957fd1d96dc588bf3ac05719d247e126840331f?s=96&d=mm&r=g","caption":"libna"}}]}},"_links":{"self":[{"href":"https:\/\/interamerica.org\/fr\/wp-json\/wp\/v2\/posts\/69812","targetHints":{"allow":["GET"]}}],"collection":[{"href":"https:\/\/interamerica.org\/fr\/wp-json\/wp\/v2\/posts"}],"about":[{"href":"https:\/\/interamerica.org\/fr\/wp-json\/wp\/v2\/types\/post"}],"author":[{"embeddable":true,"href":"https:\/\/interamerica.org\/fr\/wp-json\/wp\/v2\/users\/3"}],"replies":[{"embeddable":true,"href":"https:\/\/interamerica.org\/fr\/wp-json\/wp\/v2\/comments?post=69812"}],"version-history":[{"count":0,"href":"https:\/\/interamerica.org\/fr\/wp-json\/wp\/v2\/posts\/69812\/revisions"}],"wp:featuredmedia":[{"embeddable":true,"href":"https:\/\/interamerica.org\/fr\/wp-json\/wp\/v2\/media\/69804"}],"wp:attachment":[{"href":"https:\/\/interamerica.org\/fr\/wp-json\/wp\/v2\/media?parent=69812"}],"wp:term":[{"taxonomy":"category","embeddable":true,"href":"https:\/\/interamerica.org\/fr\/wp-json\/wp\/v2\/categories?post=69812"},{"taxonomy":"post_tag","embeddable":true,"href":"https:\/\/interamerica.org\/fr\/wp-json\/wp\/v2\/tags?post=69812"}],"curies":[{"name":"wp","href":"https:\/\/api.w.org\/{rel}","templated":true}]}}