{"id":70032,"date":"2021-03-25T16:45:33","date_gmt":"2021-03-25T20:45:33","guid":{"rendered":"https:\/\/recursing-golick.147-182-135-0.plesk.page\/?p=70032"},"modified":"2021-03-25T21:17:43","modified_gmt":"2021-03-26T01:17:43","slug":"luis-a-bolivar-predicateur-adventiste-exceptionnel-pendant-la-periode-de-violence-intense-en-colombie","status":"publish","type":"post","link":"https:\/\/interamerica.org\/fr\/2021\/03\/luis-a-bolivar-predicateur-adventiste-exceptionnel-pendant-la-periode-de-violence-intense-en-colombie\/","title":{"rendered":"Luis A. Bolivar, pr\u00e9dicateur adventiste exceptionnel pendant la p\u00e9riode de violence intense en Colombie"},"content":{"rendered":"<p>25 Mars 2021 | Silver Spring, Maryland, \u00c9tats-Unis | Par Enoc Iglesias<\/p>\n<p><em>Cet article est tir\u00e9 de l\u2019Encyclop\u00e9die des adventistes du septi\u00e8me jour (ESDA) qui est librement accessible sur\u00a0<a href=\"https:\/\/encyclopedia.adventist.org\/\">encyclopedia.adventist.org<\/a>.<\/em><\/p>\n<p>Luis A. Bol\u00edvar \u00e9tait l\u2019un des premiers ouvriers adventistes les plus remarquables avec Gilberto Bustamante, Tirso et Jorge Escand\u00f3n, ainsi que Samuel Camacho. Il s\u2019est distingu\u00e9 en tant que pr\u00e9dicateur, administrateur et chanteur. Comme Gilberto Bustamante, il a utilis\u00e9 sa merveilleuse voix dans le minist\u00e8re et dans l\u2019\u00e9vang\u00e9lisation.<a id=\"fnref1\" class=\"footnoteRef\" href=\"https:\/\/encyclopedia.adventist.org\/article?id=AHF5#fn1\"><sup>1<\/sup><\/a><\/p>\n<h3>Les premi\u00e8res ann\u00e9es<\/h3>\n<p>Originaire de Medell\u00edn, en Colombie, Luis Bol\u00edvar a \u00e9tudi\u00e9 \u00e0 l\u2019Acad\u00e9mie Industrielle Coloveno de Medell\u00edn et a \u00e9t\u00e9 l\u2019un des douze premiers \u00e9tudiants qui ont commenc\u00e9 leurs \u00e9tudes dans ce centre \u00e9ducatif. Il divertissait souvent ses camarades de classe avec sa voix naturelle et r\u00e9sonnante. Pour payer ses \u00e9tudes, \u00ab Luisito, \u00bb comme ses camarades de classe aimaient l\u2019appeler, fabriquait des vestes chaudes pour affronter le froid.<a id=\"fnref2\" class=\"footnoteRef\" href=\"https:\/\/encyclopedia.adventist.org\/article?id=AHF5#fn2\"><sup>2<\/sup><\/a><\/p>\n<h3>Mariage<\/h3>\n<p>Luis Bol\u00edvar a \u00e9pous\u00e9 Orfa Rave, \u00e9galement de Medell\u00edn, et ensemble ils ont eu quatre fils &#8211; David, Alvaro et Samuel, tous des m\u00e9decins prestigieux, et Fernando, un psychologue &#8211; et une fille, Loida, qui a \u00e9galement \u00e9t\u00e9 form\u00e9e dans le domaine m\u00e9dical.<\/p>\n<h3>Carri\u00e8re<\/h3>\n<p>Apr\u00e8s avoir termin\u00e9 ses \u00e9tudes, Luis Bol\u00edvar a pass\u00e9 sa vie \u00e0 proclamer la Parole de Dieu. Il a \u00e9t\u00e9 pr\u00e9sident d\u2019une mission, pasteur d\u2019\u00e9glise et a occup\u00e9 d\u2019autres postes au sein de l\u2019\u00e9glise adventiste du septi\u00e8me jour (IASD). En tant que pr\u00e9sident de la Mission du Pacifique, bas\u00e9e \u00e0 Cali, en Colombie, il a amen\u00e9 l\u2019adventisme dans l\u2019ouest du pays d\u00e8s 1942. Palmira, dans la Valle del Cauca, est l\u2019un des endroits ayant b\u00e9n\u00e9fici\u00e9 de son travail. Son influence chr\u00e9tienne a \u00e9galement atteint la Zona Cafetera (la r\u00e9gion du caf\u00e9).<\/p>\n<p>Luis Bol\u00edvar a fait face \u00e0 l\u2019une des \u00e9preuves par le feu vraiment intenses \u00e0 Bucaramanga o\u00f9 il \u00e9tait pasteur, \u00ab lorsque les balles pleuvaient et que la violence \u00e9tait intense. \u00bb<a id=\"fnref3\" class=\"footnoteRef\" href=\"https:\/\/encyclopedia.adventist.org\/article?id=AHF5#fn3\"><sup>3<\/sup><\/a>\u00a0Luis Bol\u00edvar a pr\u00e9c\u00e9d\u00e9 John Griswell en tant que pasteur de la premi\u00e8re \u00e9glise adventiste du septi\u00e8me jour \u00e0 Bucaramanga (1950). John Griswell a racont\u00e9 une histoire qui fait apparaitre Luis Bol\u00edvar comme un homme de foi. Luis Bol\u00edvar a fix\u00e9 un objectif de bapt\u00eames et a insist\u00e9 pour affirmer qu\u2019il pouvait \u00eatre atteint. En effet, vers la fin de 1957, il a baptis\u00e9 315 \u00e2mes, une de plus que l\u2019objectif propos\u00e9. Triomphant, John Griswell a fait remarquer : \u00ab Nous ne devrions pas \u00eatre gouvern\u00e9s par des objectifs, mais ils placent devant nous des d\u00e9fis pour lesquels il nous faut prier et lutter. \u00bb<a id=\"fnref4\" class=\"footnoteRef\" href=\"https:\/\/encyclopedia.adventist.org\/article?id=AHF5#fn4\"><sup>4<\/sup><\/a>\u00a0Dans cette m\u00eame ville, Luis Bol\u00edvar a fait l\u2019acquisition d\u2019une maison pour l\u2019\u00e9cole adventiste en 1956. Il a \u00e9t\u00e9 pr\u00e9sident de la Mission de l\u2019Alto Magdalena de novembre 1956 \u00e0 mai 1957.<a id=\"fnref5\" class=\"footnoteRef\" href=\"https:\/\/encyclopedia.adventist.org\/article?id=AHF5#fn5\"><sup>5<\/sup><\/a><\/p>\n<p>Luis Bol\u00edvar a \u00e9galement \u00e9t\u00e9 pr\u00e9sident de la Mission du Pacifique, bas\u00e9e \u00e0 Santiago de Cali, en Colombie, de 1962 \u00e0 1966.<a id=\"fnref6\" class=\"footnoteRef\" href=\"https:\/\/encyclopedia.adventist.org\/article?id=AHF5#fn6\"><sup>6<\/sup><\/a>\u00a0Son travail dans cette r\u00e9gion a contribu\u00e9 au progr\u00e8s de l\u2019\u0153uvre adventiste en Colombie.<\/p>\n<p>Luis A. Bol\u00edvar est d\u00e9c\u00e9d\u00e9 le 10 juillet 1994 \u00e0 Riverside, en Californie.<a id=\"fnref7\" class=\"footnoteRef\" href=\"https:\/\/encyclopedia.adventist.org\/article?id=AHF5#fn7\"><sup>7<\/sup><\/a><\/p>\n<h3>H\u00e9ritage<\/h3>\n<p>Bol\u00edvar et sa femme ont tout au long de leur vie d\u00e9fendu l\u2019\u00e9ducation chr\u00e9tienne; tous leurs enfants ont \u00e9tudi\u00e9 sur des campus adventistes. Ils ont transmis \u00e0 leurs enfants un sens de la compassion et de l\u2019amour pour les autres, ainsi qu\u2019un esprit g\u00e9n\u00e9reux de don aux causes \u00e9ducatives: le Centre Acad\u00e9mique Bol\u00edvar Rave de la Corporation de l\u2019Universit\u00e9 Adventiste qui fonctionne aujourd\u2019hui \u00e0 Medell\u00edn porte ce nom en l\u2019honneur de cette famille qui a parrain\u00e9 des projets de construction, et l\u2019Institution \u00c9ducative Bol\u00edvar Escand\u00f3n, qui se trouve \u00e0 Quibd\u00f3, dans le d\u00e9partement de Choc\u00f3, en Colombie, d\u00e9montre \u00e9galement leur passion pour maintenir l\u2019\u00e9ducation chr\u00e9tienne vivante. Luis Bol\u00edvar et Tirso Escand\u00f3n ont v\u00e9cu des \u00ab vies parall\u00e8les \u00bb en tant que pr\u00e9dicateurs de la v\u00e9rit\u00e9 et p\u00e8res de g\u00e9n\u00e9rations qui continuent d\u2019accomplir la mission du salut dans leurs diff\u00e9rents domaines d\u2019activit\u00e9.<a id=\"fnref8\" class=\"footnoteRef\" href=\"https:\/\/encyclopedia.adventist.org\/article?id=AHF5#fn8\"><sup>8<\/sup><\/a><\/p>\n<p>En 1994, l\u2019UNAC a conf\u00e9r\u00e9 \u00e0 Luis A. Bol\u00edvar le titre de docteur en th\u00e9ologie, honoris causa, en reconnaissance de sa carri\u00e8re exceptionnelle en tant que formateur de pasteurs d\u2019\u00e9glise, conseiller pour l\u2019\u00c9glise adventiste et champion de l\u2019\u00e9vang\u00e9lisation biblique, au milieu de conditions difficiles ; Ce titre \u00e9tait le premier du genre octroy\u00e9 par l\u2019UNAC dans le domaine de la th\u00e9ologie.<a id=\"fnref9\" class=\"footnoteRef\" href=\"https:\/\/encyclopedia.adventist.org\/article?id=AHF5#fn9\"><sup>9<\/sup><\/a><\/p>\n<p>Pour acc\u00e9der aux sources, cliquez ICI<\/p>\n<p>Traduction: Patrick Luciathe<\/p>\n","protected":false},"excerpt":{"rendered":"<p>25 Mars 2021 | Silver Spring, Maryland, \u00c9tats-Unis | Par Enoc Iglesias Cet article est tir\u00e9 de l\u2019Encyclop\u00e9die des adventistes du septi\u00e8me jour (ESDA) qui est librement accessible sur\u00a0encyclopedia.adventist.org. Luis&#8230;<\/p>\n","protected":false},"author":3,"featured_media":70022,"comment_status":"closed","ping_status":"closed","sticky":false,"template":"","format":"standard","meta":{"_acf_changed":false,"footnotes":""},"categories":[18,19],"tags":[],"class_list":["post-70032","post","type-post","status-publish","format-standard","has-post-thumbnail","hentry","category-nouvelles-de-leglise-mondiale","category-rss-francais"],"acf":[],"yoast_head":"<!-- This site is optimized with the Yoast SEO plugin v27.3 - https:\/\/yoast.com\/product\/yoast-seo-wordpress\/ -->\n<title>Luis A. Bolivar, pr\u00e9dicateur adventiste exceptionnel pendant la p\u00e9riode de violence intense en Colombie - \u00c9glise Adventiste Du Septieme Jour - Inter Am\u00e9rique Division<\/title>\n<meta name=\"robots\" content=\"index, follow, max-snippet:-1, max-image-preview:large, max-video-preview:-1\" \/>\n<link rel=\"canonical\" href=\"https:\/\/interamerica.org\/fr\/2021\/03\/luis-a-bolivar-predicateur-adventiste-exceptionnel-pendant-la-periode-de-violence-intense-en-colombie\/\" \/>\n<meta property=\"og:locale\" content=\"fr_FR\" \/>\n<meta property=\"og:type\" content=\"article\" \/>\n<meta property=\"og:title\" content=\"Luis A. Bolivar, pr\u00e9dicateur adventiste exceptionnel pendant la p\u00e9riode de violence intense en Colombie - \u00c9glise Adventiste Du Septieme Jour - Inter Am\u00e9rique Division\" \/>\n<meta property=\"og:description\" content=\"25 Mars 2021 | Silver Spring, Maryland, \u00c9tats-Unis | Par Enoc Iglesias Cet article est tir\u00e9 de l\u2019Encyclop\u00e9die des adventistes du septi\u00e8me jour (ESDA) qui est librement accessible sur\u00a0encyclopedia.adventist.org. Luis...\" \/>\n<meta property=\"og:url\" content=\"https:\/\/interamerica.org\/fr\/2021\/03\/luis-a-bolivar-predicateur-adventiste-exceptionnel-pendant-la-periode-de-violence-intense-en-colombie\/\" \/>\n<meta property=\"og:site_name\" content=\"\u00c9glise Adventiste Du Septieme Jour - Inter Am\u00e9rique Division\" \/>\n<meta property=\"article:published_time\" content=\"2021-03-25T20:45:33+00:00\" \/>\n<meta property=\"article:modified_time\" content=\"2021-03-26T01:17:43+00:00\" \/>\n<meta property=\"og:image\" content=\"https:\/\/interamerica.org\/wp-content\/uploads\/2021\/03\/colombia-flavia-carpio-p3pfi8thbus-unsplash.jpg\" \/>\n\t<meta property=\"og:image:width\" content=\"1000\" \/>\n\t<meta property=\"og:image:height\" content=\"625\" \/>\n\t<meta property=\"og:image:type\" content=\"image\/jpeg\" \/>\n<meta name=\"author\" content=\"libna\" \/>\n<meta name=\"twitter:card\" content=\"summary_large_image\" \/>\n<meta name=\"twitter:label1\" content=\"\u00c9crit par\" \/>\n\t<meta name=\"twitter:data1\" content=\"libna\" \/>\n\t<meta name=\"twitter:label2\" content=\"Dur\u00e9e de lecture estim\u00e9e\" \/>\n\t<meta name=\"twitter:data2\" content=\"4 minutes\" \/>\n<script type=\"application\/ld+json\" class=\"yoast-schema-graph\">{\"@context\":\"https:\\\/\\\/schema.org\",\"@graph\":[{\"@type\":\"Article\",\"@id\":\"https:\\\/\\\/interamerica.org\\\/fr\\\/2021\\\/03\\\/luis-a-bolivar-predicateur-adventiste-exceptionnel-pendant-la-periode-de-violence-intense-en-colombie\\\/#article\",\"isPartOf\":{\"@id\":\"https:\\\/\\\/interamerica.org\\\/fr\\\/2021\\\/03\\\/luis-a-bolivar-predicateur-adventiste-exceptionnel-pendant-la-periode-de-violence-intense-en-colombie\\\/\"},\"author\":{\"name\":\"libna\",\"@id\":\"https:\\\/\\\/interamerica.org\\\/fr\\\/#\\\/schema\\\/person\\\/29998f2bc2d8bd0d38662909289b54f1\"},\"headline\":\"Luis A. Bolivar, pr\u00e9dicateur adventiste exceptionnel pendant la p\u00e9riode de violence intense en Colombie\",\"datePublished\":\"2021-03-25T20:45:33+00:00\",\"dateModified\":\"2021-03-26T01:17:43+00:00\",\"mainEntityOfPage\":{\"@id\":\"https:\\\/\\\/interamerica.org\\\/fr\\\/2021\\\/03\\\/luis-a-bolivar-predicateur-adventiste-exceptionnel-pendant-la-periode-de-violence-intense-en-colombie\\\/\"},\"wordCount\":813,\"image\":{\"@id\":\"https:\\\/\\\/interamerica.org\\\/fr\\\/2021\\\/03\\\/luis-a-bolivar-predicateur-adventiste-exceptionnel-pendant-la-periode-de-violence-intense-en-colombie\\\/#primaryimage\"},\"thumbnailUrl\":\"https:\\\/\\\/interamerica.org\\\/wp-content\\\/uploads\\\/2021\\\/03\\\/colombia-flavia-carpio-p3pfi8thbus-unsplash.jpg\",\"articleSection\":[\"Nouvelles de l'\u00c9glise mondiale\",\"RSS Fran\u00e7ais\"],\"inLanguage\":\"fr-FR\"},{\"@type\":\"WebPage\",\"@id\":\"https:\\\/\\\/interamerica.org\\\/fr\\\/2021\\\/03\\\/luis-a-bolivar-predicateur-adventiste-exceptionnel-pendant-la-periode-de-violence-intense-en-colombie\\\/\",\"url\":\"https:\\\/\\\/interamerica.org\\\/fr\\\/2021\\\/03\\\/luis-a-bolivar-predicateur-adventiste-exceptionnel-pendant-la-periode-de-violence-intense-en-colombie\\\/\",\"name\":\"Luis A. Bolivar, pr\u00e9dicateur adventiste exceptionnel pendant la p\u00e9riode de violence intense en Colombie - \u00c9glise Adventiste Du Septieme Jour - Inter Am\u00e9rique Division\",\"isPartOf\":{\"@id\":\"https:\\\/\\\/interamerica.org\\\/fr\\\/#website\"},\"primaryImageOfPage\":{\"@id\":\"https:\\\/\\\/interamerica.org\\\/fr\\\/2021\\\/03\\\/luis-a-bolivar-predicateur-adventiste-exceptionnel-pendant-la-periode-de-violence-intense-en-colombie\\\/#primaryimage\"},\"image\":{\"@id\":\"https:\\\/\\\/interamerica.org\\\/fr\\\/2021\\\/03\\\/luis-a-bolivar-predicateur-adventiste-exceptionnel-pendant-la-periode-de-violence-intense-en-colombie\\\/#primaryimage\"},\"thumbnailUrl\":\"https:\\\/\\\/interamerica.org\\\/wp-content\\\/uploads\\\/2021\\\/03\\\/colombia-flavia-carpio-p3pfi8thbus-unsplash.jpg\",\"datePublished\":\"2021-03-25T20:45:33+00:00\",\"dateModified\":\"2021-03-26T01:17:43+00:00\",\"author\":{\"@id\":\"https:\\\/\\\/interamerica.org\\\/fr\\\/#\\\/schema\\\/person\\\/29998f2bc2d8bd0d38662909289b54f1\"},\"breadcrumb\":{\"@id\":\"https:\\\/\\\/interamerica.org\\\/fr\\\/2021\\\/03\\\/luis-a-bolivar-predicateur-adventiste-exceptionnel-pendant-la-periode-de-violence-intense-en-colombie\\\/#breadcrumb\"},\"inLanguage\":\"fr-FR\",\"potentialAction\":[{\"@type\":\"ReadAction\",\"target\":[\"https:\\\/\\\/interamerica.org\\\/fr\\\/2021\\\/03\\\/luis-a-bolivar-predicateur-adventiste-exceptionnel-pendant-la-periode-de-violence-intense-en-colombie\\\/\"]}]},{\"@type\":\"ImageObject\",\"inLanguage\":\"fr-FR\",\"@id\":\"https:\\\/\\\/interamerica.org\\\/fr\\\/2021\\\/03\\\/luis-a-bolivar-predicateur-adventiste-exceptionnel-pendant-la-periode-de-violence-intense-en-colombie\\\/#primaryimage\",\"url\":\"https:\\\/\\\/interamerica.org\\\/wp-content\\\/uploads\\\/2021\\\/03\\\/colombia-flavia-carpio-p3pfi8thbus-unsplash.jpg\",\"contentUrl\":\"https:\\\/\\\/interamerica.org\\\/wp-content\\\/uploads\\\/2021\\\/03\\\/colombia-flavia-carpio-p3pfi8thbus-unsplash.jpg\",\"width\":1000,\"height\":625,\"caption\":\"[Photo: Flavia Carpio \\\/ Unsplash]\"},{\"@type\":\"BreadcrumbList\",\"@id\":\"https:\\\/\\\/interamerica.org\\\/fr\\\/2021\\\/03\\\/luis-a-bolivar-predicateur-adventiste-exceptionnel-pendant-la-periode-de-violence-intense-en-colombie\\\/#breadcrumb\",\"itemListElement\":[{\"@type\":\"ListItem\",\"position\":1,\"name\":\"Home\",\"item\":\"https:\\\/\\\/interamerica.org\\\/fr\\\/\"},{\"@type\":\"ListItem\",\"position\":2,\"name\":\"Luis A. Bolivar, pr\u00e9dicateur adventiste exceptionnel pendant la p\u00e9riode de violence intense en Colombie\"}]},{\"@type\":\"WebSite\",\"@id\":\"https:\\\/\\\/interamerica.org\\\/fr\\\/#website\",\"url\":\"https:\\\/\\\/interamerica.org\\\/fr\\\/\",\"name\":\"\u00c9glise Adventiste Du Septieme Jour - Inter Am\u00e9rique Division\",\"description\":\"\",\"potentialAction\":[{\"@type\":\"SearchAction\",\"target\":{\"@type\":\"EntryPoint\",\"urlTemplate\":\"https:\\\/\\\/interamerica.org\\\/fr\\\/?s={search_term_string}\"},\"query-input\":{\"@type\":\"PropertyValueSpecification\",\"valueRequired\":true,\"valueName\":\"search_term_string\"}}],\"inLanguage\":\"fr-FR\"},{\"@type\":\"Person\",\"@id\":\"https:\\\/\\\/interamerica.org\\\/fr\\\/#\\\/schema\\\/person\\\/29998f2bc2d8bd0d38662909289b54f1\",\"name\":\"libna\",\"image\":{\"@type\":\"ImageObject\",\"inLanguage\":\"fr-FR\",\"@id\":\"https:\\\/\\\/secure.gravatar.com\\\/avatar\\\/7c5bd30ae4b47a9ba3c856590957fd1d96dc588bf3ac05719d247e126840331f?s=96&d=mm&r=g\",\"url\":\"https:\\\/\\\/secure.gravatar.com\\\/avatar\\\/7c5bd30ae4b47a9ba3c856590957fd1d96dc588bf3ac05719d247e126840331f?s=96&d=mm&r=g\",\"contentUrl\":\"https:\\\/\\\/secure.gravatar.com\\\/avatar\\\/7c5bd30ae4b47a9ba3c856590957fd1d96dc588bf3ac05719d247e126840331f?s=96&d=mm&r=g\",\"caption\":\"libna\"}}]}<\/script>\n<!-- \/ Yoast SEO plugin. -->","yoast_head_json":{"title":"Luis A. Bolivar, pr\u00e9dicateur adventiste exceptionnel pendant la p\u00e9riode de violence intense en Colombie - \u00c9glise Adventiste Du Septieme Jour - Inter Am\u00e9rique Division","robots":{"index":"index","follow":"follow","max-snippet":"max-snippet:-1","max-image-preview":"max-image-preview:large","max-video-preview":"max-video-preview:-1"},"canonical":"https:\/\/interamerica.org\/fr\/2021\/03\/luis-a-bolivar-predicateur-adventiste-exceptionnel-pendant-la-periode-de-violence-intense-en-colombie\/","og_locale":"fr_FR","og_type":"article","og_title":"Luis A. Bolivar, pr\u00e9dicateur adventiste exceptionnel pendant la p\u00e9riode de violence intense en Colombie - \u00c9glise Adventiste Du Septieme Jour - Inter Am\u00e9rique Division","og_description":"25 Mars 2021 | Silver Spring, Maryland, \u00c9tats-Unis | Par Enoc Iglesias Cet article est tir\u00e9 de l\u2019Encyclop\u00e9die des adventistes du septi\u00e8me jour (ESDA) qui est librement accessible sur\u00a0encyclopedia.adventist.org. Luis...","og_url":"https:\/\/interamerica.org\/fr\/2021\/03\/luis-a-bolivar-predicateur-adventiste-exceptionnel-pendant-la-periode-de-violence-intense-en-colombie\/","og_site_name":"\u00c9glise Adventiste Du Septieme Jour - Inter Am\u00e9rique Division","article_published_time":"2021-03-25T20:45:33+00:00","article_modified_time":"2021-03-26T01:17:43+00:00","og_image":[{"width":1000,"height":625,"url":"https:\/\/interamerica.org\/wp-content\/uploads\/2021\/03\/colombia-flavia-carpio-p3pfi8thbus-unsplash.jpg","type":"image\/jpeg"}],"author":"libna","twitter_card":"summary_large_image","twitter_misc":{"\u00c9crit par":"libna","Dur\u00e9e de lecture estim\u00e9e":"4 minutes"},"schema":{"@context":"https:\/\/schema.org","@graph":[{"@type":"Article","@id":"https:\/\/interamerica.org\/fr\/2021\/03\/luis-a-bolivar-predicateur-adventiste-exceptionnel-pendant-la-periode-de-violence-intense-en-colombie\/#article","isPartOf":{"@id":"https:\/\/interamerica.org\/fr\/2021\/03\/luis-a-bolivar-predicateur-adventiste-exceptionnel-pendant-la-periode-de-violence-intense-en-colombie\/"},"author":{"name":"libna","@id":"https:\/\/interamerica.org\/fr\/#\/schema\/person\/29998f2bc2d8bd0d38662909289b54f1"},"headline":"Luis A. Bolivar, pr\u00e9dicateur adventiste exceptionnel pendant la p\u00e9riode de violence intense en Colombie","datePublished":"2021-03-25T20:45:33+00:00","dateModified":"2021-03-26T01:17:43+00:00","mainEntityOfPage":{"@id":"https:\/\/interamerica.org\/fr\/2021\/03\/luis-a-bolivar-predicateur-adventiste-exceptionnel-pendant-la-periode-de-violence-intense-en-colombie\/"},"wordCount":813,"image":{"@id":"https:\/\/interamerica.org\/fr\/2021\/03\/luis-a-bolivar-predicateur-adventiste-exceptionnel-pendant-la-periode-de-violence-intense-en-colombie\/#primaryimage"},"thumbnailUrl":"https:\/\/interamerica.org\/wp-content\/uploads\/2021\/03\/colombia-flavia-carpio-p3pfi8thbus-unsplash.jpg","articleSection":["Nouvelles de l'\u00c9glise mondiale","RSS Fran\u00e7ais"],"inLanguage":"fr-FR"},{"@type":"WebPage","@id":"https:\/\/interamerica.org\/fr\/2021\/03\/luis-a-bolivar-predicateur-adventiste-exceptionnel-pendant-la-periode-de-violence-intense-en-colombie\/","url":"https:\/\/interamerica.org\/fr\/2021\/03\/luis-a-bolivar-predicateur-adventiste-exceptionnel-pendant-la-periode-de-violence-intense-en-colombie\/","name":"Luis A. Bolivar, pr\u00e9dicateur adventiste exceptionnel pendant la p\u00e9riode de violence intense en Colombie - \u00c9glise Adventiste Du Septieme Jour - Inter Am\u00e9rique Division","isPartOf":{"@id":"https:\/\/interamerica.org\/fr\/#website"},"primaryImageOfPage":{"@id":"https:\/\/interamerica.org\/fr\/2021\/03\/luis-a-bolivar-predicateur-adventiste-exceptionnel-pendant-la-periode-de-violence-intense-en-colombie\/#primaryimage"},"image":{"@id":"https:\/\/interamerica.org\/fr\/2021\/03\/luis-a-bolivar-predicateur-adventiste-exceptionnel-pendant-la-periode-de-violence-intense-en-colombie\/#primaryimage"},"thumbnailUrl":"https:\/\/interamerica.org\/wp-content\/uploads\/2021\/03\/colombia-flavia-carpio-p3pfi8thbus-unsplash.jpg","datePublished":"2021-03-25T20:45:33+00:00","dateModified":"2021-03-26T01:17:43+00:00","author":{"@id":"https:\/\/interamerica.org\/fr\/#\/schema\/person\/29998f2bc2d8bd0d38662909289b54f1"},"breadcrumb":{"@id":"https:\/\/interamerica.org\/fr\/2021\/03\/luis-a-bolivar-predicateur-adventiste-exceptionnel-pendant-la-periode-de-violence-intense-en-colombie\/#breadcrumb"},"inLanguage":"fr-FR","potentialAction":[{"@type":"ReadAction","target":["https:\/\/interamerica.org\/fr\/2021\/03\/luis-a-bolivar-predicateur-adventiste-exceptionnel-pendant-la-periode-de-violence-intense-en-colombie\/"]}]},{"@type":"ImageObject","inLanguage":"fr-FR","@id":"https:\/\/interamerica.org\/fr\/2021\/03\/luis-a-bolivar-predicateur-adventiste-exceptionnel-pendant-la-periode-de-violence-intense-en-colombie\/#primaryimage","url":"https:\/\/interamerica.org\/wp-content\/uploads\/2021\/03\/colombia-flavia-carpio-p3pfi8thbus-unsplash.jpg","contentUrl":"https:\/\/interamerica.org\/wp-content\/uploads\/2021\/03\/colombia-flavia-carpio-p3pfi8thbus-unsplash.jpg","width":1000,"height":625,"caption":"[Photo: Flavia Carpio \/ Unsplash]"},{"@type":"BreadcrumbList","@id":"https:\/\/interamerica.org\/fr\/2021\/03\/luis-a-bolivar-predicateur-adventiste-exceptionnel-pendant-la-periode-de-violence-intense-en-colombie\/#breadcrumb","itemListElement":[{"@type":"ListItem","position":1,"name":"Home","item":"https:\/\/interamerica.org\/fr\/"},{"@type":"ListItem","position":2,"name":"Luis A. Bolivar, pr\u00e9dicateur adventiste exceptionnel pendant la p\u00e9riode de violence intense en Colombie"}]},{"@type":"WebSite","@id":"https:\/\/interamerica.org\/fr\/#website","url":"https:\/\/interamerica.org\/fr\/","name":"\u00c9glise Adventiste Du Septieme Jour - Inter Am\u00e9rique Division","description":"","potentialAction":[{"@type":"SearchAction","target":{"@type":"EntryPoint","urlTemplate":"https:\/\/interamerica.org\/fr\/?s={search_term_string}"},"query-input":{"@type":"PropertyValueSpecification","valueRequired":true,"valueName":"search_term_string"}}],"inLanguage":"fr-FR"},{"@type":"Person","@id":"https:\/\/interamerica.org\/fr\/#\/schema\/person\/29998f2bc2d8bd0d38662909289b54f1","name":"libna","image":{"@type":"ImageObject","inLanguage":"fr-FR","@id":"https:\/\/secure.gravatar.com\/avatar\/7c5bd30ae4b47a9ba3c856590957fd1d96dc588bf3ac05719d247e126840331f?s=96&d=mm&r=g","url":"https:\/\/secure.gravatar.com\/avatar\/7c5bd30ae4b47a9ba3c856590957fd1d96dc588bf3ac05719d247e126840331f?s=96&d=mm&r=g","contentUrl":"https:\/\/secure.gravatar.com\/avatar\/7c5bd30ae4b47a9ba3c856590957fd1d96dc588bf3ac05719d247e126840331f?s=96&d=mm&r=g","caption":"libna"}}]}},"_links":{"self":[{"href":"https:\/\/interamerica.org\/fr\/wp-json\/wp\/v2\/posts\/70032","targetHints":{"allow":["GET"]}}],"collection":[{"href":"https:\/\/interamerica.org\/fr\/wp-json\/wp\/v2\/posts"}],"about":[{"href":"https:\/\/interamerica.org\/fr\/wp-json\/wp\/v2\/types\/post"}],"author":[{"embeddable":true,"href":"https:\/\/interamerica.org\/fr\/wp-json\/wp\/v2\/users\/3"}],"replies":[{"embeddable":true,"href":"https:\/\/interamerica.org\/fr\/wp-json\/wp\/v2\/comments?post=70032"}],"version-history":[{"count":0,"href":"https:\/\/interamerica.org\/fr\/wp-json\/wp\/v2\/posts\/70032\/revisions"}],"wp:featuredmedia":[{"embeddable":true,"href":"https:\/\/interamerica.org\/fr\/wp-json\/wp\/v2\/media\/70022"}],"wp:attachment":[{"href":"https:\/\/interamerica.org\/fr\/wp-json\/wp\/v2\/media?parent=70032"}],"wp:term":[{"taxonomy":"category","embeddable":true,"href":"https:\/\/interamerica.org\/fr\/wp-json\/wp\/v2\/categories?post=70032"},{"taxonomy":"post_tag","embeddable":true,"href":"https:\/\/interamerica.org\/fr\/wp-json\/wp\/v2\/tags?post=70032"}],"curies":[{"name":"wp","href":"https:\/\/api.w.org\/{rel}","templated":true}]}}