{"id":70082,"date":"2021-03-23T14:28:49","date_gmt":"2021-03-23T18:28:49","guid":{"rendered":"https:\/\/recursing-golick.147-182-135-0.plesk.page\/?p=70082"},"modified":"2021-03-26T10:45:48","modified_gmt":"2021-03-26T14:45:48","slug":"si-la-covid-19-cause-de-linflammation-quest-ce-qui-la-reduit","status":"publish","type":"post","link":"https:\/\/interamerica.org\/fr\/2021\/03\/si-la-covid-19-cause-de-linflammation-quest-ce-qui-la-reduit\/","title":{"rendered":"Si la COVID-19 cause de l\u2019inflammation, qu\u2019est-ce qui la r\u00e9duit?"},"content":{"rendered":"<h2><b><span lang=\"FR-CA\">Certains aliments simples peuvent am\u00e9liorer votre sant\u00e9 g\u00e9n\u00e9rale pour vous permettre de mieux combattre la maladie.<\/span><\/b><\/h2>\n<div><span lang=\"FR-CA\">Le 23 mars 2021 | Loma Linda, Californie, \u00c9tats-Unis | Janelle Ringer, Centre m\u00e9dical de l\u2019Universit\u00e9 de Loma Linda<\/span><\/div>\n<p>Bien des gens cherchent des moyens de se prot\u00e9ger contre la COVID-19, car, dans les cas s\u00e9v\u00e8res, le virus cause de l\u2019hyper-inflammation, qui peut rendre la respiration plus difficile, mener \u00e0 des probl\u00e8mes pulmonaires permanents et m\u00eame \u00eatre fatale.<\/p>\n<p>Selon Brenda Rea, docteure en m\u00e9decine pr\u00e9ventive et du mode de vie au Centre m\u00e9dical de l\u2019Universit\u00e9 de Loma Linda, l\u2019alimentation joue un r\u00f4le important dans la promotion ou la r\u00e9duction du stress sur le plan cellulaire. \u00ab\u00a0Certains aliments peuvent cr\u00e9er une r\u00e9action inflammatoire dans le corps alors que d\u2019autres r\u00e9duisent l\u2019inflammation et, donc, am\u00e9liorent la sant\u00e9.\u00a0\u00bb<\/p>\n<p>La Dre Rea recommande d\u2019\u00e9viter les aliments qui d\u00e9clenchent l\u2019inflammation, comme les aliments et les boissons tr\u00e8s sucr\u00e9s, les glucides raffin\u00e9s et la viande rouge, et de mettre plut\u00f4t l\u2019accent sur l\u2019ajout de certains aliments anti-inflammatoires \u00e0 l\u2019alimentation.<\/p>\n<p><strong>Les \u00e9pinards<\/strong><\/p>\n<p>Les \u00e9pinards sont des mines de nutriments, remplis de vitamine K, A et E, de carot\u00e9no\u00efdes, de fibres et d\u2019autres substances phytochimiques. Ce super-aliment anti-inflammatoire est particuli\u00e8rement efficace lorsqu\u2019il est cru, r\u00e9duit en jus ou cuit l\u00e9g\u00e8rement. Il a \u00e9t\u00e9 d\u00e9montr\u00e9 que les antioxydants des \u00e9pinards, et de bien d\u2019autres l\u00e9gumes-feuilles verts, r\u00e9duisent l\u2019inflammation dans le corps.<\/p>\n<p><strong>Les baies<\/strong><\/p>\n<p>Les myrtilles (ou bleuets), les m\u00fbres de Boysen, les canneberges, les grenades, les cerises et les framboises, notamment, offrent un go\u00fbt sucr\u00e9 sans ajouter beaucoup de sucre dans l\u2019alimentation. Le sucre est connu comme favorisant l\u2019inflammation, qui peut rendre le corps plus susceptible aux maladies. De nombreuses baies contiennent un pigment bleu-violet appel\u00e9 \u00ab\u00a0anthocyane\u00a0\u00bb et qui r\u00e9duit m\u00eame l\u2019inflammation d\u00e9j\u00e0 pr\u00e9sente. Les myrtilles contiennent \u00e9galement un puissant antioxydant, le pt\u00e9rostilb\u00e8ne, qui r\u00e9duit lui aussi l\u2019inflammation.<\/p>\n<p><strong>Les noix et les graines<\/strong><\/p>\n<p>Les noix de Grenoble, les amandes, les pistaches et bien d\u2019autres noix et graines r\u00e9duisent l\u2019inflammation et fournissent de bons gras au corps. Les noix crues sans huile ni sel ajout\u00e9 sont les meilleures. Les graines, comme le chia et les graines de lin, sont des combattants \u00e9prouv\u00e9s de l\u2019inflammation et peuvent \u00eatre facilement ajout\u00e9es aux repas pour am\u00e9liorer leurs propri\u00e9t\u00e9s anti-inflammatoires.<\/p>\n<p><strong>Le curcuma<\/strong><\/p>\n<p>Le curcuma contient de la curcumine pholyph\u00e9ole, dont les propri\u00e9t\u00e9s anti-inflammatoires, antibact\u00e9riennes et antioxydantes sont puissantes. Cet assaisonnement jaune dor\u00e9 a prouv\u00e9 sa capacit\u00e9 de r\u00e9duire la reproduction des tumeurs et de tuer les cellules tumorales.<\/p>\n<p><strong>Les avocats<\/strong><\/p>\n<p>Les avocats sont riches en antioxydants qui r\u00e9duisent la r\u00e9action inflammatoire du corps. Il a \u00e9galement \u00e9t\u00e9 d\u00e9montr\u00e9 qu\u2019ils r\u00e9duisent l\u2019inflammation dans les jeunes cellules cutan\u00e9es. C\u2019est dans leur \u00e9tat entier et non transform\u00e9 que leurs propri\u00e9t\u00e9s anti-inflammatoires ont les meilleures chances de s\u2019exprimer. Les avocats peuvent m\u00eame calmer la douleur et les maladies caus\u00e9es par l\u2019inflammation.<\/p>\n<p>Bien des r\u00e9gimes alimentaires pr\u00e9tendent r\u00e9duire l\u2019inflammation dans le corps et am\u00e9liorer la sant\u00e9 globale, mais ils sont souvent restrictifs et compliqu\u00e9s. Heureusement, l\u2019introduction graduelle d\u2019aliments anti-inflammatoires est facile et a un r\u00e9el impact sur la sant\u00e9 d\u2019une personne, surtout en temps de COVID-19.<\/p>\n<p><em>Ces conseils sont partag\u00e9s \u00e0 titre informatif seulement et n\u2019ont pas la vocation de remplacer les bonnes recommandations m\u00e9dicales. Veuillez donc consulter votre m\u00e9decin avant de mettre ces conseils, ou toute autre recommandation nutritionnelle, en pratique.<\/em><\/p>\n<p><em>La <a href=\"https:\/\/news.llu.edu\/health-wellness\/if-covid-19-causes-inflammation-what-reduces-it\">version originale<\/a> de cet article a \u00e9t\u00e9 publi\u00e9e sur le <a href=\"https:\/\/news.llu.edu\/\">site de nouvelles<\/a> du Centre m\u00e9dical de l\u2019Universit\u00e9 de Loma Linda.<\/em><\/p>\n<p>Traduction\u00a0: Marie-Mich\u00e8le Robitaille<\/p>\n","protected":false},"excerpt":{"rendered":"<p>Certains aliments simples peuvent am\u00e9liorer votre sant\u00e9 g\u00e9n\u00e9rale pour vous permettre de mieux combattre la maladie. Le 23 mars 2021 | Loma Linda, Californie, \u00c9tats-Unis | Janelle Ringer, Centre m\u00e9dical&#8230;<\/p>\n","protected":false},"author":3,"featured_media":70016,"comment_status":"closed","ping_status":"closed","sticky":false,"template":"","format":"standard","meta":{"_acf_changed":false,"footnotes":""},"categories":[18,19],"tags":[],"class_list":["post-70082","post","type-post","status-publish","format-standard","has-post-thumbnail","hentry","category-nouvelles-de-leglise-mondiale","category-rss-francais"],"acf":[],"yoast_head":"<!-- This site is optimized with the Yoast SEO plugin v27.3 - https:\/\/yoast.com\/product\/yoast-seo-wordpress\/ -->\n<title>Si la COVID-19 cause de l\u2019inflammation, qu\u2019est-ce qui la r\u00e9duit? - \u00c9glise Adventiste Du Septieme Jour - Inter Am\u00e9rique Division<\/title>\n<meta name=\"robots\" content=\"index, follow, max-snippet:-1, max-image-preview:large, max-video-preview:-1\" \/>\n<link rel=\"canonical\" href=\"https:\/\/interamerica.org\/fr\/2021\/03\/si-la-covid-19-cause-de-linflammation-quest-ce-qui-la-reduit\/\" \/>\n<meta property=\"og:locale\" content=\"fr_FR\" \/>\n<meta property=\"og:type\" content=\"article\" \/>\n<meta property=\"og:title\" content=\"Si la COVID-19 cause de l\u2019inflammation, qu\u2019est-ce qui la r\u00e9duit? - \u00c9glise Adventiste Du Septieme Jour - Inter Am\u00e9rique Division\" \/>\n<meta property=\"og:description\" content=\"Certains aliments simples peuvent am\u00e9liorer votre sant\u00e9 g\u00e9n\u00e9rale pour vous permettre de mieux combattre la maladie. Le 23 mars 2021 | Loma Linda, Californie, \u00c9tats-Unis | Janelle Ringer, Centre m\u00e9dical...\" \/>\n<meta property=\"og:url\" content=\"https:\/\/interamerica.org\/fr\/2021\/03\/si-la-covid-19-cause-de-linflammation-quest-ce-qui-la-reduit\/\" \/>\n<meta property=\"og:site_name\" content=\"\u00c9glise Adventiste Du Septieme Jour - Inter Am\u00e9rique Division\" \/>\n<meta property=\"article:published_time\" content=\"2021-03-23T18:28:49+00:00\" \/>\n<meta property=\"article:modified_time\" content=\"2021-03-26T14:45:48+00:00\" \/>\n<meta property=\"og:image\" content=\"https:\/\/interamerica.org\/wp-content\/uploads\/2021\/03\/turmeric-2998946-1280.jpg\" \/>\n\t<meta property=\"og:image:width\" content=\"1280\" \/>\n\t<meta property=\"og:image:height\" content=\"808\" \/>\n\t<meta property=\"og:image:type\" content=\"image\/jpeg\" \/>\n<meta name=\"author\" content=\"libna\" \/>\n<meta name=\"twitter:card\" content=\"summary_large_image\" \/>\n<meta name=\"twitter:label1\" content=\"\u00c9crit par\" \/>\n\t<meta name=\"twitter:data1\" content=\"libna\" \/>\n\t<meta name=\"twitter:label2\" content=\"Dur\u00e9e de lecture estim\u00e9e\" \/>\n\t<meta name=\"twitter:data2\" content=\"3 minutes\" \/>\n<script type=\"application\/ld+json\" class=\"yoast-schema-graph\">{\"@context\":\"https:\\\/\\\/schema.org\",\"@graph\":[{\"@type\":\"Article\",\"@id\":\"https:\\\/\\\/interamerica.org\\\/fr\\\/2021\\\/03\\\/si-la-covid-19-cause-de-linflammation-quest-ce-qui-la-reduit\\\/#article\",\"isPartOf\":{\"@id\":\"https:\\\/\\\/interamerica.org\\\/fr\\\/2021\\\/03\\\/si-la-covid-19-cause-de-linflammation-quest-ce-qui-la-reduit\\\/\"},\"author\":{\"name\":\"libna\",\"@id\":\"https:\\\/\\\/interamerica.org\\\/fr\\\/#\\\/schema\\\/person\\\/29998f2bc2d8bd0d38662909289b54f1\"},\"headline\":\"Si la COVID-19 cause de l\u2019inflammation, qu\u2019est-ce qui la r\u00e9duit?\",\"datePublished\":\"2021-03-23T18:28:49+00:00\",\"dateModified\":\"2021-03-26T14:45:48+00:00\",\"mainEntityOfPage\":{\"@id\":\"https:\\\/\\\/interamerica.org\\\/fr\\\/2021\\\/03\\\/si-la-covid-19-cause-de-linflammation-quest-ce-qui-la-reduit\\\/\"},\"wordCount\":686,\"image\":{\"@id\":\"https:\\\/\\\/interamerica.org\\\/fr\\\/2021\\\/03\\\/si-la-covid-19-cause-de-linflammation-quest-ce-qui-la-reduit\\\/#primaryimage\"},\"thumbnailUrl\":\"https:\\\/\\\/interamerica.org\\\/wp-content\\\/uploads\\\/2021\\\/03\\\/turmeric-2998946-1280.jpg\",\"articleSection\":[\"Nouvelles de l'\u00c9glise mondiale\",\"RSS Fran\u00e7ais\"],\"inLanguage\":\"fr-FR\"},{\"@type\":\"WebPage\",\"@id\":\"https:\\\/\\\/interamerica.org\\\/fr\\\/2021\\\/03\\\/si-la-covid-19-cause-de-linflammation-quest-ce-qui-la-reduit\\\/\",\"url\":\"https:\\\/\\\/interamerica.org\\\/fr\\\/2021\\\/03\\\/si-la-covid-19-cause-de-linflammation-quest-ce-qui-la-reduit\\\/\",\"name\":\"Si la COVID-19 cause de l\u2019inflammation, qu\u2019est-ce qui la r\u00e9duit? - \u00c9glise Adventiste Du Septieme Jour - Inter Am\u00e9rique Division\",\"isPartOf\":{\"@id\":\"https:\\\/\\\/interamerica.org\\\/fr\\\/#website\"},\"primaryImageOfPage\":{\"@id\":\"https:\\\/\\\/interamerica.org\\\/fr\\\/2021\\\/03\\\/si-la-covid-19-cause-de-linflammation-quest-ce-qui-la-reduit\\\/#primaryimage\"},\"image\":{\"@id\":\"https:\\\/\\\/interamerica.org\\\/fr\\\/2021\\\/03\\\/si-la-covid-19-cause-de-linflammation-quest-ce-qui-la-reduit\\\/#primaryimage\"},\"thumbnailUrl\":\"https:\\\/\\\/interamerica.org\\\/wp-content\\\/uploads\\\/2021\\\/03\\\/turmeric-2998946-1280.jpg\",\"datePublished\":\"2021-03-23T18:28:49+00:00\",\"dateModified\":\"2021-03-26T14:45:48+00:00\",\"author\":{\"@id\":\"https:\\\/\\\/interamerica.org\\\/fr\\\/#\\\/schema\\\/person\\\/29998f2bc2d8bd0d38662909289b54f1\"},\"breadcrumb\":{\"@id\":\"https:\\\/\\\/interamerica.org\\\/fr\\\/2021\\\/03\\\/si-la-covid-19-cause-de-linflammation-quest-ce-qui-la-reduit\\\/#breadcrumb\"},\"inLanguage\":\"fr-FR\",\"potentialAction\":[{\"@type\":\"ReadAction\",\"target\":[\"https:\\\/\\\/interamerica.org\\\/fr\\\/2021\\\/03\\\/si-la-covid-19-cause-de-linflammation-quest-ce-qui-la-reduit\\\/\"]}]},{\"@type\":\"ImageObject\",\"inLanguage\":\"fr-FR\",\"@id\":\"https:\\\/\\\/interamerica.org\\\/fr\\\/2021\\\/03\\\/si-la-covid-19-cause-de-linflammation-quest-ce-qui-la-reduit\\\/#primaryimage\",\"url\":\"https:\\\/\\\/interamerica.org\\\/wp-content\\\/uploads\\\/2021\\\/03\\\/turmeric-2998946-1280.jpg\",\"contentUrl\":\"https:\\\/\\\/interamerica.org\\\/wp-content\\\/uploads\\\/2021\\\/03\\\/turmeric-2998946-1280.jpg\",\"width\":1280,\"height\":808,\"caption\":\"[Photo: Pixabay]\"},{\"@type\":\"BreadcrumbList\",\"@id\":\"https:\\\/\\\/interamerica.org\\\/fr\\\/2021\\\/03\\\/si-la-covid-19-cause-de-linflammation-quest-ce-qui-la-reduit\\\/#breadcrumb\",\"itemListElement\":[{\"@type\":\"ListItem\",\"position\":1,\"name\":\"Home\",\"item\":\"https:\\\/\\\/interamerica.org\\\/fr\\\/\"},{\"@type\":\"ListItem\",\"position\":2,\"name\":\"Si la COVID-19 cause de l\u2019inflammation, qu\u2019est-ce qui la r\u00e9duit?\"}]},{\"@type\":\"WebSite\",\"@id\":\"https:\\\/\\\/interamerica.org\\\/fr\\\/#website\",\"url\":\"https:\\\/\\\/interamerica.org\\\/fr\\\/\",\"name\":\"\u00c9glise Adventiste Du Septieme Jour - Inter Am\u00e9rique Division\",\"description\":\"\",\"potentialAction\":[{\"@type\":\"SearchAction\",\"target\":{\"@type\":\"EntryPoint\",\"urlTemplate\":\"https:\\\/\\\/interamerica.org\\\/fr\\\/?s={search_term_string}\"},\"query-input\":{\"@type\":\"PropertyValueSpecification\",\"valueRequired\":true,\"valueName\":\"search_term_string\"}}],\"inLanguage\":\"fr-FR\"},{\"@type\":\"Person\",\"@id\":\"https:\\\/\\\/interamerica.org\\\/fr\\\/#\\\/schema\\\/person\\\/29998f2bc2d8bd0d38662909289b54f1\",\"name\":\"libna\",\"image\":{\"@type\":\"ImageObject\",\"inLanguage\":\"fr-FR\",\"@id\":\"https:\\\/\\\/secure.gravatar.com\\\/avatar\\\/7c5bd30ae4b47a9ba3c856590957fd1d96dc588bf3ac05719d247e126840331f?s=96&d=mm&r=g\",\"url\":\"https:\\\/\\\/secure.gravatar.com\\\/avatar\\\/7c5bd30ae4b47a9ba3c856590957fd1d96dc588bf3ac05719d247e126840331f?s=96&d=mm&r=g\",\"contentUrl\":\"https:\\\/\\\/secure.gravatar.com\\\/avatar\\\/7c5bd30ae4b47a9ba3c856590957fd1d96dc588bf3ac05719d247e126840331f?s=96&d=mm&r=g\",\"caption\":\"libna\"}}]}<\/script>\n<!-- \/ Yoast SEO plugin. -->","yoast_head_json":{"title":"Si la COVID-19 cause de l\u2019inflammation, qu\u2019est-ce qui la r\u00e9duit? - \u00c9glise Adventiste Du Septieme Jour - Inter Am\u00e9rique Division","robots":{"index":"index","follow":"follow","max-snippet":"max-snippet:-1","max-image-preview":"max-image-preview:large","max-video-preview":"max-video-preview:-1"},"canonical":"https:\/\/interamerica.org\/fr\/2021\/03\/si-la-covid-19-cause-de-linflammation-quest-ce-qui-la-reduit\/","og_locale":"fr_FR","og_type":"article","og_title":"Si la COVID-19 cause de l\u2019inflammation, qu\u2019est-ce qui la r\u00e9duit? - \u00c9glise Adventiste Du Septieme Jour - Inter Am\u00e9rique Division","og_description":"Certains aliments simples peuvent am\u00e9liorer votre sant\u00e9 g\u00e9n\u00e9rale pour vous permettre de mieux combattre la maladie. Le 23 mars 2021 | Loma Linda, Californie, \u00c9tats-Unis | Janelle Ringer, Centre m\u00e9dical...","og_url":"https:\/\/interamerica.org\/fr\/2021\/03\/si-la-covid-19-cause-de-linflammation-quest-ce-qui-la-reduit\/","og_site_name":"\u00c9glise Adventiste Du Septieme Jour - Inter Am\u00e9rique Division","article_published_time":"2021-03-23T18:28:49+00:00","article_modified_time":"2021-03-26T14:45:48+00:00","og_image":[{"width":1280,"height":808,"url":"https:\/\/interamerica.org\/wp-content\/uploads\/2021\/03\/turmeric-2998946-1280.jpg","type":"image\/jpeg"}],"author":"libna","twitter_card":"summary_large_image","twitter_misc":{"\u00c9crit par":"libna","Dur\u00e9e de lecture estim\u00e9e":"3 minutes"},"schema":{"@context":"https:\/\/schema.org","@graph":[{"@type":"Article","@id":"https:\/\/interamerica.org\/fr\/2021\/03\/si-la-covid-19-cause-de-linflammation-quest-ce-qui-la-reduit\/#article","isPartOf":{"@id":"https:\/\/interamerica.org\/fr\/2021\/03\/si-la-covid-19-cause-de-linflammation-quest-ce-qui-la-reduit\/"},"author":{"name":"libna","@id":"https:\/\/interamerica.org\/fr\/#\/schema\/person\/29998f2bc2d8bd0d38662909289b54f1"},"headline":"Si la COVID-19 cause de l\u2019inflammation, qu\u2019est-ce qui la r\u00e9duit?","datePublished":"2021-03-23T18:28:49+00:00","dateModified":"2021-03-26T14:45:48+00:00","mainEntityOfPage":{"@id":"https:\/\/interamerica.org\/fr\/2021\/03\/si-la-covid-19-cause-de-linflammation-quest-ce-qui-la-reduit\/"},"wordCount":686,"image":{"@id":"https:\/\/interamerica.org\/fr\/2021\/03\/si-la-covid-19-cause-de-linflammation-quest-ce-qui-la-reduit\/#primaryimage"},"thumbnailUrl":"https:\/\/interamerica.org\/wp-content\/uploads\/2021\/03\/turmeric-2998946-1280.jpg","articleSection":["Nouvelles de l'\u00c9glise mondiale","RSS Fran\u00e7ais"],"inLanguage":"fr-FR"},{"@type":"WebPage","@id":"https:\/\/interamerica.org\/fr\/2021\/03\/si-la-covid-19-cause-de-linflammation-quest-ce-qui-la-reduit\/","url":"https:\/\/interamerica.org\/fr\/2021\/03\/si-la-covid-19-cause-de-linflammation-quest-ce-qui-la-reduit\/","name":"Si la COVID-19 cause de l\u2019inflammation, qu\u2019est-ce qui la r\u00e9duit? - \u00c9glise Adventiste Du Septieme Jour - Inter Am\u00e9rique Division","isPartOf":{"@id":"https:\/\/interamerica.org\/fr\/#website"},"primaryImageOfPage":{"@id":"https:\/\/interamerica.org\/fr\/2021\/03\/si-la-covid-19-cause-de-linflammation-quest-ce-qui-la-reduit\/#primaryimage"},"image":{"@id":"https:\/\/interamerica.org\/fr\/2021\/03\/si-la-covid-19-cause-de-linflammation-quest-ce-qui-la-reduit\/#primaryimage"},"thumbnailUrl":"https:\/\/interamerica.org\/wp-content\/uploads\/2021\/03\/turmeric-2998946-1280.jpg","datePublished":"2021-03-23T18:28:49+00:00","dateModified":"2021-03-26T14:45:48+00:00","author":{"@id":"https:\/\/interamerica.org\/fr\/#\/schema\/person\/29998f2bc2d8bd0d38662909289b54f1"},"breadcrumb":{"@id":"https:\/\/interamerica.org\/fr\/2021\/03\/si-la-covid-19-cause-de-linflammation-quest-ce-qui-la-reduit\/#breadcrumb"},"inLanguage":"fr-FR","potentialAction":[{"@type":"ReadAction","target":["https:\/\/interamerica.org\/fr\/2021\/03\/si-la-covid-19-cause-de-linflammation-quest-ce-qui-la-reduit\/"]}]},{"@type":"ImageObject","inLanguage":"fr-FR","@id":"https:\/\/interamerica.org\/fr\/2021\/03\/si-la-covid-19-cause-de-linflammation-quest-ce-qui-la-reduit\/#primaryimage","url":"https:\/\/interamerica.org\/wp-content\/uploads\/2021\/03\/turmeric-2998946-1280.jpg","contentUrl":"https:\/\/interamerica.org\/wp-content\/uploads\/2021\/03\/turmeric-2998946-1280.jpg","width":1280,"height":808,"caption":"[Photo: Pixabay]"},{"@type":"BreadcrumbList","@id":"https:\/\/interamerica.org\/fr\/2021\/03\/si-la-covid-19-cause-de-linflammation-quest-ce-qui-la-reduit\/#breadcrumb","itemListElement":[{"@type":"ListItem","position":1,"name":"Home","item":"https:\/\/interamerica.org\/fr\/"},{"@type":"ListItem","position":2,"name":"Si la COVID-19 cause de l\u2019inflammation, qu\u2019est-ce qui la r\u00e9duit?"}]},{"@type":"WebSite","@id":"https:\/\/interamerica.org\/fr\/#website","url":"https:\/\/interamerica.org\/fr\/","name":"\u00c9glise Adventiste Du Septieme Jour - Inter Am\u00e9rique Division","description":"","potentialAction":[{"@type":"SearchAction","target":{"@type":"EntryPoint","urlTemplate":"https:\/\/interamerica.org\/fr\/?s={search_term_string}"},"query-input":{"@type":"PropertyValueSpecification","valueRequired":true,"valueName":"search_term_string"}}],"inLanguage":"fr-FR"},{"@type":"Person","@id":"https:\/\/interamerica.org\/fr\/#\/schema\/person\/29998f2bc2d8bd0d38662909289b54f1","name":"libna","image":{"@type":"ImageObject","inLanguage":"fr-FR","@id":"https:\/\/secure.gravatar.com\/avatar\/7c5bd30ae4b47a9ba3c856590957fd1d96dc588bf3ac05719d247e126840331f?s=96&d=mm&r=g","url":"https:\/\/secure.gravatar.com\/avatar\/7c5bd30ae4b47a9ba3c856590957fd1d96dc588bf3ac05719d247e126840331f?s=96&d=mm&r=g","contentUrl":"https:\/\/secure.gravatar.com\/avatar\/7c5bd30ae4b47a9ba3c856590957fd1d96dc588bf3ac05719d247e126840331f?s=96&d=mm&r=g","caption":"libna"}}]}},"_links":{"self":[{"href":"https:\/\/interamerica.org\/fr\/wp-json\/wp\/v2\/posts\/70082","targetHints":{"allow":["GET"]}}],"collection":[{"href":"https:\/\/interamerica.org\/fr\/wp-json\/wp\/v2\/posts"}],"about":[{"href":"https:\/\/interamerica.org\/fr\/wp-json\/wp\/v2\/types\/post"}],"author":[{"embeddable":true,"href":"https:\/\/interamerica.org\/fr\/wp-json\/wp\/v2\/users\/3"}],"replies":[{"embeddable":true,"href":"https:\/\/interamerica.org\/fr\/wp-json\/wp\/v2\/comments?post=70082"}],"version-history":[{"count":0,"href":"https:\/\/interamerica.org\/fr\/wp-json\/wp\/v2\/posts\/70082\/revisions"}],"wp:featuredmedia":[{"embeddable":true,"href":"https:\/\/interamerica.org\/fr\/wp-json\/wp\/v2\/media\/70016"}],"wp:attachment":[{"href":"https:\/\/interamerica.org\/fr\/wp-json\/wp\/v2\/media?parent=70082"}],"wp:term":[{"taxonomy":"category","embeddable":true,"href":"https:\/\/interamerica.org\/fr\/wp-json\/wp\/v2\/categories?post=70082"},{"taxonomy":"post_tag","embeddable":true,"href":"https:\/\/interamerica.org\/fr\/wp-json\/wp\/v2\/tags?post=70082"}],"curies":[{"name":"wp","href":"https:\/\/api.w.org\/{rel}","templated":true}]}}