{"id":70107,"date":"2021-03-25T21:47:07","date_gmt":"2021-03-26T01:47:07","guid":{"rendered":"https:\/\/recursing-golick.147-182-135-0.plesk.page\/?p=70107"},"modified":"2021-03-26T10:15:32","modified_gmt":"2021-03-26T14:15:32","slug":"considerer-la-gestion-chretienne-de-la-vie-en-tant-quune-promesse","status":"publish","type":"post","link":"https:\/\/interamerica.org\/fr\/2021\/03\/considerer-la-gestion-chretienne-de-la-vie-en-tant-quune-promesse\/","title":{"rendered":"Consid\u00e9rer la gestion chr\u00e9tienne de la vie en tant qu\u2019une promesse"},"content":{"rendered":"<p>25 mars 2021 | Silver Spring, Maryland, \u00c9tats-Unis | Ted N.C. Wilson<\/p>\n<p><span style=\"font-weight: 400;\">Bonjour, mes amis ! J\u2019esp\u00e8re que vous avez tous pass\u00e9 une bonne semaine et que vous avez h\u00e2te de profiter d\u2019un autre sabbat b\u00e9ni !<\/span><\/p>\n<p><span style=\"font-weight: 400;\">Vous vous souvenez peut-\u00eatre qu\u2019il y a quelques semaines, lors de notre temps pass\u00e9 ensemble, nous avons vu l\u2019histoire \u00e9tonnante d\u2019Abraham, l\u2019homme Masa\u00ef de Tanzanie qui a d\u00e9cid\u00e9 de rendre la d\u00eeme en donnant un dixi\u00e8me de tout son b\u00e9tail, et Dieu l\u2019a b\u00e9ni d\u2019une mani\u00e8re \u00e9tonnante, faisant en sorte que son b\u00e9tail et ses moutons se multiplient consid\u00e9rablement ! Quel t\u00e9moignage puissant de la fa\u00e7on dont Dieu accomplit sa promesse de d\u00e9verser les b\u00e9n\u00e9dictions des fen\u00eatres du ciel lorsque nous lui sommes fid\u00e8les !<\/span><\/p>\n<p><span style=\"font-weight: 400;\">La d\u00eeme et le don des offrandes sont des pratiques anciennes \u00e9tablies par Dieu lui-m\u00eame. Ils sont cens\u00e9s \u00eatre une b\u00e9n\u00e9diction incroyable pour nous, car ils relient nos c\u0153urs au c\u0153ur de Dieu.<\/span><\/p>\n<p><span style=\"font-weight: 400;\">Dans <\/span><b>Matthieu 6.19-20<\/b><span style=\"font-weight: 400;\">, J\u00e9sus lui-m\u00eame nous dit : <\/span><b>\u00ab Ne vous amassez pas des tr\u00e9sors sur la terre, o\u00f9 les mites et la rouille d\u00e9truisent et o\u00f9 les voleurs percent les murs pour voler, mais amassez-vous des tr\u00e9sors dans le ciel, o\u00f9 les mites et la rouille ne d\u00e9truisent pas et o\u00f9 les voleurs ne peuvent pas percer les murs ni voler ! \u00bb.<\/b><\/p>\n<p><span style=\"font-weight: 400;\">Comme il est merveilleux de penser qu\u2019aujourd\u2019hui, par le retour de la d\u00eeme et des offrandes, nos c\u0153urs peuvent \u00eatre au ciel !<\/span><\/p>\n<p><span style=\"font-weight: 400;\">Dieu aime les donateurs joyeux et d\u00e9sire unir nos c\u0153urs au sien. S\u2019il nous demande de lui reverser la d\u00eeme, soit 10% de tout notre revenu, de les lui rendre, il nous demande aussi de faire des offrandes r\u00e9guli\u00e8res et syst\u00e9matiques pour soutenir la mission de son \u00c9glise. C\u2019est diff\u00e9rent des offrandes volontaires, qui ne sont donn\u00e9es que de temps en temps, lorsque l\u2019on est impressionn\u00e9 par le don.<\/span><\/p>\n<p><span style=\"font-weight: 400;\">Selon la Bible, nous devons donner ce que nous recevons. Dans Proverbes 3.9, nous lisons : \u00ab Honore l\u2019\u00c9ternel avec tes biens et avec les premiers de tous tes produits ! \u00bb.<\/span><\/p>\n<p><span style=\"font-weight: 400;\">Et la Bible nous dit \u00e9galement que nous devons \u00eatre constants dans nos offrandes, c\u2019est-\u00e0-dire que nous devons d\u00e9terminer \u00e0 l\u2019avance quel pourcentage de nos revenus nous donnerons r\u00e9guli\u00e8rement en offrande. Et personnellement, je veux vous dire que c\u2019est ce que ma femme Nancy et moi, nous faisons chaque fois, sur une base mensuelle, et vous pouvez le faire sur une base hebdomadaire, peu importe, mais c\u2019est important de le faire de mani\u00e8re syst\u00e9matique.<\/span><\/p>\n<p><span style=\"font-weight: 400;\">L\u2019une des fa\u00e7ons d\u2019identifier ces offrandes r\u00e9guli\u00e8res et syst\u00e9matiques est le mot \u00ab promesse \u00bb. Ce concept de \u00ab promesse \u00bb est expliqu\u00e9 plus en d\u00e9tail dans cette courte vid\u00e9o produite par le d\u00e9partement de gestion chr\u00e9tienne de la vie de l\u2019\u00c9glise Adventiste du Septi\u00e8me Jour.<\/span><\/p>\n<p><span style=\"font-weight: 400;\">Devenir un promettant, c\u2019est honorer \u00ab l\u2019\u00c9ternel avec tes biens et avec les premiers de tous tes produits ! Alors tes greniers seront abondamment remplis et tes cuves d\u00e9borderont de vin nouveau \u00bb (Proverbes 3.9-10).<\/span><\/p>\n<p><span style=\"font-weight: 400;\">En suivant la parole de Dieu, laissez cette promesse s\u2019accomplir dans votre vie !<\/span><\/p>\n<p><span style=\"font-weight: 400;\">Puissions-nous mettre nos d\u00e9sirs en dernier et Dieu en premier.<\/span><\/p>\n<p><span style=\"font-weight: 400;\">Mes amis, nous ne pourrons jamais surpasser le Seigneur ! Et encore une foi je veux vous donner un t\u00e9moignage personnel, que Nancy et moi, nous avons vu de mani\u00e8re \u00e9tonnante dans notre vie personnelle, au fil des ann\u00e9es, les 45 ann\u00e9es que nous avons \u00e9t\u00e9 mari\u00e9s, bient\u00f4t 46, Dieu vous b\u00e9nira et les neufs dixi\u00e8mes, les huit dixi\u00e8mes ou n\u2019importe quel pourcentage que vous aurez, je veux vous dire qu\u2019il b\u00e9nit plus que les 100% originaux. C\u2019est une b\u00e9n\u00e9diction de Dieu. Il n\u2019attend que de d\u00e9verser ses b\u00e9n\u00e9dictions sur vous ! Si vous souhaitez en savoir plus sur la \u00ab Promesse \u00bb et sur le fait de mettre Dieu en premier, je vous encourage \u00e0 visiter le site : stewardship.adventist.org\/what-is-promise<\/span><\/p>\n<h3><b>Prayer:<\/b><\/h3>\n<p><span style=\"font-weight: 400;\">Permettez-moi de prier ensemble, en particulier sur ce sujet sp\u00e9cial. P\u00e8re c\u00e9leste, nous te remercions de nous avoir donn\u00e9 tant de choses, y compris nos talents, nos capacit\u00e9s, notre temps et nos ressources. Seigneur, alors que nous confions tout cela entre tes mains, donne-nous une compr\u00e9hension de la beaut\u00e9 de ta merveilleuse prescription, de te rendre la d\u00eeme, qui t\u2019appartient d\u00e9j\u00e0 et nous rendons ces 10% et ensuite les offrandes r\u00e9guli\u00e8res suppl\u00e9mentaires que nous offrons ; aide chacun \u00e0 d\u00e9terminer, avec toi, ce qu\u2019il convient de te donner comme offrande pr\u00e9cieuse ; Seigneur, je te remercie pour les b\u00e9n\u00e9dictions que tu nous donnes, je te remercie de promettre de d\u00e9verser des b\u00e9n\u00e9dictions par les fen\u00eatres du ciel, plus que nous ne pourrons jamais en recevoir ; Seigneur, je t\u00e9moigne du fait que tu as fait cela pour moi, pour ma famille ! Seigneur, qu\u2019il en soit ainsi pour tous ceux qui nous regardent aujourd\u2019hui : tu nous as dit de te mettre \u00e0 l\u2019\u00e9preuve et de voir si tu ne feras pas la m\u00eame chose. Nous te remercions, au nom de J\u00e9sus, amen.<\/span><\/p>\n<p><iframe title=\"La gestion chr\u00e9tienne de la vie en tant qu\u2019une promesse \/ Pasteur Ted Wilson\" src=\"https:\/\/player.vimeo.com\/video\/529346427?dnt=1&amp;app_id=122963\" width=\"500\" height=\"281\" frameborder=\"0\" allow=\"autoplay; fullscreen; picture-in-picture; clipboard-write\"><\/iframe><\/p>\n","protected":false},"excerpt":{"rendered":"<p>25 mars 2021 | Silver Spring, Maryland, \u00c9tats-Unis | Ted N.C. Wilson Bonjour, mes amis ! J\u2019esp\u00e8re que vous avez tous pass\u00e9 une bonne semaine et que vous avez h\u00e2te&#8230;<\/p>\n","protected":false},"author":3,"featured_media":70108,"comment_status":"closed","ping_status":"closed","sticky":false,"template":"","format":"standard","meta":{"_acf_changed":false,"footnotes":""},"categories":[18,19],"tags":[],"class_list":["post-70107","post","type-post","status-publish","format-standard","has-post-thumbnail","hentry","category-nouvelles-de-leglise-mondiale","category-rss-francais"],"acf":[],"yoast_head":"<!-- This site is optimized with the Yoast SEO plugin v27.3 - https:\/\/yoast.com\/product\/yoast-seo-wordpress\/ -->\n<title>Consid\u00e9rer la gestion chr\u00e9tienne de la vie en tant qu\u2019une promesse - \u00c9glise Adventiste Du Septieme Jour - Inter Am\u00e9rique Division<\/title>\n<meta name=\"robots\" content=\"index, follow, max-snippet:-1, max-image-preview:large, max-video-preview:-1\" \/>\n<link rel=\"canonical\" href=\"https:\/\/interamerica.org\/fr\/2021\/03\/considerer-la-gestion-chretienne-de-la-vie-en-tant-quune-promesse\/\" \/>\n<meta property=\"og:locale\" content=\"fr_FR\" \/>\n<meta property=\"og:type\" content=\"article\" \/>\n<meta property=\"og:title\" content=\"Consid\u00e9rer la gestion chr\u00e9tienne de la vie en tant qu\u2019une promesse - \u00c9glise Adventiste Du Septieme Jour - Inter Am\u00e9rique Division\" \/>\n<meta property=\"og:description\" content=\"25 mars 2021 | Silver Spring, Maryland, \u00c9tats-Unis | Ted N.C. Wilson Bonjour, mes amis ! J\u2019esp\u00e8re que vous avez tous pass\u00e9 une bonne semaine et que vous avez h\u00e2te...\" \/>\n<meta property=\"og:url\" content=\"https:\/\/interamerica.org\/fr\/2021\/03\/considerer-la-gestion-chretienne-de-la-vie-en-tant-quune-promesse\/\" \/>\n<meta property=\"og:site_name\" content=\"\u00c9glise Adventiste Du Septieme Jour - Inter Am\u00e9rique Division\" \/>\n<meta property=\"article:published_time\" content=\"2021-03-26T01:47:07+00:00\" \/>\n<meta property=\"article:modified_time\" content=\"2021-03-26T14:15:32+00:00\" \/>\n<meta property=\"og:image\" content=\"https:\/\/interamerica.org\/wp-content\/uploads\/2021\/03\/wilson-mar25-french.jpg\" \/>\n\t<meta property=\"og:image:width\" content=\"1050\" \/>\n\t<meta property=\"og:image:height\" content=\"591\" \/>\n\t<meta property=\"og:image:type\" content=\"image\/jpeg\" \/>\n<meta name=\"author\" content=\"libna\" \/>\n<meta name=\"twitter:card\" content=\"summary_large_image\" \/>\n<meta name=\"twitter:label1\" content=\"\u00c9crit par\" \/>\n\t<meta name=\"twitter:data1\" content=\"libna\" \/>\n\t<meta name=\"twitter:label2\" content=\"Dur\u00e9e de lecture estim\u00e9e\" \/>\n\t<meta name=\"twitter:data2\" content=\"4 minutes\" \/>\n<script type=\"application\/ld+json\" class=\"yoast-schema-graph\">{\"@context\":\"https:\\\/\\\/schema.org\",\"@graph\":[{\"@type\":\"Article\",\"@id\":\"https:\\\/\\\/interamerica.org\\\/fr\\\/2021\\\/03\\\/considerer-la-gestion-chretienne-de-la-vie-en-tant-quune-promesse\\\/#article\",\"isPartOf\":{\"@id\":\"https:\\\/\\\/interamerica.org\\\/fr\\\/2021\\\/03\\\/considerer-la-gestion-chretienne-de-la-vie-en-tant-quune-promesse\\\/\"},\"author\":{\"name\":\"libna\",\"@id\":\"https:\\\/\\\/interamerica.org\\\/fr\\\/#\\\/schema\\\/person\\\/29998f2bc2d8bd0d38662909289b54f1\"},\"headline\":\"Consid\u00e9rer la gestion chr\u00e9tienne de la vie en tant qu\u2019une promesse\",\"datePublished\":\"2021-03-26T01:47:07+00:00\",\"dateModified\":\"2021-03-26T14:15:32+00:00\",\"mainEntityOfPage\":{\"@id\":\"https:\\\/\\\/interamerica.org\\\/fr\\\/2021\\\/03\\\/considerer-la-gestion-chretienne-de-la-vie-en-tant-quune-promesse\\\/\"},\"wordCount\":933,\"image\":{\"@id\":\"https:\\\/\\\/interamerica.org\\\/fr\\\/2021\\\/03\\\/considerer-la-gestion-chretienne-de-la-vie-en-tant-quune-promesse\\\/#primaryimage\"},\"thumbnailUrl\":\"https:\\\/\\\/interamerica.org\\\/wp-content\\\/uploads\\\/2021\\\/03\\\/wilson-mar25-french.jpg\",\"articleSection\":[\"Nouvelles de l'\u00c9glise mondiale\",\"RSS Fran\u00e7ais\"],\"inLanguage\":\"fr-FR\"},{\"@type\":\"WebPage\",\"@id\":\"https:\\\/\\\/interamerica.org\\\/fr\\\/2021\\\/03\\\/considerer-la-gestion-chretienne-de-la-vie-en-tant-quune-promesse\\\/\",\"url\":\"https:\\\/\\\/interamerica.org\\\/fr\\\/2021\\\/03\\\/considerer-la-gestion-chretienne-de-la-vie-en-tant-quune-promesse\\\/\",\"name\":\"Consid\u00e9rer la gestion chr\u00e9tienne de la vie en tant qu\u2019une promesse - \u00c9glise Adventiste Du Septieme Jour - Inter Am\u00e9rique Division\",\"isPartOf\":{\"@id\":\"https:\\\/\\\/interamerica.org\\\/fr\\\/#website\"},\"primaryImageOfPage\":{\"@id\":\"https:\\\/\\\/interamerica.org\\\/fr\\\/2021\\\/03\\\/considerer-la-gestion-chretienne-de-la-vie-en-tant-quune-promesse\\\/#primaryimage\"},\"image\":{\"@id\":\"https:\\\/\\\/interamerica.org\\\/fr\\\/2021\\\/03\\\/considerer-la-gestion-chretienne-de-la-vie-en-tant-quune-promesse\\\/#primaryimage\"},\"thumbnailUrl\":\"https:\\\/\\\/interamerica.org\\\/wp-content\\\/uploads\\\/2021\\\/03\\\/wilson-mar25-french.jpg\",\"datePublished\":\"2021-03-26T01:47:07+00:00\",\"dateModified\":\"2021-03-26T14:15:32+00:00\",\"author\":{\"@id\":\"https:\\\/\\\/interamerica.org\\\/fr\\\/#\\\/schema\\\/person\\\/29998f2bc2d8bd0d38662909289b54f1\"},\"breadcrumb\":{\"@id\":\"https:\\\/\\\/interamerica.org\\\/fr\\\/2021\\\/03\\\/considerer-la-gestion-chretienne-de-la-vie-en-tant-quune-promesse\\\/#breadcrumb\"},\"inLanguage\":\"fr-FR\",\"potentialAction\":[{\"@type\":\"ReadAction\",\"target\":[\"https:\\\/\\\/interamerica.org\\\/fr\\\/2021\\\/03\\\/considerer-la-gestion-chretienne-de-la-vie-en-tant-quune-promesse\\\/\"]}]},{\"@type\":\"ImageObject\",\"inLanguage\":\"fr-FR\",\"@id\":\"https:\\\/\\\/interamerica.org\\\/fr\\\/2021\\\/03\\\/considerer-la-gestion-chretienne-de-la-vie-en-tant-quune-promesse\\\/#primaryimage\",\"url\":\"https:\\\/\\\/interamerica.org\\\/wp-content\\\/uploads\\\/2021\\\/03\\\/wilson-mar25-french.jpg\",\"contentUrl\":\"https:\\\/\\\/interamerica.org\\\/wp-content\\\/uploads\\\/2021\\\/03\\\/wilson-mar25-french.jpg\",\"width\":1050,\"height\":591},{\"@type\":\"BreadcrumbList\",\"@id\":\"https:\\\/\\\/interamerica.org\\\/fr\\\/2021\\\/03\\\/considerer-la-gestion-chretienne-de-la-vie-en-tant-quune-promesse\\\/#breadcrumb\",\"itemListElement\":[{\"@type\":\"ListItem\",\"position\":1,\"name\":\"Home\",\"item\":\"https:\\\/\\\/interamerica.org\\\/fr\\\/\"},{\"@type\":\"ListItem\",\"position\":2,\"name\":\"Consid\u00e9rer la gestion chr\u00e9tienne de la vie en tant qu\u2019une promesse\"}]},{\"@type\":\"WebSite\",\"@id\":\"https:\\\/\\\/interamerica.org\\\/fr\\\/#website\",\"url\":\"https:\\\/\\\/interamerica.org\\\/fr\\\/\",\"name\":\"\u00c9glise Adventiste Du Septieme Jour - Inter Am\u00e9rique Division\",\"description\":\"\",\"potentialAction\":[{\"@type\":\"SearchAction\",\"target\":{\"@type\":\"EntryPoint\",\"urlTemplate\":\"https:\\\/\\\/interamerica.org\\\/fr\\\/?s={search_term_string}\"},\"query-input\":{\"@type\":\"PropertyValueSpecification\",\"valueRequired\":true,\"valueName\":\"search_term_string\"}}],\"inLanguage\":\"fr-FR\"},{\"@type\":\"Person\",\"@id\":\"https:\\\/\\\/interamerica.org\\\/fr\\\/#\\\/schema\\\/person\\\/29998f2bc2d8bd0d38662909289b54f1\",\"name\":\"libna\",\"image\":{\"@type\":\"ImageObject\",\"inLanguage\":\"fr-FR\",\"@id\":\"https:\\\/\\\/secure.gravatar.com\\\/avatar\\\/7c5bd30ae4b47a9ba3c856590957fd1d96dc588bf3ac05719d247e126840331f?s=96&d=mm&r=g\",\"url\":\"https:\\\/\\\/secure.gravatar.com\\\/avatar\\\/7c5bd30ae4b47a9ba3c856590957fd1d96dc588bf3ac05719d247e126840331f?s=96&d=mm&r=g\",\"contentUrl\":\"https:\\\/\\\/secure.gravatar.com\\\/avatar\\\/7c5bd30ae4b47a9ba3c856590957fd1d96dc588bf3ac05719d247e126840331f?s=96&d=mm&r=g\",\"caption\":\"libna\"}}]}<\/script>\n<!-- \/ Yoast SEO plugin. -->","yoast_head_json":{"title":"Consid\u00e9rer la gestion chr\u00e9tienne de la vie en tant qu\u2019une promesse - \u00c9glise Adventiste Du Septieme Jour - Inter Am\u00e9rique Division","robots":{"index":"index","follow":"follow","max-snippet":"max-snippet:-1","max-image-preview":"max-image-preview:large","max-video-preview":"max-video-preview:-1"},"canonical":"https:\/\/interamerica.org\/fr\/2021\/03\/considerer-la-gestion-chretienne-de-la-vie-en-tant-quune-promesse\/","og_locale":"fr_FR","og_type":"article","og_title":"Consid\u00e9rer la gestion chr\u00e9tienne de la vie en tant qu\u2019une promesse - \u00c9glise Adventiste Du Septieme Jour - Inter Am\u00e9rique Division","og_description":"25 mars 2021 | Silver Spring, Maryland, \u00c9tats-Unis | Ted N.C. Wilson Bonjour, mes amis ! J\u2019esp\u00e8re que vous avez tous pass\u00e9 une bonne semaine et que vous avez h\u00e2te...","og_url":"https:\/\/interamerica.org\/fr\/2021\/03\/considerer-la-gestion-chretienne-de-la-vie-en-tant-quune-promesse\/","og_site_name":"\u00c9glise Adventiste Du Septieme Jour - Inter Am\u00e9rique Division","article_published_time":"2021-03-26T01:47:07+00:00","article_modified_time":"2021-03-26T14:15:32+00:00","og_image":[{"width":1050,"height":591,"url":"https:\/\/interamerica.org\/wp-content\/uploads\/2021\/03\/wilson-mar25-french.jpg","type":"image\/jpeg"}],"author":"libna","twitter_card":"summary_large_image","twitter_misc":{"\u00c9crit par":"libna","Dur\u00e9e de lecture estim\u00e9e":"4 minutes"},"schema":{"@context":"https:\/\/schema.org","@graph":[{"@type":"Article","@id":"https:\/\/interamerica.org\/fr\/2021\/03\/considerer-la-gestion-chretienne-de-la-vie-en-tant-quune-promesse\/#article","isPartOf":{"@id":"https:\/\/interamerica.org\/fr\/2021\/03\/considerer-la-gestion-chretienne-de-la-vie-en-tant-quune-promesse\/"},"author":{"name":"libna","@id":"https:\/\/interamerica.org\/fr\/#\/schema\/person\/29998f2bc2d8bd0d38662909289b54f1"},"headline":"Consid\u00e9rer la gestion chr\u00e9tienne de la vie en tant qu\u2019une promesse","datePublished":"2021-03-26T01:47:07+00:00","dateModified":"2021-03-26T14:15:32+00:00","mainEntityOfPage":{"@id":"https:\/\/interamerica.org\/fr\/2021\/03\/considerer-la-gestion-chretienne-de-la-vie-en-tant-quune-promesse\/"},"wordCount":933,"image":{"@id":"https:\/\/interamerica.org\/fr\/2021\/03\/considerer-la-gestion-chretienne-de-la-vie-en-tant-quune-promesse\/#primaryimage"},"thumbnailUrl":"https:\/\/interamerica.org\/wp-content\/uploads\/2021\/03\/wilson-mar25-french.jpg","articleSection":["Nouvelles de l'\u00c9glise mondiale","RSS Fran\u00e7ais"],"inLanguage":"fr-FR"},{"@type":"WebPage","@id":"https:\/\/interamerica.org\/fr\/2021\/03\/considerer-la-gestion-chretienne-de-la-vie-en-tant-quune-promesse\/","url":"https:\/\/interamerica.org\/fr\/2021\/03\/considerer-la-gestion-chretienne-de-la-vie-en-tant-quune-promesse\/","name":"Consid\u00e9rer la gestion chr\u00e9tienne de la vie en tant qu\u2019une promesse - \u00c9glise Adventiste Du Septieme Jour - Inter Am\u00e9rique Division","isPartOf":{"@id":"https:\/\/interamerica.org\/fr\/#website"},"primaryImageOfPage":{"@id":"https:\/\/interamerica.org\/fr\/2021\/03\/considerer-la-gestion-chretienne-de-la-vie-en-tant-quune-promesse\/#primaryimage"},"image":{"@id":"https:\/\/interamerica.org\/fr\/2021\/03\/considerer-la-gestion-chretienne-de-la-vie-en-tant-quune-promesse\/#primaryimage"},"thumbnailUrl":"https:\/\/interamerica.org\/wp-content\/uploads\/2021\/03\/wilson-mar25-french.jpg","datePublished":"2021-03-26T01:47:07+00:00","dateModified":"2021-03-26T14:15:32+00:00","author":{"@id":"https:\/\/interamerica.org\/fr\/#\/schema\/person\/29998f2bc2d8bd0d38662909289b54f1"},"breadcrumb":{"@id":"https:\/\/interamerica.org\/fr\/2021\/03\/considerer-la-gestion-chretienne-de-la-vie-en-tant-quune-promesse\/#breadcrumb"},"inLanguage":"fr-FR","potentialAction":[{"@type":"ReadAction","target":["https:\/\/interamerica.org\/fr\/2021\/03\/considerer-la-gestion-chretienne-de-la-vie-en-tant-quune-promesse\/"]}]},{"@type":"ImageObject","inLanguage":"fr-FR","@id":"https:\/\/interamerica.org\/fr\/2021\/03\/considerer-la-gestion-chretienne-de-la-vie-en-tant-quune-promesse\/#primaryimage","url":"https:\/\/interamerica.org\/wp-content\/uploads\/2021\/03\/wilson-mar25-french.jpg","contentUrl":"https:\/\/interamerica.org\/wp-content\/uploads\/2021\/03\/wilson-mar25-french.jpg","width":1050,"height":591},{"@type":"BreadcrumbList","@id":"https:\/\/interamerica.org\/fr\/2021\/03\/considerer-la-gestion-chretienne-de-la-vie-en-tant-quune-promesse\/#breadcrumb","itemListElement":[{"@type":"ListItem","position":1,"name":"Home","item":"https:\/\/interamerica.org\/fr\/"},{"@type":"ListItem","position":2,"name":"Consid\u00e9rer la gestion chr\u00e9tienne de la vie en tant qu\u2019une promesse"}]},{"@type":"WebSite","@id":"https:\/\/interamerica.org\/fr\/#website","url":"https:\/\/interamerica.org\/fr\/","name":"\u00c9glise Adventiste Du Septieme Jour - Inter Am\u00e9rique Division","description":"","potentialAction":[{"@type":"SearchAction","target":{"@type":"EntryPoint","urlTemplate":"https:\/\/interamerica.org\/fr\/?s={search_term_string}"},"query-input":{"@type":"PropertyValueSpecification","valueRequired":true,"valueName":"search_term_string"}}],"inLanguage":"fr-FR"},{"@type":"Person","@id":"https:\/\/interamerica.org\/fr\/#\/schema\/person\/29998f2bc2d8bd0d38662909289b54f1","name":"libna","image":{"@type":"ImageObject","inLanguage":"fr-FR","@id":"https:\/\/secure.gravatar.com\/avatar\/7c5bd30ae4b47a9ba3c856590957fd1d96dc588bf3ac05719d247e126840331f?s=96&d=mm&r=g","url":"https:\/\/secure.gravatar.com\/avatar\/7c5bd30ae4b47a9ba3c856590957fd1d96dc588bf3ac05719d247e126840331f?s=96&d=mm&r=g","contentUrl":"https:\/\/secure.gravatar.com\/avatar\/7c5bd30ae4b47a9ba3c856590957fd1d96dc588bf3ac05719d247e126840331f?s=96&d=mm&r=g","caption":"libna"}}]}},"_links":{"self":[{"href":"https:\/\/interamerica.org\/fr\/wp-json\/wp\/v2\/posts\/70107","targetHints":{"allow":["GET"]}}],"collection":[{"href":"https:\/\/interamerica.org\/fr\/wp-json\/wp\/v2\/posts"}],"about":[{"href":"https:\/\/interamerica.org\/fr\/wp-json\/wp\/v2\/types\/post"}],"author":[{"embeddable":true,"href":"https:\/\/interamerica.org\/fr\/wp-json\/wp\/v2\/users\/3"}],"replies":[{"embeddable":true,"href":"https:\/\/interamerica.org\/fr\/wp-json\/wp\/v2\/comments?post=70107"}],"version-history":[{"count":0,"href":"https:\/\/interamerica.org\/fr\/wp-json\/wp\/v2\/posts\/70107\/revisions"}],"wp:featuredmedia":[{"embeddable":true,"href":"https:\/\/interamerica.org\/fr\/wp-json\/wp\/v2\/media\/70108"}],"wp:attachment":[{"href":"https:\/\/interamerica.org\/fr\/wp-json\/wp\/v2\/media?parent=70107"}],"wp:term":[{"taxonomy":"category","embeddable":true,"href":"https:\/\/interamerica.org\/fr\/wp-json\/wp\/v2\/categories?post=70107"},{"taxonomy":"post_tag","embeddable":true,"href":"https:\/\/interamerica.org\/fr\/wp-json\/wp\/v2\/tags?post=70107"}],"curies":[{"name":"wp","href":"https:\/\/api.w.org\/{rel}","templated":true}]}}