{"id":70265,"date":"2021-03-31T10:15:11","date_gmt":"2021-03-31T14:15:11","guid":{"rendered":"https:\/\/recursing-golick.147-182-135-0.plesk.page\/?p=70265"},"modified":"2021-04-05T18:55:40","modified_gmt":"2021-04-05T22:55:40","slug":"au-guatemala-une-ecole-adventiste-isolee-double-le-nombre-de-ses-inscriptions-apres-la-mise-en-place-dune-salle-informatique","status":"publish","type":"post","link":"https:\/\/interamerica.org\/fr\/2021\/03\/au-guatemala-une-ecole-adventiste-isolee-double-le-nombre-de-ses-inscriptions-apres-la-mise-en-place-dune-salle-informatique\/","title":{"rendered":"Au Guatemala, une \u00e9cole adventiste isol\u00e9e double le nombre de ses inscriptions apr\u00e8s la mise en place d&rsquo;une salle informatique"},"content":{"rendered":"<p><div id=\"attachment_70248\" style=\"width: 812px\" class=\"wp-caption aligncenter\"><img fetchpriority=\"high\" decoding=\"async\" aria-describedby=\"caption-attachment-70248\" class=\" wp-image-70248\" src=\"https:\/\/recursing-golick.147-182-135-0.plesk.page\/wp-content\/uploads\/2021\/03\/guatemala-salacuim-school.jpg\" alt=\"\" width=\"802\" height=\"501\" srcset=\"https:\/\/interamerica.org\/wp-content\/uploads\/2021\/03\/guatemala-salacuim-school.jpg 1000w, https:\/\/interamerica.org\/wp-content\/uploads\/2021\/03\/guatemala-salacuim-school-300x188.jpg 300w, https:\/\/interamerica.org\/wp-content\/uploads\/2021\/03\/guatemala-salacuim-school-768x480.jpg 768w\" sizes=\"(max-width: 802px) 100vw, 802px\" \/><p id=\"caption-attachment-70248\" class=\"wp-caption-text\">L\u2019\u00e9glise adventiste de Salacuim se trouve dans un village isol\u00e9 de la r\u00e9gion montagneuse pr\u00e8s de Coban, \u00e0 Alta Verapaz, dans le Centre du Guatemala. L\u2019\u00e9cole a doubl\u00e9 le nombre de ses inscriptions apr\u00e8s la mise en place d\u2019une salle informatique sur le campus \u00e0 la fin du mois de f\u00e9vrier, plusieurs semaines apr\u00e8s le d\u00e9but de la nouvelle ann\u00e9e scolaire. C\u2019est la premi\u00e8re salle informatique mise \u00e0 la disposition des \u00e9l\u00e8ves dans les \u00e9coles du village de Salacuim. [Photo : Union du Guatemala]<\/p><\/div>31 Mars 2021 | Coban, Alta Verapaz, Guatemala | Libna Stevens, Division Inter Am\u00e9ricaine<\/p>\n<p>L\u2019\u00c9cole adventiste du septi\u00e8me jour de Salacium a r\u00e9cemment doubl\u00e9 le nombre de ses inscriptions, gr\u00e2ce \u00e0 une nouvelle salle informatique mise en place sur le campus. L\u2019\u00e9cole primaire est la premi\u00e8re du petit village de Salacium, situ\u00e9 dans une r\u00e9gion caf\u00e9i\u00e8re montagneuse du Centre du Guatemala, \u00e0 disposer d\u2019ordinateurs pour ses \u00e9l\u00e8ves.<\/p>\n<p>La nouvelle salle informatique dispose de 20 ordinateurs de bureau et ordinateurs portables qui ont \u00e9t\u00e9 achet\u00e9s avec des fonds sp\u00e9ciaux collect\u00e9s par la mission du Nord et le d\u00e9partement de l\u2019\u00e9ducation de l\u2019\u00c9glise adventiste au Guatemala.<\/p>\n<p>\u00ab Il y a beaucoup de besoins ici et la plupart des \u00e9l\u00e8ves n\u2019avaient jamais touch\u00e9 \u00e0 un ordinateur et ne savaient m\u00eame pas comment l\u2019allumer, donc il y avait une grande excitation chez les \u00e9l\u00e8ves, les enseignants, les parents et dans la communaut\u00e9, \u00bb a dit Boris Max, principal de l\u2019\u00e9cole.<\/p>\n<p><div id=\"attachment_70239\" style=\"width: 810px\" class=\"wp-caption aligncenter\"><img decoding=\"async\" aria-describedby=\"caption-attachment-70239\" class=\" wp-image-70239\" src=\"https:\/\/recursing-golick.147-182-135-0.plesk.page\/wp-content\/uploads\/2021\/03\/guatemala-salacuim-computer-lab.jpg\" alt=\"\" width=\"800\" height=\"599\" srcset=\"https:\/\/interamerica.org\/wp-content\/uploads\/2021\/03\/guatemala-salacuim-computer-lab.jpg 950w, https:\/\/interamerica.org\/wp-content\/uploads\/2021\/03\/guatemala-salacuim-computer-lab-300x225.jpg 300w, https:\/\/interamerica.org\/wp-content\/uploads\/2021\/03\/guatemala-salacuim-computer-lab-768x575.jpg 768w\" sizes=\"(max-width: 800px) 100vw, 800px\" \/><p id=\"caption-attachment-70239\" class=\"wp-caption-text\">Vingt nouveaux ordinateurs de bureau et ordinateurs portables ont \u00e9t\u00e9 apport\u00e9s par les dirigeants de l\u2019\u00e9glise lors d\u2019une c\u00e9r\u00e9monie sp\u00e9ciale \u00e0 l\u2019\u00e9cole le 18 f\u00e9vrier 2021. [Photo : Union du Guatemala]<\/p><\/div>Boris Max a dit que l\u2019information a rapidement circul\u00e9 dans toute la communaut\u00e9, ce qui a entra\u00een\u00e9 une augmentation des inscriptions \u00e0 l\u2019\u00e9cole.<\/p>\n<p>\u00ab Nous sommes pass\u00e9s de 53 \u00e9l\u00e8ves l\u2019an dernier \u00e0 108, et de cinq \u00e0 six enseignants, et nous avons besoin d\u2019un autre [enseignant], \u00bb a d\u00e9clar\u00e9 Boris Max. Selon Boris Max, qui enseigne \u00e9galement les classes de CM2 et de 6\u00e8me, le nombre d\u2019inscriptions n\u2019a jamais d\u00e9pass\u00e9 90 \u00e9l\u00e8ves au cours des 42 ann\u00e9es \u00e9coul\u00e9es depuis la cr\u00e9ation de l\u2019\u00e9cole.<\/p>\n<p>Les nouveaux ordinateurs ont \u00e9t\u00e9 pr\u00e9sent\u00e9s lors d\u2019une c\u00e9r\u00e9monie sp\u00e9ciale qui s\u2019est tenue sur le campus le 18 f\u00e9vrier en pr\u00e9sence des dirigeants de l\u2019\u00e9glise. Les dirigeants ont \u00e9galement apport\u00e9 des paniers de nourriture, des livres et du tissu pour aider \u00e0 confectionner les uniformes scolaires des enfants.<\/p>\n<p><div id=\"attachment_70242\" style=\"width: 812px\" class=\"wp-caption aligncenter\"><img decoding=\"async\" aria-describedby=\"caption-attachment-70242\" class=\" wp-image-70242\" src=\"https:\/\/recursing-golick.147-182-135-0.plesk.page\/wp-content\/uploads\/2021\/03\/guatemala-salacuim-kids-ceremony.jpg\" alt=\"\" width=\"802\" height=\"602\" srcset=\"https:\/\/interamerica.org\/wp-content\/uploads\/2021\/03\/guatemala-salacuim-kids-ceremony.jpg 950w, https:\/\/interamerica.org\/wp-content\/uploads\/2021\/03\/guatemala-salacuim-kids-ceremony-300x225.jpg 300w, https:\/\/interamerica.org\/wp-content\/uploads\/2021\/03\/guatemala-salacuim-kids-ceremony-768x576.jpg 768w\" sizes=\"(max-width: 802px) 100vw, 802px\" \/><p id=\"caption-attachment-70242\" class=\"wp-caption-text\">Un groupe de jeunes \u00e9l\u00e8ves montrent leurs nouveaux livres lors d\u2019un programme sp\u00e9cial organis\u00e9 pour remercier les dirigeants de l\u2019\u00c9glise adventiste au Guatemala en pr\u00e9sence des parents et des amis de la communaut\u00e9, le 18 f\u00e9vrier 2021. [Photo : Union du Guatemala]<\/p><\/div>\u00ab L\u2019Union du Guatemala a \u00e9t\u00e9 tr\u00e8s heureuse de faire don de 10 ordinateurs, en plus des 10 autres offerts par la mission, afin d\u2019aider l\u2019\u00e9cole \u00e0 se d\u00e9velopper et \u00e0 continuer \u00e0 faire une diff\u00e9rence dans la vie des \u00e9l\u00e8ves, des parents et de la communaut\u00e9, \u00bb a d\u00e9clar\u00e9 Yanet Cima, directrice de l\u2019\u00e9ducation pour l\u2019\u00c9glise adventiste au Guatemala. Seuls 45 pourcents de ses \u00e9l\u00e8ves sont des adventistes du septi\u00e8me jour, c\u2019est donc une excellente opportunit\u00e9 de cr\u00e9er un impact avec le message de l\u2019amour de J\u00e9sus dans le village, \u00bb a dit Yanet Cima.<\/p>\n<p>Trois petites \u00e9glises adventistes du septi\u00e8me jour \u00e0 Salacuim ont r\u00e9colt\u00e9 suffisamment de fonds pour soutenir 10 \u00e9l\u00e8ves n\u00e9cessiteux de la communaut\u00e9, ce qui a permis \u00e0 ces derniers de fr\u00e9quenter l\u2019\u00e9cole. L&rsquo;\u00e9glise offre \u00e9galement des bo\u00eetes de nourriture et du mat\u00e9riel pour aider les personnes touch\u00e9es par les ouragans qui ont frapp\u00e9 la r\u00e9gion l\u2019ann\u00e9e derni\u00e8re, a d\u00e9clar\u00e9 Boris Max.<\/p>\n<p>Boris Max a d\u00e9clar\u00e9 que la pand\u00e9mie constituait un d\u00e9fi pour l\u2019\u00e9cole adventiste du septi\u00e8me jour de Salacium. Les enseignants rendent visite aux \u00e9l\u00e8ves chez eux pour s\u2019assurer qu\u2019ils soient \u00e0 jour en ce qui concerne leurs le\u00e7ons.<\/p>\n<p><div id=\"attachment_70251\" style=\"width: 812px\" class=\"wp-caption aligncenter\"><img loading=\"lazy\" decoding=\"async\" aria-describedby=\"caption-attachment-70251\" class=\" wp-image-70251\" src=\"https:\/\/recursing-golick.147-182-135-0.plesk.page\/wp-content\/uploads\/2021\/03\/guatemala-salacuim-uniform-fabric.jpg\" alt=\"\" width=\"802\" height=\"602\" srcset=\"https:\/\/interamerica.org\/wp-content\/uploads\/2021\/03\/guatemala-salacuim-uniform-fabric.jpg 950w, https:\/\/interamerica.org\/wp-content\/uploads\/2021\/03\/guatemala-salacuim-uniform-fabric-300x225.jpg 300w, https:\/\/interamerica.org\/wp-content\/uploads\/2021\/03\/guatemala-salacuim-uniform-fabric-768x576.jpg 768w\" sizes=\"(max-width: 802px) 100vw, 802px\" \/><p id=\"caption-attachment-70251\" class=\"wp-caption-text\">Pendant la c\u00e9r\u00e9monie, la m\u00e8re d\u2019un \u00e9l\u00e8ve de l\u2019\u00e9cole re\u00e7oit du tissu pour l\u2019uniforme des mains de pasteur Guenther Garc\u00eda (\u00e0 droite), pr\u00e9sident de l\u2019\u00c9glise adventiste au Guatemala. [Photo : Union du Guatemala]<\/p><\/div>\u00ab C\u2019est un d\u00e9fi, mais un bon d\u00e9fi, \u00bb a ajout\u00e9 Boris Max. \u00ab Il y a davantage d\u2019opportunit\u00e9s maintenant d\u2019atteindre plus de foyers avec l\u2019amour de Dieu. \u00bb Boris Max, qui est enseignant depuis sept ans, dont le d\u00e9but de sa deuxi\u00e8me ann\u00e9e \u00e0 Salacuim, a d\u00e9clar\u00e9 que bien que les cours en personne aient repris, les salles de classe ne peuvent accueillir que huit \u00e9l\u00e8ves par jour, c\u2019est donc un ajustement auquel les enseignants s\u2019adaptent et qu\u2019ils g\u00e8rent le mieux possible.<\/p>\n<p>Boris Max r\u00eave de voir l\u2019\u00e9cole s\u2019agrandir avec l\u2019ajout au moins d\u2019une salle de classe suppl\u00e9mentaire afin que chaque niveau puisse avoir sa propre salle et son professeur. \u00ab Nous voulons voir plus d\u2019\u00e9l\u00e8ves et de familles accepter l\u2019amour de J\u00e9sus et poursuivre en ayant un impact positif partout o\u00f9 ils vont, \u00bb a-t-il dit.<\/p>\n<p>L\u2019\u00c9glise adventiste du septi\u00e8me jour \u00e0 Salacuim compte pr\u00e8s de 400 membres r\u00e9partis dans trois congr\u00e9gations.<\/p>\n<p><div id=\"attachment_70236\" style=\"width: 623px\" class=\"wp-caption aligncenter\"><img loading=\"lazy\" decoding=\"async\" aria-describedby=\"caption-attachment-70236\" class=\" wp-image-70236\" src=\"https:\/\/recursing-golick.147-182-135-0.plesk.page\/wp-content\/uploads\/2021\/03\/guatemala-salacuim-classroom-day-of-prayer.jpg\" alt=\"\" width=\"613\" height=\"644\" srcset=\"https:\/\/interamerica.org\/wp-content\/uploads\/2021\/03\/guatemala-salacuim-classroom-day-of-prayer.jpg 800w, https:\/\/interamerica.org\/wp-content\/uploads\/2021\/03\/guatemala-salacuim-classroom-day-of-prayer-285x300.jpg 285w, https:\/\/interamerica.org\/wp-content\/uploads\/2021\/03\/guatemala-salacuim-classroom-day-of-prayer-768x807.jpg 768w\" sizes=\"(max-width: 613px) 100vw, 613px\" \/><p id=\"caption-attachment-70236\" class=\"wp-caption-text\">Les \u00e9l\u00e8ves regardent le programme sp\u00e9cial en ligne le 10 mars 2021, lors de la journ\u00e9e de pri\u00e8re organis\u00e9e par l\u2019\u00e9glise dans les \u00e9coles adventistes de la Division Inter Am\u00e9ricaine. [Photo : Union du Guatemala]<\/p><\/div>Pour en savoir plus sur l\u2019\u00c9glise adventiste au Guatemala, cliquez <a href=\"http:\/\/adventistas.org.gt\/\">ICI<\/a><\/p>\n<p>Traduction: Patrick Luciathe<\/p>\n","protected":false},"excerpt":{"rendered":"<p>31 Mars 2021 | Coban, Alta Verapaz, Guatemala | Libna Stevens, Division Inter Am\u00e9ricaine L\u2019\u00c9cole adventiste du septi\u00e8me jour de Salacium a r\u00e9cemment doubl\u00e9 le nombre de ses inscriptions, gr\u00e2ce&#8230;<\/p>\n","protected":false},"author":3,"featured_media":70248,"comment_status":"closed","ping_status":"closed","sticky":false,"template":"","format":"standard","meta":{"_acf_changed":false,"footnotes":""},"categories":[21,19],"tags":[],"class_list":["post-70265","post","type-post","status-publish","format-standard","has-post-thumbnail","hentry","category-nouvelles-du-territoire","category-rss-francais"],"acf":[],"yoast_head":"<!-- This site is optimized with the Yoast SEO plugin v27.3 - https:\/\/yoast.com\/product\/yoast-seo-wordpress\/ -->\n<title>Au Guatemala, une \u00e9cole adventiste isol\u00e9e double le nombre de ses inscriptions apr\u00e8s la mise en place d&#039;une salle informatique - \u00c9glise Adventiste Du Septieme Jour - Inter Am\u00e9rique Division<\/title>\n<meta name=\"robots\" content=\"index, follow, max-snippet:-1, max-image-preview:large, max-video-preview:-1\" \/>\n<link rel=\"canonical\" href=\"https:\/\/interamerica.org\/fr\/2021\/03\/au-guatemala-une-ecole-adventiste-isolee-double-le-nombre-de-ses-inscriptions-apres-la-mise-en-place-dune-salle-informatique\/\" \/>\n<meta property=\"og:locale\" content=\"fr_FR\" \/>\n<meta property=\"og:type\" content=\"article\" \/>\n<meta property=\"og:title\" content=\"Au Guatemala, une \u00e9cole adventiste isol\u00e9e double le nombre de ses inscriptions apr\u00e8s la mise en place d&#039;une salle informatique - \u00c9glise Adventiste Du Septieme Jour - Inter Am\u00e9rique Division\" \/>\n<meta property=\"og:description\" content=\"31 Mars 2021 | Coban, Alta Verapaz, Guatemala | Libna Stevens, Division Inter Am\u00e9ricaine L\u2019\u00c9cole adventiste du septi\u00e8me jour de Salacium a r\u00e9cemment doubl\u00e9 le nombre de ses inscriptions, gr\u00e2ce...\" \/>\n<meta property=\"og:url\" content=\"https:\/\/interamerica.org\/fr\/2021\/03\/au-guatemala-une-ecole-adventiste-isolee-double-le-nombre-de-ses-inscriptions-apres-la-mise-en-place-dune-salle-informatique\/\" \/>\n<meta property=\"og:site_name\" content=\"\u00c9glise Adventiste Du Septieme Jour - Inter Am\u00e9rique Division\" \/>\n<meta property=\"article:published_time\" content=\"2021-03-31T14:15:11+00:00\" \/>\n<meta property=\"article:modified_time\" content=\"2021-04-05T22:55:40+00:00\" \/>\n<meta property=\"og:image\" content=\"https:\/\/interamerica.org\/wp-content\/uploads\/2021\/03\/guatemala-salacuim-school.jpg\" \/>\n\t<meta property=\"og:image:width\" content=\"1000\" \/>\n\t<meta property=\"og:image:height\" content=\"625\" \/>\n\t<meta property=\"og:image:type\" content=\"image\/jpeg\" \/>\n<meta name=\"author\" content=\"libna\" \/>\n<meta name=\"twitter:card\" content=\"summary_large_image\" \/>\n<meta name=\"twitter:label1\" content=\"\u00c9crit par\" \/>\n\t<meta name=\"twitter:data1\" content=\"libna\" \/>\n\t<meta name=\"twitter:label2\" content=\"Dur\u00e9e de lecture estim\u00e9e\" \/>\n\t<meta name=\"twitter:data2\" content=\"5 minutes\" \/>\n<script type=\"application\/ld+json\" class=\"yoast-schema-graph\">{\"@context\":\"https:\\\/\\\/schema.org\",\"@graph\":[{\"@type\":\"Article\",\"@id\":\"https:\\\/\\\/interamerica.org\\\/fr\\\/2021\\\/03\\\/au-guatemala-une-ecole-adventiste-isolee-double-le-nombre-de-ses-inscriptions-apres-la-mise-en-place-dune-salle-informatique\\\/#article\",\"isPartOf\":{\"@id\":\"https:\\\/\\\/interamerica.org\\\/fr\\\/2021\\\/03\\\/au-guatemala-une-ecole-adventiste-isolee-double-le-nombre-de-ses-inscriptions-apres-la-mise-en-place-dune-salle-informatique\\\/\"},\"author\":{\"name\":\"libna\",\"@id\":\"https:\\\/\\\/interamerica.org\\\/fr\\\/#\\\/schema\\\/person\\\/29998f2bc2d8bd0d38662909289b54f1\"},\"headline\":\"Au Guatemala, une \u00e9cole adventiste isol\u00e9e double le nombre de ses inscriptions apr\u00e8s la mise en place d&rsquo;une salle informatique\",\"datePublished\":\"2021-03-31T14:15:11+00:00\",\"dateModified\":\"2021-04-05T22:55:40+00:00\",\"mainEntityOfPage\":{\"@id\":\"https:\\\/\\\/interamerica.org\\\/fr\\\/2021\\\/03\\\/au-guatemala-une-ecole-adventiste-isolee-double-le-nombre-de-ses-inscriptions-apres-la-mise-en-place-dune-salle-informatique\\\/\"},\"wordCount\":1042,\"image\":{\"@id\":\"https:\\\/\\\/interamerica.org\\\/fr\\\/2021\\\/03\\\/au-guatemala-une-ecole-adventiste-isolee-double-le-nombre-de-ses-inscriptions-apres-la-mise-en-place-dune-salle-informatique\\\/#primaryimage\"},\"thumbnailUrl\":\"https:\\\/\\\/interamerica.org\\\/wp-content\\\/uploads\\\/2021\\\/03\\\/guatemala-salacuim-school.jpg\",\"articleSection\":[\"Nouvelles du territoire\",\"RSS Fran\u00e7ais\"],\"inLanguage\":\"fr-FR\"},{\"@type\":\"WebPage\",\"@id\":\"https:\\\/\\\/interamerica.org\\\/fr\\\/2021\\\/03\\\/au-guatemala-une-ecole-adventiste-isolee-double-le-nombre-de-ses-inscriptions-apres-la-mise-en-place-dune-salle-informatique\\\/\",\"url\":\"https:\\\/\\\/interamerica.org\\\/fr\\\/2021\\\/03\\\/au-guatemala-une-ecole-adventiste-isolee-double-le-nombre-de-ses-inscriptions-apres-la-mise-en-place-dune-salle-informatique\\\/\",\"name\":\"Au Guatemala, une \u00e9cole adventiste isol\u00e9e double le nombre de ses inscriptions apr\u00e8s la mise en place d'une salle informatique - \u00c9glise Adventiste Du Septieme Jour - Inter Am\u00e9rique Division\",\"isPartOf\":{\"@id\":\"https:\\\/\\\/interamerica.org\\\/fr\\\/#website\"},\"primaryImageOfPage\":{\"@id\":\"https:\\\/\\\/interamerica.org\\\/fr\\\/2021\\\/03\\\/au-guatemala-une-ecole-adventiste-isolee-double-le-nombre-de-ses-inscriptions-apres-la-mise-en-place-dune-salle-informatique\\\/#primaryimage\"},\"image\":{\"@id\":\"https:\\\/\\\/interamerica.org\\\/fr\\\/2021\\\/03\\\/au-guatemala-une-ecole-adventiste-isolee-double-le-nombre-de-ses-inscriptions-apres-la-mise-en-place-dune-salle-informatique\\\/#primaryimage\"},\"thumbnailUrl\":\"https:\\\/\\\/interamerica.org\\\/wp-content\\\/uploads\\\/2021\\\/03\\\/guatemala-salacuim-school.jpg\",\"datePublished\":\"2021-03-31T14:15:11+00:00\",\"dateModified\":\"2021-04-05T22:55:40+00:00\",\"author\":{\"@id\":\"https:\\\/\\\/interamerica.org\\\/fr\\\/#\\\/schema\\\/person\\\/29998f2bc2d8bd0d38662909289b54f1\"},\"breadcrumb\":{\"@id\":\"https:\\\/\\\/interamerica.org\\\/fr\\\/2021\\\/03\\\/au-guatemala-une-ecole-adventiste-isolee-double-le-nombre-de-ses-inscriptions-apres-la-mise-en-place-dune-salle-informatique\\\/#breadcrumb\"},\"inLanguage\":\"fr-FR\",\"potentialAction\":[{\"@type\":\"ReadAction\",\"target\":[\"https:\\\/\\\/interamerica.org\\\/fr\\\/2021\\\/03\\\/au-guatemala-une-ecole-adventiste-isolee-double-le-nombre-de-ses-inscriptions-apres-la-mise-en-place-dune-salle-informatique\\\/\"]}]},{\"@type\":\"ImageObject\",\"inLanguage\":\"fr-FR\",\"@id\":\"https:\\\/\\\/interamerica.org\\\/fr\\\/2021\\\/03\\\/au-guatemala-une-ecole-adventiste-isolee-double-le-nombre-de-ses-inscriptions-apres-la-mise-en-place-dune-salle-informatique\\\/#primaryimage\",\"url\":\"https:\\\/\\\/interamerica.org\\\/wp-content\\\/uploads\\\/2021\\\/03\\\/guatemala-salacuim-school.jpg\",\"contentUrl\":\"https:\\\/\\\/interamerica.org\\\/wp-content\\\/uploads\\\/2021\\\/03\\\/guatemala-salacuim-school.jpg\",\"width\":1000,\"height\":625,\"caption\":\"[Photo: Union du Guatemala]\"},{\"@type\":\"BreadcrumbList\",\"@id\":\"https:\\\/\\\/interamerica.org\\\/fr\\\/2021\\\/03\\\/au-guatemala-une-ecole-adventiste-isolee-double-le-nombre-de-ses-inscriptions-apres-la-mise-en-place-dune-salle-informatique\\\/#breadcrumb\",\"itemListElement\":[{\"@type\":\"ListItem\",\"position\":1,\"name\":\"Home\",\"item\":\"https:\\\/\\\/interamerica.org\\\/fr\\\/\"},{\"@type\":\"ListItem\",\"position\":2,\"name\":\"Au Guatemala, une \u00e9cole adventiste isol\u00e9e double le nombre de ses inscriptions apr\u00e8s la mise en place d&rsquo;une salle informatique\"}]},{\"@type\":\"WebSite\",\"@id\":\"https:\\\/\\\/interamerica.org\\\/fr\\\/#website\",\"url\":\"https:\\\/\\\/interamerica.org\\\/fr\\\/\",\"name\":\"\u00c9glise Adventiste Du Septieme Jour - Inter Am\u00e9rique Division\",\"description\":\"\",\"potentialAction\":[{\"@type\":\"SearchAction\",\"target\":{\"@type\":\"EntryPoint\",\"urlTemplate\":\"https:\\\/\\\/interamerica.org\\\/fr\\\/?s={search_term_string}\"},\"query-input\":{\"@type\":\"PropertyValueSpecification\",\"valueRequired\":true,\"valueName\":\"search_term_string\"}}],\"inLanguage\":\"fr-FR\"},{\"@type\":\"Person\",\"@id\":\"https:\\\/\\\/interamerica.org\\\/fr\\\/#\\\/schema\\\/person\\\/29998f2bc2d8bd0d38662909289b54f1\",\"name\":\"libna\",\"image\":{\"@type\":\"ImageObject\",\"inLanguage\":\"fr-FR\",\"@id\":\"https:\\\/\\\/secure.gravatar.com\\\/avatar\\\/7c5bd30ae4b47a9ba3c856590957fd1d96dc588bf3ac05719d247e126840331f?s=96&d=mm&r=g\",\"url\":\"https:\\\/\\\/secure.gravatar.com\\\/avatar\\\/7c5bd30ae4b47a9ba3c856590957fd1d96dc588bf3ac05719d247e126840331f?s=96&d=mm&r=g\",\"contentUrl\":\"https:\\\/\\\/secure.gravatar.com\\\/avatar\\\/7c5bd30ae4b47a9ba3c856590957fd1d96dc588bf3ac05719d247e126840331f?s=96&d=mm&r=g\",\"caption\":\"libna\"}}]}<\/script>\n<!-- \/ Yoast SEO plugin. -->","yoast_head_json":{"title":"Au Guatemala, une \u00e9cole adventiste isol\u00e9e double le nombre de ses inscriptions apr\u00e8s la mise en place d'une salle informatique - \u00c9glise Adventiste Du Septieme Jour - Inter Am\u00e9rique Division","robots":{"index":"index","follow":"follow","max-snippet":"max-snippet:-1","max-image-preview":"max-image-preview:large","max-video-preview":"max-video-preview:-1"},"canonical":"https:\/\/interamerica.org\/fr\/2021\/03\/au-guatemala-une-ecole-adventiste-isolee-double-le-nombre-de-ses-inscriptions-apres-la-mise-en-place-dune-salle-informatique\/","og_locale":"fr_FR","og_type":"article","og_title":"Au Guatemala, une \u00e9cole adventiste isol\u00e9e double le nombre de ses inscriptions apr\u00e8s la mise en place d'une salle informatique - \u00c9glise Adventiste Du Septieme Jour - Inter Am\u00e9rique Division","og_description":"31 Mars 2021 | Coban, Alta Verapaz, Guatemala | Libna Stevens, Division Inter Am\u00e9ricaine L\u2019\u00c9cole adventiste du septi\u00e8me jour de Salacium a r\u00e9cemment doubl\u00e9 le nombre de ses inscriptions, gr\u00e2ce...","og_url":"https:\/\/interamerica.org\/fr\/2021\/03\/au-guatemala-une-ecole-adventiste-isolee-double-le-nombre-de-ses-inscriptions-apres-la-mise-en-place-dune-salle-informatique\/","og_site_name":"\u00c9glise Adventiste Du Septieme Jour - Inter Am\u00e9rique Division","article_published_time":"2021-03-31T14:15:11+00:00","article_modified_time":"2021-04-05T22:55:40+00:00","og_image":[{"width":1000,"height":625,"url":"https:\/\/interamerica.org\/wp-content\/uploads\/2021\/03\/guatemala-salacuim-school.jpg","type":"image\/jpeg"}],"author":"libna","twitter_card":"summary_large_image","twitter_misc":{"\u00c9crit par":"libna","Dur\u00e9e de lecture estim\u00e9e":"5 minutes"},"schema":{"@context":"https:\/\/schema.org","@graph":[{"@type":"Article","@id":"https:\/\/interamerica.org\/fr\/2021\/03\/au-guatemala-une-ecole-adventiste-isolee-double-le-nombre-de-ses-inscriptions-apres-la-mise-en-place-dune-salle-informatique\/#article","isPartOf":{"@id":"https:\/\/interamerica.org\/fr\/2021\/03\/au-guatemala-une-ecole-adventiste-isolee-double-le-nombre-de-ses-inscriptions-apres-la-mise-en-place-dune-salle-informatique\/"},"author":{"name":"libna","@id":"https:\/\/interamerica.org\/fr\/#\/schema\/person\/29998f2bc2d8bd0d38662909289b54f1"},"headline":"Au Guatemala, une \u00e9cole adventiste isol\u00e9e double le nombre de ses inscriptions apr\u00e8s la mise en place d&rsquo;une salle informatique","datePublished":"2021-03-31T14:15:11+00:00","dateModified":"2021-04-05T22:55:40+00:00","mainEntityOfPage":{"@id":"https:\/\/interamerica.org\/fr\/2021\/03\/au-guatemala-une-ecole-adventiste-isolee-double-le-nombre-de-ses-inscriptions-apres-la-mise-en-place-dune-salle-informatique\/"},"wordCount":1042,"image":{"@id":"https:\/\/interamerica.org\/fr\/2021\/03\/au-guatemala-une-ecole-adventiste-isolee-double-le-nombre-de-ses-inscriptions-apres-la-mise-en-place-dune-salle-informatique\/#primaryimage"},"thumbnailUrl":"https:\/\/interamerica.org\/wp-content\/uploads\/2021\/03\/guatemala-salacuim-school.jpg","articleSection":["Nouvelles du territoire","RSS Fran\u00e7ais"],"inLanguage":"fr-FR"},{"@type":"WebPage","@id":"https:\/\/interamerica.org\/fr\/2021\/03\/au-guatemala-une-ecole-adventiste-isolee-double-le-nombre-de-ses-inscriptions-apres-la-mise-en-place-dune-salle-informatique\/","url":"https:\/\/interamerica.org\/fr\/2021\/03\/au-guatemala-une-ecole-adventiste-isolee-double-le-nombre-de-ses-inscriptions-apres-la-mise-en-place-dune-salle-informatique\/","name":"Au Guatemala, une \u00e9cole adventiste isol\u00e9e double le nombre de ses inscriptions apr\u00e8s la mise en place d'une salle informatique - \u00c9glise Adventiste Du Septieme Jour - Inter Am\u00e9rique Division","isPartOf":{"@id":"https:\/\/interamerica.org\/fr\/#website"},"primaryImageOfPage":{"@id":"https:\/\/interamerica.org\/fr\/2021\/03\/au-guatemala-une-ecole-adventiste-isolee-double-le-nombre-de-ses-inscriptions-apres-la-mise-en-place-dune-salle-informatique\/#primaryimage"},"image":{"@id":"https:\/\/interamerica.org\/fr\/2021\/03\/au-guatemala-une-ecole-adventiste-isolee-double-le-nombre-de-ses-inscriptions-apres-la-mise-en-place-dune-salle-informatique\/#primaryimage"},"thumbnailUrl":"https:\/\/interamerica.org\/wp-content\/uploads\/2021\/03\/guatemala-salacuim-school.jpg","datePublished":"2021-03-31T14:15:11+00:00","dateModified":"2021-04-05T22:55:40+00:00","author":{"@id":"https:\/\/interamerica.org\/fr\/#\/schema\/person\/29998f2bc2d8bd0d38662909289b54f1"},"breadcrumb":{"@id":"https:\/\/interamerica.org\/fr\/2021\/03\/au-guatemala-une-ecole-adventiste-isolee-double-le-nombre-de-ses-inscriptions-apres-la-mise-en-place-dune-salle-informatique\/#breadcrumb"},"inLanguage":"fr-FR","potentialAction":[{"@type":"ReadAction","target":["https:\/\/interamerica.org\/fr\/2021\/03\/au-guatemala-une-ecole-adventiste-isolee-double-le-nombre-de-ses-inscriptions-apres-la-mise-en-place-dune-salle-informatique\/"]}]},{"@type":"ImageObject","inLanguage":"fr-FR","@id":"https:\/\/interamerica.org\/fr\/2021\/03\/au-guatemala-une-ecole-adventiste-isolee-double-le-nombre-de-ses-inscriptions-apres-la-mise-en-place-dune-salle-informatique\/#primaryimage","url":"https:\/\/interamerica.org\/wp-content\/uploads\/2021\/03\/guatemala-salacuim-school.jpg","contentUrl":"https:\/\/interamerica.org\/wp-content\/uploads\/2021\/03\/guatemala-salacuim-school.jpg","width":1000,"height":625,"caption":"[Photo: Union du Guatemala]"},{"@type":"BreadcrumbList","@id":"https:\/\/interamerica.org\/fr\/2021\/03\/au-guatemala-une-ecole-adventiste-isolee-double-le-nombre-de-ses-inscriptions-apres-la-mise-en-place-dune-salle-informatique\/#breadcrumb","itemListElement":[{"@type":"ListItem","position":1,"name":"Home","item":"https:\/\/interamerica.org\/fr\/"},{"@type":"ListItem","position":2,"name":"Au Guatemala, une \u00e9cole adventiste isol\u00e9e double le nombre de ses inscriptions apr\u00e8s la mise en place d&rsquo;une salle informatique"}]},{"@type":"WebSite","@id":"https:\/\/interamerica.org\/fr\/#website","url":"https:\/\/interamerica.org\/fr\/","name":"\u00c9glise Adventiste Du Septieme Jour - Inter Am\u00e9rique Division","description":"","potentialAction":[{"@type":"SearchAction","target":{"@type":"EntryPoint","urlTemplate":"https:\/\/interamerica.org\/fr\/?s={search_term_string}"},"query-input":{"@type":"PropertyValueSpecification","valueRequired":true,"valueName":"search_term_string"}}],"inLanguage":"fr-FR"},{"@type":"Person","@id":"https:\/\/interamerica.org\/fr\/#\/schema\/person\/29998f2bc2d8bd0d38662909289b54f1","name":"libna","image":{"@type":"ImageObject","inLanguage":"fr-FR","@id":"https:\/\/secure.gravatar.com\/avatar\/7c5bd30ae4b47a9ba3c856590957fd1d96dc588bf3ac05719d247e126840331f?s=96&d=mm&r=g","url":"https:\/\/secure.gravatar.com\/avatar\/7c5bd30ae4b47a9ba3c856590957fd1d96dc588bf3ac05719d247e126840331f?s=96&d=mm&r=g","contentUrl":"https:\/\/secure.gravatar.com\/avatar\/7c5bd30ae4b47a9ba3c856590957fd1d96dc588bf3ac05719d247e126840331f?s=96&d=mm&r=g","caption":"libna"}}]}},"_links":{"self":[{"href":"https:\/\/interamerica.org\/fr\/wp-json\/wp\/v2\/posts\/70265","targetHints":{"allow":["GET"]}}],"collection":[{"href":"https:\/\/interamerica.org\/fr\/wp-json\/wp\/v2\/posts"}],"about":[{"href":"https:\/\/interamerica.org\/fr\/wp-json\/wp\/v2\/types\/post"}],"author":[{"embeddable":true,"href":"https:\/\/interamerica.org\/fr\/wp-json\/wp\/v2\/users\/3"}],"replies":[{"embeddable":true,"href":"https:\/\/interamerica.org\/fr\/wp-json\/wp\/v2\/comments?post=70265"}],"version-history":[{"count":0,"href":"https:\/\/interamerica.org\/fr\/wp-json\/wp\/v2\/posts\/70265\/revisions"}],"wp:featuredmedia":[{"embeddable":true,"href":"https:\/\/interamerica.org\/fr\/wp-json\/wp\/v2\/media\/70248"}],"wp:attachment":[{"href":"https:\/\/interamerica.org\/fr\/wp-json\/wp\/v2\/media?parent=70265"}],"wp:term":[{"taxonomy":"category","embeddable":true,"href":"https:\/\/interamerica.org\/fr\/wp-json\/wp\/v2\/categories?post=70265"},{"taxonomy":"post_tag","embeddable":true,"href":"https:\/\/interamerica.org\/fr\/wp-json\/wp\/v2\/tags?post=70265"}],"curies":[{"name":"wp","href":"https:\/\/api.w.org\/{rel}","templated":true}]}}