{"id":70271,"date":"2021-03-31T08:02:16","date_gmt":"2021-03-31T12:02:16","guid":{"rendered":"https:\/\/recursing-golick.147-182-135-0.plesk.page\/?p=70271"},"modified":"2021-03-31T10:46:33","modified_gmt":"2021-03-31T14:46:33","slug":"adra-discute-des-oiseaux-et-des-abeilles-avec-des-adolescents","status":"publish","type":"post","link":"https:\/\/interamerica.org\/fr\/2021\/03\/adra-discute-des-oiseaux-et-des-abeilles-avec-des-adolescents\/","title":{"rendered":"ADRA discute des oiseaux et des abeilles avec des adolescents"},"content":{"rendered":"<p><span class=\"byline-news\">March 30, 2021 | Silver Spring, Maryland, United States | By: Adventist Development and Relief Agency, and <\/span><em><span class=\"byline-news\">Adventist Review<\/span><\/em><\/p>\n<p>L\u2019Agence de d\u00e9veloppement et de secours adventiste (ADRA) en Inde est pr\u00eate \u00e0 lancer, avec l\u2019aide de Reckitt Benckiser (RB), une entreprise de biens de consommation et de fabrication de produits de sant\u00e9, d\u2019hygi\u00e8ne et de maison, un programme de deux ans pour les 10 \u00e0 19\u00a0ans intitul\u00e9 <em>The Birds and Bees Talk<\/em> (\u00ab\u00a0Discussion sur les oiseaux et les abeilles\u00a0\u00bb). Parler \u00ab\u00a0des oiseaux et des abeilles\u00a0\u00bb est un euph\u00e9misme r\u00e9pandu en r\u00e9f\u00e9rence aux discussions de base sur la sexualit\u00e9 et la reproduction.<\/p>\n<p>\u00ab\u00a0L\u2019objectif du programme est d\u2019aider les jeunes \u00e0 prendre des d\u00e9cisions \u00e9clair\u00e9es sur leur sant\u00e9 et les comp\u00e9tences de vie qu\u2019ils acqui\u00e8rent, a expliqu\u00e9 Rajan Pydimalla, directeur du programme pour ADRA Inde. ADRA aide les gens dans le besoin, surtout les plus vuln\u00e9rables, comme les femmes, les adultes plus \u00e2g\u00e9s et les minorit\u00e9s. Et les enfants n\u2019en font pas exception. Les conversations ouvertes du programme \u201cdes oiseaux et des abeilles\u201d donnent la chance aux jeunes de poser des questions, de comprendre ce qui peut leur arriver selon les d\u00e9cisions qu\u2019ils prendront et, donc, de faire les bonnes choses lorsqu\u2019ils seront plus vieux. ADRA est reconnaissante pour l\u2019initiative essentielle de soutien de RB et pour l\u2019avancement d\u2019une cause dont les g\u00e9n\u00e9rations \u00e0 venir b\u00e9n\u00e9ficieront.\u00a0\u00bb<\/p>\n<p>Le programme comprend 27\u00a0cours innovateurs et captivants con\u00e7us pour aborder les sujets les moins bien compris quant aux droits et \u00e0 la sant\u00e9 reproductive et sexuelle des jeunes et pour leur offrir un module complet sur les habilet\u00e9s fondamentales portant sur le pouvoir, la protection et le plaisir.<\/p>\n<p>En 2023, le programme vise \u00e0 atteindre deux millions d\u2019enfants dans les \u00e9coles priv\u00e9es et publiques de six \u00c9tats du nord-est de l\u2019Inde\u00a0: l\u2019Arunachal Pradesh, le Manipur, le Sikkim, le Mizoram, le Meghalaya et le Nagaland.<\/p>\n<div id=\"attachment_70224\" style=\"width: 810px\" class=\"wp-caption aligncenter\"><img fetchpriority=\"high\" decoding=\"async\" aria-describedby=\"caption-attachment-70224\" class=\" wp-image-70224\" src=\"https:\/\/recursing-golick.147-182-135-0.plesk.page\/wp-content\/uploads\/2021\/03\/adra-india-img-20210318-wa0036.jpeg\" alt=\"\" width=\"800\" height=\"600\" srcset=\"https:\/\/interamerica.org\/wp-content\/uploads\/2021\/03\/adra-india-img-20210318-wa0036.jpeg 1000w, https:\/\/interamerica.org\/wp-content\/uploads\/2021\/03\/adra-india-img-20210318-wa0036-300x225.jpeg 300w, https:\/\/interamerica.org\/wp-content\/uploads\/2021\/03\/adra-india-img-20210318-wa0036-768x576.jpeg 768w\" sizes=\"(max-width: 800px) 100vw, 800px\" \/><p id=\"caption-attachment-70224\" class=\"wp-caption-text\"><span lang=\"FR-CA\">Au nord-est de l\u2019Inde, les cyclistes qui ont particip\u00e9 au rallye des <i>Birds and Bees<\/i> ont pris une photo juste avant le d\u00e9part. Une photo de Priyadarshika Rai d\u2019ADRA.<\/span><\/p><\/div>\n<p>Pour obtenir le soutien de la population, ADRA et RB ont organis\u00e9 un rallye \u00e0 bicyclette en collaboration avec le groupe Royal Motors d\u2019Imphal, du Manipur, auquel plus de 50\u00a0cyclistes ont particip\u00e9. Les cyclistes, v\u00eatus d\u2019un maillot bleu royal avec le logo du programme des <em>Birds and Bees<\/em>, ont parcouru pr\u00e8s de 110\u00a0kilom\u00e8tres d\u2019Imphal Est \u00e0 Bishnapur pour souligner l\u2019importance de la prise de d\u00e9cisions, du consentement et des comp\u00e9tences n\u00e9cessaires \u00e0 la vie courante pour les adolescents.<\/p>\n<p>Les officiers du gouvernement, y compris le ministre des Ressources hydriques, de la Jeunesse et des Sports ainsi que le secr\u00e9taire adjoint de la Gestion des catastrophes, \u00e9taient pr\u00e9sents au d\u00e9but du rallye. D\u2019autres dignitaires ont \u00e9galement assist\u00e9 \u00e0 l\u2019\u00e9v\u00e9nement et lou\u00e9 RB et ADRA pour leurs efforts collaboratifs visant \u00e0 atteindre les adolescents de l\u2019\u00c9tat.<\/p>\n<p>\u00ab\u00a0L\u2019adolescence est un \u00e2ge crucial pour acqu\u00e9rir une compr\u00e9hension de la sant\u00e9 physique et des comp\u00e9tences n\u00e9cessaires \u00e0 la vie courante, a dit Ravi Bhatnagar, directeur des affaires ext\u00e9rieures et des partenariats de RB Health. Avec le programme de discussion sur les oiseaux et les abeilles, nous avons mis au point des m\u00e9thodes stimulantes pour transmettre aux adolescents les habilet\u00e9s essentielles de la pens\u00e9e critique, de la prise de d\u00e9cision, des connaissances, de l\u2019attitude et des valeurs. Nous cherchons \u00e0 promouvoir les sains comportements qui permettront aux jeunes des \u00c9tats du nord-est de devenir des adultes responsables et en sant\u00e9.\u00a0\u00bb<\/p>\n<p>D\u2019apr\u00e8s Weston Davis, directeur d\u2019ADRA Inde, \u00ab\u00a0Ce partenariat sert \u00e0 \u00e9duquer les adolescents sur leur corps, leur sant\u00e9 et leur bien-\u00eatre ainsi que sur leurs responsabilit\u00e9s envers leur propre vie. Nous sommes reconnaissants pour les enseignants et les dirigeants communautaires et gouvernementaux qui appuient ce programme. Et nous sommes particuli\u00e8rement reconnaissants envers RB, qui a jou\u00e9 un r\u00f4le tellement important dans l\u2019organisation de cet \u00e9v\u00e9nement.\u00a0\u00bb<\/p>\n<p>Selon les donn\u00e9es de l\u2019<a href=\"https:\/\/data.unicef.org\/resources\/the-state-of-the-worlds-children-2011-adolescents-an-age-of-opportunity\/\">UNICEF<\/a>, l\u2019Inde est le pays du monde qui compte le plus grand nombre d\u2019adolescents, avec plus de 253\u00a0millions \u00e2g\u00e9s entre 10 et 19\u00a0ans. Ce groupe d\u2019\u00e2ge est compos\u00e9 de personnes en phase de transition vers la vie adulte qui n\u00e9cessite une bonne alimentation, de l\u2019\u00e9ducation, une sensibilisation \u00e0 la sexualit\u00e9, des conseils et de la supervision.<\/p>\n<p>Une <a href=\"https:\/\/www.ncbi.nlm.nih.gov\/pmc\/articles\/PMC4413087\/\">\u00e9tude r\u00e9alis\u00e9e en 2015<\/a> a r\u00e9v\u00e9l\u00e9 qu\u2019\u00e9tant donn\u00e9 les nombreuses difficult\u00e9s socio\u00e9conomiques pr\u00e9sentes en Inde, bien des adolescents n\u2019ont pas d\u2019acc\u00e8s ad\u00e9quat \u00e0 de l\u2019information adapt\u00e9e \u00e0 leur \u00e2ge sur des enjeux qui ont un impact sur leur vie. Les filles sont particuli\u00e8rement vuln\u00e9rables \u00e0 cause des in\u00e9galit\u00e9s tr\u00e8s r\u00e9pandues entre les genres, entra\u00eenant du d\u00e9crochage scolaire pr\u00e9coce, de la stigmatisation sociale entourant la sexualit\u00e9 et les menstruations ainsi que des mariages et des grossesses pr\u00e9coces.<\/p>\n<p>De plus, on <a href=\"http:\/\/naco.gov.in\/hiv-facts-figures\">rapporte<\/a> une pr\u00e9valence \u00e9lev\u00e9e de VIH chez les adultes des \u00c9tats de la r\u00e9gion du nord-est, soit 2,32\u00a0% au Mizoram, 1,18\u00a0% au Manipur et 1,45\u00a0% au Nagaland. Ces taux sont bien sup\u00e9rieurs \u00e0 la moyenne du pays, qui se situe \u00e0 0,22\u00a0%. Au Manipur, c\u2019est chez le groupe d\u2019\u00e2ge le plus productif (les 15 \u00e0 39\u00a0ans) que l\u2019on enregistre le plus de d\u00e9c\u00e8s dus au VIH. La jeune population de la r\u00e9gion est donc vuln\u00e9rable dans le contexte des infections au VIH, particuli\u00e8rement les consommateurs de drogue.<\/p>\n<p><em>The\u00a0<\/em><a href=\"https:\/\/adra.org\/adras-birds-and-bees-project-to-help-children-in-india-make-smart-choices-about-health-and-life-skills\" target=\"_blank\" rel=\"noopener\"><em>original version<\/em><\/a><em>\u00a0of this story was posted by the\u00a0<\/em><a href=\"https:\/\/adra.org\/\" target=\"_blank\" rel=\"noopener\"><em>Adventist Development and Relief Agency<\/em><\/a><em>.<\/em><\/p>\n<p>Traduction : Marie-Mich\u00e8le Robitaille<\/p>\n","protected":false},"excerpt":{"rendered":"<p>March 30, 2021 | Silver Spring, Maryland, United States | By: Adventist Development and Relief Agency, and Adventist Review L\u2019Agence de d\u00e9veloppement et de secours adventiste (ADRA) en Inde est&#8230;<\/p>\n","protected":false},"author":3,"featured_media":70220,"comment_status":"closed","ping_status":"closed","sticky":false,"template":"","format":"standard","meta":{"_acf_changed":false,"footnotes":""},"categories":[18,19],"tags":[],"class_list":["post-70271","post","type-post","status-publish","format-standard","has-post-thumbnail","hentry","category-nouvelles-de-leglise-mondiale","category-rss-francais"],"acf":[],"yoast_head":"<!-- This site is optimized with the Yoast SEO plugin v27.3 - https:\/\/yoast.com\/product\/yoast-seo-wordpress\/ -->\n<title>ADRA discute des oiseaux et des abeilles avec des adolescents - \u00c9glise Adventiste Du Septieme Jour - Inter Am\u00e9rique Division<\/title>\n<meta name=\"robots\" content=\"index, follow, max-snippet:-1, max-image-preview:large, max-video-preview:-1\" \/>\n<link rel=\"canonical\" href=\"https:\/\/interamerica.org\/fr\/2021\/03\/adra-discute-des-oiseaux-et-des-abeilles-avec-des-adolescents\/\" \/>\n<meta property=\"og:locale\" content=\"fr_FR\" \/>\n<meta property=\"og:type\" content=\"article\" \/>\n<meta property=\"og:title\" content=\"ADRA discute des oiseaux et des abeilles avec des adolescents - \u00c9glise Adventiste Du Septieme Jour - Inter Am\u00e9rique Division\" \/>\n<meta property=\"og:description\" content=\"March 30, 2021 | Silver Spring, Maryland, United States | By: Adventist Development and Relief Agency, and Adventist Review L\u2019Agence de d\u00e9veloppement et de secours adventiste (ADRA) en Inde est...\" \/>\n<meta property=\"og:url\" content=\"https:\/\/interamerica.org\/fr\/2021\/03\/adra-discute-des-oiseaux-et-des-abeilles-avec-des-adolescents\/\" \/>\n<meta property=\"og:site_name\" content=\"\u00c9glise Adventiste Du Septieme Jour - Inter Am\u00e9rique Division\" \/>\n<meta property=\"article:published_time\" content=\"2021-03-31T12:02:16+00:00\" \/>\n<meta property=\"article:modified_time\" content=\"2021-03-31T14:46:33+00:00\" \/>\n<meta property=\"og:image\" content=\"https:\/\/interamerica.org\/wp-content\/uploads\/2021\/03\/adra-supports-the-birds-and-bees-talk-for-teens1280.jpg\" \/>\n\t<meta property=\"og:image:width\" content=\"1280\" \/>\n\t<meta property=\"og:image:height\" content=\"800\" \/>\n\t<meta property=\"og:image:type\" content=\"image\/jpeg\" \/>\n<meta name=\"author\" content=\"libna\" \/>\n<meta name=\"twitter:card\" content=\"summary_large_image\" \/>\n<meta name=\"twitter:label1\" content=\"\u00c9crit par\" \/>\n\t<meta name=\"twitter:data1\" content=\"libna\" \/>\n\t<meta name=\"twitter:label2\" content=\"Dur\u00e9e de lecture estim\u00e9e\" \/>\n\t<meta name=\"twitter:data2\" content=\"5 minutes\" \/>\n<script type=\"application\/ld+json\" class=\"yoast-schema-graph\">{\"@context\":\"https:\\\/\\\/schema.org\",\"@graph\":[{\"@type\":\"Article\",\"@id\":\"https:\\\/\\\/interamerica.org\\\/fr\\\/2021\\\/03\\\/adra-discute-des-oiseaux-et-des-abeilles-avec-des-adolescents\\\/#article\",\"isPartOf\":{\"@id\":\"https:\\\/\\\/interamerica.org\\\/fr\\\/2021\\\/03\\\/adra-discute-des-oiseaux-et-des-abeilles-avec-des-adolescents\\\/\"},\"author\":{\"name\":\"libna\",\"@id\":\"https:\\\/\\\/interamerica.org\\\/fr\\\/#\\\/schema\\\/person\\\/29998f2bc2d8bd0d38662909289b54f1\"},\"headline\":\"ADRA discute des oiseaux et des abeilles avec des adolescents\",\"datePublished\":\"2021-03-31T12:02:16+00:00\",\"dateModified\":\"2021-03-31T14:46:33+00:00\",\"mainEntityOfPage\":{\"@id\":\"https:\\\/\\\/interamerica.org\\\/fr\\\/2021\\\/03\\\/adra-discute-des-oiseaux-et-des-abeilles-avec-des-adolescents\\\/\"},\"wordCount\":986,\"image\":{\"@id\":\"https:\\\/\\\/interamerica.org\\\/fr\\\/2021\\\/03\\\/adra-discute-des-oiseaux-et-des-abeilles-avec-des-adolescents\\\/#primaryimage\"},\"thumbnailUrl\":\"https:\\\/\\\/interamerica.org\\\/wp-content\\\/uploads\\\/2021\\\/03\\\/adra-supports-the-birds-and-bees-talk-for-teens1280.jpg\",\"articleSection\":[\"Nouvelles de l'\u00c9glise mondiale\",\"RSS Fran\u00e7ais\"],\"inLanguage\":\"fr-FR\"},{\"@type\":\"WebPage\",\"@id\":\"https:\\\/\\\/interamerica.org\\\/fr\\\/2021\\\/03\\\/adra-discute-des-oiseaux-et-des-abeilles-avec-des-adolescents\\\/\",\"url\":\"https:\\\/\\\/interamerica.org\\\/fr\\\/2021\\\/03\\\/adra-discute-des-oiseaux-et-des-abeilles-avec-des-adolescents\\\/\",\"name\":\"ADRA discute des oiseaux et des abeilles avec des adolescents - \u00c9glise Adventiste Du Septieme Jour - Inter Am\u00e9rique Division\",\"isPartOf\":{\"@id\":\"https:\\\/\\\/interamerica.org\\\/fr\\\/#website\"},\"primaryImageOfPage\":{\"@id\":\"https:\\\/\\\/interamerica.org\\\/fr\\\/2021\\\/03\\\/adra-discute-des-oiseaux-et-des-abeilles-avec-des-adolescents\\\/#primaryimage\"},\"image\":{\"@id\":\"https:\\\/\\\/interamerica.org\\\/fr\\\/2021\\\/03\\\/adra-discute-des-oiseaux-et-des-abeilles-avec-des-adolescents\\\/#primaryimage\"},\"thumbnailUrl\":\"https:\\\/\\\/interamerica.org\\\/wp-content\\\/uploads\\\/2021\\\/03\\\/adra-supports-the-birds-and-bees-talk-for-teens1280.jpg\",\"datePublished\":\"2021-03-31T12:02:16+00:00\",\"dateModified\":\"2021-03-31T14:46:33+00:00\",\"author\":{\"@id\":\"https:\\\/\\\/interamerica.org\\\/fr\\\/#\\\/schema\\\/person\\\/29998f2bc2d8bd0d38662909289b54f1\"},\"breadcrumb\":{\"@id\":\"https:\\\/\\\/interamerica.org\\\/fr\\\/2021\\\/03\\\/adra-discute-des-oiseaux-et-des-abeilles-avec-des-adolescents\\\/#breadcrumb\"},\"inLanguage\":\"fr-FR\",\"potentialAction\":[{\"@type\":\"ReadAction\",\"target\":[\"https:\\\/\\\/interamerica.org\\\/fr\\\/2021\\\/03\\\/adra-discute-des-oiseaux-et-des-abeilles-avec-des-adolescents\\\/\"]}]},{\"@type\":\"ImageObject\",\"inLanguage\":\"fr-FR\",\"@id\":\"https:\\\/\\\/interamerica.org\\\/fr\\\/2021\\\/03\\\/adra-discute-des-oiseaux-et-des-abeilles-avec-des-adolescents\\\/#primaryimage\",\"url\":\"https:\\\/\\\/interamerica.org\\\/wp-content\\\/uploads\\\/2021\\\/03\\\/adra-supports-the-birds-and-bees-talk-for-teens1280.jpg\",\"contentUrl\":\"https:\\\/\\\/interamerica.org\\\/wp-content\\\/uploads\\\/2021\\\/03\\\/adra-supports-the-birds-and-bees-talk-for-teens1280.jpg\",\"width\":1280,\"height\":800},{\"@type\":\"BreadcrumbList\",\"@id\":\"https:\\\/\\\/interamerica.org\\\/fr\\\/2021\\\/03\\\/adra-discute-des-oiseaux-et-des-abeilles-avec-des-adolescents\\\/#breadcrumb\",\"itemListElement\":[{\"@type\":\"ListItem\",\"position\":1,\"name\":\"Home\",\"item\":\"https:\\\/\\\/interamerica.org\\\/fr\\\/\"},{\"@type\":\"ListItem\",\"position\":2,\"name\":\"ADRA discute des oiseaux et des abeilles avec des adolescents\"}]},{\"@type\":\"WebSite\",\"@id\":\"https:\\\/\\\/interamerica.org\\\/fr\\\/#website\",\"url\":\"https:\\\/\\\/interamerica.org\\\/fr\\\/\",\"name\":\"\u00c9glise Adventiste Du Septieme Jour - Inter Am\u00e9rique Division\",\"description\":\"\",\"potentialAction\":[{\"@type\":\"SearchAction\",\"target\":{\"@type\":\"EntryPoint\",\"urlTemplate\":\"https:\\\/\\\/interamerica.org\\\/fr\\\/?s={search_term_string}\"},\"query-input\":{\"@type\":\"PropertyValueSpecification\",\"valueRequired\":true,\"valueName\":\"search_term_string\"}}],\"inLanguage\":\"fr-FR\"},{\"@type\":\"Person\",\"@id\":\"https:\\\/\\\/interamerica.org\\\/fr\\\/#\\\/schema\\\/person\\\/29998f2bc2d8bd0d38662909289b54f1\",\"name\":\"libna\",\"image\":{\"@type\":\"ImageObject\",\"inLanguage\":\"fr-FR\",\"@id\":\"https:\\\/\\\/secure.gravatar.com\\\/avatar\\\/7c5bd30ae4b47a9ba3c856590957fd1d96dc588bf3ac05719d247e126840331f?s=96&d=mm&r=g\",\"url\":\"https:\\\/\\\/secure.gravatar.com\\\/avatar\\\/7c5bd30ae4b47a9ba3c856590957fd1d96dc588bf3ac05719d247e126840331f?s=96&d=mm&r=g\",\"contentUrl\":\"https:\\\/\\\/secure.gravatar.com\\\/avatar\\\/7c5bd30ae4b47a9ba3c856590957fd1d96dc588bf3ac05719d247e126840331f?s=96&d=mm&r=g\",\"caption\":\"libna\"}}]}<\/script>\n<!-- \/ Yoast SEO plugin. -->","yoast_head_json":{"title":"ADRA discute des oiseaux et des abeilles avec des adolescents - \u00c9glise Adventiste Du Septieme Jour - Inter Am\u00e9rique Division","robots":{"index":"index","follow":"follow","max-snippet":"max-snippet:-1","max-image-preview":"max-image-preview:large","max-video-preview":"max-video-preview:-1"},"canonical":"https:\/\/interamerica.org\/fr\/2021\/03\/adra-discute-des-oiseaux-et-des-abeilles-avec-des-adolescents\/","og_locale":"fr_FR","og_type":"article","og_title":"ADRA discute des oiseaux et des abeilles avec des adolescents - \u00c9glise Adventiste Du Septieme Jour - Inter Am\u00e9rique Division","og_description":"March 30, 2021 | Silver Spring, Maryland, United States | By: Adventist Development and Relief Agency, and Adventist Review L\u2019Agence de d\u00e9veloppement et de secours adventiste (ADRA) en Inde est...","og_url":"https:\/\/interamerica.org\/fr\/2021\/03\/adra-discute-des-oiseaux-et-des-abeilles-avec-des-adolescents\/","og_site_name":"\u00c9glise Adventiste Du Septieme Jour - Inter Am\u00e9rique Division","article_published_time":"2021-03-31T12:02:16+00:00","article_modified_time":"2021-03-31T14:46:33+00:00","og_image":[{"width":1280,"height":800,"url":"https:\/\/interamerica.org\/wp-content\/uploads\/2021\/03\/adra-supports-the-birds-and-bees-talk-for-teens1280.jpg","type":"image\/jpeg"}],"author":"libna","twitter_card":"summary_large_image","twitter_misc":{"\u00c9crit par":"libna","Dur\u00e9e de lecture estim\u00e9e":"5 minutes"},"schema":{"@context":"https:\/\/schema.org","@graph":[{"@type":"Article","@id":"https:\/\/interamerica.org\/fr\/2021\/03\/adra-discute-des-oiseaux-et-des-abeilles-avec-des-adolescents\/#article","isPartOf":{"@id":"https:\/\/interamerica.org\/fr\/2021\/03\/adra-discute-des-oiseaux-et-des-abeilles-avec-des-adolescents\/"},"author":{"name":"libna","@id":"https:\/\/interamerica.org\/fr\/#\/schema\/person\/29998f2bc2d8bd0d38662909289b54f1"},"headline":"ADRA discute des oiseaux et des abeilles avec des adolescents","datePublished":"2021-03-31T12:02:16+00:00","dateModified":"2021-03-31T14:46:33+00:00","mainEntityOfPage":{"@id":"https:\/\/interamerica.org\/fr\/2021\/03\/adra-discute-des-oiseaux-et-des-abeilles-avec-des-adolescents\/"},"wordCount":986,"image":{"@id":"https:\/\/interamerica.org\/fr\/2021\/03\/adra-discute-des-oiseaux-et-des-abeilles-avec-des-adolescents\/#primaryimage"},"thumbnailUrl":"https:\/\/interamerica.org\/wp-content\/uploads\/2021\/03\/adra-supports-the-birds-and-bees-talk-for-teens1280.jpg","articleSection":["Nouvelles de l'\u00c9glise mondiale","RSS Fran\u00e7ais"],"inLanguage":"fr-FR"},{"@type":"WebPage","@id":"https:\/\/interamerica.org\/fr\/2021\/03\/adra-discute-des-oiseaux-et-des-abeilles-avec-des-adolescents\/","url":"https:\/\/interamerica.org\/fr\/2021\/03\/adra-discute-des-oiseaux-et-des-abeilles-avec-des-adolescents\/","name":"ADRA discute des oiseaux et des abeilles avec des adolescents - \u00c9glise Adventiste Du Septieme Jour - Inter Am\u00e9rique Division","isPartOf":{"@id":"https:\/\/interamerica.org\/fr\/#website"},"primaryImageOfPage":{"@id":"https:\/\/interamerica.org\/fr\/2021\/03\/adra-discute-des-oiseaux-et-des-abeilles-avec-des-adolescents\/#primaryimage"},"image":{"@id":"https:\/\/interamerica.org\/fr\/2021\/03\/adra-discute-des-oiseaux-et-des-abeilles-avec-des-adolescents\/#primaryimage"},"thumbnailUrl":"https:\/\/interamerica.org\/wp-content\/uploads\/2021\/03\/adra-supports-the-birds-and-bees-talk-for-teens1280.jpg","datePublished":"2021-03-31T12:02:16+00:00","dateModified":"2021-03-31T14:46:33+00:00","author":{"@id":"https:\/\/interamerica.org\/fr\/#\/schema\/person\/29998f2bc2d8bd0d38662909289b54f1"},"breadcrumb":{"@id":"https:\/\/interamerica.org\/fr\/2021\/03\/adra-discute-des-oiseaux-et-des-abeilles-avec-des-adolescents\/#breadcrumb"},"inLanguage":"fr-FR","potentialAction":[{"@type":"ReadAction","target":["https:\/\/interamerica.org\/fr\/2021\/03\/adra-discute-des-oiseaux-et-des-abeilles-avec-des-adolescents\/"]}]},{"@type":"ImageObject","inLanguage":"fr-FR","@id":"https:\/\/interamerica.org\/fr\/2021\/03\/adra-discute-des-oiseaux-et-des-abeilles-avec-des-adolescents\/#primaryimage","url":"https:\/\/interamerica.org\/wp-content\/uploads\/2021\/03\/adra-supports-the-birds-and-bees-talk-for-teens1280.jpg","contentUrl":"https:\/\/interamerica.org\/wp-content\/uploads\/2021\/03\/adra-supports-the-birds-and-bees-talk-for-teens1280.jpg","width":1280,"height":800},{"@type":"BreadcrumbList","@id":"https:\/\/interamerica.org\/fr\/2021\/03\/adra-discute-des-oiseaux-et-des-abeilles-avec-des-adolescents\/#breadcrumb","itemListElement":[{"@type":"ListItem","position":1,"name":"Home","item":"https:\/\/interamerica.org\/fr\/"},{"@type":"ListItem","position":2,"name":"ADRA discute des oiseaux et des abeilles avec des adolescents"}]},{"@type":"WebSite","@id":"https:\/\/interamerica.org\/fr\/#website","url":"https:\/\/interamerica.org\/fr\/","name":"\u00c9glise Adventiste Du Septieme Jour - Inter Am\u00e9rique Division","description":"","potentialAction":[{"@type":"SearchAction","target":{"@type":"EntryPoint","urlTemplate":"https:\/\/interamerica.org\/fr\/?s={search_term_string}"},"query-input":{"@type":"PropertyValueSpecification","valueRequired":true,"valueName":"search_term_string"}}],"inLanguage":"fr-FR"},{"@type":"Person","@id":"https:\/\/interamerica.org\/fr\/#\/schema\/person\/29998f2bc2d8bd0d38662909289b54f1","name":"libna","image":{"@type":"ImageObject","inLanguage":"fr-FR","@id":"https:\/\/secure.gravatar.com\/avatar\/7c5bd30ae4b47a9ba3c856590957fd1d96dc588bf3ac05719d247e126840331f?s=96&d=mm&r=g","url":"https:\/\/secure.gravatar.com\/avatar\/7c5bd30ae4b47a9ba3c856590957fd1d96dc588bf3ac05719d247e126840331f?s=96&d=mm&r=g","contentUrl":"https:\/\/secure.gravatar.com\/avatar\/7c5bd30ae4b47a9ba3c856590957fd1d96dc588bf3ac05719d247e126840331f?s=96&d=mm&r=g","caption":"libna"}}]}},"_links":{"self":[{"href":"https:\/\/interamerica.org\/fr\/wp-json\/wp\/v2\/posts\/70271","targetHints":{"allow":["GET"]}}],"collection":[{"href":"https:\/\/interamerica.org\/fr\/wp-json\/wp\/v2\/posts"}],"about":[{"href":"https:\/\/interamerica.org\/fr\/wp-json\/wp\/v2\/types\/post"}],"author":[{"embeddable":true,"href":"https:\/\/interamerica.org\/fr\/wp-json\/wp\/v2\/users\/3"}],"replies":[{"embeddable":true,"href":"https:\/\/interamerica.org\/fr\/wp-json\/wp\/v2\/comments?post=70271"}],"version-history":[{"count":0,"href":"https:\/\/interamerica.org\/fr\/wp-json\/wp\/v2\/posts\/70271\/revisions"}],"wp:featuredmedia":[{"embeddable":true,"href":"https:\/\/interamerica.org\/fr\/wp-json\/wp\/v2\/media\/70220"}],"wp:attachment":[{"href":"https:\/\/interamerica.org\/fr\/wp-json\/wp\/v2\/media?parent=70271"}],"wp:term":[{"taxonomy":"category","embeddable":true,"href":"https:\/\/interamerica.org\/fr\/wp-json\/wp\/v2\/categories?post=70271"},{"taxonomy":"post_tag","embeddable":true,"href":"https:\/\/interamerica.org\/fr\/wp-json\/wp\/v2\/tags?post=70271"}],"curies":[{"name":"wp","href":"https:\/\/api.w.org\/{rel}","templated":true}]}}