{"id":70327,"date":"2021-03-31T16:24:47","date_gmt":"2021-03-31T20:24:47","guid":{"rendered":"https:\/\/recursing-golick.147-182-135-0.plesk.page\/?p=70327"},"modified":"2021-04-01T10:16:52","modified_gmt":"2021-04-01T14:16:52","slug":"au-mexique-adra-aide-les-intervenants-durgence-dans-la-lutte-contre-les-incendies-dans-les-montagnes-orientales-de-la-sierra-madre","status":"publish","type":"post","link":"https:\/\/interamerica.org\/fr\/2021\/03\/au-mexique-adra-aide-les-intervenants-durgence-dans-la-lutte-contre-les-incendies-dans-les-montagnes-orientales-de-la-sierra-madre\/","title":{"rendered":"Au Mexique, ADRA aide les intervenants d\u2019urgence dans la lutte contre les incendies dans les Montagnes Orientales de La Sierra Madre"},"content":{"rendered":"<p><div id=\"attachment_70278\" style=\"width: 809px\" class=\"wp-caption aligncenter\"><img fetchpriority=\"high\" decoding=\"async\" aria-describedby=\"caption-attachment-70278\" class=\" wp-image-70278\" src=\"https:\/\/recursing-golick.147-182-135-0.plesk.page\/wp-content\/uploads\/2021\/03\/nomu-adra-initial-response-water.jpg\" alt=\"\" width=\"799\" height=\"599\" srcset=\"https:\/\/interamerica.org\/wp-content\/uploads\/2021\/03\/nomu-adra-initial-response-water.jpg 900w, https:\/\/interamerica.org\/wp-content\/uploads\/2021\/03\/nomu-adra-initial-response-water-300x225.jpg 300w, https:\/\/interamerica.org\/wp-content\/uploads\/2021\/03\/nomu-adra-initial-response-water-768x576.jpg 768w\" sizes=\"(max-width: 799px) 100vw, 799px\" \/><p id=\"caption-attachment-70278\" class=\"wp-caption-text\">Des b\u00e9n\u00e9voles d\u2019ADRA ainsi que l\u2019Aide de la Protection Civile, recueillent de l\u2019eau et des dons destin\u00e9s aux intervenants d\u2019urgence et aux personnes d\u00e9plac\u00e9es \u00e0 cause des incendies dans la r\u00e9gion des Montagnes Orientales de la Sierra Madre au d\u00e9but du mois. [Photo : F\u00e9d\u00e9ration du Nord-est du Mexique]<\/p><\/div>31 Mars 2021 | Montemorelos, Nuevo Le\u00f3n, Mexique | Keila Urbano et Libna Stevens, P\u00f4le Informations de la Division Inter Am\u00e9ricaine<\/p>\n<p>L\u2019Agence Adventiste de D\u00e9veloppement et de Secours (ADRA) dans le Nord du Mexique a commenc\u00e9 \u00e0 apporter son aide \u00e0 des centaines d\u2019intervenants d\u2019urgence de la Protection Civile du Nuevo Leon qui risquent leur vie en combattant des incendies de for\u00eat dans les Montagnes Orientales de la Sierra Madre ce mois-ci.<\/p>\n<p>Depuis plus de deux semaines, des incendies ont d\u00e9truit des centaines de maisons, ont caus\u00e9 le d\u00e9placement de plus de 1600 personnes et ont endommag\u00e9 plus de 7000 hectares, dans les \u00e9tats de Coahuila et de Nuevo Leon.<\/p>\n<p><div id=\"attachment_70275\" style=\"width: 818px\" class=\"wp-caption aligncenter\"><img decoding=\"async\" aria-describedby=\"caption-attachment-70275\" class=\" wp-image-70275\" src=\"https:\/\/recursing-golick.147-182-135-0.plesk.page\/wp-content\/uploads\/2021\/03\/nomu-adra-emergency-responders-sierramadreoriental.jpg\" alt=\"\" width=\"808\" height=\"474\" srcset=\"https:\/\/interamerica.org\/wp-content\/uploads\/2021\/03\/nomu-adra-emergency-responders-sierramadreoriental.jpg 994w, https:\/\/interamerica.org\/wp-content\/uploads\/2021\/03\/nomu-adra-emergency-responders-sierramadreoriental-300x176.jpg 300w, https:\/\/interamerica.org\/wp-content\/uploads\/2021\/03\/nomu-adra-emergency-responders-sierramadreoriental-768x450.jpg 768w\" sizes=\"(max-width: 808px) 100vw, 808px\" \/><p id=\"caption-attachment-70275\" class=\"wp-caption-text\">Les pompiers font en sorte de contenir l\u2019incendie dans la r\u00e9gion des Montagnes Orientales de la Sierra Madre, dans le Nord du Mexique. [Photo : F\u00e9d\u00e9ration du Nord-est du Mexique]<\/p><\/div><strong>R\u00e9ponse r\u00e9gionale initiale <\/strong><br \/>\nADRA distribue aux pompiers et aux intervenants d\u2019urgence dans la r\u00e9gion, de l\u2019eau et des boissons hydratantes, des barres prot\u00e9in\u00e9es, des articles d\u2019hygi\u00e8ne personnelle, des soupes instantan\u00e9es, des chaussures sp\u00e9ciales, des v\u00eatements, des tuyaux et des r\u00e9servoirs d\u2019eau.<\/p>\n<p>\u00ab Nos bureaux r\u00e9gionaux du Nord-est et de la R\u00e9gion Montana se sont mobilis\u00e9s imm\u00e9diatement apr\u00e8s le d\u00e9but des incendies le 13 mars, pour apporter une aide initiale \u00e0 ceux qui luttent contre l\u2019incendie et aux centaines de personnes \u00e9vacu\u00e9es dans des abris loin du foyer d\u2019incendie, \u00bb a d\u00e9clar\u00e9 David Maldonado, directeur d\u2019ADRA pour le Nord du Mexique. Un centre de collecte a \u00e9t\u00e9 \u00e9tabli sur le site de l\u2019\u00e9glise adventiste de Maranatha et du centre communautaire adjacent \u00e0 Coahuila, qui n\u2019a pas \u00e9t\u00e9 endommag\u00e9, a expliqu\u00e9 David Maldonado.<\/p>\n<p>Les dirigeants et les b\u00e9n\u00e9voles d\u2019ADRA ont \u00e9valu\u00e9 les zones touch\u00e9es la semaine derni\u00e8re et ont apport\u00e9 des outils tels que des pelles, des pics et des tron\u00e7onneuses pour aider ceux qui enl\u00e8vent les d\u00e9bris, a ajout\u00e9 David Maldonado. \u00ab Nous avons un groupe de jeunes qui aideront \u00e0 commencer le nettoyage de dizaines de maisons ce week-end, \u00bb a-t-il indiqu\u00e9.<\/p>\n<p><div id=\"attachment_70290\" style=\"width: 812px\" class=\"wp-caption aligncenter\"><img decoding=\"async\" aria-describedby=\"caption-attachment-70290\" class=\" wp-image-70290\" src=\"https:\/\/recursing-golick.147-182-135-0.plesk.page\/wp-content\/uploads\/2021\/03\/nomu-adra-volunteers-helicopter-fires.jpg\" alt=\"\" width=\"802\" height=\"535\" srcset=\"https:\/\/interamerica.org\/wp-content\/uploads\/2021\/03\/nomu-adra-volunteers-helicopter-fires.jpg 1000w, https:\/\/interamerica.org\/wp-content\/uploads\/2021\/03\/nomu-adra-volunteers-helicopter-fires-300x200.jpg 300w, https:\/\/interamerica.org\/wp-content\/uploads\/2021\/03\/nomu-adra-volunteers-helicopter-fires-768x512.jpg 768w\" sizes=\"(max-width: 802px) 100vw, 802px\" \/><p id=\"caption-attachment-70290\" class=\"wp-caption-text\">Un groupe d\u2019intervenants d\u2019urgence et de volontaires d\u2019ADRA dans le Nord du Mexique posent devant l\u2019h\u00e9licopt\u00e8re qui a aid\u00e9 \u00e0 lutter contre l\u2019incendie. [Photo : avec l\u2019aimable autorisation de Manolo Acevedo]<\/p><\/div><strong>R\u00e9ponse \u00e0 grande \u00e9chelle en pr\u00e9paration <\/strong><\/p>\n<p>ADRA Mexique a commenc\u00e9 r\u00e9cemment son \u00e9valuation initiale et travaille sur une proposition sp\u00e9cifique pour continuer \u00e0 apporter une aide \u00e0 plus grande \u00e9chelle, a d\u00e9clar\u00e9 Jorge Garcia, directeur national d\u2019ADRA Mexique.<\/p>\n<p>La Protection Civile de l\u2019\u00e9tat du Nuevo Leon estime qu\u2019il faudra peut-\u00eatre plus d\u2019un mois pour \u00e9teindre compl\u00e8tement les incendies, et le Secr\u00e9taire \u00e0 l\u2019Environnement de Coahuila a averti qu\u2019il faudra peut-\u00eatre plus de 50 ans pour retrouver la v\u00e9g\u00e9tation perdue.<\/p>\n<p>Les premiers intervenants travaillent sur la premi\u00e8re phase visant \u00e0 \u00e9teindre les incendies et \u00e0 les contenir, a expliqu\u00e9 Roberto Zambrano, coordinateur ADRA dans la r\u00e9gion du Nord-Est. Une fois cette premi\u00e8re phase termin\u00e9e, les travaux se poursuivront pour garantir la s\u00e9curit\u00e9 de la r\u00e9gion afin que les \u00e9vacu\u00e9s puissent rentrer chez eux, a-t-il d\u00e9clar\u00e9.<\/p>\n<p><div id=\"attachment_70287\" style=\"width: 490px\" class=\"wp-caption aligncenter\"><img loading=\"lazy\" decoding=\"async\" aria-describedby=\"caption-attachment-70287\" class=\" wp-image-70287\" src=\"https:\/\/recursing-golick.147-182-135-0.plesk.page\/wp-content\/uploads\/2021\/03\/nomu-adra-juan-angel-leal.jpg\" alt=\"\" width=\"480\" height=\"733\" srcset=\"https:\/\/interamerica.org\/wp-content\/uploads\/2021\/03\/nomu-adra-juan-angel-leal.jpg 650w, https:\/\/interamerica.org\/wp-content\/uploads\/2021\/03\/nomu-adra-juan-angel-leal-197x300.jpg 197w\" sizes=\"(max-width: 480px) 100vw, 480px\" \/><p id=\"caption-attachment-70287\" class=\"wp-caption-text\">Juan Angel Leal, un membre d\u2019\u00e9glise \u00e0 San Jose de las Boquillas, dans le Nuevo Leon, debout devant un r\u00e9servoir de gaz pr\u00e8s de sa maison qui a \u00e9t\u00e9 \u00e9pargn\u00e9e par l\u2019incendie de for\u00eat dans la r\u00e9gion des Montagnes Orientales de la Sierra Madre. [Photo : David Maldonado]<\/p><\/div>Le bureau r\u00e9gional a rejoint un groupe de 40 volontaires appel\u00e9s \u00ab Jeep Riders \u00bb qui ont amen\u00e9 de la nourriture et des articles de secours pr\u00e8s des camps o\u00f9 se trouvent les pompiers, a d\u00e9clar\u00e9 Manolo Acevedo, coordinateur de projet pour ADRA au bureau du Nord-Est.<\/p>\n<p><strong>Des membres d\u2019\u00e9glise touch\u00e9s <\/strong><\/p>\n<p>Plusieurs familles adventistes ont perdu leurs maisons et des dizaines d\u2019autres ont \u00e9t\u00e9 \u00e9vacu\u00e9es vers des abris ou chez des proches dans les villes avoisinantes de Monterrey et de Montemorelos, a expliqu\u00e9 David Maldonado.<\/p>\n<p>\u00ab Ce n\u2019\u00e9tait pas un feu de for\u00eat normal, \u00bb a d\u00e9clar\u00e9 Juan Angel Leal, un membre d\u2019\u00e9glise \u00e0 San Jose de las Boquillas, dans le Nuevo Leon. \u00ab Nous pouvions voir le feu avancer rapidement, environ 10 \u00e0 15 kilom\u00e8tres en une demi-heure. \u00bb Il a dit que c\u2019\u00e9tait un miracle que le feu n\u2019ait pas d\u00e9truit sa maison. \u00ab Tous les pins autour ont \u00e9t\u00e9 br\u00fbl\u00e9s, mais le feu s\u2019est arr\u00eat\u00e9 juste devant mon r\u00e9servoir de gaz et ma maison. Si le feu avait touch\u00e9 le r\u00e9servoir et la chaudi\u00e8re dans la maison, la maison toute enti\u00e8re aurait explos\u00e9, \u00bb a-t-il expliqu\u00e9.<\/p>\n<p><div id=\"attachment_70284\" style=\"width: 811px\" class=\"wp-caption aligncenter\"><img loading=\"lazy\" decoding=\"async\" aria-describedby=\"caption-attachment-70284\" class=\" wp-image-70284\" src=\"https:\/\/recursing-golick.147-182-135-0.plesk.page\/wp-content\/uploads\/2021\/03\/nomu-adra-jesus-jimenez-house-burnt.jpg\" alt=\"\" width=\"801\" height=\"601\" srcset=\"https:\/\/interamerica.org\/wp-content\/uploads\/2021\/03\/nomu-adra-jesus-jimenez-house-burnt.jpg 900w, https:\/\/interamerica.org\/wp-content\/uploads\/2021\/03\/nomu-adra-jesus-jimenez-house-burnt-300x225.jpg 300w, https:\/\/interamerica.org\/wp-content\/uploads\/2021\/03\/nomu-adra-jesus-jimenez-house-burnt-768x576.jpg 768w\" sizes=\"(max-width: 801px) 100vw, 801px\" \/><p id=\"caption-attachment-70284\" class=\"wp-caption-text\">Ce qui reste de la maison de Jes\u00fas Jimenez apr\u00e8s que l\u2019incendie ait ravag\u00e9 la r\u00e9gion de la Montagne Orientale de la Sierra Madre. [Photo : \u00e9glise adventiste de Maranatha]<\/p><\/div>Jes\u00fas Jim\u00e9nez et sa famille\u00a0<span style=\"text-decoration: line-through;\">of<\/span>\u00a0n\u2019ont pas eu autant de chance. Sa maison a \u00e9t\u00e9 d\u00e9truite et sa famille et lui ont d\u00fb \u00eatre \u00e9vacu\u00e9s.<\/p>\n<p>Beaucoup, comme la famille J\u00edmenez, resteront dans des abris pour une p\u00e9riode ind\u00e9finie, et les dirigeants de l\u2019\u00e9glise attendent de recevoir le feu vert des autorit\u00e9s locales pour leur faire parvenir de la nourriture et des provisions de base pendant qu\u2019ils sont d\u00e9plac\u00e9s, a d\u00e9clar\u00e9 le pasteur Israel Hern\u00e1ndez, pasteur de district \u00e0 Coahuila. \u00ab Nos membres dans le district de Provivienda ont imm\u00e9diatement r\u00e9pondu en faisant don de provisions pour soutenir, non seulement leurs fr\u00e8res et s\u0153urs, mais aussi la communaut\u00e9, \u00bb a-t-il dit.<\/p>\n<p><div id=\"attachment_70315\" style=\"width: 808px\" class=\"wp-caption aligncenter\"><img loading=\"lazy\" decoding=\"async\" aria-describedby=\"caption-attachment-70315\" class=\" wp-image-70314\" src=\"https:\/\/recursing-golick.147-182-135-0.plesk.page\/wp-content\/uploads\/2021\/03\/nomu-maranatha-adventist-church-1024x535.jpg\" alt=\"\" width=\"798\" height=\"417\" srcset=\"https:\/\/interamerica.org\/wp-content\/uploads\/2021\/03\/nomu-maranatha-adventist-church-1024x535.jpg 1024w, https:\/\/interamerica.org\/wp-content\/uploads\/2021\/03\/nomu-maranatha-adventist-church-300x157.jpg 300w, https:\/\/interamerica.org\/wp-content\/uploads\/2021\/03\/nomu-maranatha-adventist-church-768x401.jpg 768w, https:\/\/interamerica.org\/wp-content\/uploads\/2021\/03\/nomu-maranatha-adventist-church.jpg 1139w\" sizes=\"(max-width: 798px) 100vw, 798px\" \/><p id=\"caption-attachment-70315\" class=\"wp-caption-text\">L\u2019\u00e9glise adventiste du septi\u00e8me jour de Maranatha et son centre communautaire ont \u00e9t\u00e9 \u00e9pargn\u00e9s alors que les incendies de for\u00eat d\u00e9truisaient les for\u00eats et les maisons sur son chemin dans la r\u00e9gion de La Sierra Madre Orientale, dans le Nord du Mexique. [Photo : \u00c9glise adventiste de Maranatha]<\/p><\/div>Pour en savoir plus sur les initiatives de r\u00e9ponse d\u2019ADRA dans la Montagne Orientale de La Sierra Madre, cliquez <a href=\"https:\/\/www.facebook.com\/adramexico\">ICI<\/a><\/p>\n<p>Traduction: Patrick Luciathe<\/p>\n","protected":false},"excerpt":{"rendered":"<p>31 Mars 2021 | Montemorelos, Nuevo Le\u00f3n, Mexique | Keila Urbano et Libna Stevens, P\u00f4le Informations de la Division Inter Am\u00e9ricaine L\u2019Agence Adventiste de D\u00e9veloppement et de Secours (ADRA) dans&#8230;<\/p>\n","protected":false},"author":3,"featured_media":70278,"comment_status":"closed","ping_status":"closed","sticky":false,"template":"","format":"standard","meta":{"_acf_changed":false,"footnotes":""},"categories":[21,19],"tags":[],"class_list":["post-70327","post","type-post","status-publish","format-standard","has-post-thumbnail","hentry","category-nouvelles-du-territoire","category-rss-francais"],"acf":[],"yoast_head":"<!-- This site is optimized with the Yoast SEO plugin v27.3 - https:\/\/yoast.com\/product\/yoast-seo-wordpress\/ -->\n<title>Au Mexique, ADRA aide les intervenants d\u2019urgence dans la lutte contre les incendies dans les Montagnes Orientales de La Sierra Madre - \u00c9glise Adventiste Du Septieme Jour - Inter Am\u00e9rique Division<\/title>\n<meta name=\"robots\" content=\"index, follow, max-snippet:-1, max-image-preview:large, max-video-preview:-1\" \/>\n<link rel=\"canonical\" href=\"https:\/\/interamerica.org\/fr\/2021\/03\/au-mexique-adra-aide-les-intervenants-durgence-dans-la-lutte-contre-les-incendies-dans-les-montagnes-orientales-de-la-sierra-madre\/\" \/>\n<meta property=\"og:locale\" content=\"fr_FR\" \/>\n<meta property=\"og:type\" content=\"article\" \/>\n<meta property=\"og:title\" content=\"Au Mexique, ADRA aide les intervenants d\u2019urgence dans la lutte contre les incendies dans les Montagnes Orientales de La Sierra Madre - \u00c9glise Adventiste Du Septieme Jour - Inter Am\u00e9rique Division\" \/>\n<meta property=\"og:description\" content=\"31 Mars 2021 | Montemorelos, Nuevo Le\u00f3n, Mexique | Keila Urbano et Libna Stevens, P\u00f4le Informations de la Division Inter Am\u00e9ricaine L\u2019Agence Adventiste de D\u00e9veloppement et de Secours (ADRA) dans...\" \/>\n<meta property=\"og:url\" content=\"https:\/\/interamerica.org\/fr\/2021\/03\/au-mexique-adra-aide-les-intervenants-durgence-dans-la-lutte-contre-les-incendies-dans-les-montagnes-orientales-de-la-sierra-madre\/\" \/>\n<meta property=\"og:site_name\" content=\"\u00c9glise Adventiste Du Septieme Jour - Inter Am\u00e9rique Division\" \/>\n<meta property=\"article:published_time\" content=\"2021-03-31T20:24:47+00:00\" \/>\n<meta property=\"article:modified_time\" content=\"2021-04-01T14:16:52+00:00\" \/>\n<meta property=\"og:image\" content=\"https:\/\/interamerica.org\/wp-content\/uploads\/2021\/03\/nomu-adra-initial-response-water.jpg\" \/>\n\t<meta property=\"og:image:width\" content=\"900\" \/>\n\t<meta property=\"og:image:height\" content=\"675\" \/>\n\t<meta property=\"og:image:type\" content=\"image\/jpeg\" \/>\n<meta name=\"author\" content=\"libna\" \/>\n<meta name=\"twitter:card\" content=\"summary_large_image\" \/>\n<meta name=\"twitter:label1\" content=\"\u00c9crit par\" \/>\n\t<meta name=\"twitter:data1\" content=\"libna\" \/>\n\t<meta name=\"twitter:label2\" content=\"Dur\u00e9e de lecture estim\u00e9e\" \/>\n\t<meta name=\"twitter:data2\" content=\"6 minutes\" \/>\n<script type=\"application\/ld+json\" class=\"yoast-schema-graph\">{\"@context\":\"https:\\\/\\\/schema.org\",\"@graph\":[{\"@type\":\"Article\",\"@id\":\"https:\\\/\\\/interamerica.org\\\/fr\\\/2021\\\/03\\\/au-mexique-adra-aide-les-intervenants-durgence-dans-la-lutte-contre-les-incendies-dans-les-montagnes-orientales-de-la-sierra-madre\\\/#article\",\"isPartOf\":{\"@id\":\"https:\\\/\\\/interamerica.org\\\/fr\\\/2021\\\/03\\\/au-mexique-adra-aide-les-intervenants-durgence-dans-la-lutte-contre-les-incendies-dans-les-montagnes-orientales-de-la-sierra-madre\\\/\"},\"author\":{\"name\":\"libna\",\"@id\":\"https:\\\/\\\/interamerica.org\\\/fr\\\/#\\\/schema\\\/person\\\/29998f2bc2d8bd0d38662909289b54f1\"},\"headline\":\"Au Mexique, ADRA aide les intervenants d\u2019urgence dans la lutte contre les incendies dans les Montagnes Orientales de La Sierra Madre\",\"datePublished\":\"2021-03-31T20:24:47+00:00\",\"dateModified\":\"2021-04-01T14:16:52+00:00\",\"mainEntityOfPage\":{\"@id\":\"https:\\\/\\\/interamerica.org\\\/fr\\\/2021\\\/03\\\/au-mexique-adra-aide-les-intervenants-durgence-dans-la-lutte-contre-les-incendies-dans-les-montagnes-orientales-de-la-sierra-madre\\\/\"},\"wordCount\":1169,\"image\":{\"@id\":\"https:\\\/\\\/interamerica.org\\\/fr\\\/2021\\\/03\\\/au-mexique-adra-aide-les-intervenants-durgence-dans-la-lutte-contre-les-incendies-dans-les-montagnes-orientales-de-la-sierra-madre\\\/#primaryimage\"},\"thumbnailUrl\":\"https:\\\/\\\/interamerica.org\\\/wp-content\\\/uploads\\\/2021\\\/03\\\/nomu-adra-initial-response-water.jpg\",\"articleSection\":[\"Nouvelles du territoire\",\"RSS Fran\u00e7ais\"],\"inLanguage\":\"fr-FR\"},{\"@type\":\"WebPage\",\"@id\":\"https:\\\/\\\/interamerica.org\\\/fr\\\/2021\\\/03\\\/au-mexique-adra-aide-les-intervenants-durgence-dans-la-lutte-contre-les-incendies-dans-les-montagnes-orientales-de-la-sierra-madre\\\/\",\"url\":\"https:\\\/\\\/interamerica.org\\\/fr\\\/2021\\\/03\\\/au-mexique-adra-aide-les-intervenants-durgence-dans-la-lutte-contre-les-incendies-dans-les-montagnes-orientales-de-la-sierra-madre\\\/\",\"name\":\"Au Mexique, ADRA aide les intervenants d\u2019urgence dans la lutte contre les incendies dans les Montagnes Orientales de La Sierra Madre - \u00c9glise Adventiste Du Septieme Jour - Inter Am\u00e9rique Division\",\"isPartOf\":{\"@id\":\"https:\\\/\\\/interamerica.org\\\/fr\\\/#website\"},\"primaryImageOfPage\":{\"@id\":\"https:\\\/\\\/interamerica.org\\\/fr\\\/2021\\\/03\\\/au-mexique-adra-aide-les-intervenants-durgence-dans-la-lutte-contre-les-incendies-dans-les-montagnes-orientales-de-la-sierra-madre\\\/#primaryimage\"},\"image\":{\"@id\":\"https:\\\/\\\/interamerica.org\\\/fr\\\/2021\\\/03\\\/au-mexique-adra-aide-les-intervenants-durgence-dans-la-lutte-contre-les-incendies-dans-les-montagnes-orientales-de-la-sierra-madre\\\/#primaryimage\"},\"thumbnailUrl\":\"https:\\\/\\\/interamerica.org\\\/wp-content\\\/uploads\\\/2021\\\/03\\\/nomu-adra-initial-response-water.jpg\",\"datePublished\":\"2021-03-31T20:24:47+00:00\",\"dateModified\":\"2021-04-01T14:16:52+00:00\",\"author\":{\"@id\":\"https:\\\/\\\/interamerica.org\\\/fr\\\/#\\\/schema\\\/person\\\/29998f2bc2d8bd0d38662909289b54f1\"},\"breadcrumb\":{\"@id\":\"https:\\\/\\\/interamerica.org\\\/fr\\\/2021\\\/03\\\/au-mexique-adra-aide-les-intervenants-durgence-dans-la-lutte-contre-les-incendies-dans-les-montagnes-orientales-de-la-sierra-madre\\\/#breadcrumb\"},\"inLanguage\":\"fr-FR\",\"potentialAction\":[{\"@type\":\"ReadAction\",\"target\":[\"https:\\\/\\\/interamerica.org\\\/fr\\\/2021\\\/03\\\/au-mexique-adra-aide-les-intervenants-durgence-dans-la-lutte-contre-les-incendies-dans-les-montagnes-orientales-de-la-sierra-madre\\\/\"]}]},{\"@type\":\"ImageObject\",\"inLanguage\":\"fr-FR\",\"@id\":\"https:\\\/\\\/interamerica.org\\\/fr\\\/2021\\\/03\\\/au-mexique-adra-aide-les-intervenants-durgence-dans-la-lutte-contre-les-incendies-dans-les-montagnes-orientales-de-la-sierra-madre\\\/#primaryimage\",\"url\":\"https:\\\/\\\/interamerica.org\\\/wp-content\\\/uploads\\\/2021\\\/03\\\/nomu-adra-initial-response-water.jpg\",\"contentUrl\":\"https:\\\/\\\/interamerica.org\\\/wp-content\\\/uploads\\\/2021\\\/03\\\/nomu-adra-initial-response-water.jpg\",\"width\":900,\"height\":675,\"caption\":\"Des b\u00e9n\u00e9voles d\u2019ADRA ainsi que l\u2019Aide de la Protection Civile, recueillent de l\u2019eau et des dons destin\u00e9s aux intervenants d\u2019urgence et aux personnes d\u00e9plac\u00e9es \u00e0 cause des incendies dans la r\u00e9gion des Montagnes Orientales de la Sierra Madre au d\u00e9but du mois. [Photo : F\u00e9d\u00e9ration du Nord-est du Mexique]\"},{\"@type\":\"BreadcrumbList\",\"@id\":\"https:\\\/\\\/interamerica.org\\\/fr\\\/2021\\\/03\\\/au-mexique-adra-aide-les-intervenants-durgence-dans-la-lutte-contre-les-incendies-dans-les-montagnes-orientales-de-la-sierra-madre\\\/#breadcrumb\",\"itemListElement\":[{\"@type\":\"ListItem\",\"position\":1,\"name\":\"Home\",\"item\":\"https:\\\/\\\/interamerica.org\\\/fr\\\/\"},{\"@type\":\"ListItem\",\"position\":2,\"name\":\"Au Mexique, ADRA aide les intervenants d\u2019urgence dans la lutte contre les incendies dans les Montagnes Orientales de La Sierra Madre\"}]},{\"@type\":\"WebSite\",\"@id\":\"https:\\\/\\\/interamerica.org\\\/fr\\\/#website\",\"url\":\"https:\\\/\\\/interamerica.org\\\/fr\\\/\",\"name\":\"\u00c9glise Adventiste Du Septieme Jour - Inter Am\u00e9rique Division\",\"description\":\"\",\"potentialAction\":[{\"@type\":\"SearchAction\",\"target\":{\"@type\":\"EntryPoint\",\"urlTemplate\":\"https:\\\/\\\/interamerica.org\\\/fr\\\/?s={search_term_string}\"},\"query-input\":{\"@type\":\"PropertyValueSpecification\",\"valueRequired\":true,\"valueName\":\"search_term_string\"}}],\"inLanguage\":\"fr-FR\"},{\"@type\":\"Person\",\"@id\":\"https:\\\/\\\/interamerica.org\\\/fr\\\/#\\\/schema\\\/person\\\/29998f2bc2d8bd0d38662909289b54f1\",\"name\":\"libna\",\"image\":{\"@type\":\"ImageObject\",\"inLanguage\":\"fr-FR\",\"@id\":\"https:\\\/\\\/secure.gravatar.com\\\/avatar\\\/7c5bd30ae4b47a9ba3c856590957fd1d96dc588bf3ac05719d247e126840331f?s=96&d=mm&r=g\",\"url\":\"https:\\\/\\\/secure.gravatar.com\\\/avatar\\\/7c5bd30ae4b47a9ba3c856590957fd1d96dc588bf3ac05719d247e126840331f?s=96&d=mm&r=g\",\"contentUrl\":\"https:\\\/\\\/secure.gravatar.com\\\/avatar\\\/7c5bd30ae4b47a9ba3c856590957fd1d96dc588bf3ac05719d247e126840331f?s=96&d=mm&r=g\",\"caption\":\"libna\"}}]}<\/script>\n<!-- \/ Yoast SEO plugin. -->","yoast_head_json":{"title":"Au Mexique, ADRA aide les intervenants d\u2019urgence dans la lutte contre les incendies dans les Montagnes Orientales de La Sierra Madre - \u00c9glise Adventiste Du Septieme Jour - Inter Am\u00e9rique Division","robots":{"index":"index","follow":"follow","max-snippet":"max-snippet:-1","max-image-preview":"max-image-preview:large","max-video-preview":"max-video-preview:-1"},"canonical":"https:\/\/interamerica.org\/fr\/2021\/03\/au-mexique-adra-aide-les-intervenants-durgence-dans-la-lutte-contre-les-incendies-dans-les-montagnes-orientales-de-la-sierra-madre\/","og_locale":"fr_FR","og_type":"article","og_title":"Au Mexique, ADRA aide les intervenants d\u2019urgence dans la lutte contre les incendies dans les Montagnes Orientales de La Sierra Madre - \u00c9glise Adventiste Du Septieme Jour - Inter Am\u00e9rique Division","og_description":"31 Mars 2021 | Montemorelos, Nuevo Le\u00f3n, Mexique | Keila Urbano et Libna Stevens, P\u00f4le Informations de la Division Inter Am\u00e9ricaine L\u2019Agence Adventiste de D\u00e9veloppement et de Secours (ADRA) dans...","og_url":"https:\/\/interamerica.org\/fr\/2021\/03\/au-mexique-adra-aide-les-intervenants-durgence-dans-la-lutte-contre-les-incendies-dans-les-montagnes-orientales-de-la-sierra-madre\/","og_site_name":"\u00c9glise Adventiste Du Septieme Jour - Inter Am\u00e9rique Division","article_published_time":"2021-03-31T20:24:47+00:00","article_modified_time":"2021-04-01T14:16:52+00:00","og_image":[{"width":900,"height":675,"url":"https:\/\/interamerica.org\/wp-content\/uploads\/2021\/03\/nomu-adra-initial-response-water.jpg","type":"image\/jpeg"}],"author":"libna","twitter_card":"summary_large_image","twitter_misc":{"\u00c9crit par":"libna","Dur\u00e9e de lecture estim\u00e9e":"6 minutes"},"schema":{"@context":"https:\/\/schema.org","@graph":[{"@type":"Article","@id":"https:\/\/interamerica.org\/fr\/2021\/03\/au-mexique-adra-aide-les-intervenants-durgence-dans-la-lutte-contre-les-incendies-dans-les-montagnes-orientales-de-la-sierra-madre\/#article","isPartOf":{"@id":"https:\/\/interamerica.org\/fr\/2021\/03\/au-mexique-adra-aide-les-intervenants-durgence-dans-la-lutte-contre-les-incendies-dans-les-montagnes-orientales-de-la-sierra-madre\/"},"author":{"name":"libna","@id":"https:\/\/interamerica.org\/fr\/#\/schema\/person\/29998f2bc2d8bd0d38662909289b54f1"},"headline":"Au Mexique, ADRA aide les intervenants d\u2019urgence dans la lutte contre les incendies dans les Montagnes Orientales de La Sierra Madre","datePublished":"2021-03-31T20:24:47+00:00","dateModified":"2021-04-01T14:16:52+00:00","mainEntityOfPage":{"@id":"https:\/\/interamerica.org\/fr\/2021\/03\/au-mexique-adra-aide-les-intervenants-durgence-dans-la-lutte-contre-les-incendies-dans-les-montagnes-orientales-de-la-sierra-madre\/"},"wordCount":1169,"image":{"@id":"https:\/\/interamerica.org\/fr\/2021\/03\/au-mexique-adra-aide-les-intervenants-durgence-dans-la-lutte-contre-les-incendies-dans-les-montagnes-orientales-de-la-sierra-madre\/#primaryimage"},"thumbnailUrl":"https:\/\/interamerica.org\/wp-content\/uploads\/2021\/03\/nomu-adra-initial-response-water.jpg","articleSection":["Nouvelles du territoire","RSS Fran\u00e7ais"],"inLanguage":"fr-FR"},{"@type":"WebPage","@id":"https:\/\/interamerica.org\/fr\/2021\/03\/au-mexique-adra-aide-les-intervenants-durgence-dans-la-lutte-contre-les-incendies-dans-les-montagnes-orientales-de-la-sierra-madre\/","url":"https:\/\/interamerica.org\/fr\/2021\/03\/au-mexique-adra-aide-les-intervenants-durgence-dans-la-lutte-contre-les-incendies-dans-les-montagnes-orientales-de-la-sierra-madre\/","name":"Au Mexique, ADRA aide les intervenants d\u2019urgence dans la lutte contre les incendies dans les Montagnes Orientales de La Sierra Madre - \u00c9glise Adventiste Du Septieme Jour - Inter Am\u00e9rique Division","isPartOf":{"@id":"https:\/\/interamerica.org\/fr\/#website"},"primaryImageOfPage":{"@id":"https:\/\/interamerica.org\/fr\/2021\/03\/au-mexique-adra-aide-les-intervenants-durgence-dans-la-lutte-contre-les-incendies-dans-les-montagnes-orientales-de-la-sierra-madre\/#primaryimage"},"image":{"@id":"https:\/\/interamerica.org\/fr\/2021\/03\/au-mexique-adra-aide-les-intervenants-durgence-dans-la-lutte-contre-les-incendies-dans-les-montagnes-orientales-de-la-sierra-madre\/#primaryimage"},"thumbnailUrl":"https:\/\/interamerica.org\/wp-content\/uploads\/2021\/03\/nomu-adra-initial-response-water.jpg","datePublished":"2021-03-31T20:24:47+00:00","dateModified":"2021-04-01T14:16:52+00:00","author":{"@id":"https:\/\/interamerica.org\/fr\/#\/schema\/person\/29998f2bc2d8bd0d38662909289b54f1"},"breadcrumb":{"@id":"https:\/\/interamerica.org\/fr\/2021\/03\/au-mexique-adra-aide-les-intervenants-durgence-dans-la-lutte-contre-les-incendies-dans-les-montagnes-orientales-de-la-sierra-madre\/#breadcrumb"},"inLanguage":"fr-FR","potentialAction":[{"@type":"ReadAction","target":["https:\/\/interamerica.org\/fr\/2021\/03\/au-mexique-adra-aide-les-intervenants-durgence-dans-la-lutte-contre-les-incendies-dans-les-montagnes-orientales-de-la-sierra-madre\/"]}]},{"@type":"ImageObject","inLanguage":"fr-FR","@id":"https:\/\/interamerica.org\/fr\/2021\/03\/au-mexique-adra-aide-les-intervenants-durgence-dans-la-lutte-contre-les-incendies-dans-les-montagnes-orientales-de-la-sierra-madre\/#primaryimage","url":"https:\/\/interamerica.org\/wp-content\/uploads\/2021\/03\/nomu-adra-initial-response-water.jpg","contentUrl":"https:\/\/interamerica.org\/wp-content\/uploads\/2021\/03\/nomu-adra-initial-response-water.jpg","width":900,"height":675,"caption":"Des b\u00e9n\u00e9voles d\u2019ADRA ainsi que l\u2019Aide de la Protection Civile, recueillent de l\u2019eau et des dons destin\u00e9s aux intervenants d\u2019urgence et aux personnes d\u00e9plac\u00e9es \u00e0 cause des incendies dans la r\u00e9gion des Montagnes Orientales de la Sierra Madre au d\u00e9but du mois. [Photo : F\u00e9d\u00e9ration du Nord-est du Mexique]"},{"@type":"BreadcrumbList","@id":"https:\/\/interamerica.org\/fr\/2021\/03\/au-mexique-adra-aide-les-intervenants-durgence-dans-la-lutte-contre-les-incendies-dans-les-montagnes-orientales-de-la-sierra-madre\/#breadcrumb","itemListElement":[{"@type":"ListItem","position":1,"name":"Home","item":"https:\/\/interamerica.org\/fr\/"},{"@type":"ListItem","position":2,"name":"Au Mexique, ADRA aide les intervenants d\u2019urgence dans la lutte contre les incendies dans les Montagnes Orientales de La Sierra Madre"}]},{"@type":"WebSite","@id":"https:\/\/interamerica.org\/fr\/#website","url":"https:\/\/interamerica.org\/fr\/","name":"\u00c9glise Adventiste Du Septieme Jour - Inter Am\u00e9rique Division","description":"","potentialAction":[{"@type":"SearchAction","target":{"@type":"EntryPoint","urlTemplate":"https:\/\/interamerica.org\/fr\/?s={search_term_string}"},"query-input":{"@type":"PropertyValueSpecification","valueRequired":true,"valueName":"search_term_string"}}],"inLanguage":"fr-FR"},{"@type":"Person","@id":"https:\/\/interamerica.org\/fr\/#\/schema\/person\/29998f2bc2d8bd0d38662909289b54f1","name":"libna","image":{"@type":"ImageObject","inLanguage":"fr-FR","@id":"https:\/\/secure.gravatar.com\/avatar\/7c5bd30ae4b47a9ba3c856590957fd1d96dc588bf3ac05719d247e126840331f?s=96&d=mm&r=g","url":"https:\/\/secure.gravatar.com\/avatar\/7c5bd30ae4b47a9ba3c856590957fd1d96dc588bf3ac05719d247e126840331f?s=96&d=mm&r=g","contentUrl":"https:\/\/secure.gravatar.com\/avatar\/7c5bd30ae4b47a9ba3c856590957fd1d96dc588bf3ac05719d247e126840331f?s=96&d=mm&r=g","caption":"libna"}}]}},"_links":{"self":[{"href":"https:\/\/interamerica.org\/fr\/wp-json\/wp\/v2\/posts\/70327","targetHints":{"allow":["GET"]}}],"collection":[{"href":"https:\/\/interamerica.org\/fr\/wp-json\/wp\/v2\/posts"}],"about":[{"href":"https:\/\/interamerica.org\/fr\/wp-json\/wp\/v2\/types\/post"}],"author":[{"embeddable":true,"href":"https:\/\/interamerica.org\/fr\/wp-json\/wp\/v2\/users\/3"}],"replies":[{"embeddable":true,"href":"https:\/\/interamerica.org\/fr\/wp-json\/wp\/v2\/comments?post=70327"}],"version-history":[{"count":0,"href":"https:\/\/interamerica.org\/fr\/wp-json\/wp\/v2\/posts\/70327\/revisions"}],"wp:featuredmedia":[{"embeddable":true,"href":"https:\/\/interamerica.org\/fr\/wp-json\/wp\/v2\/media\/70278"}],"wp:attachment":[{"href":"https:\/\/interamerica.org\/fr\/wp-json\/wp\/v2\/media?parent=70327"}],"wp:term":[{"taxonomy":"category","embeddable":true,"href":"https:\/\/interamerica.org\/fr\/wp-json\/wp\/v2\/categories?post=70327"},{"taxonomy":"post_tag","embeddable":true,"href":"https:\/\/interamerica.org\/fr\/wp-json\/wp\/v2\/tags?post=70327"}],"curies":[{"name":"wp","href":"https:\/\/api.w.org\/{rel}","templated":true}]}}