{"id":70437,"date":"2021-04-03T22:46:56","date_gmt":"2021-04-04T02:46:56","guid":{"rendered":"https:\/\/recursing-golick.147-182-135-0.plesk.page\/?p=70437"},"modified":"2021-04-04T14:00:48","modified_gmt":"2021-04-04T18:00:48","slug":"le-secretaire-de-leglise-adventiste-g-t-ng-annonce-son-depart-a-la-retraite","status":"publish","type":"post","link":"https:\/\/interamerica.org\/fr\/2021\/04\/le-secretaire-de-leglise-adventiste-g-t-ng-annonce-son-depart-a-la-retraite\/","title":{"rendered":"Le secr\u00e9taire de l\u2019\u00c9glise adventiste, G. T. Ng, annonce son d\u00e9part \u00e0 la retraite"},"content":{"rendered":"<h3 class=\"subtitle\">Le missionnaire et administrateur exp\u00e9riment\u00e9 quittera son poste le 1er juin 2021.<\/h3>\n<p><span class=\"byline-news\">2 Avril 2021 | Silver Spring, Maryland, \u00c9tats-Unis | Par : Marcos Paseggi, <\/span><em><span class=\"byline-news\">Adventist Review<\/span><\/em><\/p>\n<p><span class=\"cap\">G<\/span>. T. Ng., pasteur, missionnaire et administrateur adventiste du septi\u00e8me jour exp\u00e9riment\u00e9 a annonc\u00e9 son d\u00e9part \u00e0 la retraite, \u00e0 compter du 1er juin 2021. Le d\u00e9part \u00e0 la retraite de G.T. Ng intervient apr\u00e8s pr\u00e8s de 11 ans pass\u00e9s en tant que secr\u00e9taire ex\u00e9cutif de la Conf\u00e9rence G\u00e9n\u00e9rale de l\u2019\u00c9glise adventiste du septi\u00e8me jour, et de nombreuses ann\u00e9es dans divers postes de direction.<\/p>\n<p>Le 30 mars 2021, dans un courrier adress\u00e9 aux administrateurs des divisions r\u00e9gionales de l\u2019\u00c9glise adventiste \u00e0 travers le monde, G.T. Ng a annonc\u00e9 son d\u00e9part \u00e0 la retraite \u00ab avec une profonde tristesse. \u00bb Il a ajout\u00e9, cependant, que cela a \u00e9t\u00e9 un privil\u00e8ge unique de travailler avec des personnes issues de divers horizons afin d\u2019agrandir le royaume de Dieu. \u00ab Nous [nous sommes compl\u00e9t\u00e9s] les uns les autres, et c\u2019est quelque chose de sp\u00e9cial, \u00bb a-t-il d\u00e9clar\u00e9.<\/p>\n<p>Dans des commentaires faits \u00e0 <em>Adventist Review<\/em>, G.T. Ng a discut\u00e9 de certains de ses sentiments mitig\u00e9s au sujet de sa d\u00e9cision de prendre sa retraite. \u00ab [\u00c0 partir] du 1er juin, je n\u2019aurai qu\u2019un seul patron: ma femme, \u00bb, a plaisant\u00e9 Ng avec son humour l\u00e9gendaire, ajoutant: \u00ab C\u2019est une douleur indescriptible de devoir quitter le travail que j\u2019aime et les coll\u00e8gues et les amis que je ch\u00e9ris. Mais pour moi, la mission continue m\u00eame apr\u00e8s le d\u00e9part \u00e0 la retraite.<\/p>\n<p><strong>Des d\u00e9cennies de service fid\u00e8le<\/strong><\/p>\n<p>Ce fut un long parcours pour G.T. Ng, n\u00e9 \u00e0 Singapour, depuis qu\u2019il a ressenti l\u2019appel au minist\u00e8re pastoral \u00e0 l\u2019\u00e2ge de 18 ans. \u00ab J\u2019ai commenc\u00e9 mon parcours [de travail pour] le Seigneur il y a pr\u00e8s d\u2019un demi-si\u00e8cle en premi\u00e8re ligne de la mission, et maintenant le parcours \u00e0 ce stade me ram\u00e8ne au c\u0153ur de la mission, \u00bb a d\u00e9clar\u00e9 G.T. Ng. \u00ab Le Seigneur a \u00e9t\u00e9 vraiment magnanime envers moi tout au long de ma vie. C\u2019est sa gr\u00e2ce merveilleuse qui m\u2019a soutenu ainsi que mon minist\u00e8re dans les bons comme dans les mauvais moments. J\u2019ai r\u00e9alis\u00e9 qu\u2019il est fid\u00e8le et totalement digne de confiance. \u00bb<\/p>\n<p>G.T. Ng s\u2019est pench\u00e9 sur sa vaste exp\u00e9rience dans divers r\u00f4les et domaines de service dans ce qu\u2019il a appel\u00e9 \u00ab mes parcours avec Dieu. \u00bb Entre autres, il a \u00e9voqu\u00e9 ses d\u00e9buts avec sa femme, Ivy, lorsqu\u2019ils sont all\u00e9s, en tant que jeune couple, travailler comme missionnaires \u00e0 Phnom Penh, au Cambodge, en 1973, jusqu\u2019\u00e0 ce qu\u2019ils aient d\u00fb \u00eatre soudainement \u00e9vacu\u00e9s en 1975 avant que le pays ne tombe aux mains du r\u00e9gime des Khmers Rouges. Il y a eu ensuite la p\u00e9riode qu\u2019ils ont pass\u00e9e dans le \u00ab minist\u00e8re du d\u00e9sert \u00bb en Tha\u00eflande et en Malaisie. \u00ab L\u2019\u00e9glise nous a mis ici et l\u00e0 temporairement, ne sachant pas quand nous renvoyer au Cambodge, \u00bb a-t-il expliqu\u00e9.<\/p>\n<p>Le service de la famille Ng s\u2019est poursuivi dans son Singapour natal, o\u00f9 il a servi en tant qu\u2019aum\u00f4nier \u00e0 l\u2019H\u00f4pital Adventiste Youngberg Memorial, et ensuite en tant que directeur des minist\u00e8res de la jeunesse dans l\u2019Union de l\u2019Asie du Sud-Est. Des ann\u00e9es plus tard, il est devenu professeur au s\u00e9minaire th\u00e9ologique de l\u2019Institut International Adventiste d\u2019\u00c9tudes Avanc\u00e9es (AIIAS) aux Philippines, jusqu\u2019\u00e0 ce qu\u2019il soit \u00e9lu secr\u00e9taire ex\u00e9cutif de la Division Asie-Pacifique Sud, dont le si\u00e8ge se trouve pr\u00e8s de l\u2019universit\u00e9 aux Philippines. En 2005, il a \u00e9t\u00e9 \u00e9lu secr\u00e9taire adjoint de la Conf\u00e9rence G\u00e9n\u00e9rale, et en 2010, lors de la Session de la Conf\u00e9rence G\u00e9n\u00e9rale \u00e0 Atlanta, il a \u00e9t\u00e9 \u00e9lu secr\u00e9taire ex\u00e9cutif de la Conf\u00e9rence G\u00e9n\u00e9rale.<\/p>\n<p><strong>En tant que secr\u00e9taire de la Conf\u00e9rence G\u00e9n\u00e9rale <\/strong><\/p>\n<p>En tant que secr\u00e9taire ex\u00e9cutif de l\u2019\u00c9glise adventiste, G.T. Ng a soulign\u00e9 l\u2019importance du maintien \u00e0 jour des registres de membres \u00e0 travers le monde. En plus de la tenue des registres d\u2019\u00e9glise \u00e0 jour, G.T. Ng a fait de la fid\u00e9lisation des membres un objectif cl\u00e9. Son bureau coordonne \u00e9galement le vaste programme missionnaire de l\u2019\u00c9glise.<\/p>\n<p>Pour G.T. Ng, \u00ab la mission constitue l\u2019ordre de marche de l\u2019\u00e9glise. \u00bb En ce sens, il a soulign\u00e9 \u00e0 maintes reprises que le plus grand d\u00e9fi auquel l\u2019\u00e9glise est confront\u00e9e est celui du passage d\u2019une culture o\u00f9 les membres sont des spectateurs et les pasteurs ceux qui font la majeure partie du travail, \u00e0 une culture o\u00f9 le sacerdoce de tous les croyants est embrass\u00e9 et pratiqu\u00e9. \u00ab Chaque membre est un \u00e9vang\u00e9liste, \u00bb a-t-il souvent eu l\u2019occasion de d\u00e9clarer.<\/p>\n<p>En consid\u00e9rant le service de G.T. Ng dans l\u2019\u00e9glise, Ted N. C. Wilson, pr\u00e9sident de la Conf\u00e9rence G\u00e9n\u00e9rale de l\u2019\u00c9glise adventiste du septi\u00e8me jour, a d\u00e9clar\u00e9 : \u00ab Le pasteur Ng a \u00e9t\u00e9 une \u00e9norme b\u00e9n\u00e9diction pour la famille mondiale de l\u2019\u00c9glise de Dieu. L\u2019accent qu\u2019il pla\u00e7ait constamment sur la mission et l\u2019emphase qu\u2019il mettait sur le leadership chr\u00e9tien ont \u00e9t\u00e9 grandement appr\u00e9ci\u00e9s. Son esprit sympathique et positif nous manquera. Ce fut un grand privil\u00e8ge de travailler avec lui ces derni\u00e8res ann\u00e9es, et nous lui souhaitons, \u00e0 lui et \u00e0 son \u00e9pouse Ivy, les plus riches b\u00e9n\u00e9dictions de Dieu dans leur t\u00e9moignage qu\u2019il continuent de donner pour le Seigneur et pour sa venue prochaine. \u00bb<\/p>\n<p>En passant en revue ses d\u00e9cennies de service, G.T. Ng a montr\u00e9 une certaine r\u00e9ticence \u00e0 parler de ses r\u00e9alisations &#8211; \u00ab Les r\u00e9alisations humaines sont dans la poussi\u00e8re; toute la gloire revient au Seigneur, \u00bb, a-t-il dit. G.T. Ng a tout de m\u00eame consid\u00e9r\u00e9 son parcours: \u00ab Quels que soient les plans que le Seigneur m\u2019a inspir\u00e9s, j\u2019ai essay\u00e9 de les mener \u00e0 terme au mieux de mes capacit\u00e9s. \u00bb Et, a-t-il ajout\u00e9, \u00ab mon service \u00e0 l\u2019\u00e9glise est un privil\u00e8ge unique et non un droit. Cela me pousse \u00e0 beaucoup d\u2019humilit\u00e9. \u00bb<\/p>\n<p>Traduction: Patrick Luciathe<\/p>\n","protected":false},"excerpt":{"rendered":"<p>Le missionnaire et administrateur exp\u00e9riment\u00e9 quittera son poste le 1er juin 2021. 2 Avril 2021 | Silver Spring, Maryland, \u00c9tats-Unis | Par : Marcos Paseggi, Adventist Review G. T. Ng.,&#8230;<\/p>\n","protected":false},"author":3,"featured_media":70428,"comment_status":"closed","ping_status":"closed","sticky":false,"template":"","format":"standard","meta":{"_acf_changed":false,"footnotes":""},"categories":[18,19],"tags":[],"class_list":["post-70437","post","type-post","status-publish","format-standard","has-post-thumbnail","hentry","category-nouvelles-de-leglise-mondiale","category-rss-francais"],"acf":[],"yoast_head":"<!-- This site is optimized with the Yoast SEO plugin v27.3 - https:\/\/yoast.com\/product\/yoast-seo-wordpress\/ -->\n<title>Le secr\u00e9taire de l\u2019\u00c9glise adventiste, G. T. Ng, annonce son d\u00e9part \u00e0 la retraite - \u00c9glise Adventiste Du Septieme Jour - Inter Am\u00e9rique Division<\/title>\n<meta name=\"robots\" content=\"index, follow, max-snippet:-1, max-image-preview:large, max-video-preview:-1\" \/>\n<link rel=\"canonical\" href=\"https:\/\/interamerica.org\/fr\/2021\/04\/le-secretaire-de-leglise-adventiste-g-t-ng-annonce-son-depart-a-la-retraite\/\" \/>\n<meta property=\"og:locale\" content=\"fr_FR\" \/>\n<meta property=\"og:type\" content=\"article\" \/>\n<meta property=\"og:title\" content=\"Le secr\u00e9taire de l\u2019\u00c9glise adventiste, G. T. Ng, annonce son d\u00e9part \u00e0 la retraite - \u00c9glise Adventiste Du Septieme Jour - Inter Am\u00e9rique Division\" \/>\n<meta property=\"og:description\" content=\"Le missionnaire et administrateur exp\u00e9riment\u00e9 quittera son poste le 1er juin 2021. 2 Avril 2021 | Silver Spring, Maryland, \u00c9tats-Unis | Par : Marcos Paseggi, Adventist Review G. T. Ng.,...\" \/>\n<meta property=\"og:url\" content=\"https:\/\/interamerica.org\/fr\/2021\/04\/le-secretaire-de-leglise-adventiste-g-t-ng-annonce-son-depart-a-la-retraite\/\" \/>\n<meta property=\"og:site_name\" content=\"\u00c9glise Adventiste Du Septieme Jour - Inter Am\u00e9rique Division\" \/>\n<meta property=\"article:published_time\" content=\"2021-04-04T02:46:56+00:00\" \/>\n<meta property=\"article:modified_time\" content=\"2021-04-04T18:00:48+00:00\" \/>\n<meta property=\"og:image\" content=\"https:\/\/interamerica.org\/wp-content\/uploads\/2021\/04\/adventist-church-secretary-gt-ng-announces-retirement1.jpeg\" \/>\n\t<meta property=\"og:image:width\" content=\"1000\" \/>\n\t<meta property=\"og:image:height\" content=\"500\" \/>\n\t<meta property=\"og:image:type\" content=\"image\/jpeg\" \/>\n<meta name=\"author\" content=\"libna\" \/>\n<meta name=\"twitter:card\" content=\"summary_large_image\" \/>\n<meta name=\"twitter:label1\" content=\"\u00c9crit par\" \/>\n\t<meta name=\"twitter:data1\" content=\"libna\" \/>\n\t<meta name=\"twitter:label2\" content=\"Dur\u00e9e de lecture estim\u00e9e\" \/>\n\t<meta name=\"twitter:data2\" content=\"5 minutes\" \/>\n<script type=\"application\/ld+json\" class=\"yoast-schema-graph\">{\"@context\":\"https:\\\/\\\/schema.org\",\"@graph\":[{\"@type\":\"Article\",\"@id\":\"https:\\\/\\\/interamerica.org\\\/fr\\\/2021\\\/04\\\/le-secretaire-de-leglise-adventiste-g-t-ng-annonce-son-depart-a-la-retraite\\\/#article\",\"isPartOf\":{\"@id\":\"https:\\\/\\\/interamerica.org\\\/fr\\\/2021\\\/04\\\/le-secretaire-de-leglise-adventiste-g-t-ng-annonce-son-depart-a-la-retraite\\\/\"},\"author\":{\"name\":\"libna\",\"@id\":\"https:\\\/\\\/interamerica.org\\\/fr\\\/#\\\/schema\\\/person\\\/29998f2bc2d8bd0d38662909289b54f1\"},\"headline\":\"Le secr\u00e9taire de l\u2019\u00c9glise adventiste, G. T. Ng, annonce son d\u00e9part \u00e0 la retraite\",\"datePublished\":\"2021-04-04T02:46:56+00:00\",\"dateModified\":\"2021-04-04T18:00:48+00:00\",\"mainEntityOfPage\":{\"@id\":\"https:\\\/\\\/interamerica.org\\\/fr\\\/2021\\\/04\\\/le-secretaire-de-leglise-adventiste-g-t-ng-annonce-son-depart-a-la-retraite\\\/\"},\"wordCount\":1091,\"image\":{\"@id\":\"https:\\\/\\\/interamerica.org\\\/fr\\\/2021\\\/04\\\/le-secretaire-de-leglise-adventiste-g-t-ng-annonce-son-depart-a-la-retraite\\\/#primaryimage\"},\"thumbnailUrl\":\"https:\\\/\\\/interamerica.org\\\/wp-content\\\/uploads\\\/2021\\\/04\\\/adventist-church-secretary-gt-ng-announces-retirement1.jpeg\",\"articleSection\":[\"Nouvelles de l'\u00c9glise mondiale\",\"RSS Fran\u00e7ais\"],\"inLanguage\":\"fr-FR\"},{\"@type\":\"WebPage\",\"@id\":\"https:\\\/\\\/interamerica.org\\\/fr\\\/2021\\\/04\\\/le-secretaire-de-leglise-adventiste-g-t-ng-annonce-son-depart-a-la-retraite\\\/\",\"url\":\"https:\\\/\\\/interamerica.org\\\/fr\\\/2021\\\/04\\\/le-secretaire-de-leglise-adventiste-g-t-ng-annonce-son-depart-a-la-retraite\\\/\",\"name\":\"Le secr\u00e9taire de l\u2019\u00c9glise adventiste, G. T. Ng, annonce son d\u00e9part \u00e0 la retraite - \u00c9glise Adventiste Du Septieme Jour - Inter Am\u00e9rique Division\",\"isPartOf\":{\"@id\":\"https:\\\/\\\/interamerica.org\\\/fr\\\/#website\"},\"primaryImageOfPage\":{\"@id\":\"https:\\\/\\\/interamerica.org\\\/fr\\\/2021\\\/04\\\/le-secretaire-de-leglise-adventiste-g-t-ng-annonce-son-depart-a-la-retraite\\\/#primaryimage\"},\"image\":{\"@id\":\"https:\\\/\\\/interamerica.org\\\/fr\\\/2021\\\/04\\\/le-secretaire-de-leglise-adventiste-g-t-ng-annonce-son-depart-a-la-retraite\\\/#primaryimage\"},\"thumbnailUrl\":\"https:\\\/\\\/interamerica.org\\\/wp-content\\\/uploads\\\/2021\\\/04\\\/adventist-church-secretary-gt-ng-announces-retirement1.jpeg\",\"datePublished\":\"2021-04-04T02:46:56+00:00\",\"dateModified\":\"2021-04-04T18:00:48+00:00\",\"author\":{\"@id\":\"https:\\\/\\\/interamerica.org\\\/fr\\\/#\\\/schema\\\/person\\\/29998f2bc2d8bd0d38662909289b54f1\"},\"breadcrumb\":{\"@id\":\"https:\\\/\\\/interamerica.org\\\/fr\\\/2021\\\/04\\\/le-secretaire-de-leglise-adventiste-g-t-ng-annonce-son-depart-a-la-retraite\\\/#breadcrumb\"},\"inLanguage\":\"fr-FR\",\"potentialAction\":[{\"@type\":\"ReadAction\",\"target\":[\"https:\\\/\\\/interamerica.org\\\/fr\\\/2021\\\/04\\\/le-secretaire-de-leglise-adventiste-g-t-ng-annonce-son-depart-a-la-retraite\\\/\"]}]},{\"@type\":\"ImageObject\",\"inLanguage\":\"fr-FR\",\"@id\":\"https:\\\/\\\/interamerica.org\\\/fr\\\/2021\\\/04\\\/le-secretaire-de-leglise-adventiste-g-t-ng-annonce-son-depart-a-la-retraite\\\/#primaryimage\",\"url\":\"https:\\\/\\\/interamerica.org\\\/wp-content\\\/uploads\\\/2021\\\/04\\\/adventist-church-secretary-gt-ng-announces-retirement1.jpeg\",\"contentUrl\":\"https:\\\/\\\/interamerica.org\\\/wp-content\\\/uploads\\\/2021\\\/04\\\/adventist-church-secretary-gt-ng-announces-retirement1.jpeg\",\"width\":1000,\"height\":500},{\"@type\":\"BreadcrumbList\",\"@id\":\"https:\\\/\\\/interamerica.org\\\/fr\\\/2021\\\/04\\\/le-secretaire-de-leglise-adventiste-g-t-ng-annonce-son-depart-a-la-retraite\\\/#breadcrumb\",\"itemListElement\":[{\"@type\":\"ListItem\",\"position\":1,\"name\":\"Home\",\"item\":\"https:\\\/\\\/interamerica.org\\\/fr\\\/\"},{\"@type\":\"ListItem\",\"position\":2,\"name\":\"Le secr\u00e9taire de l\u2019\u00c9glise adventiste, G. T. Ng, annonce son d\u00e9part \u00e0 la retraite\"}]},{\"@type\":\"WebSite\",\"@id\":\"https:\\\/\\\/interamerica.org\\\/fr\\\/#website\",\"url\":\"https:\\\/\\\/interamerica.org\\\/fr\\\/\",\"name\":\"\u00c9glise Adventiste Du Septieme Jour - Inter Am\u00e9rique Division\",\"description\":\"\",\"potentialAction\":[{\"@type\":\"SearchAction\",\"target\":{\"@type\":\"EntryPoint\",\"urlTemplate\":\"https:\\\/\\\/interamerica.org\\\/fr\\\/?s={search_term_string}\"},\"query-input\":{\"@type\":\"PropertyValueSpecification\",\"valueRequired\":true,\"valueName\":\"search_term_string\"}}],\"inLanguage\":\"fr-FR\"},{\"@type\":\"Person\",\"@id\":\"https:\\\/\\\/interamerica.org\\\/fr\\\/#\\\/schema\\\/person\\\/29998f2bc2d8bd0d38662909289b54f1\",\"name\":\"libna\",\"image\":{\"@type\":\"ImageObject\",\"inLanguage\":\"fr-FR\",\"@id\":\"https:\\\/\\\/secure.gravatar.com\\\/avatar\\\/7c5bd30ae4b47a9ba3c856590957fd1d96dc588bf3ac05719d247e126840331f?s=96&d=mm&r=g\",\"url\":\"https:\\\/\\\/secure.gravatar.com\\\/avatar\\\/7c5bd30ae4b47a9ba3c856590957fd1d96dc588bf3ac05719d247e126840331f?s=96&d=mm&r=g\",\"contentUrl\":\"https:\\\/\\\/secure.gravatar.com\\\/avatar\\\/7c5bd30ae4b47a9ba3c856590957fd1d96dc588bf3ac05719d247e126840331f?s=96&d=mm&r=g\",\"caption\":\"libna\"}}]}<\/script>\n<!-- \/ Yoast SEO plugin. -->","yoast_head_json":{"title":"Le secr\u00e9taire de l\u2019\u00c9glise adventiste, G. T. Ng, annonce son d\u00e9part \u00e0 la retraite - \u00c9glise Adventiste Du Septieme Jour - Inter Am\u00e9rique Division","robots":{"index":"index","follow":"follow","max-snippet":"max-snippet:-1","max-image-preview":"max-image-preview:large","max-video-preview":"max-video-preview:-1"},"canonical":"https:\/\/interamerica.org\/fr\/2021\/04\/le-secretaire-de-leglise-adventiste-g-t-ng-annonce-son-depart-a-la-retraite\/","og_locale":"fr_FR","og_type":"article","og_title":"Le secr\u00e9taire de l\u2019\u00c9glise adventiste, G. T. Ng, annonce son d\u00e9part \u00e0 la retraite - \u00c9glise Adventiste Du Septieme Jour - Inter Am\u00e9rique Division","og_description":"Le missionnaire et administrateur exp\u00e9riment\u00e9 quittera son poste le 1er juin 2021. 2 Avril 2021 | Silver Spring, Maryland, \u00c9tats-Unis | Par : Marcos Paseggi, Adventist Review G. T. Ng.,...","og_url":"https:\/\/interamerica.org\/fr\/2021\/04\/le-secretaire-de-leglise-adventiste-g-t-ng-annonce-son-depart-a-la-retraite\/","og_site_name":"\u00c9glise Adventiste Du Septieme Jour - Inter Am\u00e9rique Division","article_published_time":"2021-04-04T02:46:56+00:00","article_modified_time":"2021-04-04T18:00:48+00:00","og_image":[{"width":1000,"height":500,"url":"https:\/\/interamerica.org\/wp-content\/uploads\/2021\/04\/adventist-church-secretary-gt-ng-announces-retirement1.jpeg","type":"image\/jpeg"}],"author":"libna","twitter_card":"summary_large_image","twitter_misc":{"\u00c9crit par":"libna","Dur\u00e9e de lecture estim\u00e9e":"5 minutes"},"schema":{"@context":"https:\/\/schema.org","@graph":[{"@type":"Article","@id":"https:\/\/interamerica.org\/fr\/2021\/04\/le-secretaire-de-leglise-adventiste-g-t-ng-annonce-son-depart-a-la-retraite\/#article","isPartOf":{"@id":"https:\/\/interamerica.org\/fr\/2021\/04\/le-secretaire-de-leglise-adventiste-g-t-ng-annonce-son-depart-a-la-retraite\/"},"author":{"name":"libna","@id":"https:\/\/interamerica.org\/fr\/#\/schema\/person\/29998f2bc2d8bd0d38662909289b54f1"},"headline":"Le secr\u00e9taire de l\u2019\u00c9glise adventiste, G. T. Ng, annonce son d\u00e9part \u00e0 la retraite","datePublished":"2021-04-04T02:46:56+00:00","dateModified":"2021-04-04T18:00:48+00:00","mainEntityOfPage":{"@id":"https:\/\/interamerica.org\/fr\/2021\/04\/le-secretaire-de-leglise-adventiste-g-t-ng-annonce-son-depart-a-la-retraite\/"},"wordCount":1091,"image":{"@id":"https:\/\/interamerica.org\/fr\/2021\/04\/le-secretaire-de-leglise-adventiste-g-t-ng-annonce-son-depart-a-la-retraite\/#primaryimage"},"thumbnailUrl":"https:\/\/interamerica.org\/wp-content\/uploads\/2021\/04\/adventist-church-secretary-gt-ng-announces-retirement1.jpeg","articleSection":["Nouvelles de l'\u00c9glise mondiale","RSS Fran\u00e7ais"],"inLanguage":"fr-FR"},{"@type":"WebPage","@id":"https:\/\/interamerica.org\/fr\/2021\/04\/le-secretaire-de-leglise-adventiste-g-t-ng-annonce-son-depart-a-la-retraite\/","url":"https:\/\/interamerica.org\/fr\/2021\/04\/le-secretaire-de-leglise-adventiste-g-t-ng-annonce-son-depart-a-la-retraite\/","name":"Le secr\u00e9taire de l\u2019\u00c9glise adventiste, G. T. Ng, annonce son d\u00e9part \u00e0 la retraite - \u00c9glise Adventiste Du Septieme Jour - Inter Am\u00e9rique Division","isPartOf":{"@id":"https:\/\/interamerica.org\/fr\/#website"},"primaryImageOfPage":{"@id":"https:\/\/interamerica.org\/fr\/2021\/04\/le-secretaire-de-leglise-adventiste-g-t-ng-annonce-son-depart-a-la-retraite\/#primaryimage"},"image":{"@id":"https:\/\/interamerica.org\/fr\/2021\/04\/le-secretaire-de-leglise-adventiste-g-t-ng-annonce-son-depart-a-la-retraite\/#primaryimage"},"thumbnailUrl":"https:\/\/interamerica.org\/wp-content\/uploads\/2021\/04\/adventist-church-secretary-gt-ng-announces-retirement1.jpeg","datePublished":"2021-04-04T02:46:56+00:00","dateModified":"2021-04-04T18:00:48+00:00","author":{"@id":"https:\/\/interamerica.org\/fr\/#\/schema\/person\/29998f2bc2d8bd0d38662909289b54f1"},"breadcrumb":{"@id":"https:\/\/interamerica.org\/fr\/2021\/04\/le-secretaire-de-leglise-adventiste-g-t-ng-annonce-son-depart-a-la-retraite\/#breadcrumb"},"inLanguage":"fr-FR","potentialAction":[{"@type":"ReadAction","target":["https:\/\/interamerica.org\/fr\/2021\/04\/le-secretaire-de-leglise-adventiste-g-t-ng-annonce-son-depart-a-la-retraite\/"]}]},{"@type":"ImageObject","inLanguage":"fr-FR","@id":"https:\/\/interamerica.org\/fr\/2021\/04\/le-secretaire-de-leglise-adventiste-g-t-ng-annonce-son-depart-a-la-retraite\/#primaryimage","url":"https:\/\/interamerica.org\/wp-content\/uploads\/2021\/04\/adventist-church-secretary-gt-ng-announces-retirement1.jpeg","contentUrl":"https:\/\/interamerica.org\/wp-content\/uploads\/2021\/04\/adventist-church-secretary-gt-ng-announces-retirement1.jpeg","width":1000,"height":500},{"@type":"BreadcrumbList","@id":"https:\/\/interamerica.org\/fr\/2021\/04\/le-secretaire-de-leglise-adventiste-g-t-ng-annonce-son-depart-a-la-retraite\/#breadcrumb","itemListElement":[{"@type":"ListItem","position":1,"name":"Home","item":"https:\/\/interamerica.org\/fr\/"},{"@type":"ListItem","position":2,"name":"Le secr\u00e9taire de l\u2019\u00c9glise adventiste, G. T. Ng, annonce son d\u00e9part \u00e0 la retraite"}]},{"@type":"WebSite","@id":"https:\/\/interamerica.org\/fr\/#website","url":"https:\/\/interamerica.org\/fr\/","name":"\u00c9glise Adventiste Du Septieme Jour - Inter Am\u00e9rique Division","description":"","potentialAction":[{"@type":"SearchAction","target":{"@type":"EntryPoint","urlTemplate":"https:\/\/interamerica.org\/fr\/?s={search_term_string}"},"query-input":{"@type":"PropertyValueSpecification","valueRequired":true,"valueName":"search_term_string"}}],"inLanguage":"fr-FR"},{"@type":"Person","@id":"https:\/\/interamerica.org\/fr\/#\/schema\/person\/29998f2bc2d8bd0d38662909289b54f1","name":"libna","image":{"@type":"ImageObject","inLanguage":"fr-FR","@id":"https:\/\/secure.gravatar.com\/avatar\/7c5bd30ae4b47a9ba3c856590957fd1d96dc588bf3ac05719d247e126840331f?s=96&d=mm&r=g","url":"https:\/\/secure.gravatar.com\/avatar\/7c5bd30ae4b47a9ba3c856590957fd1d96dc588bf3ac05719d247e126840331f?s=96&d=mm&r=g","contentUrl":"https:\/\/secure.gravatar.com\/avatar\/7c5bd30ae4b47a9ba3c856590957fd1d96dc588bf3ac05719d247e126840331f?s=96&d=mm&r=g","caption":"libna"}}]}},"_links":{"self":[{"href":"https:\/\/interamerica.org\/fr\/wp-json\/wp\/v2\/posts\/70437","targetHints":{"allow":["GET"]}}],"collection":[{"href":"https:\/\/interamerica.org\/fr\/wp-json\/wp\/v2\/posts"}],"about":[{"href":"https:\/\/interamerica.org\/fr\/wp-json\/wp\/v2\/types\/post"}],"author":[{"embeddable":true,"href":"https:\/\/interamerica.org\/fr\/wp-json\/wp\/v2\/users\/3"}],"replies":[{"embeddable":true,"href":"https:\/\/interamerica.org\/fr\/wp-json\/wp\/v2\/comments?post=70437"}],"version-history":[{"count":0,"href":"https:\/\/interamerica.org\/fr\/wp-json\/wp\/v2\/posts\/70437\/revisions"}],"wp:featuredmedia":[{"embeddable":true,"href":"https:\/\/interamerica.org\/fr\/wp-json\/wp\/v2\/media\/70428"}],"wp:attachment":[{"href":"https:\/\/interamerica.org\/fr\/wp-json\/wp\/v2\/media?parent=70437"}],"wp:term":[{"taxonomy":"category","embeddable":true,"href":"https:\/\/interamerica.org\/fr\/wp-json\/wp\/v2\/categories?post=70437"},{"taxonomy":"post_tag","embeddable":true,"href":"https:\/\/interamerica.org\/fr\/wp-json\/wp\/v2\/tags?post=70437"}],"curies":[{"name":"wp","href":"https:\/\/api.w.org\/{rel}","templated":true}]}}