{"id":70561,"date":"2021-04-07T19:30:03","date_gmt":"2021-04-07T23:30:03","guid":{"rendered":"https:\/\/recursing-golick.147-182-135-0.plesk.page\/?p=70561"},"modified":"2021-04-07T21:35:17","modified_gmt":"2021-04-08T01:35:17","slug":"adventist-risk-management-nomme-un-president-par-interim-jusqua-ce-quun-remplacant-soit-trouve","status":"publish","type":"post","link":"https:\/\/interamerica.org\/fr\/2021\/04\/adventist-risk-management-nomme-un-president-par-interim-jusqua-ce-quun-remplacant-soit-trouve\/","title":{"rendered":"Adventist Risk Management nomme un pr\u00e9sident par int\u00e9rim jusqu\u2019\u00e0 ce qu\u2019un rempla\u00e7ant soit trouv\u00e9"},"content":{"rendered":"<div id=\"attachment_70552\" style=\"width: 808px\" class=\"wp-caption aligncenter\"><img fetchpriority=\"high\" decoding=\"async\" aria-describedby=\"caption-attachment-70552\" class=\" wp-image-70551\" src=\"https:\/\/recursing-golick.147-182-135-0.plesk.page\/wp-content\/uploads\/2021\/04\/adventist-risk-management-names-interim-president-until-replacement-is-found-1280-1024x640.jpg\" alt=\"\" width=\"798\" height=\"499\" srcset=\"https:\/\/interamerica.org\/wp-content\/uploads\/2021\/04\/adventist-risk-management-names-interim-president-until-replacement-is-found-1280-1024x640.jpg 1024w, https:\/\/interamerica.org\/wp-content\/uploads\/2021\/04\/adventist-risk-management-names-interim-president-until-replacement-is-found-1280-300x188.jpg 300w, https:\/\/interamerica.org\/wp-content\/uploads\/2021\/04\/adventist-risk-management-names-interim-president-until-replacement-is-found-1280-768x480.jpg 768w, https:\/\/interamerica.org\/wp-content\/uploads\/2021\/04\/adventist-risk-management-names-interim-president-until-replacement-is-found-1280.jpg 1280w\" sizes=\"(max-width: 798px) 100vw, 798px\" \/><p id=\"caption-attachment-70552\" class=\"wp-caption-text\">Karnik Doukmetzian a \u00e9t\u00e9 nomm\u00e9 pr\u00e9sident par int\u00e9rim d\u2019Adventist Risk Management et de la Gencon Insurance Company of Vermont (GICV) le 1er avril 2021. Un comit\u00e9 de recherche travaillera \u00e0 trouver un rempla\u00e7ant permanent apr\u00e8s la d\u00e9mission du pr\u00e9sident et directeur g\u00e9n\u00e9ral, Tim Northrop. [Photo : avec l\u2019aimable autorisation de Karnik Doukmetzian]<\/p><\/div>\n<h3 class=\"subtitle\">Le pr\u00e9sident et directeur g\u00e9n\u00e9ral Tim Northrop a pr\u00e9sent\u00e9 sa d\u00e9mission, avec effet imm\u00e9diat.<\/h3>\n<p><span class=\"byline-news\">7 Avril 2021 | Silver Spring, Maryland, \u00c9tats-Unis | Par: Adventist Risk Management<\/span><\/p>\n<p><a href=\"http:\/\/adventistrisk.org\/\" target=\"_blank\" rel=\"noopener\"><span class=\"cap\">A<\/span>dventist Risk Management, Inc.<\/a>\u00a0(ARM) a annonc\u00e9 la nomination de Karnik Doukmetzian au poste de pr\u00e9sident par int\u00e9rim d\u2019ARM et de la Gencon Insurance Company of Vermont (GICV) le 1er avril 2021. La nomination par le Conseil d\u2019Administration est intervenue apr\u00e8s que le pr\u00e9sident directeur g\u00e9n\u00e9ral, Tim Northrop, ait pr\u00e9sent\u00e9 sa d\u00e9mission, avec prise d\u2019effet imm\u00e9diat. L\u2019annonce a \u00e9t\u00e9 faite au personnel d\u2019ARM par Juan Prestol-Pues\u00e1n, pr\u00e9sident du conseil d\u2019administration.<\/p>\n<p>Karnik Doukmetzian a auparavant travaill\u00e9 pour ARM pendant 12 ans, dont trois ans en tant que conseil dans le service des sinistres, et neuf ans en tant que vice-pr\u00e9sident des services de souscription, des r\u00e9clamations et des services juridiques. Tout en servant en tant que pr\u00e9sident par int\u00e9rim, Karnik Doukmetzian continuera \u00e9galement d\u2019assurer son r\u00f4le actuel de conseil g\u00e9n\u00e9ral de la Conf\u00e9rence G\u00e9n\u00e9rale des adventistes du septi\u00e8me jour.<\/p>\n<p>Juan Prestol-Pues\u00e1n a exprim\u00e9 son appr\u00e9ciation pour les nombreuses ann\u00e9es de service de Tim Northrop \u00e0 ARM. Un comit\u00e9 de recherche form\u00e9 pour trouver un rempla\u00e7ant permanent sera pr\u00e9sid\u00e9 par G. Alexander Bryant, pr\u00e9sident de la Division Nord-Am\u00e9ricaine et vice-pr\u00e9sident des conseils d\u2019administration d\u2019ARM et de la GICV.<\/p>\n<p>Adventist Risk Management, Inc. est la soci\u00e9t\u00e9 de gestion des risques et d\u2019assurance de l\u2019\u00c9glise adventiste du septi\u00e8me jour. La soci\u00e9t\u00e9 offre des services de gestion des risques et des produits d\u2019assurance pour aider l\u2019\u00c9glise adventiste \u00e0 \u00e9liminer les erreurs qui peuvent conduire \u00e0 des accidents co\u00fbteux. ARM a son si\u00e8ge social \u00e0 Silver Spring, dans le Maryland, aux \u00c9tats-Unis, et des bureaux satellites \u00e0 St. Albans, en Angleterre, et \u00e0 Brasilia, au Br\u00e9sil.<\/p>\n<p>Traduction: Patrick Luciathe<\/p>\n","protected":false},"excerpt":{"rendered":"<p>Le pr\u00e9sident et directeur g\u00e9n\u00e9ral Tim Northrop a pr\u00e9sent\u00e9 sa d\u00e9mission, avec effet imm\u00e9diat. 7 Avril 2021 | Silver Spring, Maryland, \u00c9tats-Unis | Par: Adventist Risk Management Adventist Risk Management,&#8230;<\/p>\n","protected":false},"author":3,"featured_media":70549,"comment_status":"closed","ping_status":"closed","sticky":false,"template":"","format":"standard","meta":{"_acf_changed":false,"footnotes":""},"categories":[18,19],"tags":[],"class_list":["post-70561","post","type-post","status-publish","format-standard","has-post-thumbnail","hentry","category-nouvelles-de-leglise-mondiale","category-rss-francais"],"acf":[],"yoast_head":"<!-- This site is optimized with the Yoast SEO plugin v27.3 - https:\/\/yoast.com\/product\/yoast-seo-wordpress\/ -->\n<title>Adventist Risk Management nomme un pr\u00e9sident par int\u00e9rim jusqu\u2019\u00e0 ce qu\u2019un rempla\u00e7ant soit trouv\u00e9 - \u00c9glise Adventiste Du Septieme Jour - Inter Am\u00e9rique Division<\/title>\n<meta name=\"robots\" content=\"index, follow, max-snippet:-1, max-image-preview:large, max-video-preview:-1\" \/>\n<link rel=\"canonical\" href=\"https:\/\/interamerica.org\/fr\/2021\/04\/adventist-risk-management-nomme-un-president-par-interim-jusqua-ce-quun-remplacant-soit-trouve\/\" \/>\n<meta property=\"og:locale\" content=\"fr_FR\" \/>\n<meta property=\"og:type\" content=\"article\" \/>\n<meta property=\"og:title\" content=\"Adventist Risk Management nomme un pr\u00e9sident par int\u00e9rim jusqu\u2019\u00e0 ce qu\u2019un rempla\u00e7ant soit trouv\u00e9 - \u00c9glise Adventiste Du Septieme Jour - Inter Am\u00e9rique Division\" \/>\n<meta property=\"og:description\" content=\"Le pr\u00e9sident et directeur g\u00e9n\u00e9ral Tim Northrop a pr\u00e9sent\u00e9 sa d\u00e9mission, avec effet imm\u00e9diat. 7 Avril 2021 | Silver Spring, Maryland, \u00c9tats-Unis | Par: Adventist Risk Management Adventist Risk Management,...\" \/>\n<meta property=\"og:url\" content=\"https:\/\/interamerica.org\/fr\/2021\/04\/adventist-risk-management-nomme-un-president-par-interim-jusqua-ce-quun-remplacant-soit-trouve\/\" \/>\n<meta property=\"og:site_name\" content=\"\u00c9glise Adventiste Du Septieme Jour - Inter Am\u00e9rique Division\" \/>\n<meta property=\"article:published_time\" content=\"2021-04-07T23:30:03+00:00\" \/>\n<meta property=\"article:modified_time\" content=\"2021-04-08T01:35:17+00:00\" \/>\n<meta property=\"og:image\" content=\"https:\/\/interamerica.org\/wp-content\/uploads\/2021\/04\/adventist-risk-management-names-interim-president-until-replacement-is-found1.jpeg\" \/>\n\t<meta property=\"og:image:width\" content=\"1000\" \/>\n\t<meta property=\"og:image:height\" content=\"500\" \/>\n\t<meta property=\"og:image:type\" content=\"image\/jpeg\" \/>\n<meta name=\"author\" content=\"libna\" \/>\n<meta name=\"twitter:card\" content=\"summary_large_image\" \/>\n<meta name=\"twitter:label1\" content=\"\u00c9crit par\" \/>\n\t<meta name=\"twitter:data1\" content=\"libna\" \/>\n\t<meta name=\"twitter:label2\" content=\"Dur\u00e9e de lecture estim\u00e9e\" \/>\n\t<meta name=\"twitter:data2\" content=\"2 minutes\" \/>\n<script type=\"application\/ld+json\" class=\"yoast-schema-graph\">{\"@context\":\"https:\\\/\\\/schema.org\",\"@graph\":[{\"@type\":\"Article\",\"@id\":\"https:\\\/\\\/interamerica.org\\\/fr\\\/2021\\\/04\\\/adventist-risk-management-nomme-un-president-par-interim-jusqua-ce-quun-remplacant-soit-trouve\\\/#article\",\"isPartOf\":{\"@id\":\"https:\\\/\\\/interamerica.org\\\/fr\\\/2021\\\/04\\\/adventist-risk-management-nomme-un-president-par-interim-jusqua-ce-quun-remplacant-soit-trouve\\\/\"},\"author\":{\"name\":\"libna\",\"@id\":\"https:\\\/\\\/interamerica.org\\\/fr\\\/#\\\/schema\\\/person\\\/29998f2bc2d8bd0d38662909289b54f1\"},\"headline\":\"Adventist Risk Management nomme un pr\u00e9sident par int\u00e9rim jusqu\u2019\u00e0 ce qu\u2019un rempla\u00e7ant soit trouv\u00e9\",\"datePublished\":\"2021-04-07T23:30:03+00:00\",\"dateModified\":\"2021-04-08T01:35:17+00:00\",\"mainEntityOfPage\":{\"@id\":\"https:\\\/\\\/interamerica.org\\\/fr\\\/2021\\\/04\\\/adventist-risk-management-nomme-un-president-par-interim-jusqua-ce-quun-remplacant-soit-trouve\\\/\"},\"wordCount\":417,\"image\":{\"@id\":\"https:\\\/\\\/interamerica.org\\\/fr\\\/2021\\\/04\\\/adventist-risk-management-nomme-un-president-par-interim-jusqua-ce-quun-remplacant-soit-trouve\\\/#primaryimage\"},\"thumbnailUrl\":\"https:\\\/\\\/interamerica.org\\\/wp-content\\\/uploads\\\/2021\\\/04\\\/adventist-risk-management-names-interim-president-until-replacement-is-found1.jpeg\",\"articleSection\":[\"Nouvelles de l'\u00c9glise mondiale\",\"RSS Fran\u00e7ais\"],\"inLanguage\":\"fr-FR\"},{\"@type\":\"WebPage\",\"@id\":\"https:\\\/\\\/interamerica.org\\\/fr\\\/2021\\\/04\\\/adventist-risk-management-nomme-un-president-par-interim-jusqua-ce-quun-remplacant-soit-trouve\\\/\",\"url\":\"https:\\\/\\\/interamerica.org\\\/fr\\\/2021\\\/04\\\/adventist-risk-management-nomme-un-president-par-interim-jusqua-ce-quun-remplacant-soit-trouve\\\/\",\"name\":\"Adventist Risk Management nomme un pr\u00e9sident par int\u00e9rim jusqu\u2019\u00e0 ce qu\u2019un rempla\u00e7ant soit trouv\u00e9 - \u00c9glise Adventiste Du Septieme Jour - Inter Am\u00e9rique Division\",\"isPartOf\":{\"@id\":\"https:\\\/\\\/interamerica.org\\\/fr\\\/#website\"},\"primaryImageOfPage\":{\"@id\":\"https:\\\/\\\/interamerica.org\\\/fr\\\/2021\\\/04\\\/adventist-risk-management-nomme-un-president-par-interim-jusqua-ce-quun-remplacant-soit-trouve\\\/#primaryimage\"},\"image\":{\"@id\":\"https:\\\/\\\/interamerica.org\\\/fr\\\/2021\\\/04\\\/adventist-risk-management-nomme-un-president-par-interim-jusqua-ce-quun-remplacant-soit-trouve\\\/#primaryimage\"},\"thumbnailUrl\":\"https:\\\/\\\/interamerica.org\\\/wp-content\\\/uploads\\\/2021\\\/04\\\/adventist-risk-management-names-interim-president-until-replacement-is-found1.jpeg\",\"datePublished\":\"2021-04-07T23:30:03+00:00\",\"dateModified\":\"2021-04-08T01:35:17+00:00\",\"author\":{\"@id\":\"https:\\\/\\\/interamerica.org\\\/fr\\\/#\\\/schema\\\/person\\\/29998f2bc2d8bd0d38662909289b54f1\"},\"breadcrumb\":{\"@id\":\"https:\\\/\\\/interamerica.org\\\/fr\\\/2021\\\/04\\\/adventist-risk-management-nomme-un-president-par-interim-jusqua-ce-quun-remplacant-soit-trouve\\\/#breadcrumb\"},\"inLanguage\":\"fr-FR\",\"potentialAction\":[{\"@type\":\"ReadAction\",\"target\":[\"https:\\\/\\\/interamerica.org\\\/fr\\\/2021\\\/04\\\/adventist-risk-management-nomme-un-president-par-interim-jusqua-ce-quun-remplacant-soit-trouve\\\/\"]}]},{\"@type\":\"ImageObject\",\"inLanguage\":\"fr-FR\",\"@id\":\"https:\\\/\\\/interamerica.org\\\/fr\\\/2021\\\/04\\\/adventist-risk-management-nomme-un-president-par-interim-jusqua-ce-quun-remplacant-soit-trouve\\\/#primaryimage\",\"url\":\"https:\\\/\\\/interamerica.org\\\/wp-content\\\/uploads\\\/2021\\\/04\\\/adventist-risk-management-names-interim-president-until-replacement-is-found1.jpeg\",\"contentUrl\":\"https:\\\/\\\/interamerica.org\\\/wp-content\\\/uploads\\\/2021\\\/04\\\/adventist-risk-management-names-interim-president-until-replacement-is-found1.jpeg\",\"width\":1000,\"height\":500,\"caption\":\"Karnik Doukmetzian a \u00e9t\u00e9 nomm\u00e9 pr\u00e9sident par int\u00e9rim d\u2019Adventist Risk Management et de la Gencon Insurance Company of Vermont (GICV) le 1er avril 2021. Un comit\u00e9 de recherche travaillera \u00e0 trouver un rempla\u00e7ant permanent apr\u00e8s la d\u00e9mission du pr\u00e9sident et directeur g\u00e9n\u00e9ral, Tim Northrop. [Photo : avec l\u2019aimable autorisation de Karnik Doukmetzian]\"},{\"@type\":\"BreadcrumbList\",\"@id\":\"https:\\\/\\\/interamerica.org\\\/fr\\\/2021\\\/04\\\/adventist-risk-management-nomme-un-president-par-interim-jusqua-ce-quun-remplacant-soit-trouve\\\/#breadcrumb\",\"itemListElement\":[{\"@type\":\"ListItem\",\"position\":1,\"name\":\"Home\",\"item\":\"https:\\\/\\\/interamerica.org\\\/fr\\\/\"},{\"@type\":\"ListItem\",\"position\":2,\"name\":\"Adventist Risk Management nomme un pr\u00e9sident par int\u00e9rim jusqu\u2019\u00e0 ce qu\u2019un rempla\u00e7ant soit trouv\u00e9\"}]},{\"@type\":\"WebSite\",\"@id\":\"https:\\\/\\\/interamerica.org\\\/fr\\\/#website\",\"url\":\"https:\\\/\\\/interamerica.org\\\/fr\\\/\",\"name\":\"\u00c9glise Adventiste Du Septieme Jour - Inter Am\u00e9rique Division\",\"description\":\"\",\"potentialAction\":[{\"@type\":\"SearchAction\",\"target\":{\"@type\":\"EntryPoint\",\"urlTemplate\":\"https:\\\/\\\/interamerica.org\\\/fr\\\/?s={search_term_string}\"},\"query-input\":{\"@type\":\"PropertyValueSpecification\",\"valueRequired\":true,\"valueName\":\"search_term_string\"}}],\"inLanguage\":\"fr-FR\"},{\"@type\":\"Person\",\"@id\":\"https:\\\/\\\/interamerica.org\\\/fr\\\/#\\\/schema\\\/person\\\/29998f2bc2d8bd0d38662909289b54f1\",\"name\":\"libna\",\"image\":{\"@type\":\"ImageObject\",\"inLanguage\":\"fr-FR\",\"@id\":\"https:\\\/\\\/secure.gravatar.com\\\/avatar\\\/7c5bd30ae4b47a9ba3c856590957fd1d96dc588bf3ac05719d247e126840331f?s=96&d=mm&r=g\",\"url\":\"https:\\\/\\\/secure.gravatar.com\\\/avatar\\\/7c5bd30ae4b47a9ba3c856590957fd1d96dc588bf3ac05719d247e126840331f?s=96&d=mm&r=g\",\"contentUrl\":\"https:\\\/\\\/secure.gravatar.com\\\/avatar\\\/7c5bd30ae4b47a9ba3c856590957fd1d96dc588bf3ac05719d247e126840331f?s=96&d=mm&r=g\",\"caption\":\"libna\"}}]}<\/script>\n<!-- \/ Yoast SEO plugin. -->","yoast_head_json":{"title":"Adventist Risk Management nomme un pr\u00e9sident par int\u00e9rim jusqu\u2019\u00e0 ce qu\u2019un rempla\u00e7ant soit trouv\u00e9 - \u00c9glise Adventiste Du Septieme Jour - Inter Am\u00e9rique Division","robots":{"index":"index","follow":"follow","max-snippet":"max-snippet:-1","max-image-preview":"max-image-preview:large","max-video-preview":"max-video-preview:-1"},"canonical":"https:\/\/interamerica.org\/fr\/2021\/04\/adventist-risk-management-nomme-un-president-par-interim-jusqua-ce-quun-remplacant-soit-trouve\/","og_locale":"fr_FR","og_type":"article","og_title":"Adventist Risk Management nomme un pr\u00e9sident par int\u00e9rim jusqu\u2019\u00e0 ce qu\u2019un rempla\u00e7ant soit trouv\u00e9 - \u00c9glise Adventiste Du Septieme Jour - Inter Am\u00e9rique Division","og_description":"Le pr\u00e9sident et directeur g\u00e9n\u00e9ral Tim Northrop a pr\u00e9sent\u00e9 sa d\u00e9mission, avec effet imm\u00e9diat. 7 Avril 2021 | Silver Spring, Maryland, \u00c9tats-Unis | Par: Adventist Risk Management Adventist Risk Management,...","og_url":"https:\/\/interamerica.org\/fr\/2021\/04\/adventist-risk-management-nomme-un-president-par-interim-jusqua-ce-quun-remplacant-soit-trouve\/","og_site_name":"\u00c9glise Adventiste Du Septieme Jour - Inter Am\u00e9rique Division","article_published_time":"2021-04-07T23:30:03+00:00","article_modified_time":"2021-04-08T01:35:17+00:00","og_image":[{"width":1000,"height":500,"url":"https:\/\/interamerica.org\/wp-content\/uploads\/2021\/04\/adventist-risk-management-names-interim-president-until-replacement-is-found1.jpeg","type":"image\/jpeg"}],"author":"libna","twitter_card":"summary_large_image","twitter_misc":{"\u00c9crit par":"libna","Dur\u00e9e de lecture estim\u00e9e":"2 minutes"},"schema":{"@context":"https:\/\/schema.org","@graph":[{"@type":"Article","@id":"https:\/\/interamerica.org\/fr\/2021\/04\/adventist-risk-management-nomme-un-president-par-interim-jusqua-ce-quun-remplacant-soit-trouve\/#article","isPartOf":{"@id":"https:\/\/interamerica.org\/fr\/2021\/04\/adventist-risk-management-nomme-un-president-par-interim-jusqua-ce-quun-remplacant-soit-trouve\/"},"author":{"name":"libna","@id":"https:\/\/interamerica.org\/fr\/#\/schema\/person\/29998f2bc2d8bd0d38662909289b54f1"},"headline":"Adventist Risk Management nomme un pr\u00e9sident par int\u00e9rim jusqu\u2019\u00e0 ce qu\u2019un rempla\u00e7ant soit trouv\u00e9","datePublished":"2021-04-07T23:30:03+00:00","dateModified":"2021-04-08T01:35:17+00:00","mainEntityOfPage":{"@id":"https:\/\/interamerica.org\/fr\/2021\/04\/adventist-risk-management-nomme-un-president-par-interim-jusqua-ce-quun-remplacant-soit-trouve\/"},"wordCount":417,"image":{"@id":"https:\/\/interamerica.org\/fr\/2021\/04\/adventist-risk-management-nomme-un-president-par-interim-jusqua-ce-quun-remplacant-soit-trouve\/#primaryimage"},"thumbnailUrl":"https:\/\/interamerica.org\/wp-content\/uploads\/2021\/04\/adventist-risk-management-names-interim-president-until-replacement-is-found1.jpeg","articleSection":["Nouvelles de l'\u00c9glise mondiale","RSS Fran\u00e7ais"],"inLanguage":"fr-FR"},{"@type":"WebPage","@id":"https:\/\/interamerica.org\/fr\/2021\/04\/adventist-risk-management-nomme-un-president-par-interim-jusqua-ce-quun-remplacant-soit-trouve\/","url":"https:\/\/interamerica.org\/fr\/2021\/04\/adventist-risk-management-nomme-un-president-par-interim-jusqua-ce-quun-remplacant-soit-trouve\/","name":"Adventist Risk Management nomme un pr\u00e9sident par int\u00e9rim jusqu\u2019\u00e0 ce qu\u2019un rempla\u00e7ant soit trouv\u00e9 - \u00c9glise Adventiste Du Septieme Jour - Inter Am\u00e9rique Division","isPartOf":{"@id":"https:\/\/interamerica.org\/fr\/#website"},"primaryImageOfPage":{"@id":"https:\/\/interamerica.org\/fr\/2021\/04\/adventist-risk-management-nomme-un-president-par-interim-jusqua-ce-quun-remplacant-soit-trouve\/#primaryimage"},"image":{"@id":"https:\/\/interamerica.org\/fr\/2021\/04\/adventist-risk-management-nomme-un-president-par-interim-jusqua-ce-quun-remplacant-soit-trouve\/#primaryimage"},"thumbnailUrl":"https:\/\/interamerica.org\/wp-content\/uploads\/2021\/04\/adventist-risk-management-names-interim-president-until-replacement-is-found1.jpeg","datePublished":"2021-04-07T23:30:03+00:00","dateModified":"2021-04-08T01:35:17+00:00","author":{"@id":"https:\/\/interamerica.org\/fr\/#\/schema\/person\/29998f2bc2d8bd0d38662909289b54f1"},"breadcrumb":{"@id":"https:\/\/interamerica.org\/fr\/2021\/04\/adventist-risk-management-nomme-un-president-par-interim-jusqua-ce-quun-remplacant-soit-trouve\/#breadcrumb"},"inLanguage":"fr-FR","potentialAction":[{"@type":"ReadAction","target":["https:\/\/interamerica.org\/fr\/2021\/04\/adventist-risk-management-nomme-un-president-par-interim-jusqua-ce-quun-remplacant-soit-trouve\/"]}]},{"@type":"ImageObject","inLanguage":"fr-FR","@id":"https:\/\/interamerica.org\/fr\/2021\/04\/adventist-risk-management-nomme-un-president-par-interim-jusqua-ce-quun-remplacant-soit-trouve\/#primaryimage","url":"https:\/\/interamerica.org\/wp-content\/uploads\/2021\/04\/adventist-risk-management-names-interim-president-until-replacement-is-found1.jpeg","contentUrl":"https:\/\/interamerica.org\/wp-content\/uploads\/2021\/04\/adventist-risk-management-names-interim-president-until-replacement-is-found1.jpeg","width":1000,"height":500,"caption":"Karnik Doukmetzian a \u00e9t\u00e9 nomm\u00e9 pr\u00e9sident par int\u00e9rim d\u2019Adventist Risk Management et de la Gencon Insurance Company of Vermont (GICV) le 1er avril 2021. Un comit\u00e9 de recherche travaillera \u00e0 trouver un rempla\u00e7ant permanent apr\u00e8s la d\u00e9mission du pr\u00e9sident et directeur g\u00e9n\u00e9ral, Tim Northrop. [Photo : avec l\u2019aimable autorisation de Karnik Doukmetzian]"},{"@type":"BreadcrumbList","@id":"https:\/\/interamerica.org\/fr\/2021\/04\/adventist-risk-management-nomme-un-president-par-interim-jusqua-ce-quun-remplacant-soit-trouve\/#breadcrumb","itemListElement":[{"@type":"ListItem","position":1,"name":"Home","item":"https:\/\/interamerica.org\/fr\/"},{"@type":"ListItem","position":2,"name":"Adventist Risk Management nomme un pr\u00e9sident par int\u00e9rim jusqu\u2019\u00e0 ce qu\u2019un rempla\u00e7ant soit trouv\u00e9"}]},{"@type":"WebSite","@id":"https:\/\/interamerica.org\/fr\/#website","url":"https:\/\/interamerica.org\/fr\/","name":"\u00c9glise Adventiste Du Septieme Jour - Inter Am\u00e9rique Division","description":"","potentialAction":[{"@type":"SearchAction","target":{"@type":"EntryPoint","urlTemplate":"https:\/\/interamerica.org\/fr\/?s={search_term_string}"},"query-input":{"@type":"PropertyValueSpecification","valueRequired":true,"valueName":"search_term_string"}}],"inLanguage":"fr-FR"},{"@type":"Person","@id":"https:\/\/interamerica.org\/fr\/#\/schema\/person\/29998f2bc2d8bd0d38662909289b54f1","name":"libna","image":{"@type":"ImageObject","inLanguage":"fr-FR","@id":"https:\/\/secure.gravatar.com\/avatar\/7c5bd30ae4b47a9ba3c856590957fd1d96dc588bf3ac05719d247e126840331f?s=96&d=mm&r=g","url":"https:\/\/secure.gravatar.com\/avatar\/7c5bd30ae4b47a9ba3c856590957fd1d96dc588bf3ac05719d247e126840331f?s=96&d=mm&r=g","contentUrl":"https:\/\/secure.gravatar.com\/avatar\/7c5bd30ae4b47a9ba3c856590957fd1d96dc588bf3ac05719d247e126840331f?s=96&d=mm&r=g","caption":"libna"}}]}},"_links":{"self":[{"href":"https:\/\/interamerica.org\/fr\/wp-json\/wp\/v2\/posts\/70561","targetHints":{"allow":["GET"]}}],"collection":[{"href":"https:\/\/interamerica.org\/fr\/wp-json\/wp\/v2\/posts"}],"about":[{"href":"https:\/\/interamerica.org\/fr\/wp-json\/wp\/v2\/types\/post"}],"author":[{"embeddable":true,"href":"https:\/\/interamerica.org\/fr\/wp-json\/wp\/v2\/users\/3"}],"replies":[{"embeddable":true,"href":"https:\/\/interamerica.org\/fr\/wp-json\/wp\/v2\/comments?post=70561"}],"version-history":[{"count":0,"href":"https:\/\/interamerica.org\/fr\/wp-json\/wp\/v2\/posts\/70561\/revisions"}],"wp:featuredmedia":[{"embeddable":true,"href":"https:\/\/interamerica.org\/fr\/wp-json\/wp\/v2\/media\/70549"}],"wp:attachment":[{"href":"https:\/\/interamerica.org\/fr\/wp-json\/wp\/v2\/media?parent=70561"}],"wp:term":[{"taxonomy":"category","embeddable":true,"href":"https:\/\/interamerica.org\/fr\/wp-json\/wp\/v2\/categories?post=70561"},{"taxonomy":"post_tag","embeddable":true,"href":"https:\/\/interamerica.org\/fr\/wp-json\/wp\/v2\/tags?post=70561"}],"curies":[{"name":"wp","href":"https:\/\/api.w.org\/{rel}","templated":true}]}}