{"id":70576,"date":"2021-04-08T23:08:14","date_gmt":"2021-04-09T03:08:14","guid":{"rendered":"https:\/\/recursing-golick.147-182-135-0.plesk.page\/?p=70576"},"modified":"2021-04-09T20:12:34","modified_gmt":"2021-04-10T00:12:34","slug":"hope-channel","status":"publish","type":"post","link":"https:\/\/interamerica.org\/fr\/2021\/04\/hope-channel\/","title":{"rendered":"Hope Channel"},"content":{"rendered":"<p>8 avril 2021 | Silver Spring, Maryland, \u00c9tats-Unis | Ted N.C. Wilson<\/p>\n<p><span style=\"font-weight: 400;\">Bonjour, mes amis ! Dans le livre des H\u00e9breux, au chapitre 13, nous lisons une belle description de la fa\u00e7on dont J\u00e9sus, notre Sauveur, a souffert et est mort pour nous, un sacrifice sans p\u00e9ch\u00e9 pour que nous puissions vivre. Et puis, aux versets 15 et 16, nous lisons ce qui suit :<\/span><\/p>\n<p><span style=\"font-weight: 400;\">\u00ab Par Christ, offrons [donc] sans cesse \u00e0 Dieu un sacrifice de louange, c\u2019est-\u00e0-dire le fruit de l\u00e8vres qui reconnaissent publiquement lui appartenir. Et n\u2019oubliez pas de faire le bien et de vous entraider, car c\u2019est \u00e0 de tels sacrifices que Dieu prend plaisir \u00bb.<\/span><span style=\"font-weight: 400;\">\u00a0<\/span><\/p>\n<p><span style=\"font-weight: 400;\">Vous voyez, ces versets nous rappellent l\u2019importance de la communication : louer Dieu, lui rendre gr\u00e2ce, et parler au monde de son merveilleux plan pour nous donner une vie abondante ici sur terre et la vie \u00e9ternelle \u00e0 son retour.<\/span><\/p>\n<p><span style=\"font-weight: 400;\">Et en tant que mouvement, les adventistes ont trouv\u00e9 des moyens de communiquer ce message avant m\u00eame d\u2019\u00eatre officiellement organis\u00e9s en tant qu\u2019\u00e9glise. \u00c0 partir de 1849, avec \u00ab un petit journal \u00bb appel\u00e9 <\/span><i><span style=\"font-weight: 400;\">The Present Truth<\/span><\/i><span style=\"font-weight: 400;\">, le message biblique de v\u00e9rit\u00e9 et d\u2019espoir a \u00e9t\u00e9 diffus\u00e9 aupr\u00e8s de lecteurs enthousiastes.<\/span><\/p>\n<p><span style=\"font-weight: 400;\">La publication s\u2019est d\u00e9velopp\u00e9e et s\u2019est progressivement \u00e9tendue. Apr\u00e8s dix num\u00e9ros, elle est devenue <\/span><i><span style=\"font-weight: 400;\">The Adventist Review<\/span><\/i><span style=\"font-weight: 400;\">, suivie de <\/span><i><span style=\"font-weight: 400;\">Second Advent Review<\/span><\/i><span style=\"font-weight: 400;\"> et de <\/span><i><span style=\"font-weight: 400;\">Sabbath Herald<\/span><\/i><span style=\"font-weight: 400;\">. En 1978, cette publication a repris le nom de <\/span><i><span style=\"font-weight: 400;\">Adventist Review<\/span><\/i><span style=\"font-weight: 400;\"> et est toujours publi\u00e9e aujourd\u2019hui sous forme de magazine mensuel.<\/span><\/p>\n<p><span style=\"font-weight: 400;\">Avec les progr\u00e8s technologiques, de nouveaux moyens de communication de masse ont permis d\u2019atteindre un plus grand nombre de personnes.<\/span><\/p>\n<p><span style=\"font-weight: 400;\">\u00c0 l\u2019automne 1929, \u00e0 Terre-Neuve-et-Labrador, au Canada, le pasteur Harold Nathan Williams de Battle Creek, dans le Michigan, a fond\u00e9 VOAR : Voix de la Radio Adventiste. Elle a d\u00e9but\u00e9 sous le nom de 8BSL &#8211; <\/span><i><span style=\"font-weight: 400;\">The Bible Study League<\/span><\/i><span style=\"font-weight: 400;\">, diffusant des bulletins m\u00e9t\u00e9orologiques aux marins, des sermons et de la musique. Aujourd\u2019hui, il s\u2019agit du plus grand r\u00e9seau de radio chr\u00e9tienne au Canada, ainsi que de la seule station de radio adventiste en direct dans tout le pays.<\/span><\/p>\n<p><span style=\"font-weight: 400;\">L\u2019\u00e9mission de radio, <\/span><i><span style=\"font-weight: 400;\">Voice of Prophecy<\/span><\/i><span style=\"font-weight: 400;\">, a \u00e9galement \u00e9t\u00e9 fond\u00e9e en 1929, \u00e0 Los Angeles, en Californie, par H.M.S. Richards Senior. Commen\u00e7ant par une seule station de radio, le programme s\u2019est rapidement r\u00e9pandu dans tous les \u00c9tats-Unis et au-del\u00e0.\u00a0<\/span><\/p>\n<p><i><span style=\"font-weight: 400;\">Faith for Today<\/span><\/i><span style=\"font-weight: 400;\">, le premier programme t\u00e9l\u00e9vis\u00e9 adventiste, a \u00e9t\u00e9 inaugur\u00e9 par William et Virginia Fagal en mai 1950. En d\u00e9cembre de la m\u00eame ann\u00e9e, il s\u2019\u00e9tait rapidement r\u00e9pandu pour devenir le premier programme national de t\u00e9l\u00e9vision religieuse en Am\u00e9rique du Nord.<\/span><\/p>\n<p><span style=\"font-weight: 400;\">En 1956, <\/span><i><span style=\"font-weight: 400;\">It Is Written<\/span><\/i><span style=\"font-weight: 400;\">, fond\u00e9 par George Vandeman, est devenu le premier programme religieux \u00e0 \u00eatre diffus\u00e9 en couleur et a \u00e9t\u00e9 le premier \u00e0 tirer parti de la technologie satellite.\u00a0<\/span><\/p>\n<p><span style=\"font-weight: 400;\">Et, bien s\u00fbr, depuis cette \u00e9poque, de nombreux autres merveilleux minist\u00e8res adventistes des m\u00e9dias ont vu le jour, proclamant la v\u00e9rit\u00e9 dans ces g\u00e9n\u00e9rations.<\/span><\/p>\n<p><i><span style=\"font-weight: 400;\">Hope Channel International<\/span><\/i><span style=\"font-weight: 400;\">, le r\u00e9seau de t\u00e9l\u00e9vision officiel de l\u2019\u00e9glise, a commenc\u00e9 \u00e0 fonctionner en 2003. Le r\u00e9seau compte actuellement 59 cha\u00eenes Hope Channel dans le monde, Dieu soit lou\u00e9 pour cela. Elles diffusent sur de multiples plateformes, les programmes de Hope Channel peuvent \u00eatre visionn\u00e9s sur tous les continents habit\u00e9s de la plan\u00e8te.<\/span><\/p>\n<p><span style=\"font-weight: 400;\">Le samedi 10 avril prochain est une journ\u00e9e sp\u00e9ciale pour Hope Channel. Nous nous souvenons de l\u2019importance de la communication et offrons notre soutien \u00e0 ce minist\u00e8re important de l\u2019\u00c9glise de Dieu.<\/span><\/p>\n<p><span style=\"font-weight: 400;\">\u00c9coutons maintenant un bref message du pasteur Derek Morris, pr\u00e9sident de <\/span><i><span style=\"font-weight: 400;\">Hope Channel International<\/span><\/i><span style=\"font-weight: 400;\">.<\/span><\/p>\n<p><iframe title=\"Hope Channel Day 2021 Promo (ENG) \/ Pastor Derek Morris\" src=\"https:\/\/player.vimeo.com\/video\/534587710?dnt=1&amp;app_id=122963\" width=\"500\" height=\"281\" frameborder=\"0\" allow=\"autoplay; fullscreen; picture-in-picture; clipboard-write\"><\/iframe><\/p>\n<p><span style=\"font-weight: 400;\">Chaque ann\u00e9e, le deuxi\u00e8me sabbat d\u2019avril a \u00e9t\u00e9 d\u00e9sign\u00e9 comme le sabbat promotionnel de Hope Channel. Cette ann\u00e9e, cela tombe le 10 avril 2021. La mission de Hope Channel est d\u2019offrir les bonnes nouvelles de Dieu pour une vie meilleure aujourd\u2019hui et pour l\u2019\u00e9ternit\u00e9 \u00e0 travers la compr\u00e9hension totale de la Bible par l\u2019\u00c9glise Adventiste du Septi\u00e8me Jour, y compris le message des trois anges et les proph\u00e9ties de la fin des temps. Nous voulons que vous compreniez la Bible afin que vous puissiez trouver la libert\u00e9, la gu\u00e9rison et l\u2019espoir en J\u00e9sus. Chaque jour, les t\u00e9l\u00e9spectateurs partagent l\u2019impact de la cha\u00eene Hope Channel sur leur vie. Alors qu\u2019elle regardait Hope Channel \u00e0 la maison, Catherine a d\u00e9clar\u00e9 : \u00ab C\u2019est tellement merveilleux et opportun&#8230; Cela a renforc\u00e9 ma foi&#8230; [J\u00e9sus] est fid\u00e8le et conna\u00eet tous les d\u00e9sirs de nos c\u0153urs et il m\u2019a donn\u00e9 ce dont j\u2019avais besoin aujourd\u2019hui \u00bb. Dieu utilise Hope Channel pour avoir un impact sur des milliers de vies en Am\u00e9rique du Nord et dans le monde entier et pour entrer en contact avec des personnes comme Catherine chaque jour. Je vous invite \u00e0 dire \u00e0 votre famille, \u00e0 vos amis et \u00e0 vos voisins de regarder Hope Channel, votre soutien est tr\u00e8s appr\u00e9ci\u00e9. Que Dieu vous b\u00e9nisse, vous et vos familles.<\/span><\/p>\n<p><span style=\"font-weight: 400;\">Merci, mes amis, de vous souvenir de cet important minist\u00e8re m\u00e9diatique de l\u2019\u00c9glise Adventiste du Septi\u00e8me Jour, et travaillons ensemble pour atteindre autant de personnes que possible avec le merveilleux message d\u2019espoir de Dieu !<\/span><\/p>\n<h3><b>Prayer:<\/b><\/h3>\n<p><span style=\"font-weight: 400;\">Prions ensemble. P\u00e8re, merci d\u2019avoir cr\u00e9\u00e9 des moyens si \u00e9tonnants pour communiquer avec les gens, merci que nous puissions utiliser des outils \u00e9lectroniques pour toucher la vie de personnes \u00e0 l\u2019autre bout du monde ou \u00e0 c\u00f4t\u00e9 de chez nous. Seigneur, b\u00e9nis de mani\u00e8re sp\u00e9ciale <\/span><i><span style=\"font-weight: 400;\">Hope Channel International<\/span><\/i><span style=\"font-weight: 400;\"> et toutes ses affili\u00e9s, ces pr\u00e9cieux 59 canaux et formats diff\u00e9rents. Seigneur, nous ne faisons que louer ton nom pour tout ce qui est fait pour toucher la vie des gens, les pr\u00e9parer au retour imminent de J\u00e9sus, partager avec eux les messages des trois anges et les aider \u00e0 savoir que Dieu les aime immens\u00e9ment et veut les ramener \u00e0 la maison. Alors Seigneur, b\u00e9nis Hope Channel et toute autre plateforme m\u00e9diatique qui proclame tes pr\u00e9cieuses v\u00e9rit\u00e9s bibliques pour ces derniers jours de l\u2019histoire du monde. Nous demandons tout cela au nom pr\u00e9cieux de J\u00e9sus notre sauveur,<\/span><\/p>\n<p><iframe title=\"Hope Channel \/ Pasteur Ted Wilson\" src=\"https:\/\/player.vimeo.com\/video\/535069164?dnt=1&amp;app_id=122963\" width=\"500\" height=\"281\" frameborder=\"0\" allow=\"autoplay; fullscreen; picture-in-picture; clipboard-write\"><\/iframe><\/p>\n","protected":false},"excerpt":{"rendered":"<p>8 avril 2021 | Silver Spring, Maryland, \u00c9tats-Unis | Ted N.C. Wilson Bonjour, mes amis ! Dans le livre des H\u00e9breux, au chapitre 13, nous lisons une belle description de&#8230;<\/p>\n","protected":false},"author":3,"featured_media":70611,"comment_status":"closed","ping_status":"closed","sticky":false,"template":"","format":"standard","meta":{"_acf_changed":false,"footnotes":""},"categories":[18,19],"tags":[],"class_list":["post-70576","post","type-post","status-publish","format-standard","has-post-thumbnail","hentry","category-nouvelles-de-leglise-mondiale","category-rss-francais"],"acf":[],"yoast_head":"<!-- This site is optimized with the Yoast SEO plugin v27.3 - https:\/\/yoast.com\/product\/yoast-seo-wordpress\/ -->\n<title>Hope Channel - \u00c9glise Adventiste Du Septieme Jour - Inter Am\u00e9rique Division<\/title>\n<meta name=\"robots\" content=\"index, follow, max-snippet:-1, max-image-preview:large, max-video-preview:-1\" \/>\n<link rel=\"canonical\" href=\"https:\/\/interamerica.org\/fr\/2021\/04\/hope-channel\/\" \/>\n<meta property=\"og:locale\" content=\"fr_FR\" \/>\n<meta property=\"og:type\" content=\"article\" \/>\n<meta property=\"og:title\" content=\"Hope Channel - \u00c9glise Adventiste Du Septieme Jour - Inter Am\u00e9rique Division\" \/>\n<meta property=\"og:description\" content=\"8 avril 2021 | Silver Spring, Maryland, \u00c9tats-Unis | Ted N.C. Wilson Bonjour, mes amis ! Dans le livre des H\u00e9breux, au chapitre 13, nous lisons une belle description de...\" \/>\n<meta property=\"og:url\" content=\"https:\/\/interamerica.org\/fr\/2021\/04\/hope-channel\/\" \/>\n<meta property=\"og:site_name\" content=\"\u00c9glise Adventiste Du Septieme Jour - Inter Am\u00e9rique Division\" \/>\n<meta property=\"article:published_time\" content=\"2021-04-09T03:08:14+00:00\" \/>\n<meta property=\"article:modified_time\" content=\"2021-04-10T00:12:34+00:00\" \/>\n<meta property=\"og:image\" content=\"https:\/\/interamerica.org\/wp-content\/uploads\/2021\/04\/wilson-apr08.jpg\" \/>\n\t<meta property=\"og:image:width\" content=\"1000\" \/>\n\t<meta property=\"og:image:height\" content=\"563\" \/>\n\t<meta property=\"og:image:type\" content=\"image\/jpeg\" \/>\n<meta name=\"author\" content=\"libna\" \/>\n<meta name=\"twitter:card\" content=\"summary_large_image\" \/>\n<meta name=\"twitter:label1\" content=\"\u00c9crit par\" \/>\n\t<meta name=\"twitter:data1\" content=\"libna\" \/>\n\t<meta name=\"twitter:label2\" content=\"Dur\u00e9e de lecture estim\u00e9e\" \/>\n\t<meta name=\"twitter:data2\" content=\"5 minutes\" \/>\n<script type=\"application\/ld+json\" class=\"yoast-schema-graph\">{\"@context\":\"https:\\\/\\\/schema.org\",\"@graph\":[{\"@type\":\"Article\",\"@id\":\"https:\\\/\\\/interamerica.org\\\/fr\\\/2021\\\/04\\\/hope-channel\\\/#article\",\"isPartOf\":{\"@id\":\"https:\\\/\\\/interamerica.org\\\/fr\\\/2021\\\/04\\\/hope-channel\\\/\"},\"author\":{\"name\":\"libna\",\"@id\":\"https:\\\/\\\/interamerica.org\\\/fr\\\/#\\\/schema\\\/person\\\/29998f2bc2d8bd0d38662909289b54f1\"},\"headline\":\"Hope Channel\",\"datePublished\":\"2021-04-09T03:08:14+00:00\",\"dateModified\":\"2021-04-10T00:12:34+00:00\",\"mainEntityOfPage\":{\"@id\":\"https:\\\/\\\/interamerica.org\\\/fr\\\/2021\\\/04\\\/hope-channel\\\/\"},\"wordCount\":1078,\"image\":{\"@id\":\"https:\\\/\\\/interamerica.org\\\/fr\\\/2021\\\/04\\\/hope-channel\\\/#primaryimage\"},\"thumbnailUrl\":\"https:\\\/\\\/interamerica.org\\\/wp-content\\\/uploads\\\/2021\\\/04\\\/wilson-apr08.jpg\",\"articleSection\":[\"Nouvelles de l'\u00c9glise mondiale\",\"RSS Fran\u00e7ais\"],\"inLanguage\":\"fr-FR\"},{\"@type\":\"WebPage\",\"@id\":\"https:\\\/\\\/interamerica.org\\\/fr\\\/2021\\\/04\\\/hope-channel\\\/\",\"url\":\"https:\\\/\\\/interamerica.org\\\/fr\\\/2021\\\/04\\\/hope-channel\\\/\",\"name\":\"Hope Channel - \u00c9glise Adventiste Du Septieme Jour - Inter Am\u00e9rique Division\",\"isPartOf\":{\"@id\":\"https:\\\/\\\/interamerica.org\\\/fr\\\/#website\"},\"primaryImageOfPage\":{\"@id\":\"https:\\\/\\\/interamerica.org\\\/fr\\\/2021\\\/04\\\/hope-channel\\\/#primaryimage\"},\"image\":{\"@id\":\"https:\\\/\\\/interamerica.org\\\/fr\\\/2021\\\/04\\\/hope-channel\\\/#primaryimage\"},\"thumbnailUrl\":\"https:\\\/\\\/interamerica.org\\\/wp-content\\\/uploads\\\/2021\\\/04\\\/wilson-apr08.jpg\",\"datePublished\":\"2021-04-09T03:08:14+00:00\",\"dateModified\":\"2021-04-10T00:12:34+00:00\",\"author\":{\"@id\":\"https:\\\/\\\/interamerica.org\\\/fr\\\/#\\\/schema\\\/person\\\/29998f2bc2d8bd0d38662909289b54f1\"},\"breadcrumb\":{\"@id\":\"https:\\\/\\\/interamerica.org\\\/fr\\\/2021\\\/04\\\/hope-channel\\\/#breadcrumb\"},\"inLanguage\":\"fr-FR\",\"potentialAction\":[{\"@type\":\"ReadAction\",\"target\":[\"https:\\\/\\\/interamerica.org\\\/fr\\\/2021\\\/04\\\/hope-channel\\\/\"]}]},{\"@type\":\"ImageObject\",\"inLanguage\":\"fr-FR\",\"@id\":\"https:\\\/\\\/interamerica.org\\\/fr\\\/2021\\\/04\\\/hope-channel\\\/#primaryimage\",\"url\":\"https:\\\/\\\/interamerica.org\\\/wp-content\\\/uploads\\\/2021\\\/04\\\/wilson-apr08.jpg\",\"contentUrl\":\"https:\\\/\\\/interamerica.org\\\/wp-content\\\/uploads\\\/2021\\\/04\\\/wilson-apr08.jpg\",\"width\":1000,\"height\":563},{\"@type\":\"BreadcrumbList\",\"@id\":\"https:\\\/\\\/interamerica.org\\\/fr\\\/2021\\\/04\\\/hope-channel\\\/#breadcrumb\",\"itemListElement\":[{\"@type\":\"ListItem\",\"position\":1,\"name\":\"Home\",\"item\":\"https:\\\/\\\/interamerica.org\\\/fr\\\/\"},{\"@type\":\"ListItem\",\"position\":2,\"name\":\"Hope Channel\"}]},{\"@type\":\"WebSite\",\"@id\":\"https:\\\/\\\/interamerica.org\\\/fr\\\/#website\",\"url\":\"https:\\\/\\\/interamerica.org\\\/fr\\\/\",\"name\":\"\u00c9glise Adventiste Du Septieme Jour - Inter Am\u00e9rique Division\",\"description\":\"\",\"potentialAction\":[{\"@type\":\"SearchAction\",\"target\":{\"@type\":\"EntryPoint\",\"urlTemplate\":\"https:\\\/\\\/interamerica.org\\\/fr\\\/?s={search_term_string}\"},\"query-input\":{\"@type\":\"PropertyValueSpecification\",\"valueRequired\":true,\"valueName\":\"search_term_string\"}}],\"inLanguage\":\"fr-FR\"},{\"@type\":\"Person\",\"@id\":\"https:\\\/\\\/interamerica.org\\\/fr\\\/#\\\/schema\\\/person\\\/29998f2bc2d8bd0d38662909289b54f1\",\"name\":\"libna\",\"image\":{\"@type\":\"ImageObject\",\"inLanguage\":\"fr-FR\",\"@id\":\"https:\\\/\\\/secure.gravatar.com\\\/avatar\\\/7c5bd30ae4b47a9ba3c856590957fd1d96dc588bf3ac05719d247e126840331f?s=96&d=mm&r=g\",\"url\":\"https:\\\/\\\/secure.gravatar.com\\\/avatar\\\/7c5bd30ae4b47a9ba3c856590957fd1d96dc588bf3ac05719d247e126840331f?s=96&d=mm&r=g\",\"contentUrl\":\"https:\\\/\\\/secure.gravatar.com\\\/avatar\\\/7c5bd30ae4b47a9ba3c856590957fd1d96dc588bf3ac05719d247e126840331f?s=96&d=mm&r=g\",\"caption\":\"libna\"}}]}<\/script>\n<!-- \/ Yoast SEO plugin. -->","yoast_head_json":{"title":"Hope Channel - \u00c9glise Adventiste Du Septieme Jour - Inter Am\u00e9rique Division","robots":{"index":"index","follow":"follow","max-snippet":"max-snippet:-1","max-image-preview":"max-image-preview:large","max-video-preview":"max-video-preview:-1"},"canonical":"https:\/\/interamerica.org\/fr\/2021\/04\/hope-channel\/","og_locale":"fr_FR","og_type":"article","og_title":"Hope Channel - \u00c9glise Adventiste Du Septieme Jour - Inter Am\u00e9rique Division","og_description":"8 avril 2021 | Silver Spring, Maryland, \u00c9tats-Unis | Ted N.C. Wilson Bonjour, mes amis ! Dans le livre des H\u00e9breux, au chapitre 13, nous lisons une belle description de...","og_url":"https:\/\/interamerica.org\/fr\/2021\/04\/hope-channel\/","og_site_name":"\u00c9glise Adventiste Du Septieme Jour - Inter Am\u00e9rique Division","article_published_time":"2021-04-09T03:08:14+00:00","article_modified_time":"2021-04-10T00:12:34+00:00","og_image":[{"width":1000,"height":563,"url":"https:\/\/interamerica.org\/wp-content\/uploads\/2021\/04\/wilson-apr08.jpg","type":"image\/jpeg"}],"author":"libna","twitter_card":"summary_large_image","twitter_misc":{"\u00c9crit par":"libna","Dur\u00e9e de lecture estim\u00e9e":"5 minutes"},"schema":{"@context":"https:\/\/schema.org","@graph":[{"@type":"Article","@id":"https:\/\/interamerica.org\/fr\/2021\/04\/hope-channel\/#article","isPartOf":{"@id":"https:\/\/interamerica.org\/fr\/2021\/04\/hope-channel\/"},"author":{"name":"libna","@id":"https:\/\/interamerica.org\/fr\/#\/schema\/person\/29998f2bc2d8bd0d38662909289b54f1"},"headline":"Hope Channel","datePublished":"2021-04-09T03:08:14+00:00","dateModified":"2021-04-10T00:12:34+00:00","mainEntityOfPage":{"@id":"https:\/\/interamerica.org\/fr\/2021\/04\/hope-channel\/"},"wordCount":1078,"image":{"@id":"https:\/\/interamerica.org\/fr\/2021\/04\/hope-channel\/#primaryimage"},"thumbnailUrl":"https:\/\/interamerica.org\/wp-content\/uploads\/2021\/04\/wilson-apr08.jpg","articleSection":["Nouvelles de l'\u00c9glise mondiale","RSS Fran\u00e7ais"],"inLanguage":"fr-FR"},{"@type":"WebPage","@id":"https:\/\/interamerica.org\/fr\/2021\/04\/hope-channel\/","url":"https:\/\/interamerica.org\/fr\/2021\/04\/hope-channel\/","name":"Hope Channel - \u00c9glise Adventiste Du Septieme Jour - Inter Am\u00e9rique Division","isPartOf":{"@id":"https:\/\/interamerica.org\/fr\/#website"},"primaryImageOfPage":{"@id":"https:\/\/interamerica.org\/fr\/2021\/04\/hope-channel\/#primaryimage"},"image":{"@id":"https:\/\/interamerica.org\/fr\/2021\/04\/hope-channel\/#primaryimage"},"thumbnailUrl":"https:\/\/interamerica.org\/wp-content\/uploads\/2021\/04\/wilson-apr08.jpg","datePublished":"2021-04-09T03:08:14+00:00","dateModified":"2021-04-10T00:12:34+00:00","author":{"@id":"https:\/\/interamerica.org\/fr\/#\/schema\/person\/29998f2bc2d8bd0d38662909289b54f1"},"breadcrumb":{"@id":"https:\/\/interamerica.org\/fr\/2021\/04\/hope-channel\/#breadcrumb"},"inLanguage":"fr-FR","potentialAction":[{"@type":"ReadAction","target":["https:\/\/interamerica.org\/fr\/2021\/04\/hope-channel\/"]}]},{"@type":"ImageObject","inLanguage":"fr-FR","@id":"https:\/\/interamerica.org\/fr\/2021\/04\/hope-channel\/#primaryimage","url":"https:\/\/interamerica.org\/wp-content\/uploads\/2021\/04\/wilson-apr08.jpg","contentUrl":"https:\/\/interamerica.org\/wp-content\/uploads\/2021\/04\/wilson-apr08.jpg","width":1000,"height":563},{"@type":"BreadcrumbList","@id":"https:\/\/interamerica.org\/fr\/2021\/04\/hope-channel\/#breadcrumb","itemListElement":[{"@type":"ListItem","position":1,"name":"Home","item":"https:\/\/interamerica.org\/fr\/"},{"@type":"ListItem","position":2,"name":"Hope Channel"}]},{"@type":"WebSite","@id":"https:\/\/interamerica.org\/fr\/#website","url":"https:\/\/interamerica.org\/fr\/","name":"\u00c9glise Adventiste Du Septieme Jour - Inter Am\u00e9rique Division","description":"","potentialAction":[{"@type":"SearchAction","target":{"@type":"EntryPoint","urlTemplate":"https:\/\/interamerica.org\/fr\/?s={search_term_string}"},"query-input":{"@type":"PropertyValueSpecification","valueRequired":true,"valueName":"search_term_string"}}],"inLanguage":"fr-FR"},{"@type":"Person","@id":"https:\/\/interamerica.org\/fr\/#\/schema\/person\/29998f2bc2d8bd0d38662909289b54f1","name":"libna","image":{"@type":"ImageObject","inLanguage":"fr-FR","@id":"https:\/\/secure.gravatar.com\/avatar\/7c5bd30ae4b47a9ba3c856590957fd1d96dc588bf3ac05719d247e126840331f?s=96&d=mm&r=g","url":"https:\/\/secure.gravatar.com\/avatar\/7c5bd30ae4b47a9ba3c856590957fd1d96dc588bf3ac05719d247e126840331f?s=96&d=mm&r=g","contentUrl":"https:\/\/secure.gravatar.com\/avatar\/7c5bd30ae4b47a9ba3c856590957fd1d96dc588bf3ac05719d247e126840331f?s=96&d=mm&r=g","caption":"libna"}}]}},"_links":{"self":[{"href":"https:\/\/interamerica.org\/fr\/wp-json\/wp\/v2\/posts\/70576","targetHints":{"allow":["GET"]}}],"collection":[{"href":"https:\/\/interamerica.org\/fr\/wp-json\/wp\/v2\/posts"}],"about":[{"href":"https:\/\/interamerica.org\/fr\/wp-json\/wp\/v2\/types\/post"}],"author":[{"embeddable":true,"href":"https:\/\/interamerica.org\/fr\/wp-json\/wp\/v2\/users\/3"}],"replies":[{"embeddable":true,"href":"https:\/\/interamerica.org\/fr\/wp-json\/wp\/v2\/comments?post=70576"}],"version-history":[{"count":0,"href":"https:\/\/interamerica.org\/fr\/wp-json\/wp\/v2\/posts\/70576\/revisions"}],"wp:featuredmedia":[{"embeddable":true,"href":"https:\/\/interamerica.org\/fr\/wp-json\/wp\/v2\/media\/70611"}],"wp:attachment":[{"href":"https:\/\/interamerica.org\/fr\/wp-json\/wp\/v2\/media?parent=70576"}],"wp:term":[{"taxonomy":"category","embeddable":true,"href":"https:\/\/interamerica.org\/fr\/wp-json\/wp\/v2\/categories?post=70576"},{"taxonomy":"post_tag","embeddable":true,"href":"https:\/\/interamerica.org\/fr\/wp-json\/wp\/v2\/tags?post=70576"}],"curies":[{"name":"wp","href":"https:\/\/api.w.org\/{rel}","templated":true}]}}