{"id":70584,"date":"2021-04-07T17:32:58","date_gmt":"2021-04-07T21:32:58","guid":{"rendered":"https:\/\/recursing-golick.147-182-135-0.plesk.page\/?p=70584"},"modified":"2022-04-28T06:40:20","modified_gmt":"2022-04-28T10:40:20","slug":"humiliation-sur-la-covid-19-et-medias-sociaux-un-melange-dangereux","status":"publish","type":"post","link":"https:\/\/interamerica.org\/fr\/2021\/04\/humiliation-sur-la-covid-19-et-medias-sociaux-un-melange-dangereux\/","title":{"rendered":"Humiliation sur la COVID-19 et m\u00e9dias sociaux : un m\u00e9lange dangereux"},"content":{"rendered":"<div>\n<p>Le 7 avril 2021 | Loma Linda, Californie, \u00c9tats-Unis | Janelle Ringer de l\u2019Universit\u00e9 de Loma Linda<\/p>\n<\/div>\n<div>\n<p>L\u2019action d\u2019humilier quelqu\u2019un (<em>shaming<\/em>) sur les m\u00e9dias sociaux n\u2019est aucunement nouvelle, mais avec le temps accru que les gens ont pass\u00e9 sur les r\u00e9seaux sociaux au cours de la derni\u00e8re ann\u00e9e, Statista a \u00e9galement observ\u00e9 une augmentation de l\u2019intimidation et de l\u2019humiliation en ligne. Dans bien des cas, ce ph\u00e9nom\u00e8ne est d\u00fb, en partie, \u00e0 la col\u00e8re et \u00e0 l\u2019agressivit\u00e9 que certains ressentent face aux gestes d\u2019autres personnes durant la pand\u00e9mie.<\/p>\n<p>\u00ab\u00a0Il s\u2019agit d\u2019une situation difficile qui a, malheureusement, mis en lumi\u00e8re les stigmates qui \u00e9taient d\u00e9j\u00e0 en place, a expliqu\u00e9 le <a href=\"https:\/\/lluh.org\/provider\/lalas-serafin\">Dr Serafin Lalas<\/a>, p\u00e9dopsychiatre au Centre de m\u00e9decine comportementale de l\u2019Universit\u00e9 de Loma Linda. Lorsque les gens se sentent menac\u00e9s par quelque chose, ils tentent souvent de le d\u00e9truire ou de stigmatiser ce qui leur fait peur, ce qui peut leur donner l\u2019impression de mieux comprendre ce qui se passe.\u00a0\u00bb<\/p>\n<p>Tous ceux qui ont acc\u00e8s \u00e0 l\u2019internet ont, plus que jamais auparavant, la possibilit\u00e9 de diffuser leur opinion, pouvant ainsi affecter gravement beaucoup de gens. Et depuis le d\u00e9but de la pand\u00e9mie, on a vu d\u2019innombrables histoires de personnes qui ont publi\u00e9 des photos d\u2019eux-m\u00eames en r\u00e9ponse aux mandats [de la sant\u00e9 publique].<\/p>\n<p>\u00ab\u00a0Des gens qui ont \u00e9lev\u00e9 leur voix contre le port du masque ou la vaccination peuvent plus tard dire que le virus les a infect\u00e9s, ce que d\u2019autres ont rapidement repris, toujours en ligne, pour les humilier ou pointer leurs erreurs du doigt plut\u00f4t que de leur offrir du r\u00e9confort ou du soutien, a ajout\u00e9 le Dr Lalas. Nous ne connaissons pas toujours l\u2019histoire des gens cach\u00e9s derri\u00e8re le pare-feu de leur \u00e9cran, et les jugements port\u00e9s trop rapidement peuvent blesser ceux qui souffrent d\u00e9j\u00e0.\u00a0\u00bb<\/p>\n<p>Il recommande de nous demander comment nous traiterions une personne si elle \u00e9tait devant nous en personne. \u00ab\u00a0Souvent, les m\u00e9dias sociaux offrent un faux sentiment de confiance, et nous perdons les rep\u00e8res sociaux qui pourraient nous aider \u00e0 approcher une situation de la meilleure fa\u00e7on possible.\u00a0\u00bb<\/p>\n<p>Les m\u00e9dias sociaux ne dispara\u00eetront pas, mais le Dr Lalas souligne le fait que nous avons le pouvoir de contr\u00f4ler la fa\u00e7on dont nous les utilisons. \u00ab\u00a0Plut\u00f4t que de juger sur-le-champ ou de sauter dans un train d\u00e9j\u00e0 bond\u00e9, utilisons notre pr\u00e9sence sur les r\u00e9seaux sociaux pour combattre la stigmatisation au lieu de la nourrir.\u00a0\u00bb<\/p>\n<p>Le virus cache encore son lot de myst\u00e8res, et il faudra sans doute attendre encore longtemps pour tout savoir. D\u2019ici l\u00e0, le Dr Lalas nous recommande de nous concentrer sur ce que nous savons. \u00ab\u00a0Le sentiment communautaire nous rend plus forts, en meilleure sant\u00e9 et plus heureux. M\u00eame si vous vous sentez bless\u00e9s par la d\u00e9cision d\u2019une autre personne, lui t\u00e9moigner de l\u2019empathie peut \u00eatre sain pour les deux partis. Contactez-la et prenez de ses nouvelles, m\u00eame si vous n\u2019\u00eates pas d\u2019accord avec ses d\u00e9cisions. Un tel petit geste a le potentiel de rassembler les gens d\u2019une mani\u00e8re plus saine que le regroupement contre une personne. Faites donc ce que vous pouvez pour rendre le monde un peu moins divis\u00e9.\u00a0\u00bb<\/p>\n<p>Visitez notre site internet et apprenez-en davantage sur nos <a href=\"https:\/\/lluh.org\/behavioral-health\/our-services\/substance-use-programs?utm_campaign=substanceuse&amp;utm_medium=PRStory\">services de sant\u00e9 comportementale<\/a> ainsi que la fa\u00e7on dont le <a href=\"https:\/\/lluh.org\/locations\/loma-linda-university-behavioral-medicine-center-bmc\">Centre de m\u00e9decine comportementale de l\u2019Universit\u00e9 de Loma Linda<\/a> peut vous aider. <a href=\"http:\/\/llubmc.org\/info\">Demandez des renseignements<\/a> relatifs \u00e0 un diagnostic, un traitement ou toutes autres questions de sant\u00e9 comportementale, et l\u2019un de nos coordonnateurs des admissions vous contactera.<\/p>\n<\/div>\n<div>\n<p><a href=\"https:\/\/news.llu.edu\/health-wellness\/covid-19-shaming-and-social-media-dangerous-combination\">Cet article<\/a> a \u00e9t\u00e9 publi\u00e9 sur le <a href=\"https:\/\/news.llu.edu\/?keywords=&amp;category=&amp;month=&amp;page=1\">site de nouvelles du Centre m\u00e9dical de l\u2019Universit\u00e9 de Loma Linda<\/a>.<\/p>\n<p>Traduction\u00a0: Marie-Mich\u00e8le Robitaille<\/p>\n<\/div>\n","protected":false},"excerpt":{"rendered":"<p>Le 7 avril 2021 | Loma Linda, Californie, \u00c9tats-Unis | Janelle Ringer de l\u2019Universit\u00e9 de Loma Linda L\u2019action d\u2019humilier quelqu\u2019un (shaming) sur les m\u00e9dias sociaux n\u2019est aucunement nouvelle, mais avec&#8230;<\/p>\n","protected":false},"author":3,"featured_media":70519,"comment_status":"closed","ping_status":"closed","sticky":false,"template":"","format":"standard","meta":{"_acf_changed":false,"footnotes":""},"categories":[18,19],"tags":[],"class_list":["post-70584","post","type-post","status-publish","format-standard","has-post-thumbnail","hentry","category-nouvelles-de-leglise-mondiale","category-rss-francais"],"acf":[],"yoast_head":"<!-- This site is optimized with the Yoast SEO plugin v27.3 - https:\/\/yoast.com\/product\/yoast-seo-wordpress\/ -->\n<title>Humiliation sur la COVID-19 et m\u00e9dias sociaux : un m\u00e9lange dangereux - \u00c9glise Adventiste Du Septieme Jour - Inter Am\u00e9rique Division<\/title>\n<meta name=\"robots\" content=\"index, follow, max-snippet:-1, max-image-preview:large, max-video-preview:-1\" \/>\n<link rel=\"canonical\" href=\"https:\/\/interamerica.org\/fr\/2021\/04\/humiliation-sur-la-covid-19-et-medias-sociaux-un-melange-dangereux\/\" \/>\n<meta property=\"og:locale\" content=\"fr_FR\" \/>\n<meta property=\"og:type\" content=\"article\" \/>\n<meta property=\"og:title\" content=\"Humiliation sur la COVID-19 et m\u00e9dias sociaux : un m\u00e9lange dangereux - \u00c9glise Adventiste Du Septieme Jour - Inter Am\u00e9rique Division\" \/>\n<meta property=\"og:description\" content=\"Le 7 avril 2021 | Loma Linda, Californie, \u00c9tats-Unis | Janelle Ringer de l\u2019Universit\u00e9 de Loma Linda L\u2019action d\u2019humilier quelqu\u2019un (shaming) sur les m\u00e9dias sociaux n\u2019est aucunement nouvelle, mais avec...\" \/>\n<meta property=\"og:url\" content=\"https:\/\/interamerica.org\/fr\/2021\/04\/humiliation-sur-la-covid-19-et-medias-sociaux-un-melange-dangereux\/\" \/>\n<meta property=\"og:site_name\" content=\"\u00c9glise Adventiste Du Septieme Jour - Inter Am\u00e9rique Division\" \/>\n<meta property=\"article:published_time\" content=\"2021-04-07T21:32:58+00:00\" \/>\n<meta property=\"article:modified_time\" content=\"2022-04-28T10:40:20+00:00\" \/>\n<meta property=\"og:image\" content=\"https:\/\/interamerica.org\/wp-content\/uploads\/2021\/04\/social-media-becca-tapert-qofjunxy9ly-unsplash.jpg\" \/>\n\t<meta property=\"og:image:width\" content=\"1280\" \/>\n\t<meta property=\"og:image:height\" content=\"800\" \/>\n\t<meta property=\"og:image:type\" content=\"image\/jpeg\" \/>\n<meta name=\"author\" content=\"libna\" \/>\n<meta name=\"twitter:card\" content=\"summary_large_image\" \/>\n<meta name=\"twitter:label1\" content=\"\u00c9crit par\" \/>\n\t<meta name=\"twitter:data1\" content=\"libna\" \/>\n\t<meta name=\"twitter:label2\" content=\"Dur\u00e9e de lecture estim\u00e9e\" \/>\n\t<meta name=\"twitter:data2\" content=\"3 minutes\" \/>\n<script type=\"application\/ld+json\" class=\"yoast-schema-graph\">{\"@context\":\"https:\\\/\\\/schema.org\",\"@graph\":[{\"@type\":\"Article\",\"@id\":\"https:\\\/\\\/interamerica.org\\\/fr\\\/2021\\\/04\\\/humiliation-sur-la-covid-19-et-medias-sociaux-un-melange-dangereux\\\/#article\",\"isPartOf\":{\"@id\":\"https:\\\/\\\/interamerica.org\\\/fr\\\/2021\\\/04\\\/humiliation-sur-la-covid-19-et-medias-sociaux-un-melange-dangereux\\\/\"},\"author\":{\"name\":\"libna\",\"@id\":\"https:\\\/\\\/interamerica.org\\\/fr\\\/#\\\/schema\\\/person\\\/29998f2bc2d8bd0d38662909289b54f1\"},\"headline\":\"Humiliation sur la COVID-19 et m\u00e9dias sociaux : un m\u00e9lange dangereux\",\"datePublished\":\"2021-04-07T21:32:58+00:00\",\"dateModified\":\"2022-04-28T10:40:20+00:00\",\"mainEntityOfPage\":{\"@id\":\"https:\\\/\\\/interamerica.org\\\/fr\\\/2021\\\/04\\\/humiliation-sur-la-covid-19-et-medias-sociaux-un-melange-dangereux\\\/\"},\"wordCount\":674,\"image\":{\"@id\":\"https:\\\/\\\/interamerica.org\\\/fr\\\/2021\\\/04\\\/humiliation-sur-la-covid-19-et-medias-sociaux-un-melange-dangereux\\\/#primaryimage\"},\"thumbnailUrl\":\"https:\\\/\\\/interamerica.org\\\/wp-content\\\/uploads\\\/2021\\\/04\\\/social-media-becca-tapert-qofjunxy9ly-unsplash.jpg\",\"articleSection\":[\"Nouvelles de l'\u00c9glise mondiale\",\"RSS Fran\u00e7ais\"],\"inLanguage\":\"fr-FR\"},{\"@type\":\"WebPage\",\"@id\":\"https:\\\/\\\/interamerica.org\\\/fr\\\/2021\\\/04\\\/humiliation-sur-la-covid-19-et-medias-sociaux-un-melange-dangereux\\\/\",\"url\":\"https:\\\/\\\/interamerica.org\\\/fr\\\/2021\\\/04\\\/humiliation-sur-la-covid-19-et-medias-sociaux-un-melange-dangereux\\\/\",\"name\":\"Humiliation sur la COVID-19 et m\u00e9dias sociaux : un m\u00e9lange dangereux - \u00c9glise Adventiste Du Septieme Jour - Inter Am\u00e9rique Division\",\"isPartOf\":{\"@id\":\"https:\\\/\\\/interamerica.org\\\/fr\\\/#website\"},\"primaryImageOfPage\":{\"@id\":\"https:\\\/\\\/interamerica.org\\\/fr\\\/2021\\\/04\\\/humiliation-sur-la-covid-19-et-medias-sociaux-un-melange-dangereux\\\/#primaryimage\"},\"image\":{\"@id\":\"https:\\\/\\\/interamerica.org\\\/fr\\\/2021\\\/04\\\/humiliation-sur-la-covid-19-et-medias-sociaux-un-melange-dangereux\\\/#primaryimage\"},\"thumbnailUrl\":\"https:\\\/\\\/interamerica.org\\\/wp-content\\\/uploads\\\/2021\\\/04\\\/social-media-becca-tapert-qofjunxy9ly-unsplash.jpg\",\"datePublished\":\"2021-04-07T21:32:58+00:00\",\"dateModified\":\"2022-04-28T10:40:20+00:00\",\"author\":{\"@id\":\"https:\\\/\\\/interamerica.org\\\/fr\\\/#\\\/schema\\\/person\\\/29998f2bc2d8bd0d38662909289b54f1\"},\"breadcrumb\":{\"@id\":\"https:\\\/\\\/interamerica.org\\\/fr\\\/2021\\\/04\\\/humiliation-sur-la-covid-19-et-medias-sociaux-un-melange-dangereux\\\/#breadcrumb\"},\"inLanguage\":\"fr-FR\",\"potentialAction\":[{\"@type\":\"ReadAction\",\"target\":[\"https:\\\/\\\/interamerica.org\\\/fr\\\/2021\\\/04\\\/humiliation-sur-la-covid-19-et-medias-sociaux-un-melange-dangereux\\\/\"]}]},{\"@type\":\"ImageObject\",\"inLanguage\":\"fr-FR\",\"@id\":\"https:\\\/\\\/interamerica.org\\\/fr\\\/2021\\\/04\\\/humiliation-sur-la-covid-19-et-medias-sociaux-un-melange-dangereux\\\/#primaryimage\",\"url\":\"https:\\\/\\\/interamerica.org\\\/wp-content\\\/uploads\\\/2021\\\/04\\\/social-media-becca-tapert-qofjunxy9ly-unsplash.jpg\",\"contentUrl\":\"https:\\\/\\\/interamerica.org\\\/wp-content\\\/uploads\\\/2021\\\/04\\\/social-media-becca-tapert-qofjunxy9ly-unsplash.jpg\",\"width\":1280,\"height\":800,\"caption\":\"Une photo de Becca Tapert \\\/ Unsplash.\"},{\"@type\":\"BreadcrumbList\",\"@id\":\"https:\\\/\\\/interamerica.org\\\/fr\\\/2021\\\/04\\\/humiliation-sur-la-covid-19-et-medias-sociaux-un-melange-dangereux\\\/#breadcrumb\",\"itemListElement\":[{\"@type\":\"ListItem\",\"position\":1,\"name\":\"Home\",\"item\":\"https:\\\/\\\/interamerica.org\\\/fr\\\/\"},{\"@type\":\"ListItem\",\"position\":2,\"name\":\"Humiliation sur la COVID-19 et m\u00e9dias sociaux : un m\u00e9lange dangereux\"}]},{\"@type\":\"WebSite\",\"@id\":\"https:\\\/\\\/interamerica.org\\\/fr\\\/#website\",\"url\":\"https:\\\/\\\/interamerica.org\\\/fr\\\/\",\"name\":\"\u00c9glise Adventiste Du Septieme Jour - Inter Am\u00e9rique Division\",\"description\":\"\",\"potentialAction\":[{\"@type\":\"SearchAction\",\"target\":{\"@type\":\"EntryPoint\",\"urlTemplate\":\"https:\\\/\\\/interamerica.org\\\/fr\\\/?s={search_term_string}\"},\"query-input\":{\"@type\":\"PropertyValueSpecification\",\"valueRequired\":true,\"valueName\":\"search_term_string\"}}],\"inLanguage\":\"fr-FR\"},{\"@type\":\"Person\",\"@id\":\"https:\\\/\\\/interamerica.org\\\/fr\\\/#\\\/schema\\\/person\\\/29998f2bc2d8bd0d38662909289b54f1\",\"name\":\"libna\",\"image\":{\"@type\":\"ImageObject\",\"inLanguage\":\"fr-FR\",\"@id\":\"https:\\\/\\\/secure.gravatar.com\\\/avatar\\\/7c5bd30ae4b47a9ba3c856590957fd1d96dc588bf3ac05719d247e126840331f?s=96&d=mm&r=g\",\"url\":\"https:\\\/\\\/secure.gravatar.com\\\/avatar\\\/7c5bd30ae4b47a9ba3c856590957fd1d96dc588bf3ac05719d247e126840331f?s=96&d=mm&r=g\",\"contentUrl\":\"https:\\\/\\\/secure.gravatar.com\\\/avatar\\\/7c5bd30ae4b47a9ba3c856590957fd1d96dc588bf3ac05719d247e126840331f?s=96&d=mm&r=g\",\"caption\":\"libna\"}}]}<\/script>\n<!-- \/ Yoast SEO plugin. -->","yoast_head_json":{"title":"Humiliation sur la COVID-19 et m\u00e9dias sociaux : un m\u00e9lange dangereux - \u00c9glise Adventiste Du Septieme Jour - Inter Am\u00e9rique Division","robots":{"index":"index","follow":"follow","max-snippet":"max-snippet:-1","max-image-preview":"max-image-preview:large","max-video-preview":"max-video-preview:-1"},"canonical":"https:\/\/interamerica.org\/fr\/2021\/04\/humiliation-sur-la-covid-19-et-medias-sociaux-un-melange-dangereux\/","og_locale":"fr_FR","og_type":"article","og_title":"Humiliation sur la COVID-19 et m\u00e9dias sociaux : un m\u00e9lange dangereux - \u00c9glise Adventiste Du Septieme Jour - Inter Am\u00e9rique Division","og_description":"Le 7 avril 2021 | Loma Linda, Californie, \u00c9tats-Unis | Janelle Ringer de l\u2019Universit\u00e9 de Loma Linda L\u2019action d\u2019humilier quelqu\u2019un (shaming) sur les m\u00e9dias sociaux n\u2019est aucunement nouvelle, mais avec...","og_url":"https:\/\/interamerica.org\/fr\/2021\/04\/humiliation-sur-la-covid-19-et-medias-sociaux-un-melange-dangereux\/","og_site_name":"\u00c9glise Adventiste Du Septieme Jour - Inter Am\u00e9rique Division","article_published_time":"2021-04-07T21:32:58+00:00","article_modified_time":"2022-04-28T10:40:20+00:00","og_image":[{"width":1280,"height":800,"url":"https:\/\/interamerica.org\/wp-content\/uploads\/2021\/04\/social-media-becca-tapert-qofjunxy9ly-unsplash.jpg","type":"image\/jpeg"}],"author":"libna","twitter_card":"summary_large_image","twitter_misc":{"\u00c9crit par":"libna","Dur\u00e9e de lecture estim\u00e9e":"3 minutes"},"schema":{"@context":"https:\/\/schema.org","@graph":[{"@type":"Article","@id":"https:\/\/interamerica.org\/fr\/2021\/04\/humiliation-sur-la-covid-19-et-medias-sociaux-un-melange-dangereux\/#article","isPartOf":{"@id":"https:\/\/interamerica.org\/fr\/2021\/04\/humiliation-sur-la-covid-19-et-medias-sociaux-un-melange-dangereux\/"},"author":{"name":"libna","@id":"https:\/\/interamerica.org\/fr\/#\/schema\/person\/29998f2bc2d8bd0d38662909289b54f1"},"headline":"Humiliation sur la COVID-19 et m\u00e9dias sociaux : un m\u00e9lange dangereux","datePublished":"2021-04-07T21:32:58+00:00","dateModified":"2022-04-28T10:40:20+00:00","mainEntityOfPage":{"@id":"https:\/\/interamerica.org\/fr\/2021\/04\/humiliation-sur-la-covid-19-et-medias-sociaux-un-melange-dangereux\/"},"wordCount":674,"image":{"@id":"https:\/\/interamerica.org\/fr\/2021\/04\/humiliation-sur-la-covid-19-et-medias-sociaux-un-melange-dangereux\/#primaryimage"},"thumbnailUrl":"https:\/\/interamerica.org\/wp-content\/uploads\/2021\/04\/social-media-becca-tapert-qofjunxy9ly-unsplash.jpg","articleSection":["Nouvelles de l'\u00c9glise mondiale","RSS Fran\u00e7ais"],"inLanguage":"fr-FR"},{"@type":"WebPage","@id":"https:\/\/interamerica.org\/fr\/2021\/04\/humiliation-sur-la-covid-19-et-medias-sociaux-un-melange-dangereux\/","url":"https:\/\/interamerica.org\/fr\/2021\/04\/humiliation-sur-la-covid-19-et-medias-sociaux-un-melange-dangereux\/","name":"Humiliation sur la COVID-19 et m\u00e9dias sociaux : un m\u00e9lange dangereux - \u00c9glise Adventiste Du Septieme Jour - Inter Am\u00e9rique Division","isPartOf":{"@id":"https:\/\/interamerica.org\/fr\/#website"},"primaryImageOfPage":{"@id":"https:\/\/interamerica.org\/fr\/2021\/04\/humiliation-sur-la-covid-19-et-medias-sociaux-un-melange-dangereux\/#primaryimage"},"image":{"@id":"https:\/\/interamerica.org\/fr\/2021\/04\/humiliation-sur-la-covid-19-et-medias-sociaux-un-melange-dangereux\/#primaryimage"},"thumbnailUrl":"https:\/\/interamerica.org\/wp-content\/uploads\/2021\/04\/social-media-becca-tapert-qofjunxy9ly-unsplash.jpg","datePublished":"2021-04-07T21:32:58+00:00","dateModified":"2022-04-28T10:40:20+00:00","author":{"@id":"https:\/\/interamerica.org\/fr\/#\/schema\/person\/29998f2bc2d8bd0d38662909289b54f1"},"breadcrumb":{"@id":"https:\/\/interamerica.org\/fr\/2021\/04\/humiliation-sur-la-covid-19-et-medias-sociaux-un-melange-dangereux\/#breadcrumb"},"inLanguage":"fr-FR","potentialAction":[{"@type":"ReadAction","target":["https:\/\/interamerica.org\/fr\/2021\/04\/humiliation-sur-la-covid-19-et-medias-sociaux-un-melange-dangereux\/"]}]},{"@type":"ImageObject","inLanguage":"fr-FR","@id":"https:\/\/interamerica.org\/fr\/2021\/04\/humiliation-sur-la-covid-19-et-medias-sociaux-un-melange-dangereux\/#primaryimage","url":"https:\/\/interamerica.org\/wp-content\/uploads\/2021\/04\/social-media-becca-tapert-qofjunxy9ly-unsplash.jpg","contentUrl":"https:\/\/interamerica.org\/wp-content\/uploads\/2021\/04\/social-media-becca-tapert-qofjunxy9ly-unsplash.jpg","width":1280,"height":800,"caption":"Une photo de Becca Tapert \/ Unsplash."},{"@type":"BreadcrumbList","@id":"https:\/\/interamerica.org\/fr\/2021\/04\/humiliation-sur-la-covid-19-et-medias-sociaux-un-melange-dangereux\/#breadcrumb","itemListElement":[{"@type":"ListItem","position":1,"name":"Home","item":"https:\/\/interamerica.org\/fr\/"},{"@type":"ListItem","position":2,"name":"Humiliation sur la COVID-19 et m\u00e9dias sociaux : un m\u00e9lange dangereux"}]},{"@type":"WebSite","@id":"https:\/\/interamerica.org\/fr\/#website","url":"https:\/\/interamerica.org\/fr\/","name":"\u00c9glise Adventiste Du Septieme Jour - Inter Am\u00e9rique Division","description":"","potentialAction":[{"@type":"SearchAction","target":{"@type":"EntryPoint","urlTemplate":"https:\/\/interamerica.org\/fr\/?s={search_term_string}"},"query-input":{"@type":"PropertyValueSpecification","valueRequired":true,"valueName":"search_term_string"}}],"inLanguage":"fr-FR"},{"@type":"Person","@id":"https:\/\/interamerica.org\/fr\/#\/schema\/person\/29998f2bc2d8bd0d38662909289b54f1","name":"libna","image":{"@type":"ImageObject","inLanguage":"fr-FR","@id":"https:\/\/secure.gravatar.com\/avatar\/7c5bd30ae4b47a9ba3c856590957fd1d96dc588bf3ac05719d247e126840331f?s=96&d=mm&r=g","url":"https:\/\/secure.gravatar.com\/avatar\/7c5bd30ae4b47a9ba3c856590957fd1d96dc588bf3ac05719d247e126840331f?s=96&d=mm&r=g","contentUrl":"https:\/\/secure.gravatar.com\/avatar\/7c5bd30ae4b47a9ba3c856590957fd1d96dc588bf3ac05719d247e126840331f?s=96&d=mm&r=g","caption":"libna"}}]}},"_links":{"self":[{"href":"https:\/\/interamerica.org\/fr\/wp-json\/wp\/v2\/posts\/70584","targetHints":{"allow":["GET"]}}],"collection":[{"href":"https:\/\/interamerica.org\/fr\/wp-json\/wp\/v2\/posts"}],"about":[{"href":"https:\/\/interamerica.org\/fr\/wp-json\/wp\/v2\/types\/post"}],"author":[{"embeddable":true,"href":"https:\/\/interamerica.org\/fr\/wp-json\/wp\/v2\/users\/3"}],"replies":[{"embeddable":true,"href":"https:\/\/interamerica.org\/fr\/wp-json\/wp\/v2\/comments?post=70584"}],"version-history":[{"count":0,"href":"https:\/\/interamerica.org\/fr\/wp-json\/wp\/v2\/posts\/70584\/revisions"}],"wp:featuredmedia":[{"embeddable":true,"href":"https:\/\/interamerica.org\/fr\/wp-json\/wp\/v2\/media\/70519"}],"wp:attachment":[{"href":"https:\/\/interamerica.org\/fr\/wp-json\/wp\/v2\/media?parent=70584"}],"wp:term":[{"taxonomy":"category","embeddable":true,"href":"https:\/\/interamerica.org\/fr\/wp-json\/wp\/v2\/categories?post=70584"},{"taxonomy":"post_tag","embeddable":true,"href":"https:\/\/interamerica.org\/fr\/wp-json\/wp\/v2\/tags?post=70584"}],"curies":[{"name":"wp","href":"https:\/\/api.w.org\/{rel}","templated":true}]}}