{"id":70632,"date":"2021-04-08T09:40:25","date_gmt":"2021-04-08T13:40:25","guid":{"rendered":"https:\/\/recursing-golick.147-182-135-0.plesk.page\/?p=70632"},"modified":"2021-04-09T07:11:11","modified_gmt":"2021-04-09T11:11:11","slug":"manuel-wong-lopez-educateur-et-linguiste-eminent","status":"publish","type":"post","link":"https:\/\/interamerica.org\/fr\/2021\/04\/manuel-wong-lopez-educateur-et-linguiste-eminent\/","title":{"rendered":"Manuel Wong L\u00f3pez, \u00e9ducateur et linguiste \u00e9minent"},"content":{"rendered":"<p>8 Avril 2021 | Silver Spring, Maryland, \u00c9tats-Unis | par Mireya Estela Rodr\u00edguez<\/p>\n<p><em>Cet article est tir\u00e9 de l\u2019Encyclop\u00e9die des adventistes du septi\u00e8me jour (ESDA) qui est librement accessible sur le site <a href=\"https:\/\/encyclopedia.adventist.org\/\">encyclopedia.adventist.org<\/a>.<\/em><\/p>\n<p>Manuel Wong L\u00f3pez \u00e9tait un philologue, professeur et chercheur adventiste, originaire du Panama.<\/p>\n<h3>Les premi\u00e8res ann\u00e9es<\/h3>\n<p>Manuel Wong L\u00f3pez est n\u00e9 le 30 janvier 1949 dans la capitale de la R\u00e9publique du Panama. Ses parents \u00e9taient le marchand prosp\u00e8re, Benjamin Wong Sam (1908-1953) et Isabel L\u00f3pez (1923-2017). Il avait cinq fr\u00e8res et deux s\u0153urs et a pass\u00e9 son enfance principalement dans la r\u00e9gion de la Ville de Panama, Corozal, Calidonia et Mayor D\u00edaz.<a id=\"fnref1\" class=\"footnoteRef\" href=\"https:\/\/encyclopedia.adventist.org\/article?id=4B0F#fn1\"><sup>1<\/sup><\/a>\u00a0\u00c0 la naissance, il a souffert d\u2019une parapar\u00e9sie spastique, et les m\u00e9decins ont dit \u00e0 sa m\u00e8re qu\u2019il grandirait avec un handicap physique et qu\u2019il ne pourra jamais apprendre \u00e0 lire ou \u00e0 \u00e9crire.<\/p>\n<p>Pour ses \u00e9tudes primaires, il a fr\u00e9quent\u00e9 l\u2019\u00c9cole de la R\u00e9publique de Chine. Elle l\u2019a d\u2019abord accept\u00e9 comme auditeur, \u00e0 cause de son handicap physique. En d\u00e9pit de sa situation, il \u00e9tait connu pour son d\u00e9vouement. Il a commenc\u00e9 ses \u00e9tudes secondaires \u00e0 l\u2019Institut Bolivar, il les a poursuivies \u00e0 l\u2019Institut National, qui se trouvent tous les deux \u00e0 Panama City, et les a termin\u00e9es au Colegio Vocacional de America Central (COVAC), \u00e0 Alajuela, au Costa Rica. Apr\u00e8s des \u00e9tudes bibliques au Panama avec Mme Mar\u00eda de los \u00c1ngeles Polanco de Yueng et Claudia Luthas, il a particip\u00e9 \u00e0 une campagne d\u2019\u00e9vang\u00e9lisation au Panama. Lorsque le pasteur Bendell Archbold, alors pr\u00e9sident de la Division Inter Am\u00e9ricaine, a lanc\u00e9 un appel \u00e0 ceux qui souhaitaient donner leur vie \u00e0 J\u00e9sus, Manuel est le seul \u00e0 avoir r\u00e9pondu. Plus tard, Daniel Moncada l\u2019a baptis\u00e9 dans l\u2019\u00e9glise de Castellana.<a id=\"fnref2\" class=\"footnoteRef\" href=\"https:\/\/encyclopedia.adventist.org\/article?id=4B0F#fn2\"><sup>2<\/sup><\/a><\/p>\n<h3>\u00c9ducation et Mariage<\/h3>\n<p>Apr\u00e8s avoir termin\u00e9 ses \u00e9tudes secondaires au COVAC, Manuel Wong a entam\u00e9 des \u00e9tudes sup\u00e9rieures. \u00c9tudiant infatigable, il a obtenu en 1977 une licence de la State Distance University, au Costa Rica. Puis il a obtenu un doctorat (PhD.) en linguistique de l\u2019Universidad Nacional Aut\u00f3noma (UNA) en 1996 avec une reconnaissance pour ses notes \u00e9lev\u00e9es. En 1971, \u00e0 l\u2019\u00e9glise de Castellana, il rencontre Lesbia Raquel Ja\u00e9n Torres, qu\u2019il \u00e9pouse le 11 janvier 1976 dans la ville de Panama. Lesbia a obtenu un dipl\u00f4me en enseignement primaire du Centre Adventiste d\u2019\u00c9tudes Sup\u00e9rieures (CADES), \u00e0 Alajuela, au Costa Rica.<a id=\"fnref3\" class=\"footnoteRef\" href=\"https:\/\/encyclopedia.adventist.org\/article?id=4B0F#fn3\"><sup>3<\/sup><\/a><\/p>\n<p>Manuel Wong a ensuite termin\u00e9 sa licence en enseignement primaire gr\u00e2ce \u00e0 un programme d\u00e9centralis\u00e9 de Union College, \u00e0 Lincoln, dans le Nebraska, en 1985. Il a travaill\u00e9 comme enseignant \u00e0 l\u2019\u00c9cole Adventiste de Colon, au Panama, et \u00e0 l\u2019\u00c9cole Autumn Miller, \u00e0 Alajuela, au Costa Rica. La famille a accueilli des jumeaux. Son fils, le Dr Manuel Wong Ja\u00e9n, a maintenant une sp\u00e9cialit\u00e9 en chirurgie cardiothoracique avec une sous-sp\u00e9cialit\u00e9 en transplantation pulmonaire ainsi qu\u2019un doctorat en chirurgie et sciences morphologiques ; et sa fille Fanny Isabel Wong Ja\u00e9n (M.Sc.) est neuropsychologue clinique p\u00e9diatrique<\/p>\n<h3>Carri\u00e8re et minist\u00e8re<\/h3>\n<p>Manuel Wong L\u00f3pez a d\u00e9but\u00e9 sa carri\u00e8re en tant que professeur \u00e0 l\u2019Institut Adventiste de Panam\u00e1 (IAP), \u00e0 Chiriqu\u00ed, au Panama, au cours de l\u2019ann\u00e9e scolaire 1975\/1976. Ensuite, tout en continuant \u00e0 \u00e9tudier en autodidacte, il a \u00e9t\u00e9 professeur et biblioth\u00e9caire au Centre Adventiste d\u2019\u00c9tudes Sup\u00e9rieures (CADES), \u00e0 Alajuela, au Costa Rica, de 1977 \u00e0 avril 1985. Jusqu\u2019en 1992, il s\u2019est enti\u00e8rement consacr\u00e9 \u00e0 l\u2019enseignement universitaire \u00e0 la CADES et ensuite \u00e0 UNADECA. Au cours des sept ann\u00e9es suivantes (1993-1999), il a servi en tant que directeur et professeur de la Facult\u00e9 d\u2019\u00c9ducation de l\u2019UNADECA.<\/p>\n<p>Parce que sa passion \u00e9tait l\u2019enseignement, il est retourn\u00e9 dans la salle de classe comme professeur \u00e0 plein temps de 2000 \u00e0 2013. Il a \u00e9crit plusieurs articles, dont un sur les fonctions du langage dans la transmission des croyances et des valeurs chr\u00e9tiennes pour le num\u00e9ro de juin 2004 du magazine <em>Christ in the Classroom<\/em>(Christ dans la Salle de Classe), publi\u00e9 par l\u2019Institut d\u2019\u00c9ducation Chr\u00e9tienne du D\u00e9partement de l\u2019\u00c9ducation de la Conf\u00e9rence G\u00e9n\u00e9rale des adventistes du septi\u00e8me jour.<a id=\"fnref4\" class=\"footnoteRef\" href=\"https:\/\/encyclopedia.adventist.org\/article?id=4B0F#fn4\"><sup>4<\/sup><\/a><\/p>\n<p>Dr. Wong a donn\u00e9 le nom\u00a0<em>EPISTEME<\/em>\u00a0au magazine de la Facult\u00e9 d\u2019\u00c9ducation de l\u2019UNADECA et a \u00e9t\u00e9 r\u00e9dacteur en chef de ses d\u00e9buts jusqu\u2019\u00e0 sa mort.<\/p>\n<h3>Derni\u00e8res ann\u00e9es et Contribution<\/h3>\n<p>Apr\u00e8s son d\u00e9part \u00e0 la retraite, fin 2013, Manuel Wong Lopez est d\u00e9c\u00e9d\u00e9 \u00e0 l\u2019H\u00f4pital Calder\u00f3n Guardia \u00e0 San Jos\u00e9, au Costa Rica, le 14 janvier 2015.<\/p>\n<p>Ses vastes connaissances le classaient parmi les linguistes les plus remarquables de l\u2019\u00c9glise adventiste du septi\u00e8me jour dans la Division Inter Am\u00e9ricaine. Les classes de Manuel Wong \u00e9taient anim\u00e9es, mais pleines d\u2019excellent contenu intellectuel. De plus, son amour pour les livres l\u2019a amen\u00e9 \u00e0 soutenir la biblioth\u00e8que de l\u2019\u00e9cole tout au long de son s\u00e9jour \u00e0 l\u2019UNADECA. Pour cette raison et pour sa carri\u00e8re intellectuelle, le 15 d\u00e9cembre 2014, l\u2019institution a donn\u00e9 son nom \u00e0 la biblioth\u00e8que.<\/p>\n<p><strong>Source<\/strong><\/p>\n<p>Wong, Manuel.\u00a0<em>\u201c<\/em>Desaf\u00edos para la educaci\u00f3n redentora.<em>\u201d<\/em>\u00a0<em>Revista Educaci\u00f3n<\/em>, vol. 6, 1997. Consult\u00e9 le 15 juillet 2019,\u00a0<a class=\"uri\" href=\"http:\/\/circle.adventist.org\/files\/jae\/sp\/jae1997sp062902.pdf\" target=\"_blank\" rel=\"noopener\">http:\/\/circle.adventist.org\/files\/jae\/sp\/jae1997sp062902.pdf<\/a>.<\/p>\n<p>Pour les sources, cliquez <a href=\"https:\/\/encyclopedia.adventist.org\/article?id=4B0F\">ICI<\/a><\/p>\n<p>Traduction: Patrick Luciathe<\/p>\n","protected":false},"excerpt":{"rendered":"<p>8 Avril 2021 | Silver Spring, Maryland, \u00c9tats-Unis | par Mireya Estela Rodr\u00edguez Cet article est tir\u00e9 de l\u2019Encyclop\u00e9die des adventistes du septi\u00e8me jour (ESDA) qui est librement accessible sur&#8230;<\/p>\n","protected":false},"author":3,"featured_media":70607,"comment_status":"closed","ping_status":"closed","sticky":false,"template":"","format":"standard","meta":{"_acf_changed":false,"footnotes":""},"categories":[18,19],"tags":[],"class_list":["post-70632","post","type-post","status-publish","format-standard","has-post-thumbnail","hentry","category-nouvelles-de-leglise-mondiale","category-rss-francais"],"acf":[],"yoast_head":"<!-- This site is optimized with the Yoast SEO plugin v27.3 - https:\/\/yoast.com\/product\/yoast-seo-wordpress\/ -->\n<title>Manuel Wong L\u00f3pez, \u00e9ducateur et linguiste \u00e9minent - \u00c9glise Adventiste Du Septieme Jour - Inter Am\u00e9rique Division<\/title>\n<meta name=\"robots\" content=\"index, follow, max-snippet:-1, max-image-preview:large, max-video-preview:-1\" \/>\n<link rel=\"canonical\" href=\"https:\/\/interamerica.org\/fr\/2021\/04\/manuel-wong-lopez-educateur-et-linguiste-eminent\/\" \/>\n<meta property=\"og:locale\" content=\"fr_FR\" \/>\n<meta property=\"og:type\" content=\"article\" \/>\n<meta property=\"og:title\" content=\"Manuel Wong L\u00f3pez, \u00e9ducateur et linguiste \u00e9minent - \u00c9glise Adventiste Du Septieme Jour - Inter Am\u00e9rique Division\" \/>\n<meta property=\"og:description\" content=\"8 Avril 2021 | Silver Spring, Maryland, \u00c9tats-Unis | par Mireya Estela Rodr\u00edguez Cet article est tir\u00e9 de l\u2019Encyclop\u00e9die des adventistes du septi\u00e8me jour (ESDA) qui est librement accessible sur...\" \/>\n<meta property=\"og:url\" content=\"https:\/\/interamerica.org\/fr\/2021\/04\/manuel-wong-lopez-educateur-et-linguiste-eminent\/\" \/>\n<meta property=\"og:site_name\" content=\"\u00c9glise Adventiste Du Septieme Jour - Inter Am\u00e9rique Division\" \/>\n<meta property=\"article:published_time\" content=\"2021-04-08T13:40:25+00:00\" \/>\n<meta property=\"article:modified_time\" content=\"2021-04-09T11:11:11+00:00\" \/>\n<meta property=\"og:image\" content=\"https:\/\/interamerica.org\/wp-content\/uploads\/2021\/04\/glasses-1052010-1280.jpg\" \/>\n\t<meta property=\"og:image:width\" content=\"1280\" \/>\n\t<meta property=\"og:image:height\" content=\"800\" \/>\n\t<meta property=\"og:image:type\" content=\"image\/jpeg\" \/>\n<meta name=\"author\" content=\"libna\" \/>\n<meta name=\"twitter:card\" content=\"summary_large_image\" \/>\n<meta name=\"twitter:label1\" content=\"\u00c9crit par\" \/>\n\t<meta name=\"twitter:data1\" content=\"libna\" \/>\n\t<meta name=\"twitter:label2\" content=\"Dur\u00e9e de lecture estim\u00e9e\" \/>\n\t<meta name=\"twitter:data2\" content=\"4 minutes\" \/>\n<script type=\"application\/ld+json\" class=\"yoast-schema-graph\">{\"@context\":\"https:\\\/\\\/schema.org\",\"@graph\":[{\"@type\":\"Article\",\"@id\":\"https:\\\/\\\/interamerica.org\\\/fr\\\/2021\\\/04\\\/manuel-wong-lopez-educateur-et-linguiste-eminent\\\/#article\",\"isPartOf\":{\"@id\":\"https:\\\/\\\/interamerica.org\\\/fr\\\/2021\\\/04\\\/manuel-wong-lopez-educateur-et-linguiste-eminent\\\/\"},\"author\":{\"name\":\"libna\",\"@id\":\"https:\\\/\\\/interamerica.org\\\/fr\\\/#\\\/schema\\\/person\\\/29998f2bc2d8bd0d38662909289b54f1\"},\"headline\":\"Manuel Wong L\u00f3pez, \u00e9ducateur et linguiste \u00e9minent\",\"datePublished\":\"2021-04-08T13:40:25+00:00\",\"dateModified\":\"2021-04-09T11:11:11+00:00\",\"mainEntityOfPage\":{\"@id\":\"https:\\\/\\\/interamerica.org\\\/fr\\\/2021\\\/04\\\/manuel-wong-lopez-educateur-et-linguiste-eminent\\\/\"},\"wordCount\":897,\"image\":{\"@id\":\"https:\\\/\\\/interamerica.org\\\/fr\\\/2021\\\/04\\\/manuel-wong-lopez-educateur-et-linguiste-eminent\\\/#primaryimage\"},\"thumbnailUrl\":\"https:\\\/\\\/interamerica.org\\\/wp-content\\\/uploads\\\/2021\\\/04\\\/glasses-1052010-1280.jpg\",\"articleSection\":[\"Nouvelles de l'\u00c9glise mondiale\",\"RSS Fran\u00e7ais\"],\"inLanguage\":\"fr-FR\"},{\"@type\":\"WebPage\",\"@id\":\"https:\\\/\\\/interamerica.org\\\/fr\\\/2021\\\/04\\\/manuel-wong-lopez-educateur-et-linguiste-eminent\\\/\",\"url\":\"https:\\\/\\\/interamerica.org\\\/fr\\\/2021\\\/04\\\/manuel-wong-lopez-educateur-et-linguiste-eminent\\\/\",\"name\":\"Manuel Wong L\u00f3pez, \u00e9ducateur et linguiste \u00e9minent - \u00c9glise Adventiste Du Septieme Jour - Inter Am\u00e9rique Division\",\"isPartOf\":{\"@id\":\"https:\\\/\\\/interamerica.org\\\/fr\\\/#website\"},\"primaryImageOfPage\":{\"@id\":\"https:\\\/\\\/interamerica.org\\\/fr\\\/2021\\\/04\\\/manuel-wong-lopez-educateur-et-linguiste-eminent\\\/#primaryimage\"},\"image\":{\"@id\":\"https:\\\/\\\/interamerica.org\\\/fr\\\/2021\\\/04\\\/manuel-wong-lopez-educateur-et-linguiste-eminent\\\/#primaryimage\"},\"thumbnailUrl\":\"https:\\\/\\\/interamerica.org\\\/wp-content\\\/uploads\\\/2021\\\/04\\\/glasses-1052010-1280.jpg\",\"datePublished\":\"2021-04-08T13:40:25+00:00\",\"dateModified\":\"2021-04-09T11:11:11+00:00\",\"author\":{\"@id\":\"https:\\\/\\\/interamerica.org\\\/fr\\\/#\\\/schema\\\/person\\\/29998f2bc2d8bd0d38662909289b54f1\"},\"breadcrumb\":{\"@id\":\"https:\\\/\\\/interamerica.org\\\/fr\\\/2021\\\/04\\\/manuel-wong-lopez-educateur-et-linguiste-eminent\\\/#breadcrumb\"},\"inLanguage\":\"fr-FR\",\"potentialAction\":[{\"@type\":\"ReadAction\",\"target\":[\"https:\\\/\\\/interamerica.org\\\/fr\\\/2021\\\/04\\\/manuel-wong-lopez-educateur-et-linguiste-eminent\\\/\"]}]},{\"@type\":\"ImageObject\",\"inLanguage\":\"fr-FR\",\"@id\":\"https:\\\/\\\/interamerica.org\\\/fr\\\/2021\\\/04\\\/manuel-wong-lopez-educateur-et-linguiste-eminent\\\/#primaryimage\",\"url\":\"https:\\\/\\\/interamerica.org\\\/wp-content\\\/uploads\\\/2021\\\/04\\\/glasses-1052010-1280.jpg\",\"contentUrl\":\"https:\\\/\\\/interamerica.org\\\/wp-content\\\/uploads\\\/2021\\\/04\\\/glasses-1052010-1280.jpg\",\"width\":1280,\"height\":800,\"caption\":\"[Photo: Pixabay]\"},{\"@type\":\"BreadcrumbList\",\"@id\":\"https:\\\/\\\/interamerica.org\\\/fr\\\/2021\\\/04\\\/manuel-wong-lopez-educateur-et-linguiste-eminent\\\/#breadcrumb\",\"itemListElement\":[{\"@type\":\"ListItem\",\"position\":1,\"name\":\"Home\",\"item\":\"https:\\\/\\\/interamerica.org\\\/fr\\\/\"},{\"@type\":\"ListItem\",\"position\":2,\"name\":\"Manuel Wong L\u00f3pez, \u00e9ducateur et linguiste \u00e9minent\"}]},{\"@type\":\"WebSite\",\"@id\":\"https:\\\/\\\/interamerica.org\\\/fr\\\/#website\",\"url\":\"https:\\\/\\\/interamerica.org\\\/fr\\\/\",\"name\":\"\u00c9glise Adventiste Du Septieme Jour - Inter Am\u00e9rique Division\",\"description\":\"\",\"potentialAction\":[{\"@type\":\"SearchAction\",\"target\":{\"@type\":\"EntryPoint\",\"urlTemplate\":\"https:\\\/\\\/interamerica.org\\\/fr\\\/?s={search_term_string}\"},\"query-input\":{\"@type\":\"PropertyValueSpecification\",\"valueRequired\":true,\"valueName\":\"search_term_string\"}}],\"inLanguage\":\"fr-FR\"},{\"@type\":\"Person\",\"@id\":\"https:\\\/\\\/interamerica.org\\\/fr\\\/#\\\/schema\\\/person\\\/29998f2bc2d8bd0d38662909289b54f1\",\"name\":\"libna\",\"image\":{\"@type\":\"ImageObject\",\"inLanguage\":\"fr-FR\",\"@id\":\"https:\\\/\\\/secure.gravatar.com\\\/avatar\\\/7c5bd30ae4b47a9ba3c856590957fd1d96dc588bf3ac05719d247e126840331f?s=96&d=mm&r=g\",\"url\":\"https:\\\/\\\/secure.gravatar.com\\\/avatar\\\/7c5bd30ae4b47a9ba3c856590957fd1d96dc588bf3ac05719d247e126840331f?s=96&d=mm&r=g\",\"contentUrl\":\"https:\\\/\\\/secure.gravatar.com\\\/avatar\\\/7c5bd30ae4b47a9ba3c856590957fd1d96dc588bf3ac05719d247e126840331f?s=96&d=mm&r=g\",\"caption\":\"libna\"}}]}<\/script>\n<!-- \/ Yoast SEO plugin. -->","yoast_head_json":{"title":"Manuel Wong L\u00f3pez, \u00e9ducateur et linguiste \u00e9minent - \u00c9glise Adventiste Du Septieme Jour - Inter Am\u00e9rique Division","robots":{"index":"index","follow":"follow","max-snippet":"max-snippet:-1","max-image-preview":"max-image-preview:large","max-video-preview":"max-video-preview:-1"},"canonical":"https:\/\/interamerica.org\/fr\/2021\/04\/manuel-wong-lopez-educateur-et-linguiste-eminent\/","og_locale":"fr_FR","og_type":"article","og_title":"Manuel Wong L\u00f3pez, \u00e9ducateur et linguiste \u00e9minent - \u00c9glise Adventiste Du Septieme Jour - Inter Am\u00e9rique Division","og_description":"8 Avril 2021 | Silver Spring, Maryland, \u00c9tats-Unis | par Mireya Estela Rodr\u00edguez Cet article est tir\u00e9 de l\u2019Encyclop\u00e9die des adventistes du septi\u00e8me jour (ESDA) qui est librement accessible sur...","og_url":"https:\/\/interamerica.org\/fr\/2021\/04\/manuel-wong-lopez-educateur-et-linguiste-eminent\/","og_site_name":"\u00c9glise Adventiste Du Septieme Jour - Inter Am\u00e9rique Division","article_published_time":"2021-04-08T13:40:25+00:00","article_modified_time":"2021-04-09T11:11:11+00:00","og_image":[{"width":1280,"height":800,"url":"https:\/\/interamerica.org\/wp-content\/uploads\/2021\/04\/glasses-1052010-1280.jpg","type":"image\/jpeg"}],"author":"libna","twitter_card":"summary_large_image","twitter_misc":{"\u00c9crit par":"libna","Dur\u00e9e de lecture estim\u00e9e":"4 minutes"},"schema":{"@context":"https:\/\/schema.org","@graph":[{"@type":"Article","@id":"https:\/\/interamerica.org\/fr\/2021\/04\/manuel-wong-lopez-educateur-et-linguiste-eminent\/#article","isPartOf":{"@id":"https:\/\/interamerica.org\/fr\/2021\/04\/manuel-wong-lopez-educateur-et-linguiste-eminent\/"},"author":{"name":"libna","@id":"https:\/\/interamerica.org\/fr\/#\/schema\/person\/29998f2bc2d8bd0d38662909289b54f1"},"headline":"Manuel Wong L\u00f3pez, \u00e9ducateur et linguiste \u00e9minent","datePublished":"2021-04-08T13:40:25+00:00","dateModified":"2021-04-09T11:11:11+00:00","mainEntityOfPage":{"@id":"https:\/\/interamerica.org\/fr\/2021\/04\/manuel-wong-lopez-educateur-et-linguiste-eminent\/"},"wordCount":897,"image":{"@id":"https:\/\/interamerica.org\/fr\/2021\/04\/manuel-wong-lopez-educateur-et-linguiste-eminent\/#primaryimage"},"thumbnailUrl":"https:\/\/interamerica.org\/wp-content\/uploads\/2021\/04\/glasses-1052010-1280.jpg","articleSection":["Nouvelles de l'\u00c9glise mondiale","RSS Fran\u00e7ais"],"inLanguage":"fr-FR"},{"@type":"WebPage","@id":"https:\/\/interamerica.org\/fr\/2021\/04\/manuel-wong-lopez-educateur-et-linguiste-eminent\/","url":"https:\/\/interamerica.org\/fr\/2021\/04\/manuel-wong-lopez-educateur-et-linguiste-eminent\/","name":"Manuel Wong L\u00f3pez, \u00e9ducateur et linguiste \u00e9minent - \u00c9glise Adventiste Du Septieme Jour - Inter Am\u00e9rique Division","isPartOf":{"@id":"https:\/\/interamerica.org\/fr\/#website"},"primaryImageOfPage":{"@id":"https:\/\/interamerica.org\/fr\/2021\/04\/manuel-wong-lopez-educateur-et-linguiste-eminent\/#primaryimage"},"image":{"@id":"https:\/\/interamerica.org\/fr\/2021\/04\/manuel-wong-lopez-educateur-et-linguiste-eminent\/#primaryimage"},"thumbnailUrl":"https:\/\/interamerica.org\/wp-content\/uploads\/2021\/04\/glasses-1052010-1280.jpg","datePublished":"2021-04-08T13:40:25+00:00","dateModified":"2021-04-09T11:11:11+00:00","author":{"@id":"https:\/\/interamerica.org\/fr\/#\/schema\/person\/29998f2bc2d8bd0d38662909289b54f1"},"breadcrumb":{"@id":"https:\/\/interamerica.org\/fr\/2021\/04\/manuel-wong-lopez-educateur-et-linguiste-eminent\/#breadcrumb"},"inLanguage":"fr-FR","potentialAction":[{"@type":"ReadAction","target":["https:\/\/interamerica.org\/fr\/2021\/04\/manuel-wong-lopez-educateur-et-linguiste-eminent\/"]}]},{"@type":"ImageObject","inLanguage":"fr-FR","@id":"https:\/\/interamerica.org\/fr\/2021\/04\/manuel-wong-lopez-educateur-et-linguiste-eminent\/#primaryimage","url":"https:\/\/interamerica.org\/wp-content\/uploads\/2021\/04\/glasses-1052010-1280.jpg","contentUrl":"https:\/\/interamerica.org\/wp-content\/uploads\/2021\/04\/glasses-1052010-1280.jpg","width":1280,"height":800,"caption":"[Photo: Pixabay]"},{"@type":"BreadcrumbList","@id":"https:\/\/interamerica.org\/fr\/2021\/04\/manuel-wong-lopez-educateur-et-linguiste-eminent\/#breadcrumb","itemListElement":[{"@type":"ListItem","position":1,"name":"Home","item":"https:\/\/interamerica.org\/fr\/"},{"@type":"ListItem","position":2,"name":"Manuel Wong L\u00f3pez, \u00e9ducateur et linguiste \u00e9minent"}]},{"@type":"WebSite","@id":"https:\/\/interamerica.org\/fr\/#website","url":"https:\/\/interamerica.org\/fr\/","name":"\u00c9glise Adventiste Du Septieme Jour - Inter Am\u00e9rique Division","description":"","potentialAction":[{"@type":"SearchAction","target":{"@type":"EntryPoint","urlTemplate":"https:\/\/interamerica.org\/fr\/?s={search_term_string}"},"query-input":{"@type":"PropertyValueSpecification","valueRequired":true,"valueName":"search_term_string"}}],"inLanguage":"fr-FR"},{"@type":"Person","@id":"https:\/\/interamerica.org\/fr\/#\/schema\/person\/29998f2bc2d8bd0d38662909289b54f1","name":"libna","image":{"@type":"ImageObject","inLanguage":"fr-FR","@id":"https:\/\/secure.gravatar.com\/avatar\/7c5bd30ae4b47a9ba3c856590957fd1d96dc588bf3ac05719d247e126840331f?s=96&d=mm&r=g","url":"https:\/\/secure.gravatar.com\/avatar\/7c5bd30ae4b47a9ba3c856590957fd1d96dc588bf3ac05719d247e126840331f?s=96&d=mm&r=g","contentUrl":"https:\/\/secure.gravatar.com\/avatar\/7c5bd30ae4b47a9ba3c856590957fd1d96dc588bf3ac05719d247e126840331f?s=96&d=mm&r=g","caption":"libna"}}]}},"_links":{"self":[{"href":"https:\/\/interamerica.org\/fr\/wp-json\/wp\/v2\/posts\/70632","targetHints":{"allow":["GET"]}}],"collection":[{"href":"https:\/\/interamerica.org\/fr\/wp-json\/wp\/v2\/posts"}],"about":[{"href":"https:\/\/interamerica.org\/fr\/wp-json\/wp\/v2\/types\/post"}],"author":[{"embeddable":true,"href":"https:\/\/interamerica.org\/fr\/wp-json\/wp\/v2\/users\/3"}],"replies":[{"embeddable":true,"href":"https:\/\/interamerica.org\/fr\/wp-json\/wp\/v2\/comments?post=70632"}],"version-history":[{"count":0,"href":"https:\/\/interamerica.org\/fr\/wp-json\/wp\/v2\/posts\/70632\/revisions"}],"wp:featuredmedia":[{"embeddable":true,"href":"https:\/\/interamerica.org\/fr\/wp-json\/wp\/v2\/media\/70607"}],"wp:attachment":[{"href":"https:\/\/interamerica.org\/fr\/wp-json\/wp\/v2\/media?parent=70632"}],"wp:term":[{"taxonomy":"category","embeddable":true,"href":"https:\/\/interamerica.org\/fr\/wp-json\/wp\/v2\/categories?post=70632"},{"taxonomy":"post_tag","embeddable":true,"href":"https:\/\/interamerica.org\/fr\/wp-json\/wp\/v2\/tags?post=70632"}],"curies":[{"name":"wp","href":"https:\/\/api.w.org\/{rel}","templated":true}]}}