{"id":70680,"date":"2021-04-12T18:03:08","date_gmt":"2021-04-12T22:03:08","guid":{"rendered":"https:\/\/recursing-golick.147-182-135-0.plesk.page\/?p=70680"},"modified":"2021-04-13T09:34:04","modified_gmt":"2021-04-13T13:34:04","slug":"adra-intervient-en-faisant-parvenir-une-aide-cruciale-a-saint-vincent-et-les-grenadines-ou-un-volcan-est-entre-en-eruption","status":"publish","type":"post","link":"https:\/\/interamerica.org\/fr\/2021\/04\/adra-intervient-en-faisant-parvenir-une-aide-cruciale-a-saint-vincent-et-les-grenadines-ou-un-volcan-est-entre-en-eruption\/","title":{"rendered":"ADRA intervient en faisant parvenir une aide cruciale \u00e0 Saint-Vincent et les Grenadines o\u00f9 un volcan est entr\u00e9 en \u00e9ruption"},"content":{"rendered":"<p>12 Avril 2021 | Silver Spring, Maryland, \u00c9tats-Unis | Par : ADRA International<\/p>\n<p style=\"font-weight: 400;\">Le vendredi 9 avril, La Soufri\u00e8re, le plus haut sommet de l\u2019\u00eele de Saint-Vincent-et-les Grenadines, est entr\u00e9 en \u00e9ruption, obligeant plus de 20000 personnes \u00e0 \u00e9vacuer. Des cendres et de la fum\u00e9e ont compl\u00e8tement rempli le ciel, recouvrant les quartiers et les rues de l\u2019\u00eele samedi et atteignant d\u2019autres \u00eeles comme la Barbade. Les cendres devraient encore tomber pendant les prochains jours, voire pendant les prochaines semaines, et pourraient atteindre m\u00eame la Jama\u00efque et certaines parties de l\u2019Am\u00e9rique du Sud, selon les responsables locaux. Les responsables s\u2019attendent \u00e9galement \u00e0 ce qu\u2019une autre \u00e9ruption plus importante se produise.<\/p>\n<p style=\"font-weight: 400;\">L\u2019Agence Adventiste de D\u00e9veloppement et de Secours (ADRA) travaille avec les autorit\u00e9s locales dans la Cara\u00efbe pour coordonner les secours.<\/p>\n<p style=\"font-weight: 400;\">\u00ab Nous avons d\u00e9couvert qu\u2019il y a de grands besoins en ce qui concerne les produits de premi\u00e8re n\u00e9cessit\u00e9 comme la nourriture, l\u2019eau, les kits d\u2019hygi\u00e8ne et de nettoyage et les \u00e9quipements de protection individuelle, \u00bb a dit Alexander Isaacs, directeur d\u2019ADRA pour l\u2019Union Carib\u00e9enne ; \u00ab Les besoins sont tr\u00e8s grands et nous travaillons 24 heures sur 24, pour faire parvenir ces produits essentiels aux personnes touch\u00e9es. \u00bb<\/p>\n<p style=\"font-weight: 400;\">ADRA travaille avec les \u00e9glises adventistes locales sous la direction de l\u2019Union Carib\u00e9enne et des autorit\u00e9s locales afin de mettre en place des abris et de fournir de 200 \u00e0 300 repas par jour. Au moins dix \u00e9coles et \u00e9glises adventistes sont d\u00e9sign\u00e9es comme abris officiels pour h\u00e9berger les personnes \u00e9vacu\u00e9es. En raison de la demande croissante, les distributions de repas seront multipli\u00e9es par deux au cours des jours \u00e0 venir jours dans le cadre de l\u2019intervention de secours.<\/p>\n<p style=\"font-weight: 400;\">\u00ab L\u2019\u00e9ruption a gravement affect\u00e9 les cultures et les arbres et a interrompu la distribution d\u2019eau potable de courant \u00e9lectrique dans toute l\u2019\u00eele. La qualit\u00e9 de l\u2019air est une pr\u00e9occupation majeure sur l\u2019ensemble de l\u2019\u00eele, car elle pourrait avoir un impact sur les personnes souffrant de probl\u00e8mes respiratoires. Un autre probl\u00e8me est celui de devoir \u00e9galement faire face aux infections d\u00fbes \u00e0 la COVID-19, qui demeure une menace pour les personnes qui se retrouvent oblig\u00e9es d\u2019\u00e9vacuer et de se rassembler dans des abris, \u00bb a expliqu\u00e9 Alexander Isaacs.<\/p>\n<p style=\"font-weight: 400;\">L\u2019\u00e9ruption la plus meurtri\u00e8re du volcan La Soufri\u00e8re s\u2019est produite le 6 mai 1902, tuant pr\u00e8s de 1600 personnes, selon un rapport d\u2019informations. La derni\u00e8re \u00e9ruption qui s\u2019est produite sur l\u2019\u00eele a eu lieu en avril 1979, sans faire de victimes.<\/p>\n<p style=\"font-weight: 400;\">Pour apporter votre aide \u00e0 l\u2019intervention d\u2019urgence d\u2019ADRA \u00e0 Saint-Vincent-et-les Grenadines, visitez le site <a href=\"http:\/\/adra.org\/disasters\" data-saferedirecturl=\"https:\/\/www.google.com\/url?q=http:\/\/adra.org\/disasters&amp;source=gmail&amp;ust=1618345240341000&amp;usg=AFQjCNFosX4E-2IfTJC7KZQlncWw_t4Nqw\">ADRA.org\/Disasters<\/a>.<\/p>\n<p>Traduction: Patrick Luciathe<\/p>\n","protected":false},"excerpt":{"rendered":"<p>12 Avril 2021 | Silver Spring, Maryland, \u00c9tats-Unis | Par : ADRA International Le vendredi 9 avril, La Soufri\u00e8re, le plus haut sommet de l\u2019\u00eele de Saint-Vincent-et-les Grenadines, est entr\u00e9&#8230;<\/p>\n","protected":false},"author":3,"featured_media":70676,"comment_status":"closed","ping_status":"closed","sticky":false,"template":"","format":"standard","meta":{"_acf_changed":false,"footnotes":""},"categories":[18,19],"tags":[],"class_list":["post-70680","post","type-post","status-publish","format-standard","has-post-thumbnail","hentry","category-nouvelles-de-leglise-mondiale","category-rss-francais"],"acf":[],"yoast_head":"<!-- This site is optimized with the Yoast SEO plugin v27.3 - https:\/\/yoast.com\/product\/yoast-seo-wordpress\/ -->\n<title>ADRA intervient en faisant parvenir une aide cruciale \u00e0 Saint-Vincent et les Grenadines o\u00f9 un volcan est entr\u00e9 en \u00e9ruption - \u00c9glise Adventiste Du Septieme Jour - Inter Am\u00e9rique Division<\/title>\n<meta name=\"robots\" content=\"index, follow, max-snippet:-1, max-image-preview:large, max-video-preview:-1\" \/>\n<link rel=\"canonical\" href=\"https:\/\/interamerica.org\/fr\/2021\/04\/adra-intervient-en-faisant-parvenir-une-aide-cruciale-a-saint-vincent-et-les-grenadines-ou-un-volcan-est-entre-en-eruption\/\" \/>\n<meta property=\"og:locale\" content=\"fr_FR\" \/>\n<meta property=\"og:type\" content=\"article\" \/>\n<meta property=\"og:title\" content=\"ADRA intervient en faisant parvenir une aide cruciale \u00e0 Saint-Vincent et les Grenadines o\u00f9 un volcan est entr\u00e9 en \u00e9ruption - \u00c9glise Adventiste Du Septieme Jour - Inter Am\u00e9rique Division\" \/>\n<meta property=\"og:description\" content=\"12 Avril 2021 | Silver Spring, Maryland, \u00c9tats-Unis | Par : ADRA International Le vendredi 9 avril, La Soufri\u00e8re, le plus haut sommet de l\u2019\u00eele de Saint-Vincent-et-les Grenadines, est entr\u00e9...\" \/>\n<meta property=\"og:url\" content=\"https:\/\/interamerica.org\/fr\/2021\/04\/adra-intervient-en-faisant-parvenir-une-aide-cruciale-a-saint-vincent-et-les-grenadines-ou-un-volcan-est-entre-en-eruption\/\" \/>\n<meta property=\"og:site_name\" content=\"\u00c9glise Adventiste Du Septieme Jour - Inter Am\u00e9rique Division\" \/>\n<meta property=\"article:published_time\" content=\"2021-04-12T22:03:08+00:00\" \/>\n<meta property=\"article:modified_time\" content=\"2021-04-13T13:34:04+00:00\" \/>\n<meta property=\"og:image\" content=\"https:\/\/interamerica.org\/wp-content\/uploads\/2021\/04\/stvincent-adra.jpg\" \/>\n\t<meta property=\"og:image:width\" content=\"1280\" \/>\n\t<meta property=\"og:image:height\" content=\"800\" \/>\n\t<meta property=\"og:image:type\" content=\"image\/jpeg\" \/>\n<meta name=\"author\" content=\"libna\" \/>\n<meta name=\"twitter:card\" content=\"summary_large_image\" \/>\n<meta name=\"twitter:label1\" content=\"\u00c9crit par\" \/>\n\t<meta name=\"twitter:data1\" content=\"libna\" \/>\n\t<meta name=\"twitter:label2\" content=\"Dur\u00e9e de lecture estim\u00e9e\" \/>\n\t<meta name=\"twitter:data2\" content=\"2 minutes\" \/>\n<script type=\"application\/ld+json\" class=\"yoast-schema-graph\">{\"@context\":\"https:\\\/\\\/schema.org\",\"@graph\":[{\"@type\":\"Article\",\"@id\":\"https:\\\/\\\/interamerica.org\\\/fr\\\/2021\\\/04\\\/adra-intervient-en-faisant-parvenir-une-aide-cruciale-a-saint-vincent-et-les-grenadines-ou-un-volcan-est-entre-en-eruption\\\/#article\",\"isPartOf\":{\"@id\":\"https:\\\/\\\/interamerica.org\\\/fr\\\/2021\\\/04\\\/adra-intervient-en-faisant-parvenir-une-aide-cruciale-a-saint-vincent-et-les-grenadines-ou-un-volcan-est-entre-en-eruption\\\/\"},\"author\":{\"name\":\"libna\",\"@id\":\"https:\\\/\\\/interamerica.org\\\/fr\\\/#\\\/schema\\\/person\\\/29998f2bc2d8bd0d38662909289b54f1\"},\"headline\":\"ADRA intervient en faisant parvenir une aide cruciale \u00e0 Saint-Vincent et les Grenadines o\u00f9 un volcan est entr\u00e9 en \u00e9ruption\",\"datePublished\":\"2021-04-12T22:03:08+00:00\",\"dateModified\":\"2021-04-13T13:34:04+00:00\",\"mainEntityOfPage\":{\"@id\":\"https:\\\/\\\/interamerica.org\\\/fr\\\/2021\\\/04\\\/adra-intervient-en-faisant-parvenir-une-aide-cruciale-a-saint-vincent-et-les-grenadines-ou-un-volcan-est-entre-en-eruption\\\/\"},\"wordCount\":478,\"image\":{\"@id\":\"https:\\\/\\\/interamerica.org\\\/fr\\\/2021\\\/04\\\/adra-intervient-en-faisant-parvenir-une-aide-cruciale-a-saint-vincent-et-les-grenadines-ou-un-volcan-est-entre-en-eruption\\\/#primaryimage\"},\"thumbnailUrl\":\"https:\\\/\\\/interamerica.org\\\/wp-content\\\/uploads\\\/2021\\\/04\\\/stvincent-adra.jpg\",\"articleSection\":[\"Nouvelles de l'\u00c9glise mondiale\",\"RSS Fran\u00e7ais\"],\"inLanguage\":\"fr-FR\"},{\"@type\":\"WebPage\",\"@id\":\"https:\\\/\\\/interamerica.org\\\/fr\\\/2021\\\/04\\\/adra-intervient-en-faisant-parvenir-une-aide-cruciale-a-saint-vincent-et-les-grenadines-ou-un-volcan-est-entre-en-eruption\\\/\",\"url\":\"https:\\\/\\\/interamerica.org\\\/fr\\\/2021\\\/04\\\/adra-intervient-en-faisant-parvenir-une-aide-cruciale-a-saint-vincent-et-les-grenadines-ou-un-volcan-est-entre-en-eruption\\\/\",\"name\":\"ADRA intervient en faisant parvenir une aide cruciale \u00e0 Saint-Vincent et les Grenadines o\u00f9 un volcan est entr\u00e9 en \u00e9ruption - \u00c9glise Adventiste Du Septieme Jour - Inter Am\u00e9rique Division\",\"isPartOf\":{\"@id\":\"https:\\\/\\\/interamerica.org\\\/fr\\\/#website\"},\"primaryImageOfPage\":{\"@id\":\"https:\\\/\\\/interamerica.org\\\/fr\\\/2021\\\/04\\\/adra-intervient-en-faisant-parvenir-une-aide-cruciale-a-saint-vincent-et-les-grenadines-ou-un-volcan-est-entre-en-eruption\\\/#primaryimage\"},\"image\":{\"@id\":\"https:\\\/\\\/interamerica.org\\\/fr\\\/2021\\\/04\\\/adra-intervient-en-faisant-parvenir-une-aide-cruciale-a-saint-vincent-et-les-grenadines-ou-un-volcan-est-entre-en-eruption\\\/#primaryimage\"},\"thumbnailUrl\":\"https:\\\/\\\/interamerica.org\\\/wp-content\\\/uploads\\\/2021\\\/04\\\/stvincent-adra.jpg\",\"datePublished\":\"2021-04-12T22:03:08+00:00\",\"dateModified\":\"2021-04-13T13:34:04+00:00\",\"author\":{\"@id\":\"https:\\\/\\\/interamerica.org\\\/fr\\\/#\\\/schema\\\/person\\\/29998f2bc2d8bd0d38662909289b54f1\"},\"breadcrumb\":{\"@id\":\"https:\\\/\\\/interamerica.org\\\/fr\\\/2021\\\/04\\\/adra-intervient-en-faisant-parvenir-une-aide-cruciale-a-saint-vincent-et-les-grenadines-ou-un-volcan-est-entre-en-eruption\\\/#breadcrumb\"},\"inLanguage\":\"fr-FR\",\"potentialAction\":[{\"@type\":\"ReadAction\",\"target\":[\"https:\\\/\\\/interamerica.org\\\/fr\\\/2021\\\/04\\\/adra-intervient-en-faisant-parvenir-une-aide-cruciale-a-saint-vincent-et-les-grenadines-ou-un-volcan-est-entre-en-eruption\\\/\"]}]},{\"@type\":\"ImageObject\",\"inLanguage\":\"fr-FR\",\"@id\":\"https:\\\/\\\/interamerica.org\\\/fr\\\/2021\\\/04\\\/adra-intervient-en-faisant-parvenir-une-aide-cruciale-a-saint-vincent-et-les-grenadines-ou-un-volcan-est-entre-en-eruption\\\/#primaryimage\",\"url\":\"https:\\\/\\\/interamerica.org\\\/wp-content\\\/uploads\\\/2021\\\/04\\\/stvincent-adra.jpg\",\"contentUrl\":\"https:\\\/\\\/interamerica.org\\\/wp-content\\\/uploads\\\/2021\\\/04\\\/stvincent-adra.jpg\",\"width\":1280,\"height\":800,\"caption\":\"[Photo:\"},{\"@type\":\"BreadcrumbList\",\"@id\":\"https:\\\/\\\/interamerica.org\\\/fr\\\/2021\\\/04\\\/adra-intervient-en-faisant-parvenir-une-aide-cruciale-a-saint-vincent-et-les-grenadines-ou-un-volcan-est-entre-en-eruption\\\/#breadcrumb\",\"itemListElement\":[{\"@type\":\"ListItem\",\"position\":1,\"name\":\"Home\",\"item\":\"https:\\\/\\\/interamerica.org\\\/fr\\\/\"},{\"@type\":\"ListItem\",\"position\":2,\"name\":\"ADRA intervient en faisant parvenir une aide cruciale \u00e0 Saint-Vincent et les Grenadines o\u00f9 un volcan est entr\u00e9 en \u00e9ruption\"}]},{\"@type\":\"WebSite\",\"@id\":\"https:\\\/\\\/interamerica.org\\\/fr\\\/#website\",\"url\":\"https:\\\/\\\/interamerica.org\\\/fr\\\/\",\"name\":\"\u00c9glise Adventiste Du Septieme Jour - Inter Am\u00e9rique Division\",\"description\":\"\",\"potentialAction\":[{\"@type\":\"SearchAction\",\"target\":{\"@type\":\"EntryPoint\",\"urlTemplate\":\"https:\\\/\\\/interamerica.org\\\/fr\\\/?s={search_term_string}\"},\"query-input\":{\"@type\":\"PropertyValueSpecification\",\"valueRequired\":true,\"valueName\":\"search_term_string\"}}],\"inLanguage\":\"fr-FR\"},{\"@type\":\"Person\",\"@id\":\"https:\\\/\\\/interamerica.org\\\/fr\\\/#\\\/schema\\\/person\\\/29998f2bc2d8bd0d38662909289b54f1\",\"name\":\"libna\",\"image\":{\"@type\":\"ImageObject\",\"inLanguage\":\"fr-FR\",\"@id\":\"https:\\\/\\\/secure.gravatar.com\\\/avatar\\\/7c5bd30ae4b47a9ba3c856590957fd1d96dc588bf3ac05719d247e126840331f?s=96&d=mm&r=g\",\"url\":\"https:\\\/\\\/secure.gravatar.com\\\/avatar\\\/7c5bd30ae4b47a9ba3c856590957fd1d96dc588bf3ac05719d247e126840331f?s=96&d=mm&r=g\",\"contentUrl\":\"https:\\\/\\\/secure.gravatar.com\\\/avatar\\\/7c5bd30ae4b47a9ba3c856590957fd1d96dc588bf3ac05719d247e126840331f?s=96&d=mm&r=g\",\"caption\":\"libna\"}}]}<\/script>\n<!-- \/ Yoast SEO plugin. -->","yoast_head_json":{"title":"ADRA intervient en faisant parvenir une aide cruciale \u00e0 Saint-Vincent et les Grenadines o\u00f9 un volcan est entr\u00e9 en \u00e9ruption - \u00c9glise Adventiste Du Septieme Jour - Inter Am\u00e9rique Division","robots":{"index":"index","follow":"follow","max-snippet":"max-snippet:-1","max-image-preview":"max-image-preview:large","max-video-preview":"max-video-preview:-1"},"canonical":"https:\/\/interamerica.org\/fr\/2021\/04\/adra-intervient-en-faisant-parvenir-une-aide-cruciale-a-saint-vincent-et-les-grenadines-ou-un-volcan-est-entre-en-eruption\/","og_locale":"fr_FR","og_type":"article","og_title":"ADRA intervient en faisant parvenir une aide cruciale \u00e0 Saint-Vincent et les Grenadines o\u00f9 un volcan est entr\u00e9 en \u00e9ruption - \u00c9glise Adventiste Du Septieme Jour - Inter Am\u00e9rique Division","og_description":"12 Avril 2021 | Silver Spring, Maryland, \u00c9tats-Unis | Par : ADRA International Le vendredi 9 avril, La Soufri\u00e8re, le plus haut sommet de l\u2019\u00eele de Saint-Vincent-et-les Grenadines, est entr\u00e9...","og_url":"https:\/\/interamerica.org\/fr\/2021\/04\/adra-intervient-en-faisant-parvenir-une-aide-cruciale-a-saint-vincent-et-les-grenadines-ou-un-volcan-est-entre-en-eruption\/","og_site_name":"\u00c9glise Adventiste Du Septieme Jour - Inter Am\u00e9rique Division","article_published_time":"2021-04-12T22:03:08+00:00","article_modified_time":"2021-04-13T13:34:04+00:00","og_image":[{"width":1280,"height":800,"url":"https:\/\/interamerica.org\/wp-content\/uploads\/2021\/04\/stvincent-adra.jpg","type":"image\/jpeg"}],"author":"libna","twitter_card":"summary_large_image","twitter_misc":{"\u00c9crit par":"libna","Dur\u00e9e de lecture estim\u00e9e":"2 minutes"},"schema":{"@context":"https:\/\/schema.org","@graph":[{"@type":"Article","@id":"https:\/\/interamerica.org\/fr\/2021\/04\/adra-intervient-en-faisant-parvenir-une-aide-cruciale-a-saint-vincent-et-les-grenadines-ou-un-volcan-est-entre-en-eruption\/#article","isPartOf":{"@id":"https:\/\/interamerica.org\/fr\/2021\/04\/adra-intervient-en-faisant-parvenir-une-aide-cruciale-a-saint-vincent-et-les-grenadines-ou-un-volcan-est-entre-en-eruption\/"},"author":{"name":"libna","@id":"https:\/\/interamerica.org\/fr\/#\/schema\/person\/29998f2bc2d8bd0d38662909289b54f1"},"headline":"ADRA intervient en faisant parvenir une aide cruciale \u00e0 Saint-Vincent et les Grenadines o\u00f9 un volcan est entr\u00e9 en \u00e9ruption","datePublished":"2021-04-12T22:03:08+00:00","dateModified":"2021-04-13T13:34:04+00:00","mainEntityOfPage":{"@id":"https:\/\/interamerica.org\/fr\/2021\/04\/adra-intervient-en-faisant-parvenir-une-aide-cruciale-a-saint-vincent-et-les-grenadines-ou-un-volcan-est-entre-en-eruption\/"},"wordCount":478,"image":{"@id":"https:\/\/interamerica.org\/fr\/2021\/04\/adra-intervient-en-faisant-parvenir-une-aide-cruciale-a-saint-vincent-et-les-grenadines-ou-un-volcan-est-entre-en-eruption\/#primaryimage"},"thumbnailUrl":"https:\/\/interamerica.org\/wp-content\/uploads\/2021\/04\/stvincent-adra.jpg","articleSection":["Nouvelles de l'\u00c9glise mondiale","RSS Fran\u00e7ais"],"inLanguage":"fr-FR"},{"@type":"WebPage","@id":"https:\/\/interamerica.org\/fr\/2021\/04\/adra-intervient-en-faisant-parvenir-une-aide-cruciale-a-saint-vincent-et-les-grenadines-ou-un-volcan-est-entre-en-eruption\/","url":"https:\/\/interamerica.org\/fr\/2021\/04\/adra-intervient-en-faisant-parvenir-une-aide-cruciale-a-saint-vincent-et-les-grenadines-ou-un-volcan-est-entre-en-eruption\/","name":"ADRA intervient en faisant parvenir une aide cruciale \u00e0 Saint-Vincent et les Grenadines o\u00f9 un volcan est entr\u00e9 en \u00e9ruption - \u00c9glise Adventiste Du Septieme Jour - Inter Am\u00e9rique Division","isPartOf":{"@id":"https:\/\/interamerica.org\/fr\/#website"},"primaryImageOfPage":{"@id":"https:\/\/interamerica.org\/fr\/2021\/04\/adra-intervient-en-faisant-parvenir-une-aide-cruciale-a-saint-vincent-et-les-grenadines-ou-un-volcan-est-entre-en-eruption\/#primaryimage"},"image":{"@id":"https:\/\/interamerica.org\/fr\/2021\/04\/adra-intervient-en-faisant-parvenir-une-aide-cruciale-a-saint-vincent-et-les-grenadines-ou-un-volcan-est-entre-en-eruption\/#primaryimage"},"thumbnailUrl":"https:\/\/interamerica.org\/wp-content\/uploads\/2021\/04\/stvincent-adra.jpg","datePublished":"2021-04-12T22:03:08+00:00","dateModified":"2021-04-13T13:34:04+00:00","author":{"@id":"https:\/\/interamerica.org\/fr\/#\/schema\/person\/29998f2bc2d8bd0d38662909289b54f1"},"breadcrumb":{"@id":"https:\/\/interamerica.org\/fr\/2021\/04\/adra-intervient-en-faisant-parvenir-une-aide-cruciale-a-saint-vincent-et-les-grenadines-ou-un-volcan-est-entre-en-eruption\/#breadcrumb"},"inLanguage":"fr-FR","potentialAction":[{"@type":"ReadAction","target":["https:\/\/interamerica.org\/fr\/2021\/04\/adra-intervient-en-faisant-parvenir-une-aide-cruciale-a-saint-vincent-et-les-grenadines-ou-un-volcan-est-entre-en-eruption\/"]}]},{"@type":"ImageObject","inLanguage":"fr-FR","@id":"https:\/\/interamerica.org\/fr\/2021\/04\/adra-intervient-en-faisant-parvenir-une-aide-cruciale-a-saint-vincent-et-les-grenadines-ou-un-volcan-est-entre-en-eruption\/#primaryimage","url":"https:\/\/interamerica.org\/wp-content\/uploads\/2021\/04\/stvincent-adra.jpg","contentUrl":"https:\/\/interamerica.org\/wp-content\/uploads\/2021\/04\/stvincent-adra.jpg","width":1280,"height":800,"caption":"[Photo:"},{"@type":"BreadcrumbList","@id":"https:\/\/interamerica.org\/fr\/2021\/04\/adra-intervient-en-faisant-parvenir-une-aide-cruciale-a-saint-vincent-et-les-grenadines-ou-un-volcan-est-entre-en-eruption\/#breadcrumb","itemListElement":[{"@type":"ListItem","position":1,"name":"Home","item":"https:\/\/interamerica.org\/fr\/"},{"@type":"ListItem","position":2,"name":"ADRA intervient en faisant parvenir une aide cruciale \u00e0 Saint-Vincent et les Grenadines o\u00f9 un volcan est entr\u00e9 en \u00e9ruption"}]},{"@type":"WebSite","@id":"https:\/\/interamerica.org\/fr\/#website","url":"https:\/\/interamerica.org\/fr\/","name":"\u00c9glise Adventiste Du Septieme Jour - Inter Am\u00e9rique Division","description":"","potentialAction":[{"@type":"SearchAction","target":{"@type":"EntryPoint","urlTemplate":"https:\/\/interamerica.org\/fr\/?s={search_term_string}"},"query-input":{"@type":"PropertyValueSpecification","valueRequired":true,"valueName":"search_term_string"}}],"inLanguage":"fr-FR"},{"@type":"Person","@id":"https:\/\/interamerica.org\/fr\/#\/schema\/person\/29998f2bc2d8bd0d38662909289b54f1","name":"libna","image":{"@type":"ImageObject","inLanguage":"fr-FR","@id":"https:\/\/secure.gravatar.com\/avatar\/7c5bd30ae4b47a9ba3c856590957fd1d96dc588bf3ac05719d247e126840331f?s=96&d=mm&r=g","url":"https:\/\/secure.gravatar.com\/avatar\/7c5bd30ae4b47a9ba3c856590957fd1d96dc588bf3ac05719d247e126840331f?s=96&d=mm&r=g","contentUrl":"https:\/\/secure.gravatar.com\/avatar\/7c5bd30ae4b47a9ba3c856590957fd1d96dc588bf3ac05719d247e126840331f?s=96&d=mm&r=g","caption":"libna"}}]}},"_links":{"self":[{"href":"https:\/\/interamerica.org\/fr\/wp-json\/wp\/v2\/posts\/70680","targetHints":{"allow":["GET"]}}],"collection":[{"href":"https:\/\/interamerica.org\/fr\/wp-json\/wp\/v2\/posts"}],"about":[{"href":"https:\/\/interamerica.org\/fr\/wp-json\/wp\/v2\/types\/post"}],"author":[{"embeddable":true,"href":"https:\/\/interamerica.org\/fr\/wp-json\/wp\/v2\/users\/3"}],"replies":[{"embeddable":true,"href":"https:\/\/interamerica.org\/fr\/wp-json\/wp\/v2\/comments?post=70680"}],"version-history":[{"count":0,"href":"https:\/\/interamerica.org\/fr\/wp-json\/wp\/v2\/posts\/70680\/revisions"}],"wp:featuredmedia":[{"embeddable":true,"href":"https:\/\/interamerica.org\/fr\/wp-json\/wp\/v2\/media\/70676"}],"wp:attachment":[{"href":"https:\/\/interamerica.org\/fr\/wp-json\/wp\/v2\/media?parent=70680"}],"wp:term":[{"taxonomy":"category","embeddable":true,"href":"https:\/\/interamerica.org\/fr\/wp-json\/wp\/v2\/categories?post=70680"},{"taxonomy":"post_tag","embeddable":true,"href":"https:\/\/interamerica.org\/fr\/wp-json\/wp\/v2\/tags?post=70680"}],"curies":[{"name":"wp","href":"https:\/\/api.w.org\/{rel}","templated":true}]}}