{"id":70770,"date":"2021-04-14T07:00:02","date_gmt":"2021-04-14T11:00:02","guid":{"rendered":"https:\/\/recursing-golick.147-182-135-0.plesk.page\/?p=70770"},"modified":"2021-04-14T16:41:53","modified_gmt":"2021-04-14T20:41:53","slug":"le-tresorier-de-leglise-adventiste-juan-prestol-puesan-annonce-son-depart-a-la-retraite","status":"publish","type":"post","link":"https:\/\/interamerica.org\/fr\/2021\/04\/le-tresorier-de-leglise-adventiste-juan-prestol-puesan-annonce-son-depart-a-la-retraite\/","title":{"rendered":"Le tr\u00e9sorier de l\u2019\u00c9glise adventiste, Juan Prestol-Pues\u00e1n, annonce son d\u00e9part \u00e0 la retraite"},"content":{"rendered":"<p><em>Cet administrateur exp\u00e9riment\u00e9 a servi pendant des d\u00e9cennies sur plusieurs continents et \u00e0 diff\u00e9rentes fonctions.<\/em><\/p>\n<p>13 Avril 2021 | Silver Spring, Maryland, \u00c9tats Unis | Par : Marcos Paseggi, <em>Adventist Review<\/em><\/p>\n<p><span class=\"cap\">J<\/span>uan Rafael Prestol-Pues\u00e1n, tr\u00e9sorier de la Conf\u00e9rence G\u00e9n\u00e9rale de l\u2019\u00c9glise adventiste du septi\u00e8me jour depuis 2015, a annonc\u00e9 qu\u2019il prendrait sa retraite le 1er ao\u00fbt 2021. Son service dans la d\u00e9nomination s\u2019est \u00e9tal\u00e9 sur 50 ans au cours desquels il a servi dans trois divisions mondiales. Le pr\u00e9sident de l\u2019\u00c9glise adventiste, Ted N.C. Wilson, a partag\u00e9 l\u2019information avec des centaines de membres du Comit\u00e9 Ex\u00e9cutif de la Conf\u00e9rence G\u00e9n\u00e9rale (GC EXCOM) le 13 avril 2021, lors de la journ\u00e9e d\u2019ouverture du Concile de Printemps, l\u2019une des deux rencontres administratives annuelles de l\u2019\u00c9glise mondiale.<\/p>\n<p>\u00ab C\u2019est avec un m\u00e9lange de conviction et de tristesse que je vous communique mon intention de partir \u00e0 la retraite \u00e0 compter du 1er ao\u00fbt 2021, \u00bb a-t-il \u00e9crit quelques heures avant que Ted Wilson ne rende l\u2019annonce officielle. Maintenant, il aidera \u00e0 coordonner une p\u00e9riode de transition et aidera \u00e0 son remplacement, a annonc\u00e9 Ted Wilson<\/p>\n<p><div id=\"attachment_70718\" style=\"width: 818px\" class=\"wp-caption aligncenter\"><img fetchpriority=\"high\" decoding=\"async\" aria-describedby=\"caption-attachment-70718\" class=\" wp-image-70718\" src=\"https:\/\/recursing-golick.147-182-135-0.plesk.page\/wp-content\/uploads\/2021\/04\/adventist-church-treasurer-juan-prestol-puesan-announces-retirement1.jpg\" alt=\"\" width=\"808\" height=\"505\" srcset=\"https:\/\/interamerica.org\/wp-content\/uploads\/2021\/04\/adventist-church-treasurer-juan-prestol-puesan-announces-retirement1.jpg 1000w, https:\/\/interamerica.org\/wp-content\/uploads\/2021\/04\/adventist-church-treasurer-juan-prestol-puesan-announces-retirement1-300x188.jpg 300w, https:\/\/interamerica.org\/wp-content\/uploads\/2021\/04\/adventist-church-treasurer-juan-prestol-puesan-announces-retirement1-768x480.jpg 768w\" sizes=\"(max-width: 808px) 100vw, 808px\" \/><p id=\"caption-attachment-70718\" class=\"wp-caption-text\">Juan Prestol-Pues\u00e1n, tr\u00e9sorier de l\u2019\u00c9glise adventiste du septi\u00e8me jour au niveau mondial depuis 2015, a annonc\u00e9 qu\u2019il prendrait sa retraite le 1er Aout 2021. [Photo: Adventist Media Exchange]<\/p><\/div>Juan Prestol-Pues\u00e1n a occup\u00e9 des fonctions dans le domaine de la tr\u00e9sorerie dans l\u2019\u00c9glise adventiste depuis l\u2019obtention de son dipl\u00f4me universitaire \u00e0 la fin des ann\u00e9es 1960. Il est n\u00e9 \u00e0 Santo Domingo, en R\u00e9publique Dominicaine, et a commenc\u00e9 \u00e0 travailler pour l\u2019\u00c9glise adventiste en 1969 en tant que comptable \u00e0 la F\u00e9d\u00e9ration Dominicaine. En 1972, il a commenc\u00e9 \u00e0 servir en tant que tr\u00e9sorier de la Mission Dominicaine du Nord. Le 17 d\u00e9cembre 1976, il a \u00e9t\u00e9 consacr\u00e9 et a continu\u00e9 \u00e0 servir la mission jusqu\u2019en 1977, lorsqu\u2019il s\u2019est retir\u00e9 pour terminer une Ma\u00eetrise en Administration des Entreprises \u00e0 l\u2019Universit\u00e9 Andrews \u00e0 Berrien Springs, dans le Michigan, aux \u00c9tats-Unis.<\/p>\n<p>Apr\u00e8s avoir obtenu sa Ma\u00eetrise en Administration des Entreprises en 1980, Juan Prestol-Pues\u00e1n a servi comme tr\u00e9sorier de la F\u00e9d\u00e9ration du Greater New York \u00e0 Manhasset, dans l\u2019\u00e9tat de New York. En 1987, il a \u00e9t\u00e9 \u00e9lu sous-tr\u00e9sorier de l\u2019Union de F\u00e9d\u00e9rations de l\u2019Atlantique \u00e0 South Lancaster, dans le Massachusetts, et plus tard a servi comme tr\u00e9sorier de la r\u00e9gion.<\/p>\n<p>En 1993, Juan Prestol-Pues\u00e1n s\u2019est rendu \u00e0 Moscou, en Russie, pour servir en tant que tr\u00e9sorier de la Division Eurasienne. Apr\u00e8s son mandat en Russie, Juan Prestol-Pues\u00e1n s\u2019est \u00e9tabli \u00e0 Silver Spring, dans le Maryland, aux \u00c9tats-Unis, en 1996, o\u00f9 il a \u00e9t\u00e9 tr\u00e9sorier adjoint puis tr\u00e9sorier de la Division Nord-Am\u00e9ricaine. Il a \u00e9t\u00e9 \u00e9lu sous-tr\u00e9sorier de la Conf\u00e9rence G\u00e9n\u00e9rale en 2007. Tout en servant \u00e0 la Conf\u00e9rence G\u00e9n\u00e9rale, il a achev\u00e9 un doctorat en leadership \u00e0 la Facult\u00e9 d\u2019\u00c9ducation de l\u2019Universit\u00e9 d\u2019Andrews en Juin 2014.<\/p>\n<p>Juan Prestol-Pues\u00e1n est mari\u00e9 \u00e0 Belkis Dom\u00ednguez et a deux filles adultes et deux petits-enfants.<\/p>\n<p>En partageant l\u2019information avec des centaines de dirigeants de l\u2019\u00c9glise, Ted Wilson a soulign\u00e9 les qualit\u00e9s exceptionnelles de Juan Prestol-Pues\u00e1n dans son service \u00e0 l\u2019\u00e9glise. \u00ab Il est un professionnel \u00e0 part enti\u00e8re, \u00bb a d\u00e9clar\u00e9 Ted Wilson, \u00ab un tr\u00e9sorier tr\u00e8s prudent et une personne attentionn\u00e9e. \u00bb<\/p>\n<p>Pasteur Wilson a not\u00e9 la forte emphase que pla\u00e7ait Juan Prestol-Pues\u00e1n sur le leadership et un service impeccable. \u00ab C\u2019est une personne tr\u00e8s attach\u00e9e \u00e0 l\u2019\u00e9thique et tr\u00e8s orient\u00e9e vers la mission, \u00bb a dit Ted Wilson. \u00ab Une personne tr\u00e8s spirituelle et un grand pr\u00e9dicateur. \u00bb<\/p>\n<p>Le pr\u00e9sident de l\u2019\u00c9glise adventiste a \u00e9galement d\u00e9clar\u00e9 que Juan Prestol-Pues\u00e1n a toujours fait preuve d\u2019un grand int\u00e9r\u00eat pour la mani\u00e8re dont Dieu pourvoit pour son peuple. \u00ab Ce fut un immense privil\u00e8ge de travailler avec toi, \u00bb a conclu pasteur Ted Wilson.<\/p>\n<p>R\u00e9agissant aux commentaires de Ted Wilson, Juan Prestol-Pues\u00e1n a soulign\u00e9 son histoire et la direction de Dieu dans sa vie au fil des ann\u00e9es. En tant que fils d\u2019un capitaine de marine qui a grandi pr\u00e8s de la mer dans un environnement hispanophone, il n\u2019avait jamais imagin\u00e9 qu\u2019un jour il voyagerait avec sa famille pour continuer \u00e0 \u00e9tudier et \u00e0 servir. \u00ab J\u2019ai appris l\u2019anglais quand je suis arriv\u00e9 aux \u00c9tats-Unis il y a 44 ans, \u00bb a-t-il expliqu\u00e9. \u00ab Je n\u2019ai jamais pens\u00e9 que je travaillerais jusqu\u2019\u00e0 servir l\u2019\u00e9glise \u00e0 la Conf\u00e9rence G\u00e9n\u00e9rale. \u00bb<\/p>\n<p>Juan Prestol-Pues\u00e1n a remerci\u00e9 son \u00e9quipe du d\u00e9partement financier de la Conf\u00e9rence G\u00e9n\u00e9rale et Ted Wilson pour leur soutien continu. \u00ab Je vous souhaite les b\u00e9n\u00e9dictions du Seigneur alors que vous continuez \u00e0 diriger, \u00bb a-t-il dit \u00e0 pasteur Ted Wilson. Dans le m\u00eame temps, il a consacr\u00e9 sa plus sinc\u00e8re expression de gratitude \u00e0 la direction de Dieu dans sa vie au fil des ann\u00e9es. \u00ab Je veux donner toute la gloire au Seigneur, \u00bb a-t-il dit. \u00ab Ce fut un privil\u00e8ge pour moi de servir. \u00bb<\/p>\n<p>Traduction: Patrick Luciathe<\/p>\n","protected":false},"excerpt":{"rendered":"<p>Cet administrateur exp\u00e9riment\u00e9 a servi pendant des d\u00e9cennies sur plusieurs continents et \u00e0 diff\u00e9rentes fonctions. 13 Avril 2021 | Silver Spring, Maryland, \u00c9tats Unis | Par : Marcos Paseggi, Adventist&#8230;<\/p>\n","protected":false},"author":3,"featured_media":70718,"comment_status":"closed","ping_status":"closed","sticky":false,"template":"","format":"standard","meta":{"_acf_changed":false,"footnotes":""},"categories":[18,19],"tags":[],"class_list":["post-70770","post","type-post","status-publish","format-standard","has-post-thumbnail","hentry","category-nouvelles-de-leglise-mondiale","category-rss-francais"],"acf":[],"yoast_head":"<!-- This site is optimized with the Yoast SEO plugin v27.3 - https:\/\/yoast.com\/product\/yoast-seo-wordpress\/ -->\n<title>Le tr\u00e9sorier de l\u2019\u00c9glise adventiste, Juan Prestol-Pues\u00e1n, annonce son d\u00e9part \u00e0 la retraite - \u00c9glise Adventiste Du Septieme Jour - Inter Am\u00e9rique Division<\/title>\n<meta name=\"robots\" content=\"index, follow, max-snippet:-1, max-image-preview:large, max-video-preview:-1\" \/>\n<link rel=\"canonical\" href=\"https:\/\/interamerica.org\/fr\/2021\/04\/le-tresorier-de-leglise-adventiste-juan-prestol-puesan-annonce-son-depart-a-la-retraite\/\" \/>\n<meta property=\"og:locale\" content=\"fr_FR\" \/>\n<meta property=\"og:type\" content=\"article\" \/>\n<meta property=\"og:title\" content=\"Le tr\u00e9sorier de l\u2019\u00c9glise adventiste, Juan Prestol-Pues\u00e1n, annonce son d\u00e9part \u00e0 la retraite - \u00c9glise Adventiste Du Septieme Jour - Inter Am\u00e9rique Division\" \/>\n<meta property=\"og:description\" content=\"Cet administrateur exp\u00e9riment\u00e9 a servi pendant des d\u00e9cennies sur plusieurs continents et \u00e0 diff\u00e9rentes fonctions. 13 Avril 2021 | Silver Spring, Maryland, \u00c9tats Unis | Par : Marcos Paseggi, Adventist...\" \/>\n<meta property=\"og:url\" content=\"https:\/\/interamerica.org\/fr\/2021\/04\/le-tresorier-de-leglise-adventiste-juan-prestol-puesan-annonce-son-depart-a-la-retraite\/\" \/>\n<meta property=\"og:site_name\" content=\"\u00c9glise Adventiste Du Septieme Jour - Inter Am\u00e9rique Division\" \/>\n<meta property=\"article:published_time\" content=\"2021-04-14T11:00:02+00:00\" \/>\n<meta property=\"article:modified_time\" content=\"2021-04-14T20:41:53+00:00\" \/>\n<meta property=\"og:image\" content=\"https:\/\/interamerica.org\/wp-content\/uploads\/2021\/04\/adventist-church-treasurer-juan-prestol-puesan-announces-retirement1.jpg\" \/>\n\t<meta property=\"og:image:width\" content=\"1000\" \/>\n\t<meta property=\"og:image:height\" content=\"625\" \/>\n\t<meta property=\"og:image:type\" content=\"image\/jpeg\" \/>\n<meta name=\"author\" content=\"libna\" \/>\n<meta name=\"twitter:card\" content=\"summary_large_image\" \/>\n<meta name=\"twitter:label1\" content=\"\u00c9crit par\" \/>\n\t<meta name=\"twitter:data1\" content=\"libna\" \/>\n\t<meta name=\"twitter:label2\" content=\"Dur\u00e9e de lecture estim\u00e9e\" \/>\n\t<meta name=\"twitter:data2\" content=\"4 minutes\" \/>\n<script type=\"application\/ld+json\" class=\"yoast-schema-graph\">{\"@context\":\"https:\\\/\\\/schema.org\",\"@graph\":[{\"@type\":\"Article\",\"@id\":\"https:\\\/\\\/interamerica.org\\\/fr\\\/2021\\\/04\\\/le-tresorier-de-leglise-adventiste-juan-prestol-puesan-annonce-son-depart-a-la-retraite\\\/#article\",\"isPartOf\":{\"@id\":\"https:\\\/\\\/interamerica.org\\\/fr\\\/2021\\\/04\\\/le-tresorier-de-leglise-adventiste-juan-prestol-puesan-annonce-son-depart-a-la-retraite\\\/\"},\"author\":{\"name\":\"libna\",\"@id\":\"https:\\\/\\\/interamerica.org\\\/fr\\\/#\\\/schema\\\/person\\\/29998f2bc2d8bd0d38662909289b54f1\"},\"headline\":\"Le tr\u00e9sorier de l\u2019\u00c9glise adventiste, Juan Prestol-Pues\u00e1n, annonce son d\u00e9part \u00e0 la retraite\",\"datePublished\":\"2021-04-14T11:00:02+00:00\",\"dateModified\":\"2021-04-14T20:41:53+00:00\",\"mainEntityOfPage\":{\"@id\":\"https:\\\/\\\/interamerica.org\\\/fr\\\/2021\\\/04\\\/le-tresorier-de-leglise-adventiste-juan-prestol-puesan-annonce-son-depart-a-la-retraite\\\/\"},\"wordCount\":893,\"image\":{\"@id\":\"https:\\\/\\\/interamerica.org\\\/fr\\\/2021\\\/04\\\/le-tresorier-de-leglise-adventiste-juan-prestol-puesan-annonce-son-depart-a-la-retraite\\\/#primaryimage\"},\"thumbnailUrl\":\"https:\\\/\\\/interamerica.org\\\/wp-content\\\/uploads\\\/2021\\\/04\\\/adventist-church-treasurer-juan-prestol-puesan-announces-retirement1.jpg\",\"articleSection\":[\"Nouvelles de l'\u00c9glise mondiale\",\"RSS Fran\u00e7ais\"],\"inLanguage\":\"fr-FR\"},{\"@type\":\"WebPage\",\"@id\":\"https:\\\/\\\/interamerica.org\\\/fr\\\/2021\\\/04\\\/le-tresorier-de-leglise-adventiste-juan-prestol-puesan-annonce-son-depart-a-la-retraite\\\/\",\"url\":\"https:\\\/\\\/interamerica.org\\\/fr\\\/2021\\\/04\\\/le-tresorier-de-leglise-adventiste-juan-prestol-puesan-annonce-son-depart-a-la-retraite\\\/\",\"name\":\"Le tr\u00e9sorier de l\u2019\u00c9glise adventiste, Juan Prestol-Pues\u00e1n, annonce son d\u00e9part \u00e0 la retraite - \u00c9glise Adventiste Du Septieme Jour - Inter Am\u00e9rique Division\",\"isPartOf\":{\"@id\":\"https:\\\/\\\/interamerica.org\\\/fr\\\/#website\"},\"primaryImageOfPage\":{\"@id\":\"https:\\\/\\\/interamerica.org\\\/fr\\\/2021\\\/04\\\/le-tresorier-de-leglise-adventiste-juan-prestol-puesan-annonce-son-depart-a-la-retraite\\\/#primaryimage\"},\"image\":{\"@id\":\"https:\\\/\\\/interamerica.org\\\/fr\\\/2021\\\/04\\\/le-tresorier-de-leglise-adventiste-juan-prestol-puesan-annonce-son-depart-a-la-retraite\\\/#primaryimage\"},\"thumbnailUrl\":\"https:\\\/\\\/interamerica.org\\\/wp-content\\\/uploads\\\/2021\\\/04\\\/adventist-church-treasurer-juan-prestol-puesan-announces-retirement1.jpg\",\"datePublished\":\"2021-04-14T11:00:02+00:00\",\"dateModified\":\"2021-04-14T20:41:53+00:00\",\"author\":{\"@id\":\"https:\\\/\\\/interamerica.org\\\/fr\\\/#\\\/schema\\\/person\\\/29998f2bc2d8bd0d38662909289b54f1\"},\"breadcrumb\":{\"@id\":\"https:\\\/\\\/interamerica.org\\\/fr\\\/2021\\\/04\\\/le-tresorier-de-leglise-adventiste-juan-prestol-puesan-annonce-son-depart-a-la-retraite\\\/#breadcrumb\"},\"inLanguage\":\"fr-FR\",\"potentialAction\":[{\"@type\":\"ReadAction\",\"target\":[\"https:\\\/\\\/interamerica.org\\\/fr\\\/2021\\\/04\\\/le-tresorier-de-leglise-adventiste-juan-prestol-puesan-annonce-son-depart-a-la-retraite\\\/\"]}]},{\"@type\":\"ImageObject\",\"inLanguage\":\"fr-FR\",\"@id\":\"https:\\\/\\\/interamerica.org\\\/fr\\\/2021\\\/04\\\/le-tresorier-de-leglise-adventiste-juan-prestol-puesan-annonce-son-depart-a-la-retraite\\\/#primaryimage\",\"url\":\"https:\\\/\\\/interamerica.org\\\/wp-content\\\/uploads\\\/2021\\\/04\\\/adventist-church-treasurer-juan-prestol-puesan-announces-retirement1.jpg\",\"contentUrl\":\"https:\\\/\\\/interamerica.org\\\/wp-content\\\/uploads\\\/2021\\\/04\\\/adventist-church-treasurer-juan-prestol-puesan-announces-retirement1.jpg\",\"width\":1000,\"height\":625,\"caption\":\"Juan Prestol-Pues\u00e1n, tr\u00e9sorier de l\u2019\u00c9glise adventiste du septi\u00e8me jour au niveau mondial depuis 2015, a annonc\u00e9 qu\u2019il prendrait sa retraite le 1er Aout 2021. [Photo: Adventist Media Exchange]\"},{\"@type\":\"BreadcrumbList\",\"@id\":\"https:\\\/\\\/interamerica.org\\\/fr\\\/2021\\\/04\\\/le-tresorier-de-leglise-adventiste-juan-prestol-puesan-annonce-son-depart-a-la-retraite\\\/#breadcrumb\",\"itemListElement\":[{\"@type\":\"ListItem\",\"position\":1,\"name\":\"Home\",\"item\":\"https:\\\/\\\/interamerica.org\\\/fr\\\/\"},{\"@type\":\"ListItem\",\"position\":2,\"name\":\"Le tr\u00e9sorier de l\u2019\u00c9glise adventiste, Juan Prestol-Pues\u00e1n, annonce son d\u00e9part \u00e0 la retraite\"}]},{\"@type\":\"WebSite\",\"@id\":\"https:\\\/\\\/interamerica.org\\\/fr\\\/#website\",\"url\":\"https:\\\/\\\/interamerica.org\\\/fr\\\/\",\"name\":\"\u00c9glise Adventiste Du Septieme Jour - Inter Am\u00e9rique Division\",\"description\":\"\",\"potentialAction\":[{\"@type\":\"SearchAction\",\"target\":{\"@type\":\"EntryPoint\",\"urlTemplate\":\"https:\\\/\\\/interamerica.org\\\/fr\\\/?s={search_term_string}\"},\"query-input\":{\"@type\":\"PropertyValueSpecification\",\"valueRequired\":true,\"valueName\":\"search_term_string\"}}],\"inLanguage\":\"fr-FR\"},{\"@type\":\"Person\",\"@id\":\"https:\\\/\\\/interamerica.org\\\/fr\\\/#\\\/schema\\\/person\\\/29998f2bc2d8bd0d38662909289b54f1\",\"name\":\"libna\",\"image\":{\"@type\":\"ImageObject\",\"inLanguage\":\"fr-FR\",\"@id\":\"https:\\\/\\\/secure.gravatar.com\\\/avatar\\\/7c5bd30ae4b47a9ba3c856590957fd1d96dc588bf3ac05719d247e126840331f?s=96&d=mm&r=g\",\"url\":\"https:\\\/\\\/secure.gravatar.com\\\/avatar\\\/7c5bd30ae4b47a9ba3c856590957fd1d96dc588bf3ac05719d247e126840331f?s=96&d=mm&r=g\",\"contentUrl\":\"https:\\\/\\\/secure.gravatar.com\\\/avatar\\\/7c5bd30ae4b47a9ba3c856590957fd1d96dc588bf3ac05719d247e126840331f?s=96&d=mm&r=g\",\"caption\":\"libna\"}}]}<\/script>\n<!-- \/ Yoast SEO plugin. -->","yoast_head_json":{"title":"Le tr\u00e9sorier de l\u2019\u00c9glise adventiste, Juan Prestol-Pues\u00e1n, annonce son d\u00e9part \u00e0 la retraite - \u00c9glise Adventiste Du Septieme Jour - Inter Am\u00e9rique Division","robots":{"index":"index","follow":"follow","max-snippet":"max-snippet:-1","max-image-preview":"max-image-preview:large","max-video-preview":"max-video-preview:-1"},"canonical":"https:\/\/interamerica.org\/fr\/2021\/04\/le-tresorier-de-leglise-adventiste-juan-prestol-puesan-annonce-son-depart-a-la-retraite\/","og_locale":"fr_FR","og_type":"article","og_title":"Le tr\u00e9sorier de l\u2019\u00c9glise adventiste, Juan Prestol-Pues\u00e1n, annonce son d\u00e9part \u00e0 la retraite - \u00c9glise Adventiste Du Septieme Jour - Inter Am\u00e9rique Division","og_description":"Cet administrateur exp\u00e9riment\u00e9 a servi pendant des d\u00e9cennies sur plusieurs continents et \u00e0 diff\u00e9rentes fonctions. 13 Avril 2021 | Silver Spring, Maryland, \u00c9tats Unis | Par : Marcos Paseggi, Adventist...","og_url":"https:\/\/interamerica.org\/fr\/2021\/04\/le-tresorier-de-leglise-adventiste-juan-prestol-puesan-annonce-son-depart-a-la-retraite\/","og_site_name":"\u00c9glise Adventiste Du Septieme Jour - Inter Am\u00e9rique Division","article_published_time":"2021-04-14T11:00:02+00:00","article_modified_time":"2021-04-14T20:41:53+00:00","og_image":[{"width":1000,"height":625,"url":"https:\/\/interamerica.org\/wp-content\/uploads\/2021\/04\/adventist-church-treasurer-juan-prestol-puesan-announces-retirement1.jpg","type":"image\/jpeg"}],"author":"libna","twitter_card":"summary_large_image","twitter_misc":{"\u00c9crit par":"libna","Dur\u00e9e de lecture estim\u00e9e":"4 minutes"},"schema":{"@context":"https:\/\/schema.org","@graph":[{"@type":"Article","@id":"https:\/\/interamerica.org\/fr\/2021\/04\/le-tresorier-de-leglise-adventiste-juan-prestol-puesan-annonce-son-depart-a-la-retraite\/#article","isPartOf":{"@id":"https:\/\/interamerica.org\/fr\/2021\/04\/le-tresorier-de-leglise-adventiste-juan-prestol-puesan-annonce-son-depart-a-la-retraite\/"},"author":{"name":"libna","@id":"https:\/\/interamerica.org\/fr\/#\/schema\/person\/29998f2bc2d8bd0d38662909289b54f1"},"headline":"Le tr\u00e9sorier de l\u2019\u00c9glise adventiste, Juan Prestol-Pues\u00e1n, annonce son d\u00e9part \u00e0 la retraite","datePublished":"2021-04-14T11:00:02+00:00","dateModified":"2021-04-14T20:41:53+00:00","mainEntityOfPage":{"@id":"https:\/\/interamerica.org\/fr\/2021\/04\/le-tresorier-de-leglise-adventiste-juan-prestol-puesan-annonce-son-depart-a-la-retraite\/"},"wordCount":893,"image":{"@id":"https:\/\/interamerica.org\/fr\/2021\/04\/le-tresorier-de-leglise-adventiste-juan-prestol-puesan-annonce-son-depart-a-la-retraite\/#primaryimage"},"thumbnailUrl":"https:\/\/interamerica.org\/wp-content\/uploads\/2021\/04\/adventist-church-treasurer-juan-prestol-puesan-announces-retirement1.jpg","articleSection":["Nouvelles de l'\u00c9glise mondiale","RSS Fran\u00e7ais"],"inLanguage":"fr-FR"},{"@type":"WebPage","@id":"https:\/\/interamerica.org\/fr\/2021\/04\/le-tresorier-de-leglise-adventiste-juan-prestol-puesan-annonce-son-depart-a-la-retraite\/","url":"https:\/\/interamerica.org\/fr\/2021\/04\/le-tresorier-de-leglise-adventiste-juan-prestol-puesan-annonce-son-depart-a-la-retraite\/","name":"Le tr\u00e9sorier de l\u2019\u00c9glise adventiste, Juan Prestol-Pues\u00e1n, annonce son d\u00e9part \u00e0 la retraite - \u00c9glise Adventiste Du Septieme Jour - Inter Am\u00e9rique Division","isPartOf":{"@id":"https:\/\/interamerica.org\/fr\/#website"},"primaryImageOfPage":{"@id":"https:\/\/interamerica.org\/fr\/2021\/04\/le-tresorier-de-leglise-adventiste-juan-prestol-puesan-annonce-son-depart-a-la-retraite\/#primaryimage"},"image":{"@id":"https:\/\/interamerica.org\/fr\/2021\/04\/le-tresorier-de-leglise-adventiste-juan-prestol-puesan-annonce-son-depart-a-la-retraite\/#primaryimage"},"thumbnailUrl":"https:\/\/interamerica.org\/wp-content\/uploads\/2021\/04\/adventist-church-treasurer-juan-prestol-puesan-announces-retirement1.jpg","datePublished":"2021-04-14T11:00:02+00:00","dateModified":"2021-04-14T20:41:53+00:00","author":{"@id":"https:\/\/interamerica.org\/fr\/#\/schema\/person\/29998f2bc2d8bd0d38662909289b54f1"},"breadcrumb":{"@id":"https:\/\/interamerica.org\/fr\/2021\/04\/le-tresorier-de-leglise-adventiste-juan-prestol-puesan-annonce-son-depart-a-la-retraite\/#breadcrumb"},"inLanguage":"fr-FR","potentialAction":[{"@type":"ReadAction","target":["https:\/\/interamerica.org\/fr\/2021\/04\/le-tresorier-de-leglise-adventiste-juan-prestol-puesan-annonce-son-depart-a-la-retraite\/"]}]},{"@type":"ImageObject","inLanguage":"fr-FR","@id":"https:\/\/interamerica.org\/fr\/2021\/04\/le-tresorier-de-leglise-adventiste-juan-prestol-puesan-annonce-son-depart-a-la-retraite\/#primaryimage","url":"https:\/\/interamerica.org\/wp-content\/uploads\/2021\/04\/adventist-church-treasurer-juan-prestol-puesan-announces-retirement1.jpg","contentUrl":"https:\/\/interamerica.org\/wp-content\/uploads\/2021\/04\/adventist-church-treasurer-juan-prestol-puesan-announces-retirement1.jpg","width":1000,"height":625,"caption":"Juan Prestol-Pues\u00e1n, tr\u00e9sorier de l\u2019\u00c9glise adventiste du septi\u00e8me jour au niveau mondial depuis 2015, a annonc\u00e9 qu\u2019il prendrait sa retraite le 1er Aout 2021. [Photo: Adventist Media Exchange]"},{"@type":"BreadcrumbList","@id":"https:\/\/interamerica.org\/fr\/2021\/04\/le-tresorier-de-leglise-adventiste-juan-prestol-puesan-annonce-son-depart-a-la-retraite\/#breadcrumb","itemListElement":[{"@type":"ListItem","position":1,"name":"Home","item":"https:\/\/interamerica.org\/fr\/"},{"@type":"ListItem","position":2,"name":"Le tr\u00e9sorier de l\u2019\u00c9glise adventiste, Juan Prestol-Pues\u00e1n, annonce son d\u00e9part \u00e0 la retraite"}]},{"@type":"WebSite","@id":"https:\/\/interamerica.org\/fr\/#website","url":"https:\/\/interamerica.org\/fr\/","name":"\u00c9glise Adventiste Du Septieme Jour - Inter Am\u00e9rique Division","description":"","potentialAction":[{"@type":"SearchAction","target":{"@type":"EntryPoint","urlTemplate":"https:\/\/interamerica.org\/fr\/?s={search_term_string}"},"query-input":{"@type":"PropertyValueSpecification","valueRequired":true,"valueName":"search_term_string"}}],"inLanguage":"fr-FR"},{"@type":"Person","@id":"https:\/\/interamerica.org\/fr\/#\/schema\/person\/29998f2bc2d8bd0d38662909289b54f1","name":"libna","image":{"@type":"ImageObject","inLanguage":"fr-FR","@id":"https:\/\/secure.gravatar.com\/avatar\/7c5bd30ae4b47a9ba3c856590957fd1d96dc588bf3ac05719d247e126840331f?s=96&d=mm&r=g","url":"https:\/\/secure.gravatar.com\/avatar\/7c5bd30ae4b47a9ba3c856590957fd1d96dc588bf3ac05719d247e126840331f?s=96&d=mm&r=g","contentUrl":"https:\/\/secure.gravatar.com\/avatar\/7c5bd30ae4b47a9ba3c856590957fd1d96dc588bf3ac05719d247e126840331f?s=96&d=mm&r=g","caption":"libna"}}]}},"_links":{"self":[{"href":"https:\/\/interamerica.org\/fr\/wp-json\/wp\/v2\/posts\/70770","targetHints":{"allow":["GET"]}}],"collection":[{"href":"https:\/\/interamerica.org\/fr\/wp-json\/wp\/v2\/posts"}],"about":[{"href":"https:\/\/interamerica.org\/fr\/wp-json\/wp\/v2\/types\/post"}],"author":[{"embeddable":true,"href":"https:\/\/interamerica.org\/fr\/wp-json\/wp\/v2\/users\/3"}],"replies":[{"embeddable":true,"href":"https:\/\/interamerica.org\/fr\/wp-json\/wp\/v2\/comments?post=70770"}],"version-history":[{"count":0,"href":"https:\/\/interamerica.org\/fr\/wp-json\/wp\/v2\/posts\/70770\/revisions"}],"wp:featuredmedia":[{"embeddable":true,"href":"https:\/\/interamerica.org\/fr\/wp-json\/wp\/v2\/media\/70718"}],"wp:attachment":[{"href":"https:\/\/interamerica.org\/fr\/wp-json\/wp\/v2\/media?parent=70770"}],"wp:term":[{"taxonomy":"category","embeddable":true,"href":"https:\/\/interamerica.org\/fr\/wp-json\/wp\/v2\/categories?post=70770"},{"taxonomy":"post_tag","embeddable":true,"href":"https:\/\/interamerica.org\/fr\/wp-json\/wp\/v2\/tags?post=70770"}],"curies":[{"name":"wp","href":"https:\/\/api.w.org\/{rel}","templated":true}]}}