{"id":70790,"date":"2021-04-14T15:26:35","date_gmt":"2021-04-14T19:26:35","guid":{"rendered":"https:\/\/recursing-golick.147-182-135-0.plesk.page\/?p=70790"},"modified":"2021-04-15T08:43:49","modified_gmt":"2021-04-15T12:43:49","slug":"les-dirigeants-de-leglise-adventiste-elisent-erton-kohler-comme-nouveau-secretaire","status":"publish","type":"post","link":"https:\/\/interamerica.org\/fr\/2021\/04\/les-dirigeants-de-leglise-adventiste-elisent-erton-kohler-comme-nouveau-secretaire\/","title":{"rendered":"Les dirigeants de l\u2019\u00c9glise adventiste \u00e9lisent Erton K\u00f6hler comme nouveau secr\u00e9taire"},"content":{"rendered":"<div id=\"fence-content-col1\">\n<div class=\"innerfence\">\n<div class=\"col1 col1-page\">\n<article class=\"story nobucket\">\n<div class=\"txt\">\n<h3 class=\"subtitle\">Le pr\u00e9sident de la Division Sud-Am\u00e9ricaine remplacera G. T. Ng, qui prend sa retraite.<\/h3>\n<p><span class=\"byline-news\">14 Avril 2021 | Par : Marcos Paseggi, <\/span><em><span class=\"byline-news\">Adventist Review<\/span><\/em><\/p>\n<p><span class=\"cap\">L<\/span>es membres du Comit\u00e9 Ex\u00e9cutif de la Conf\u00e9rence G\u00e9n\u00e9rale (GC EXCOM) ont \u00e9lu le pr\u00e9sident de la Division Sud-Am\u00e9ricaine, Erton K\u00f6hler, comme nouveau secr\u00e9taire de la Conf\u00e9rence G\u00e9n\u00e9rale de l\u2019\u00c9glise adventiste du septi\u00e8me jour le 14 avril 2021. Le vote est intervenu apr\u00e8s une recommandation de la Commission de Nominations, lors de la derni\u00e8re journ\u00e9e de la Rencontre de Printemps, l\u2019une des deux rencontres administratives annuelles de l\u2019\u00c9glise adventiste mondiale.<\/p>\n<p>\u00ab Je suis touch\u00e9 et honor\u00e9 par votre confiance, \u00bb a d\u00e9clar\u00e9 Erton K\u00f6hler aux centaines de dirigeants d\u2019\u00e9glise qui se sont r\u00e9unis via Zoom cette ann\u00e9e, quelques minutes apr\u00e8s le vote. \u00ab Je prie que Dieu m\u2019accorde les qualifications dont j\u2019ai besoin. \u00bb<\/p>\n<p>Erton K\u00f6hler est n\u00e9 dans le sud du Br\u00e9sil et a grandi avec le d\u00e9sir de suivre les traces de son p\u00e8re, qui a servi en tant que pasteur adventiste. Erton K\u00f6hler a obtenu une licence en th\u00e9ologie \u00e0 l\u2019Institut d\u2019Enseignement Adventiste (l\u2019actuelle Universit\u00e9 Adventiste Br\u00e9silienne) en 1989 et a obtenu une ma\u00eetrise en th\u00e9ologie pastorale de cette m\u00eame \u00e9cole en 2008. Actuellement, il pr\u00e9pare un Doctorat en Minist\u00e8re de l\u2019Universit\u00e9 d\u2019Andrews.<\/p>\n<p>De 1990 \u00e0 1994, Erton K\u00f6hler a servi en tant que pasteur d\u2019\u00e9glises locales \u00e0 S\u00e3o Paulo. Il a ensuite \u00e9t\u00e9 \u00e9lu directeur des Minist\u00e8res de la Jeunesse de la F\u00e9d\u00e9ration de Rio Grande do Sul en 1995, et en 1998, il est devenu directeur des Minist\u00e8res de la Jeunesse de l\u2019Union Br\u00e9silienne du Nord-Est. En juillet 2002, Erton K\u00f6hler est retourn\u00e9 \u00e0 la F\u00e9d\u00e9ration de Rio Grande do Sul, o\u00f9 il avait pr\u00e9c\u00e9demment servi, pour devenir secr\u00e9taire ex\u00e9cutif. L\u2019ann\u00e9e suivante, il a \u00e9t\u00e9 \u00e9lu directeur des Minist\u00e8res de la Jeunesse pour les huit pays qui composent la Division Sud-Am\u00e9ricaine. Apr\u00e8s avoir servi pendant quatre ans comme directeur de la jeunesse, il est devenu pr\u00e9sident de la Division Sud-Am\u00e9ricaine en 2007.<\/p>\n<p>Erton K\u00f6hler est mari\u00e9 \u00e0 Adriene Marques, une infirmi\u00e8re, et le couple a deux enfants.<\/p>\n<p>Le pr\u00e9sident de l\u2019\u00c9glise adventiste, Ted N. C. Wilson, a soulign\u00e9 certaines des caract\u00e9ristiques d\u2019Erton K\u00f6hler en tant que dirigeant. \u00ab C\u2019est une personne tr\u00e8s professionnelle, une personne tr\u00e8s ax\u00e9e sur la mission, un administrateur tr\u00e8s comp\u00e9tent, \u00bb a dit Ted Wilson aux membres du GC EXCOM. \u00ab C\u2019est un visionnaire, un planificateur tr\u00e8s minutieux et un sp\u00e9cialiste des syst\u00e8mes. Il sait aborder les choses de mani\u00e8re tr\u00e8s articul\u00e9e et syst\u00e9matique.<\/p>\n<p>Apr\u00e8s qu\u2019un vote de 197 voix contre 16 ait confirm\u00e9 Erton K\u00f6hler comme nouveau secr\u00e9taire, avec effet imm\u00e9diat, il a d\u00e9clar\u00e9 qu\u2019il croit que Dieu dirige son \u00e9glise. \u00ab Je crois dans la direction divine \u00e0 travers des agents humains, \u00bb a-t-il ajout\u00e9. \u00ab Et je crois que Dieu est au contr\u00f4le de toute chose et que Dieu dirige ma vie. \u00bb<\/p>\n<p>Erton K\u00f6hler a remerci\u00e9 son pr\u00e9d\u00e9cesseur, G. T. Ng,\u00a0<a href=\"https:\/\/www.adventistreview.org\/church-news\/story16201-adventist-church-secretary-gt-ng-announces-retirement\" target=\"_blank\" rel=\"noopener\">qui a r\u00e9cemment annonc\u00e9 son d\u00e9part \u00e0 la retraite<\/a>\u00a0et a promis de faire de son mieux pour apprendre du \u00ab formidable et superbe travail de Ng. \u00bb Il a ajout\u00e9 qu\u2019en d\u00e9pit des difficult\u00e9s, il sait qu\u2019il n\u2019y a aucune autre possibilit\u00e9 que celle d\u2019aller de l\u2019avant. \u00ab Dieu dirige ma famille et Dieu dirige \u00e9galement mon minist\u00e8re, \u00bb a dit Erton K\u00f6hler. \u00ab Par cons\u00e9quent, ma seule r\u00e9ponse doit \u00eatre : \u00ab J\u2019irai. \u00bb<\/p>\n<p>Enfin, Erton K\u00f6hler a promis d\u2019\u00eatre disponible, de servir avec un c\u0153ur \u00ab compl\u00e8tement concentr\u00e9 \u00bb sur la mission de l\u2019\u00c9glise. \u00ab Je serai ouvert afin [d\u2019\u00e9couter] et d\u2019apprendre, \u00bb a-t-il dit. \u00ab Mon travail consiste \u00e0 construire des ponts, pas des murs. \u00bb<\/p>\n<p><em>Felipe Lemos et Jefferson Paradello, P\u00f4le Informations de la Division Sud Am\u00e9ricaine, ont contribu\u00e9 \u00e0 ce rapport.<\/em><\/p>\n<\/div>\n<\/article>\n<\/div>\n<\/div>\n<\/div>\n<p>Traduction: Patrick Luciathe<\/p>\n","protected":false},"excerpt":{"rendered":"<p>Le pr\u00e9sident de la Division Sud-Am\u00e9ricaine remplacera G. T. Ng, qui prend sa retraite. 14 Avril 2021 | Par : Marcos Paseggi, Adventist Review Les membres du Comit\u00e9 Ex\u00e9cutif de&#8230;<\/p>\n","protected":false},"author":3,"featured_media":70767,"comment_status":"closed","ping_status":"closed","sticky":false,"template":"","format":"standard","meta":{"_acf_changed":false,"footnotes":""},"categories":[18,19],"tags":[],"class_list":["post-70790","post","type-post","status-publish","format-standard","has-post-thumbnail","hentry","category-nouvelles-de-leglise-mondiale","category-rss-francais"],"acf":[],"yoast_head":"<!-- This site is optimized with the Yoast SEO plugin v27.3 - https:\/\/yoast.com\/product\/yoast-seo-wordpress\/ -->\n<title>Les dirigeants de l\u2019\u00c9glise adventiste \u00e9lisent Erton K\u00f6hler comme nouveau secr\u00e9taire - \u00c9glise Adventiste Du Septieme Jour - Inter Am\u00e9rique Division<\/title>\n<meta name=\"robots\" content=\"index, follow, max-snippet:-1, max-image-preview:large, max-video-preview:-1\" \/>\n<link rel=\"canonical\" href=\"https:\/\/interamerica.org\/fr\/2021\/04\/les-dirigeants-de-leglise-adventiste-elisent-erton-kohler-comme-nouveau-secretaire\/\" \/>\n<meta property=\"og:locale\" content=\"fr_FR\" \/>\n<meta property=\"og:type\" content=\"article\" \/>\n<meta property=\"og:title\" content=\"Les dirigeants de l\u2019\u00c9glise adventiste \u00e9lisent Erton K\u00f6hler comme nouveau secr\u00e9taire - \u00c9glise Adventiste Du Septieme Jour - Inter Am\u00e9rique Division\" \/>\n<meta property=\"og:description\" content=\"Le pr\u00e9sident de la Division Sud-Am\u00e9ricaine remplacera G. T. Ng, qui prend sa retraite. 14 Avril 2021 | Par : Marcos Paseggi, Adventist Review Les membres du Comit\u00e9 Ex\u00e9cutif de...\" \/>\n<meta property=\"og:url\" content=\"https:\/\/interamerica.org\/fr\/2021\/04\/les-dirigeants-de-leglise-adventiste-elisent-erton-kohler-comme-nouveau-secretaire\/\" \/>\n<meta property=\"og:site_name\" content=\"\u00c9glise Adventiste Du Septieme Jour - Inter Am\u00e9rique Division\" \/>\n<meta property=\"article:published_time\" content=\"2021-04-14T19:26:35+00:00\" \/>\n<meta property=\"article:modified_time\" content=\"2021-04-15T12:43:49+00:00\" \/>\n<meta property=\"og:image\" content=\"https:\/\/interamerica.org\/wp-content\/uploads\/2021\/04\/adventist-church-leaders-elect-erton-kohler1280.jpg\" \/>\n\t<meta property=\"og:image:width\" content=\"1280\" \/>\n\t<meta property=\"og:image:height\" content=\"800\" \/>\n\t<meta property=\"og:image:type\" content=\"image\/jpeg\" \/>\n<meta name=\"author\" content=\"libna\" \/>\n<meta name=\"twitter:card\" content=\"summary_large_image\" \/>\n<meta name=\"twitter:label1\" content=\"\u00c9crit par\" \/>\n\t<meta name=\"twitter:data1\" content=\"libna\" \/>\n\t<meta name=\"twitter:label2\" content=\"Dur\u00e9e de lecture estim\u00e9e\" \/>\n\t<meta name=\"twitter:data2\" content=\"4 minutes\" \/>\n<script type=\"application\/ld+json\" class=\"yoast-schema-graph\">{\"@context\":\"https:\\\/\\\/schema.org\",\"@graph\":[{\"@type\":\"Article\",\"@id\":\"https:\\\/\\\/interamerica.org\\\/fr\\\/2021\\\/04\\\/les-dirigeants-de-leglise-adventiste-elisent-erton-kohler-comme-nouveau-secretaire\\\/#article\",\"isPartOf\":{\"@id\":\"https:\\\/\\\/interamerica.org\\\/fr\\\/2021\\\/04\\\/les-dirigeants-de-leglise-adventiste-elisent-erton-kohler-comme-nouveau-secretaire\\\/\"},\"author\":{\"name\":\"libna\",\"@id\":\"https:\\\/\\\/interamerica.org\\\/fr\\\/#\\\/schema\\\/person\\\/29998f2bc2d8bd0d38662909289b54f1\"},\"headline\":\"Les dirigeants de l\u2019\u00c9glise adventiste \u00e9lisent Erton K\u00f6hler comme nouveau secr\u00e9taire\",\"datePublished\":\"2021-04-14T19:26:35+00:00\",\"dateModified\":\"2021-04-15T12:43:49+00:00\",\"mainEntityOfPage\":{\"@id\":\"https:\\\/\\\/interamerica.org\\\/fr\\\/2021\\\/04\\\/les-dirigeants-de-leglise-adventiste-elisent-erton-kohler-comme-nouveau-secretaire\\\/\"},\"wordCount\":715,\"image\":{\"@id\":\"https:\\\/\\\/interamerica.org\\\/fr\\\/2021\\\/04\\\/les-dirigeants-de-leglise-adventiste-elisent-erton-kohler-comme-nouveau-secretaire\\\/#primaryimage\"},\"thumbnailUrl\":\"https:\\\/\\\/interamerica.org\\\/wp-content\\\/uploads\\\/2021\\\/04\\\/adventist-church-leaders-elect-erton-kohler1280.jpg\",\"articleSection\":[\"Nouvelles de l'\u00c9glise mondiale\",\"RSS Fran\u00e7ais\"],\"inLanguage\":\"fr-FR\"},{\"@type\":\"WebPage\",\"@id\":\"https:\\\/\\\/interamerica.org\\\/fr\\\/2021\\\/04\\\/les-dirigeants-de-leglise-adventiste-elisent-erton-kohler-comme-nouveau-secretaire\\\/\",\"url\":\"https:\\\/\\\/interamerica.org\\\/fr\\\/2021\\\/04\\\/les-dirigeants-de-leglise-adventiste-elisent-erton-kohler-comme-nouveau-secretaire\\\/\",\"name\":\"Les dirigeants de l\u2019\u00c9glise adventiste \u00e9lisent Erton K\u00f6hler comme nouveau secr\u00e9taire - \u00c9glise Adventiste Du Septieme Jour - Inter Am\u00e9rique Division\",\"isPartOf\":{\"@id\":\"https:\\\/\\\/interamerica.org\\\/fr\\\/#website\"},\"primaryImageOfPage\":{\"@id\":\"https:\\\/\\\/interamerica.org\\\/fr\\\/2021\\\/04\\\/les-dirigeants-de-leglise-adventiste-elisent-erton-kohler-comme-nouveau-secretaire\\\/#primaryimage\"},\"image\":{\"@id\":\"https:\\\/\\\/interamerica.org\\\/fr\\\/2021\\\/04\\\/les-dirigeants-de-leglise-adventiste-elisent-erton-kohler-comme-nouveau-secretaire\\\/#primaryimage\"},\"thumbnailUrl\":\"https:\\\/\\\/interamerica.org\\\/wp-content\\\/uploads\\\/2021\\\/04\\\/adventist-church-leaders-elect-erton-kohler1280.jpg\",\"datePublished\":\"2021-04-14T19:26:35+00:00\",\"dateModified\":\"2021-04-15T12:43:49+00:00\",\"author\":{\"@id\":\"https:\\\/\\\/interamerica.org\\\/fr\\\/#\\\/schema\\\/person\\\/29998f2bc2d8bd0d38662909289b54f1\"},\"breadcrumb\":{\"@id\":\"https:\\\/\\\/interamerica.org\\\/fr\\\/2021\\\/04\\\/les-dirigeants-de-leglise-adventiste-elisent-erton-kohler-comme-nouveau-secretaire\\\/#breadcrumb\"},\"inLanguage\":\"fr-FR\",\"potentialAction\":[{\"@type\":\"ReadAction\",\"target\":[\"https:\\\/\\\/interamerica.org\\\/fr\\\/2021\\\/04\\\/les-dirigeants-de-leglise-adventiste-elisent-erton-kohler-comme-nouveau-secretaire\\\/\"]}]},{\"@type\":\"ImageObject\",\"inLanguage\":\"fr-FR\",\"@id\":\"https:\\\/\\\/interamerica.org\\\/fr\\\/2021\\\/04\\\/les-dirigeants-de-leglise-adventiste-elisent-erton-kohler-comme-nouveau-secretaire\\\/#primaryimage\",\"url\":\"https:\\\/\\\/interamerica.org\\\/wp-content\\\/uploads\\\/2021\\\/04\\\/adventist-church-leaders-elect-erton-kohler1280.jpg\",\"contentUrl\":\"https:\\\/\\\/interamerica.org\\\/wp-content\\\/uploads\\\/2021\\\/04\\\/adventist-church-leaders-elect-erton-kohler1280.jpg\",\"width\":1280,\"height\":800,\"caption\":\"Le pr\u00e9sident de la Division Sud Am\u00e9ricaine, Erton K\u00f6hler, a \u00e9t\u00e9 \u00e9lu secr\u00e9taire de l'\u00c9glise adventiste du septi\u00e8me jour par le Comit\u00e9 Ex\u00e9cutif de la Conf\u00e9rence G\u00e9n\u00e9rale le 14 avril 2021. Il remplacera G.T. Ng qui a annonc\u00e9 son d\u00e9part \u00e0 la retraite. [Photo: Tor Tjeransen \\\/ Adventist Media Exchange (CC BY 4.0)]\"},{\"@type\":\"BreadcrumbList\",\"@id\":\"https:\\\/\\\/interamerica.org\\\/fr\\\/2021\\\/04\\\/les-dirigeants-de-leglise-adventiste-elisent-erton-kohler-comme-nouveau-secretaire\\\/#breadcrumb\",\"itemListElement\":[{\"@type\":\"ListItem\",\"position\":1,\"name\":\"Home\",\"item\":\"https:\\\/\\\/interamerica.org\\\/fr\\\/\"},{\"@type\":\"ListItem\",\"position\":2,\"name\":\"Les dirigeants de l\u2019\u00c9glise adventiste \u00e9lisent Erton K\u00f6hler comme nouveau secr\u00e9taire\"}]},{\"@type\":\"WebSite\",\"@id\":\"https:\\\/\\\/interamerica.org\\\/fr\\\/#website\",\"url\":\"https:\\\/\\\/interamerica.org\\\/fr\\\/\",\"name\":\"\u00c9glise Adventiste Du Septieme Jour - Inter Am\u00e9rique Division\",\"description\":\"\",\"potentialAction\":[{\"@type\":\"SearchAction\",\"target\":{\"@type\":\"EntryPoint\",\"urlTemplate\":\"https:\\\/\\\/interamerica.org\\\/fr\\\/?s={search_term_string}\"},\"query-input\":{\"@type\":\"PropertyValueSpecification\",\"valueRequired\":true,\"valueName\":\"search_term_string\"}}],\"inLanguage\":\"fr-FR\"},{\"@type\":\"Person\",\"@id\":\"https:\\\/\\\/interamerica.org\\\/fr\\\/#\\\/schema\\\/person\\\/29998f2bc2d8bd0d38662909289b54f1\",\"name\":\"libna\",\"image\":{\"@type\":\"ImageObject\",\"inLanguage\":\"fr-FR\",\"@id\":\"https:\\\/\\\/secure.gravatar.com\\\/avatar\\\/7c5bd30ae4b47a9ba3c856590957fd1d96dc588bf3ac05719d247e126840331f?s=96&d=mm&r=g\",\"url\":\"https:\\\/\\\/secure.gravatar.com\\\/avatar\\\/7c5bd30ae4b47a9ba3c856590957fd1d96dc588bf3ac05719d247e126840331f?s=96&d=mm&r=g\",\"contentUrl\":\"https:\\\/\\\/secure.gravatar.com\\\/avatar\\\/7c5bd30ae4b47a9ba3c856590957fd1d96dc588bf3ac05719d247e126840331f?s=96&d=mm&r=g\",\"caption\":\"libna\"}}]}<\/script>\n<!-- \/ Yoast SEO plugin. -->","yoast_head_json":{"title":"Les dirigeants de l\u2019\u00c9glise adventiste \u00e9lisent Erton K\u00f6hler comme nouveau secr\u00e9taire - \u00c9glise Adventiste Du Septieme Jour - Inter Am\u00e9rique Division","robots":{"index":"index","follow":"follow","max-snippet":"max-snippet:-1","max-image-preview":"max-image-preview:large","max-video-preview":"max-video-preview:-1"},"canonical":"https:\/\/interamerica.org\/fr\/2021\/04\/les-dirigeants-de-leglise-adventiste-elisent-erton-kohler-comme-nouveau-secretaire\/","og_locale":"fr_FR","og_type":"article","og_title":"Les dirigeants de l\u2019\u00c9glise adventiste \u00e9lisent Erton K\u00f6hler comme nouveau secr\u00e9taire - \u00c9glise Adventiste Du Septieme Jour - Inter Am\u00e9rique Division","og_description":"Le pr\u00e9sident de la Division Sud-Am\u00e9ricaine remplacera G. T. Ng, qui prend sa retraite. 14 Avril 2021 | Par : Marcos Paseggi, Adventist Review Les membres du Comit\u00e9 Ex\u00e9cutif de...","og_url":"https:\/\/interamerica.org\/fr\/2021\/04\/les-dirigeants-de-leglise-adventiste-elisent-erton-kohler-comme-nouveau-secretaire\/","og_site_name":"\u00c9glise Adventiste Du Septieme Jour - Inter Am\u00e9rique Division","article_published_time":"2021-04-14T19:26:35+00:00","article_modified_time":"2021-04-15T12:43:49+00:00","og_image":[{"width":1280,"height":800,"url":"https:\/\/interamerica.org\/wp-content\/uploads\/2021\/04\/adventist-church-leaders-elect-erton-kohler1280.jpg","type":"image\/jpeg"}],"author":"libna","twitter_card":"summary_large_image","twitter_misc":{"\u00c9crit par":"libna","Dur\u00e9e de lecture estim\u00e9e":"4 minutes"},"schema":{"@context":"https:\/\/schema.org","@graph":[{"@type":"Article","@id":"https:\/\/interamerica.org\/fr\/2021\/04\/les-dirigeants-de-leglise-adventiste-elisent-erton-kohler-comme-nouveau-secretaire\/#article","isPartOf":{"@id":"https:\/\/interamerica.org\/fr\/2021\/04\/les-dirigeants-de-leglise-adventiste-elisent-erton-kohler-comme-nouveau-secretaire\/"},"author":{"name":"libna","@id":"https:\/\/interamerica.org\/fr\/#\/schema\/person\/29998f2bc2d8bd0d38662909289b54f1"},"headline":"Les dirigeants de l\u2019\u00c9glise adventiste \u00e9lisent Erton K\u00f6hler comme nouveau secr\u00e9taire","datePublished":"2021-04-14T19:26:35+00:00","dateModified":"2021-04-15T12:43:49+00:00","mainEntityOfPage":{"@id":"https:\/\/interamerica.org\/fr\/2021\/04\/les-dirigeants-de-leglise-adventiste-elisent-erton-kohler-comme-nouveau-secretaire\/"},"wordCount":715,"image":{"@id":"https:\/\/interamerica.org\/fr\/2021\/04\/les-dirigeants-de-leglise-adventiste-elisent-erton-kohler-comme-nouveau-secretaire\/#primaryimage"},"thumbnailUrl":"https:\/\/interamerica.org\/wp-content\/uploads\/2021\/04\/adventist-church-leaders-elect-erton-kohler1280.jpg","articleSection":["Nouvelles de l'\u00c9glise mondiale","RSS Fran\u00e7ais"],"inLanguage":"fr-FR"},{"@type":"WebPage","@id":"https:\/\/interamerica.org\/fr\/2021\/04\/les-dirigeants-de-leglise-adventiste-elisent-erton-kohler-comme-nouveau-secretaire\/","url":"https:\/\/interamerica.org\/fr\/2021\/04\/les-dirigeants-de-leglise-adventiste-elisent-erton-kohler-comme-nouveau-secretaire\/","name":"Les dirigeants de l\u2019\u00c9glise adventiste \u00e9lisent Erton K\u00f6hler comme nouveau secr\u00e9taire - \u00c9glise Adventiste Du Septieme Jour - Inter Am\u00e9rique Division","isPartOf":{"@id":"https:\/\/interamerica.org\/fr\/#website"},"primaryImageOfPage":{"@id":"https:\/\/interamerica.org\/fr\/2021\/04\/les-dirigeants-de-leglise-adventiste-elisent-erton-kohler-comme-nouveau-secretaire\/#primaryimage"},"image":{"@id":"https:\/\/interamerica.org\/fr\/2021\/04\/les-dirigeants-de-leglise-adventiste-elisent-erton-kohler-comme-nouveau-secretaire\/#primaryimage"},"thumbnailUrl":"https:\/\/interamerica.org\/wp-content\/uploads\/2021\/04\/adventist-church-leaders-elect-erton-kohler1280.jpg","datePublished":"2021-04-14T19:26:35+00:00","dateModified":"2021-04-15T12:43:49+00:00","author":{"@id":"https:\/\/interamerica.org\/fr\/#\/schema\/person\/29998f2bc2d8bd0d38662909289b54f1"},"breadcrumb":{"@id":"https:\/\/interamerica.org\/fr\/2021\/04\/les-dirigeants-de-leglise-adventiste-elisent-erton-kohler-comme-nouveau-secretaire\/#breadcrumb"},"inLanguage":"fr-FR","potentialAction":[{"@type":"ReadAction","target":["https:\/\/interamerica.org\/fr\/2021\/04\/les-dirigeants-de-leglise-adventiste-elisent-erton-kohler-comme-nouveau-secretaire\/"]}]},{"@type":"ImageObject","inLanguage":"fr-FR","@id":"https:\/\/interamerica.org\/fr\/2021\/04\/les-dirigeants-de-leglise-adventiste-elisent-erton-kohler-comme-nouveau-secretaire\/#primaryimage","url":"https:\/\/interamerica.org\/wp-content\/uploads\/2021\/04\/adventist-church-leaders-elect-erton-kohler1280.jpg","contentUrl":"https:\/\/interamerica.org\/wp-content\/uploads\/2021\/04\/adventist-church-leaders-elect-erton-kohler1280.jpg","width":1280,"height":800,"caption":"Le pr\u00e9sident de la Division Sud Am\u00e9ricaine, Erton K\u00f6hler, a \u00e9t\u00e9 \u00e9lu secr\u00e9taire de l'\u00c9glise adventiste du septi\u00e8me jour par le Comit\u00e9 Ex\u00e9cutif de la Conf\u00e9rence G\u00e9n\u00e9rale le 14 avril 2021. Il remplacera G.T. Ng qui a annonc\u00e9 son d\u00e9part \u00e0 la retraite. [Photo: Tor Tjeransen \/ Adventist Media Exchange (CC BY 4.0)]"},{"@type":"BreadcrumbList","@id":"https:\/\/interamerica.org\/fr\/2021\/04\/les-dirigeants-de-leglise-adventiste-elisent-erton-kohler-comme-nouveau-secretaire\/#breadcrumb","itemListElement":[{"@type":"ListItem","position":1,"name":"Home","item":"https:\/\/interamerica.org\/fr\/"},{"@type":"ListItem","position":2,"name":"Les dirigeants de l\u2019\u00c9glise adventiste \u00e9lisent Erton K\u00f6hler comme nouveau secr\u00e9taire"}]},{"@type":"WebSite","@id":"https:\/\/interamerica.org\/fr\/#website","url":"https:\/\/interamerica.org\/fr\/","name":"\u00c9glise Adventiste Du Septieme Jour - Inter Am\u00e9rique Division","description":"","potentialAction":[{"@type":"SearchAction","target":{"@type":"EntryPoint","urlTemplate":"https:\/\/interamerica.org\/fr\/?s={search_term_string}"},"query-input":{"@type":"PropertyValueSpecification","valueRequired":true,"valueName":"search_term_string"}}],"inLanguage":"fr-FR"},{"@type":"Person","@id":"https:\/\/interamerica.org\/fr\/#\/schema\/person\/29998f2bc2d8bd0d38662909289b54f1","name":"libna","image":{"@type":"ImageObject","inLanguage":"fr-FR","@id":"https:\/\/secure.gravatar.com\/avatar\/7c5bd30ae4b47a9ba3c856590957fd1d96dc588bf3ac05719d247e126840331f?s=96&d=mm&r=g","url":"https:\/\/secure.gravatar.com\/avatar\/7c5bd30ae4b47a9ba3c856590957fd1d96dc588bf3ac05719d247e126840331f?s=96&d=mm&r=g","contentUrl":"https:\/\/secure.gravatar.com\/avatar\/7c5bd30ae4b47a9ba3c856590957fd1d96dc588bf3ac05719d247e126840331f?s=96&d=mm&r=g","caption":"libna"}}]}},"_links":{"self":[{"href":"https:\/\/interamerica.org\/fr\/wp-json\/wp\/v2\/posts\/70790","targetHints":{"allow":["GET"]}}],"collection":[{"href":"https:\/\/interamerica.org\/fr\/wp-json\/wp\/v2\/posts"}],"about":[{"href":"https:\/\/interamerica.org\/fr\/wp-json\/wp\/v2\/types\/post"}],"author":[{"embeddable":true,"href":"https:\/\/interamerica.org\/fr\/wp-json\/wp\/v2\/users\/3"}],"replies":[{"embeddable":true,"href":"https:\/\/interamerica.org\/fr\/wp-json\/wp\/v2\/comments?post=70790"}],"version-history":[{"count":0,"href":"https:\/\/interamerica.org\/fr\/wp-json\/wp\/v2\/posts\/70790\/revisions"}],"wp:featuredmedia":[{"embeddable":true,"href":"https:\/\/interamerica.org\/fr\/wp-json\/wp\/v2\/media\/70767"}],"wp:attachment":[{"href":"https:\/\/interamerica.org\/fr\/wp-json\/wp\/v2\/media?parent=70790"}],"wp:term":[{"taxonomy":"category","embeddable":true,"href":"https:\/\/interamerica.org\/fr\/wp-json\/wp\/v2\/categories?post=70790"},{"taxonomy":"post_tag","embeddable":true,"href":"https:\/\/interamerica.org\/fr\/wp-json\/wp\/v2\/tags?post=70790"}],"curies":[{"name":"wp","href":"https:\/\/api.w.org\/{rel}","templated":true}]}}