{"id":70793,"date":"2021-04-16T11:00:21","date_gmt":"2021-04-16T15:00:21","guid":{"rendered":"https:\/\/recursing-golick.147-182-135-0.plesk.page\/?p=70793"},"modified":"2021-04-16T11:06:40","modified_gmt":"2021-04-16T15:06:40","slug":"leglise-adventiste-en-inter-amerique-celebrera-la-journee-des-ministeres-des-possibilites-le-24-avril","status":"publish","type":"post","link":"https:\/\/interamerica.org\/fr\/2021\/04\/leglise-adventiste-en-inter-amerique-celebrera-la-journee-des-ministeres-des-possibilites-le-24-avril\/","title":{"rendered":"L\u2019\u00c9glise Adventiste en Inter Am\u00e9rique c\u00e9l\u00e9brera la Journ\u00e9e des Minist\u00e8res des Possibilit\u00e9s le 24 avril"},"content":{"rendered":"<p>15 Avril 2021 | Miami, Floride, \u00c9tats-Unis | Libna Stevens, P\u00f4le Informations de la Division Inter Am\u00e9ricaine<\/p>\n<p>Le sabbat 24 avril 2021, l\u2019\u00c9glise adventiste du septi\u00e8me jour en Inter Am\u00e9rique c\u00e9l\u00e9brera les dons sp\u00e9ciaux de milliers de ses membres et de leurs familles qui ont des besoins sp\u00e9ciaux. Le programme, baptis\u00e9 Journ\u00e9e des Minist\u00e8res des Possibilit\u00e9s, est \u00e9galement tenu dans toute l\u2019\u00c9glise adventiste mondiale et vise \u00e0 donner une plus grande visibilit\u00e9 aux personnes ayant des possibilit\u00e9s, ont indiqu\u00e9 les organisateurs.<\/p>\n<p>\u00ab C\u2019est un festival joyeux dont l\u2019objectif est d\u2019\u00e9quiper, de valoriser et d\u2019aider les personnes en situation de handicap \u00e0 utiliser leurs capacit\u00e9s naturelles, leurs comp\u00e9tences acquises et leurs dons spirituels pour rendre gloire \u00e0 Dieu, \u00bb a d\u00e9clar\u00e9 pasteur Samuel Telemaque, directeur des minist\u00e8res des possibilit\u00e9s pour l\u2019\u00c9glise adventiste en Inter Am\u00e9rique.<\/p>\n<p>Avec pour th\u00e8me \u00ab En J\u00e9sus, tous sont dou\u00e9s et tous sont accept\u00e9s, \u00bb le culte du matin verra intervenir sept groupes uniques d\u2019individus, y compris les sourds, les aveugles, les personnes \u00e0 mobilit\u00e9 r\u00e9duite, ceux qui souffrent de probl\u00e8mes de sant\u00e9 mentale, les orphelins, ceux qui pleurent la perte d\u2019un conjoint et les aidants, ainsi que ceux qui vivent et travaillent avec eux.<\/p>\n<p><div id=\"attachment_70471\" style=\"width: 589px\" class=\"wp-caption aligncenter\"><img fetchpriority=\"high\" decoding=\"async\" aria-describedby=\"caption-attachment-70471\" class=\"wp-image-70471 \" src=\"https:\/\/recursing-golick.147-182-135-0.plesk.page\/wp-content\/uploads\/2021\/02\/whatsapp-image-2021-04-01-at-45157-pm-768x1024.jpeg\" alt=\"\" width=\"579\" height=\"770\" \/><p id=\"caption-attachment-70471\" class=\"wp-caption-text\">[Image: Division Interam\u00e9ricaine]<\/p><\/div>Le s\u00e9nateur de la Jama\u00efque, le Dr Floyd Morris, sera l\u2019intervenant principal pour le service de culte du matin. Mme Juliana Santos des Minist\u00e8res Adventistes des Possibilit\u00e9s \u00e0 la Conf\u00e9rence G\u00e9n\u00e9rale sera elle l\u2019intervenante principale pour le programme de l\u2019apr\u00e8s-midi.<\/p>\n<p>Les dirigeants de la Division Inter Am\u00e9ricaine (DIA) participeront \u00e9galement au programme et s\u2019adresseront aux responsables des minist\u00e8res des possibilit\u00e9s et \u00e0 des centaines de personnes qui prendront part \u00e0 la pr\u00e9sentation de chants, de sc\u00e8nes, et qui se connecteront pendant le festival des possibilit\u00e9s qui se tiendra en ligne.<\/p>\n<p>Le programme fera intervenir des interpr\u00e8tes en langue des signes de 18 pays pour les malentendants. \u00ab Ils pourront acc\u00e9der \u00e0 la plate-forme Zoom pour voir leur interpr\u00e8te respectif identifi\u00e9 par le drapeau de chaque pays, \u00bb a dit pasteur Telemaque. Le reste de l\u2019auditoire en ligne pourra voir le programme en anglais, en espagnol et en fran\u00e7ais.<\/p>\n<p>Le programme de la journ\u00e9e se d\u00e9roulera de 9h00 \u00e0 12h00 et se poursuivra de 14h00 \u00e0 18h00, heure de Miami.<\/p>\n<p>Le programme comprendra \u00e9galement une formation pour les leaders sur l\u2019adaptation de l\u2019enseignement pour les personnes ayant des besoins sp\u00e9ciaux, une pr\u00e9sentation de chaque groupe de travail de l\u2019\u00e9quipe de direction qui supervise les minist\u00e8res des possibilit\u00e9s dans chaque union, ainsi que des faits saillants et des initiatives qui se d\u00e9roulent dans l\u2019ensemble du territoire, et plus encore.<\/p>\n<p>Pour voir la C\u00e9l\u00e9bration du Festival de la Journ\u00e9e des Minist\u00e8res des Possibilit\u00e9s de l&rsquo;Inter Am\u00e9rique le 24 avril 2021, cliquez sur les liens suivants :<\/p>\n<p><strong>Anglais<\/strong>:\u00a0Connexion Chaine YouTube DIA <a href=\"https:\/\/www.youtube.com\/channel\/UCmmSViewmBZOIO4HVliq71A\">ICI<\/a><\/p>\n<p><strong>Espagnol<\/strong>:\u00a0 Connectividad DIA <a href=\"https:\/\/www.youtube.com\/channel\/UC4njn4nUKcOCOddvmSvQTgA\/featured\">ICI<\/a><\/p>\n<p><strong>French:<\/strong>\u00a0 Connexion DIA <a href=\"https:\/\/www.youtube.com\/channel\/UCvJvpEcwLRtyufY6Zmfh1cQ\">ICI<\/a><\/p>\n<p>Traduction: Patrick Luciathe<\/p>\n","protected":false},"excerpt":{"rendered":"<p>15 Avril 2021 | Miami, Floride, \u00c9tats-Unis | Libna Stevens, P\u00f4le Informations de la Division Inter Am\u00e9ricaine Le sabbat 24 avril 2021, l\u2019\u00c9glise adventiste du septi\u00e8me jour en Inter Am\u00e9rique&#8230;<\/p>\n","protected":false},"author":3,"featured_media":69248,"comment_status":"closed","ping_status":"closed","sticky":false,"template":"","format":"standard","meta":{"_acf_changed":false,"footnotes":""},"categories":[20,19],"tags":[],"class_list":["post-70793","post","type-post","status-publish","format-standard","has-post-thumbnail","hentry","category-nouvelles-du-siege-de-la-division","category-rss-francais"],"acf":[],"yoast_head":"<!-- This site is optimized with the Yoast SEO plugin v27.3 - https:\/\/yoast.com\/product\/yoast-seo-wordpress\/ -->\n<title>L\u2019\u00c9glise Adventiste en Inter Am\u00e9rique c\u00e9l\u00e9brera la Journ\u00e9e des Minist\u00e8res des Possibilit\u00e9s le 24 avril - \u00c9glise Adventiste Du Septieme Jour - Inter Am\u00e9rique Division<\/title>\n<meta name=\"robots\" content=\"index, follow, max-snippet:-1, max-image-preview:large, max-video-preview:-1\" \/>\n<link rel=\"canonical\" href=\"https:\/\/interamerica.org\/fr\/2021\/04\/leglise-adventiste-en-inter-amerique-celebrera-la-journee-des-ministeres-des-possibilites-le-24-avril\/\" \/>\n<meta property=\"og:locale\" content=\"fr_FR\" \/>\n<meta property=\"og:type\" content=\"article\" \/>\n<meta property=\"og:title\" content=\"L\u2019\u00c9glise Adventiste en Inter Am\u00e9rique c\u00e9l\u00e9brera la Journ\u00e9e des Minist\u00e8res des Possibilit\u00e9s le 24 avril - \u00c9glise Adventiste Du Septieme Jour - Inter Am\u00e9rique Division\" \/>\n<meta property=\"og:description\" content=\"15 Avril 2021 | Miami, Floride, \u00c9tats-Unis | Libna Stevens, P\u00f4le Informations de la Division Inter Am\u00e9ricaine Le sabbat 24 avril 2021, l\u2019\u00c9glise adventiste du septi\u00e8me jour en Inter Am\u00e9rique...\" \/>\n<meta property=\"og:url\" content=\"https:\/\/interamerica.org\/fr\/2021\/04\/leglise-adventiste-en-inter-amerique-celebrera-la-journee-des-ministeres-des-possibilites-le-24-avril\/\" \/>\n<meta property=\"og:site_name\" content=\"\u00c9glise Adventiste Du Septieme Jour - Inter Am\u00e9rique Division\" \/>\n<meta property=\"article:published_time\" content=\"2021-04-16T15:00:21+00:00\" \/>\n<meta property=\"article:modified_time\" content=\"2021-04-16T15:06:40+00:00\" \/>\n<meta property=\"og:image\" content=\"https:\/\/interamerica.org\/wp-content\/uploads\/2021\/02\/untitled-design-8.jpg\" \/>\n\t<meta property=\"og:image:width\" content=\"1280\" \/>\n\t<meta property=\"og:image:height\" content=\"800\" \/>\n\t<meta property=\"og:image:type\" content=\"image\/jpeg\" \/>\n<meta name=\"author\" content=\"libna\" \/>\n<meta name=\"twitter:card\" content=\"summary_large_image\" \/>\n<meta name=\"twitter:label1\" content=\"\u00c9crit par\" \/>\n\t<meta name=\"twitter:data1\" content=\"libna\" \/>\n\t<meta name=\"twitter:label2\" content=\"Dur\u00e9e de lecture estim\u00e9e\" \/>\n\t<meta name=\"twitter:data2\" content=\"3 minutes\" \/>\n<script type=\"application\/ld+json\" class=\"yoast-schema-graph\">{\"@context\":\"https:\\\/\\\/schema.org\",\"@graph\":[{\"@type\":\"Article\",\"@id\":\"https:\\\/\\\/interamerica.org\\\/fr\\\/2021\\\/04\\\/leglise-adventiste-en-inter-amerique-celebrera-la-journee-des-ministeres-des-possibilites-le-24-avril\\\/#article\",\"isPartOf\":{\"@id\":\"https:\\\/\\\/interamerica.org\\\/fr\\\/2021\\\/04\\\/leglise-adventiste-en-inter-amerique-celebrera-la-journee-des-ministeres-des-possibilites-le-24-avril\\\/\"},\"author\":{\"name\":\"libna\",\"@id\":\"https:\\\/\\\/interamerica.org\\\/fr\\\/#\\\/schema\\\/person\\\/29998f2bc2d8bd0d38662909289b54f1\"},\"headline\":\"L\u2019\u00c9glise Adventiste en Inter Am\u00e9rique c\u00e9l\u00e9brera la Journ\u00e9e des Minist\u00e8res des Possibilit\u00e9s le 24 avril\",\"datePublished\":\"2021-04-16T15:00:21+00:00\",\"dateModified\":\"2021-04-16T15:06:40+00:00\",\"mainEntityOfPage\":{\"@id\":\"https:\\\/\\\/interamerica.org\\\/fr\\\/2021\\\/04\\\/leglise-adventiste-en-inter-amerique-celebrera-la-journee-des-ministeres-des-possibilites-le-24-avril\\\/\"},\"wordCount\":548,\"image\":{\"@id\":\"https:\\\/\\\/interamerica.org\\\/fr\\\/2021\\\/04\\\/leglise-adventiste-en-inter-amerique-celebrera-la-journee-des-ministeres-des-possibilites-le-24-avril\\\/#primaryimage\"},\"thumbnailUrl\":\"https:\\\/\\\/interamerica.org\\\/wp-content\\\/uploads\\\/2021\\\/02\\\/untitled-design-8.jpg\",\"articleSection\":[\"Nouvelles du si\u00e8ge de la division\",\"RSS Fran\u00e7ais\"],\"inLanguage\":\"fr-FR\"},{\"@type\":\"WebPage\",\"@id\":\"https:\\\/\\\/interamerica.org\\\/fr\\\/2021\\\/04\\\/leglise-adventiste-en-inter-amerique-celebrera-la-journee-des-ministeres-des-possibilites-le-24-avril\\\/\",\"url\":\"https:\\\/\\\/interamerica.org\\\/fr\\\/2021\\\/04\\\/leglise-adventiste-en-inter-amerique-celebrera-la-journee-des-ministeres-des-possibilites-le-24-avril\\\/\",\"name\":\"L\u2019\u00c9glise Adventiste en Inter Am\u00e9rique c\u00e9l\u00e9brera la Journ\u00e9e des Minist\u00e8res des Possibilit\u00e9s le 24 avril - \u00c9glise Adventiste Du Septieme Jour - Inter Am\u00e9rique Division\",\"isPartOf\":{\"@id\":\"https:\\\/\\\/interamerica.org\\\/fr\\\/#website\"},\"primaryImageOfPage\":{\"@id\":\"https:\\\/\\\/interamerica.org\\\/fr\\\/2021\\\/04\\\/leglise-adventiste-en-inter-amerique-celebrera-la-journee-des-ministeres-des-possibilites-le-24-avril\\\/#primaryimage\"},\"image\":{\"@id\":\"https:\\\/\\\/interamerica.org\\\/fr\\\/2021\\\/04\\\/leglise-adventiste-en-inter-amerique-celebrera-la-journee-des-ministeres-des-possibilites-le-24-avril\\\/#primaryimage\"},\"thumbnailUrl\":\"https:\\\/\\\/interamerica.org\\\/wp-content\\\/uploads\\\/2021\\\/02\\\/untitled-design-8.jpg\",\"datePublished\":\"2021-04-16T15:00:21+00:00\",\"dateModified\":\"2021-04-16T15:06:40+00:00\",\"author\":{\"@id\":\"https:\\\/\\\/interamerica.org\\\/fr\\\/#\\\/schema\\\/person\\\/29998f2bc2d8bd0d38662909289b54f1\"},\"breadcrumb\":{\"@id\":\"https:\\\/\\\/interamerica.org\\\/fr\\\/2021\\\/04\\\/leglise-adventiste-en-inter-amerique-celebrera-la-journee-des-ministeres-des-possibilites-le-24-avril\\\/#breadcrumb\"},\"inLanguage\":\"fr-FR\",\"potentialAction\":[{\"@type\":\"ReadAction\",\"target\":[\"https:\\\/\\\/interamerica.org\\\/fr\\\/2021\\\/04\\\/leglise-adventiste-en-inter-amerique-celebrera-la-journee-des-ministeres-des-possibilites-le-24-avril\\\/\"]}]},{\"@type\":\"ImageObject\",\"inLanguage\":\"fr-FR\",\"@id\":\"https:\\\/\\\/interamerica.org\\\/fr\\\/2021\\\/04\\\/leglise-adventiste-en-inter-amerique-celebrera-la-journee-des-ministeres-des-possibilites-le-24-avril\\\/#primaryimage\",\"url\":\"https:\\\/\\\/interamerica.org\\\/wp-content\\\/uploads\\\/2021\\\/02\\\/untitled-design-8.jpg\",\"contentUrl\":\"https:\\\/\\\/interamerica.org\\\/wp-content\\\/uploads\\\/2021\\\/02\\\/untitled-design-8.jpg\",\"width\":1280,\"height\":800,\"caption\":\"[Photo: Canva]\"},{\"@type\":\"BreadcrumbList\",\"@id\":\"https:\\\/\\\/interamerica.org\\\/fr\\\/2021\\\/04\\\/leglise-adventiste-en-inter-amerique-celebrera-la-journee-des-ministeres-des-possibilites-le-24-avril\\\/#breadcrumb\",\"itemListElement\":[{\"@type\":\"ListItem\",\"position\":1,\"name\":\"Home\",\"item\":\"https:\\\/\\\/interamerica.org\\\/fr\\\/\"},{\"@type\":\"ListItem\",\"position\":2,\"name\":\"L\u2019\u00c9glise Adventiste en Inter Am\u00e9rique c\u00e9l\u00e9brera la Journ\u00e9e des Minist\u00e8res des Possibilit\u00e9s le 24 avril\"}]},{\"@type\":\"WebSite\",\"@id\":\"https:\\\/\\\/interamerica.org\\\/fr\\\/#website\",\"url\":\"https:\\\/\\\/interamerica.org\\\/fr\\\/\",\"name\":\"\u00c9glise Adventiste Du Septieme Jour - Inter Am\u00e9rique Division\",\"description\":\"\",\"potentialAction\":[{\"@type\":\"SearchAction\",\"target\":{\"@type\":\"EntryPoint\",\"urlTemplate\":\"https:\\\/\\\/interamerica.org\\\/fr\\\/?s={search_term_string}\"},\"query-input\":{\"@type\":\"PropertyValueSpecification\",\"valueRequired\":true,\"valueName\":\"search_term_string\"}}],\"inLanguage\":\"fr-FR\"},{\"@type\":\"Person\",\"@id\":\"https:\\\/\\\/interamerica.org\\\/fr\\\/#\\\/schema\\\/person\\\/29998f2bc2d8bd0d38662909289b54f1\",\"name\":\"libna\",\"image\":{\"@type\":\"ImageObject\",\"inLanguage\":\"fr-FR\",\"@id\":\"https:\\\/\\\/secure.gravatar.com\\\/avatar\\\/7c5bd30ae4b47a9ba3c856590957fd1d96dc588bf3ac05719d247e126840331f?s=96&d=mm&r=g\",\"url\":\"https:\\\/\\\/secure.gravatar.com\\\/avatar\\\/7c5bd30ae4b47a9ba3c856590957fd1d96dc588bf3ac05719d247e126840331f?s=96&d=mm&r=g\",\"contentUrl\":\"https:\\\/\\\/secure.gravatar.com\\\/avatar\\\/7c5bd30ae4b47a9ba3c856590957fd1d96dc588bf3ac05719d247e126840331f?s=96&d=mm&r=g\",\"caption\":\"libna\"}}]}<\/script>\n<!-- \/ Yoast SEO plugin. -->","yoast_head_json":{"title":"L\u2019\u00c9glise Adventiste en Inter Am\u00e9rique c\u00e9l\u00e9brera la Journ\u00e9e des Minist\u00e8res des Possibilit\u00e9s le 24 avril - \u00c9glise Adventiste Du Septieme Jour - Inter Am\u00e9rique Division","robots":{"index":"index","follow":"follow","max-snippet":"max-snippet:-1","max-image-preview":"max-image-preview:large","max-video-preview":"max-video-preview:-1"},"canonical":"https:\/\/interamerica.org\/fr\/2021\/04\/leglise-adventiste-en-inter-amerique-celebrera-la-journee-des-ministeres-des-possibilites-le-24-avril\/","og_locale":"fr_FR","og_type":"article","og_title":"L\u2019\u00c9glise Adventiste en Inter Am\u00e9rique c\u00e9l\u00e9brera la Journ\u00e9e des Minist\u00e8res des Possibilit\u00e9s le 24 avril - \u00c9glise Adventiste Du Septieme Jour - Inter Am\u00e9rique Division","og_description":"15 Avril 2021 | Miami, Floride, \u00c9tats-Unis | Libna Stevens, P\u00f4le Informations de la Division Inter Am\u00e9ricaine Le sabbat 24 avril 2021, l\u2019\u00c9glise adventiste du septi\u00e8me jour en Inter Am\u00e9rique...","og_url":"https:\/\/interamerica.org\/fr\/2021\/04\/leglise-adventiste-en-inter-amerique-celebrera-la-journee-des-ministeres-des-possibilites-le-24-avril\/","og_site_name":"\u00c9glise Adventiste Du Septieme Jour - Inter Am\u00e9rique Division","article_published_time":"2021-04-16T15:00:21+00:00","article_modified_time":"2021-04-16T15:06:40+00:00","og_image":[{"width":1280,"height":800,"url":"https:\/\/interamerica.org\/wp-content\/uploads\/2021\/02\/untitled-design-8.jpg","type":"image\/jpeg"}],"author":"libna","twitter_card":"summary_large_image","twitter_misc":{"\u00c9crit par":"libna","Dur\u00e9e de lecture estim\u00e9e":"3 minutes"},"schema":{"@context":"https:\/\/schema.org","@graph":[{"@type":"Article","@id":"https:\/\/interamerica.org\/fr\/2021\/04\/leglise-adventiste-en-inter-amerique-celebrera-la-journee-des-ministeres-des-possibilites-le-24-avril\/#article","isPartOf":{"@id":"https:\/\/interamerica.org\/fr\/2021\/04\/leglise-adventiste-en-inter-amerique-celebrera-la-journee-des-ministeres-des-possibilites-le-24-avril\/"},"author":{"name":"libna","@id":"https:\/\/interamerica.org\/fr\/#\/schema\/person\/29998f2bc2d8bd0d38662909289b54f1"},"headline":"L\u2019\u00c9glise Adventiste en Inter Am\u00e9rique c\u00e9l\u00e9brera la Journ\u00e9e des Minist\u00e8res des Possibilit\u00e9s le 24 avril","datePublished":"2021-04-16T15:00:21+00:00","dateModified":"2021-04-16T15:06:40+00:00","mainEntityOfPage":{"@id":"https:\/\/interamerica.org\/fr\/2021\/04\/leglise-adventiste-en-inter-amerique-celebrera-la-journee-des-ministeres-des-possibilites-le-24-avril\/"},"wordCount":548,"image":{"@id":"https:\/\/interamerica.org\/fr\/2021\/04\/leglise-adventiste-en-inter-amerique-celebrera-la-journee-des-ministeres-des-possibilites-le-24-avril\/#primaryimage"},"thumbnailUrl":"https:\/\/interamerica.org\/wp-content\/uploads\/2021\/02\/untitled-design-8.jpg","articleSection":["Nouvelles du si\u00e8ge de la division","RSS Fran\u00e7ais"],"inLanguage":"fr-FR"},{"@type":"WebPage","@id":"https:\/\/interamerica.org\/fr\/2021\/04\/leglise-adventiste-en-inter-amerique-celebrera-la-journee-des-ministeres-des-possibilites-le-24-avril\/","url":"https:\/\/interamerica.org\/fr\/2021\/04\/leglise-adventiste-en-inter-amerique-celebrera-la-journee-des-ministeres-des-possibilites-le-24-avril\/","name":"L\u2019\u00c9glise Adventiste en Inter Am\u00e9rique c\u00e9l\u00e9brera la Journ\u00e9e des Minist\u00e8res des Possibilit\u00e9s le 24 avril - \u00c9glise Adventiste Du Septieme Jour - Inter Am\u00e9rique Division","isPartOf":{"@id":"https:\/\/interamerica.org\/fr\/#website"},"primaryImageOfPage":{"@id":"https:\/\/interamerica.org\/fr\/2021\/04\/leglise-adventiste-en-inter-amerique-celebrera-la-journee-des-ministeres-des-possibilites-le-24-avril\/#primaryimage"},"image":{"@id":"https:\/\/interamerica.org\/fr\/2021\/04\/leglise-adventiste-en-inter-amerique-celebrera-la-journee-des-ministeres-des-possibilites-le-24-avril\/#primaryimage"},"thumbnailUrl":"https:\/\/interamerica.org\/wp-content\/uploads\/2021\/02\/untitled-design-8.jpg","datePublished":"2021-04-16T15:00:21+00:00","dateModified":"2021-04-16T15:06:40+00:00","author":{"@id":"https:\/\/interamerica.org\/fr\/#\/schema\/person\/29998f2bc2d8bd0d38662909289b54f1"},"breadcrumb":{"@id":"https:\/\/interamerica.org\/fr\/2021\/04\/leglise-adventiste-en-inter-amerique-celebrera-la-journee-des-ministeres-des-possibilites-le-24-avril\/#breadcrumb"},"inLanguage":"fr-FR","potentialAction":[{"@type":"ReadAction","target":["https:\/\/interamerica.org\/fr\/2021\/04\/leglise-adventiste-en-inter-amerique-celebrera-la-journee-des-ministeres-des-possibilites-le-24-avril\/"]}]},{"@type":"ImageObject","inLanguage":"fr-FR","@id":"https:\/\/interamerica.org\/fr\/2021\/04\/leglise-adventiste-en-inter-amerique-celebrera-la-journee-des-ministeres-des-possibilites-le-24-avril\/#primaryimage","url":"https:\/\/interamerica.org\/wp-content\/uploads\/2021\/02\/untitled-design-8.jpg","contentUrl":"https:\/\/interamerica.org\/wp-content\/uploads\/2021\/02\/untitled-design-8.jpg","width":1280,"height":800,"caption":"[Photo: Canva]"},{"@type":"BreadcrumbList","@id":"https:\/\/interamerica.org\/fr\/2021\/04\/leglise-adventiste-en-inter-amerique-celebrera-la-journee-des-ministeres-des-possibilites-le-24-avril\/#breadcrumb","itemListElement":[{"@type":"ListItem","position":1,"name":"Home","item":"https:\/\/interamerica.org\/fr\/"},{"@type":"ListItem","position":2,"name":"L\u2019\u00c9glise Adventiste en Inter Am\u00e9rique c\u00e9l\u00e9brera la Journ\u00e9e des Minist\u00e8res des Possibilit\u00e9s le 24 avril"}]},{"@type":"WebSite","@id":"https:\/\/interamerica.org\/fr\/#website","url":"https:\/\/interamerica.org\/fr\/","name":"\u00c9glise Adventiste Du Septieme Jour - Inter Am\u00e9rique Division","description":"","potentialAction":[{"@type":"SearchAction","target":{"@type":"EntryPoint","urlTemplate":"https:\/\/interamerica.org\/fr\/?s={search_term_string}"},"query-input":{"@type":"PropertyValueSpecification","valueRequired":true,"valueName":"search_term_string"}}],"inLanguage":"fr-FR"},{"@type":"Person","@id":"https:\/\/interamerica.org\/fr\/#\/schema\/person\/29998f2bc2d8bd0d38662909289b54f1","name":"libna","image":{"@type":"ImageObject","inLanguage":"fr-FR","@id":"https:\/\/secure.gravatar.com\/avatar\/7c5bd30ae4b47a9ba3c856590957fd1d96dc588bf3ac05719d247e126840331f?s=96&d=mm&r=g","url":"https:\/\/secure.gravatar.com\/avatar\/7c5bd30ae4b47a9ba3c856590957fd1d96dc588bf3ac05719d247e126840331f?s=96&d=mm&r=g","contentUrl":"https:\/\/secure.gravatar.com\/avatar\/7c5bd30ae4b47a9ba3c856590957fd1d96dc588bf3ac05719d247e126840331f?s=96&d=mm&r=g","caption":"libna"}}]}},"_links":{"self":[{"href":"https:\/\/interamerica.org\/fr\/wp-json\/wp\/v2\/posts\/70793","targetHints":{"allow":["GET"]}}],"collection":[{"href":"https:\/\/interamerica.org\/fr\/wp-json\/wp\/v2\/posts"}],"about":[{"href":"https:\/\/interamerica.org\/fr\/wp-json\/wp\/v2\/types\/post"}],"author":[{"embeddable":true,"href":"https:\/\/interamerica.org\/fr\/wp-json\/wp\/v2\/users\/3"}],"replies":[{"embeddable":true,"href":"https:\/\/interamerica.org\/fr\/wp-json\/wp\/v2\/comments?post=70793"}],"version-history":[{"count":0,"href":"https:\/\/interamerica.org\/fr\/wp-json\/wp\/v2\/posts\/70793\/revisions"}],"wp:featuredmedia":[{"embeddable":true,"href":"https:\/\/interamerica.org\/fr\/wp-json\/wp\/v2\/media\/69248"}],"wp:attachment":[{"href":"https:\/\/interamerica.org\/fr\/wp-json\/wp\/v2\/media?parent=70793"}],"wp:term":[{"taxonomy":"category","embeddable":true,"href":"https:\/\/interamerica.org\/fr\/wp-json\/wp\/v2\/categories?post=70793"},{"taxonomy":"post_tag","embeddable":true,"href":"https:\/\/interamerica.org\/fr\/wp-json\/wp\/v2\/tags?post=70793"}],"curies":[{"name":"wp","href":"https:\/\/api.w.org\/{rel}","templated":true}]}}