{"id":70985,"date":"2021-04-22T20:07:08","date_gmt":"2021-04-23T00:07:08","guid":{"rendered":"https:\/\/recursing-golick.147-182-135-0.plesk.page\/?p=70985"},"modified":"2021-04-23T09:57:43","modified_gmt":"2021-04-23T13:57:43","slug":"journee-de-sensibilisation-des-ministeres-des-possibilites","status":"publish","type":"post","link":"https:\/\/interamerica.org\/fr\/2021\/04\/journee-de-sensibilisation-des-ministeres-des-possibilites\/","title":{"rendered":"Journ\u00e9e de sensibilisation des Minist\u00e8res des Possibilit\u00e9s"},"content":{"rendered":"<p>22 avril 2021 | Silver Spring, Maryland, \u00c9tats-Unis | Ted N.C. Wilson<\/p>\n<p><span style=\"font-weight: 400;\">Bonjour les amis ! J\u2019esp\u00e8re que vous avez pass\u00e9 une excellente semaine, conscients des nombreuses b\u00e9n\u00e9dictions que le Seigneur vous r\u00e9serve.<\/span><\/p>\n<p><span style=\"font-weight: 400;\">En tant que disciples du Christ, nous avons l\u2019immense privil\u00e8ge d\u2019annoncer l\u2019\u00c9vangile \u00e0 tout le monde, \u00ab \u00e0 toute nation, \u00e0 toute tribu, \u00e0 toute langue et \u00e0 tout peuple \u00bb, selon ce que nous lisons dans Apocalypse 14.6. Et bien que cette t\u00e2che puisse sembler simple, il est parfois facile de n\u00e9gliger ceux qui ont des difficult\u00e9s diff\u00e9rentes de celles que nous rencontrons personnellement : ceux qui ont des difficult\u00e9s \u00e0 entendre ou \u00e0 voir, ceux qui ont des difficult\u00e9s \u00e9motionnelles ou mentales, les orphelins et autres enfants vuln\u00e9rables, les veufs et veuves, ceux qui prennent soin des personnes qui sont confront\u00e9es \u00e0 ces diff\u00e9rents probl\u00e8mes. Comment pouvons-nous atteindre ces personnes, les inclure dans notre communaut\u00e9 de croyants et les encourager ?<\/span><\/p>\n<p><span style=\"font-weight: 400;\">Les Minist\u00e8res Adventistes des Possibilit\u00e9s, parfois appel\u00e9s \u00ab Minist\u00e8res des besoins sp\u00e9ciaux \u00bb, sont un minist\u00e8re inclusif de l\u2019\u00e9glise dont la devise est : \u00ab Tous sont dou\u00e9s, n\u00e9cessaires et pr\u00e9cieux ! \u00bb. Ils suivent le minist\u00e8re de J\u00e9sus, tel qu\u2019il est d\u00e9crit dans Luc 4.18 :<\/span><\/p>\n<p><span style=\"font-weight: 400;\">\u00ab L\u2019Esprit du Seigneur est sur moi, parce qu\u2019il m\u2019a consacr\u00e9 par onction pour annoncer la bonne nouvelle aux pauvres ; il m\u2019a envoy\u00e9 [pour gu\u00e9rir ceux qui ont le c\u0153ur bris\u00e9,] pour proclamer aux prisonniers la d\u00e9livrance et aux aveugles le recouvrement de la vue, pour renvoyer libres les opprim\u00e9s, pour proclamer une ann\u00e9e de gr\u00e2ce du Seigneur \u00bb ; bien \u00e9videmment, ceci est au verset 19.<\/span><\/p>\n<p><span style=\"font-weight: 400;\">Afin d\u2019attirer l\u2019attention sur ces minist\u00e8res tr\u00e8s importants, chaque ann\u00e9e, un samedi sp\u00e9cial est d\u00e9sign\u00e9 comme \u00ab Journ\u00e9e de sensibilisation aux Minist\u00e8res des Possibilit\u00e9s \u00bb. Et cette ann\u00e9e, le sabbat 24 avril a \u00e9t\u00e9 r\u00e9serv\u00e9 \u00e0 cet effet. Au cours de cette journ\u00e9e, les Minist\u00e8res Adventistes des Possibilit\u00e9s proposeront un s\u00e9minaire opportun et tr\u00e8s important intitul\u00e9 \u00ab Trouver la joie dans la souffrance : faire le deuil d\u2019un \u00eatre cher \u00bb.<\/span><\/p>\n<p><span style=\"font-weight: 400;\">Comme vous le savez, l\u2019ann\u00e9e derni\u00e8re a \u00e9t\u00e9 extr\u00eamement douloureuse avec la perte de tant de vies \u00e0 cause du coronavirus. En outre, des personnes et des familles du monde entier ont subi de nombreux autres types de pertes : perte d\u2019emploi, perte de s\u00e9curit\u00e9, etc.<\/span><\/p>\n<p><span style=\"font-weight: 400;\">Bien qu\u2019un s\u00e9minaire en ligne n\u2019effacera pas la douleur, nous pouvons apprendre \u00e0 y faire face ensemble et \u00e0 trouver ce qui nous apportera un espoir durable et peut-\u00eatre une forme unique de \u00ab joie \u00bb. Je vous invite \u00e0 participer \u00e0 ce s\u00e9minaire gratuit, au cours duquel des sp\u00e9cialistes et des personnes ayant subi une perte directe partageront la mani\u00e8re dont elles ont appris \u00e0 faire face \u00e0 l\u2019avenir sans un \u00eatre cher.<\/span><\/p>\n<p><span style=\"font-weight: 400;\">Pour plus d\u2019informations sur les horaires de diffusion et pour assister au s\u00e9minaire, je vous encourage \u00e0 consulter le site : possibilityministries.org\/finding-joy-in-suffering ; je r\u00e9p\u00e8te : possibilityministries.org\/finding-joy-in-suffering, comme vous pouvez le lire sur l\u2019\u00e9cran.<\/span><\/p>\n<p><span style=\"font-weight: 400;\">Il s\u2019agit de l\u2019un des nombreux services sp\u00e9ciaux offerts par les Minist\u00e8res Adventistes des Possibilit\u00e9s, qui aide les gens \u00e0 savoir qu\u2019ils ne sont pas seuls. \u00c9coutons leur chant th\u00e8me, intitul\u00e9 \u00ab Not Alone \u00bb, interpr\u00e9t\u00e9 par le ch\u0153ur d\u2019enfants de Watoto.\u00a0<\/span><\/p>\n<p><span style=\"font-weight: 400;\">\u00a0<\/span><span style=\"font-weight: 400;\">N\u2019oubliez pas que vous n\u2019\u00eates pas seul ! Prions ensemble :<\/span><\/p>\n<h3><b>Prayer:<\/b><\/h3>\n<p><span style=\"font-weight: 400;\">P\u00e8re c\u00e9leste, merci d\u2019avoir promis d\u2019\u00eatre avec nous jusqu\u2019\u00e0 la fin des temps, cette belle promesse dans Matthieu 28 nous dit que tu seras avec nous jusqu\u2019\u00e0 la fin du monde et Seigneur, aide-nous \u00e0 savoir que dans notre voyage quotidien nous ne sommes pas seuls, peu importe ce que nous affrontons, aide-nous \u00e0 nous appuyer sur toi, \u00e0 compter sur tes b\u00e9n\u00e9dictions, \u00e0 r\u00e9citer tes promesses, \u00e0 chanter tes louanges et \u00e0 nous rappeler que nous ne sommes jamais seuls lorsque nous nous appuyons sur toi. Merci de nous \u00e9couter et de b\u00e9nir les Minist\u00e8res Adventistes des Possibilit\u00e9s de mani\u00e8re dynamique, alors qu\u2019ils touchent la vie d\u2019innombrables personnes, les amenant \u00e0 celui qui peut leur donner une joie pleine et une vie abondante. Merci de nous entendre dans cette pri\u00e8re. Nous le demandons au nom de J\u00e9sus, amen.<\/span><\/p>\n<p><iframe title=\"Trouver la joie dans la souffrance \/ Pasteur Ted Wilson\" src=\"https:\/\/player.vimeo.com\/video\/540658448?dnt=1&amp;app_id=122963\" width=\"500\" height=\"281\" frameborder=\"0\" allow=\"autoplay; fullscreen; picture-in-picture; clipboard-write\"><\/iframe><\/p>\n","protected":false},"excerpt":{"rendered":"<p>22 avril 2021 | Silver Spring, Maryland, \u00c9tats-Unis | Ted N.C. Wilson Bonjour les amis ! J\u2019esp\u00e8re que vous avez pass\u00e9 une excellente semaine, conscients des nombreuses b\u00e9n\u00e9dictions que le&#8230;<\/p>\n","protected":false},"author":3,"featured_media":71060,"comment_status":"closed","ping_status":"closed","sticky":false,"template":"","format":"standard","meta":{"_acf_changed":false,"footnotes":""},"categories":[18,19],"tags":[],"class_list":["post-70985","post","type-post","status-publish","format-standard","has-post-thumbnail","hentry","category-nouvelles-de-leglise-mondiale","category-rss-francais"],"acf":[],"yoast_head":"<!-- This site is optimized with the Yoast SEO plugin v27.3 - https:\/\/yoast.com\/product\/yoast-seo-wordpress\/ -->\n<title>Journ\u00e9e de sensibilisation des Minist\u00e8res des Possibilit\u00e9s - \u00c9glise Adventiste Du Septieme Jour - Inter Am\u00e9rique Division<\/title>\n<meta name=\"robots\" content=\"index, follow, max-snippet:-1, max-image-preview:large, max-video-preview:-1\" \/>\n<link rel=\"canonical\" href=\"https:\/\/interamerica.org\/fr\/2021\/04\/journee-de-sensibilisation-des-ministeres-des-possibilites\/\" \/>\n<meta property=\"og:locale\" content=\"fr_FR\" \/>\n<meta property=\"og:type\" content=\"article\" \/>\n<meta property=\"og:title\" content=\"Journ\u00e9e de sensibilisation des Minist\u00e8res des Possibilit\u00e9s - \u00c9glise Adventiste Du Septieme Jour - Inter Am\u00e9rique Division\" \/>\n<meta property=\"og:description\" content=\"22 avril 2021 | Silver Spring, Maryland, \u00c9tats-Unis | Ted N.C. Wilson Bonjour les amis ! J\u2019esp\u00e8re que vous avez pass\u00e9 une excellente semaine, conscients des nombreuses b\u00e9n\u00e9dictions que le...\" \/>\n<meta property=\"og:url\" content=\"https:\/\/interamerica.org\/fr\/2021\/04\/journee-de-sensibilisation-des-ministeres-des-possibilites\/\" \/>\n<meta property=\"og:site_name\" content=\"\u00c9glise Adventiste Du Septieme Jour - Inter Am\u00e9rique Division\" \/>\n<meta property=\"article:published_time\" content=\"2021-04-23T00:07:08+00:00\" \/>\n<meta property=\"article:modified_time\" content=\"2021-04-23T13:57:43+00:00\" \/>\n<meta property=\"og:image\" content=\"https:\/\/interamerica.org\/wp-content\/uploads\/2021\/04\/wilson-apr22-fre.jpg\" \/>\n\t<meta property=\"og:image:width\" content=\"1000\" \/>\n\t<meta property=\"og:image:height\" content=\"563\" \/>\n\t<meta property=\"og:image:type\" content=\"image\/jpeg\" \/>\n<meta name=\"author\" content=\"libna\" \/>\n<meta name=\"twitter:card\" content=\"summary_large_image\" \/>\n<meta name=\"twitter:label1\" content=\"\u00c9crit par\" \/>\n\t<meta name=\"twitter:data1\" content=\"libna\" \/>\n\t<meta name=\"twitter:label2\" content=\"Dur\u00e9e de lecture estim\u00e9e\" \/>\n\t<meta name=\"twitter:data2\" content=\"3 minutes\" \/>\n<script type=\"application\/ld+json\" class=\"yoast-schema-graph\">{\"@context\":\"https:\\\/\\\/schema.org\",\"@graph\":[{\"@type\":\"Article\",\"@id\":\"https:\\\/\\\/interamerica.org\\\/fr\\\/2021\\\/04\\\/journee-de-sensibilisation-des-ministeres-des-possibilites\\\/#article\",\"isPartOf\":{\"@id\":\"https:\\\/\\\/interamerica.org\\\/fr\\\/2021\\\/04\\\/journee-de-sensibilisation-des-ministeres-des-possibilites\\\/\"},\"author\":{\"name\":\"libna\",\"@id\":\"https:\\\/\\\/interamerica.org\\\/fr\\\/#\\\/schema\\\/person\\\/29998f2bc2d8bd0d38662909289b54f1\"},\"headline\":\"Journ\u00e9e de sensibilisation des Minist\u00e8res des Possibilit\u00e9s\",\"datePublished\":\"2021-04-23T00:07:08+00:00\",\"dateModified\":\"2021-04-23T13:57:43+00:00\",\"mainEntityOfPage\":{\"@id\":\"https:\\\/\\\/interamerica.org\\\/fr\\\/2021\\\/04\\\/journee-de-sensibilisation-des-ministeres-des-possibilites\\\/\"},\"wordCount\":751,\"image\":{\"@id\":\"https:\\\/\\\/interamerica.org\\\/fr\\\/2021\\\/04\\\/journee-de-sensibilisation-des-ministeres-des-possibilites\\\/#primaryimage\"},\"thumbnailUrl\":\"https:\\\/\\\/interamerica.org\\\/wp-content\\\/uploads\\\/2021\\\/04\\\/wilson-apr22-fre.jpg\",\"articleSection\":[\"Nouvelles de l'\u00c9glise mondiale\",\"RSS Fran\u00e7ais\"],\"inLanguage\":\"fr-FR\"},{\"@type\":\"WebPage\",\"@id\":\"https:\\\/\\\/interamerica.org\\\/fr\\\/2021\\\/04\\\/journee-de-sensibilisation-des-ministeres-des-possibilites\\\/\",\"url\":\"https:\\\/\\\/interamerica.org\\\/fr\\\/2021\\\/04\\\/journee-de-sensibilisation-des-ministeres-des-possibilites\\\/\",\"name\":\"Journ\u00e9e de sensibilisation des Minist\u00e8res des Possibilit\u00e9s - \u00c9glise Adventiste Du Septieme Jour - Inter Am\u00e9rique Division\",\"isPartOf\":{\"@id\":\"https:\\\/\\\/interamerica.org\\\/fr\\\/#website\"},\"primaryImageOfPage\":{\"@id\":\"https:\\\/\\\/interamerica.org\\\/fr\\\/2021\\\/04\\\/journee-de-sensibilisation-des-ministeres-des-possibilites\\\/#primaryimage\"},\"image\":{\"@id\":\"https:\\\/\\\/interamerica.org\\\/fr\\\/2021\\\/04\\\/journee-de-sensibilisation-des-ministeres-des-possibilites\\\/#primaryimage\"},\"thumbnailUrl\":\"https:\\\/\\\/interamerica.org\\\/wp-content\\\/uploads\\\/2021\\\/04\\\/wilson-apr22-fre.jpg\",\"datePublished\":\"2021-04-23T00:07:08+00:00\",\"dateModified\":\"2021-04-23T13:57:43+00:00\",\"author\":{\"@id\":\"https:\\\/\\\/interamerica.org\\\/fr\\\/#\\\/schema\\\/person\\\/29998f2bc2d8bd0d38662909289b54f1\"},\"breadcrumb\":{\"@id\":\"https:\\\/\\\/interamerica.org\\\/fr\\\/2021\\\/04\\\/journee-de-sensibilisation-des-ministeres-des-possibilites\\\/#breadcrumb\"},\"inLanguage\":\"fr-FR\",\"potentialAction\":[{\"@type\":\"ReadAction\",\"target\":[\"https:\\\/\\\/interamerica.org\\\/fr\\\/2021\\\/04\\\/journee-de-sensibilisation-des-ministeres-des-possibilites\\\/\"]}]},{\"@type\":\"ImageObject\",\"inLanguage\":\"fr-FR\",\"@id\":\"https:\\\/\\\/interamerica.org\\\/fr\\\/2021\\\/04\\\/journee-de-sensibilisation-des-ministeres-des-possibilites\\\/#primaryimage\",\"url\":\"https:\\\/\\\/interamerica.org\\\/wp-content\\\/uploads\\\/2021\\\/04\\\/wilson-apr22-fre.jpg\",\"contentUrl\":\"https:\\\/\\\/interamerica.org\\\/wp-content\\\/uploads\\\/2021\\\/04\\\/wilson-apr22-fre.jpg\",\"width\":1000,\"height\":563},{\"@type\":\"BreadcrumbList\",\"@id\":\"https:\\\/\\\/interamerica.org\\\/fr\\\/2021\\\/04\\\/journee-de-sensibilisation-des-ministeres-des-possibilites\\\/#breadcrumb\",\"itemListElement\":[{\"@type\":\"ListItem\",\"position\":1,\"name\":\"Home\",\"item\":\"https:\\\/\\\/interamerica.org\\\/fr\\\/\"},{\"@type\":\"ListItem\",\"position\":2,\"name\":\"Journ\u00e9e de sensibilisation des Minist\u00e8res des Possibilit\u00e9s\"}]},{\"@type\":\"WebSite\",\"@id\":\"https:\\\/\\\/interamerica.org\\\/fr\\\/#website\",\"url\":\"https:\\\/\\\/interamerica.org\\\/fr\\\/\",\"name\":\"\u00c9glise Adventiste Du Septieme Jour - Inter Am\u00e9rique Division\",\"description\":\"\",\"potentialAction\":[{\"@type\":\"SearchAction\",\"target\":{\"@type\":\"EntryPoint\",\"urlTemplate\":\"https:\\\/\\\/interamerica.org\\\/fr\\\/?s={search_term_string}\"},\"query-input\":{\"@type\":\"PropertyValueSpecification\",\"valueRequired\":true,\"valueName\":\"search_term_string\"}}],\"inLanguage\":\"fr-FR\"},{\"@type\":\"Person\",\"@id\":\"https:\\\/\\\/interamerica.org\\\/fr\\\/#\\\/schema\\\/person\\\/29998f2bc2d8bd0d38662909289b54f1\",\"name\":\"libna\",\"image\":{\"@type\":\"ImageObject\",\"inLanguage\":\"fr-FR\",\"@id\":\"https:\\\/\\\/secure.gravatar.com\\\/avatar\\\/7c5bd30ae4b47a9ba3c856590957fd1d96dc588bf3ac05719d247e126840331f?s=96&d=mm&r=g\",\"url\":\"https:\\\/\\\/secure.gravatar.com\\\/avatar\\\/7c5bd30ae4b47a9ba3c856590957fd1d96dc588bf3ac05719d247e126840331f?s=96&d=mm&r=g\",\"contentUrl\":\"https:\\\/\\\/secure.gravatar.com\\\/avatar\\\/7c5bd30ae4b47a9ba3c856590957fd1d96dc588bf3ac05719d247e126840331f?s=96&d=mm&r=g\",\"caption\":\"libna\"}}]}<\/script>\n<!-- \/ Yoast SEO plugin. -->","yoast_head_json":{"title":"Journ\u00e9e de sensibilisation des Minist\u00e8res des Possibilit\u00e9s - \u00c9glise Adventiste Du Septieme Jour - Inter Am\u00e9rique Division","robots":{"index":"index","follow":"follow","max-snippet":"max-snippet:-1","max-image-preview":"max-image-preview:large","max-video-preview":"max-video-preview:-1"},"canonical":"https:\/\/interamerica.org\/fr\/2021\/04\/journee-de-sensibilisation-des-ministeres-des-possibilites\/","og_locale":"fr_FR","og_type":"article","og_title":"Journ\u00e9e de sensibilisation des Minist\u00e8res des Possibilit\u00e9s - \u00c9glise Adventiste Du Septieme Jour - Inter Am\u00e9rique Division","og_description":"22 avril 2021 | Silver Spring, Maryland, \u00c9tats-Unis | Ted N.C. Wilson Bonjour les amis ! J\u2019esp\u00e8re que vous avez pass\u00e9 une excellente semaine, conscients des nombreuses b\u00e9n\u00e9dictions que le...","og_url":"https:\/\/interamerica.org\/fr\/2021\/04\/journee-de-sensibilisation-des-ministeres-des-possibilites\/","og_site_name":"\u00c9glise Adventiste Du Septieme Jour - Inter Am\u00e9rique Division","article_published_time":"2021-04-23T00:07:08+00:00","article_modified_time":"2021-04-23T13:57:43+00:00","og_image":[{"width":1000,"height":563,"url":"https:\/\/interamerica.org\/wp-content\/uploads\/2021\/04\/wilson-apr22-fre.jpg","type":"image\/jpeg"}],"author":"libna","twitter_card":"summary_large_image","twitter_misc":{"\u00c9crit par":"libna","Dur\u00e9e de lecture estim\u00e9e":"3 minutes"},"schema":{"@context":"https:\/\/schema.org","@graph":[{"@type":"Article","@id":"https:\/\/interamerica.org\/fr\/2021\/04\/journee-de-sensibilisation-des-ministeres-des-possibilites\/#article","isPartOf":{"@id":"https:\/\/interamerica.org\/fr\/2021\/04\/journee-de-sensibilisation-des-ministeres-des-possibilites\/"},"author":{"name":"libna","@id":"https:\/\/interamerica.org\/fr\/#\/schema\/person\/29998f2bc2d8bd0d38662909289b54f1"},"headline":"Journ\u00e9e de sensibilisation des Minist\u00e8res des Possibilit\u00e9s","datePublished":"2021-04-23T00:07:08+00:00","dateModified":"2021-04-23T13:57:43+00:00","mainEntityOfPage":{"@id":"https:\/\/interamerica.org\/fr\/2021\/04\/journee-de-sensibilisation-des-ministeres-des-possibilites\/"},"wordCount":751,"image":{"@id":"https:\/\/interamerica.org\/fr\/2021\/04\/journee-de-sensibilisation-des-ministeres-des-possibilites\/#primaryimage"},"thumbnailUrl":"https:\/\/interamerica.org\/wp-content\/uploads\/2021\/04\/wilson-apr22-fre.jpg","articleSection":["Nouvelles de l'\u00c9glise mondiale","RSS Fran\u00e7ais"],"inLanguage":"fr-FR"},{"@type":"WebPage","@id":"https:\/\/interamerica.org\/fr\/2021\/04\/journee-de-sensibilisation-des-ministeres-des-possibilites\/","url":"https:\/\/interamerica.org\/fr\/2021\/04\/journee-de-sensibilisation-des-ministeres-des-possibilites\/","name":"Journ\u00e9e de sensibilisation des Minist\u00e8res des Possibilit\u00e9s - \u00c9glise Adventiste Du Septieme Jour - Inter Am\u00e9rique Division","isPartOf":{"@id":"https:\/\/interamerica.org\/fr\/#website"},"primaryImageOfPage":{"@id":"https:\/\/interamerica.org\/fr\/2021\/04\/journee-de-sensibilisation-des-ministeres-des-possibilites\/#primaryimage"},"image":{"@id":"https:\/\/interamerica.org\/fr\/2021\/04\/journee-de-sensibilisation-des-ministeres-des-possibilites\/#primaryimage"},"thumbnailUrl":"https:\/\/interamerica.org\/wp-content\/uploads\/2021\/04\/wilson-apr22-fre.jpg","datePublished":"2021-04-23T00:07:08+00:00","dateModified":"2021-04-23T13:57:43+00:00","author":{"@id":"https:\/\/interamerica.org\/fr\/#\/schema\/person\/29998f2bc2d8bd0d38662909289b54f1"},"breadcrumb":{"@id":"https:\/\/interamerica.org\/fr\/2021\/04\/journee-de-sensibilisation-des-ministeres-des-possibilites\/#breadcrumb"},"inLanguage":"fr-FR","potentialAction":[{"@type":"ReadAction","target":["https:\/\/interamerica.org\/fr\/2021\/04\/journee-de-sensibilisation-des-ministeres-des-possibilites\/"]}]},{"@type":"ImageObject","inLanguage":"fr-FR","@id":"https:\/\/interamerica.org\/fr\/2021\/04\/journee-de-sensibilisation-des-ministeres-des-possibilites\/#primaryimage","url":"https:\/\/interamerica.org\/wp-content\/uploads\/2021\/04\/wilson-apr22-fre.jpg","contentUrl":"https:\/\/interamerica.org\/wp-content\/uploads\/2021\/04\/wilson-apr22-fre.jpg","width":1000,"height":563},{"@type":"BreadcrumbList","@id":"https:\/\/interamerica.org\/fr\/2021\/04\/journee-de-sensibilisation-des-ministeres-des-possibilites\/#breadcrumb","itemListElement":[{"@type":"ListItem","position":1,"name":"Home","item":"https:\/\/interamerica.org\/fr\/"},{"@type":"ListItem","position":2,"name":"Journ\u00e9e de sensibilisation des Minist\u00e8res des Possibilit\u00e9s"}]},{"@type":"WebSite","@id":"https:\/\/interamerica.org\/fr\/#website","url":"https:\/\/interamerica.org\/fr\/","name":"\u00c9glise Adventiste Du Septieme Jour - Inter Am\u00e9rique Division","description":"","potentialAction":[{"@type":"SearchAction","target":{"@type":"EntryPoint","urlTemplate":"https:\/\/interamerica.org\/fr\/?s={search_term_string}"},"query-input":{"@type":"PropertyValueSpecification","valueRequired":true,"valueName":"search_term_string"}}],"inLanguage":"fr-FR"},{"@type":"Person","@id":"https:\/\/interamerica.org\/fr\/#\/schema\/person\/29998f2bc2d8bd0d38662909289b54f1","name":"libna","image":{"@type":"ImageObject","inLanguage":"fr-FR","@id":"https:\/\/secure.gravatar.com\/avatar\/7c5bd30ae4b47a9ba3c856590957fd1d96dc588bf3ac05719d247e126840331f?s=96&d=mm&r=g","url":"https:\/\/secure.gravatar.com\/avatar\/7c5bd30ae4b47a9ba3c856590957fd1d96dc588bf3ac05719d247e126840331f?s=96&d=mm&r=g","contentUrl":"https:\/\/secure.gravatar.com\/avatar\/7c5bd30ae4b47a9ba3c856590957fd1d96dc588bf3ac05719d247e126840331f?s=96&d=mm&r=g","caption":"libna"}}]}},"_links":{"self":[{"href":"https:\/\/interamerica.org\/fr\/wp-json\/wp\/v2\/posts\/70985","targetHints":{"allow":["GET"]}}],"collection":[{"href":"https:\/\/interamerica.org\/fr\/wp-json\/wp\/v2\/posts"}],"about":[{"href":"https:\/\/interamerica.org\/fr\/wp-json\/wp\/v2\/types\/post"}],"author":[{"embeddable":true,"href":"https:\/\/interamerica.org\/fr\/wp-json\/wp\/v2\/users\/3"}],"replies":[{"embeddable":true,"href":"https:\/\/interamerica.org\/fr\/wp-json\/wp\/v2\/comments?post=70985"}],"version-history":[{"count":0,"href":"https:\/\/interamerica.org\/fr\/wp-json\/wp\/v2\/posts\/70985\/revisions"}],"wp:featuredmedia":[{"embeddable":true,"href":"https:\/\/interamerica.org\/fr\/wp-json\/wp\/v2\/media\/71060"}],"wp:attachment":[{"href":"https:\/\/interamerica.org\/fr\/wp-json\/wp\/v2\/media?parent=70985"}],"wp:term":[{"taxonomy":"category","embeddable":true,"href":"https:\/\/interamerica.org\/fr\/wp-json\/wp\/v2\/categories?post=70985"},{"taxonomy":"post_tag","embeddable":true,"href":"https:\/\/interamerica.org\/fr\/wp-json\/wp\/v2\/tags?post=70985"}],"curies":[{"name":"wp","href":"https:\/\/api.w.org\/{rel}","templated":true}]}}