{"id":71001,"date":"2021-04-21T18:47:45","date_gmt":"2021-04-21T22:47:45","guid":{"rendered":"https:\/\/recursing-golick.147-182-135-0.plesk.page\/?p=71001"},"modified":"2021-04-22T15:36:54","modified_gmt":"2021-04-22T19:36:54","slug":"comment-vivre-sous-un-volcan-explosif","status":"publish","type":"post","link":"https:\/\/interamerica.org\/fr\/2021\/04\/comment-vivre-sous-un-volcan-explosif\/","title":{"rendered":"Comment vivre sous un volcan explosif?"},"content":{"rendered":"<h3><b><span lang=\"FR-CA\">Ce que les r\u00e9centes \u00e9ruptions de La Soufri\u00e8re m\u2019ont rappel\u00e9 sur notre cheminement spirituel<\/span><\/b><\/h3>\n<div><span lang=\"FR-CA\">Le 21 avril 2021 | Saint-Vincent-et-les-Grenadines | Mineva Glasgow d\u2019<i>Adventist Review<\/i><\/span><\/div>\n<p>Le 9\u00a0avril dernier, la furieuse b\u00eate sauvage rugissante et enflamm\u00e9e, le volcan La Soufri\u00e8re, s\u2019est r\u00e9veill\u00e9e avec violence apr\u00e8s un sommeil plut\u00f4t paisible de 40\u00a0ans. Donc, soudainement et essentiellement sans avertissement, le bruit du tonnerre a r\u00e9sonn\u00e9 sur toute mon \u00eele natale de Saint-Vincent. Des \u00e9clairs ont envahi l\u2019atmosph\u00e8re et rempli le ciel au moment o\u00f9 le magma bouillant, explosif et toxique s\u2019\u00e9chappait du volcan pour ruisseler jusqu\u2019au bas de la montagne. Et comme si ce n\u2019\u00e9tait pas assez, de colossales colonnes de fum\u00e9e grise, noire et orang\u00e9e s\u2019\u00e9levaient du crat\u00e8re, s\u2019\u00e9talant dans le ciel pour couvrir l\u2019\u00eele de cendre.<\/p>\n<p>Pour ceux qui sont trop jeunes pour se souvenir de 1979, les spectaculaires nuages en forme de champignon se d\u00e9ployant dans le ciel \u00e9taient tr\u00e8s impressionnants. Mais pour ceux qui comprenaient les implications, ils \u00e9taient plut\u00f4t pr\u00e9curseurs de graves dangers sanitaires, de pertes \u00e9conomiques, de destruction de notre \u00e9cosyst\u00e8me et de dommages \u00e0 nos maisons, nos infrastructures, notre agriculture, nos terres et nos routes. De plus, cette nouvelle \u00e9ruption aggrave cruellement la situation d\u00e9j\u00e0 difficile d\u2019une pand\u00e9mie mondiale.<\/p>\n<div><span lang=\"FR-CA\">Les dangers \u00e9conomiques et sanitaires sont exacerb\u00e9s par le d\u00e9placement des gens qui r\u00e9sident des c\u00f4t\u00e9s nord-est et nord-ouest de l\u2019\u00eele, dans les environs du volcan, marqu\u00e9s comme des zones rouge ou orange. Et malgr\u00e9 les premiers avertissements qui ont \u00e9t\u00e9 lanc\u00e9s aux habitants de ces r\u00e9gions durant le stade d\u2019\u00e9ruption effusive du volcan, nombreux sont ceux qui ont ignor\u00e9 les appels \u00e0 la pr\u00e9paration. Par cons\u00e9quent, le jeudi 8 avril, un jour seulement avant l\u2019\u00e9ruption explosive, au moment o\u00f9 l\u2019ordre d\u2019\u00e9vacuation officiel a \u00e9t\u00e9 donn\u00e9, beaucoup ont \u00e9t\u00e9 retrouv\u00e9s \u00ab\u00a0endormis\u00a0\u00bb au moment o\u00f9 ils ont \u00e9t\u00e9 forc\u00e9s d\u2019\u00e9vacuer le confort de leur maison pour trouver un refuge dans une zone plus s\u00e9curitaire. Une amie \u00e0 moi de Chateaubelair, un village du nord situ\u00e9 sur un versant du volcan, m\u2019a racont\u00e9 son histoire\u00a0:<\/span><\/div>\n<p>\u00ab\u00a0Je m\u2019occupais de mes animaux sur la montagne quand j\u2019ai entendu le tonnerre. J\u2019ai pens\u00e9 qu\u2019il allait pleuvoir, mais quand j\u2019ai lev\u00e9 les yeux vers le ciel, j\u2019ai vu de la fum\u00e9e et du feu. L\u2019irruption de 1979 m\u2019est imm\u00e9diatement venue \u00e0 l\u2019esprit. Je me suis d\u00e9p\u00each\u00e9e \u00e0 rentrer au village. Quand je suis arriv\u00e9e, on aurait dit un village fant\u00f4me. Bon nombre des r\u00e9sidents avaient d\u00e9j\u00e0 quitt\u00e9 la nuit pr\u00e9c\u00e9dente sur des bateaux que le gouvernement avait envoy\u00e9s pour nous \u00e9vacuer. J\u2019avais d\u00e9cid\u00e9 de ne pas partir \u00e0 cause de mon exp\u00e9rience de 1979. Les gens nous avaient pill\u00e9s, avaient pris nos animaux et bris\u00e9 nos maisons. Je m\u2019\u00e9tais alors dit que je ne voulais plus jamais que cela m\u2019arrive, alors je suis rest\u00e9e. Heureusement pour moi, j\u2019ai pu embarquer dans un autobus scolaire qui \u00e9tait revenu chercher les r\u00e9sidents qui restaient. Je suis mont\u00e9e \u00e0 bord avec rien de plus qu\u2019un sac \u00e0 la main, mais Dieu merci, je suis vivante pour raconter mon histoire. Dieu est bon.\u00a0\u00bb<\/p>\n<p>En d\u00e9pit de sa confiance en la bont\u00e9 de notre Dieu, il me reste un doute. Si vous aimez les paraboles, vous l\u2019avez peut-\u00eatre d\u00e9j\u00e0 identifi\u00e9e. Je pense \u00e0 celle que J\u00e9sus a racont\u00e9e sur les dix filles d\u2019honneur. Toutes les filles savaient que l\u2019\u00e9poux arrivait, tout comme les habitants de Saint-Vincent savent tous que La Soufri\u00e8re ne dormira pas \u00e9ternellement. Pourtant, certains d\u2019entre nous, comme certaines de ces filles d\u2019honneur, \u00e9taient plus pr\u00eats que d\u2019autres quand le vrai coup de th\u00e9\u00e2tre est survenu. Et bien que Dieu soit mis\u00e9ricordieux, ne voulant que nul d\u2019entre nous perde la vie \u00e9ternelle avec lui (<a href=\"https:\/\/www.biblegateway.com\/passage\/?search=2+pierre+3.9&amp;version=LSG\">2\u00a0Pierre\u00a03.9<\/a>), rien ne garantit que des bateaux viendront chercher les retardataires laiss\u00e9s pour compte apr\u00e8s l\u2019arriv\u00e9e de Christ l\u2019\u00e9poux pour la f\u00eate du mariage. En fait, il n\u2019y aura pas de tel bateau\u00a0: soit nous serons pris avec lui \u00e0 son arriv\u00e9e, soit nous serons laiss\u00e9s de c\u00f4t\u00e9 pour toujours. \u00ab\u00a0Veillez donc, puisque vous ne savez pas quel jour votre Seigneur viendra.\u00a0\u00bb (<a href=\"https:\/\/www.biblegateway.com\/passage\/?search=Matthew+24.42&amp;version=LSG\">Matthieu\u00a024.42<\/a>)<\/p>\n<p>Et cette phrase constitue un avertissement qui ne concerne pas que le temps\u00a0: c\u2019est aussi une question d\u2019attitude. Une partie de la population de mon pays d\u2019\u00e0 peine plus de 110\u00a0000\u00a0habitants vit dans \u00ab\u00a0la zone dangereuse\u00a0\u00bb, qu\u2019on appelle aussi \u00ab\u00a0la zone rouge\u00a0\u00bb. Mon amie de Chateaubelair \u00e9tait r\u00e9ticente \u00e0 partir, ce qui a s\u00e9rieusement mis sa vie en danger, car elle ne peut pr\u00e9dire pr\u00e9cis\u00e9ment les rythmes de la montagne. Conna\u00eetre le moment o\u00f9 son horloge sonnera \u00e0 nouveau serait acceptable, mais l\u2019attention en tout temps est beaucoup plus utile.<\/p>\n<p>Puis voici une autre v\u00e9rit\u00e9 au sujet du nom des zones\u00a0: si Saint-Vincent a des \u00ab\u00a0zones dangereuses\u00a0\u00bb, cela signifie-t-il qu\u2019elle a aussi des \u00ab\u00a0zones s\u00e9curitaires\u00a0\u00bb? Si La Soufri\u00e8re, qui crache de la cendre, transforme le jour en nuit jusqu\u2019\u00e0 la Barbade, \u00e0 180\u00a0kilom\u00e8tres de distance, o\u00f9 Saint-Vincent est-elle s\u00e9curitaire, cette \u00eele sur laquelle aucune ville ni aucun village n\u2019est situ\u00e9 \u00e0 plus de 32\u00a0kilom\u00e8tres du volcan? Et si l\u2019ennemi de J\u00e9sus et le n\u00f4tre, Satan, le diable, dit parcourir la terre et s\u2019y promener (<a href=\"https:\/\/www.biblegateway.com\/passage\/?search=job+1.7&amp;version=LSG\">Job\u00a01.7<\/a>), \u00ab\u00a0cherchant qui il d\u00e9vorera\u00a0\u00bb (<a href=\"https:\/\/www.biblegateway.com\/passage\/?search=1+Peter+5.8&amp;version=LSG\">1\u00a0Pierre\u00a05.8<\/a>), alors quel type de personnes devons-nous tous \u00eatre? Nous devons vivre dans \u00ab\u00a0la saintet\u00e9 de [notre] conduite et [notre] pi\u00e9t\u00e9, tandis que [nous attendons et h\u00e2tons] l\u2019av\u00e8nement du jour de Dieu\u00a0\u00bb (<a href=\"https:\/\/www.biblegateway.com\/passage\/?search=2+Peter+3.11-12&amp;version=LSG\">2\u00a0Pierre\u00a03.11, 12<\/a>).<\/p>\n<p>Semble-t-il que vivre sous La Soufri\u00e8re m\u2019ait appris certaines choses.<\/p>\n<p><em>Mineva C. Glasgow, ancienne directrice adjointe des Services d\u2019assurances nationaux de Saint-Vincent-et-les-Grenadines, est auteure et professeure universitaire adventiste du septi\u00e8me jour qui a servi l\u2019\u00c9glise \u00e0 Saint-Vincent comme ailleurs dans les Cara\u00efbes.<\/em><\/p>\n<p>Traduction\u00a0: Marie-Mich\u00e8le Robitaille<\/p>\n","protected":false},"excerpt":{"rendered":"<p>Ce que les r\u00e9centes \u00e9ruptions de La Soufri\u00e8re m\u2019ont rappel\u00e9 sur notre cheminement spirituel Le 21 avril 2021 | Saint-Vincent-et-les-Grenadines | Mineva Glasgow d\u2019Adventist Review Le 9\u00a0avril dernier, la furieuse&#8230;<\/p>\n","protected":false},"author":3,"featured_media":70953,"comment_status":"closed","ping_status":"closed","sticky":false,"template":"","format":"standard","meta":{"_acf_changed":false,"footnotes":""},"categories":[18,19],"tags":[],"class_list":["post-71001","post","type-post","status-publish","format-standard","has-post-thumbnail","hentry","category-nouvelles-de-leglise-mondiale","category-rss-francais"],"acf":[],"yoast_head":"<!-- This site is optimized with the Yoast SEO plugin v27.3 - https:\/\/yoast.com\/product\/yoast-seo-wordpress\/ -->\n<title>Comment vivre sous un volcan explosif? - \u00c9glise Adventiste Du Septieme Jour - Inter Am\u00e9rique Division<\/title>\n<meta name=\"robots\" content=\"index, follow, max-snippet:-1, max-image-preview:large, max-video-preview:-1\" \/>\n<link rel=\"canonical\" href=\"https:\/\/interamerica.org\/fr\/2021\/04\/comment-vivre-sous-un-volcan-explosif\/\" \/>\n<meta property=\"og:locale\" content=\"fr_FR\" \/>\n<meta property=\"og:type\" content=\"article\" \/>\n<meta property=\"og:title\" content=\"Comment vivre sous un volcan explosif? - \u00c9glise Adventiste Du Septieme Jour - Inter Am\u00e9rique Division\" \/>\n<meta property=\"og:description\" content=\"Ce que les r\u00e9centes \u00e9ruptions de La Soufri\u00e8re m\u2019ont rappel\u00e9 sur notre cheminement spirituel Le 21 avril 2021 | Saint-Vincent-et-les-Grenadines | Mineva Glasgow d\u2019Adventist Review Le 9\u00a0avril dernier, la furieuse...\" \/>\n<meta property=\"og:url\" content=\"https:\/\/interamerica.org\/fr\/2021\/04\/comment-vivre-sous-un-volcan-explosif\/\" \/>\n<meta property=\"og:site_name\" content=\"\u00c9glise Adventiste Du Septieme Jour - Inter Am\u00e9rique Division\" \/>\n<meta property=\"article:published_time\" content=\"2021-04-21T22:47:45+00:00\" \/>\n<meta property=\"article:modified_time\" content=\"2021-04-22T19:36:54+00:00\" \/>\n<meta property=\"og:image\" content=\"https:\/\/interamerica.org\/wp-content\/uploads\/2021\/04\/lasoufriere-st-vincent-ruff-samuel.jpg\" \/>\n\t<meta property=\"og:image:width\" content=\"1280\" \/>\n\t<meta property=\"og:image:height\" content=\"800\" \/>\n\t<meta property=\"og:image:type\" content=\"image\/jpeg\" \/>\n<meta name=\"author\" content=\"libna\" \/>\n<meta name=\"twitter:card\" content=\"summary_large_image\" \/>\n<meta name=\"twitter:label1\" content=\"\u00c9crit par\" \/>\n\t<meta name=\"twitter:data1\" content=\"libna\" \/>\n\t<meta name=\"twitter:label2\" content=\"Dur\u00e9e de lecture estim\u00e9e\" \/>\n\t<meta name=\"twitter:data2\" content=\"5 minutes\" \/>\n<script type=\"application\/ld+json\" class=\"yoast-schema-graph\">{\"@context\":\"https:\\\/\\\/schema.org\",\"@graph\":[{\"@type\":\"Article\",\"@id\":\"https:\\\/\\\/interamerica.org\\\/fr\\\/2021\\\/04\\\/comment-vivre-sous-un-volcan-explosif\\\/#article\",\"isPartOf\":{\"@id\":\"https:\\\/\\\/interamerica.org\\\/fr\\\/2021\\\/04\\\/comment-vivre-sous-un-volcan-explosif\\\/\"},\"author\":{\"name\":\"libna\",\"@id\":\"https:\\\/\\\/interamerica.org\\\/fr\\\/#\\\/schema\\\/person\\\/29998f2bc2d8bd0d38662909289b54f1\"},\"headline\":\"Comment vivre sous un volcan explosif?\",\"datePublished\":\"2021-04-21T22:47:45+00:00\",\"dateModified\":\"2021-04-22T19:36:54+00:00\",\"mainEntityOfPage\":{\"@id\":\"https:\\\/\\\/interamerica.org\\\/fr\\\/2021\\\/04\\\/comment-vivre-sous-un-volcan-explosif\\\/\"},\"wordCount\":1056,\"image\":{\"@id\":\"https:\\\/\\\/interamerica.org\\\/fr\\\/2021\\\/04\\\/comment-vivre-sous-un-volcan-explosif\\\/#primaryimage\"},\"thumbnailUrl\":\"https:\\\/\\\/interamerica.org\\\/wp-content\\\/uploads\\\/2021\\\/04\\\/lasoufriere-st-vincent-ruff-samuel.jpg\",\"articleSection\":[\"Nouvelles de l'\u00c9glise mondiale\",\"RSS Fran\u00e7ais\"],\"inLanguage\":\"fr-FR\"},{\"@type\":\"WebPage\",\"@id\":\"https:\\\/\\\/interamerica.org\\\/fr\\\/2021\\\/04\\\/comment-vivre-sous-un-volcan-explosif\\\/\",\"url\":\"https:\\\/\\\/interamerica.org\\\/fr\\\/2021\\\/04\\\/comment-vivre-sous-un-volcan-explosif\\\/\",\"name\":\"Comment vivre sous un volcan explosif? - \u00c9glise Adventiste Du Septieme Jour - Inter Am\u00e9rique Division\",\"isPartOf\":{\"@id\":\"https:\\\/\\\/interamerica.org\\\/fr\\\/#website\"},\"primaryImageOfPage\":{\"@id\":\"https:\\\/\\\/interamerica.org\\\/fr\\\/2021\\\/04\\\/comment-vivre-sous-un-volcan-explosif\\\/#primaryimage\"},\"image\":{\"@id\":\"https:\\\/\\\/interamerica.org\\\/fr\\\/2021\\\/04\\\/comment-vivre-sous-un-volcan-explosif\\\/#primaryimage\"},\"thumbnailUrl\":\"https:\\\/\\\/interamerica.org\\\/wp-content\\\/uploads\\\/2021\\\/04\\\/lasoufriere-st-vincent-ruff-samuel.jpg\",\"datePublished\":\"2021-04-21T22:47:45+00:00\",\"dateModified\":\"2021-04-22T19:36:54+00:00\",\"author\":{\"@id\":\"https:\\\/\\\/interamerica.org\\\/fr\\\/#\\\/schema\\\/person\\\/29998f2bc2d8bd0d38662909289b54f1\"},\"breadcrumb\":{\"@id\":\"https:\\\/\\\/interamerica.org\\\/fr\\\/2021\\\/04\\\/comment-vivre-sous-un-volcan-explosif\\\/#breadcrumb\"},\"inLanguage\":\"fr-FR\",\"potentialAction\":[{\"@type\":\"ReadAction\",\"target\":[\"https:\\\/\\\/interamerica.org\\\/fr\\\/2021\\\/04\\\/comment-vivre-sous-un-volcan-explosif\\\/\"]}]},{\"@type\":\"ImageObject\",\"inLanguage\":\"fr-FR\",\"@id\":\"https:\\\/\\\/interamerica.org\\\/fr\\\/2021\\\/04\\\/comment-vivre-sous-un-volcan-explosif\\\/#primaryimage\",\"url\":\"https:\\\/\\\/interamerica.org\\\/wp-content\\\/uploads\\\/2021\\\/04\\\/lasoufriere-st-vincent-ruff-samuel.jpg\",\"contentUrl\":\"https:\\\/\\\/interamerica.org\\\/wp-content\\\/uploads\\\/2021\\\/04\\\/lasoufriere-st-vincent-ruff-samuel.jpg\",\"width\":1280,\"height\":800,\"caption\":\"Le volcan La Soufri\u00e8re en \u00e9ruption \u00e0 Saint-Vincent. Une photo de Ruff Samuel.\"},{\"@type\":\"BreadcrumbList\",\"@id\":\"https:\\\/\\\/interamerica.org\\\/fr\\\/2021\\\/04\\\/comment-vivre-sous-un-volcan-explosif\\\/#breadcrumb\",\"itemListElement\":[{\"@type\":\"ListItem\",\"position\":1,\"name\":\"Home\",\"item\":\"https:\\\/\\\/interamerica.org\\\/fr\\\/\"},{\"@type\":\"ListItem\",\"position\":2,\"name\":\"Comment vivre sous un volcan explosif?\"}]},{\"@type\":\"WebSite\",\"@id\":\"https:\\\/\\\/interamerica.org\\\/fr\\\/#website\",\"url\":\"https:\\\/\\\/interamerica.org\\\/fr\\\/\",\"name\":\"\u00c9glise Adventiste Du Septieme Jour - Inter Am\u00e9rique Division\",\"description\":\"\",\"potentialAction\":[{\"@type\":\"SearchAction\",\"target\":{\"@type\":\"EntryPoint\",\"urlTemplate\":\"https:\\\/\\\/interamerica.org\\\/fr\\\/?s={search_term_string}\"},\"query-input\":{\"@type\":\"PropertyValueSpecification\",\"valueRequired\":true,\"valueName\":\"search_term_string\"}}],\"inLanguage\":\"fr-FR\"},{\"@type\":\"Person\",\"@id\":\"https:\\\/\\\/interamerica.org\\\/fr\\\/#\\\/schema\\\/person\\\/29998f2bc2d8bd0d38662909289b54f1\",\"name\":\"libna\",\"image\":{\"@type\":\"ImageObject\",\"inLanguage\":\"fr-FR\",\"@id\":\"https:\\\/\\\/secure.gravatar.com\\\/avatar\\\/7c5bd30ae4b47a9ba3c856590957fd1d96dc588bf3ac05719d247e126840331f?s=96&d=mm&r=g\",\"url\":\"https:\\\/\\\/secure.gravatar.com\\\/avatar\\\/7c5bd30ae4b47a9ba3c856590957fd1d96dc588bf3ac05719d247e126840331f?s=96&d=mm&r=g\",\"contentUrl\":\"https:\\\/\\\/secure.gravatar.com\\\/avatar\\\/7c5bd30ae4b47a9ba3c856590957fd1d96dc588bf3ac05719d247e126840331f?s=96&d=mm&r=g\",\"caption\":\"libna\"}}]}<\/script>\n<!-- \/ Yoast SEO plugin. -->","yoast_head_json":{"title":"Comment vivre sous un volcan explosif? - \u00c9glise Adventiste Du Septieme Jour - Inter Am\u00e9rique Division","robots":{"index":"index","follow":"follow","max-snippet":"max-snippet:-1","max-image-preview":"max-image-preview:large","max-video-preview":"max-video-preview:-1"},"canonical":"https:\/\/interamerica.org\/fr\/2021\/04\/comment-vivre-sous-un-volcan-explosif\/","og_locale":"fr_FR","og_type":"article","og_title":"Comment vivre sous un volcan explosif? - \u00c9glise Adventiste Du Septieme Jour - Inter Am\u00e9rique Division","og_description":"Ce que les r\u00e9centes \u00e9ruptions de La Soufri\u00e8re m\u2019ont rappel\u00e9 sur notre cheminement spirituel Le 21 avril 2021 | Saint-Vincent-et-les-Grenadines | Mineva Glasgow d\u2019Adventist Review Le 9\u00a0avril dernier, la furieuse...","og_url":"https:\/\/interamerica.org\/fr\/2021\/04\/comment-vivre-sous-un-volcan-explosif\/","og_site_name":"\u00c9glise Adventiste Du Septieme Jour - Inter Am\u00e9rique Division","article_published_time":"2021-04-21T22:47:45+00:00","article_modified_time":"2021-04-22T19:36:54+00:00","og_image":[{"width":1280,"height":800,"url":"https:\/\/interamerica.org\/wp-content\/uploads\/2021\/04\/lasoufriere-st-vincent-ruff-samuel.jpg","type":"image\/jpeg"}],"author":"libna","twitter_card":"summary_large_image","twitter_misc":{"\u00c9crit par":"libna","Dur\u00e9e de lecture estim\u00e9e":"5 minutes"},"schema":{"@context":"https:\/\/schema.org","@graph":[{"@type":"Article","@id":"https:\/\/interamerica.org\/fr\/2021\/04\/comment-vivre-sous-un-volcan-explosif\/#article","isPartOf":{"@id":"https:\/\/interamerica.org\/fr\/2021\/04\/comment-vivre-sous-un-volcan-explosif\/"},"author":{"name":"libna","@id":"https:\/\/interamerica.org\/fr\/#\/schema\/person\/29998f2bc2d8bd0d38662909289b54f1"},"headline":"Comment vivre sous un volcan explosif?","datePublished":"2021-04-21T22:47:45+00:00","dateModified":"2021-04-22T19:36:54+00:00","mainEntityOfPage":{"@id":"https:\/\/interamerica.org\/fr\/2021\/04\/comment-vivre-sous-un-volcan-explosif\/"},"wordCount":1056,"image":{"@id":"https:\/\/interamerica.org\/fr\/2021\/04\/comment-vivre-sous-un-volcan-explosif\/#primaryimage"},"thumbnailUrl":"https:\/\/interamerica.org\/wp-content\/uploads\/2021\/04\/lasoufriere-st-vincent-ruff-samuel.jpg","articleSection":["Nouvelles de l'\u00c9glise mondiale","RSS Fran\u00e7ais"],"inLanguage":"fr-FR"},{"@type":"WebPage","@id":"https:\/\/interamerica.org\/fr\/2021\/04\/comment-vivre-sous-un-volcan-explosif\/","url":"https:\/\/interamerica.org\/fr\/2021\/04\/comment-vivre-sous-un-volcan-explosif\/","name":"Comment vivre sous un volcan explosif? - \u00c9glise Adventiste Du Septieme Jour - Inter Am\u00e9rique Division","isPartOf":{"@id":"https:\/\/interamerica.org\/fr\/#website"},"primaryImageOfPage":{"@id":"https:\/\/interamerica.org\/fr\/2021\/04\/comment-vivre-sous-un-volcan-explosif\/#primaryimage"},"image":{"@id":"https:\/\/interamerica.org\/fr\/2021\/04\/comment-vivre-sous-un-volcan-explosif\/#primaryimage"},"thumbnailUrl":"https:\/\/interamerica.org\/wp-content\/uploads\/2021\/04\/lasoufriere-st-vincent-ruff-samuel.jpg","datePublished":"2021-04-21T22:47:45+00:00","dateModified":"2021-04-22T19:36:54+00:00","author":{"@id":"https:\/\/interamerica.org\/fr\/#\/schema\/person\/29998f2bc2d8bd0d38662909289b54f1"},"breadcrumb":{"@id":"https:\/\/interamerica.org\/fr\/2021\/04\/comment-vivre-sous-un-volcan-explosif\/#breadcrumb"},"inLanguage":"fr-FR","potentialAction":[{"@type":"ReadAction","target":["https:\/\/interamerica.org\/fr\/2021\/04\/comment-vivre-sous-un-volcan-explosif\/"]}]},{"@type":"ImageObject","inLanguage":"fr-FR","@id":"https:\/\/interamerica.org\/fr\/2021\/04\/comment-vivre-sous-un-volcan-explosif\/#primaryimage","url":"https:\/\/interamerica.org\/wp-content\/uploads\/2021\/04\/lasoufriere-st-vincent-ruff-samuel.jpg","contentUrl":"https:\/\/interamerica.org\/wp-content\/uploads\/2021\/04\/lasoufriere-st-vincent-ruff-samuel.jpg","width":1280,"height":800,"caption":"Le volcan La Soufri\u00e8re en \u00e9ruption \u00e0 Saint-Vincent. Une photo de Ruff Samuel."},{"@type":"BreadcrumbList","@id":"https:\/\/interamerica.org\/fr\/2021\/04\/comment-vivre-sous-un-volcan-explosif\/#breadcrumb","itemListElement":[{"@type":"ListItem","position":1,"name":"Home","item":"https:\/\/interamerica.org\/fr\/"},{"@type":"ListItem","position":2,"name":"Comment vivre sous un volcan explosif?"}]},{"@type":"WebSite","@id":"https:\/\/interamerica.org\/fr\/#website","url":"https:\/\/interamerica.org\/fr\/","name":"\u00c9glise Adventiste Du Septieme Jour - Inter Am\u00e9rique Division","description":"","potentialAction":[{"@type":"SearchAction","target":{"@type":"EntryPoint","urlTemplate":"https:\/\/interamerica.org\/fr\/?s={search_term_string}"},"query-input":{"@type":"PropertyValueSpecification","valueRequired":true,"valueName":"search_term_string"}}],"inLanguage":"fr-FR"},{"@type":"Person","@id":"https:\/\/interamerica.org\/fr\/#\/schema\/person\/29998f2bc2d8bd0d38662909289b54f1","name":"libna","image":{"@type":"ImageObject","inLanguage":"fr-FR","@id":"https:\/\/secure.gravatar.com\/avatar\/7c5bd30ae4b47a9ba3c856590957fd1d96dc588bf3ac05719d247e126840331f?s=96&d=mm&r=g","url":"https:\/\/secure.gravatar.com\/avatar\/7c5bd30ae4b47a9ba3c856590957fd1d96dc588bf3ac05719d247e126840331f?s=96&d=mm&r=g","contentUrl":"https:\/\/secure.gravatar.com\/avatar\/7c5bd30ae4b47a9ba3c856590957fd1d96dc588bf3ac05719d247e126840331f?s=96&d=mm&r=g","caption":"libna"}}]}},"_links":{"self":[{"href":"https:\/\/interamerica.org\/fr\/wp-json\/wp\/v2\/posts\/71001","targetHints":{"allow":["GET"]}}],"collection":[{"href":"https:\/\/interamerica.org\/fr\/wp-json\/wp\/v2\/posts"}],"about":[{"href":"https:\/\/interamerica.org\/fr\/wp-json\/wp\/v2\/types\/post"}],"author":[{"embeddable":true,"href":"https:\/\/interamerica.org\/fr\/wp-json\/wp\/v2\/users\/3"}],"replies":[{"embeddable":true,"href":"https:\/\/interamerica.org\/fr\/wp-json\/wp\/v2\/comments?post=71001"}],"version-history":[{"count":0,"href":"https:\/\/interamerica.org\/fr\/wp-json\/wp\/v2\/posts\/71001\/revisions"}],"wp:featuredmedia":[{"embeddable":true,"href":"https:\/\/interamerica.org\/fr\/wp-json\/wp\/v2\/media\/70953"}],"wp:attachment":[{"href":"https:\/\/interamerica.org\/fr\/wp-json\/wp\/v2\/media?parent=71001"}],"wp:term":[{"taxonomy":"category","embeddable":true,"href":"https:\/\/interamerica.org\/fr\/wp-json\/wp\/v2\/categories?post=71001"},{"taxonomy":"post_tag","embeddable":true,"href":"https:\/\/interamerica.org\/fr\/wp-json\/wp\/v2\/tags?post=71001"}],"curies":[{"name":"wp","href":"https:\/\/api.w.org\/{rel}","templated":true}]}}