{"id":71051,"date":"2021-04-22T20:20:29","date_gmt":"2021-04-23T00:20:29","guid":{"rendered":"https:\/\/recursing-golick.147-182-135-0.plesk.page\/?p=71051"},"modified":"2021-04-22T21:22:02","modified_gmt":"2021-04-23T01:22:02","slug":"les-dirigeants-interamericains-se-preparent-pour-les-rencontres-administratives-de-milieu-dannee-la-semaine-prochaine","status":"publish","type":"post","link":"https:\/\/interamerica.org\/fr\/2021\/04\/les-dirigeants-interamericains-se-preparent-pour-les-rencontres-administratives-de-milieu-dannee-la-semaine-prochaine\/","title":{"rendered":"Les dirigeants interam\u00e9ricains se pr\u00e9parent pour les rencontres administratives de milieu d\u2019ann\u00e9e la semaine prochaine"},"content":{"rendered":"<p>22 Avril 2021 | Miami, Floride, \u00c9tats-Unis | Libna Stevens, P\u00f4le Informations de la Division Inter Am\u00e9ricaine<\/p>\n<p>Les principaux dirigeants adventistes du septi\u00e8me jour dans la Division Inter Am\u00e9ricaine (DIA) ont particip\u00e9 \u00e0 des r\u00e9unions d\u2019orientation cette semaine dans le cadre de la pr\u00e9paration des rencontres administratives annuelles de milieu d\u2019ann\u00e9e de l\u2019\u00c9glise qui devraient avoir lieu du 26 au 29 avril 2021. Les rencontres en ligne r\u00e9uniront plus de 160 administrateurs d\u2019\u00e9glise, des responsables d\u2019institutions et des la\u00efcs qui auront \u00e0 voter sur des initiatives, des projets et des programmes qui affermiront la direction de l\u2019\u00e9glise dans le cadre de l\u2019initiative missionnaire <a href=\"https:\/\/urldefense.proofpoint.com\/v2\/url?u=https-3A__www.interamerica.org_project_i-2Dwill-2Dgo-2Dstrategic-2Dplan-2D2020-2D2025_&amp;d=DwMFaQ&amp;c=tjPg1sbLxZ1bjgTYa5hhdw&amp;r=QRxhZ6zzWfakIxmZLcYU5ZN_w8zIA8rJMh2h-7AoibY&amp;m=bYsuArOTvGgCHxGxyL_nNXkI5lOxkn7zhX_tIpqTfgM&amp;s=FarSNA56CbM3eg6BQ0TlFimna2bg_gf36wgvtH0f_nA&amp;e=\" data-saferedirecturl=\"https:\/\/www.google.com\/url?q=https:\/\/urldefense.proofpoint.com\/v2\/url?u%3Dhttps-3A__www.interamerica.org_project_i-2Dwill-2Dgo-2Dstrategic-2Dplan-2D2020-2D2025_%26d%3DDwMFaQ%26c%3DtjPg1sbLxZ1bjgTYa5hhdw%26r%3DQRxhZ6zzWfakIxmZLcYU5ZN_w8zIA8rJMh2h-7AoibY%26m%3DbYsuArOTvGgCHxGxyL_nNXkI5lOxkn7zhX_tIpqTfgM%26s%3DFarSNA56CbM3eg6BQ0TlFimna2bg_gf36wgvtH0f_nA%26e%3D&amp;source=gmail&amp;ust=1619197106581000&amp;usg=AFQjCNHSj06ALH_YzW68jCgov5z_dysoGA\"><em>I Will Go<\/em><\/a>\u00a0(J\u2019Irai) visant \u00e0 toucher davantage de personnes avec le message de l\u2019\u00e9vangile.<\/p>\n<p>Les principaux points \u00e0 l\u2019ordre du jour incluront l\u2019\u00e9lection des responsables de d\u00e9partement au si\u00e8ge de la DIA, celle des administrateurs des institutions de la division, ainsi que l\u2019\u00e9lection des principaux administrateurs de 13 unions missions pour les quatre prochaines ann\u00e9es.<\/p>\n<p><div id=\"attachment_71015\" style=\"width: 804px\" class=\"wp-caption aligncenter\"><img fetchpriority=\"high\" decoding=\"async\" aria-describedby=\"caption-attachment-71015\" class=\"wp-image-71014\" src=\"https:\/\/recursing-golick.147-182-135-0.plesk.page\/wp-content\/uploads\/2021\/04\/elie-henry-apr21-1024x624.jpg\" alt=\"\" width=\"794\" height=\"484\" srcset=\"https:\/\/interamerica.org\/wp-content\/uploads\/2021\/04\/elie-henry-apr21-1024x624.jpg 1024w, https:\/\/interamerica.org\/wp-content\/uploads\/2021\/04\/elie-henry-apr21-300x183.jpg 300w, https:\/\/interamerica.org\/wp-content\/uploads\/2021\/04\/elie-henry-apr21-768x468.jpg 768w, https:\/\/interamerica.org\/wp-content\/uploads\/2021\/04\/elie-henry-apr21.jpg 1050w\" sizes=\"(max-width: 794px) 100vw, 794px\" \/><p id=\"caption-attachment-71015\" class=\"wp-caption-text\">Le pr\u00e9sident de la Division Inter Am\u00e9ricaine, le pasteur Elie Henry, s\u2019adresse aux administrateurs d\u2019union et d\u2019institutions lors d\u2019une r\u00e9union d\u2019orientation en ligne le 21 avril 2021. [Photo : Capture d\u2019\u00e9cran DIA]<\/p><\/div>\u00ab Lors des rencontres de la semaine prochaine nous prendrons beaucoup de votes cl\u00e9s pour l\u2019\u00c9glise adventiste en Inter Am\u00e9rique, \u00bb a d\u00e9clar\u00e9 pasteur Elie Henry, pr\u00e9sident de l\u2019\u00c9glise en Inter Am\u00e9rique. \u00ab C\u2019est un moment crucial pour que Dieu nous guide et nous permette d\u2019avancer selon Sa volont\u00e9 afin que nous puissions accomplir le dessein qu\u2019il a pour nous. \u00bb<\/p>\n<p>Les dirigeants ont pris le temps de prier pour obtenir la direction spirituelle, pour les points \u00e0 l\u2019ordre du jour et pour les dirigeants et les membres d\u2019\u00e9glise qui sont tomb\u00e9s malades ou qui ont perdu des \u00eatres chers \u00e0 cause de la COVID-19.<\/p>\n<p>Les membres du comit\u00e9 ex\u00e9cutif ont \u00e9galement re\u00e7u des instructions sur le syst\u00e8me de vote en ligne et ont pris part \u00e0 un examen pr\u00e9alable des rencontres \u00e0 venir.<\/p>\n<p>Une commission de nominations sp\u00e9ciale proposera des noms pour l\u2019\u00e9lection des directeurs de d\u00e9partement de la DIA le 27 avril ; suivra alors les votes des membres du comit\u00e9 ex\u00e9cutif.<\/p>\n<p><div id=\"attachment_71021\" style=\"width: 811px\" class=\"wp-caption aligncenter\"><img decoding=\"async\" aria-describedby=\"caption-attachment-71021\" class=\" wp-image-71020\" src=\"https:\/\/recursing-golick.147-182-135-0.plesk.page\/wp-content\/uploads\/2021\/04\/iad-leaders-praying-apr21-1024x579.jpg\" alt=\"\" width=\"801\" height=\"453\" srcset=\"https:\/\/interamerica.org\/wp-content\/uploads\/2021\/04\/iad-leaders-praying-apr21-1024x579.jpg 1024w, https:\/\/interamerica.org\/wp-content\/uploads\/2021\/04\/iad-leaders-praying-apr21-300x170.jpg 300w, https:\/\/interamerica.org\/wp-content\/uploads\/2021\/04\/iad-leaders-praying-apr21-768x434.jpg 768w, https:\/\/interamerica.org\/wp-content\/uploads\/2021\/04\/iad-leaders-praying-apr21.jpg 1100w\" sizes=\"(max-width: 801px) 100vw, 801px\" \/><p id=\"caption-attachment-71021\" class=\"wp-caption-text\">Les principaux dirigeants de l\u2019\u00c9glise dans les 24 unions et dans les institutions de l\u2019Inter Am\u00e9rique prient lors d\u2019un concile administratif qui s\u2019est tenu le 21 avril 2021. [Photo : Capture d\u2019\u00e9cran DIA]<\/p><\/div>L\u2019\u00e9lection des directeurs de d\u00e9partement et des dirigeants r\u00e9gionaux fait suite \u00e0 un <a href=\"https:\/\/urldefense.proofpoint.com\/v2\/url?u=https-3A__www.interamerica.org_2021_01_inter-2Damerican-2Dleadership-2Dto-2Delect-2Ddepartment-2Dheads-2Dand-2Dregional-2Dleaders_&amp;d=DwMFaQ&amp;c=tjPg1sbLxZ1bjgTYa5hhdw&amp;r=QRxhZ6zzWfakIxmZLcYU5ZN_w8zIA8rJMh2h-7AoibY&amp;m=bYsuArOTvGgCHxGxyL_nNXkI5lOxkn7zhX_tIpqTfgM&amp;s=zwylpIt7GaxMgR_oP3f5qFGGrIdOSD5PvJOhKxv5hl0&amp;e=\" data-saferedirecturl=\"https:\/\/www.google.com\/url?q=https:\/\/urldefense.proofpoint.com\/v2\/url?u%3Dhttps-3A__www.interamerica.org_2021_01_inter-2Damerican-2Dleadership-2Dto-2Delect-2Ddepartment-2Dheads-2Dand-2Dregional-2Dleaders_%26d%3DDwMFaQ%26c%3DtjPg1sbLxZ1bjgTYa5hhdw%26r%3DQRxhZ6zzWfakIxmZLcYU5ZN_w8zIA8rJMh2h-7AoibY%26m%3DbYsuArOTvGgCHxGxyL_nNXkI5lOxkn7zhX_tIpqTfgM%26s%3DzwylpIt7GaxMgR_oP3f5qFGGrIdOSD5PvJOhKxv5hl0%26e%3D&amp;source=gmail&amp;ust=1619197106582000&amp;usg=AFQjCNF-9bQDOjKckwYtYrJ8lGPv8jjA8A\">vote pris par le comit\u00e9 ex\u00e9cutif le 26 janvier 2021 <\/a>; elle aura lieu ce mois-ci lors des rencontres du Comit\u00e9 Ex\u00e9cutif de milieu d\u2019ann\u00e9e de l\u2019Inter Am\u00e9rique. Les responsables de d\u00e9partement sont normalement \u00e9lus lors de chaque Session de la Conf\u00e9rence G\u00e9n\u00e9rale, mais \u00e0 cause de la pand\u00e9mie et du report de la session de l\u2019\u00c9glise adventiste mondiale en juin 2022, des plans pour le changement ont \u00e9t\u00e9 vot\u00e9s.<\/p>\n<p>L\u2019\u00e9lection des administrateurs d\u2019unions missions suivra le 28 avril. Les conseils d\u2019administration des institutions de la division nommeront leurs responsables administratifs \u00e0 partir du 26 avril et continueront tout au long de la semaine.<\/p>\n<p>Pour en savoir plus sur l\u2019\u00c9glise adventiste du septi\u00e8me jour dans la Division Inter Am\u00e9ricaine et sur les prochaines rencontres du Comit\u00e9 Ex\u00e9cutif de Milieu d\u2019Ann\u00e9e, visitez-nous sur<a href=\"https:\/\/recursing-golick.147-182-135-0.plesk.page\/news\/\">interamerica.org<\/a><\/p>\n<p>Traduction: Patrick Luciathe<\/p>\n","protected":false},"excerpt":{"rendered":"<p>22 Avril 2021 | Miami, Floride, \u00c9tats-Unis | Libna Stevens, P\u00f4le Informations de la Division Inter Am\u00e9ricaine Les principaux dirigeants adventistes du septi\u00e8me jour dans la Division Inter Am\u00e9ricaine (DIA)&#8230;<\/p>\n","protected":false},"author":3,"featured_media":71015,"comment_status":"closed","ping_status":"closed","sticky":false,"template":"","format":"standard","meta":{"_acf_changed":false,"footnotes":""},"categories":[20,19],"tags":[],"class_list":["post-71051","post","type-post","status-publish","format-standard","has-post-thumbnail","hentry","category-nouvelles-du-siege-de-la-division","category-rss-francais"],"acf":[],"yoast_head":"<!-- This site is optimized with the Yoast SEO plugin v27.3 - https:\/\/yoast.com\/product\/yoast-seo-wordpress\/ -->\n<title>Les dirigeants interam\u00e9ricains se pr\u00e9parent pour les rencontres administratives de milieu d\u2019ann\u00e9e la semaine prochaine - \u00c9glise Adventiste Du Septieme Jour - Inter Am\u00e9rique Division<\/title>\n<meta name=\"robots\" content=\"index, follow, max-snippet:-1, max-image-preview:large, max-video-preview:-1\" \/>\n<link rel=\"canonical\" href=\"https:\/\/interamerica.org\/fr\/2021\/04\/les-dirigeants-interamericains-se-preparent-pour-les-rencontres-administratives-de-milieu-dannee-la-semaine-prochaine\/\" \/>\n<meta property=\"og:locale\" content=\"fr_FR\" \/>\n<meta property=\"og:type\" content=\"article\" \/>\n<meta property=\"og:title\" content=\"Les dirigeants interam\u00e9ricains se pr\u00e9parent pour les rencontres administratives de milieu d\u2019ann\u00e9e la semaine prochaine - \u00c9glise Adventiste Du Septieme Jour - Inter Am\u00e9rique Division\" \/>\n<meta property=\"og:description\" content=\"22 Avril 2021 | Miami, Floride, \u00c9tats-Unis | Libna Stevens, P\u00f4le Informations de la Division Inter Am\u00e9ricaine Les principaux dirigeants adventistes du septi\u00e8me jour dans la Division Inter Am\u00e9ricaine (DIA)...\" \/>\n<meta property=\"og:url\" content=\"https:\/\/interamerica.org\/fr\/2021\/04\/les-dirigeants-interamericains-se-preparent-pour-les-rencontres-administratives-de-milieu-dannee-la-semaine-prochaine\/\" \/>\n<meta property=\"og:site_name\" content=\"\u00c9glise Adventiste Du Septieme Jour - Inter Am\u00e9rique Division\" \/>\n<meta property=\"article:published_time\" content=\"2021-04-23T00:20:29+00:00\" \/>\n<meta property=\"article:modified_time\" content=\"2021-04-23T01:22:02+00:00\" \/>\n<meta property=\"og:image\" content=\"https:\/\/interamerica.org\/wp-content\/uploads\/2021\/04\/elie-henry-apr21.jpg\" \/>\n\t<meta property=\"og:image:width\" content=\"1050\" \/>\n\t<meta property=\"og:image:height\" content=\"640\" \/>\n\t<meta property=\"og:image:type\" content=\"image\/jpeg\" \/>\n<meta name=\"author\" content=\"libna\" \/>\n<meta name=\"twitter:card\" content=\"summary_large_image\" \/>\n<meta name=\"twitter:label1\" content=\"\u00c9crit par\" \/>\n\t<meta name=\"twitter:data1\" content=\"libna\" \/>\n\t<meta name=\"twitter:label2\" content=\"Dur\u00e9e de lecture estim\u00e9e\" \/>\n\t<meta name=\"twitter:data2\" content=\"3 minutes\" \/>\n<script type=\"application\/ld+json\" class=\"yoast-schema-graph\">{\"@context\":\"https:\\\/\\\/schema.org\",\"@graph\":[{\"@type\":\"Article\",\"@id\":\"https:\\\/\\\/interamerica.org\\\/fr\\\/2021\\\/04\\\/les-dirigeants-interamericains-se-preparent-pour-les-rencontres-administratives-de-milieu-dannee-la-semaine-prochaine\\\/#article\",\"isPartOf\":{\"@id\":\"https:\\\/\\\/interamerica.org\\\/fr\\\/2021\\\/04\\\/les-dirigeants-interamericains-se-preparent-pour-les-rencontres-administratives-de-milieu-dannee-la-semaine-prochaine\\\/\"},\"author\":{\"name\":\"libna\",\"@id\":\"https:\\\/\\\/interamerica.org\\\/fr\\\/#\\\/schema\\\/person\\\/29998f2bc2d8bd0d38662909289b54f1\"},\"headline\":\"Les dirigeants interam\u00e9ricains se pr\u00e9parent pour les rencontres administratives de milieu d\u2019ann\u00e9e la semaine prochaine\",\"datePublished\":\"2021-04-23T00:20:29+00:00\",\"dateModified\":\"2021-04-23T01:22:02+00:00\",\"mainEntityOfPage\":{\"@id\":\"https:\\\/\\\/interamerica.org\\\/fr\\\/2021\\\/04\\\/les-dirigeants-interamericains-se-preparent-pour-les-rencontres-administratives-de-milieu-dannee-la-semaine-prochaine\\\/\"},\"wordCount\":616,\"image\":{\"@id\":\"https:\\\/\\\/interamerica.org\\\/fr\\\/2021\\\/04\\\/les-dirigeants-interamericains-se-preparent-pour-les-rencontres-administratives-de-milieu-dannee-la-semaine-prochaine\\\/#primaryimage\"},\"thumbnailUrl\":\"https:\\\/\\\/interamerica.org\\\/wp-content\\\/uploads\\\/2021\\\/04\\\/elie-henry-apr21.jpg\",\"articleSection\":[\"Nouvelles du si\u00e8ge de la division\",\"RSS Fran\u00e7ais\"],\"inLanguage\":\"fr-FR\"},{\"@type\":\"WebPage\",\"@id\":\"https:\\\/\\\/interamerica.org\\\/fr\\\/2021\\\/04\\\/les-dirigeants-interamericains-se-preparent-pour-les-rencontres-administratives-de-milieu-dannee-la-semaine-prochaine\\\/\",\"url\":\"https:\\\/\\\/interamerica.org\\\/fr\\\/2021\\\/04\\\/les-dirigeants-interamericains-se-preparent-pour-les-rencontres-administratives-de-milieu-dannee-la-semaine-prochaine\\\/\",\"name\":\"Les dirigeants interam\u00e9ricains se pr\u00e9parent pour les rencontres administratives de milieu d\u2019ann\u00e9e la semaine prochaine - \u00c9glise Adventiste Du Septieme Jour - Inter Am\u00e9rique Division\",\"isPartOf\":{\"@id\":\"https:\\\/\\\/interamerica.org\\\/fr\\\/#website\"},\"primaryImageOfPage\":{\"@id\":\"https:\\\/\\\/interamerica.org\\\/fr\\\/2021\\\/04\\\/les-dirigeants-interamericains-se-preparent-pour-les-rencontres-administratives-de-milieu-dannee-la-semaine-prochaine\\\/#primaryimage\"},\"image\":{\"@id\":\"https:\\\/\\\/interamerica.org\\\/fr\\\/2021\\\/04\\\/les-dirigeants-interamericains-se-preparent-pour-les-rencontres-administratives-de-milieu-dannee-la-semaine-prochaine\\\/#primaryimage\"},\"thumbnailUrl\":\"https:\\\/\\\/interamerica.org\\\/wp-content\\\/uploads\\\/2021\\\/04\\\/elie-henry-apr21.jpg\",\"datePublished\":\"2021-04-23T00:20:29+00:00\",\"dateModified\":\"2021-04-23T01:22:02+00:00\",\"author\":{\"@id\":\"https:\\\/\\\/interamerica.org\\\/fr\\\/#\\\/schema\\\/person\\\/29998f2bc2d8bd0d38662909289b54f1\"},\"breadcrumb\":{\"@id\":\"https:\\\/\\\/interamerica.org\\\/fr\\\/2021\\\/04\\\/les-dirigeants-interamericains-se-preparent-pour-les-rencontres-administratives-de-milieu-dannee-la-semaine-prochaine\\\/#breadcrumb\"},\"inLanguage\":\"fr-FR\",\"potentialAction\":[{\"@type\":\"ReadAction\",\"target\":[\"https:\\\/\\\/interamerica.org\\\/fr\\\/2021\\\/04\\\/les-dirigeants-interamericains-se-preparent-pour-les-rencontres-administratives-de-milieu-dannee-la-semaine-prochaine\\\/\"]}]},{\"@type\":\"ImageObject\",\"inLanguage\":\"fr-FR\",\"@id\":\"https:\\\/\\\/interamerica.org\\\/fr\\\/2021\\\/04\\\/les-dirigeants-interamericains-se-preparent-pour-les-rencontres-administratives-de-milieu-dannee-la-semaine-prochaine\\\/#primaryimage\",\"url\":\"https:\\\/\\\/interamerica.org\\\/wp-content\\\/uploads\\\/2021\\\/04\\\/elie-henry-apr21.jpg\",\"contentUrl\":\"https:\\\/\\\/interamerica.org\\\/wp-content\\\/uploads\\\/2021\\\/04\\\/elie-henry-apr21.jpg\",\"width\":1050,\"height\":640},{\"@type\":\"BreadcrumbList\",\"@id\":\"https:\\\/\\\/interamerica.org\\\/fr\\\/2021\\\/04\\\/les-dirigeants-interamericains-se-preparent-pour-les-rencontres-administratives-de-milieu-dannee-la-semaine-prochaine\\\/#breadcrumb\",\"itemListElement\":[{\"@type\":\"ListItem\",\"position\":1,\"name\":\"Home\",\"item\":\"https:\\\/\\\/interamerica.org\\\/fr\\\/\"},{\"@type\":\"ListItem\",\"position\":2,\"name\":\"Les dirigeants interam\u00e9ricains se pr\u00e9parent pour les rencontres administratives de milieu d\u2019ann\u00e9e la semaine prochaine\"}]},{\"@type\":\"WebSite\",\"@id\":\"https:\\\/\\\/interamerica.org\\\/fr\\\/#website\",\"url\":\"https:\\\/\\\/interamerica.org\\\/fr\\\/\",\"name\":\"\u00c9glise Adventiste Du Septieme Jour - Inter Am\u00e9rique Division\",\"description\":\"\",\"potentialAction\":[{\"@type\":\"SearchAction\",\"target\":{\"@type\":\"EntryPoint\",\"urlTemplate\":\"https:\\\/\\\/interamerica.org\\\/fr\\\/?s={search_term_string}\"},\"query-input\":{\"@type\":\"PropertyValueSpecification\",\"valueRequired\":true,\"valueName\":\"search_term_string\"}}],\"inLanguage\":\"fr-FR\"},{\"@type\":\"Person\",\"@id\":\"https:\\\/\\\/interamerica.org\\\/fr\\\/#\\\/schema\\\/person\\\/29998f2bc2d8bd0d38662909289b54f1\",\"name\":\"libna\",\"image\":{\"@type\":\"ImageObject\",\"inLanguage\":\"fr-FR\",\"@id\":\"https:\\\/\\\/secure.gravatar.com\\\/avatar\\\/7c5bd30ae4b47a9ba3c856590957fd1d96dc588bf3ac05719d247e126840331f?s=96&d=mm&r=g\",\"url\":\"https:\\\/\\\/secure.gravatar.com\\\/avatar\\\/7c5bd30ae4b47a9ba3c856590957fd1d96dc588bf3ac05719d247e126840331f?s=96&d=mm&r=g\",\"contentUrl\":\"https:\\\/\\\/secure.gravatar.com\\\/avatar\\\/7c5bd30ae4b47a9ba3c856590957fd1d96dc588bf3ac05719d247e126840331f?s=96&d=mm&r=g\",\"caption\":\"libna\"}}]}<\/script>\n<!-- \/ Yoast SEO plugin. -->","yoast_head_json":{"title":"Les dirigeants interam\u00e9ricains se pr\u00e9parent pour les rencontres administratives de milieu d\u2019ann\u00e9e la semaine prochaine - \u00c9glise Adventiste Du Septieme Jour - Inter Am\u00e9rique Division","robots":{"index":"index","follow":"follow","max-snippet":"max-snippet:-1","max-image-preview":"max-image-preview:large","max-video-preview":"max-video-preview:-1"},"canonical":"https:\/\/interamerica.org\/fr\/2021\/04\/les-dirigeants-interamericains-se-preparent-pour-les-rencontres-administratives-de-milieu-dannee-la-semaine-prochaine\/","og_locale":"fr_FR","og_type":"article","og_title":"Les dirigeants interam\u00e9ricains se pr\u00e9parent pour les rencontres administratives de milieu d\u2019ann\u00e9e la semaine prochaine - \u00c9glise Adventiste Du Septieme Jour - Inter Am\u00e9rique Division","og_description":"22 Avril 2021 | Miami, Floride, \u00c9tats-Unis | Libna Stevens, P\u00f4le Informations de la Division Inter Am\u00e9ricaine Les principaux dirigeants adventistes du septi\u00e8me jour dans la Division Inter Am\u00e9ricaine (DIA)...","og_url":"https:\/\/interamerica.org\/fr\/2021\/04\/les-dirigeants-interamericains-se-preparent-pour-les-rencontres-administratives-de-milieu-dannee-la-semaine-prochaine\/","og_site_name":"\u00c9glise Adventiste Du Septieme Jour - Inter Am\u00e9rique Division","article_published_time":"2021-04-23T00:20:29+00:00","article_modified_time":"2021-04-23T01:22:02+00:00","og_image":[{"width":1050,"height":640,"url":"https:\/\/interamerica.org\/wp-content\/uploads\/2021\/04\/elie-henry-apr21.jpg","type":"image\/jpeg"}],"author":"libna","twitter_card":"summary_large_image","twitter_misc":{"\u00c9crit par":"libna","Dur\u00e9e de lecture estim\u00e9e":"3 minutes"},"schema":{"@context":"https:\/\/schema.org","@graph":[{"@type":"Article","@id":"https:\/\/interamerica.org\/fr\/2021\/04\/les-dirigeants-interamericains-se-preparent-pour-les-rencontres-administratives-de-milieu-dannee-la-semaine-prochaine\/#article","isPartOf":{"@id":"https:\/\/interamerica.org\/fr\/2021\/04\/les-dirigeants-interamericains-se-preparent-pour-les-rencontres-administratives-de-milieu-dannee-la-semaine-prochaine\/"},"author":{"name":"libna","@id":"https:\/\/interamerica.org\/fr\/#\/schema\/person\/29998f2bc2d8bd0d38662909289b54f1"},"headline":"Les dirigeants interam\u00e9ricains se pr\u00e9parent pour les rencontres administratives de milieu d\u2019ann\u00e9e la semaine prochaine","datePublished":"2021-04-23T00:20:29+00:00","dateModified":"2021-04-23T01:22:02+00:00","mainEntityOfPage":{"@id":"https:\/\/interamerica.org\/fr\/2021\/04\/les-dirigeants-interamericains-se-preparent-pour-les-rencontres-administratives-de-milieu-dannee-la-semaine-prochaine\/"},"wordCount":616,"image":{"@id":"https:\/\/interamerica.org\/fr\/2021\/04\/les-dirigeants-interamericains-se-preparent-pour-les-rencontres-administratives-de-milieu-dannee-la-semaine-prochaine\/#primaryimage"},"thumbnailUrl":"https:\/\/interamerica.org\/wp-content\/uploads\/2021\/04\/elie-henry-apr21.jpg","articleSection":["Nouvelles du si\u00e8ge de la division","RSS Fran\u00e7ais"],"inLanguage":"fr-FR"},{"@type":"WebPage","@id":"https:\/\/interamerica.org\/fr\/2021\/04\/les-dirigeants-interamericains-se-preparent-pour-les-rencontres-administratives-de-milieu-dannee-la-semaine-prochaine\/","url":"https:\/\/interamerica.org\/fr\/2021\/04\/les-dirigeants-interamericains-se-preparent-pour-les-rencontres-administratives-de-milieu-dannee-la-semaine-prochaine\/","name":"Les dirigeants interam\u00e9ricains se pr\u00e9parent pour les rencontres administratives de milieu d\u2019ann\u00e9e la semaine prochaine - \u00c9glise Adventiste Du Septieme Jour - Inter Am\u00e9rique Division","isPartOf":{"@id":"https:\/\/interamerica.org\/fr\/#website"},"primaryImageOfPage":{"@id":"https:\/\/interamerica.org\/fr\/2021\/04\/les-dirigeants-interamericains-se-preparent-pour-les-rencontres-administratives-de-milieu-dannee-la-semaine-prochaine\/#primaryimage"},"image":{"@id":"https:\/\/interamerica.org\/fr\/2021\/04\/les-dirigeants-interamericains-se-preparent-pour-les-rencontres-administratives-de-milieu-dannee-la-semaine-prochaine\/#primaryimage"},"thumbnailUrl":"https:\/\/interamerica.org\/wp-content\/uploads\/2021\/04\/elie-henry-apr21.jpg","datePublished":"2021-04-23T00:20:29+00:00","dateModified":"2021-04-23T01:22:02+00:00","author":{"@id":"https:\/\/interamerica.org\/fr\/#\/schema\/person\/29998f2bc2d8bd0d38662909289b54f1"},"breadcrumb":{"@id":"https:\/\/interamerica.org\/fr\/2021\/04\/les-dirigeants-interamericains-se-preparent-pour-les-rencontres-administratives-de-milieu-dannee-la-semaine-prochaine\/#breadcrumb"},"inLanguage":"fr-FR","potentialAction":[{"@type":"ReadAction","target":["https:\/\/interamerica.org\/fr\/2021\/04\/les-dirigeants-interamericains-se-preparent-pour-les-rencontres-administratives-de-milieu-dannee-la-semaine-prochaine\/"]}]},{"@type":"ImageObject","inLanguage":"fr-FR","@id":"https:\/\/interamerica.org\/fr\/2021\/04\/les-dirigeants-interamericains-se-preparent-pour-les-rencontres-administratives-de-milieu-dannee-la-semaine-prochaine\/#primaryimage","url":"https:\/\/interamerica.org\/wp-content\/uploads\/2021\/04\/elie-henry-apr21.jpg","contentUrl":"https:\/\/interamerica.org\/wp-content\/uploads\/2021\/04\/elie-henry-apr21.jpg","width":1050,"height":640},{"@type":"BreadcrumbList","@id":"https:\/\/interamerica.org\/fr\/2021\/04\/les-dirigeants-interamericains-se-preparent-pour-les-rencontres-administratives-de-milieu-dannee-la-semaine-prochaine\/#breadcrumb","itemListElement":[{"@type":"ListItem","position":1,"name":"Home","item":"https:\/\/interamerica.org\/fr\/"},{"@type":"ListItem","position":2,"name":"Les dirigeants interam\u00e9ricains se pr\u00e9parent pour les rencontres administratives de milieu d\u2019ann\u00e9e la semaine prochaine"}]},{"@type":"WebSite","@id":"https:\/\/interamerica.org\/fr\/#website","url":"https:\/\/interamerica.org\/fr\/","name":"\u00c9glise Adventiste Du Septieme Jour - Inter Am\u00e9rique Division","description":"","potentialAction":[{"@type":"SearchAction","target":{"@type":"EntryPoint","urlTemplate":"https:\/\/interamerica.org\/fr\/?s={search_term_string}"},"query-input":{"@type":"PropertyValueSpecification","valueRequired":true,"valueName":"search_term_string"}}],"inLanguage":"fr-FR"},{"@type":"Person","@id":"https:\/\/interamerica.org\/fr\/#\/schema\/person\/29998f2bc2d8bd0d38662909289b54f1","name":"libna","image":{"@type":"ImageObject","inLanguage":"fr-FR","@id":"https:\/\/secure.gravatar.com\/avatar\/7c5bd30ae4b47a9ba3c856590957fd1d96dc588bf3ac05719d247e126840331f?s=96&d=mm&r=g","url":"https:\/\/secure.gravatar.com\/avatar\/7c5bd30ae4b47a9ba3c856590957fd1d96dc588bf3ac05719d247e126840331f?s=96&d=mm&r=g","contentUrl":"https:\/\/secure.gravatar.com\/avatar\/7c5bd30ae4b47a9ba3c856590957fd1d96dc588bf3ac05719d247e126840331f?s=96&d=mm&r=g","caption":"libna"}}]}},"_links":{"self":[{"href":"https:\/\/interamerica.org\/fr\/wp-json\/wp\/v2\/posts\/71051","targetHints":{"allow":["GET"]}}],"collection":[{"href":"https:\/\/interamerica.org\/fr\/wp-json\/wp\/v2\/posts"}],"about":[{"href":"https:\/\/interamerica.org\/fr\/wp-json\/wp\/v2\/types\/post"}],"author":[{"embeddable":true,"href":"https:\/\/interamerica.org\/fr\/wp-json\/wp\/v2\/users\/3"}],"replies":[{"embeddable":true,"href":"https:\/\/interamerica.org\/fr\/wp-json\/wp\/v2\/comments?post=71051"}],"version-history":[{"count":0,"href":"https:\/\/interamerica.org\/fr\/wp-json\/wp\/v2\/posts\/71051\/revisions"}],"wp:featuredmedia":[{"embeddable":true,"href":"https:\/\/interamerica.org\/fr\/wp-json\/wp\/v2\/media\/71015"}],"wp:attachment":[{"href":"https:\/\/interamerica.org\/fr\/wp-json\/wp\/v2\/media?parent=71051"}],"wp:term":[{"taxonomy":"category","embeddable":true,"href":"https:\/\/interamerica.org\/fr\/wp-json\/wp\/v2\/categories?post=71051"},{"taxonomy":"post_tag","embeddable":true,"href":"https:\/\/interamerica.org\/fr\/wp-json\/wp\/v2\/tags?post=71051"}],"curies":[{"name":"wp","href":"https:\/\/api.w.org\/{rel}","templated":true}]}}