{"id":71273,"date":"2021-04-28T15:52:49","date_gmt":"2021-04-28T19:52:49","guid":{"rendered":"https:\/\/recursing-golick.147-182-135-0.plesk.page\/?p=71273"},"modified":"2021-04-28T17:46:26","modified_gmt":"2021-04-28T21:46:26","slug":"leglise-adventiste-en-inter-amerique-nomme-les-administrateurs-des-unions-missions-pour-2021-2025","status":"publish","type":"post","link":"https:\/\/interamerica.org\/fr\/2021\/04\/leglise-adventiste-en-inter-amerique-nomme-les-administrateurs-des-unions-missions-pour-2021-2025\/","title":{"rendered":"L\u2019\u00c9glise adventiste en Inter Am\u00e9rique nomme les administrateurs des unions-missions pour 2021-2025"},"content":{"rendered":"<p>28 Avril 2021 | Miami, Floride, \u00c9tats-Unis | Libna Stevens, P\u00f4le Informations de la Division Inter Am\u00e9ricaine<\/p>\n<p>Le Comit\u00e9 Ex\u00e9cutif de la Division Inter Am\u00e9ricaine a \u00e9lu les principaux administrateurs de toutes les unions-missions lors de ses rencontres administratives tenues aujourd\u2019hui. Sur les 24 unions, ou r\u00e9gions principales, \u00e0 travers l\u2019Inter Am\u00e9rique, 13 sont des unions-missions dont, selon les r\u00e8glements, les administrateurs sont \u00e9lus par l\u2019entit\u00e9 ex\u00e9cutive de l\u2019\u00c9glise.<\/p>\n<p>\u00ab Vous les administrateurs sortants, nous appr\u00e9cions votre travail et nous croyons que le Seigneur vous donnera une transition merveilleuse maintenant que vous n\u2019\u00eates plus dans l\u2019administration [au niveau de l\u2019union], \u00bb a d\u00e9clar\u00e9 pasteur Elie Henry, pr\u00e9sident de l\u2019\u00c9glise adventiste en Inter Am\u00e9rique alors qu\u2019il s\u2019adressait au comit\u00e9 ex\u00e9cutif. \u00ab Nous vous remercions pour votre leadership dans l\u2019\u00c9glise et prions que le Seigneur continue de vous b\u00e9nir. \u00bb<\/p>\n<p>Les administrateurs des unions-missions \u00e9lus pour le mandat 2021-2025 sont les suivants :<\/p>\n<p><strong>Union Mission de la Cara\u00efbe Atlantique<\/strong><br \/>\nPeter Kerr, Pr\u00e9sident<br \/>\nCheryl Rolle, Secr\u00e9taire Ex\u00e9cutive<br \/>\nRoderick Sands, Tr\u00e9sorier<\/p>\n<p><strong>Union Mission du Belize<\/strong><br \/>\nDennis Slusher, Pr\u00e9sident<br \/>\nLuis Jesse, Secr\u00e9taire Ex\u00e9cutif<br \/>\nMaxine Bodden, Tr\u00e9sorier<\/p>\n<p><strong>Union Mission Mexicaine du Centre<\/strong><br \/>\nJose Dzul, Pr\u00e9sident<br \/>\nJorge Garc\u00eda P\u00e9rez, Secr\u00e9taire Ex\u00e9cutif<br \/>\nEdmundo G\u00f3mez, Tr\u00e9sorier<\/p>\n<p><strong>Union Mission des Antilles N\u00e9erlandaises<\/strong><br \/>\nShurman Kook, Pr\u00e9sident<br \/>\nDaniel Z\u00fa\u00f1iga Secr\u00e9taire-Tr\u00e9sorier<\/p>\n<p><strong>Union Mission de l&rsquo;Est du Venezuela<\/strong><br \/>\nJorge Atalido, Pr\u00e9sident<br \/>\nLuis Paredes, Secr\u00e9taire Ex\u00e9cutif<br \/>\nSa\u00fal Brito, Tr\u00e9sorier<\/p>\n<p><strong>Union Mission du Salvador<\/strong><br \/>\nAbel Pacheco, Pr\u00e9sident<br \/>\nLuis Aguill\u00f3n, Secr\u00e9taire Ex\u00e9cutif<br \/>\nCarlos Mart\u00ednez, Tr\u00e9sorier<\/p>\n<p><strong>Union Mission du Guatemala<\/strong><br \/>\nGuenther Garc\u00eda, Pr\u00e9sident<br \/>\nRamiro Hern\u00e1ndez, Secr\u00e9taire Ex\u00e9cutif<br \/>\nEnrique Men\u00e9ndez, Tr\u00e9sorier<\/p>\n<p><strong>Union Mission d&rsquo;Ha\u00efti<\/strong><br \/>\nPierre Caporal, Pr\u00e9sident<br \/>\nJean-Philippe Extrat, Secr\u00e9taire Ex\u00e9cutif<br \/>\nJean Reinald Sylnice, Tr\u00e9sorier<\/p>\n<p><strong>Union Mission du Honduras<\/strong><br \/>\nAdan Ramos, Pr\u00e9sident<br \/>\nRoberto Brown, Secr\u00e9taire Ex\u00e9cutif<br \/>\nJuan Jose Moran, Tr\u00e9sorier<\/p>\n<p><strong>Union Mission du Panama<\/strong><br \/>\nJose De Gracia, Pr\u00e9sident<br \/>\nCarlos Saldana, Secr\u00e9taire Ex\u00e9cutif<br \/>\nJose Smith, Tr\u00e9sorier<\/p>\n<p><strong>Union Mission du Sud de l&rsquo;Am\u00e9rique Centrale<\/strong><br \/>\nRicardo Marin, Pr\u00e9sident<br \/>\nMarvin G\u00f3mez Otero, Secr\u00e9taire Ex\u00e9cutif<br \/>\nSilas Martinez, Tr\u00e9sorier<\/p>\n<p><strong>Union Mission Mexicaine du Sud-Est<\/strong><br \/>\nDavid Celis Aguilar, Pr\u00e9sident<br \/>\nOtoniel L\u00f3pez, Secr\u00e9taire Ex\u00e9cutif<br \/>\nJose Luis Olmos Sanchez, Tr\u00e9sorier<\/p>\n<p><strong>Union Mission de l&rsquo;Ouest du Venezuela<\/strong><br \/>\nOrlando Ram\u00edrez, Pr\u00e9sident<br \/>\nOmar Jos\u00e9 Gonz\u00e1lez, Secr\u00e9taire Ex\u00e9cutif<br \/>\nNolwin Guilarte,Tr\u00e9sorier<\/p>\n<p>Pour les derni\u00e8res informations au sujet des rencontres de Milieu d&rsquo;Ann\u00e9e du Comit\u00e9 Ex\u00e9cutif de l&rsquo;Inter-Am\u00e9rique cette semaine, visitez nous sur\u00a0<a href=\"https:\/\/recursing-golick.147-182-135-0.plesk.page\/news\/\">interamerica.org<\/a><\/p>\n<p>Traduction: Patrick Luciathe<\/p>\n","protected":false},"excerpt":{"rendered":"<p>28 Avril 2021 | Miami, Floride, \u00c9tats-Unis | Libna Stevens, P\u00f4le Informations de la Division Inter Am\u00e9ricaine Le Comit\u00e9 Ex\u00e9cutif de la Division Inter Am\u00e9ricaine a \u00e9lu les principaux administrateurs&#8230;<\/p>\n","protected":false},"author":3,"featured_media":71260,"comment_status":"closed","ping_status":"closed","sticky":false,"template":"","format":"standard","meta":{"_acf_changed":false,"footnotes":""},"categories":[20,19],"tags":[],"class_list":["post-71273","post","type-post","status-publish","format-standard","has-post-thumbnail","hentry","category-nouvelles-du-siege-de-la-division","category-rss-francais"],"acf":[],"yoast_head":"<!-- This site is optimized with the Yoast SEO plugin v27.3 - https:\/\/yoast.com\/product\/yoast-seo-wordpress\/ -->\n<title>L\u2019\u00c9glise adventiste en Inter Am\u00e9rique nomme les administrateurs des unions-missions pour 2021-2025 - \u00c9glise Adventiste Du Septieme Jour - Inter Am\u00e9rique Division<\/title>\n<meta name=\"robots\" content=\"index, follow, max-snippet:-1, max-image-preview:large, max-video-preview:-1\" \/>\n<link rel=\"canonical\" href=\"https:\/\/interamerica.org\/fr\/2021\/04\/leglise-adventiste-en-inter-amerique-nomme-les-administrateurs-des-unions-missions-pour-2021-2025\/\" \/>\n<meta property=\"og:locale\" content=\"fr_FR\" \/>\n<meta property=\"og:type\" content=\"article\" \/>\n<meta property=\"og:title\" content=\"L\u2019\u00c9glise adventiste en Inter Am\u00e9rique nomme les administrateurs des unions-missions pour 2021-2025 - \u00c9glise Adventiste Du Septieme Jour - Inter Am\u00e9rique Division\" \/>\n<meta property=\"og:description\" content=\"28 Avril 2021 | Miami, Floride, \u00c9tats-Unis | Libna Stevens, P\u00f4le Informations de la Division Inter Am\u00e9ricaine Le Comit\u00e9 Ex\u00e9cutif de la Division Inter Am\u00e9ricaine a \u00e9lu les principaux administrateurs...\" \/>\n<meta property=\"og:url\" content=\"https:\/\/interamerica.org\/fr\/2021\/04\/leglise-adventiste-en-inter-amerique-nomme-les-administrateurs-des-unions-missions-pour-2021-2025\/\" \/>\n<meta property=\"og:site_name\" content=\"\u00c9glise Adventiste Du Septieme Jour - Inter Am\u00e9rique Division\" \/>\n<meta property=\"article:published_time\" content=\"2021-04-28T19:52:49+00:00\" \/>\n<meta property=\"article:modified_time\" content=\"2021-04-28T21:46:26+00:00\" \/>\n<meta property=\"og:image\" content=\"https:\/\/interamerica.org\/wp-content\/uploads\/2021\/04\/iad-administrators-apr28-1280.jpg\" \/>\n\t<meta property=\"og:image:width\" content=\"1280\" \/>\n\t<meta property=\"og:image:height\" content=\"800\" \/>\n\t<meta property=\"og:image:type\" content=\"image\/jpeg\" \/>\n<meta name=\"author\" content=\"libna\" \/>\n<meta name=\"twitter:card\" content=\"summary_large_image\" \/>\n<meta name=\"twitter:label1\" content=\"\u00c9crit par\" \/>\n\t<meta name=\"twitter:data1\" content=\"libna\" \/>\n\t<meta name=\"twitter:label2\" content=\"Dur\u00e9e de lecture estim\u00e9e\" \/>\n\t<meta name=\"twitter:data2\" content=\"2 minutes\" \/>\n<script type=\"application\/ld+json\" class=\"yoast-schema-graph\">{\"@context\":\"https:\\\/\\\/schema.org\",\"@graph\":[{\"@type\":\"Article\",\"@id\":\"https:\\\/\\\/interamerica.org\\\/fr\\\/2021\\\/04\\\/leglise-adventiste-en-inter-amerique-nomme-les-administrateurs-des-unions-missions-pour-2021-2025\\\/#article\",\"isPartOf\":{\"@id\":\"https:\\\/\\\/interamerica.org\\\/fr\\\/2021\\\/04\\\/leglise-adventiste-en-inter-amerique-nomme-les-administrateurs-des-unions-missions-pour-2021-2025\\\/\"},\"author\":{\"name\":\"libna\",\"@id\":\"https:\\\/\\\/interamerica.org\\\/fr\\\/#\\\/schema\\\/person\\\/29998f2bc2d8bd0d38662909289b54f1\"},\"headline\":\"L\u2019\u00c9glise adventiste en Inter Am\u00e9rique nomme les administrateurs des unions-missions pour 2021-2025\",\"datePublished\":\"2021-04-28T19:52:49+00:00\",\"dateModified\":\"2021-04-28T21:46:26+00:00\",\"mainEntityOfPage\":{\"@id\":\"https:\\\/\\\/interamerica.org\\\/fr\\\/2021\\\/04\\\/leglise-adventiste-en-inter-amerique-nomme-les-administrateurs-des-unions-missions-pour-2021-2025\\\/\"},\"wordCount\":481,\"image\":{\"@id\":\"https:\\\/\\\/interamerica.org\\\/fr\\\/2021\\\/04\\\/leglise-adventiste-en-inter-amerique-nomme-les-administrateurs-des-unions-missions-pour-2021-2025\\\/#primaryimage\"},\"thumbnailUrl\":\"https:\\\/\\\/interamerica.org\\\/wp-content\\\/uploads\\\/2021\\\/04\\\/iad-administrators-apr28-1280.jpg\",\"articleSection\":[\"Nouvelles du si\u00e8ge de la division\",\"RSS Fran\u00e7ais\"],\"inLanguage\":\"fr-FR\"},{\"@type\":\"WebPage\",\"@id\":\"https:\\\/\\\/interamerica.org\\\/fr\\\/2021\\\/04\\\/leglise-adventiste-en-inter-amerique-nomme-les-administrateurs-des-unions-missions-pour-2021-2025\\\/\",\"url\":\"https:\\\/\\\/interamerica.org\\\/fr\\\/2021\\\/04\\\/leglise-adventiste-en-inter-amerique-nomme-les-administrateurs-des-unions-missions-pour-2021-2025\\\/\",\"name\":\"L\u2019\u00c9glise adventiste en Inter Am\u00e9rique nomme les administrateurs des unions-missions pour 2021-2025 - \u00c9glise Adventiste Du Septieme Jour - Inter Am\u00e9rique Division\",\"isPartOf\":{\"@id\":\"https:\\\/\\\/interamerica.org\\\/fr\\\/#website\"},\"primaryImageOfPage\":{\"@id\":\"https:\\\/\\\/interamerica.org\\\/fr\\\/2021\\\/04\\\/leglise-adventiste-en-inter-amerique-nomme-les-administrateurs-des-unions-missions-pour-2021-2025\\\/#primaryimage\"},\"image\":{\"@id\":\"https:\\\/\\\/interamerica.org\\\/fr\\\/2021\\\/04\\\/leglise-adventiste-en-inter-amerique-nomme-les-administrateurs-des-unions-missions-pour-2021-2025\\\/#primaryimage\"},\"thumbnailUrl\":\"https:\\\/\\\/interamerica.org\\\/wp-content\\\/uploads\\\/2021\\\/04\\\/iad-administrators-apr28-1280.jpg\",\"datePublished\":\"2021-04-28T19:52:49+00:00\",\"dateModified\":\"2021-04-28T21:46:26+00:00\",\"author\":{\"@id\":\"https:\\\/\\\/interamerica.org\\\/fr\\\/#\\\/schema\\\/person\\\/29998f2bc2d8bd0d38662909289b54f1\"},\"breadcrumb\":{\"@id\":\"https:\\\/\\\/interamerica.org\\\/fr\\\/2021\\\/04\\\/leglise-adventiste-en-inter-amerique-nomme-les-administrateurs-des-unions-missions-pour-2021-2025\\\/#breadcrumb\"},\"inLanguage\":\"fr-FR\",\"potentialAction\":[{\"@type\":\"ReadAction\",\"target\":[\"https:\\\/\\\/interamerica.org\\\/fr\\\/2021\\\/04\\\/leglise-adventiste-en-inter-amerique-nomme-les-administrateurs-des-unions-missions-pour-2021-2025\\\/\"]}]},{\"@type\":\"ImageObject\",\"inLanguage\":\"fr-FR\",\"@id\":\"https:\\\/\\\/interamerica.org\\\/fr\\\/2021\\\/04\\\/leglise-adventiste-en-inter-amerique-nomme-les-administrateurs-des-unions-missions-pour-2021-2025\\\/#primaryimage\",\"url\":\"https:\\\/\\\/interamerica.org\\\/wp-content\\\/uploads\\\/2021\\\/04\\\/iad-administrators-apr28-1280.jpg\",\"contentUrl\":\"https:\\\/\\\/interamerica.org\\\/wp-content\\\/uploads\\\/2021\\\/04\\\/iad-administrators-apr28-1280.jpg\",\"width\":1280,\"height\":800,\"caption\":\"[Photo: Capture d'\u00e9cran DIA]\"},{\"@type\":\"BreadcrumbList\",\"@id\":\"https:\\\/\\\/interamerica.org\\\/fr\\\/2021\\\/04\\\/leglise-adventiste-en-inter-amerique-nomme-les-administrateurs-des-unions-missions-pour-2021-2025\\\/#breadcrumb\",\"itemListElement\":[{\"@type\":\"ListItem\",\"position\":1,\"name\":\"Home\",\"item\":\"https:\\\/\\\/interamerica.org\\\/fr\\\/\"},{\"@type\":\"ListItem\",\"position\":2,\"name\":\"L\u2019\u00c9glise adventiste en Inter Am\u00e9rique nomme les administrateurs des unions-missions pour 2021-2025\"}]},{\"@type\":\"WebSite\",\"@id\":\"https:\\\/\\\/interamerica.org\\\/fr\\\/#website\",\"url\":\"https:\\\/\\\/interamerica.org\\\/fr\\\/\",\"name\":\"\u00c9glise Adventiste Du Septieme Jour - Inter Am\u00e9rique Division\",\"description\":\"\",\"potentialAction\":[{\"@type\":\"SearchAction\",\"target\":{\"@type\":\"EntryPoint\",\"urlTemplate\":\"https:\\\/\\\/interamerica.org\\\/fr\\\/?s={search_term_string}\"},\"query-input\":{\"@type\":\"PropertyValueSpecification\",\"valueRequired\":true,\"valueName\":\"search_term_string\"}}],\"inLanguage\":\"fr-FR\"},{\"@type\":\"Person\",\"@id\":\"https:\\\/\\\/interamerica.org\\\/fr\\\/#\\\/schema\\\/person\\\/29998f2bc2d8bd0d38662909289b54f1\",\"name\":\"libna\",\"image\":{\"@type\":\"ImageObject\",\"inLanguage\":\"fr-FR\",\"@id\":\"https:\\\/\\\/secure.gravatar.com\\\/avatar\\\/7c5bd30ae4b47a9ba3c856590957fd1d96dc588bf3ac05719d247e126840331f?s=96&d=mm&r=g\",\"url\":\"https:\\\/\\\/secure.gravatar.com\\\/avatar\\\/7c5bd30ae4b47a9ba3c856590957fd1d96dc588bf3ac05719d247e126840331f?s=96&d=mm&r=g\",\"contentUrl\":\"https:\\\/\\\/secure.gravatar.com\\\/avatar\\\/7c5bd30ae4b47a9ba3c856590957fd1d96dc588bf3ac05719d247e126840331f?s=96&d=mm&r=g\",\"caption\":\"libna\"}}]}<\/script>\n<!-- \/ Yoast SEO plugin. -->","yoast_head_json":{"title":"L\u2019\u00c9glise adventiste en Inter Am\u00e9rique nomme les administrateurs des unions-missions pour 2021-2025 - \u00c9glise Adventiste Du Septieme Jour - Inter Am\u00e9rique Division","robots":{"index":"index","follow":"follow","max-snippet":"max-snippet:-1","max-image-preview":"max-image-preview:large","max-video-preview":"max-video-preview:-1"},"canonical":"https:\/\/interamerica.org\/fr\/2021\/04\/leglise-adventiste-en-inter-amerique-nomme-les-administrateurs-des-unions-missions-pour-2021-2025\/","og_locale":"fr_FR","og_type":"article","og_title":"L\u2019\u00c9glise adventiste en Inter Am\u00e9rique nomme les administrateurs des unions-missions pour 2021-2025 - \u00c9glise Adventiste Du Septieme Jour - Inter Am\u00e9rique Division","og_description":"28 Avril 2021 | Miami, Floride, \u00c9tats-Unis | Libna Stevens, P\u00f4le Informations de la Division Inter Am\u00e9ricaine Le Comit\u00e9 Ex\u00e9cutif de la Division Inter Am\u00e9ricaine a \u00e9lu les principaux administrateurs...","og_url":"https:\/\/interamerica.org\/fr\/2021\/04\/leglise-adventiste-en-inter-amerique-nomme-les-administrateurs-des-unions-missions-pour-2021-2025\/","og_site_name":"\u00c9glise Adventiste Du Septieme Jour - Inter Am\u00e9rique Division","article_published_time":"2021-04-28T19:52:49+00:00","article_modified_time":"2021-04-28T21:46:26+00:00","og_image":[{"width":1280,"height":800,"url":"https:\/\/interamerica.org\/wp-content\/uploads\/2021\/04\/iad-administrators-apr28-1280.jpg","type":"image\/jpeg"}],"author":"libna","twitter_card":"summary_large_image","twitter_misc":{"\u00c9crit par":"libna","Dur\u00e9e de lecture estim\u00e9e":"2 minutes"},"schema":{"@context":"https:\/\/schema.org","@graph":[{"@type":"Article","@id":"https:\/\/interamerica.org\/fr\/2021\/04\/leglise-adventiste-en-inter-amerique-nomme-les-administrateurs-des-unions-missions-pour-2021-2025\/#article","isPartOf":{"@id":"https:\/\/interamerica.org\/fr\/2021\/04\/leglise-adventiste-en-inter-amerique-nomme-les-administrateurs-des-unions-missions-pour-2021-2025\/"},"author":{"name":"libna","@id":"https:\/\/interamerica.org\/fr\/#\/schema\/person\/29998f2bc2d8bd0d38662909289b54f1"},"headline":"L\u2019\u00c9glise adventiste en Inter Am\u00e9rique nomme les administrateurs des unions-missions pour 2021-2025","datePublished":"2021-04-28T19:52:49+00:00","dateModified":"2021-04-28T21:46:26+00:00","mainEntityOfPage":{"@id":"https:\/\/interamerica.org\/fr\/2021\/04\/leglise-adventiste-en-inter-amerique-nomme-les-administrateurs-des-unions-missions-pour-2021-2025\/"},"wordCount":481,"image":{"@id":"https:\/\/interamerica.org\/fr\/2021\/04\/leglise-adventiste-en-inter-amerique-nomme-les-administrateurs-des-unions-missions-pour-2021-2025\/#primaryimage"},"thumbnailUrl":"https:\/\/interamerica.org\/wp-content\/uploads\/2021\/04\/iad-administrators-apr28-1280.jpg","articleSection":["Nouvelles du si\u00e8ge de la division","RSS Fran\u00e7ais"],"inLanguage":"fr-FR"},{"@type":"WebPage","@id":"https:\/\/interamerica.org\/fr\/2021\/04\/leglise-adventiste-en-inter-amerique-nomme-les-administrateurs-des-unions-missions-pour-2021-2025\/","url":"https:\/\/interamerica.org\/fr\/2021\/04\/leglise-adventiste-en-inter-amerique-nomme-les-administrateurs-des-unions-missions-pour-2021-2025\/","name":"L\u2019\u00c9glise adventiste en Inter Am\u00e9rique nomme les administrateurs des unions-missions pour 2021-2025 - \u00c9glise Adventiste Du Septieme Jour - Inter Am\u00e9rique Division","isPartOf":{"@id":"https:\/\/interamerica.org\/fr\/#website"},"primaryImageOfPage":{"@id":"https:\/\/interamerica.org\/fr\/2021\/04\/leglise-adventiste-en-inter-amerique-nomme-les-administrateurs-des-unions-missions-pour-2021-2025\/#primaryimage"},"image":{"@id":"https:\/\/interamerica.org\/fr\/2021\/04\/leglise-adventiste-en-inter-amerique-nomme-les-administrateurs-des-unions-missions-pour-2021-2025\/#primaryimage"},"thumbnailUrl":"https:\/\/interamerica.org\/wp-content\/uploads\/2021\/04\/iad-administrators-apr28-1280.jpg","datePublished":"2021-04-28T19:52:49+00:00","dateModified":"2021-04-28T21:46:26+00:00","author":{"@id":"https:\/\/interamerica.org\/fr\/#\/schema\/person\/29998f2bc2d8bd0d38662909289b54f1"},"breadcrumb":{"@id":"https:\/\/interamerica.org\/fr\/2021\/04\/leglise-adventiste-en-inter-amerique-nomme-les-administrateurs-des-unions-missions-pour-2021-2025\/#breadcrumb"},"inLanguage":"fr-FR","potentialAction":[{"@type":"ReadAction","target":["https:\/\/interamerica.org\/fr\/2021\/04\/leglise-adventiste-en-inter-amerique-nomme-les-administrateurs-des-unions-missions-pour-2021-2025\/"]}]},{"@type":"ImageObject","inLanguage":"fr-FR","@id":"https:\/\/interamerica.org\/fr\/2021\/04\/leglise-adventiste-en-inter-amerique-nomme-les-administrateurs-des-unions-missions-pour-2021-2025\/#primaryimage","url":"https:\/\/interamerica.org\/wp-content\/uploads\/2021\/04\/iad-administrators-apr28-1280.jpg","contentUrl":"https:\/\/interamerica.org\/wp-content\/uploads\/2021\/04\/iad-administrators-apr28-1280.jpg","width":1280,"height":800,"caption":"[Photo: Capture d'\u00e9cran DIA]"},{"@type":"BreadcrumbList","@id":"https:\/\/interamerica.org\/fr\/2021\/04\/leglise-adventiste-en-inter-amerique-nomme-les-administrateurs-des-unions-missions-pour-2021-2025\/#breadcrumb","itemListElement":[{"@type":"ListItem","position":1,"name":"Home","item":"https:\/\/interamerica.org\/fr\/"},{"@type":"ListItem","position":2,"name":"L\u2019\u00c9glise adventiste en Inter Am\u00e9rique nomme les administrateurs des unions-missions pour 2021-2025"}]},{"@type":"WebSite","@id":"https:\/\/interamerica.org\/fr\/#website","url":"https:\/\/interamerica.org\/fr\/","name":"\u00c9glise Adventiste Du Septieme Jour - Inter Am\u00e9rique Division","description":"","potentialAction":[{"@type":"SearchAction","target":{"@type":"EntryPoint","urlTemplate":"https:\/\/interamerica.org\/fr\/?s={search_term_string}"},"query-input":{"@type":"PropertyValueSpecification","valueRequired":true,"valueName":"search_term_string"}}],"inLanguage":"fr-FR"},{"@type":"Person","@id":"https:\/\/interamerica.org\/fr\/#\/schema\/person\/29998f2bc2d8bd0d38662909289b54f1","name":"libna","image":{"@type":"ImageObject","inLanguage":"fr-FR","@id":"https:\/\/secure.gravatar.com\/avatar\/7c5bd30ae4b47a9ba3c856590957fd1d96dc588bf3ac05719d247e126840331f?s=96&d=mm&r=g","url":"https:\/\/secure.gravatar.com\/avatar\/7c5bd30ae4b47a9ba3c856590957fd1d96dc588bf3ac05719d247e126840331f?s=96&d=mm&r=g","contentUrl":"https:\/\/secure.gravatar.com\/avatar\/7c5bd30ae4b47a9ba3c856590957fd1d96dc588bf3ac05719d247e126840331f?s=96&d=mm&r=g","caption":"libna"}}]}},"_links":{"self":[{"href":"https:\/\/interamerica.org\/fr\/wp-json\/wp\/v2\/posts\/71273","targetHints":{"allow":["GET"]}}],"collection":[{"href":"https:\/\/interamerica.org\/fr\/wp-json\/wp\/v2\/posts"}],"about":[{"href":"https:\/\/interamerica.org\/fr\/wp-json\/wp\/v2\/types\/post"}],"author":[{"embeddable":true,"href":"https:\/\/interamerica.org\/fr\/wp-json\/wp\/v2\/users\/3"}],"replies":[{"embeddable":true,"href":"https:\/\/interamerica.org\/fr\/wp-json\/wp\/v2\/comments?post=71273"}],"version-history":[{"count":0,"href":"https:\/\/interamerica.org\/fr\/wp-json\/wp\/v2\/posts\/71273\/revisions"}],"wp:featuredmedia":[{"embeddable":true,"href":"https:\/\/interamerica.org\/fr\/wp-json\/wp\/v2\/media\/71260"}],"wp:attachment":[{"href":"https:\/\/interamerica.org\/fr\/wp-json\/wp\/v2\/media?parent=71273"}],"wp:term":[{"taxonomy":"category","embeddable":true,"href":"https:\/\/interamerica.org\/fr\/wp-json\/wp\/v2\/categories?post=71273"},{"taxonomy":"post_tag","embeddable":true,"href":"https:\/\/interamerica.org\/fr\/wp-json\/wp\/v2\/tags?post=71273"}],"curies":[{"name":"wp","href":"https:\/\/api.w.org\/{rel}","templated":true}]}}