{"id":71279,"date":"2021-04-26T22:58:06","date_gmt":"2021-04-27T02:58:06","guid":{"rendered":"https:\/\/recursing-golick.147-182-135-0.plesk.page\/?p=71279"},"modified":"2022-01-14T11:51:58","modified_gmt":"2022-01-14T15:51:58","slug":"debut-des-rapports-sur-la-croissance-et-les-plans-developpementaux-des-comites-institutionnels-de-la-division-interamericaine","status":"publish","type":"post","link":"https:\/\/interamerica.org\/fr\/2021\/04\/debut-des-rapports-sur-la-croissance-et-les-plans-developpementaux-des-comites-institutionnels-de-la-division-interamericaine\/","title":{"rendered":"D\u00e9but des rapports sur la croissance et les plans d\u00e9veloppementaux des comit\u00e9s institutionnels de la Division interam\u00e9ricaine"},"content":{"rendered":"<div><span lang=\"FR-CA\">Le 26 avril 2021 | Miami, Floride, \u00c9tats-Unis | Libna Stevens, d\u00e9partement de nouvelles de la Division interam\u00e9ricaine<\/span><\/div>\n<p>Les administrateurs de plusieurs comit\u00e9s institutionnels de la Division interam\u00e9ricaine (DIA) ont rendu compte de leur croissance, de leurs difficult\u00e9s et de leur stabilit\u00e9 financi\u00e8re des cinq derni\u00e8res ann\u00e9es alors que des dizaines de membres de comit\u00e9s adventistes du septi\u00e8me jour de tout le territoire \u00e9taient rassembl\u00e9s aujourd\u2019hui pour des r\u00e9unions en ligne. Ces membres de comit\u00e9 ont \u00e9galement nomm\u00e9 les administrateurs qui serviront lors du prochain mandat de cinq ans.<\/p>\n<p><strong>L\u2019Association de publication de la DIA<\/strong><\/p>\n<p>L\u2019Association de publication de la DIA (IADPA pour <em>Inter-American Division Publishing Association<\/em>), l\u2019une des deux maisons d\u2019\u00e9dition g\u00e9r\u00e9es par la DIA, a rapport\u00e9 que, malgr\u00e9 la pand\u00e9mie qui a forc\u00e9 la fermeture des librairies pendant six mois en 2020, les ventes ont atteint les 11,3 millions de dollars am\u00e9ricains. Bien que ce chiffre soit incomparable aux ventes ph\u00e9nom\u00e9nales de 2019, avec 13,5\u00a0millions de dollars, le Seigneur a b\u00e9ni abondamment l\u2019IADPA et ses 88\u00a0librairies et 167\u00a0employ\u00e9s, a soulign\u00e9 Saul Ort\u00edz, pr\u00e9sident de l\u2019IADPA.<\/p>\n<div id=\"attachment_71119\" style=\"width: 838px\" class=\"wp-caption aligncenter\"><img fetchpriority=\"high\" decoding=\"async\" aria-describedby=\"caption-attachment-71119\" class=\" wp-image-71119\" src=\"https:\/\/recursing-golick.147-182-135-0.plesk.page\/wp-content\/uploads\/2021\/04\/saul-ortiz-iadpa-board-2021-1024x585.jpg\" alt=\"\" width=\"828\" height=\"473\" srcset=\"https:\/\/interamerica.org\/wp-content\/uploads\/2021\/04\/saul-ortiz-iadpa-board-2021-1024x585.jpg 1024w, https:\/\/interamerica.org\/wp-content\/uploads\/2021\/04\/saul-ortiz-iadpa-board-2021-300x171.jpg 300w, https:\/\/interamerica.org\/wp-content\/uploads\/2021\/04\/saul-ortiz-iadpa-board-2021-768x439.jpg 768w, https:\/\/interamerica.org\/wp-content\/uploads\/2021\/04\/saul-ortiz-iadpa-board-2021.jpg 1050w\" sizes=\"(max-width: 828px) 100vw, 828px\" \/><p id=\"caption-attachment-71119\" class=\"wp-caption-text\"><span lang=\"FR-CA\">Saul Ort\u00edz, pr\u00e9sident de l\u2019IADPA, rapporte que la maison d\u2019\u00e9dition n\u2019avait aucune dette \u00e0 la fin de 2020, m\u00eame apr\u00e8s les difficult\u00e9s li\u00e9es \u00e0 la pand\u00e9mie. La photo est une capture d\u2019\u00e9cran de la DIA.<\/span><\/p><\/div>\n<p>\u00ab\u00a0Nous remercions Dieu de n\u2019avoir permis \u00e0 aucun de nos employ\u00e9s d\u2019\u00eatre mis \u00e0 pied, de devoir cesser de travailler sans salaire ou de perdre des revenus\u00a0\u00bb, a exprim\u00e9 M.\u00a0Ort\u00edz. L\u2019IADPA est pass\u00e9e aux congr\u00e8s et aux s\u00e9ances de formation en ligne en plus d\u2019augmenter les r\u00e9ductions de prix pour les librairies et, surtout, les colporteurs, a-t-il ajout\u00e9. La maison d\u2019\u00e9dition a augment\u00e9 sa distribution de livres, notamment, pour les minist\u00e8res des femmes, pour la formation de disciples par les minist\u00e8res personnels, pour l\u2019association minist\u00e9rielle et d\u2019autre contenu de l\u2019\u00e9vang\u00e9liste Alejandro Bull\u00f3n par le magazine missionnaire <em>Priorities<\/em>.<\/p>\n<p>\u00ab\u00a0M\u00eame au travers de la crise, Dieu nous a aid\u00e9s jusqu\u2019ici, et nous lui rendons gloire, car nous avons clos l\u2019ann\u00e9e [2020] sans aucune dette\u00a0\u00bb, a ajout\u00e9 M.\u00a0Ort\u00edz.<\/p>\n<p>Les dirigeants de l\u2019IADPA ont rapport\u00e9 qu\u2019en 2020, donc durant la pand\u00e9mie, plus de 29\u00a0000\u00a0livres d\u2019Ellen G. White, co-fondatrice de l\u2019\u00c9glise adventiste du septi\u00e8me jour, ont \u00e9t\u00e9 distribu\u00e9s.<\/p>\n<p>Et durant les ann\u00e9es\u00a02016 \u00e0 2020, M.\u00a0Ort\u00edz a rapport\u00e9 que ce sont 16,8\u00a0millions de livres missionnaires qui ont \u00e9t\u00e9 distribu\u00e9s sur le territoire de la DIA. Les dirigeants financiers ont \u00e9galement rapport\u00e9, entre autres, les contributions de d\u00eemes et d\u2019offrandes \u00e0 l\u2019\u00c9glise des cinq derni\u00e8res ann\u00e9es ainsi que le progr\u00e8s des ventes de livres, le succ\u00e8s des librairies et les projets de publication \u00e0 venir.<\/p>\n<div id=\"attachment_71123\" style=\"width: 888px\" class=\"wp-caption aligncenter\"><img decoding=\"async\" aria-describedby=\"caption-attachment-71123\" class=\" wp-image-71123\" src=\"https:\/\/recursing-golick.147-182-135-0.plesk.page\/wp-content\/uploads\/2021\/04\/iadpa-board-prayer-1024x584.jpg\" alt=\"\" width=\"878\" height=\"501\" srcset=\"https:\/\/interamerica.org\/wp-content\/uploads\/2021\/04\/iadpa-board-prayer-1024x584.jpg 1024w, https:\/\/interamerica.org\/wp-content\/uploads\/2021\/04\/iadpa-board-prayer-300x171.jpg 300w, https:\/\/interamerica.org\/wp-content\/uploads\/2021\/04\/iadpa-board-prayer-768x438.jpg 768w, https:\/\/interamerica.org\/wp-content\/uploads\/2021\/04\/iadpa-board-prayer.jpg 1050w\" sizes=\"(max-width: 878px) 100vw, 878px\" \/><p id=\"caption-attachment-71123\" class=\"wp-caption-text\">Les membres du comit\u00e9 de l\u2019IADPA et certains dirigeants de la Division interam\u00e9ricaine ont pri\u00e9, \u00e0 la fin de la r\u00e9union, pour les b\u00e9n\u00e9dictions de Dieu en 2021. La photo est une capture d\u2019\u00e9cran de la DIA.<\/p><\/div>\n<p>Les membres du comit\u00e9 de l\u2019IADPA ont renomm\u00e9 Saul Ort\u00edz au poste de pr\u00e9sident pour un autre mandat jusqu\u2019en 2025. M.\u00a0Ort\u00edz \u00e9tait devenu pr\u00e9sident en 2018 apr\u00e8s avoir servi en tant que vice-pr\u00e9sident des affaires financi\u00e8res de 2013 en ao\u00fbt 2018. Les nominations qui ont \u00e9galement eu lieu durant la r\u00e9union d\u2019aujourd\u2019hui ont confirm\u00e9 Daniel Medina \u00e0 la vice-pr\u00e9sidence de la production, Mois\u00e9 Javier \u00e0 la vice-pr\u00e9sidence des finances, Ana Rodr\u00edguez \u00e0 la vice-pr\u00e9sidence des ventes et du marketing, Neysa L\u00f3pez au poste de vice-pr\u00e9sidente adjointe des finances et Cristhel C\u00e1rcamo au poste de vice-pr\u00e9sidente adjointe des ventes et du marketing.<\/p>\n<p>\u00ab\u00a0L\u2019IADPA fait partie de l\u2019\u00c9glise, appartient \u00e0 l\u2019\u00c9glise, donc nous poursuivrons la mission durant cette nouvelle p\u00e9riode de service\u00a0\u00bb, a affirm\u00e9 M.\u00a0Ort\u00edz.<\/p>\n<p>Le pasteur \u00c9lie Henry, pr\u00e9sident de la DIA, qui pr\u00e9side \u00e9galement le comit\u00e9 de l\u2019IADPA, a salu\u00e9 le travail de la maison d\u2019\u00e9dition ainsi que son d\u00e9vouement pour la mission malgr\u00e9 le p\u00e9riode actuelle difficile. \u00ab\u00a0Nous louons Dieu pour la vision claire qu\u2019a port\u00e9e l\u2019IADPA par le pass\u00e9 et le chemin fray\u00e9 pour un avenir prometteur selon les desseins du Seigneur.\u00a0\u00bb<\/p>\n<p><strong>L\u2019Universit\u00e9 de Montemorelos<\/strong><\/p>\n<p>Les principaux dirigeants de l\u2019Universit\u00e9 de Montemorelos, situ\u00e9 \u00e0 Nuevo Le\u00f3n, dans le nord du Mexique, ont entam\u00e9 leur rapport quinquennal en se basant sur l\u2019\u00e9nonc\u00e9 de mission qui a men\u00e9 l\u2019\u00e9tablissement \u00e0 atteindre de nouveaux sommets. \u00ab\u00a0L\u2019Universit\u00e9 de Montemorelos offre une \u00e9ducation pour le d\u00e9veloppement et le bien-\u00eatre int\u00e9gral \u00e0 l\u2019aide d\u2019un mod\u00e8le \u00e9ducatif durable qui encourage la recherche, le service d\u00e9sint\u00e9ress\u00e9 et la vision missionnaire avec l\u2019esp\u00e9rance adventiste d\u2019un nouveau monde\u00a0\u00bb, a lu Ismael Castillo, recteur de l\u2019Universit\u00e9 de Montemorelos.<\/p>\n<div id=\"attachment_71130\" style=\"width: 819px\" class=\"wp-caption aligncenter\"><img decoding=\"async\" aria-describedby=\"caption-attachment-71130\" class=\" wp-image-71130\" src=\"https:\/\/recursing-golick.147-182-135-0.plesk.page\/wp-content\/uploads\/2021\/04\/um-board-apr26.jpg\" alt=\"\" width=\"809\" height=\"449\" srcset=\"https:\/\/interamerica.org\/wp-content\/uploads\/2021\/04\/um-board-apr26.jpg 1000w, https:\/\/interamerica.org\/wp-content\/uploads\/2021\/04\/um-board-apr26-300x167.jpg 300w, https:\/\/interamerica.org\/wp-content\/uploads\/2021\/04\/um-board-apr26-768x426.jpg 768w\" sizes=\"(max-width: 809px) 100vw, 809px\" \/><p id=\"caption-attachment-71130\" class=\"wp-caption-text\"><span lang=\"FR-CA\">Les dirigeants de l\u2019Universit\u00e9 de Montemorelos de gauche \u00e0 droite\u00a0: Ana de Tello, rectrice adjointe, Raquel Korniejczuk, vice-doyenne des affaires acad\u00e9miques, Ismael Castillo, recteur, Joel Sebastian, vice-recteur des affaires financi\u00e8res, et Ekel Collins, vice-recteur des affaires \u00e9tudiantes, ont pr\u00e9sent\u00e9 le rapport quinquennal pour le mandat de 2021-2026. <\/span>La photo est une capture d\u2019\u00e9cran de la DIA.<\/p><\/div>\n<p>L\u2019Universit\u00e9, consid\u00e9r\u00e9e comme un \u00e9tablissement de division exploit\u00e9 directement par la Division interam\u00e9ricaine, fait partie du conseil direct de la f\u00e9d\u00e9ration mexicaine des \u00e9tablissements priv\u00e9s d\u2019enseignement sup\u00e9rieur, est accr\u00e9dit\u00e9e par le syst\u00e8me d\u2019\u00e9ducation et tient un r\u00f4le de leadership au sein du r\u00e9seau d\u2019universit\u00e9s mexicaines qui font la promotion de la sant\u00e9.<\/p>\n<p>\u00ab\u00a0Gr\u00e2ce aux cours virtuels programm\u00e9s il y a plusieurs ann\u00e9es pour les \u00e9tudiants inscrits dans les autres campus de l\u2019Universit\u00e9 en Afrique, en Europe et dans le reste du territoire interam\u00e9ricain, nous avons \u00e9t\u00e9 en mesure de passer directement \u00e0 l\u2019\u00e9ducation \u00e0 distance lorsque la pand\u00e9mie a frapp\u00e9 en avril [2020]\u00a0\u00bb, a dit M.\u00a0Castillo.<\/p>\n<p>Les repr\u00e9sentants de l\u2019Universit\u00e9 ont rapport\u00e9 que 90 % des professeurs et la moiti\u00e9 des \u00e9tudiants\u00a0sond\u00e9s sur le format des cours virtuels se sont dits satisfaits du mod\u00e8le d\u2019enseignement. Selon les dirigeants de l\u2019Universit\u00e9, les \u00e9tudiants \u00e9taient en mesure d\u2019effectuer leurs travaux pratiques en sant\u00e9 en situations r\u00e9elles.<\/p>\n<p>M. Castillo a rapport\u00e9 que des \u00e9tudiants de 80\u00a0pays ont \u00e9t\u00e9 inscrits \u00e0 l\u2019Universit\u00e9 de Montemorelos au cours du dernier quinquennat.<\/p>\n<div id=\"attachment_71133\" style=\"width: 815px\" class=\"wp-caption aligncenter\"><img loading=\"lazy\" decoding=\"async\" aria-describedby=\"caption-attachment-71133\" class=\" wp-image-71133\" src=\"https:\/\/recursing-golick.147-182-135-0.plesk.page\/wp-content\/uploads\/2021\/04\/ismael-castillo-um-rector2.jpg\" alt=\"\" width=\"805\" height=\"537\" srcset=\"https:\/\/interamerica.org\/wp-content\/uploads\/2021\/04\/ismael-castillo-um-rector2.jpg 1000w, https:\/\/interamerica.org\/wp-content\/uploads\/2021\/04\/ismael-castillo-um-rector2-300x200.jpg 300w, https:\/\/interamerica.org\/wp-content\/uploads\/2021\/04\/ismael-castillo-um-rector2-768x512.jpg 768w\" sizes=\"(max-width: 805px) 100vw, 805px\" \/><p id=\"caption-attachment-71133\" class=\"wp-caption-text\">Ismael Castillo a \u00e9t\u00e9 nomm\u00e9 comme recteur de l\u2019Universit\u00e9 de Montemorelos, dans le nord du Mexique. Cela fait plus de 34 ans qu\u2019il agit en tant que recteur de l\u2019\u00e9tablissement. Une photo de l\u2019Universit\u00e9 de Montemorelos.<\/p><\/div>\n<p>Les membres du comit\u00e9 ont renomm\u00e9 Ismael Castillo au poste de recteur de l\u2019Universit\u00e9 de Montemorelos pour le mandat de 2021 \u00e0 2026. M.\u00a0Castillo a plus de 34\u00a0ans de service comme premier responsable de cette universit\u00e9 adventiste. Et au fil de toutes ces ann\u00e9es, l\u2019\u00e9tablissement est pass\u00e9 de 16\u00a0programmes d\u2019enseignement en 1987 \u00e0 30\u00a0programmes de premier cycle et 26\u00a0programmes de sp\u00e9cialit\u00e9, de ma\u00eetrise et de doctorat.<\/p>\n<p>De plus, les membres du comit\u00e9 ont renomm\u00e9 Raquel Korniejczuk comme vice-rectrice des affaires acad\u00e9miques, Joel Sebastian comme vice-recteur des affaires financi\u00e8res et Ekel Collins comme vice-recteur des affaires \u00e9tudiantes pour le mandat de 2021 \u00e0 2026.<\/p>\n<p>Le pasteur Henry a f\u00e9licit\u00e9 M.\u00a0Castillo pour son d\u00e9vouement d\u2019une vie \u00e0 la croissance de l\u2019Universit\u00e9 de Montemorelos et lui a assur\u00e9 le soutien ininterrompu des membres du comit\u00e9 et des principaux administrateurs de partout sur le territoire interam\u00e9ricain. \u00ab\u00a0Les dirigeants choisis aujourd\u2019hui ne vous d\u00e9cevront pas, a dit le pasteur Henry. Ils feront face \u00e0 de nombreuses difficult\u00e9s, mais avec Dieu, nous pouvons les surmonter pour son \u00c9glise si nous lui confions notre vie.\u00a0\u00bb<\/p>\n<p>M.\u00a0Castillo a soulign\u00e9 que les membres du comit\u00e9 examineraient les strat\u00e9gies et les plans d\u00e9veloppementaux que l\u2019universit\u00e9 a mis en branle pour 2021 \u00e0 2026 lors de la prochaine r\u00e9union d\u2019octobre prochain.<\/p>\n<div id=\"attachment_71136\" style=\"width: 824px\" class=\"wp-caption aligncenter\"><img loading=\"lazy\" decoding=\"async\" aria-describedby=\"caption-attachment-71136\" class=\" wp-image-71136\" src=\"https:\/\/recursing-golick.147-182-135-0.plesk.page\/wp-content\/uploads\/2021\/04\/ahsia-board-honor-esh.jpg\" alt=\"\" width=\"814\" height=\"465\" srcset=\"https:\/\/interamerica.org\/wp-content\/uploads\/2021\/04\/ahsia-board-honor-esh.jpg 1000w, https:\/\/interamerica.org\/wp-content\/uploads\/2021\/04\/ahsia-board-honor-esh-300x171.jpg 300w, https:\/\/interamerica.org\/wp-content\/uploads\/2021\/04\/ahsia-board-honor-esh-768x439.jpg 768w\" sizes=\"(max-width: 814px) 100vw, 814px\" \/><p id=\"caption-attachment-71136\" class=\"wp-caption-text\"><span lang=\"FR-CA\">Le Dr Franck G\u00e9n\u00e9us (en haut \u00e0 gauche), pr\u00e9sident d\u2019Adventiste Healthcare Services\u2013Inter-America (AHS-IA) a remerci\u00e9 le Dr \u00c9lie Honor\u00e9, ancien pr\u00e9sident d\u2019AHS-IA r\u00e9cemment retrait\u00e9, pour son engagement d\u2019une vie \u00e0 fortifier les h\u00f4pitaux adventistes du territoire interam\u00e9ricain pendant que les administrateurs de la DIA \u00e9coutaient et secondaient. La photo est une capture d\u2019\u00e9cran de la DIA.<\/span><\/p><\/div>\n<div><\/div>\n<div><b>L\u2019Adventist Healthcare Services\u2014Inter-America<\/b><\/div>\n<p>Lors d\u2019un court rapport aux membres du comit\u00e9, le Dr Franck G\u00e9n\u00e9us, pr\u00e9sident de l\u2019Adventist Healthcare Services\u2014Inter-America (AHS-IA ou \u00ab\u00a0Services de soins de sant\u00e9 adventistes du territoire interam\u00e9ricain\u00a0\u00bb), qui supervise l\u2019administration de 14\u00a0h\u00f4pitaux et de 21\u00a0cliniques, a rappel\u00e9 la n\u00e9cessit\u00e9 que les \u00e9tablissements de soins de sant\u00e9 soient des \u00e9tablissements sains. \u00ab\u00a0Nous devons changer notre paradigme pour les \u00e9tablissements de soins de sant\u00e9 afin qu\u2019ils deviennent florissants et caract\u00e9ris\u00e9s par une qualit\u00e9 de soins am\u00e9lior\u00e9e plut\u00f4t qu\u2019en constantes difficult\u00e9s.\u00a0\u00bb<\/p>\n<p>Les membres du comit\u00e9 ont vot\u00e9 l\u2019adoption d\u2019une vision partag\u00e9e entre tous les \u00e9tablissements de soins de sant\u00e9 de la Division interam\u00e9ricaine bas\u00e9e sur cinq \u00e9nonc\u00e9s cl\u00e9s d\u2019engagement \u00e0 \u00eatre des \u00e9tablissements responsables, r\u00e9silients, accessibles, durables, s\u00e9curitaires et ax\u00e9s sur Christ.<\/p>\n<p>Le Dr G\u00e9n\u00e9us a enfin rendu hommage \u00e0 son pr\u00e9d\u00e9cesseur, le Dr\u00a0\u00c9lie Honor\u00e9, pour son engagement d\u2019une vie envers les \u00e9tablissements de soins de sant\u00e9 du territoire interam\u00e9ricain. Il a \u00e9galement soulign\u00e9 le r\u00f4le qu\u2019il a jou\u00e9 dans la cr\u00e9ation de l\u2019AHS-IA, qui sert \u00e0 fortifier et soutenir les \u00e9tablissements de soins de sant\u00e9 en collaboration avec l\u2019Universit\u00e9 de Loma Linda, dans l\u2019\u00c9tat am\u00e9ricain de la Californie, et dans la promotion de la sant\u00e9 physique, mentale, sociale et spirituelle tout en accomplissant la mission de l\u2019\u00c9glise.<\/p>\n<p>Plusieurs autres comit\u00e9s institutionnels de la DIA tiendront des r\u00e9unions dans les jours \u00e0 venir pour soumettre le rapport de leurs r\u00e9alisations et plans de d\u00e9veloppement.<\/p>\n<p>Pour en savoir davantage sur les r\u00e9unions d\u2019affaires de la Division interam\u00e9ricaine, visitez notre site internet sur\u00a0<a href=\"https:\/\/recursing-golick.147-182-135-0.plesk.page\/news\/\">interamerica.org<\/a>.<\/p>\n<p><em>Laura Marrero a contribu\u00e9 \u00e0 ce rapport.<\/em><\/p>\n<p>Traduction\u00a0: Marie-Mich\u00e8le Robitaille<\/p>\n","protected":false},"excerpt":{"rendered":"<p>Le 26 avril 2021 | Miami, Floride, \u00c9tats-Unis | Libna Stevens, d\u00e9partement de nouvelles de la Division interam\u00e9ricaine Les administrateurs de plusieurs comit\u00e9s institutionnels de la Division interam\u00e9ricaine (DIA) ont&#8230;<\/p>\n","protected":false},"author":3,"featured_media":71130,"comment_status":"closed","ping_status":"closed","sticky":false,"template":"","format":"standard","meta":{"_acf_changed":false,"footnotes":""},"categories":[20,19],"tags":[],"class_list":["post-71279","post","type-post","status-publish","format-standard","has-post-thumbnail","hentry","category-nouvelles-du-siege-de-la-division","category-rss-francais"],"acf":[],"yoast_head":"<!-- This site is optimized with the Yoast SEO plugin v27.3 - https:\/\/yoast.com\/product\/yoast-seo-wordpress\/ -->\n<title>D\u00e9but des rapports sur la croissance et les plans d\u00e9veloppementaux des comit\u00e9s institutionnels de la Division interam\u00e9ricaine - \u00c9glise Adventiste Du Septieme Jour - Inter Am\u00e9rique Division<\/title>\n<meta name=\"robots\" content=\"index, follow, max-snippet:-1, max-image-preview:large, max-video-preview:-1\" \/>\n<link rel=\"canonical\" href=\"https:\/\/interamerica.org\/fr\/2021\/04\/debut-des-rapports-sur-la-croissance-et-les-plans-developpementaux-des-comites-institutionnels-de-la-division-interamericaine\/\" \/>\n<meta property=\"og:locale\" content=\"fr_FR\" \/>\n<meta property=\"og:type\" content=\"article\" \/>\n<meta property=\"og:title\" content=\"D\u00e9but des rapports sur la croissance et les plans d\u00e9veloppementaux des comit\u00e9s institutionnels de la Division interam\u00e9ricaine - \u00c9glise Adventiste Du Septieme Jour - Inter Am\u00e9rique Division\" \/>\n<meta property=\"og:description\" content=\"Le 26 avril 2021 | Miami, Floride, \u00c9tats-Unis | Libna Stevens, d\u00e9partement de nouvelles de la Division interam\u00e9ricaine Les administrateurs de plusieurs comit\u00e9s institutionnels de la Division interam\u00e9ricaine (DIA) ont...\" \/>\n<meta property=\"og:url\" content=\"https:\/\/interamerica.org\/fr\/2021\/04\/debut-des-rapports-sur-la-croissance-et-les-plans-developpementaux-des-comites-institutionnels-de-la-division-interamericaine\/\" \/>\n<meta property=\"og:site_name\" content=\"\u00c9glise Adventiste Du Septieme Jour - Inter Am\u00e9rique Division\" \/>\n<meta property=\"article:published_time\" content=\"2021-04-27T02:58:06+00:00\" \/>\n<meta property=\"article:modified_time\" content=\"2022-01-14T15:51:58+00:00\" \/>\n<meta property=\"og:image\" content=\"https:\/\/interamerica.org\/wp-content\/uploads\/2021\/04\/um-board-apr26.jpg\" \/>\n\t<meta property=\"og:image:width\" content=\"1000\" \/>\n\t<meta property=\"og:image:height\" content=\"555\" \/>\n\t<meta property=\"og:image:type\" content=\"image\/jpeg\" \/>\n<meta name=\"author\" content=\"libna\" \/>\n<meta name=\"twitter:card\" content=\"summary_large_image\" \/>\n<meta name=\"twitter:label1\" content=\"\u00c9crit par\" \/>\n\t<meta name=\"twitter:data1\" content=\"libna\" \/>\n\t<meta name=\"twitter:label2\" content=\"Dur\u00e9e de lecture estim\u00e9e\" \/>\n\t<meta name=\"twitter:data2\" content=\"8 minutes\" \/>\n<script type=\"application\/ld+json\" class=\"yoast-schema-graph\">{\"@context\":\"https:\\\/\\\/schema.org\",\"@graph\":[{\"@type\":\"Article\",\"@id\":\"https:\\\/\\\/interamerica.org\\\/fr\\\/2021\\\/04\\\/debut-des-rapports-sur-la-croissance-et-les-plans-developpementaux-des-comites-institutionnels-de-la-division-interamericaine\\\/#article\",\"isPartOf\":{\"@id\":\"https:\\\/\\\/interamerica.org\\\/fr\\\/2021\\\/04\\\/debut-des-rapports-sur-la-croissance-et-les-plans-developpementaux-des-comites-institutionnels-de-la-division-interamericaine\\\/\"},\"author\":{\"name\":\"libna\",\"@id\":\"https:\\\/\\\/interamerica.org\\\/fr\\\/#\\\/schema\\\/person\\\/29998f2bc2d8bd0d38662909289b54f1\"},\"headline\":\"D\u00e9but des rapports sur la croissance et les plans d\u00e9veloppementaux des comit\u00e9s institutionnels de la Division interam\u00e9ricaine\",\"datePublished\":\"2021-04-27T02:58:06+00:00\",\"dateModified\":\"2022-01-14T15:51:58+00:00\",\"mainEntityOfPage\":{\"@id\":\"https:\\\/\\\/interamerica.org\\\/fr\\\/2021\\\/04\\\/debut-des-rapports-sur-la-croissance-et-les-plans-developpementaux-des-comites-institutionnels-de-la-division-interamericaine\\\/\"},\"wordCount\":1810,\"image\":{\"@id\":\"https:\\\/\\\/interamerica.org\\\/fr\\\/2021\\\/04\\\/debut-des-rapports-sur-la-croissance-et-les-plans-developpementaux-des-comites-institutionnels-de-la-division-interamericaine\\\/#primaryimage\"},\"thumbnailUrl\":\"https:\\\/\\\/interamerica.org\\\/wp-content\\\/uploads\\\/2021\\\/04\\\/um-board-apr26.jpg\",\"articleSection\":[\"Nouvelles du si\u00e8ge de la division\",\"RSS Fran\u00e7ais\"],\"inLanguage\":\"fr-FR\"},{\"@type\":\"WebPage\",\"@id\":\"https:\\\/\\\/interamerica.org\\\/fr\\\/2021\\\/04\\\/debut-des-rapports-sur-la-croissance-et-les-plans-developpementaux-des-comites-institutionnels-de-la-division-interamericaine\\\/\",\"url\":\"https:\\\/\\\/interamerica.org\\\/fr\\\/2021\\\/04\\\/debut-des-rapports-sur-la-croissance-et-les-plans-developpementaux-des-comites-institutionnels-de-la-division-interamericaine\\\/\",\"name\":\"D\u00e9but des rapports sur la croissance et les plans d\u00e9veloppementaux des comit\u00e9s institutionnels de la Division interam\u00e9ricaine - \u00c9glise Adventiste Du Septieme Jour - Inter Am\u00e9rique Division\",\"isPartOf\":{\"@id\":\"https:\\\/\\\/interamerica.org\\\/fr\\\/#website\"},\"primaryImageOfPage\":{\"@id\":\"https:\\\/\\\/interamerica.org\\\/fr\\\/2021\\\/04\\\/debut-des-rapports-sur-la-croissance-et-les-plans-developpementaux-des-comites-institutionnels-de-la-division-interamericaine\\\/#primaryimage\"},\"image\":{\"@id\":\"https:\\\/\\\/interamerica.org\\\/fr\\\/2021\\\/04\\\/debut-des-rapports-sur-la-croissance-et-les-plans-developpementaux-des-comites-institutionnels-de-la-division-interamericaine\\\/#primaryimage\"},\"thumbnailUrl\":\"https:\\\/\\\/interamerica.org\\\/wp-content\\\/uploads\\\/2021\\\/04\\\/um-board-apr26.jpg\",\"datePublished\":\"2021-04-27T02:58:06+00:00\",\"dateModified\":\"2022-01-14T15:51:58+00:00\",\"author\":{\"@id\":\"https:\\\/\\\/interamerica.org\\\/fr\\\/#\\\/schema\\\/person\\\/29998f2bc2d8bd0d38662909289b54f1\"},\"breadcrumb\":{\"@id\":\"https:\\\/\\\/interamerica.org\\\/fr\\\/2021\\\/04\\\/debut-des-rapports-sur-la-croissance-et-les-plans-developpementaux-des-comites-institutionnels-de-la-division-interamericaine\\\/#breadcrumb\"},\"inLanguage\":\"fr-FR\",\"potentialAction\":[{\"@type\":\"ReadAction\",\"target\":[\"https:\\\/\\\/interamerica.org\\\/fr\\\/2021\\\/04\\\/debut-des-rapports-sur-la-croissance-et-les-plans-developpementaux-des-comites-institutionnels-de-la-division-interamericaine\\\/\"]}]},{\"@type\":\"ImageObject\",\"inLanguage\":\"fr-FR\",\"@id\":\"https:\\\/\\\/interamerica.org\\\/fr\\\/2021\\\/04\\\/debut-des-rapports-sur-la-croissance-et-les-plans-developpementaux-des-comites-institutionnels-de-la-division-interamericaine\\\/#primaryimage\",\"url\":\"https:\\\/\\\/interamerica.org\\\/wp-content\\\/uploads\\\/2021\\\/04\\\/um-board-apr26.jpg\",\"contentUrl\":\"https:\\\/\\\/interamerica.org\\\/wp-content\\\/uploads\\\/2021\\\/04\\\/um-board-apr26.jpg\",\"width\":1000,\"height\":555,\"caption\":\"La photo est une capture d\u2019\u00e9cran de la DIA.\"},{\"@type\":\"BreadcrumbList\",\"@id\":\"https:\\\/\\\/interamerica.org\\\/fr\\\/2021\\\/04\\\/debut-des-rapports-sur-la-croissance-et-les-plans-developpementaux-des-comites-institutionnels-de-la-division-interamericaine\\\/#breadcrumb\",\"itemListElement\":[{\"@type\":\"ListItem\",\"position\":1,\"name\":\"Home\",\"item\":\"https:\\\/\\\/interamerica.org\\\/fr\\\/\"},{\"@type\":\"ListItem\",\"position\":2,\"name\":\"D\u00e9but des rapports sur la croissance et les plans d\u00e9veloppementaux des comit\u00e9s institutionnels de la Division interam\u00e9ricaine\"}]},{\"@type\":\"WebSite\",\"@id\":\"https:\\\/\\\/interamerica.org\\\/fr\\\/#website\",\"url\":\"https:\\\/\\\/interamerica.org\\\/fr\\\/\",\"name\":\"\u00c9glise Adventiste Du Septieme Jour - Inter Am\u00e9rique Division\",\"description\":\"\",\"potentialAction\":[{\"@type\":\"SearchAction\",\"target\":{\"@type\":\"EntryPoint\",\"urlTemplate\":\"https:\\\/\\\/interamerica.org\\\/fr\\\/?s={search_term_string}\"},\"query-input\":{\"@type\":\"PropertyValueSpecification\",\"valueRequired\":true,\"valueName\":\"search_term_string\"}}],\"inLanguage\":\"fr-FR\"},{\"@type\":\"Person\",\"@id\":\"https:\\\/\\\/interamerica.org\\\/fr\\\/#\\\/schema\\\/person\\\/29998f2bc2d8bd0d38662909289b54f1\",\"name\":\"libna\",\"image\":{\"@type\":\"ImageObject\",\"inLanguage\":\"fr-FR\",\"@id\":\"https:\\\/\\\/secure.gravatar.com\\\/avatar\\\/7c5bd30ae4b47a9ba3c856590957fd1d96dc588bf3ac05719d247e126840331f?s=96&d=mm&r=g\",\"url\":\"https:\\\/\\\/secure.gravatar.com\\\/avatar\\\/7c5bd30ae4b47a9ba3c856590957fd1d96dc588bf3ac05719d247e126840331f?s=96&d=mm&r=g\",\"contentUrl\":\"https:\\\/\\\/secure.gravatar.com\\\/avatar\\\/7c5bd30ae4b47a9ba3c856590957fd1d96dc588bf3ac05719d247e126840331f?s=96&d=mm&r=g\",\"caption\":\"libna\"}}]}<\/script>\n<!-- \/ Yoast SEO plugin. -->","yoast_head_json":{"title":"D\u00e9but des rapports sur la croissance et les plans d\u00e9veloppementaux des comit\u00e9s institutionnels de la Division interam\u00e9ricaine - \u00c9glise Adventiste Du Septieme Jour - Inter Am\u00e9rique Division","robots":{"index":"index","follow":"follow","max-snippet":"max-snippet:-1","max-image-preview":"max-image-preview:large","max-video-preview":"max-video-preview:-1"},"canonical":"https:\/\/interamerica.org\/fr\/2021\/04\/debut-des-rapports-sur-la-croissance-et-les-plans-developpementaux-des-comites-institutionnels-de-la-division-interamericaine\/","og_locale":"fr_FR","og_type":"article","og_title":"D\u00e9but des rapports sur la croissance et les plans d\u00e9veloppementaux des comit\u00e9s institutionnels de la Division interam\u00e9ricaine - \u00c9glise Adventiste Du Septieme Jour - Inter Am\u00e9rique Division","og_description":"Le 26 avril 2021 | Miami, Floride, \u00c9tats-Unis | Libna Stevens, d\u00e9partement de nouvelles de la Division interam\u00e9ricaine Les administrateurs de plusieurs comit\u00e9s institutionnels de la Division interam\u00e9ricaine (DIA) ont...","og_url":"https:\/\/interamerica.org\/fr\/2021\/04\/debut-des-rapports-sur-la-croissance-et-les-plans-developpementaux-des-comites-institutionnels-de-la-division-interamericaine\/","og_site_name":"\u00c9glise Adventiste Du Septieme Jour - Inter Am\u00e9rique Division","article_published_time":"2021-04-27T02:58:06+00:00","article_modified_time":"2022-01-14T15:51:58+00:00","og_image":[{"width":1000,"height":555,"url":"https:\/\/interamerica.org\/wp-content\/uploads\/2021\/04\/um-board-apr26.jpg","type":"image\/jpeg"}],"author":"libna","twitter_card":"summary_large_image","twitter_misc":{"\u00c9crit par":"libna","Dur\u00e9e de lecture estim\u00e9e":"8 minutes"},"schema":{"@context":"https:\/\/schema.org","@graph":[{"@type":"Article","@id":"https:\/\/interamerica.org\/fr\/2021\/04\/debut-des-rapports-sur-la-croissance-et-les-plans-developpementaux-des-comites-institutionnels-de-la-division-interamericaine\/#article","isPartOf":{"@id":"https:\/\/interamerica.org\/fr\/2021\/04\/debut-des-rapports-sur-la-croissance-et-les-plans-developpementaux-des-comites-institutionnels-de-la-division-interamericaine\/"},"author":{"name":"libna","@id":"https:\/\/interamerica.org\/fr\/#\/schema\/person\/29998f2bc2d8bd0d38662909289b54f1"},"headline":"D\u00e9but des rapports sur la croissance et les plans d\u00e9veloppementaux des comit\u00e9s institutionnels de la Division interam\u00e9ricaine","datePublished":"2021-04-27T02:58:06+00:00","dateModified":"2022-01-14T15:51:58+00:00","mainEntityOfPage":{"@id":"https:\/\/interamerica.org\/fr\/2021\/04\/debut-des-rapports-sur-la-croissance-et-les-plans-developpementaux-des-comites-institutionnels-de-la-division-interamericaine\/"},"wordCount":1810,"image":{"@id":"https:\/\/interamerica.org\/fr\/2021\/04\/debut-des-rapports-sur-la-croissance-et-les-plans-developpementaux-des-comites-institutionnels-de-la-division-interamericaine\/#primaryimage"},"thumbnailUrl":"https:\/\/interamerica.org\/wp-content\/uploads\/2021\/04\/um-board-apr26.jpg","articleSection":["Nouvelles du si\u00e8ge de la division","RSS Fran\u00e7ais"],"inLanguage":"fr-FR"},{"@type":"WebPage","@id":"https:\/\/interamerica.org\/fr\/2021\/04\/debut-des-rapports-sur-la-croissance-et-les-plans-developpementaux-des-comites-institutionnels-de-la-division-interamericaine\/","url":"https:\/\/interamerica.org\/fr\/2021\/04\/debut-des-rapports-sur-la-croissance-et-les-plans-developpementaux-des-comites-institutionnels-de-la-division-interamericaine\/","name":"D\u00e9but des rapports sur la croissance et les plans d\u00e9veloppementaux des comit\u00e9s institutionnels de la Division interam\u00e9ricaine - \u00c9glise Adventiste Du Septieme Jour - Inter Am\u00e9rique Division","isPartOf":{"@id":"https:\/\/interamerica.org\/fr\/#website"},"primaryImageOfPage":{"@id":"https:\/\/interamerica.org\/fr\/2021\/04\/debut-des-rapports-sur-la-croissance-et-les-plans-developpementaux-des-comites-institutionnels-de-la-division-interamericaine\/#primaryimage"},"image":{"@id":"https:\/\/interamerica.org\/fr\/2021\/04\/debut-des-rapports-sur-la-croissance-et-les-plans-developpementaux-des-comites-institutionnels-de-la-division-interamericaine\/#primaryimage"},"thumbnailUrl":"https:\/\/interamerica.org\/wp-content\/uploads\/2021\/04\/um-board-apr26.jpg","datePublished":"2021-04-27T02:58:06+00:00","dateModified":"2022-01-14T15:51:58+00:00","author":{"@id":"https:\/\/interamerica.org\/fr\/#\/schema\/person\/29998f2bc2d8bd0d38662909289b54f1"},"breadcrumb":{"@id":"https:\/\/interamerica.org\/fr\/2021\/04\/debut-des-rapports-sur-la-croissance-et-les-plans-developpementaux-des-comites-institutionnels-de-la-division-interamericaine\/#breadcrumb"},"inLanguage":"fr-FR","potentialAction":[{"@type":"ReadAction","target":["https:\/\/interamerica.org\/fr\/2021\/04\/debut-des-rapports-sur-la-croissance-et-les-plans-developpementaux-des-comites-institutionnels-de-la-division-interamericaine\/"]}]},{"@type":"ImageObject","inLanguage":"fr-FR","@id":"https:\/\/interamerica.org\/fr\/2021\/04\/debut-des-rapports-sur-la-croissance-et-les-plans-developpementaux-des-comites-institutionnels-de-la-division-interamericaine\/#primaryimage","url":"https:\/\/interamerica.org\/wp-content\/uploads\/2021\/04\/um-board-apr26.jpg","contentUrl":"https:\/\/interamerica.org\/wp-content\/uploads\/2021\/04\/um-board-apr26.jpg","width":1000,"height":555,"caption":"La photo est une capture d\u2019\u00e9cran de la DIA."},{"@type":"BreadcrumbList","@id":"https:\/\/interamerica.org\/fr\/2021\/04\/debut-des-rapports-sur-la-croissance-et-les-plans-developpementaux-des-comites-institutionnels-de-la-division-interamericaine\/#breadcrumb","itemListElement":[{"@type":"ListItem","position":1,"name":"Home","item":"https:\/\/interamerica.org\/fr\/"},{"@type":"ListItem","position":2,"name":"D\u00e9but des rapports sur la croissance et les plans d\u00e9veloppementaux des comit\u00e9s institutionnels de la Division interam\u00e9ricaine"}]},{"@type":"WebSite","@id":"https:\/\/interamerica.org\/fr\/#website","url":"https:\/\/interamerica.org\/fr\/","name":"\u00c9glise Adventiste Du Septieme Jour - Inter Am\u00e9rique Division","description":"","potentialAction":[{"@type":"SearchAction","target":{"@type":"EntryPoint","urlTemplate":"https:\/\/interamerica.org\/fr\/?s={search_term_string}"},"query-input":{"@type":"PropertyValueSpecification","valueRequired":true,"valueName":"search_term_string"}}],"inLanguage":"fr-FR"},{"@type":"Person","@id":"https:\/\/interamerica.org\/fr\/#\/schema\/person\/29998f2bc2d8bd0d38662909289b54f1","name":"libna","image":{"@type":"ImageObject","inLanguage":"fr-FR","@id":"https:\/\/secure.gravatar.com\/avatar\/7c5bd30ae4b47a9ba3c856590957fd1d96dc588bf3ac05719d247e126840331f?s=96&d=mm&r=g","url":"https:\/\/secure.gravatar.com\/avatar\/7c5bd30ae4b47a9ba3c856590957fd1d96dc588bf3ac05719d247e126840331f?s=96&d=mm&r=g","contentUrl":"https:\/\/secure.gravatar.com\/avatar\/7c5bd30ae4b47a9ba3c856590957fd1d96dc588bf3ac05719d247e126840331f?s=96&d=mm&r=g","caption":"libna"}}]}},"_links":{"self":[{"href":"https:\/\/interamerica.org\/fr\/wp-json\/wp\/v2\/posts\/71279","targetHints":{"allow":["GET"]}}],"collection":[{"href":"https:\/\/interamerica.org\/fr\/wp-json\/wp\/v2\/posts"}],"about":[{"href":"https:\/\/interamerica.org\/fr\/wp-json\/wp\/v2\/types\/post"}],"author":[{"embeddable":true,"href":"https:\/\/interamerica.org\/fr\/wp-json\/wp\/v2\/users\/3"}],"replies":[{"embeddable":true,"href":"https:\/\/interamerica.org\/fr\/wp-json\/wp\/v2\/comments?post=71279"}],"version-history":[{"count":0,"href":"https:\/\/interamerica.org\/fr\/wp-json\/wp\/v2\/posts\/71279\/revisions"}],"wp:featuredmedia":[{"embeddable":true,"href":"https:\/\/interamerica.org\/fr\/wp-json\/wp\/v2\/media\/71130"}],"wp:attachment":[{"href":"https:\/\/interamerica.org\/fr\/wp-json\/wp\/v2\/media?parent=71279"}],"wp:term":[{"taxonomy":"category","embeddable":true,"href":"https:\/\/interamerica.org\/fr\/wp-json\/wp\/v2\/categories?post=71279"},{"taxonomy":"post_tag","embeddable":true,"href":"https:\/\/interamerica.org\/fr\/wp-json\/wp\/v2\/tags?post=71279"}],"curies":[{"name":"wp","href":"https:\/\/api.w.org\/{rel}","templated":true}]}}