{"id":71438,"date":"2021-05-02T13:44:32","date_gmt":"2021-05-02T17:44:32","guid":{"rendered":"https:\/\/recursing-golick.147-182-135-0.plesk.page\/?p=71438"},"modified":"2021-05-03T18:06:05","modified_gmt":"2021-05-03T22:06:05","slug":"nous-avons-vu-dieu-agir-au-costa-rica","status":"publish","type":"post","link":"https:\/\/interamerica.org\/fr\/2021\/05\/nous-avons-vu-dieu-agir-au-costa-rica\/","title":{"rendered":"Nous avons vu Dieu agir au Costa Rica"},"content":{"rendered":"<div>\n<p><strong>Les r\u00e9sultats du premier voyage missionnaire d\u2019It Is Written apr\u00e8s la lev\u00e9e des restrictions li\u00e9es \u00e0 la pand\u00e9mie sont inspirants.<\/strong><\/p>\n<p>Le 1<sup>er<\/sup> mai 2021 | Greeneville, Tennessee, \u00c9tats-Unis | Ellen Metcalf d\u2019It Is Written<\/p>\n<\/div>\n<p>En mars dernier, It Is Written (IIW), un minist\u00e8re de soutien de l\u2019\u00c9glise adventiste du septi\u00e8me jour, a dirig\u00e9 un voyage missionnaire au Costa Rica. Le groupe s\u2019est rendu dans une petite ville de campagne appel\u00e9e Las Juntas, dans le canton d\u2019Abangares, pour y construire une \u00e9glise, offrir des services m\u00e9dicaux et tenir des r\u00e9unions d\u2019\u00e9vang\u00e9lisation. Des membres d\u2019\u00e9glise des \u00c9tats am\u00e9ricains du Tennessee, de la Californie et de Washington \u00e9taient accompagn\u00e9s par des enseignants et des \u00e9l\u00e8ves d\u2019une \u00e9cole d\u2019\u00e9glise de Greeneville, au Tennessee, ainsi que de l\u2019adjointe \u00e0 l\u2019\u00e9vang\u00e9lisation d\u2019IIW, Maria Rayburn, et de Gabriella, sa fille de douze ans.<\/p>\n<p>Apr\u00e8s plusieurs mois de planification du voyage, les b\u00e9n\u00e9voles en \u00e9taient plus qu\u2019enthousiastes. Ils ont enfin pris l\u2019avion et, quatre heures plus tard, ils ont atterri en toute s\u00e9curit\u00e9 \u00e0 Liberia, au Costa Rica, avant de rapidement enlever leur pull! De Liberia, l\u2019\u00e9quipe s\u2019est rendue jusqu\u2019\u00e0 Las Juntas de Abangares, o\u00f9 des singes hurleurs l\u2019ont accueillie des arbres entourant leur h\u00f4tel.<\/p>\n<p>Puis le r\u00e9veil matinal est tr\u00e8s vite venu, gracieuset\u00e9 des roussettes \u00e0 l\u2019ext\u00e9rieur. Peu apr\u00e8s le petit d\u00e9jeuner, les \u00e9quipes ont commenc\u00e9 \u00e0 travailler sur le site de l\u2019\u00e9glise. Certains d\u00e9pla\u00e7aient de la terre pendant que d\u2019autres ratissaient pour l\u2019\u00e9tendre. Une fois la fondation mise \u00e0 niveau, la construction des murs a \u00e9t\u00e9 entam\u00e9e. Les travaux n\u00e9cessitaient un compacteur pour terminer les planchers, mais aucun n\u2019\u00e9tait disponible \u00e0 la location dans tout le pays. L\u2019\u00e9quipe s\u2019est donc mise \u00e0 prier. Le pasteur local se rendait dans une autre ville pour voir s\u2019il ne pouvait pas y trouver un compacteur lorsqu\u2019il en a vu un sur le terrain de quelqu\u2019un. Il s\u2019est arr\u00eat\u00e9 pour demander au propri\u00e9taire s\u2019il pourrait le lui louer. Et il a accept\u00e9!<\/p>\n<p>Il faisait tr\u00e8s chaud, la temp\u00e9rature d\u00e9passant g\u00e9n\u00e9ralement les 32\u00a0\u00b0C, et l\u2019\u00e9quipe \u00e9tait reconnaissante pour le quotidien repas du midi servi \u00e0 la maison de l\u2019ancien de l\u2019\u00e9glise. Sur son terrain, il y avait une petite hutte avec un toit d\u2019\u00e9tain qui servait d\u2019\u00e9glise locale. Les membres de cette \u00e9glise \u00e9taient, eux aussi, si reconnaissants pour le travail des b\u00e9n\u00e9voles missionnaires qui \u00e9taient en train de leur construire un vrai b\u00e2timent d\u2019\u00e9glise.<\/p>\n<p>Chaque soir, le groupe se s\u00e9parait en petits groupes pour faire de l\u2019\u00e9vang\u00e9lisation tout en maintenant une certaine distance physique. Maria a pu traduire les pr\u00e9sentations de l\u2019anglais \u00e0 l\u2019espagnol. Les \u00e9l\u00e8ves b\u00e9n\u00e9voles ont offert de courtes discussions sur la sant\u00e9, ont racont\u00e9 des histoires pour les enfants et ont partag\u00e9 une pr\u00e9dication qu\u2019ils ont \u00e9crite \u00e0 partir de leur \u00e9tude du livre <em>Vers J\u00e9sus<\/em>. Lors de l\u2019une des r\u00e9unions, quatre enfants ont r\u00e9pondu \u00e0 l\u2019appel d\u2019inviter J\u00e9sus dans leur vie et leur c\u0153ur.<\/p>\n<p>Durant le jour, une autre partie de l\u2019\u00e9quipe offrait des consultations m\u00e9dicales et optom\u00e9triques gratuites. Les missionnaires ont vu pr\u00e8s de 750\u00a0patients, distribu\u00e9 des centaines de paires de lunettes et aid\u00e9 beaucoup de gens \u00e0 soulager leurs douleurs articulaires et leurs autres probl\u00e8mes de sant\u00e9. Les patients ont re\u00e7u un <em>Vers J\u00e9sus<\/em> en espagnol ainsi qu\u2019une invitation aux r\u00e9unions du soir.<\/p>\n<p>Un soir, peu apr\u00e8s la r\u00e9union d\u2019\u00e9vang\u00e9lisation, une membre de l\u2019\u00e9glise est venue voir le Dr\u00a0Gordon Guild pour lui dire qu\u2019elle ne se sentait pas bien. Il l\u2019a examin\u00e9e et a cru qu\u2019elle avait possiblement subi un petit accident vasculaire c\u00e9r\u00e9bral (AVC). Lui et le reste de l\u2019\u00e9quipe ont pri\u00e9 pour elle ce soir-l\u00e0. Puis le lendemain matin, elle allait beaucoup mieux et \u00e9tait de retour dans la cuisine.<\/p>\n<p>Vers la fin du voyage, de la pluie avait \u00e9t\u00e9 annonc\u00e9e juste avant le coulage du plancher. Les \u00e9l\u00e8ves ont travaill\u00e9 dur pour compl\u00e9ter leur pr\u00e9paration avant que la pluie n\u2019entre, puis ils ont commenc\u00e9 \u00e0 prier. Le jour suivant, Dieu a retenu la pluie. Il a plu tout autour de l\u2019\u00e9quipe, mais pas sur le chantier, du moins jusqu\u2019\u00e0 ce que le plancher soit coul\u00e9 et les murs termin\u00e9s. Puis le ciel s\u2019est d\u00e9cha\u00een\u00e9. Et pendant que la pluie tombait, les b\u00e9n\u00e9voles r\u00e9fl\u00e9chissaient \u00e0 la puissance du Saint-Esprit, qui avait \u00e9galement \u00e9t\u00e9 d\u00e9vers\u00e9e durant leur s\u00e9jour au Costa Rica. Les gens qui avaient assist\u00e9 aux r\u00e9unions du soir avaient dor\u00e9navant un endroit o\u00f9 adorer, des douleurs avaient \u00e9t\u00e9 soulag\u00e9es, la vue avait \u00e9t\u00e9 rendue et des c\u0153urs avaient choisi la vie \u00e9ternelle. Voil\u00e0 un voyage missionnaire pour l\u2019\u00e9ternit\u00e9.<\/p>\n<p><em>La <a href=\"https:\/\/blog.itiswritten.com\/blog\/2021\/04\/22\/it-is-written-missions-miracles-answered-prayer-in-costa-rica\/\">version originale<\/a> de cet article a \u00e9t\u00e9 publi\u00e9e sur le <a href=\"https:\/\/blog.itiswritten.com\/\">blogue d\u2019It Is Written<\/a>.<\/em><\/p>\n<p>Traduction\u00a0: Marie-Mich\u00e8le Robitaille<\/p>\n","protected":false},"excerpt":{"rendered":"<p>Les r\u00e9sultats du premier voyage missionnaire d\u2019It Is Written apr\u00e8s la lev\u00e9e des restrictions li\u00e9es \u00e0 la pand\u00e9mie sont inspirants. Le 1er mai 2021 | Greeneville, Tennessee, \u00c9tats-Unis | Ellen&#8230;<\/p>\n","protected":false},"author":3,"featured_media":71429,"comment_status":"closed","ping_status":"closed","sticky":false,"template":"","format":"standard","meta":{"_acf_changed":false,"footnotes":""},"categories":[18,19],"tags":[],"class_list":["post-71438","post","type-post","status-publish","format-standard","has-post-thumbnail","hentry","category-nouvelles-de-leglise-mondiale","category-rss-francais"],"acf":[],"yoast_head":"<!-- This site is optimized with the Yoast SEO plugin v27.3 - https:\/\/yoast.com\/product\/yoast-seo-wordpress\/ -->\n<title>Nous avons vu Dieu agir au Costa Rica - \u00c9glise Adventiste Du Septieme Jour - Inter Am\u00e9rique Division<\/title>\n<meta name=\"robots\" content=\"index, follow, max-snippet:-1, max-image-preview:large, max-video-preview:-1\" \/>\n<link rel=\"canonical\" href=\"https:\/\/interamerica.org\/fr\/2021\/05\/nous-avons-vu-dieu-agir-au-costa-rica\/\" \/>\n<meta property=\"og:locale\" content=\"fr_FR\" \/>\n<meta property=\"og:type\" content=\"article\" \/>\n<meta property=\"og:title\" content=\"Nous avons vu Dieu agir au Costa Rica - \u00c9glise Adventiste Du Septieme Jour - Inter Am\u00e9rique Division\" \/>\n<meta property=\"og:description\" content=\"Les r\u00e9sultats du premier voyage missionnaire d\u2019It Is Written apr\u00e8s la lev\u00e9e des restrictions li\u00e9es \u00e0 la pand\u00e9mie sont inspirants. Le 1er mai 2021 | Greeneville, Tennessee, \u00c9tats-Unis | Ellen...\" \/>\n<meta property=\"og:url\" content=\"https:\/\/interamerica.org\/fr\/2021\/05\/nous-avons-vu-dieu-agir-au-costa-rica\/\" \/>\n<meta property=\"og:site_name\" content=\"\u00c9glise Adventiste Du Septieme Jour - Inter Am\u00e9rique Division\" \/>\n<meta property=\"article:published_time\" content=\"2021-05-02T17:44:32+00:00\" \/>\n<meta property=\"article:modified_time\" content=\"2021-05-03T22:06:05+00:00\" \/>\n<meta property=\"og:image\" content=\"https:\/\/interamerica.org\/wp-content\/uploads\/2021\/05\/we-saw-god-in-action-in-costa-rica1-1280.jpg\" \/>\n\t<meta property=\"og:image:width\" content=\"1280\" \/>\n\t<meta property=\"og:image:height\" content=\"800\" \/>\n\t<meta property=\"og:image:type\" content=\"image\/jpeg\" \/>\n<meta name=\"author\" content=\"libna\" \/>\n<meta name=\"twitter:card\" content=\"summary_large_image\" \/>\n<meta name=\"twitter:label1\" content=\"\u00c9crit par\" \/>\n\t<meta name=\"twitter:data1\" content=\"libna\" \/>\n\t<meta name=\"twitter:label2\" content=\"Dur\u00e9e de lecture estim\u00e9e\" \/>\n\t<meta name=\"twitter:data2\" content=\"4 minutes\" \/>\n<script type=\"application\/ld+json\" class=\"yoast-schema-graph\">{\"@context\":\"https:\\\/\\\/schema.org\",\"@graph\":[{\"@type\":\"Article\",\"@id\":\"https:\\\/\\\/interamerica.org\\\/fr\\\/2021\\\/05\\\/nous-avons-vu-dieu-agir-au-costa-rica\\\/#article\",\"isPartOf\":{\"@id\":\"https:\\\/\\\/interamerica.org\\\/fr\\\/2021\\\/05\\\/nous-avons-vu-dieu-agir-au-costa-rica\\\/\"},\"author\":{\"name\":\"libna\",\"@id\":\"https:\\\/\\\/interamerica.org\\\/fr\\\/#\\\/schema\\\/person\\\/29998f2bc2d8bd0d38662909289b54f1\"},\"headline\":\"Nous avons vu Dieu agir au Costa Rica\",\"datePublished\":\"2021-05-02T17:44:32+00:00\",\"dateModified\":\"2021-05-03T22:06:05+00:00\",\"mainEntityOfPage\":{\"@id\":\"https:\\\/\\\/interamerica.org\\\/fr\\\/2021\\\/05\\\/nous-avons-vu-dieu-agir-au-costa-rica\\\/\"},\"wordCount\":895,\"image\":{\"@id\":\"https:\\\/\\\/interamerica.org\\\/fr\\\/2021\\\/05\\\/nous-avons-vu-dieu-agir-au-costa-rica\\\/#primaryimage\"},\"thumbnailUrl\":\"https:\\\/\\\/interamerica.org\\\/wp-content\\\/uploads\\\/2021\\\/05\\\/we-saw-god-in-action-in-costa-rica1-1280.jpg\",\"articleSection\":[\"Nouvelles de l'\u00c9glise mondiale\",\"RSS Fran\u00e7ais\"],\"inLanguage\":\"fr-FR\"},{\"@type\":\"WebPage\",\"@id\":\"https:\\\/\\\/interamerica.org\\\/fr\\\/2021\\\/05\\\/nous-avons-vu-dieu-agir-au-costa-rica\\\/\",\"url\":\"https:\\\/\\\/interamerica.org\\\/fr\\\/2021\\\/05\\\/nous-avons-vu-dieu-agir-au-costa-rica\\\/\",\"name\":\"Nous avons vu Dieu agir au Costa Rica - \u00c9glise Adventiste Du Septieme Jour - Inter Am\u00e9rique Division\",\"isPartOf\":{\"@id\":\"https:\\\/\\\/interamerica.org\\\/fr\\\/#website\"},\"primaryImageOfPage\":{\"@id\":\"https:\\\/\\\/interamerica.org\\\/fr\\\/2021\\\/05\\\/nous-avons-vu-dieu-agir-au-costa-rica\\\/#primaryimage\"},\"image\":{\"@id\":\"https:\\\/\\\/interamerica.org\\\/fr\\\/2021\\\/05\\\/nous-avons-vu-dieu-agir-au-costa-rica\\\/#primaryimage\"},\"thumbnailUrl\":\"https:\\\/\\\/interamerica.org\\\/wp-content\\\/uploads\\\/2021\\\/05\\\/we-saw-god-in-action-in-costa-rica1-1280.jpg\",\"datePublished\":\"2021-05-02T17:44:32+00:00\",\"dateModified\":\"2021-05-03T22:06:05+00:00\",\"author\":{\"@id\":\"https:\\\/\\\/interamerica.org\\\/fr\\\/#\\\/schema\\\/person\\\/29998f2bc2d8bd0d38662909289b54f1\"},\"breadcrumb\":{\"@id\":\"https:\\\/\\\/interamerica.org\\\/fr\\\/2021\\\/05\\\/nous-avons-vu-dieu-agir-au-costa-rica\\\/#breadcrumb\"},\"inLanguage\":\"fr-FR\",\"potentialAction\":[{\"@type\":\"ReadAction\",\"target\":[\"https:\\\/\\\/interamerica.org\\\/fr\\\/2021\\\/05\\\/nous-avons-vu-dieu-agir-au-costa-rica\\\/\"]}]},{\"@type\":\"ImageObject\",\"inLanguage\":\"fr-FR\",\"@id\":\"https:\\\/\\\/interamerica.org\\\/fr\\\/2021\\\/05\\\/nous-avons-vu-dieu-agir-au-costa-rica\\\/#primaryimage\",\"url\":\"https:\\\/\\\/interamerica.org\\\/wp-content\\\/uploads\\\/2021\\\/05\\\/we-saw-god-in-action-in-costa-rica1-1280.jpg\",\"contentUrl\":\"https:\\\/\\\/interamerica.org\\\/wp-content\\\/uploads\\\/2021\\\/05\\\/we-saw-god-in-action-in-costa-rica1-1280.jpg\",\"width\":1280,\"height\":800},{\"@type\":\"BreadcrumbList\",\"@id\":\"https:\\\/\\\/interamerica.org\\\/fr\\\/2021\\\/05\\\/nous-avons-vu-dieu-agir-au-costa-rica\\\/#breadcrumb\",\"itemListElement\":[{\"@type\":\"ListItem\",\"position\":1,\"name\":\"Home\",\"item\":\"https:\\\/\\\/interamerica.org\\\/fr\\\/\"},{\"@type\":\"ListItem\",\"position\":2,\"name\":\"Nous avons vu Dieu agir au Costa Rica\"}]},{\"@type\":\"WebSite\",\"@id\":\"https:\\\/\\\/interamerica.org\\\/fr\\\/#website\",\"url\":\"https:\\\/\\\/interamerica.org\\\/fr\\\/\",\"name\":\"\u00c9glise Adventiste Du Septieme Jour - Inter Am\u00e9rique Division\",\"description\":\"\",\"potentialAction\":[{\"@type\":\"SearchAction\",\"target\":{\"@type\":\"EntryPoint\",\"urlTemplate\":\"https:\\\/\\\/interamerica.org\\\/fr\\\/?s={search_term_string}\"},\"query-input\":{\"@type\":\"PropertyValueSpecification\",\"valueRequired\":true,\"valueName\":\"search_term_string\"}}],\"inLanguage\":\"fr-FR\"},{\"@type\":\"Person\",\"@id\":\"https:\\\/\\\/interamerica.org\\\/fr\\\/#\\\/schema\\\/person\\\/29998f2bc2d8bd0d38662909289b54f1\",\"name\":\"libna\",\"image\":{\"@type\":\"ImageObject\",\"inLanguage\":\"fr-FR\",\"@id\":\"https:\\\/\\\/secure.gravatar.com\\\/avatar\\\/7c5bd30ae4b47a9ba3c856590957fd1d96dc588bf3ac05719d247e126840331f?s=96&d=mm&r=g\",\"url\":\"https:\\\/\\\/secure.gravatar.com\\\/avatar\\\/7c5bd30ae4b47a9ba3c856590957fd1d96dc588bf3ac05719d247e126840331f?s=96&d=mm&r=g\",\"contentUrl\":\"https:\\\/\\\/secure.gravatar.com\\\/avatar\\\/7c5bd30ae4b47a9ba3c856590957fd1d96dc588bf3ac05719d247e126840331f?s=96&d=mm&r=g\",\"caption\":\"libna\"}}]}<\/script>\n<!-- \/ Yoast SEO plugin. -->","yoast_head_json":{"title":"Nous avons vu Dieu agir au Costa Rica - \u00c9glise Adventiste Du Septieme Jour - Inter Am\u00e9rique Division","robots":{"index":"index","follow":"follow","max-snippet":"max-snippet:-1","max-image-preview":"max-image-preview:large","max-video-preview":"max-video-preview:-1"},"canonical":"https:\/\/interamerica.org\/fr\/2021\/05\/nous-avons-vu-dieu-agir-au-costa-rica\/","og_locale":"fr_FR","og_type":"article","og_title":"Nous avons vu Dieu agir au Costa Rica - \u00c9glise Adventiste Du Septieme Jour - Inter Am\u00e9rique Division","og_description":"Les r\u00e9sultats du premier voyage missionnaire d\u2019It Is Written apr\u00e8s la lev\u00e9e des restrictions li\u00e9es \u00e0 la pand\u00e9mie sont inspirants. Le 1er mai 2021 | Greeneville, Tennessee, \u00c9tats-Unis | Ellen...","og_url":"https:\/\/interamerica.org\/fr\/2021\/05\/nous-avons-vu-dieu-agir-au-costa-rica\/","og_site_name":"\u00c9glise Adventiste Du Septieme Jour - Inter Am\u00e9rique Division","article_published_time":"2021-05-02T17:44:32+00:00","article_modified_time":"2021-05-03T22:06:05+00:00","og_image":[{"width":1280,"height":800,"url":"https:\/\/interamerica.org\/wp-content\/uploads\/2021\/05\/we-saw-god-in-action-in-costa-rica1-1280.jpg","type":"image\/jpeg"}],"author":"libna","twitter_card":"summary_large_image","twitter_misc":{"\u00c9crit par":"libna","Dur\u00e9e de lecture estim\u00e9e":"4 minutes"},"schema":{"@context":"https:\/\/schema.org","@graph":[{"@type":"Article","@id":"https:\/\/interamerica.org\/fr\/2021\/05\/nous-avons-vu-dieu-agir-au-costa-rica\/#article","isPartOf":{"@id":"https:\/\/interamerica.org\/fr\/2021\/05\/nous-avons-vu-dieu-agir-au-costa-rica\/"},"author":{"name":"libna","@id":"https:\/\/interamerica.org\/fr\/#\/schema\/person\/29998f2bc2d8bd0d38662909289b54f1"},"headline":"Nous avons vu Dieu agir au Costa Rica","datePublished":"2021-05-02T17:44:32+00:00","dateModified":"2021-05-03T22:06:05+00:00","mainEntityOfPage":{"@id":"https:\/\/interamerica.org\/fr\/2021\/05\/nous-avons-vu-dieu-agir-au-costa-rica\/"},"wordCount":895,"image":{"@id":"https:\/\/interamerica.org\/fr\/2021\/05\/nous-avons-vu-dieu-agir-au-costa-rica\/#primaryimage"},"thumbnailUrl":"https:\/\/interamerica.org\/wp-content\/uploads\/2021\/05\/we-saw-god-in-action-in-costa-rica1-1280.jpg","articleSection":["Nouvelles de l'\u00c9glise mondiale","RSS Fran\u00e7ais"],"inLanguage":"fr-FR"},{"@type":"WebPage","@id":"https:\/\/interamerica.org\/fr\/2021\/05\/nous-avons-vu-dieu-agir-au-costa-rica\/","url":"https:\/\/interamerica.org\/fr\/2021\/05\/nous-avons-vu-dieu-agir-au-costa-rica\/","name":"Nous avons vu Dieu agir au Costa Rica - \u00c9glise Adventiste Du Septieme Jour - Inter Am\u00e9rique Division","isPartOf":{"@id":"https:\/\/interamerica.org\/fr\/#website"},"primaryImageOfPage":{"@id":"https:\/\/interamerica.org\/fr\/2021\/05\/nous-avons-vu-dieu-agir-au-costa-rica\/#primaryimage"},"image":{"@id":"https:\/\/interamerica.org\/fr\/2021\/05\/nous-avons-vu-dieu-agir-au-costa-rica\/#primaryimage"},"thumbnailUrl":"https:\/\/interamerica.org\/wp-content\/uploads\/2021\/05\/we-saw-god-in-action-in-costa-rica1-1280.jpg","datePublished":"2021-05-02T17:44:32+00:00","dateModified":"2021-05-03T22:06:05+00:00","author":{"@id":"https:\/\/interamerica.org\/fr\/#\/schema\/person\/29998f2bc2d8bd0d38662909289b54f1"},"breadcrumb":{"@id":"https:\/\/interamerica.org\/fr\/2021\/05\/nous-avons-vu-dieu-agir-au-costa-rica\/#breadcrumb"},"inLanguage":"fr-FR","potentialAction":[{"@type":"ReadAction","target":["https:\/\/interamerica.org\/fr\/2021\/05\/nous-avons-vu-dieu-agir-au-costa-rica\/"]}]},{"@type":"ImageObject","inLanguage":"fr-FR","@id":"https:\/\/interamerica.org\/fr\/2021\/05\/nous-avons-vu-dieu-agir-au-costa-rica\/#primaryimage","url":"https:\/\/interamerica.org\/wp-content\/uploads\/2021\/05\/we-saw-god-in-action-in-costa-rica1-1280.jpg","contentUrl":"https:\/\/interamerica.org\/wp-content\/uploads\/2021\/05\/we-saw-god-in-action-in-costa-rica1-1280.jpg","width":1280,"height":800},{"@type":"BreadcrumbList","@id":"https:\/\/interamerica.org\/fr\/2021\/05\/nous-avons-vu-dieu-agir-au-costa-rica\/#breadcrumb","itemListElement":[{"@type":"ListItem","position":1,"name":"Home","item":"https:\/\/interamerica.org\/fr\/"},{"@type":"ListItem","position":2,"name":"Nous avons vu Dieu agir au Costa Rica"}]},{"@type":"WebSite","@id":"https:\/\/interamerica.org\/fr\/#website","url":"https:\/\/interamerica.org\/fr\/","name":"\u00c9glise Adventiste Du Septieme Jour - Inter Am\u00e9rique Division","description":"","potentialAction":[{"@type":"SearchAction","target":{"@type":"EntryPoint","urlTemplate":"https:\/\/interamerica.org\/fr\/?s={search_term_string}"},"query-input":{"@type":"PropertyValueSpecification","valueRequired":true,"valueName":"search_term_string"}}],"inLanguage":"fr-FR"},{"@type":"Person","@id":"https:\/\/interamerica.org\/fr\/#\/schema\/person\/29998f2bc2d8bd0d38662909289b54f1","name":"libna","image":{"@type":"ImageObject","inLanguage":"fr-FR","@id":"https:\/\/secure.gravatar.com\/avatar\/7c5bd30ae4b47a9ba3c856590957fd1d96dc588bf3ac05719d247e126840331f?s=96&d=mm&r=g","url":"https:\/\/secure.gravatar.com\/avatar\/7c5bd30ae4b47a9ba3c856590957fd1d96dc588bf3ac05719d247e126840331f?s=96&d=mm&r=g","contentUrl":"https:\/\/secure.gravatar.com\/avatar\/7c5bd30ae4b47a9ba3c856590957fd1d96dc588bf3ac05719d247e126840331f?s=96&d=mm&r=g","caption":"libna"}}]}},"_links":{"self":[{"href":"https:\/\/interamerica.org\/fr\/wp-json\/wp\/v2\/posts\/71438","targetHints":{"allow":["GET"]}}],"collection":[{"href":"https:\/\/interamerica.org\/fr\/wp-json\/wp\/v2\/posts"}],"about":[{"href":"https:\/\/interamerica.org\/fr\/wp-json\/wp\/v2\/types\/post"}],"author":[{"embeddable":true,"href":"https:\/\/interamerica.org\/fr\/wp-json\/wp\/v2\/users\/3"}],"replies":[{"embeddable":true,"href":"https:\/\/interamerica.org\/fr\/wp-json\/wp\/v2\/comments?post=71438"}],"version-history":[{"count":0,"href":"https:\/\/interamerica.org\/fr\/wp-json\/wp\/v2\/posts\/71438\/revisions"}],"wp:featuredmedia":[{"embeddable":true,"href":"https:\/\/interamerica.org\/fr\/wp-json\/wp\/v2\/media\/71429"}],"wp:attachment":[{"href":"https:\/\/interamerica.org\/fr\/wp-json\/wp\/v2\/media?parent=71438"}],"wp:term":[{"taxonomy":"category","embeddable":true,"href":"https:\/\/interamerica.org\/fr\/wp-json\/wp\/v2\/categories?post=71438"},{"taxonomy":"post_tag","embeddable":true,"href":"https:\/\/interamerica.org\/fr\/wp-json\/wp\/v2\/tags?post=71438"}],"curies":[{"name":"wp","href":"https:\/\/api.w.org\/{rel}","templated":true}]}}