{"id":71480,"date":"2021-05-03T19:06:07","date_gmt":"2021-05-03T23:06:07","guid":{"rendered":"https:\/\/recursing-golick.147-182-135-0.plesk.page\/?p=71480"},"modified":"2021-05-04T14:20:14","modified_gmt":"2021-05-04T18:20:14","slug":"les-dirigeants-de-leglise-en-inter-amerique-sengagent-a-intensifier-les-efforts-devangelisation-comme-jamais-auparavant","status":"publish","type":"post","link":"https:\/\/interamerica.org\/fr\/2021\/05\/les-dirigeants-de-leglise-en-inter-amerique-sengagent-a-intensifier-les-efforts-devangelisation-comme-jamais-auparavant\/","title":{"rendered":"Les dirigeants de l\u2019\u00c9glise en Inter Am\u00e9rique s\u2019engagent \u00e0 intensifier les efforts d\u2019\u00e9vang\u00e9lisation comme jamais auparavant"},"content":{"rendered":"<p>3 Mai 2021 | Miami, Floride, \u00c9tats-Unis | Libna Stevens, P\u00f4le Informations de la Division Inter Am\u00e9ricaine<\/p>\n<p>L\u2019\u00e9vang\u00e9lisation continuera d\u2019\u00eatre une priorit\u00e9 absolue pour l\u2019\u00c9glise adventiste du septi\u00e8me jour dans toute la Division Inter Am\u00e9ricaine (DIA), tout comme elle l\u2019a \u00e9t\u00e9 pendant pr\u00e8s de 100 ans depuis que l\u2019\u00e9glise a \u00e9t\u00e9 \u00e9tablie. Le renouvellement de l\u2019engagement \u00e0 proclamer l\u2019\u00e9vangile \u00e0 tous les groupes de populations dans les communaut\u00e9s urbaines et rurales est intervenu alors que les dirigeants de l\u2019\u00c9glise s\u2019engageaient \u00e0 intensifier les efforts d\u2019\u00e9vang\u00e9lisation dans la vie de l\u2019\u00c9glise au cours des cinq prochaines ann\u00e9es alors que le Comit\u00e9 Ex\u00e9cutif de Milieu d\u2019Ann\u00e9e de l\u2019Inter Am\u00e9rique achevait ses rencontres administratives la semaine derni\u00e8re.<\/p>\n<p>\u00ab Dieu a soutenu cette \u00e9glise en Inter Am\u00e9rique au fil des ann\u00e9es et nous devons continuer \u00e0 mettre l\u2019accent sur l\u2019amour et l\u2019esp\u00e9rance qui se trouvent en Christ, alors que nous avan\u00e7ons dans l\u2019accomplissement de sa mission ici dans notre territoire, \u00bb a d\u00e9clar\u00e9 pasteur Elie Henry, pr\u00e9sident de l\u2019\u00c9glise adventiste en Inter Am\u00e9rique.<\/p>\n<p><strong>S\u2019Engager avec \u00ab I Will Go \u00bb <\/strong><\/p>\n<p>Pasteur Henry a encourag\u00e9 les dirigeants de l\u2019\u00c9glise \u00e0 s\u2019engager pleinement \u00e0 s\u2019assurer que tous les dirigeants et tous les membres dans chaque r\u00e9gion s\u2019impliquent dans les initiatives et activit\u00e9s missionnaires de <a href=\"https:\/\/recursing-golick.147-182-135-0.plesk.page\/project\/i-will-go-strategic-plan-2020-2025\/\">I Will Go<\/a> (J\u2019Irai). <em>I Will Go<\/em>, (J\u2019Irai), qui est en place depuis novembre, met l\u2019emphase sur la consolidation de l\u2019\u00e9vang\u00e9lisation, de l\u2019\u00e9ducation et du service \u00e0 la communaut\u00e9.<\/p>\n<p><div id=\"attachment_71453\" style=\"width: 833px\" class=\"wp-caption aligncenter\"><img fetchpriority=\"high\" decoding=\"async\" aria-describedby=\"caption-attachment-71453\" class=\" wp-image-71453\" src=\"https:\/\/recursing-golick.147-182-135-0.plesk.page\/wp-content\/uploads\/2021\/05\/elie-henry-mym21-apr29.jpg\" alt=\"\" width=\"823\" height=\"516\" srcset=\"https:\/\/interamerica.org\/wp-content\/uploads\/2021\/05\/elie-henry-mym21-apr29.jpg 1000w, https:\/\/interamerica.org\/wp-content\/uploads\/2021\/05\/elie-henry-mym21-apr29-300x188.jpg 300w, https:\/\/interamerica.org\/wp-content\/uploads\/2021\/05\/elie-henry-mym21-apr29-768x482.jpg 768w\" sizes=\"(max-width: 823px) 100vw, 823px\" \/><p id=\"caption-attachment-71453\" class=\"wp-caption-text\">Le pr\u00e9sident de la DIA, pasteur Elie Henry, encourage les principaux dirigeants de l\u2019\u00c9glise \u00e0 intensifier les efforts d\u2019\u00e9vang\u00e9lisation \u00e0 travers le plan missionnaire \u00ab I Will Go \u00bb (J\u2019Irai) au cours des quatre prochaines ann\u00e9es dans l\u2019ensemble du territoire, le 29 avril 2021 [Photo : Libna Stevens \/ DIA]<\/p><\/div>\u00ab Nous devons marcher dans l\u2019humilit\u00e9 et avec responsabilit\u00e9, avec une grande d\u00e9termination \u00e0 pr\u00eacher que J\u00e9sus vient tr\u00e8s bient\u00f4t, \u00bb a-t-il dit. Le rappel est intervenu au moment o\u00f9 le pasteur Henry parlait des principales d\u00e9cisions importantes prises qui am\u00e8neront une nouvelle \u00e9quipe de dizaines de responsables de d\u00e9partement de la DIA, d\u2019administrateurs d\u2019institutions de la division et d\u2019administrateurs d\u2019union-mission, \u00e0 accomplir la mission jusqu\u2019en 2025.<\/p>\n<p>Pasteur Henry a clarifi\u00e9 le fait que l\u2019\u00c9glise adventiste en Inter Am\u00e9rique ait pris la d\u00e9cision d\u2019\u00e9lire ses principaux dirigeants en avril \u00e9tant donn\u00e9 que la Session de la Conf\u00e9rence G\u00e9n\u00e9rale de l\u2019\u00e9glise a \u00e9t\u00e9 report\u00e9e \u00e0 plusieurs reprises \u00e0 cause de la pand\u00e9mie. Le Comit\u00e9 Ex\u00e9cutif de la Conf\u00e9rence G\u00e9n\u00e9rale a r\u00e9cemment autoris\u00e9 les divisions mondiales \u00e0 nommer les administrateurs, les secr\u00e9taires itin\u00e9rants, les directeurs de d\u00e9partement ainsi que les administrateurs d\u2019union mission.<\/p>\n<p>\u00ab Merci pour votre engagement, merci d\u2019avoir vou\u00e9 toute votre vie au service du Seigneur, \u00bb a dit pasteur Henry alors qu\u2019il s\u2019adressait aux dirigeants qui prendront leur retraite du service actif dans les jours \u00e0 venir. \u00ab L\u2019\u00e9glise doit avancer sans s\u2019arr\u00eater, \u00bb a d\u00e9clar\u00e9 pasteur Henry. Il a invit\u00e9 les dirigeants et les membres \u00e0 tous les niveaux de l\u2019\u00c9glise \u00e0 prier pour la direction divine afin d\u2019achever l\u2019\u0153uvre \u00e0 accomplir.<\/p>\n<p><strong>Mission aupr\u00e8s des classes sup\u00e9rieures <\/strong><\/p>\n<p>Les membres du comit\u00e9 ex\u00e9cutif ont vot\u00e9 d\u2019\u00e9tablir un comit\u00e9 sp\u00e9cial qui coordonnera un programme destin\u00e9 \u00e0 \u00e9vang\u00e9liser la classe sup\u00e9rieure en commen\u00e7ant au niveau de la division en collaboration avec chaque union et chaque champ local du territoire. \u00ab Le Comit\u00e9 pour la Mission aupr\u00e8s de la Classe Sup\u00e9rieure \u00bb apportera des concepts, des orientations, des conseils, une m\u00e9thodologie, des ressources et une formation aux champs pour une mise en \u0153uvre r\u00e9ussie de la mission, \u00bb dit la d\u00e9claration vot\u00e9e. Le r\u00f4le du comit\u00e9 comprend l\u2019\u00e9tablissement d&rsquo;objectifs \u00e9vang\u00e9liques sp\u00e9cifiques pour atteindre la classe sup\u00e9rieure, de d\u00e9terminer des initiatives sp\u00e9cifiques et les groupes cibles correspondants, esquisser des strat\u00e9gies visant \u00e0 \u00e9quiper les personnes devant ex\u00e9cuter les initiatives, l\u2019\u00e9valuation et les fonctions sp\u00e9cifiques de toutes les personnes impliqu\u00e9es.<\/p>\n<p><div id=\"attachment_71450\" style=\"width: 816px\" class=\"wp-caption aligncenter\"><img decoding=\"async\" aria-describedby=\"caption-attachment-71450\" class=\" wp-image-71450\" src=\"https:\/\/recursing-golick.147-182-135-0.plesk.page\/wp-content\/uploads\/2021\/05\/mym21-screen-leaders-apr-29.jpg\" alt=\"\" width=\"806\" height=\"526\" srcset=\"https:\/\/interamerica.org\/wp-content\/uploads\/2021\/05\/mym21-screen-leaders-apr-29.jpg 1000w, https:\/\/interamerica.org\/wp-content\/uploads\/2021\/05\/mym21-screen-leaders-apr-29-300x196.jpg 300w, https:\/\/interamerica.org\/wp-content\/uploads\/2021\/05\/mym21-screen-leaders-apr-29-768x502.jpg 768w\" sizes=\"(max-width: 806px) 100vw, 806px\" \/><p id=\"caption-attachment-71450\" class=\"wp-caption-text\">Les membres du Comit\u00e9 Ex\u00e9cutif prennent part aux r\u00e9unions par vid\u00e9oconf\u00e9rence zoom lors de la derni\u00e8re journ\u00e9e des rencontres de Milieu d\u2019Ann\u00e9e le 29 avril 2021 dans la salle de conf\u00e9rence du pr\u00e9sident \u00e0 Miami, en Floride, aux \u00c9tats-Unis. [Photo : Libna Stevens \/ DIA]<\/p><\/div>\u00ab L\u2019\u00c9glise adventiste dans la Division Inter Am\u00e9ricaine n\u2019a pas encore r\u00e9ussi \u00e0 proclamer l\u2019\u00e9vangile avec succ\u00e8s \u00e0 la classe sup\u00e9rieure, \u00bb a d\u00e9clar\u00e9 pasteur Balvin Braham, vice-pr\u00e9sident de l\u2019\u00c9glise adventiste en Inter Am\u00e9rique et charg\u00e9 de superviser l\u2019\u00e9vang\u00e9lisation. \u00ab Nous devons \u00eatre plus d\u00e9termin\u00e9s pour atteindre la classe sup\u00e9rieure, \u00bb a-t-il ajout\u00e9. Il y a des ressources permettant d\u2019atteindre, et la capacit\u00e9 de sauver, de garder et de faire des disciples des personnes de la classe sup\u00e9rieure, a-t-il expliqu\u00e9. \u00ab Nous devons le faire avec un sentiment d\u2019urgence. \u00bb<\/p>\n<p>Le pasteur Henry a appel\u00e9 les principaux dirigeants \u00e0 mettre l\u2019emphase sur ce besoin dans leur territoire. \u00ab Comprendre cette \u00e9vang\u00e9lisation de la classe sup\u00e9rieure ne sera pas facile, \u00bb a-t-il d\u00e9clar\u00e9. \u00ab On n\u2019obtient pas des r\u00e9sultats aussi rapidement qu\u2019habituellement, et cela peut nous demander beaucoup plus de ressources. \u00bb<\/p>\n<p>Le Comit\u00e9 pour la Mission aupr\u00e8s de la Classe Sup\u00e9rieure commencera son action lors d\u2019une conf\u00e9rence d\u2019\u00e9vang\u00e9lisation en ligne via zoom du 7 au 9 mai 2021. Les dirigeants ont vot\u00e9 d\u2019organiser le programme en ligne pour 2000 \u00e9vang\u00e9listes pastoraux et 1000 \u00e9vang\u00e9listes la\u00efcs de tout le territoire. La conf\u00e9rence aidera les \u00e9vang\u00e9listes pastoraux et la\u00efcs \u00e0 perfectionner leurs comp\u00e9tences en mati\u00e8re d\u2019\u00e9vang\u00e9lisation et de pr\u00e9dication, et les motivera \u00e0 optimiser leur potentiel pour gagner des \u00e2mes, et mettra en lumi\u00e8re l\u2019utilisation efficace des m\u00e9thodes et des ressources utilis\u00e9es pour l\u2019\u00e9vang\u00e9lisation.<\/p>\n<p><strong>C\u00e9l\u00e9bration du centenaire de la DIA <\/strong><\/p>\n<p>Une s\u00e9rie d\u2019initiatives et d\u2019activit\u00e9s pour 2022 ont \u00e9t\u00e9 approuv\u00e9es pour la c\u00e9l\u00e9bration du100\u00e8me anniversaire de la DIA, qui a \u00e9t\u00e9 officiellement cr\u00e9\u00e9e le 11 mai 1922.<\/p>\n<p><div id=\"attachment_71447\" style=\"width: 812px\" class=\"wp-caption aligncenter\"><img decoding=\"async\" aria-describedby=\"caption-attachment-71447\" class=\" wp-image-71447\" src=\"https:\/\/recursing-golick.147-182-135-0.plesk.page\/wp-content\/uploads\/2021\/05\/iad-administrators-apr29-mym21.jpg\" alt=\"\" width=\"802\" height=\"501\" srcset=\"https:\/\/interamerica.org\/wp-content\/uploads\/2021\/05\/iad-administrators-apr29-mym21.jpg 1000w, https:\/\/interamerica.org\/wp-content\/uploads\/2021\/05\/iad-administrators-apr29-mym21-300x188.jpg 300w, https:\/\/interamerica.org\/wp-content\/uploads\/2021\/05\/iad-administrators-apr29-mym21-768x480.jpg 768w\" sizes=\"(max-width: 802px) 100vw, 802px\" \/><p id=\"caption-attachment-71447\" class=\"wp-caption-text\">Pasteur Leonard Johnson, secr\u00e9taire ex\u00e9cutif de l\u2019\u00c9glise adventiste en Inter Am\u00e9rique, pr\u00e9sente quelques points \u00e0 l\u2019ordre du jour lors des rencontres de Milieu d\u2019Ann\u00e9e du Comit\u00e9 Ex\u00e9cutif qui se sont termin\u00e9es le 29 avril 2021. [Photo : Libna Stevens \/ DIA]<\/p><\/div>\u00ab Nous voulons c\u00e9l\u00e9brer la providence de Dieu et affirmer nos valeurs en Inter Am\u00e9rique, \u00bb a d\u00e9clar\u00e9 Balvin Braham, qui supervise le programme de c\u00e9l\u00e9bration. L\u2019id\u00e9e de la c\u00e9l\u00e9bration au cours de l\u2019ann\u00e9e ne consiste pas \u00e0 cr\u00e9er de nouveaux programmes mais \u00e0 se concentrer sur les programmes missionnaires qui sont d\u00e9j\u00e0 en place dans le plan de mission strat\u00e9gique <em>I Will Go<\/em> (J\u2019Irai), a-t-il expliqu\u00e9. \u00ab Mettre en \u0153uvre et souligner ces valeurs fondamentales dynamiseront cette c\u00e9l\u00e9bration alors que nous allons de l\u2019avant en remerciant Dieu pour la fa\u00e7on dont il a dirig\u00e9 cette \u00e9glise, \u00bb a dit Balvin Braham.<\/p>\n<p>La c\u00e9l\u00e9bration du centenaire sera officiellement lanc\u00e9e lors des rencontres de fin d\u2019ann\u00e9e du comit\u00e9 ex\u00e9cutif le 30 octobre 2021. Le lancement sera suivi d\u2019un service de cons\u00e9cration impliquant des sites sp\u00e9cifiques dans les 24 unions de l\u2019Inter Am\u00e9rique le 8 janvier 2022, pour continuer les activit\u00e9s de c\u00e9l\u00e9bration mettant l\u2019accent sur l\u2019\u00e9vang\u00e9lisation, l\u2019\u00e9ducation et le service \u00e0 la communaut\u00e9 \u00e0 travers le territoire.<\/p>\n<p>Les dirigeants ont \u00e9galement examin\u00e9 des <a href=\"https:\/\/recursing-golick.147-182-135-0.plesk.page\/2021\/04\/adventist-education-helps-students-join-and-remain-in-the-church-studies-show\/\">donn\u00e9es sur le r\u00f4le de l\u2019\u00e9ducation adventiste<\/a>, ont consid\u00e9r\u00e9 des mises \u00e0 jour d\u2019articles sur l\u2019\u00c9glise en Inter Am\u00e9rique dans l\u2019Encyclop\u00e9die des adventistes du septi\u00e8me jour, ont vot\u00e9 des amendements \u00e0 plusieurs r\u00e8glements, et vot\u00e9 aussi d\u2019autoriser un comit\u00e9 d\u00e9sign\u00e9 d\u2019intervention en cas de catastrophe de g\u00e9rer les fonds d\u2019intervention rapide pour les membres d\u2019\u00e9glise en cas de crise en tous lieux du territoire.<\/p>\n<p>De plus, les membres du comit\u00e9 ont vot\u00e9 sur le livre missionnaire de l\u2019ann\u00e9e pour 2022: The <em>Great Controversy 2.0<\/em> (La Trag\u00e9die des Si\u00e8cles 2.0) \u00e9crit par Ellen G. White, co-fondatrice de l\u2019\u00c9glise adventiste du septi\u00e8me jour.<\/p>\n<p>Il a \u00e9t\u00e9 rappel\u00e9 aux membres du comit\u00e9 le prochain <a href=\"https:\/\/www.campmeeting.com\/\">Camp Meeting Mondial Adventiste Virtuel<\/a> qui doit avoir lieu du 19 au 23 mai 2021.<\/p>\n<p>Des r\u00e9unions autoris\u00e9es ainsi qu\u2019un calendrier des journ\u00e9es sp\u00e9ciales et des programmes pour le territoire de la DIA ont \u00e9t\u00e9 propos\u00e9s et devraient \u00eatre soumis au vote lors d\u2019une r\u00e9union sp\u00e9ciale du comit\u00e9 ex\u00e9cutif le 1er juillet 2021.<\/p>\n<p>Les dirigeants ont \u00e9galement vot\u00e9 la tenue d\u2019un Congr\u00e8s Virtuel sur la Gestion Chr\u00e9tienne le 14 ao\u00fbt 2021.<\/p>\n<p>Pour en savoir plus sur les initiatives et les activit\u00e9s de l\u2019Inter Am\u00e9rique au cours des semaines et des mois \u00e0 venir, visitez-nous sur <a href=\"https:\/\/recursing-golick.147-182-135-0.plesk.page\/\">interamerica.org<\/a><\/p>\n<p>&nbsp;<\/p>\n<p>Traduction: Patrick Luciathe<\/p>\n","protected":false},"excerpt":{"rendered":"<p>3 Mai 2021 | Miami, Floride, \u00c9tats-Unis | Libna Stevens, P\u00f4le Informations de la Division Inter Am\u00e9ricaine L\u2019\u00e9vang\u00e9lisation continuera d\u2019\u00eatre une priorit\u00e9 absolue pour l\u2019\u00c9glise adventiste du septi\u00e8me jour dans&#8230;<\/p>\n","protected":false},"author":3,"featured_media":71456,"comment_status":"closed","ping_status":"closed","sticky":false,"template":"","format":"standard","meta":{"_acf_changed":false,"footnotes":""},"categories":[20,19],"tags":[],"class_list":["post-71480","post","type-post","status-publish","format-standard","has-post-thumbnail","hentry","category-nouvelles-du-siege-de-la-division","category-rss-francais"],"acf":[],"yoast_head":"<!-- This site is optimized with the Yoast SEO plugin v27.3 - https:\/\/yoast.com\/product\/yoast-seo-wordpress\/ -->\n<title>Les dirigeants de l\u2019\u00c9glise en Inter Am\u00e9rique s\u2019engagent \u00e0 intensifier les efforts d\u2019\u00e9vang\u00e9lisation comme jamais auparavant - \u00c9glise Adventiste Du Septieme Jour - Inter Am\u00e9rique Division<\/title>\n<meta name=\"robots\" content=\"index, follow, max-snippet:-1, max-image-preview:large, max-video-preview:-1\" \/>\n<link rel=\"canonical\" href=\"https:\/\/interamerica.org\/fr\/2021\/05\/les-dirigeants-de-leglise-en-inter-amerique-sengagent-a-intensifier-les-efforts-devangelisation-comme-jamais-auparavant\/\" \/>\n<meta property=\"og:locale\" content=\"fr_FR\" \/>\n<meta property=\"og:type\" content=\"article\" \/>\n<meta property=\"og:title\" content=\"Les dirigeants de l\u2019\u00c9glise en Inter Am\u00e9rique s\u2019engagent \u00e0 intensifier les efforts d\u2019\u00e9vang\u00e9lisation comme jamais auparavant - \u00c9glise Adventiste Du Septieme Jour - Inter Am\u00e9rique Division\" \/>\n<meta property=\"og:description\" content=\"3 Mai 2021 | Miami, Floride, \u00c9tats-Unis | Libna Stevens, P\u00f4le Informations de la Division Inter Am\u00e9ricaine L\u2019\u00e9vang\u00e9lisation continuera d\u2019\u00eatre une priorit\u00e9 absolue pour l\u2019\u00c9glise adventiste du septi\u00e8me jour dans...\" \/>\n<meta property=\"og:url\" content=\"https:\/\/interamerica.org\/fr\/2021\/05\/les-dirigeants-de-leglise-en-inter-amerique-sengagent-a-intensifier-les-efforts-devangelisation-comme-jamais-auparavant\/\" \/>\n<meta property=\"og:site_name\" content=\"\u00c9glise Adventiste Du Septieme Jour - Inter Am\u00e9rique Division\" \/>\n<meta property=\"article:published_time\" content=\"2021-05-03T23:06:07+00:00\" \/>\n<meta property=\"article:modified_time\" content=\"2021-05-04T18:20:14+00:00\" \/>\n<meta property=\"og:image\" content=\"https:\/\/interamerica.org\/wp-content\/uploads\/2021\/05\/iad-administrators-apr29-mym21-1280.jpg\" \/>\n\t<meta property=\"og:image:width\" content=\"1280\" \/>\n\t<meta property=\"og:image:height\" content=\"800\" \/>\n\t<meta property=\"og:image:type\" content=\"image\/jpeg\" \/>\n<meta name=\"author\" content=\"libna\" \/>\n<meta name=\"twitter:card\" content=\"summary_large_image\" \/>\n<meta name=\"twitter:label1\" content=\"\u00c9crit par\" \/>\n\t<meta name=\"twitter:data1\" content=\"libna\" \/>\n\t<meta name=\"twitter:label2\" content=\"Dur\u00e9e de lecture estim\u00e9e\" \/>\n\t<meta name=\"twitter:data2\" content=\"7 minutes\" \/>\n<script type=\"application\/ld+json\" class=\"yoast-schema-graph\">{\"@context\":\"https:\\\/\\\/schema.org\",\"@graph\":[{\"@type\":\"Article\",\"@id\":\"https:\\\/\\\/interamerica.org\\\/fr\\\/2021\\\/05\\\/les-dirigeants-de-leglise-en-inter-amerique-sengagent-a-intensifier-les-efforts-devangelisation-comme-jamais-auparavant\\\/#article\",\"isPartOf\":{\"@id\":\"https:\\\/\\\/interamerica.org\\\/fr\\\/2021\\\/05\\\/les-dirigeants-de-leglise-en-inter-amerique-sengagent-a-intensifier-les-efforts-devangelisation-comme-jamais-auparavant\\\/\"},\"author\":{\"name\":\"libna\",\"@id\":\"https:\\\/\\\/interamerica.org\\\/fr\\\/#\\\/schema\\\/person\\\/29998f2bc2d8bd0d38662909289b54f1\"},\"headline\":\"Les dirigeants de l\u2019\u00c9glise en Inter Am\u00e9rique s\u2019engagent \u00e0 intensifier les efforts d\u2019\u00e9vang\u00e9lisation comme jamais auparavant\",\"datePublished\":\"2021-05-03T23:06:07+00:00\",\"dateModified\":\"2021-05-04T18:20:14+00:00\",\"mainEntityOfPage\":{\"@id\":\"https:\\\/\\\/interamerica.org\\\/fr\\\/2021\\\/05\\\/les-dirigeants-de-leglise-en-inter-amerique-sengagent-a-intensifier-les-efforts-devangelisation-comme-jamais-auparavant\\\/\"},\"wordCount\":1593,\"image\":{\"@id\":\"https:\\\/\\\/interamerica.org\\\/fr\\\/2021\\\/05\\\/les-dirigeants-de-leglise-en-inter-amerique-sengagent-a-intensifier-les-efforts-devangelisation-comme-jamais-auparavant\\\/#primaryimage\"},\"thumbnailUrl\":\"https:\\\/\\\/interamerica.org\\\/wp-content\\\/uploads\\\/2021\\\/05\\\/iad-administrators-apr29-mym21-1280.jpg\",\"articleSection\":[\"Nouvelles du si\u00e8ge de la division\",\"RSS Fran\u00e7ais\"],\"inLanguage\":\"fr-FR\"},{\"@type\":\"WebPage\",\"@id\":\"https:\\\/\\\/interamerica.org\\\/fr\\\/2021\\\/05\\\/les-dirigeants-de-leglise-en-inter-amerique-sengagent-a-intensifier-les-efforts-devangelisation-comme-jamais-auparavant\\\/\",\"url\":\"https:\\\/\\\/interamerica.org\\\/fr\\\/2021\\\/05\\\/les-dirigeants-de-leglise-en-inter-amerique-sengagent-a-intensifier-les-efforts-devangelisation-comme-jamais-auparavant\\\/\",\"name\":\"Les dirigeants de l\u2019\u00c9glise en Inter Am\u00e9rique s\u2019engagent \u00e0 intensifier les efforts d\u2019\u00e9vang\u00e9lisation comme jamais auparavant - \u00c9glise Adventiste Du Septieme Jour - Inter Am\u00e9rique Division\",\"isPartOf\":{\"@id\":\"https:\\\/\\\/interamerica.org\\\/fr\\\/#website\"},\"primaryImageOfPage\":{\"@id\":\"https:\\\/\\\/interamerica.org\\\/fr\\\/2021\\\/05\\\/les-dirigeants-de-leglise-en-inter-amerique-sengagent-a-intensifier-les-efforts-devangelisation-comme-jamais-auparavant\\\/#primaryimage\"},\"image\":{\"@id\":\"https:\\\/\\\/interamerica.org\\\/fr\\\/2021\\\/05\\\/les-dirigeants-de-leglise-en-inter-amerique-sengagent-a-intensifier-les-efforts-devangelisation-comme-jamais-auparavant\\\/#primaryimage\"},\"thumbnailUrl\":\"https:\\\/\\\/interamerica.org\\\/wp-content\\\/uploads\\\/2021\\\/05\\\/iad-administrators-apr29-mym21-1280.jpg\",\"datePublished\":\"2021-05-03T23:06:07+00:00\",\"dateModified\":\"2021-05-04T18:20:14+00:00\",\"author\":{\"@id\":\"https:\\\/\\\/interamerica.org\\\/fr\\\/#\\\/schema\\\/person\\\/29998f2bc2d8bd0d38662909289b54f1\"},\"breadcrumb\":{\"@id\":\"https:\\\/\\\/interamerica.org\\\/fr\\\/2021\\\/05\\\/les-dirigeants-de-leglise-en-inter-amerique-sengagent-a-intensifier-les-efforts-devangelisation-comme-jamais-auparavant\\\/#breadcrumb\"},\"inLanguage\":\"fr-FR\",\"potentialAction\":[{\"@type\":\"ReadAction\",\"target\":[\"https:\\\/\\\/interamerica.org\\\/fr\\\/2021\\\/05\\\/les-dirigeants-de-leglise-en-inter-amerique-sengagent-a-intensifier-les-efforts-devangelisation-comme-jamais-auparavant\\\/\"]}]},{\"@type\":\"ImageObject\",\"inLanguage\":\"fr-FR\",\"@id\":\"https:\\\/\\\/interamerica.org\\\/fr\\\/2021\\\/05\\\/les-dirigeants-de-leglise-en-inter-amerique-sengagent-a-intensifier-les-efforts-devangelisation-comme-jamais-auparavant\\\/#primaryimage\",\"url\":\"https:\\\/\\\/interamerica.org\\\/wp-content\\\/uploads\\\/2021\\\/05\\\/iad-administrators-apr29-mym21-1280.jpg\",\"contentUrl\":\"https:\\\/\\\/interamerica.org\\\/wp-content\\\/uploads\\\/2021\\\/05\\\/iad-administrators-apr29-mym21-1280.jpg\",\"width\":1280,\"height\":800,\"caption\":\"[Photo: Libna Stevens\\\/DIA]\"},{\"@type\":\"BreadcrumbList\",\"@id\":\"https:\\\/\\\/interamerica.org\\\/fr\\\/2021\\\/05\\\/les-dirigeants-de-leglise-en-inter-amerique-sengagent-a-intensifier-les-efforts-devangelisation-comme-jamais-auparavant\\\/#breadcrumb\",\"itemListElement\":[{\"@type\":\"ListItem\",\"position\":1,\"name\":\"Home\",\"item\":\"https:\\\/\\\/interamerica.org\\\/fr\\\/\"},{\"@type\":\"ListItem\",\"position\":2,\"name\":\"Les dirigeants de l\u2019\u00c9glise en Inter Am\u00e9rique s\u2019engagent \u00e0 intensifier les efforts d\u2019\u00e9vang\u00e9lisation comme jamais auparavant\"}]},{\"@type\":\"WebSite\",\"@id\":\"https:\\\/\\\/interamerica.org\\\/fr\\\/#website\",\"url\":\"https:\\\/\\\/interamerica.org\\\/fr\\\/\",\"name\":\"\u00c9glise Adventiste Du Septieme Jour - Inter Am\u00e9rique Division\",\"description\":\"\",\"potentialAction\":[{\"@type\":\"SearchAction\",\"target\":{\"@type\":\"EntryPoint\",\"urlTemplate\":\"https:\\\/\\\/interamerica.org\\\/fr\\\/?s={search_term_string}\"},\"query-input\":{\"@type\":\"PropertyValueSpecification\",\"valueRequired\":true,\"valueName\":\"search_term_string\"}}],\"inLanguage\":\"fr-FR\"},{\"@type\":\"Person\",\"@id\":\"https:\\\/\\\/interamerica.org\\\/fr\\\/#\\\/schema\\\/person\\\/29998f2bc2d8bd0d38662909289b54f1\",\"name\":\"libna\",\"image\":{\"@type\":\"ImageObject\",\"inLanguage\":\"fr-FR\",\"@id\":\"https:\\\/\\\/secure.gravatar.com\\\/avatar\\\/7c5bd30ae4b47a9ba3c856590957fd1d96dc588bf3ac05719d247e126840331f?s=96&d=mm&r=g\",\"url\":\"https:\\\/\\\/secure.gravatar.com\\\/avatar\\\/7c5bd30ae4b47a9ba3c856590957fd1d96dc588bf3ac05719d247e126840331f?s=96&d=mm&r=g\",\"contentUrl\":\"https:\\\/\\\/secure.gravatar.com\\\/avatar\\\/7c5bd30ae4b47a9ba3c856590957fd1d96dc588bf3ac05719d247e126840331f?s=96&d=mm&r=g\",\"caption\":\"libna\"}}]}<\/script>\n<!-- \/ Yoast SEO plugin. -->","yoast_head_json":{"title":"Les dirigeants de l\u2019\u00c9glise en Inter Am\u00e9rique s\u2019engagent \u00e0 intensifier les efforts d\u2019\u00e9vang\u00e9lisation comme jamais auparavant - \u00c9glise Adventiste Du Septieme Jour - Inter Am\u00e9rique Division","robots":{"index":"index","follow":"follow","max-snippet":"max-snippet:-1","max-image-preview":"max-image-preview:large","max-video-preview":"max-video-preview:-1"},"canonical":"https:\/\/interamerica.org\/fr\/2021\/05\/les-dirigeants-de-leglise-en-inter-amerique-sengagent-a-intensifier-les-efforts-devangelisation-comme-jamais-auparavant\/","og_locale":"fr_FR","og_type":"article","og_title":"Les dirigeants de l\u2019\u00c9glise en Inter Am\u00e9rique s\u2019engagent \u00e0 intensifier les efforts d\u2019\u00e9vang\u00e9lisation comme jamais auparavant - \u00c9glise Adventiste Du Septieme Jour - Inter Am\u00e9rique Division","og_description":"3 Mai 2021 | Miami, Floride, \u00c9tats-Unis | Libna Stevens, P\u00f4le Informations de la Division Inter Am\u00e9ricaine L\u2019\u00e9vang\u00e9lisation continuera d\u2019\u00eatre une priorit\u00e9 absolue pour l\u2019\u00c9glise adventiste du septi\u00e8me jour dans...","og_url":"https:\/\/interamerica.org\/fr\/2021\/05\/les-dirigeants-de-leglise-en-inter-amerique-sengagent-a-intensifier-les-efforts-devangelisation-comme-jamais-auparavant\/","og_site_name":"\u00c9glise Adventiste Du Septieme Jour - Inter Am\u00e9rique Division","article_published_time":"2021-05-03T23:06:07+00:00","article_modified_time":"2021-05-04T18:20:14+00:00","og_image":[{"width":1280,"height":800,"url":"https:\/\/interamerica.org\/wp-content\/uploads\/2021\/05\/iad-administrators-apr29-mym21-1280.jpg","type":"image\/jpeg"}],"author":"libna","twitter_card":"summary_large_image","twitter_misc":{"\u00c9crit par":"libna","Dur\u00e9e de lecture estim\u00e9e":"7 minutes"},"schema":{"@context":"https:\/\/schema.org","@graph":[{"@type":"Article","@id":"https:\/\/interamerica.org\/fr\/2021\/05\/les-dirigeants-de-leglise-en-inter-amerique-sengagent-a-intensifier-les-efforts-devangelisation-comme-jamais-auparavant\/#article","isPartOf":{"@id":"https:\/\/interamerica.org\/fr\/2021\/05\/les-dirigeants-de-leglise-en-inter-amerique-sengagent-a-intensifier-les-efforts-devangelisation-comme-jamais-auparavant\/"},"author":{"name":"libna","@id":"https:\/\/interamerica.org\/fr\/#\/schema\/person\/29998f2bc2d8bd0d38662909289b54f1"},"headline":"Les dirigeants de l\u2019\u00c9glise en Inter Am\u00e9rique s\u2019engagent \u00e0 intensifier les efforts d\u2019\u00e9vang\u00e9lisation comme jamais auparavant","datePublished":"2021-05-03T23:06:07+00:00","dateModified":"2021-05-04T18:20:14+00:00","mainEntityOfPage":{"@id":"https:\/\/interamerica.org\/fr\/2021\/05\/les-dirigeants-de-leglise-en-inter-amerique-sengagent-a-intensifier-les-efforts-devangelisation-comme-jamais-auparavant\/"},"wordCount":1593,"image":{"@id":"https:\/\/interamerica.org\/fr\/2021\/05\/les-dirigeants-de-leglise-en-inter-amerique-sengagent-a-intensifier-les-efforts-devangelisation-comme-jamais-auparavant\/#primaryimage"},"thumbnailUrl":"https:\/\/interamerica.org\/wp-content\/uploads\/2021\/05\/iad-administrators-apr29-mym21-1280.jpg","articleSection":["Nouvelles du si\u00e8ge de la division","RSS Fran\u00e7ais"],"inLanguage":"fr-FR"},{"@type":"WebPage","@id":"https:\/\/interamerica.org\/fr\/2021\/05\/les-dirigeants-de-leglise-en-inter-amerique-sengagent-a-intensifier-les-efforts-devangelisation-comme-jamais-auparavant\/","url":"https:\/\/interamerica.org\/fr\/2021\/05\/les-dirigeants-de-leglise-en-inter-amerique-sengagent-a-intensifier-les-efforts-devangelisation-comme-jamais-auparavant\/","name":"Les dirigeants de l\u2019\u00c9glise en Inter Am\u00e9rique s\u2019engagent \u00e0 intensifier les efforts d\u2019\u00e9vang\u00e9lisation comme jamais auparavant - \u00c9glise Adventiste Du Septieme Jour - Inter Am\u00e9rique Division","isPartOf":{"@id":"https:\/\/interamerica.org\/fr\/#website"},"primaryImageOfPage":{"@id":"https:\/\/interamerica.org\/fr\/2021\/05\/les-dirigeants-de-leglise-en-inter-amerique-sengagent-a-intensifier-les-efforts-devangelisation-comme-jamais-auparavant\/#primaryimage"},"image":{"@id":"https:\/\/interamerica.org\/fr\/2021\/05\/les-dirigeants-de-leglise-en-inter-amerique-sengagent-a-intensifier-les-efforts-devangelisation-comme-jamais-auparavant\/#primaryimage"},"thumbnailUrl":"https:\/\/interamerica.org\/wp-content\/uploads\/2021\/05\/iad-administrators-apr29-mym21-1280.jpg","datePublished":"2021-05-03T23:06:07+00:00","dateModified":"2021-05-04T18:20:14+00:00","author":{"@id":"https:\/\/interamerica.org\/fr\/#\/schema\/person\/29998f2bc2d8bd0d38662909289b54f1"},"breadcrumb":{"@id":"https:\/\/interamerica.org\/fr\/2021\/05\/les-dirigeants-de-leglise-en-inter-amerique-sengagent-a-intensifier-les-efforts-devangelisation-comme-jamais-auparavant\/#breadcrumb"},"inLanguage":"fr-FR","potentialAction":[{"@type":"ReadAction","target":["https:\/\/interamerica.org\/fr\/2021\/05\/les-dirigeants-de-leglise-en-inter-amerique-sengagent-a-intensifier-les-efforts-devangelisation-comme-jamais-auparavant\/"]}]},{"@type":"ImageObject","inLanguage":"fr-FR","@id":"https:\/\/interamerica.org\/fr\/2021\/05\/les-dirigeants-de-leglise-en-inter-amerique-sengagent-a-intensifier-les-efforts-devangelisation-comme-jamais-auparavant\/#primaryimage","url":"https:\/\/interamerica.org\/wp-content\/uploads\/2021\/05\/iad-administrators-apr29-mym21-1280.jpg","contentUrl":"https:\/\/interamerica.org\/wp-content\/uploads\/2021\/05\/iad-administrators-apr29-mym21-1280.jpg","width":1280,"height":800,"caption":"[Photo: Libna Stevens\/DIA]"},{"@type":"BreadcrumbList","@id":"https:\/\/interamerica.org\/fr\/2021\/05\/les-dirigeants-de-leglise-en-inter-amerique-sengagent-a-intensifier-les-efforts-devangelisation-comme-jamais-auparavant\/#breadcrumb","itemListElement":[{"@type":"ListItem","position":1,"name":"Home","item":"https:\/\/interamerica.org\/fr\/"},{"@type":"ListItem","position":2,"name":"Les dirigeants de l\u2019\u00c9glise en Inter Am\u00e9rique s\u2019engagent \u00e0 intensifier les efforts d\u2019\u00e9vang\u00e9lisation comme jamais auparavant"}]},{"@type":"WebSite","@id":"https:\/\/interamerica.org\/fr\/#website","url":"https:\/\/interamerica.org\/fr\/","name":"\u00c9glise Adventiste Du Septieme Jour - Inter Am\u00e9rique Division","description":"","potentialAction":[{"@type":"SearchAction","target":{"@type":"EntryPoint","urlTemplate":"https:\/\/interamerica.org\/fr\/?s={search_term_string}"},"query-input":{"@type":"PropertyValueSpecification","valueRequired":true,"valueName":"search_term_string"}}],"inLanguage":"fr-FR"},{"@type":"Person","@id":"https:\/\/interamerica.org\/fr\/#\/schema\/person\/29998f2bc2d8bd0d38662909289b54f1","name":"libna","image":{"@type":"ImageObject","inLanguage":"fr-FR","@id":"https:\/\/secure.gravatar.com\/avatar\/7c5bd30ae4b47a9ba3c856590957fd1d96dc588bf3ac05719d247e126840331f?s=96&d=mm&r=g","url":"https:\/\/secure.gravatar.com\/avatar\/7c5bd30ae4b47a9ba3c856590957fd1d96dc588bf3ac05719d247e126840331f?s=96&d=mm&r=g","contentUrl":"https:\/\/secure.gravatar.com\/avatar\/7c5bd30ae4b47a9ba3c856590957fd1d96dc588bf3ac05719d247e126840331f?s=96&d=mm&r=g","caption":"libna"}}]}},"_links":{"self":[{"href":"https:\/\/interamerica.org\/fr\/wp-json\/wp\/v2\/posts\/71480","targetHints":{"allow":["GET"]}}],"collection":[{"href":"https:\/\/interamerica.org\/fr\/wp-json\/wp\/v2\/posts"}],"about":[{"href":"https:\/\/interamerica.org\/fr\/wp-json\/wp\/v2\/types\/post"}],"author":[{"embeddable":true,"href":"https:\/\/interamerica.org\/fr\/wp-json\/wp\/v2\/users\/3"}],"replies":[{"embeddable":true,"href":"https:\/\/interamerica.org\/fr\/wp-json\/wp\/v2\/comments?post=71480"}],"version-history":[{"count":0,"href":"https:\/\/interamerica.org\/fr\/wp-json\/wp\/v2\/posts\/71480\/revisions"}],"wp:featuredmedia":[{"embeddable":true,"href":"https:\/\/interamerica.org\/fr\/wp-json\/wp\/v2\/media\/71456"}],"wp:attachment":[{"href":"https:\/\/interamerica.org\/fr\/wp-json\/wp\/v2\/media?parent=71480"}],"wp:term":[{"taxonomy":"category","embeddable":true,"href":"https:\/\/interamerica.org\/fr\/wp-json\/wp\/v2\/categories?post=71480"},{"taxonomy":"post_tag","embeddable":true,"href":"https:\/\/interamerica.org\/fr\/wp-json\/wp\/v2\/tags?post=71480"}],"curies":[{"name":"wp","href":"https:\/\/api.w.org\/{rel}","templated":true}]}}