{"id":71707,"date":"2021-05-08T13:54:55","date_gmt":"2021-05-08T17:54:55","guid":{"rendered":"https:\/\/recursing-golick.147-182-135-0.plesk.page\/?p=71707"},"modified":"2021-05-11T08:31:23","modified_gmt":"2021-05-11T12:31:23","slug":"de-lassiette-aux-plantes-un-membre-de-lequipe-dadventhealth-promeut-la-durabilite","status":"publish","type":"post","link":"https:\/\/interamerica.org\/fr\/2021\/05\/de-lassiette-aux-plantes-un-membre-de-lequipe-dadventhealth-promeut-la-durabilite\/","title":{"rendered":"De l\u2019assiette aux plantes : un membre de l\u2019\u00e9quipe d\u2019AdventHealth promeut la durabilit\u00e9"},"content":{"rendered":"<div>\n<p><strong>Steve Achord encourage les mani\u00e8res de prendre soin et de profiter de l\u2019environnement.<\/strong><\/p>\n<p>Le 8 mai 2021 | Altamonte Springs, Floride, \u00c9tats-Unis | D\u00e9partement de nouvelles d\u2019AdventHealth<\/p>\n<\/div>\n<p>Ayant grandi dans le sud de la Louisiane, aux \u00c9tats-Unis, avec des parents qui ont surv\u00e9cu aux difficult\u00e9s de la Grande d\u00e9pression et de la Seconde Guerre mondiale, Steve Achord a appris, \u00e0 un tr\u00e8s jeune \u00e2ge, l\u2019importance de l\u2019ing\u00e9niosit\u00e9.<\/p>\n<p>\u00ab\u00a0Il ne s\u2019agissait pas seulement de ce vieux tiroir de cuisine dans lequel se trouvaient des centaines d\u2019\u00e9lastiques en caoutchouc, d\u2019attaches \u00e0 pain et de feuilles d\u2019aluminium de toutes sortes de grandeurs, a-t-il expliqu\u00e9. Il s\u2019agissait surtout d\u2019avoir un endroit sur le terrain o\u00f9 nous compostions le gazon, les feuilles et les restes de nourriture. Il s\u2019agissait de retourner les bouteilles en verre \u00e0 l\u2019\u00e9picerie du coin, de ne rien jeter aux ordures, et ainsi de suite.\u00a0\u00bb<\/p>\n<div id=\"attachment_71669\" style=\"width: 810px\" class=\"wp-caption aligncenter\"><img fetchpriority=\"high\" decoding=\"async\" aria-describedby=\"caption-attachment-71669\" class=\"wp-image-71668\" src=\"https:\/\/recursing-golick.147-182-135-0.plesk.page\/wp-content\/uploads\/2021\/05\/from-plates-to-plants-adventhealth-team-member-improves-sustainability1-1024x640.jpg\" alt=\"\" width=\"800\" height=\"500\" srcset=\"https:\/\/interamerica.org\/wp-content\/uploads\/2021\/05\/from-plates-to-plants-adventhealth-team-member-improves-sustainability1-1024x640.jpg 1024w, https:\/\/interamerica.org\/wp-content\/uploads\/2021\/05\/from-plates-to-plants-adventhealth-team-member-improves-sustainability1-300x188.jpg 300w, https:\/\/interamerica.org\/wp-content\/uploads\/2021\/05\/from-plates-to-plants-adventhealth-team-member-improves-sustainability1-768x480.jpg 768w, https:\/\/interamerica.org\/wp-content\/uploads\/2021\/05\/from-plates-to-plants-adventhealth-team-member-improves-sustainability1.jpg 1280w\" sizes=\"(max-width: 800px) 100vw, 800px\" \/><p id=\"caption-attachment-71669\" class=\"wp-caption-text\">Steve Achord. Une photo d\u2019AdventHealth.<\/p><\/div>\n<p>Apr\u00e8s s\u2019\u00eatre joint \u00e0 AdventHealth en 2016, M.\u00a0Achord a continu\u00e9 de mettre son ing\u00e9niosit\u00e9 \u00e0 profit en restructurant le programme de gestion des d\u00e9chets de l\u2019AdventHealth Shawnee Mission de Merriam, dans l\u2019\u00c9tat am\u00e9ricain du Kansas, et en mettant en \u0153uvre des solutions innovatrices pour r\u00e9duire les d\u00e9chets et augmenter les ressources.<\/p>\n<p>\u00ab\u00a0Dans mon r\u00f4le de directeur de la nourriture et de la nutrition dans un environnement de soins de sant\u00e9, j\u2019ai conscience de ma responsabilit\u00e9 d\u2019\u00eatre un bon intendant au sein de mon milieu de travail et de ma communaut\u00e9\u00a0\u00bb, a dit M.\u00a0Achord.<\/p>\n<p>M\u00eame s\u2019il \u00e9tait impressionn\u00e9 par les actions d\u00e9j\u00e0 mises en place par l\u2019\u00e9tablissement, comme l\u2019utilisation de produits compostables dans la caf\u00e9t\u00e9ria, M.\u00a0Achord croyait pouvoir faire plus.<\/p>\n<p><strong>Planter la graine<\/strong><\/p>\n<p>L\u2019AdventHealth Shawnee Mission utilisait d\u00e9j\u00e0 des articles compostables, comme des verres, des ustensiles et des assiettes. Mais M.\u00a0Achord savait qu\u2019ils finissaient tout de m\u00eame dans une d\u00e9charge et, donc, qu\u2019ils constituaient des d\u00e9chets. En collaborant avec Missouri Organic, un composteur commercial local, et en ajoutant une composante tr\u00e8s visuelle au programme de compostage pour les membres de l\u2019\u00e9quipe, il a r\u00e9ussi \u00e0 r\u00e9duire les d\u00e9chets de mani\u00e8re consid\u00e9rable.<\/p>\n<div id=\"attachment_71660\" style=\"width: 621px\" class=\"wp-caption aligncenter\"><img decoding=\"async\" aria-describedby=\"caption-attachment-71660\" class=\" wp-image-71660\" src=\"https:\/\/recursing-golick.147-182-135-0.plesk.page\/wp-content\/uploads\/2021\/05\/adventhealth-veggies-collage.jpeg\" alt=\"\" width=\"611\" height=\"611\" srcset=\"https:\/\/interamerica.org\/wp-content\/uploads\/2021\/05\/adventhealth-veggies-collage.jpeg 400w, https:\/\/interamerica.org\/wp-content\/uploads\/2021\/05\/adventhealth-veggies-collage-300x300.jpeg 300w, https:\/\/interamerica.org\/wp-content\/uploads\/2021\/05\/adventhealth-veggies-collage-150x150.jpeg 150w\" sizes=\"(max-width: 611px) 100vw, 611px\" \/><p id=\"caption-attachment-71660\" class=\"wp-caption-text\">En 2020, Steve Achord a exploit\u00e9 le toit de l\u2019AdventHealth Shawnee Mission pour y faire un jardin qui a produit une abondance, notamment, de poivrons, de fraises, d\u2019oignons verts, de concombres, de chou fris\u00e9 et de tournesols. Une photo du d\u00e9partement de nouvelles d\u2019AdventHealth.<\/p><\/div>\n<p>Peu apr\u00e8s la mise en action du programme de M.\u00a0Achord, l\u2019AdventHealth Shawnee Mission a \u00e9t\u00e9 reconnue par l\u2019Action climatique de Kansas City pour les 43\u00a0tonnes de produits compostables de l\u2019\u00e9tablissement qui avaient \u00e9vit\u00e9 le centre d\u2019enfouissement pour \u00eatre compost\u00e9s par Missouri Organic. Mais il ne s\u2019est pas arr\u00eat\u00e9 l\u00e0.<\/p>\n<p><strong>Faire pousser les racines<\/strong><\/p>\n<p>En 2018, M.\u00a0Achord a d\u00e9cid\u00e9 de boucler la boucle du programme en cultivant un jardin de fines herbes dans un espace inutilis\u00e9 du campus. Il a dit qu\u2019une partie de la beaut\u00e9 du d\u00e9marrage d\u2019un jardin r\u00e9sidait dans la terre qui a d\u2019abord \u00e9t\u00e9 utilis\u00e9e dans les bacs.<\/p>\n<p>\u00ab\u00a0Je suis particuli\u00e8rement enthousiaste par rapport au fait que la terre initiale de nos jardins a \u00e9t\u00e9 donn\u00e9e par Missouri Organic, a-t-il dit. Donc, ce qui \u00e9tait jadis bols, verres et assiettes est devenu de la terre, terre dans laquelle nous avons plant\u00e9 des graines, graines qui ont pouss\u00e9 jusqu\u2019\u00e0 l\u2019\u00e9tat de plantes, plantes qui ont continu\u00e9 de pousser jusqu\u2019\u00e0 nous donner des tomates, du persil, des carottes, des poivrons, de la coriandre et bien d\u2019autres aliments d\u00e9licieux qui servent \u00e0 nourrir des gens. Un cycle complet de la vie.\u00a0\u00bb<\/p>\n<p><strong>Favoriser la gu\u00e9rison<\/strong><\/p>\n<p>En 2020, une ann\u00e9e difficile \u00e0 bien des \u00e9gards, M.\u00a0Achord a continu\u00e9 de faire cro\u00eetre son programme en cr\u00e9ant un second jardin, sur le toit, pour produire une abondance, notamment, de poivrons, de fraises, d\u2019oignons verts, de concombres, de chou fris\u00e9 et de tournesols. Et en plus d\u2019augmenter le volume des r\u00e9coltes, ce jardin sur le toit a eu un impact qui a d\u00e9pass\u00e9 ses attentes.<\/p>\n<div id=\"attachment_71663\" style=\"width: 790px\" class=\"wp-caption aligncenter\"><img decoding=\"async\" aria-describedby=\"caption-attachment-71663\" class=\" wp-image-71663\" src=\"https:\/\/recursing-golick.147-182-135-0.plesk.page\/wp-content\/uploads\/2021\/05\/adventhealth-shadow-boxes.jpeg\" alt=\"\" width=\"780\" height=\"585\" srcset=\"https:\/\/interamerica.org\/wp-content\/uploads\/2021\/05\/adventhealth-shadow-boxes.jpeg 960w, https:\/\/interamerica.org\/wp-content\/uploads\/2021\/05\/adventhealth-shadow-boxes-300x225.jpeg 300w, https:\/\/interamerica.org\/wp-content\/uploads\/2021\/05\/adventhealth-shadow-boxes-768x576.jpeg 768w\" sizes=\"(max-width: 780px) 100vw, 780px\" \/><p id=\"caption-attachment-71663\" class=\"wp-caption-text\"><span lang=\"FR-CA\">Des bo\u00eetes de pr\u00e9sentation \u00e9tiquet\u00e9es \u00ab\u00a0Recyclage\u00a0\u00bb, \u00ab\u00a0Composte\u00a0\u00bb et \u00ab\u00a0D\u00e9charge\u00a0\u00bb contribuent \u00e0 la conscientisation environnementale de l\u2019AdventHealth Shawnee Mission. Une photo du d\u00e9partement de nouvelles d\u2019AdventHealth.<\/span><\/p><\/div>\n<p>\u00ab\u00a0Un jour, a-t-il racont\u00e9, je discutais avec des directeurs sur le huiti\u00e8me \u00e9tage [de l\u2019h\u00f4pital], et ils ont dit\u00a0: \u201cSavais-tu que nos patients peuvent voir le jardin et qu\u2019ils parlent de combien il est int\u00e9ressant de voir les choses pousser pendant qu\u2019ils sont sur leur lit d\u2019h\u00f4pital?\u201d\u00a0\u00bb<\/p>\n<p>Apr\u00e8s avoir entendu parler de ce bienfait inattendu pour les patients, il a commenc\u00e9 \u00e0 convertir de vieux chariots en bacs avec des roulettes afin de les approcher facilement des fen\u00eatres, o\u00f9 les patients pouvaient mieux observer la croissance des plantes.<\/p>\n<p><strong>R\u00e9colter l\u2019aide<\/strong><\/p>\n<p>M. Achord, dit ne pas chercher \u00e0 \u00eatre reconnu pour le programme et les initiatives qu\u2019il a mis de l\u2019avant, mais esp\u00e8re plut\u00f4t que ses efforts susciteront de nouvelles id\u00e9es chez d\u2019autres personnes et encouragera d\u2019autres membres d\u2019\u00e9quipe et b\u00e9n\u00e9voles \u00e0 s\u2019impliquer. Son travail a d\u00e9j\u00e0 inspir\u00e9 les membres d\u2019\u00e9quipe \u00e0 cr\u00e9er des bacs de compostage sur leur unit\u00e9 et \u00e9tage, et il a \u00e9t\u00e9 invit\u00e9 \u00e0 servir comme conseiller pour un nouveau jardin pr\u00e9vu pour la garderie de l\u2019AdventHealth Shawnee Mission. Il esp\u00e8re \u00e9galement que le jardin aura un impact sur l\u2019\u00e9ducation et qu\u2019il profitera \u00e0 la communaut\u00e9.<\/p>\n<p>\u00ab\u00a0D\u2019autres h\u00f4pitaux ont aussi des jardins et des choses du genre, mais je me sens simplement b\u00e9ni de faire partie d\u2019une organisation qui croit aux m\u00eames choses que moi, a-t-il ajout\u00e9, comme au d\u00e9sir d\u2019\u00eatre un bon intendant des ressources que Dieu nous a donn\u00e9es ainsi qu\u2019un bon partenaire pour la communaut\u00e9.\u00a0\u00bb<\/p>\n<p>Non seulement M.\u00a0Achord a-t-il trouv\u00e9 des solutions cr\u00e9atives \u00e0 des probl\u00e8mes environnementaux, mais son approche compl\u00e8te a un impact positif sur la sant\u00e9 globale par la r\u00e9colte d\u2019aliments sains et la joie offerte par la beaut\u00e9 des potagers. Il met en pratique les standards de service de l\u2019organisation pour laquelle il travaille en maintenant son environnement propre et s\u00e9curitaire, en encourageant l\u2019amour et les soins holistiques; en rendant les aliments frais et locaux accessibles et en s\u2019appropriant la responsabilit\u00e9 de trouver des m\u00e9thodes uniques d\u2019avoir un impact positif sur l\u2019organisation et la terre.<\/p>\n<div><i><span lang=\"FR-CA\">La <a href=\"https:\/\/www.adventhealth.com\/news\/plates-plants-team-member-encourages-sustainability-adventhealth\">version originale<\/a> de cet article a \u00e9t\u00e9 publi\u00e9e sur le <a href=\"https:\/\/www.adventhealth.com\/newsroom\">site de nouvelles<\/a> d\u2019AdventHealth.<\/span><\/i><\/div>\n<p>Traduction : Marie-Mich\u00e8le Robitaille<\/p>\n","protected":false},"excerpt":{"rendered":"<p>Steve Achord encourage les mani\u00e8res de prendre soin et de profiter de l\u2019environnement. Le 8 mai 2021 | Altamonte Springs, Floride, \u00c9tats-Unis | D\u00e9partement de nouvelles d\u2019AdventHealth Ayant grandi dans&#8230;<\/p>\n","protected":false},"author":3,"featured_media":71666,"comment_status":"closed","ping_status":"closed","sticky":false,"template":"","format":"standard","meta":{"_acf_changed":false,"footnotes":""},"categories":[18,19],"tags":[],"class_list":["post-71707","post","type-post","status-publish","format-standard","has-post-thumbnail","hentry","category-nouvelles-de-leglise-mondiale","category-rss-francais"],"acf":[],"yoast_head":"<!-- This site is optimized with the Yoast SEO plugin v27.3 - https:\/\/yoast.com\/product\/yoast-seo-wordpress\/ -->\n<title>De l\u2019assiette aux plantes : un membre de l\u2019\u00e9quipe d\u2019AdventHealth promeut la durabilit\u00e9 - \u00c9glise Adventiste Du Septieme Jour - Inter Am\u00e9rique Division<\/title>\n<meta name=\"robots\" content=\"index, follow, max-snippet:-1, max-image-preview:large, max-video-preview:-1\" \/>\n<link rel=\"canonical\" href=\"https:\/\/interamerica.org\/fr\/2021\/05\/de-lassiette-aux-plantes-un-membre-de-lequipe-dadventhealth-promeut-la-durabilite\/\" \/>\n<meta property=\"og:locale\" content=\"fr_FR\" \/>\n<meta property=\"og:type\" content=\"article\" \/>\n<meta property=\"og:title\" content=\"De l\u2019assiette aux plantes : un membre de l\u2019\u00e9quipe d\u2019AdventHealth promeut la durabilit\u00e9 - \u00c9glise Adventiste Du Septieme Jour - Inter Am\u00e9rique Division\" \/>\n<meta property=\"og:description\" content=\"Steve Achord encourage les mani\u00e8res de prendre soin et de profiter de l\u2019environnement. Le 8 mai 2021 | Altamonte Springs, Floride, \u00c9tats-Unis | D\u00e9partement de nouvelles d\u2019AdventHealth Ayant grandi dans...\" \/>\n<meta property=\"og:url\" content=\"https:\/\/interamerica.org\/fr\/2021\/05\/de-lassiette-aux-plantes-un-membre-de-lequipe-dadventhealth-promeut-la-durabilite\/\" \/>\n<meta property=\"og:site_name\" content=\"\u00c9glise Adventiste Du Septieme Jour - Inter Am\u00e9rique Division\" \/>\n<meta property=\"article:published_time\" content=\"2021-05-08T17:54:55+00:00\" \/>\n<meta property=\"article:modified_time\" content=\"2021-05-11T12:31:23+00:00\" \/>\n<meta property=\"og:image\" content=\"https:\/\/interamerica.org\/wp-content\/uploads\/2021\/05\/from-plates-to-plants-adventhealth-team-member-improves-sustainability1.jpeg\" \/>\n\t<meta property=\"og:image:width\" content=\"1000\" \/>\n\t<meta property=\"og:image:height\" content=\"500\" \/>\n\t<meta property=\"og:image:type\" content=\"image\/jpeg\" \/>\n<meta name=\"author\" content=\"libna\" \/>\n<meta name=\"twitter:card\" content=\"summary_large_image\" \/>\n<meta name=\"twitter:label1\" content=\"\u00c9crit par\" \/>\n\t<meta name=\"twitter:data1\" content=\"libna\" \/>\n\t<meta name=\"twitter:label2\" content=\"Dur\u00e9e de lecture estim\u00e9e\" \/>\n\t<meta name=\"twitter:data2\" content=\"6 minutes\" \/>\n<script type=\"application\/ld+json\" class=\"yoast-schema-graph\">{\"@context\":\"https:\\\/\\\/schema.org\",\"@graph\":[{\"@type\":\"Article\",\"@id\":\"https:\\\/\\\/interamerica.org\\\/fr\\\/2021\\\/05\\\/de-lassiette-aux-plantes-un-membre-de-lequipe-dadventhealth-promeut-la-durabilite\\\/#article\",\"isPartOf\":{\"@id\":\"https:\\\/\\\/interamerica.org\\\/fr\\\/2021\\\/05\\\/de-lassiette-aux-plantes-un-membre-de-lequipe-dadventhealth-promeut-la-durabilite\\\/\"},\"author\":{\"name\":\"libna\",\"@id\":\"https:\\\/\\\/interamerica.org\\\/fr\\\/#\\\/schema\\\/person\\\/29998f2bc2d8bd0d38662909289b54f1\"},\"headline\":\"De l\u2019assiette aux plantes : un membre de l\u2019\u00e9quipe d\u2019AdventHealth promeut la durabilit\u00e9\",\"datePublished\":\"2021-05-08T17:54:55+00:00\",\"dateModified\":\"2021-05-11T12:31:23+00:00\",\"mainEntityOfPage\":{\"@id\":\"https:\\\/\\\/interamerica.org\\\/fr\\\/2021\\\/05\\\/de-lassiette-aux-plantes-un-membre-de-lequipe-dadventhealth-promeut-la-durabilite\\\/\"},\"wordCount\":1187,\"image\":{\"@id\":\"https:\\\/\\\/interamerica.org\\\/fr\\\/2021\\\/05\\\/de-lassiette-aux-plantes-un-membre-de-lequipe-dadventhealth-promeut-la-durabilite\\\/#primaryimage\"},\"thumbnailUrl\":\"https:\\\/\\\/interamerica.org\\\/wp-content\\\/uploads\\\/2021\\\/05\\\/from-plates-to-plants-adventhealth-team-member-improves-sustainability1.jpeg\",\"articleSection\":[\"Nouvelles de l'\u00c9glise mondiale\",\"RSS Fran\u00e7ais\"],\"inLanguage\":\"fr-FR\"},{\"@type\":\"WebPage\",\"@id\":\"https:\\\/\\\/interamerica.org\\\/fr\\\/2021\\\/05\\\/de-lassiette-aux-plantes-un-membre-de-lequipe-dadventhealth-promeut-la-durabilite\\\/\",\"url\":\"https:\\\/\\\/interamerica.org\\\/fr\\\/2021\\\/05\\\/de-lassiette-aux-plantes-un-membre-de-lequipe-dadventhealth-promeut-la-durabilite\\\/\",\"name\":\"De l\u2019assiette aux plantes : un membre de l\u2019\u00e9quipe d\u2019AdventHealth promeut la durabilit\u00e9 - \u00c9glise Adventiste Du Septieme Jour - Inter Am\u00e9rique Division\",\"isPartOf\":{\"@id\":\"https:\\\/\\\/interamerica.org\\\/fr\\\/#website\"},\"primaryImageOfPage\":{\"@id\":\"https:\\\/\\\/interamerica.org\\\/fr\\\/2021\\\/05\\\/de-lassiette-aux-plantes-un-membre-de-lequipe-dadventhealth-promeut-la-durabilite\\\/#primaryimage\"},\"image\":{\"@id\":\"https:\\\/\\\/interamerica.org\\\/fr\\\/2021\\\/05\\\/de-lassiette-aux-plantes-un-membre-de-lequipe-dadventhealth-promeut-la-durabilite\\\/#primaryimage\"},\"thumbnailUrl\":\"https:\\\/\\\/interamerica.org\\\/wp-content\\\/uploads\\\/2021\\\/05\\\/from-plates-to-plants-adventhealth-team-member-improves-sustainability1.jpeg\",\"datePublished\":\"2021-05-08T17:54:55+00:00\",\"dateModified\":\"2021-05-11T12:31:23+00:00\",\"author\":{\"@id\":\"https:\\\/\\\/interamerica.org\\\/fr\\\/#\\\/schema\\\/person\\\/29998f2bc2d8bd0d38662909289b54f1\"},\"breadcrumb\":{\"@id\":\"https:\\\/\\\/interamerica.org\\\/fr\\\/2021\\\/05\\\/de-lassiette-aux-plantes-un-membre-de-lequipe-dadventhealth-promeut-la-durabilite\\\/#breadcrumb\"},\"inLanguage\":\"fr-FR\",\"potentialAction\":[{\"@type\":\"ReadAction\",\"target\":[\"https:\\\/\\\/interamerica.org\\\/fr\\\/2021\\\/05\\\/de-lassiette-aux-plantes-un-membre-de-lequipe-dadventhealth-promeut-la-durabilite\\\/\"]}]},{\"@type\":\"ImageObject\",\"inLanguage\":\"fr-FR\",\"@id\":\"https:\\\/\\\/interamerica.org\\\/fr\\\/2021\\\/05\\\/de-lassiette-aux-plantes-un-membre-de-lequipe-dadventhealth-promeut-la-durabilite\\\/#primaryimage\",\"url\":\"https:\\\/\\\/interamerica.org\\\/wp-content\\\/uploads\\\/2021\\\/05\\\/from-plates-to-plants-adventhealth-team-member-improves-sustainability1.jpeg\",\"contentUrl\":\"https:\\\/\\\/interamerica.org\\\/wp-content\\\/uploads\\\/2021\\\/05\\\/from-plates-to-plants-adventhealth-team-member-improves-sustainability1.jpeg\",\"width\":1000,\"height\":500},{\"@type\":\"BreadcrumbList\",\"@id\":\"https:\\\/\\\/interamerica.org\\\/fr\\\/2021\\\/05\\\/de-lassiette-aux-plantes-un-membre-de-lequipe-dadventhealth-promeut-la-durabilite\\\/#breadcrumb\",\"itemListElement\":[{\"@type\":\"ListItem\",\"position\":1,\"name\":\"Home\",\"item\":\"https:\\\/\\\/interamerica.org\\\/fr\\\/\"},{\"@type\":\"ListItem\",\"position\":2,\"name\":\"De l\u2019assiette aux plantes : un membre de l\u2019\u00e9quipe d\u2019AdventHealth promeut la durabilit\u00e9\"}]},{\"@type\":\"WebSite\",\"@id\":\"https:\\\/\\\/interamerica.org\\\/fr\\\/#website\",\"url\":\"https:\\\/\\\/interamerica.org\\\/fr\\\/\",\"name\":\"\u00c9glise Adventiste Du Septieme Jour - Inter Am\u00e9rique Division\",\"description\":\"\",\"potentialAction\":[{\"@type\":\"SearchAction\",\"target\":{\"@type\":\"EntryPoint\",\"urlTemplate\":\"https:\\\/\\\/interamerica.org\\\/fr\\\/?s={search_term_string}\"},\"query-input\":{\"@type\":\"PropertyValueSpecification\",\"valueRequired\":true,\"valueName\":\"search_term_string\"}}],\"inLanguage\":\"fr-FR\"},{\"@type\":\"Person\",\"@id\":\"https:\\\/\\\/interamerica.org\\\/fr\\\/#\\\/schema\\\/person\\\/29998f2bc2d8bd0d38662909289b54f1\",\"name\":\"libna\",\"image\":{\"@type\":\"ImageObject\",\"inLanguage\":\"fr-FR\",\"@id\":\"https:\\\/\\\/secure.gravatar.com\\\/avatar\\\/7c5bd30ae4b47a9ba3c856590957fd1d96dc588bf3ac05719d247e126840331f?s=96&d=mm&r=g\",\"url\":\"https:\\\/\\\/secure.gravatar.com\\\/avatar\\\/7c5bd30ae4b47a9ba3c856590957fd1d96dc588bf3ac05719d247e126840331f?s=96&d=mm&r=g\",\"contentUrl\":\"https:\\\/\\\/secure.gravatar.com\\\/avatar\\\/7c5bd30ae4b47a9ba3c856590957fd1d96dc588bf3ac05719d247e126840331f?s=96&d=mm&r=g\",\"caption\":\"libna\"}}]}<\/script>\n<!-- \/ Yoast SEO plugin. -->","yoast_head_json":{"title":"De l\u2019assiette aux plantes : un membre de l\u2019\u00e9quipe d\u2019AdventHealth promeut la durabilit\u00e9 - \u00c9glise Adventiste Du Septieme Jour - Inter Am\u00e9rique Division","robots":{"index":"index","follow":"follow","max-snippet":"max-snippet:-1","max-image-preview":"max-image-preview:large","max-video-preview":"max-video-preview:-1"},"canonical":"https:\/\/interamerica.org\/fr\/2021\/05\/de-lassiette-aux-plantes-un-membre-de-lequipe-dadventhealth-promeut-la-durabilite\/","og_locale":"fr_FR","og_type":"article","og_title":"De l\u2019assiette aux plantes : un membre de l\u2019\u00e9quipe d\u2019AdventHealth promeut la durabilit\u00e9 - \u00c9glise Adventiste Du Septieme Jour - Inter Am\u00e9rique Division","og_description":"Steve Achord encourage les mani\u00e8res de prendre soin et de profiter de l\u2019environnement. Le 8 mai 2021 | Altamonte Springs, Floride, \u00c9tats-Unis | D\u00e9partement de nouvelles d\u2019AdventHealth Ayant grandi dans...","og_url":"https:\/\/interamerica.org\/fr\/2021\/05\/de-lassiette-aux-plantes-un-membre-de-lequipe-dadventhealth-promeut-la-durabilite\/","og_site_name":"\u00c9glise Adventiste Du Septieme Jour - Inter Am\u00e9rique Division","article_published_time":"2021-05-08T17:54:55+00:00","article_modified_time":"2021-05-11T12:31:23+00:00","og_image":[{"width":1000,"height":500,"url":"https:\/\/interamerica.org\/wp-content\/uploads\/2021\/05\/from-plates-to-plants-adventhealth-team-member-improves-sustainability1.jpeg","type":"image\/jpeg"}],"author":"libna","twitter_card":"summary_large_image","twitter_misc":{"\u00c9crit par":"libna","Dur\u00e9e de lecture estim\u00e9e":"6 minutes"},"schema":{"@context":"https:\/\/schema.org","@graph":[{"@type":"Article","@id":"https:\/\/interamerica.org\/fr\/2021\/05\/de-lassiette-aux-plantes-un-membre-de-lequipe-dadventhealth-promeut-la-durabilite\/#article","isPartOf":{"@id":"https:\/\/interamerica.org\/fr\/2021\/05\/de-lassiette-aux-plantes-un-membre-de-lequipe-dadventhealth-promeut-la-durabilite\/"},"author":{"name":"libna","@id":"https:\/\/interamerica.org\/fr\/#\/schema\/person\/29998f2bc2d8bd0d38662909289b54f1"},"headline":"De l\u2019assiette aux plantes : un membre de l\u2019\u00e9quipe d\u2019AdventHealth promeut la durabilit\u00e9","datePublished":"2021-05-08T17:54:55+00:00","dateModified":"2021-05-11T12:31:23+00:00","mainEntityOfPage":{"@id":"https:\/\/interamerica.org\/fr\/2021\/05\/de-lassiette-aux-plantes-un-membre-de-lequipe-dadventhealth-promeut-la-durabilite\/"},"wordCount":1187,"image":{"@id":"https:\/\/interamerica.org\/fr\/2021\/05\/de-lassiette-aux-plantes-un-membre-de-lequipe-dadventhealth-promeut-la-durabilite\/#primaryimage"},"thumbnailUrl":"https:\/\/interamerica.org\/wp-content\/uploads\/2021\/05\/from-plates-to-plants-adventhealth-team-member-improves-sustainability1.jpeg","articleSection":["Nouvelles de l'\u00c9glise mondiale","RSS Fran\u00e7ais"],"inLanguage":"fr-FR"},{"@type":"WebPage","@id":"https:\/\/interamerica.org\/fr\/2021\/05\/de-lassiette-aux-plantes-un-membre-de-lequipe-dadventhealth-promeut-la-durabilite\/","url":"https:\/\/interamerica.org\/fr\/2021\/05\/de-lassiette-aux-plantes-un-membre-de-lequipe-dadventhealth-promeut-la-durabilite\/","name":"De l\u2019assiette aux plantes : un membre de l\u2019\u00e9quipe d\u2019AdventHealth promeut la durabilit\u00e9 - \u00c9glise Adventiste Du Septieme Jour - Inter Am\u00e9rique Division","isPartOf":{"@id":"https:\/\/interamerica.org\/fr\/#website"},"primaryImageOfPage":{"@id":"https:\/\/interamerica.org\/fr\/2021\/05\/de-lassiette-aux-plantes-un-membre-de-lequipe-dadventhealth-promeut-la-durabilite\/#primaryimage"},"image":{"@id":"https:\/\/interamerica.org\/fr\/2021\/05\/de-lassiette-aux-plantes-un-membre-de-lequipe-dadventhealth-promeut-la-durabilite\/#primaryimage"},"thumbnailUrl":"https:\/\/interamerica.org\/wp-content\/uploads\/2021\/05\/from-plates-to-plants-adventhealth-team-member-improves-sustainability1.jpeg","datePublished":"2021-05-08T17:54:55+00:00","dateModified":"2021-05-11T12:31:23+00:00","author":{"@id":"https:\/\/interamerica.org\/fr\/#\/schema\/person\/29998f2bc2d8bd0d38662909289b54f1"},"breadcrumb":{"@id":"https:\/\/interamerica.org\/fr\/2021\/05\/de-lassiette-aux-plantes-un-membre-de-lequipe-dadventhealth-promeut-la-durabilite\/#breadcrumb"},"inLanguage":"fr-FR","potentialAction":[{"@type":"ReadAction","target":["https:\/\/interamerica.org\/fr\/2021\/05\/de-lassiette-aux-plantes-un-membre-de-lequipe-dadventhealth-promeut-la-durabilite\/"]}]},{"@type":"ImageObject","inLanguage":"fr-FR","@id":"https:\/\/interamerica.org\/fr\/2021\/05\/de-lassiette-aux-plantes-un-membre-de-lequipe-dadventhealth-promeut-la-durabilite\/#primaryimage","url":"https:\/\/interamerica.org\/wp-content\/uploads\/2021\/05\/from-plates-to-plants-adventhealth-team-member-improves-sustainability1.jpeg","contentUrl":"https:\/\/interamerica.org\/wp-content\/uploads\/2021\/05\/from-plates-to-plants-adventhealth-team-member-improves-sustainability1.jpeg","width":1000,"height":500},{"@type":"BreadcrumbList","@id":"https:\/\/interamerica.org\/fr\/2021\/05\/de-lassiette-aux-plantes-un-membre-de-lequipe-dadventhealth-promeut-la-durabilite\/#breadcrumb","itemListElement":[{"@type":"ListItem","position":1,"name":"Home","item":"https:\/\/interamerica.org\/fr\/"},{"@type":"ListItem","position":2,"name":"De l\u2019assiette aux plantes : un membre de l\u2019\u00e9quipe d\u2019AdventHealth promeut la durabilit\u00e9"}]},{"@type":"WebSite","@id":"https:\/\/interamerica.org\/fr\/#website","url":"https:\/\/interamerica.org\/fr\/","name":"\u00c9glise Adventiste Du Septieme Jour - Inter Am\u00e9rique Division","description":"","potentialAction":[{"@type":"SearchAction","target":{"@type":"EntryPoint","urlTemplate":"https:\/\/interamerica.org\/fr\/?s={search_term_string}"},"query-input":{"@type":"PropertyValueSpecification","valueRequired":true,"valueName":"search_term_string"}}],"inLanguage":"fr-FR"},{"@type":"Person","@id":"https:\/\/interamerica.org\/fr\/#\/schema\/person\/29998f2bc2d8bd0d38662909289b54f1","name":"libna","image":{"@type":"ImageObject","inLanguage":"fr-FR","@id":"https:\/\/secure.gravatar.com\/avatar\/7c5bd30ae4b47a9ba3c856590957fd1d96dc588bf3ac05719d247e126840331f?s=96&d=mm&r=g","url":"https:\/\/secure.gravatar.com\/avatar\/7c5bd30ae4b47a9ba3c856590957fd1d96dc588bf3ac05719d247e126840331f?s=96&d=mm&r=g","contentUrl":"https:\/\/secure.gravatar.com\/avatar\/7c5bd30ae4b47a9ba3c856590957fd1d96dc588bf3ac05719d247e126840331f?s=96&d=mm&r=g","caption":"libna"}}]}},"_links":{"self":[{"href":"https:\/\/interamerica.org\/fr\/wp-json\/wp\/v2\/posts\/71707","targetHints":{"allow":["GET"]}}],"collection":[{"href":"https:\/\/interamerica.org\/fr\/wp-json\/wp\/v2\/posts"}],"about":[{"href":"https:\/\/interamerica.org\/fr\/wp-json\/wp\/v2\/types\/post"}],"author":[{"embeddable":true,"href":"https:\/\/interamerica.org\/fr\/wp-json\/wp\/v2\/users\/3"}],"replies":[{"embeddable":true,"href":"https:\/\/interamerica.org\/fr\/wp-json\/wp\/v2\/comments?post=71707"}],"version-history":[{"count":0,"href":"https:\/\/interamerica.org\/fr\/wp-json\/wp\/v2\/posts\/71707\/revisions"}],"wp:featuredmedia":[{"embeddable":true,"href":"https:\/\/interamerica.org\/fr\/wp-json\/wp\/v2\/media\/71666"}],"wp:attachment":[{"href":"https:\/\/interamerica.org\/fr\/wp-json\/wp\/v2\/media?parent=71707"}],"wp:term":[{"taxonomy":"category","embeddable":true,"href":"https:\/\/interamerica.org\/fr\/wp-json\/wp\/v2\/categories?post=71707"},{"taxonomy":"post_tag","embeddable":true,"href":"https:\/\/interamerica.org\/fr\/wp-json\/wp\/v2\/tags?post=71707"}],"curies":[{"name":"wp","href":"https:\/\/api.w.org\/{rel}","templated":true}]}}