{"id":71714,"date":"2021-05-10T20:36:59","date_gmt":"2021-05-11T00:36:59","guid":{"rendered":"https:\/\/recursing-golick.147-182-135-0.plesk.page\/?p=71714"},"modified":"2021-05-12T11:07:04","modified_gmt":"2021-05-12T15:07:04","slug":"leglise-adventiste-en-inter-amerique-met-en-lumiere-les-opportunites-dans-le-service-de-benevolat-adventiste","status":"publish","type":"post","link":"https:\/\/interamerica.org\/fr\/2021\/05\/leglise-adventiste-en-inter-amerique-met-en-lumiere-les-opportunites-dans-le-service-de-benevolat-adventiste\/","title":{"rendered":"L\u2019\u00c9glise adventiste en Inter Am\u00e9rique met en lumi\u00e8re les opportunit\u00e9s dans le service de b\u00e9n\u00e9volat adventiste"},"content":{"rendered":"<p>10 Mai 2021 | Miami, Floride, \u00c9tats-Unis | Libna Stevens, P\u00f4le Informations de la Division Inter Am\u00e9ricaine<\/p>\n<p>Le Bureau du Service de B\u00e9n\u00e9volat Adventiste (AVS) dans la Division Inter Am\u00e9ricaine (DIA) veut continuer \u00e0 encourager les membres d\u2019\u00e9glise, jeunes et vieux, \u00e0 servir dans diff\u00e9rents domaines \u00e0 travers l\u2019Inter Am\u00e9rique et dans l\u2019\u00c9glise mondiale. L\u2019appel est intervenu alors que les dirigeants d\u2019\u00e9glise dans la DIA f\u00e9licitaient les b\u00e9n\u00e9voles actifs actuellement en service, pour leur travail dans le territoire et dans diff\u00e9rentes parties du monde, lors d\u2019un programme virtuel sp\u00e9cial diffus\u00e9 en direct le 8 mai 2021.<\/p>\n<p>Le Service de B\u00e9n\u00e9volat Adventiste est un programme officiel de la Conf\u00e9rence G\u00e9n\u00e9rale des adventistes du septi\u00e8me jour qui associe les comp\u00e9tences des b\u00e9n\u00e9voles \u00e0 des opportunit\u00e9s partout dans le monde.<\/p>\n<p>Le programme en ligne, baptis\u00e9 Journ\u00e9e du Service de B\u00e9n\u00e9volat Adventiste, comprenait des pr\u00e9sentations sur le service dans diff\u00e9rents contextes culturels, des t\u00e9moignages de b\u00e9n\u00e9voles actifs, des sessions de questions et r\u00e9ponses, des opportunit\u00e9s de service actuellement disponibles et plus encore.<\/p>\n<p><div id=\"attachment_71722\" style=\"width: 1034px\" class=\"wp-caption aligncenter\"><img fetchpriority=\"high\" decoding=\"async\" aria-describedby=\"caption-attachment-71722\" class=\"size-large wp-image-71722\" src=\"https:\/\/recursing-golick.147-182-135-0.plesk.page\/wp-content\/uploads\/2021\/05\/avs-volunteers-2021-rev-1024x459.jpg\" alt=\"\" width=\"1024\" height=\"459\" srcset=\"https:\/\/interamerica.org\/wp-content\/uploads\/2021\/05\/avs-volunteers-2021-rev-1024x459.jpg 1024w, https:\/\/interamerica.org\/wp-content\/uploads\/2021\/05\/avs-volunteers-2021-rev-300x134.jpg 300w, https:\/\/interamerica.org\/wp-content\/uploads\/2021\/05\/avs-volunteers-2021-rev-768x344.jpg 768w, https:\/\/interamerica.org\/wp-content\/uploads\/2021\/05\/avs-volunteers-2021-rev.jpg 1100w\" sizes=\"(max-width: 1024px) 100vw, 1024px\" \/><p id=\"caption-attachment-71722\" class=\"wp-caption-text\">Cecilia N. (\u00e0 gauche), coordinatrice des Services de B\u00e9n\u00e9volat Adventistes dans la Division Eurasienne pr\u00e9sente des opportunit\u00e9s de service b\u00e9n\u00e9vole alors qu\u2019Irene Jimenez (\u00e0 droite) de l\u2019Universit\u00e9 de Montemorelos au Mexique, qui sert actuellement dans cette r\u00e9gion, observe avant de partager son exp\u00e9rience. Des dizaines de dirigeants et de membres se sont r\u00e9unis \u00e0 l\u2019occasion d\u2019un programme en ligne le 8 mai 2021 pour c\u00e9l\u00e9brer la Journ\u00e9e du Service de B\u00e9n\u00e9volat Adventiste et d\u00e9couvrir des opportunit\u00e9s de service dans la Division Inter Am\u00e9ricaine et dans l\u2019\u00c9glise mondiale. [Photo : Capture d\u2019\u00e9cran DIA]<\/p><\/div>\u00ab Nous sommes heureux et fiers d\u2019organiser ce programme et de r\u00e9affirmer aux b\u00e9n\u00e9voles qu\u2019ils accomplissent un minist\u00e8re pr\u00e9cieux dans toute la Division Inter Am\u00e9ricaine et dans le monde, \u00bb a d\u00e9clar\u00e9 pasteur Leonard Johnson, secr\u00e9taire ex\u00e9cutif de l\u2019\u00c9glise adventiste en Inter Am\u00e9rique et charg\u00e9 de la supervision d\u2019AVS.<\/p>\n<p>\u00ab Il y a un grand privil\u00e8ge dans ce que signifie \u00eatre b\u00e9n\u00e9vole en mission pour Dieu, \u00bb a-t-il d\u00e9clar\u00e9. \u00catre impliqu\u00e9 dans la mission signifie \u00eatre pr\u00e9par\u00e9 au niveau des comp\u00e9tences, de la langue, dans les comp\u00e9tences \u00e9ducatives ainsi que dans le maintien et le d\u00e9veloppement d\u2019une connexion plus profonde avec Dieu, a dit le pasteur Johnson. \u00ab La pr\u00e9paration interculturelle est essentielle pour \u00eatre \u00e9quip\u00e9, sensible et efficace afin d\u2019atteindre d\u2019autres cultures, \u00bb a-t-il d\u00e9clar\u00e9.<\/p>\n<p>Le programme avait pour objectif de continuer \u00e0 faire vivre le r\u00eave du service b\u00e9n\u00e9vole au sein de la Division Inter Am\u00e9ricaine, a d\u00e9clar\u00e9 Janelle Scantlebury-Smith, coordinatrice d\u2019AVS pour l\u2019\u00c9glise adventiste en Inter Am\u00e9rique. \u00ab Nous voulions engager davantage de b\u00e9n\u00e9voles qui n\u2019auraient peut-\u00eatre pas envisag\u00e9 une vie de service b\u00e9n\u00e9vole, \u00bb a-t-elle d\u00e9clar\u00e9. \u00ab Le programme constituait \u00e9galement un forum permettant \u00e0 tous les futurs b\u00e9n\u00e9voles de la DIA de se connecter directement avec les coordinateurs AVS dans les pays et les divisions o\u00f9 des opportunit\u00e9s de service b\u00e9n\u00e9vole sont disponibles. \u00bb<\/p>\n<p><div id=\"attachment_71688\" style=\"width: 799px\" class=\"wp-caption aligncenter\"><img decoding=\"async\" aria-describedby=\"caption-attachment-71688\" class=\" wp-image-71688\" src=\"https:\/\/recursing-golick.147-182-135-0.plesk.page\/wp-content\/uploads\/2021\/05\/janelle-scantlebury-smith.jpg\" alt=\"\" width=\"789\" height=\"442\" srcset=\"https:\/\/interamerica.org\/wp-content\/uploads\/2021\/05\/janelle-scantlebury-smith.jpg 1000w, https:\/\/interamerica.org\/wp-content\/uploads\/2021\/05\/janelle-scantlebury-smith-300x168.jpg 300w, https:\/\/interamerica.org\/wp-content\/uploads\/2021\/05\/janelle-scantlebury-smith-768x430.jpg 768w\" sizes=\"(max-width: 789px) 100vw, 789px\" \/><p id=\"caption-attachment-71688\" class=\"wp-caption-text\">Janelle Scantlebury-Smith, coordinatrice des Services de B\u00e9n\u00e9volat Adventistes pour l\u2019\u00c9glise adventiste en Inter Am\u00e9rique, pr\u00e9sente le programme de quatre heures sur Zoom le 8 mai 2021. [Photo : Capture d\u2019\u00e9cran DIA]<\/p><\/div>M\u00eame si des organisations ont d\u00fb fermer leurs portes aux b\u00e9n\u00e9voles l\u2019ann\u00e9e derni\u00e8re \u00e0 cause de la pand\u00e9mie, beaucoup assoupliront bient\u00f4t les restrictions pour les opportunit\u00e9s de service dans le monde entier, a dit Janelle Scantlebury-Smith. \u00ab En Inter Am\u00e9rique, il y a des options de service en ligne pour les volontaires, \u00bb a-t-elle d\u00e9clar\u00e9. Actuellement, il y a 21 volontaires adventistes venant de l\u2019Inter Am\u00e9rique qui servent l\u2019\u00c9glise mondiale et 60 sont en attente d\u2019affectation pour servir hors du territoire de la DIA.<\/p>\n<p>Cecilia N., qui coordonne AVS dans l\u2019une des unions de la Division Eurasienne, a partag\u00e9 avec le public les nombreuses opportunit\u00e9s d\u2019apprendre et de se d\u00e9velopper l\u00e0 o\u00f9 elle organise le service en Russie et dans d\u2019autres pays. Irene Jimenez de l\u2019Universit\u00e9 de Montemorelos, au Mexique, qui accomplit un service b\u00e9n\u00e9vole dans la r\u00e9gion, dit qu\u2019il \u00e9tait difficile de s\u2019adapter \u00e0 la culture, mais que son exp\u00e9rience lui a apport\u00e9 de grandes satisfactions dans son travail de b\u00e9n\u00e9vole si loin de chez elle.<\/p>\n<p>Plusieurs organisations AVS dans la DIA recrutent actuellement des b\u00e9n\u00e9voles dans un cadre virtuel comme en ce moment au Panama et en Colombie ; il y a aussi quelques opportunit\u00e9s en face-\u00e0-face ailleurs.<\/p>\n<p><div id=\"attachment_71682\" style=\"width: 879px\" class=\"wp-caption aligncenter\"><img decoding=\"async\" aria-describedby=\"caption-attachment-71682\" class=\" wp-image-71681\" src=\"https:\/\/recursing-golick.147-182-135-0.plesk.page\/wp-content\/uploads\/2021\/05\/avs-southernasia-pacifi-division-1024x463.jpg\" alt=\"\" width=\"869\" height=\"393\" srcset=\"https:\/\/interamerica.org\/wp-content\/uploads\/2021\/05\/avs-southernasia-pacifi-division-1024x463.jpg 1024w, https:\/\/interamerica.org\/wp-content\/uploads\/2021\/05\/avs-southernasia-pacifi-division-300x136.jpg 300w, https:\/\/interamerica.org\/wp-content\/uploads\/2021\/05\/avs-southernasia-pacifi-division-768x347.jpg 768w, https:\/\/interamerica.org\/wp-content\/uploads\/2021\/05\/avs-southernasia-pacifi-division.jpg 1200w\" sizes=\"(max-width: 869px) 100vw, 869px\" \/><p id=\"caption-attachment-71682\" class=\"wp-caption-text\">Pasteur Kevin Costello, secr\u00e9taire adjoint de la Division Asie-Pacifique Sud, pr\u00e9sente les opportunit\u00e9s disponibles pour le service b\u00e9n\u00e9vole lors de sa pr\u00e9sentation. [Photo : Capture d\u2019\u00e9cran DIA]<\/p><\/div>Les coordinateurs AVS de la Division Asie-Pacifique Sud, de la Division Eurasienne, de la Division Sud-Am\u00e9ricaine et de la Division de l\u2019Afrique de l\u2019Ouest, ainsi que dans le champ du Moyen-Orient et de l\u2019Afrique du Nord, ont pr\u00e9sent\u00e9 des opportunit\u00e9s de service et r\u00e9pondu aux questions de ceux qui \u00e9taient int\u00e9ress\u00e9s par le service b\u00e9n\u00e9vole.<\/p>\n<p>Les b\u00e9n\u00e9voles et les b\u00e9n\u00e9voles potentiels ont re\u00e7u des outils pour mieux servir dans un contexte musulman ou chinois. Les b\u00e9n\u00e9voles en service ont \u00e9galement partag\u00e9 de courtes exp\u00e9riences de l\u2019endroit o\u00f9 ils servent et ont encourag\u00e9 les participants au programme \u00e0 consacrer du temps \u00e0 atteindre les autres pour Christ.<\/p>\n<p>Beaucoup des opportunit\u00e9s actuellement disponibles incluent l\u2019enseignement de l\u2019anglais comme deuxi\u00e8me langue, a dit Janelle Scantlebury-Smith, mais il y en a d\u2019autres qui se pr\u00e9senteront bient\u00f4t.<\/p>\n<p><div id=\"attachment_71679\" style=\"width: 828px\" class=\"wp-caption aligncenter\"><img loading=\"lazy\" decoding=\"async\" aria-describedby=\"caption-attachment-71679\" class=\" wp-image-71679\" src=\"https:\/\/recursing-golick.147-182-135-0.plesk.page\/wp-content\/uploads\/2021\/05\/avs-edmun-cao-china.jpg\" alt=\"\" width=\"818\" height=\"459\" srcset=\"https:\/\/interamerica.org\/wp-content\/uploads\/2021\/05\/avs-edmun-cao-china.jpg 1000w, https:\/\/interamerica.org\/wp-content\/uploads\/2021\/05\/avs-edmun-cao-china-300x168.jpg 300w, https:\/\/interamerica.org\/wp-content\/uploads\/2021\/05\/avs-edmun-cao-china-768x431.jpg 768w\" sizes=\"(max-width: 818px) 100vw, 818px\" \/><p id=\"caption-attachment-71679\" class=\"wp-caption-text\">Edmund Cao, coordinateur AVS de l\u2019Union Chinoise, parle dans sa pr\u00e9sentation des choses \u00e0 faire et \u00e0 ne pas faire quand on sert dans les pays d\u2019Asie. [Photo : Capture d\u2019\u00e9cran DIA]<\/p><\/div>\u00ab Nous voulons que la mission soit une exp\u00e9rience intentionnelle pour vous, \u00bb a d\u00e9clar\u00e9 Janelle Scantlebury-Smith. \u00ab Il ne s\u2019agit pas simplement de se rendre quelque part, mais d\u2019apporter l\u2019\u00e9vangile aux autres. \u00bb<\/p>\n<p>Pour en savoir plus sur l\u2019inscription en tant que b\u00e9n\u00e9vole dans la DIA et dans l\u2019\u00c9glise adventiste mondiale, contactez le coordinateur AVS de votre union locale et visitez le site <a href=\"https:\/\/www.adventistvolunteers.org\/\">adventistvolunteers.org<\/a><\/p>\n<p>Traduction: Patrick Luciathe<\/p>\n","protected":false},"excerpt":{"rendered":"<p>10 Mai 2021 | Miami, Floride, \u00c9tats-Unis | Libna Stevens, P\u00f4le Informations de la Division Inter Am\u00e9ricaine Le Bureau du Service de B\u00e9n\u00e9volat Adventiste (AVS) dans la Division Inter Am\u00e9ricaine&#8230;<\/p>\n","protected":false},"author":3,"featured_media":71722,"comment_status":"closed","ping_status":"closed","sticky":false,"template":"","format":"standard","meta":{"_acf_changed":false,"footnotes":""},"categories":[20,19],"tags":[],"class_list":["post-71714","post","type-post","status-publish","format-standard","has-post-thumbnail","hentry","category-nouvelles-du-siege-de-la-division","category-rss-francais"],"acf":[],"yoast_head":"<!-- This site is optimized with the Yoast SEO plugin v27.3 - https:\/\/yoast.com\/product\/yoast-seo-wordpress\/ -->\n<title>L\u2019\u00c9glise adventiste en Inter Am\u00e9rique met en lumi\u00e8re les opportunit\u00e9s dans le service de b\u00e9n\u00e9volat adventiste - \u00c9glise Adventiste Du Septieme Jour - Inter Am\u00e9rique Division<\/title>\n<meta name=\"robots\" content=\"index, follow, max-snippet:-1, max-image-preview:large, max-video-preview:-1\" \/>\n<link rel=\"canonical\" href=\"https:\/\/interamerica.org\/fr\/2021\/05\/leglise-adventiste-en-inter-amerique-met-en-lumiere-les-opportunites-dans-le-service-de-benevolat-adventiste\/\" \/>\n<meta property=\"og:locale\" content=\"fr_FR\" \/>\n<meta property=\"og:type\" content=\"article\" \/>\n<meta property=\"og:title\" content=\"L\u2019\u00c9glise adventiste en Inter Am\u00e9rique met en lumi\u00e8re les opportunit\u00e9s dans le service de b\u00e9n\u00e9volat adventiste - \u00c9glise Adventiste Du Septieme Jour - Inter Am\u00e9rique Division\" \/>\n<meta property=\"og:description\" content=\"10 Mai 2021 | Miami, Floride, \u00c9tats-Unis | Libna Stevens, P\u00f4le Informations de la Division Inter Am\u00e9ricaine Le Bureau du Service de B\u00e9n\u00e9volat Adventiste (AVS) dans la Division Inter Am\u00e9ricaine...\" \/>\n<meta property=\"og:url\" content=\"https:\/\/interamerica.org\/fr\/2021\/05\/leglise-adventiste-en-inter-amerique-met-en-lumiere-les-opportunites-dans-le-service-de-benevolat-adventiste\/\" \/>\n<meta property=\"og:site_name\" content=\"\u00c9glise Adventiste Du Septieme Jour - Inter Am\u00e9rique Division\" \/>\n<meta property=\"article:published_time\" content=\"2021-05-11T00:36:59+00:00\" \/>\n<meta property=\"article:modified_time\" content=\"2021-05-12T15:07:04+00:00\" \/>\n<meta property=\"og:image\" content=\"https:\/\/interamerica.org\/wp-content\/uploads\/2021\/05\/avs-volunteers-2021-rev.jpg\" \/>\n\t<meta property=\"og:image:width\" content=\"1100\" \/>\n\t<meta property=\"og:image:height\" content=\"493\" \/>\n\t<meta property=\"og:image:type\" content=\"image\/jpeg\" \/>\n<meta name=\"author\" content=\"libna\" \/>\n<meta name=\"twitter:card\" content=\"summary_large_image\" \/>\n<meta name=\"twitter:label1\" content=\"\u00c9crit par\" \/>\n\t<meta name=\"twitter:data1\" content=\"libna\" \/>\n\t<meta name=\"twitter:label2\" content=\"Dur\u00e9e de lecture estim\u00e9e\" \/>\n\t<meta name=\"twitter:data2\" content=\"6 minutes\" \/>\n<script type=\"application\/ld+json\" class=\"yoast-schema-graph\">{\"@context\":\"https:\\\/\\\/schema.org\",\"@graph\":[{\"@type\":\"Article\",\"@id\":\"https:\\\/\\\/interamerica.org\\\/fr\\\/2021\\\/05\\\/leglise-adventiste-en-inter-amerique-met-en-lumiere-les-opportunites-dans-le-service-de-benevolat-adventiste\\\/#article\",\"isPartOf\":{\"@id\":\"https:\\\/\\\/interamerica.org\\\/fr\\\/2021\\\/05\\\/leglise-adventiste-en-inter-amerique-met-en-lumiere-les-opportunites-dans-le-service-de-benevolat-adventiste\\\/\"},\"author\":{\"name\":\"libna\",\"@id\":\"https:\\\/\\\/interamerica.org\\\/fr\\\/#\\\/schema\\\/person\\\/29998f2bc2d8bd0d38662909289b54f1\"},\"headline\":\"L\u2019\u00c9glise adventiste en Inter Am\u00e9rique met en lumi\u00e8re les opportunit\u00e9s dans le service de b\u00e9n\u00e9volat adventiste\",\"datePublished\":\"2021-05-11T00:36:59+00:00\",\"dateModified\":\"2021-05-12T15:07:04+00:00\",\"mainEntityOfPage\":{\"@id\":\"https:\\\/\\\/interamerica.org\\\/fr\\\/2021\\\/05\\\/leglise-adventiste-en-inter-amerique-met-en-lumiere-les-opportunites-dans-le-service-de-benevolat-adventiste\\\/\"},\"wordCount\":1166,\"image\":{\"@id\":\"https:\\\/\\\/interamerica.org\\\/fr\\\/2021\\\/05\\\/leglise-adventiste-en-inter-amerique-met-en-lumiere-les-opportunites-dans-le-service-de-benevolat-adventiste\\\/#primaryimage\"},\"thumbnailUrl\":\"https:\\\/\\\/interamerica.org\\\/wp-content\\\/uploads\\\/2021\\\/05\\\/avs-volunteers-2021-rev.jpg\",\"articleSection\":[\"Nouvelles du si\u00e8ge de la division\",\"RSS Fran\u00e7ais\"],\"inLanguage\":\"fr-FR\"},{\"@type\":\"WebPage\",\"@id\":\"https:\\\/\\\/interamerica.org\\\/fr\\\/2021\\\/05\\\/leglise-adventiste-en-inter-amerique-met-en-lumiere-les-opportunites-dans-le-service-de-benevolat-adventiste\\\/\",\"url\":\"https:\\\/\\\/interamerica.org\\\/fr\\\/2021\\\/05\\\/leglise-adventiste-en-inter-amerique-met-en-lumiere-les-opportunites-dans-le-service-de-benevolat-adventiste\\\/\",\"name\":\"L\u2019\u00c9glise adventiste en Inter Am\u00e9rique met en lumi\u00e8re les opportunit\u00e9s dans le service de b\u00e9n\u00e9volat adventiste - \u00c9glise Adventiste Du Septieme Jour - Inter Am\u00e9rique Division\",\"isPartOf\":{\"@id\":\"https:\\\/\\\/interamerica.org\\\/fr\\\/#website\"},\"primaryImageOfPage\":{\"@id\":\"https:\\\/\\\/interamerica.org\\\/fr\\\/2021\\\/05\\\/leglise-adventiste-en-inter-amerique-met-en-lumiere-les-opportunites-dans-le-service-de-benevolat-adventiste\\\/#primaryimage\"},\"image\":{\"@id\":\"https:\\\/\\\/interamerica.org\\\/fr\\\/2021\\\/05\\\/leglise-adventiste-en-inter-amerique-met-en-lumiere-les-opportunites-dans-le-service-de-benevolat-adventiste\\\/#primaryimage\"},\"thumbnailUrl\":\"https:\\\/\\\/interamerica.org\\\/wp-content\\\/uploads\\\/2021\\\/05\\\/avs-volunteers-2021-rev.jpg\",\"datePublished\":\"2021-05-11T00:36:59+00:00\",\"dateModified\":\"2021-05-12T15:07:04+00:00\",\"author\":{\"@id\":\"https:\\\/\\\/interamerica.org\\\/fr\\\/#\\\/schema\\\/person\\\/29998f2bc2d8bd0d38662909289b54f1\"},\"breadcrumb\":{\"@id\":\"https:\\\/\\\/interamerica.org\\\/fr\\\/2021\\\/05\\\/leglise-adventiste-en-inter-amerique-met-en-lumiere-les-opportunites-dans-le-service-de-benevolat-adventiste\\\/#breadcrumb\"},\"inLanguage\":\"fr-FR\",\"potentialAction\":[{\"@type\":\"ReadAction\",\"target\":[\"https:\\\/\\\/interamerica.org\\\/fr\\\/2021\\\/05\\\/leglise-adventiste-en-inter-amerique-met-en-lumiere-les-opportunites-dans-le-service-de-benevolat-adventiste\\\/\"]}]},{\"@type\":\"ImageObject\",\"inLanguage\":\"fr-FR\",\"@id\":\"https:\\\/\\\/interamerica.org\\\/fr\\\/2021\\\/05\\\/leglise-adventiste-en-inter-amerique-met-en-lumiere-les-opportunites-dans-le-service-de-benevolat-adventiste\\\/#primaryimage\",\"url\":\"https:\\\/\\\/interamerica.org\\\/wp-content\\\/uploads\\\/2021\\\/05\\\/avs-volunteers-2021-rev.jpg\",\"contentUrl\":\"https:\\\/\\\/interamerica.org\\\/wp-content\\\/uploads\\\/2021\\\/05\\\/avs-volunteers-2021-rev.jpg\",\"width\":1100,\"height\":493,\"caption\":\"Cecilia Nanni (\u00e0 gauche), coordinatrice des Services de B\u00e9n\u00e9volat Adventistes dans la Division Eurasienne pr\u00e9sente des opportunit\u00e9s de service b\u00e9n\u00e9vole alors qu\u2019Irene Jimenez (\u00e0 droite) de l\u2019Universit\u00e9 de Montemorelos au Mexique, qui sert actuellement dans cette r\u00e9gion, observe avant de partager son exp\u00e9rience. Des dizaines de dirigeants et de membres se sont r\u00e9unis \u00e0 l\u2019occasion d\u2019un programme en ligne le 8 mai 2021 pour c\u00e9l\u00e9brer la Journ\u00e9e du Service de B\u00e9n\u00e9volat Adventiste et d\u00e9couvrir des opportunit\u00e9s de service dans la Division Inter Am\u00e9ricaine et dans l\u2019\u00c9glise mondiale. [Photo : Capture d\u2019\u00e9cran DIA]\"},{\"@type\":\"BreadcrumbList\",\"@id\":\"https:\\\/\\\/interamerica.org\\\/fr\\\/2021\\\/05\\\/leglise-adventiste-en-inter-amerique-met-en-lumiere-les-opportunites-dans-le-service-de-benevolat-adventiste\\\/#breadcrumb\",\"itemListElement\":[{\"@type\":\"ListItem\",\"position\":1,\"name\":\"Home\",\"item\":\"https:\\\/\\\/interamerica.org\\\/fr\\\/\"},{\"@type\":\"ListItem\",\"position\":2,\"name\":\"L\u2019\u00c9glise adventiste en Inter Am\u00e9rique met en lumi\u00e8re les opportunit\u00e9s dans le service de b\u00e9n\u00e9volat adventiste\"}]},{\"@type\":\"WebSite\",\"@id\":\"https:\\\/\\\/interamerica.org\\\/fr\\\/#website\",\"url\":\"https:\\\/\\\/interamerica.org\\\/fr\\\/\",\"name\":\"\u00c9glise Adventiste Du Septieme Jour - Inter Am\u00e9rique Division\",\"description\":\"\",\"potentialAction\":[{\"@type\":\"SearchAction\",\"target\":{\"@type\":\"EntryPoint\",\"urlTemplate\":\"https:\\\/\\\/interamerica.org\\\/fr\\\/?s={search_term_string}\"},\"query-input\":{\"@type\":\"PropertyValueSpecification\",\"valueRequired\":true,\"valueName\":\"search_term_string\"}}],\"inLanguage\":\"fr-FR\"},{\"@type\":\"Person\",\"@id\":\"https:\\\/\\\/interamerica.org\\\/fr\\\/#\\\/schema\\\/person\\\/29998f2bc2d8bd0d38662909289b54f1\",\"name\":\"libna\",\"image\":{\"@type\":\"ImageObject\",\"inLanguage\":\"fr-FR\",\"@id\":\"https:\\\/\\\/secure.gravatar.com\\\/avatar\\\/7c5bd30ae4b47a9ba3c856590957fd1d96dc588bf3ac05719d247e126840331f?s=96&d=mm&r=g\",\"url\":\"https:\\\/\\\/secure.gravatar.com\\\/avatar\\\/7c5bd30ae4b47a9ba3c856590957fd1d96dc588bf3ac05719d247e126840331f?s=96&d=mm&r=g\",\"contentUrl\":\"https:\\\/\\\/secure.gravatar.com\\\/avatar\\\/7c5bd30ae4b47a9ba3c856590957fd1d96dc588bf3ac05719d247e126840331f?s=96&d=mm&r=g\",\"caption\":\"libna\"}}]}<\/script>\n<!-- \/ Yoast SEO plugin. -->","yoast_head_json":{"title":"L\u2019\u00c9glise adventiste en Inter Am\u00e9rique met en lumi\u00e8re les opportunit\u00e9s dans le service de b\u00e9n\u00e9volat adventiste - \u00c9glise Adventiste Du Septieme Jour - Inter Am\u00e9rique Division","robots":{"index":"index","follow":"follow","max-snippet":"max-snippet:-1","max-image-preview":"max-image-preview:large","max-video-preview":"max-video-preview:-1"},"canonical":"https:\/\/interamerica.org\/fr\/2021\/05\/leglise-adventiste-en-inter-amerique-met-en-lumiere-les-opportunites-dans-le-service-de-benevolat-adventiste\/","og_locale":"fr_FR","og_type":"article","og_title":"L\u2019\u00c9glise adventiste en Inter Am\u00e9rique met en lumi\u00e8re les opportunit\u00e9s dans le service de b\u00e9n\u00e9volat adventiste - \u00c9glise Adventiste Du Septieme Jour - Inter Am\u00e9rique Division","og_description":"10 Mai 2021 | Miami, Floride, \u00c9tats-Unis | Libna Stevens, P\u00f4le Informations de la Division Inter Am\u00e9ricaine Le Bureau du Service de B\u00e9n\u00e9volat Adventiste (AVS) dans la Division Inter Am\u00e9ricaine...","og_url":"https:\/\/interamerica.org\/fr\/2021\/05\/leglise-adventiste-en-inter-amerique-met-en-lumiere-les-opportunites-dans-le-service-de-benevolat-adventiste\/","og_site_name":"\u00c9glise Adventiste Du Septieme Jour - Inter Am\u00e9rique Division","article_published_time":"2021-05-11T00:36:59+00:00","article_modified_time":"2021-05-12T15:07:04+00:00","og_image":[{"width":1100,"height":493,"url":"https:\/\/interamerica.org\/wp-content\/uploads\/2021\/05\/avs-volunteers-2021-rev.jpg","type":"image\/jpeg"}],"author":"libna","twitter_card":"summary_large_image","twitter_misc":{"\u00c9crit par":"libna","Dur\u00e9e de lecture estim\u00e9e":"6 minutes"},"schema":{"@context":"https:\/\/schema.org","@graph":[{"@type":"Article","@id":"https:\/\/interamerica.org\/fr\/2021\/05\/leglise-adventiste-en-inter-amerique-met-en-lumiere-les-opportunites-dans-le-service-de-benevolat-adventiste\/#article","isPartOf":{"@id":"https:\/\/interamerica.org\/fr\/2021\/05\/leglise-adventiste-en-inter-amerique-met-en-lumiere-les-opportunites-dans-le-service-de-benevolat-adventiste\/"},"author":{"name":"libna","@id":"https:\/\/interamerica.org\/fr\/#\/schema\/person\/29998f2bc2d8bd0d38662909289b54f1"},"headline":"L\u2019\u00c9glise adventiste en Inter Am\u00e9rique met en lumi\u00e8re les opportunit\u00e9s dans le service de b\u00e9n\u00e9volat adventiste","datePublished":"2021-05-11T00:36:59+00:00","dateModified":"2021-05-12T15:07:04+00:00","mainEntityOfPage":{"@id":"https:\/\/interamerica.org\/fr\/2021\/05\/leglise-adventiste-en-inter-amerique-met-en-lumiere-les-opportunites-dans-le-service-de-benevolat-adventiste\/"},"wordCount":1166,"image":{"@id":"https:\/\/interamerica.org\/fr\/2021\/05\/leglise-adventiste-en-inter-amerique-met-en-lumiere-les-opportunites-dans-le-service-de-benevolat-adventiste\/#primaryimage"},"thumbnailUrl":"https:\/\/interamerica.org\/wp-content\/uploads\/2021\/05\/avs-volunteers-2021-rev.jpg","articleSection":["Nouvelles du si\u00e8ge de la division","RSS Fran\u00e7ais"],"inLanguage":"fr-FR"},{"@type":"WebPage","@id":"https:\/\/interamerica.org\/fr\/2021\/05\/leglise-adventiste-en-inter-amerique-met-en-lumiere-les-opportunites-dans-le-service-de-benevolat-adventiste\/","url":"https:\/\/interamerica.org\/fr\/2021\/05\/leglise-adventiste-en-inter-amerique-met-en-lumiere-les-opportunites-dans-le-service-de-benevolat-adventiste\/","name":"L\u2019\u00c9glise adventiste en Inter Am\u00e9rique met en lumi\u00e8re les opportunit\u00e9s dans le service de b\u00e9n\u00e9volat adventiste - \u00c9glise Adventiste Du Septieme Jour - Inter Am\u00e9rique Division","isPartOf":{"@id":"https:\/\/interamerica.org\/fr\/#website"},"primaryImageOfPage":{"@id":"https:\/\/interamerica.org\/fr\/2021\/05\/leglise-adventiste-en-inter-amerique-met-en-lumiere-les-opportunites-dans-le-service-de-benevolat-adventiste\/#primaryimage"},"image":{"@id":"https:\/\/interamerica.org\/fr\/2021\/05\/leglise-adventiste-en-inter-amerique-met-en-lumiere-les-opportunites-dans-le-service-de-benevolat-adventiste\/#primaryimage"},"thumbnailUrl":"https:\/\/interamerica.org\/wp-content\/uploads\/2021\/05\/avs-volunteers-2021-rev.jpg","datePublished":"2021-05-11T00:36:59+00:00","dateModified":"2021-05-12T15:07:04+00:00","author":{"@id":"https:\/\/interamerica.org\/fr\/#\/schema\/person\/29998f2bc2d8bd0d38662909289b54f1"},"breadcrumb":{"@id":"https:\/\/interamerica.org\/fr\/2021\/05\/leglise-adventiste-en-inter-amerique-met-en-lumiere-les-opportunites-dans-le-service-de-benevolat-adventiste\/#breadcrumb"},"inLanguage":"fr-FR","potentialAction":[{"@type":"ReadAction","target":["https:\/\/interamerica.org\/fr\/2021\/05\/leglise-adventiste-en-inter-amerique-met-en-lumiere-les-opportunites-dans-le-service-de-benevolat-adventiste\/"]}]},{"@type":"ImageObject","inLanguage":"fr-FR","@id":"https:\/\/interamerica.org\/fr\/2021\/05\/leglise-adventiste-en-inter-amerique-met-en-lumiere-les-opportunites-dans-le-service-de-benevolat-adventiste\/#primaryimage","url":"https:\/\/interamerica.org\/wp-content\/uploads\/2021\/05\/avs-volunteers-2021-rev.jpg","contentUrl":"https:\/\/interamerica.org\/wp-content\/uploads\/2021\/05\/avs-volunteers-2021-rev.jpg","width":1100,"height":493,"caption":"Cecilia Nanni (\u00e0 gauche), coordinatrice des Services de B\u00e9n\u00e9volat Adventistes dans la Division Eurasienne pr\u00e9sente des opportunit\u00e9s de service b\u00e9n\u00e9vole alors qu\u2019Irene Jimenez (\u00e0 droite) de l\u2019Universit\u00e9 de Montemorelos au Mexique, qui sert actuellement dans cette r\u00e9gion, observe avant de partager son exp\u00e9rience. Des dizaines de dirigeants et de membres se sont r\u00e9unis \u00e0 l\u2019occasion d\u2019un programme en ligne le 8 mai 2021 pour c\u00e9l\u00e9brer la Journ\u00e9e du Service de B\u00e9n\u00e9volat Adventiste et d\u00e9couvrir des opportunit\u00e9s de service dans la Division Inter Am\u00e9ricaine et dans l\u2019\u00c9glise mondiale. [Photo : Capture d\u2019\u00e9cran DIA]"},{"@type":"BreadcrumbList","@id":"https:\/\/interamerica.org\/fr\/2021\/05\/leglise-adventiste-en-inter-amerique-met-en-lumiere-les-opportunites-dans-le-service-de-benevolat-adventiste\/#breadcrumb","itemListElement":[{"@type":"ListItem","position":1,"name":"Home","item":"https:\/\/interamerica.org\/fr\/"},{"@type":"ListItem","position":2,"name":"L\u2019\u00c9glise adventiste en Inter Am\u00e9rique met en lumi\u00e8re les opportunit\u00e9s dans le service de b\u00e9n\u00e9volat adventiste"}]},{"@type":"WebSite","@id":"https:\/\/interamerica.org\/fr\/#website","url":"https:\/\/interamerica.org\/fr\/","name":"\u00c9glise Adventiste Du Septieme Jour - Inter Am\u00e9rique Division","description":"","potentialAction":[{"@type":"SearchAction","target":{"@type":"EntryPoint","urlTemplate":"https:\/\/interamerica.org\/fr\/?s={search_term_string}"},"query-input":{"@type":"PropertyValueSpecification","valueRequired":true,"valueName":"search_term_string"}}],"inLanguage":"fr-FR"},{"@type":"Person","@id":"https:\/\/interamerica.org\/fr\/#\/schema\/person\/29998f2bc2d8bd0d38662909289b54f1","name":"libna","image":{"@type":"ImageObject","inLanguage":"fr-FR","@id":"https:\/\/secure.gravatar.com\/avatar\/7c5bd30ae4b47a9ba3c856590957fd1d96dc588bf3ac05719d247e126840331f?s=96&d=mm&r=g","url":"https:\/\/secure.gravatar.com\/avatar\/7c5bd30ae4b47a9ba3c856590957fd1d96dc588bf3ac05719d247e126840331f?s=96&d=mm&r=g","contentUrl":"https:\/\/secure.gravatar.com\/avatar\/7c5bd30ae4b47a9ba3c856590957fd1d96dc588bf3ac05719d247e126840331f?s=96&d=mm&r=g","caption":"libna"}}]}},"_links":{"self":[{"href":"https:\/\/interamerica.org\/fr\/wp-json\/wp\/v2\/posts\/71714","targetHints":{"allow":["GET"]}}],"collection":[{"href":"https:\/\/interamerica.org\/fr\/wp-json\/wp\/v2\/posts"}],"about":[{"href":"https:\/\/interamerica.org\/fr\/wp-json\/wp\/v2\/types\/post"}],"author":[{"embeddable":true,"href":"https:\/\/interamerica.org\/fr\/wp-json\/wp\/v2\/users\/3"}],"replies":[{"embeddable":true,"href":"https:\/\/interamerica.org\/fr\/wp-json\/wp\/v2\/comments?post=71714"}],"version-history":[{"count":0,"href":"https:\/\/interamerica.org\/fr\/wp-json\/wp\/v2\/posts\/71714\/revisions"}],"wp:featuredmedia":[{"embeddable":true,"href":"https:\/\/interamerica.org\/fr\/wp-json\/wp\/v2\/media\/71722"}],"wp:attachment":[{"href":"https:\/\/interamerica.org\/fr\/wp-json\/wp\/v2\/media?parent=71714"}],"wp:term":[{"taxonomy":"category","embeddable":true,"href":"https:\/\/interamerica.org\/fr\/wp-json\/wp\/v2\/categories?post=71714"},{"taxonomy":"post_tag","embeddable":true,"href":"https:\/\/interamerica.org\/fr\/wp-json\/wp\/v2\/tags?post=71714"}],"curies":[{"name":"wp","href":"https:\/\/api.w.org\/{rel}","templated":true}]}}