{"id":71748,"date":"2021-05-10T12:20:45","date_gmt":"2021-05-10T16:20:45","guid":{"rendered":"https:\/\/recursing-golick.147-182-135-0.plesk.page\/?p=71748"},"modified":"2021-05-12T12:32:11","modified_gmt":"2021-05-12T16:32:11","slug":"interventions-dorganismes-adventistes-en-inde-et-au-bresil-pays-ravages-par-la-pandemie","status":"publish","type":"post","link":"https:\/\/interamerica.org\/fr\/2021\/05\/interventions-dorganismes-adventistes-en-inde-et-au-bresil-pays-ravages-par-la-pandemie\/","title":{"rendered":"Interventions d\u2019organismes adventistes en Inde et au Br\u00e9sil, pays ravag\u00e9s par la pand\u00e9mie"},"content":{"rendered":"<p><strong>\u00c9tant donn\u00e9 les tristes d\u00e9veloppements, les dirigeants votent le d\u00e9blocage de fonds pour des intervention de secours d\u2019urgence. <\/strong><\/p>\n<p class=\"subtitle\">Le 10 mai 2021 | Silver Spring, Maryland, \u00c9tats-Unis | Marcos Paseggi d\u2019<em>Adventist Review<\/em><\/p>\n<p>Les dirigeants de plusieurs organismes adventistes du septi\u00e8me jour se joignent aux efforts d\u2019offrir une assistance d\u2019urgence \u00e0 l\u2019Inde et au Br\u00e9sil. En effet, dans une action du 4\u00a0mai dernier, le comit\u00e9 administratif de la Conf\u00e9rence g\u00e9n\u00e9rale (GC-ADCOM) a vot\u00e9 le d\u00e9blocage de fonds de pr\u00e9voyance et l\u2019augmentation de la coordination des efforts de divers organismes de l\u2019\u00c9glise pour aider ces deux pays ravag\u00e9s par la pand\u00e9mie.<\/p>\n<p>Les dirigeants adventistes ont expliqu\u00e9 que plusieurs organismes de l\u2019\u00c9glise aidaient d\u00e9j\u00e0 de nombreux pays affect\u00e9s par cette longue pand\u00e9mie de COVID-19. <a href=\"https:\/\/recursing-golick.147-182-135-0.plesk.page\/fr\/2021\/05\/redoublement-des-efforts-dadra-pour-aider-linde-en-crise-sanitaire-de-covid-19\/\">ADRA en Inde a d\u00e9j\u00e0 lanc\u00e9 plusieurs projets<\/a> en partenariat avec le syst\u00e8me de sant\u00e9 de l\u2019\u00c9glise adventiste du septi\u00e8me jour en Inde. \u00ab\u00a0Les estimations initiales du soutien financier et du programme de renforcement totalisent environ 250\u00a0000\u00a0$\u00a0US\u00a0\u00bb, ont-ils rapport\u00e9. Mais depuis le d\u00e9but de la pand\u00e9mie, l\u2019intervention d\u2019ADRA relative \u00e0 la COVID-19 en Inde d\u00e9passe les 1\u00a0210\u00a0000\u00a0$, un autre million \u00e9tant attendu dans les prochaines semaines.<\/p>\n<div id=\"attachment_71701\" style=\"width: 828px\" class=\"wp-caption aligncenter\"><img fetchpriority=\"high\" decoding=\"async\" aria-describedby=\"caption-attachment-71701\" class=\" wp-image-71700\" src=\"https:\/\/recursing-golick.147-182-135-0.plesk.page\/wp-content\/uploads\/2021\/05\/adrai-india-1024x640.jpg\" alt=\"\" width=\"818\" height=\"511\" srcset=\"https:\/\/interamerica.org\/wp-content\/uploads\/2021\/05\/adrai-india-1024x640.jpg 1024w, https:\/\/interamerica.org\/wp-content\/uploads\/2021\/05\/adrai-india-300x188.jpg 300w, https:\/\/interamerica.org\/wp-content\/uploads\/2021\/05\/adrai-india-768x480.jpg 768w, https:\/\/interamerica.org\/wp-content\/uploads\/2021\/05\/adrai-india.jpg 1280w\" sizes=\"(max-width: 818px) 100vw, 818px\" \/><p id=\"caption-attachment-71701\" class=\"wp-caption-text\"><span lang=\"FR-CA\">Des gens attendant leur tour d\u2019\u00eatre vaccin\u00e9. Une photo gracieuset\u00e9 d\u2019ADRA International.<\/span><\/p><\/div>\n<p>L\u2019assistance en Inde comprend jusqu\u2019ici une machine g\u00e9n\u00e9ratrice d\u2019oxyg\u00e8ne pour l\u2019h\u00f4pital adventiste du septi\u00e8me jour de Surat ainsi que 3\u00a0000\u00a0trousses d\u2019\u00e9quipement de protection individuelle pour les h\u00f4pitaux adventistes de Bangalore, de Pune et de Nuzvid. ADRA en Inde a aussi contribu\u00e9 \u00e0 l\u2019effort de fournir 20\u00a0concentrateurs d\u2019oxyg\u00e8ne \u00e0 ces m\u00eames trois h\u00f4pitaux ainsi qu\u2019une aide cibl\u00e9e \u00e0 quatre centres de vaccination pendant trois mois \u00e0 Delhi.<\/p>\n<p>L\u2019action du GC-ADCOM assure que la Conf\u00e9rence g\u00e9n\u00e9rale (CG), en partenariat avec le d\u00e9partement des minist\u00e8res de la Sant\u00e9 adventistes et Adventist Health International (AHI), bas\u00e9 au Centre m\u00e9dical de l\u2019Universit\u00e9 de Loma Linda (LLUH pour Loma Linda University Health), assignera une contribution combin\u00e9e de 200\u00a0000\u00a0$\u00a0US provenant du fonds de pr\u00e9voyance mondial de la CG et d\u2019autres sources \u00e0 \u00eatre distribu\u00e9s de mani\u00e8re proportionnelle parmi les onze h\u00f4pitaux adventistes de l\u2019Inde. En plus de l\u2019aide d\u2019ADRA en Inde offerte \u00e0 ces \u00e9tablissements de sant\u00e9, ces fonds iront soutenir la lutte contre la pand\u00e9mie dans les h\u00f4pitaux adventistes, notamment, de Ranchi, d\u2019Ottapalam, d\u2019Aizawl et de Thanjavur.<\/p>\n<p>Le Dr\u00a0Richard Hart, pr\u00e9sident du LLUH, qui pr\u00e9side \u00e9galement l\u2019\u00e9quipe de gestion d\u2019AHI, a expliqu\u00e9 que, lorsque la pand\u00e9mie s\u2019est intensifi\u00e9e il y a un an, les dirigeants d\u2019AHI ont pris conscience des impacts d\u00e9vastateurs qu\u2019elle pourrait avoir sur la quarantaine d\u2019h\u00f4pitaux que l\u2019organisation s\u2019efforce de soutenir. \u00ab\u00a0Nous avons alors cr\u00e9\u00e9 un fonds de 500\u00a0000\u00a0$\u00a0US pour la COVID-19 afin d\u2019assurer aux h\u00f4pitaux et \u00e0 l\u2019\u00c9glise adventiste mondiale les salaires, l\u2019achat de fournitures et l\u2019expertise m\u00e9dicale.\u00a0\u00bb<\/p>\n<p>Comme l\u2019attention est maintenant tourn\u00e9e vers l\u2019Inde, le Dr\u00a0Hart a dit qu\u2019AHI travaillait \u00e0 nouveau en partenariat avec les \u00e9tablissements de soins de sant\u00e9 adventistes. \u00ab\u00a0Nous collaborons avec les onze h\u00f4pitaux adventistes de ce grand pays pour aider nos professionnels de la sant\u00e9 qui travaillent dans des conditions tr\u00e8s difficiles.\u00a0\u00bb<\/p>\n<p>L\u2019action du 4\u00a0mai comprend \u00e9galement le transfert de 75\u00a0000\u00a0$\u00a0US du fonds de pr\u00e9voyance mondial de la CG \u00e0 trois gros h\u00f4pitaux adventistes du Br\u00e9sil. Ces \u00e9tablissements de soins de sant\u00e9, situ\u00e9s \u00e0 Rio de Janeiro, Manaus et Bel\u00e9m, ont \u00e9t\u00e9 consid\u00e9rablement affect\u00e9s par la derni\u00e8re vague de la pand\u00e9mie, selon les dirigeants de l\u2019\u00c9glise.<\/p>\n<p>Le Dr\u00a0Peter Landless, directeur des minist\u00e8res de la Sant\u00e9 de l\u2019\u00c9glise adventiste et vice-pr\u00e9sident d\u2019AHI, a dit \u00e0 <em>Adventist R<\/em>eview qu\u2019il croit que \u00ab\u00a0les ravages de la COVID-19 en Inde refl\u00e8tent la souffrance et la crise humanitaire non dilu\u00e9e de cette plan\u00e8te d\u00e9chir\u00e9e, et c\u2019est d\u2019une grande tristesse\u00a0\u00bb. En des temps pareils, a-t-il ajout\u00e9, l\u2019\u00c9glise adventiste est d\u00e9vou\u00e9e \u00e0 faire accro\u00eetre le minist\u00e8re de gu\u00e9rison de J\u00e9sus.<\/p>\n<p>Il a \u00e9galement compris que l\u2019objectif de l\u2019action prise par les dirigeants adventistes consiste \u00e0 \u00ab\u00a0exprimer notre solidarit\u00e9 avec nos h\u00f4pitaux, nos travailleurs de la sant\u00e9 et nos membres, qui fonctionnent tous au-del\u00e0 de leur capacit\u00e9 maximale et de leurs \u00e9quipements\u00a0\u00bb durant cette pand\u00e9mie. \u00ab\u00a0Nous comprenons totalement, en pr\u00e9sence de l\u2019\u00e9normit\u00e9 de la situation, que ce soutien ne repr\u00e9sente que la fameuse goutte dans l\u2019oc\u00e9an, mais chaque dollar compte.\u00a0\u00bb<\/p>\n<p>\u00c0 la lumi\u00e8re des derniers d\u00e9veloppements, le Dr\u00a0Landless a soulign\u00e9 qu\u2019il se sent \u00ab\u00a0extr\u00eamement reconnaissant et fier\u00a0\u00bb de l\u2019intervention de l\u2019\u00c9glise adventiste, qui peut \u00ab\u00a0r\u00e9agir de mani\u00e8re efficace, r\u00e9pondre et vivre la mission comme une \u00e9quipe\u00a0\u00bb dans les urgences comme celle-ci. \u00ab\u00a0Comme j\u2019aime le dire, et je le crois profond\u00e9ment, Voil\u00e0 l\u2019\u00c9glise \u00e0 son meilleur!\u00a0\u00bb<\/p>\n<p>Les dirigeants ont fait remarquer que l\u2019argent de secours pour la COVID-19 distribu\u00e9 aux \u00e9tablissements de soins de sant\u00e9 adventistes et pour les efforts sanitaires du monde entier a d\u00e9pass\u00e9 le million de dollars am\u00e9ricains au cours des neuf derniers mois, ce qui exclut les montants vot\u00e9s cette semaine. Ces interventions ont \u00e9t\u00e9 financ\u00e9es par la CG, AHI, le fonds de mission m\u00e9dicale des minist\u00e8res de la Sant\u00e9 de la CG et les dons sp\u00e9ciaux de l\u2019Union de mission chinoise (en argent et en masques).<\/p>\n<p>D\u2019apr\u00e8s les dirigeants de l\u2019\u00c9glise, les b\u00e9n\u00e9ficiaires ont utilis\u00e9 les fonds et se sont rapport\u00e9s aux entit\u00e9s de soutien et de dons. \u00ab\u00a0La m\u00eame proc\u00e9dure d\u2019utilisation et de rapport des fonds est attendue [dans ce cas]\u00a0\u00bb, a expliqu\u00e9 le Dr\u00a0Landless. Lui et le Dr\u00a0Hart agiront, au besoin, en tant que conseillers sur l\u2019utilisation des fonds sur les initiatives et les projets d\u00e9sign\u00e9s.<\/p>\n<p>Depuis le 22\u00a0avril, l\u2019Inde rapporte plus de 300\u00a0000\u00a0cas par jour, et ce, d\u2019apr\u00e8s l\u2019actualisation de CNN bas\u00e9e sur les chiffres publi\u00e9s par le minist\u00e8re de la Sant\u00e9 indien. Le 6\u00a0mai, 412\u00a0262\u00a0nouveaux cas de COVID-19 ont \u00e9t\u00e9 recens\u00e9s, un nouveau record pour une seule journ\u00e9e. Au 6\u00a0mai, les autorit\u00e9s avaient identifi\u00e9 plus de 21\u00a0millions de cas, dont 8,3\u00a0millions dans les 30\u00a0jours pr\u00e9c\u00e9dents. La m\u00eame date, l\u2019Inde a \u00e9galement rapport\u00e9 pr\u00e8s de 4\u00a0000\u00a0d\u00e9c\u00e8s, c\u2019\u00e9tait le neuvi\u00e8me jour cons\u00e9cutif o\u00f9 le nombre de morts d\u00e9passait les 3\u00a0000.<\/p>\n<p>Dans une d\u00e9claration publi\u00e9e le 6\u00a0mai, Ted N. C. Wilson, pr\u00e9sident de la Conf\u00e9rence g\u00e9n\u00e9rale, a demand\u00e9 aux dirigeants et aux membres adventistes du monde entier de prier afin que le Seigneur utilise les h\u00f4pitaux et les professionnels de la sant\u00e9 adventistes pour apaiser cette pand\u00e9mie d\u00e9vastatrice\u00a0:<\/p>\n<p>\u00ab\u00a0La d\u00e9cision d\u2019aider la Division de l\u2019Asie du Sud avec des fonds de secours pour aider les h\u00f4pitaux adventistes du septi\u00e8me jour en Inde \u00e0 \u00e9craser la crise de la pand\u00e9mie de COVID-19 est venue \u00e0 la suite d\u2019un appel urgent du pasteur Ezras Lakra, pr\u00e9sident de ladite Division.<\/p>\n<p>\u00ab\u00a0La situation sanitaire est tellement grave en Inde, la d\u00e9vastation humaine tellement grande, que l\u2019assistance, m\u00eame modeste, \u00e9tait la bonne chose \u00e0 faire, compte tenu de la crise accablante de sant\u00e9 publique que vivent la population et nos h\u00f4pitaux adventistes qui soignent les gens comme Christ le faisait. J\u2019ai demand\u00e9 au Dr Peter Landless de coordonner les interventions de secours, et il a adopt\u00e9 une approche collaborative avec la Conf\u00e9rence g\u00e9n\u00e9rale, ADRA International et Adventist Health International, organisme \u00e9troitement li\u00e9 \u00e0 la Conf\u00e9rence g\u00e9n\u00e9rale et au Centre m\u00e9dical de l\u2019Universit\u00e9 de Loma Linda.<\/p>\n<p>\u00ab\u00a0Nous aidons \u00e9galement modestement la Division sud-am\u00e9ricaine avec un don financier pour l\u2019aider dans ses efforts de sauver des vies sur ce vaste territoire. Merci de prier afin que le Seigneur utilise les h\u00f4pitaux et les professionnels de la sant\u00e9 adventistes pour apaiser cette pand\u00e9mie d\u00e9vastatrice, non seulement dans les r\u00e9gions mentionn\u00e9es, mais partout dans le monde.<\/p>\n<p>\u00ab\u00a0Que cet \u00e9v\u00e9nement nous serve de signal d\u2019alarme que J\u00e9sus revient bient\u00f4t et que nous devons partager la justice de Christ, que l\u2019on retrouve magnifiquement dans ses messages des trois anges, ainsi que son proche retour. D\u2019ici l\u00e0, faisons tout notre possible pour suivre les traces de notre Sauveur en venant en aide aux gens dans le besoin.\u00a0\u00bb<\/p>\n<div id=\"attachment_71704\" style=\"width: 844px\" class=\"wp-caption aligncenter\"><img decoding=\"async\" aria-describedby=\"caption-attachment-71704\" class=\"wp-image-71704\" src=\"https:\/\/recursing-golick.147-182-135-0.plesk.page\/wp-content\/uploads\/2021\/05\/adrai-india-relief.jpg\" alt=\"\" width=\"834\" height=\"417\" srcset=\"https:\/\/interamerica.org\/wp-content\/uploads\/2021\/05\/adrai-india-relief.jpg 1024w, https:\/\/interamerica.org\/wp-content\/uploads\/2021\/05\/adrai-india-relief-300x150.jpg 300w, https:\/\/interamerica.org\/wp-content\/uploads\/2021\/05\/adrai-india-relief-768x384.jpg 768w\" sizes=\"(max-width: 834px) 100vw, 834px\" \/><p id=\"caption-attachment-71704\" class=\"wp-caption-text\">Une image d\u2019ADRA International.<\/p><\/div>\n<p><em>Pour faire un don aux secours d\u2019urgence d\u2019ADRA pour l\u2019Inde et le Br\u00e9sil, rendez-vous sur <\/em><em><a href=\"https:\/\/donations.adra.org\/covid19response-sm\">ADRA.ORG\/COVID19Response<\/a><\/em><em>.<\/em><\/p>\n<p>Traduction\u00a0: Marie-Mich\u00e8le Robitaille<\/p>\n","protected":false},"excerpt":{"rendered":"<p>\u00c9tant donn\u00e9 les tristes d\u00e9veloppements, les dirigeants votent le d\u00e9blocage de fonds pour des intervention de secours d\u2019urgence. Le 10 mai 2021 | Silver Spring, Maryland, \u00c9tats-Unis | Marcos Paseggi&#8230;<\/p>\n","protected":false},"author":3,"featured_media":71701,"comment_status":"closed","ping_status":"closed","sticky":false,"template":"","format":"standard","meta":{"_acf_changed":false,"footnotes":""},"categories":[18,19],"tags":[],"class_list":["post-71748","post","type-post","status-publish","format-standard","has-post-thumbnail","hentry","category-nouvelles-de-leglise-mondiale","category-rss-francais"],"acf":[],"yoast_head":"<!-- This site is optimized with the Yoast SEO plugin v27.3 - https:\/\/yoast.com\/product\/yoast-seo-wordpress\/ -->\n<title>Interventions d\u2019organismes adventistes en Inde et au Br\u00e9sil, pays ravag\u00e9s par la pand\u00e9mie - \u00c9glise Adventiste Du Septieme Jour - Inter Am\u00e9rique Division<\/title>\n<meta name=\"robots\" content=\"index, follow, max-snippet:-1, max-image-preview:large, max-video-preview:-1\" \/>\n<link rel=\"canonical\" href=\"https:\/\/interamerica.org\/fr\/2021\/05\/interventions-dorganismes-adventistes-en-inde-et-au-bresil-pays-ravages-par-la-pandemie\/\" \/>\n<meta property=\"og:locale\" content=\"fr_FR\" \/>\n<meta property=\"og:type\" content=\"article\" \/>\n<meta property=\"og:title\" content=\"Interventions d\u2019organismes adventistes en Inde et au Br\u00e9sil, pays ravag\u00e9s par la pand\u00e9mie - \u00c9glise Adventiste Du Septieme Jour - Inter Am\u00e9rique Division\" \/>\n<meta property=\"og:description\" content=\"\u00c9tant donn\u00e9 les tristes d\u00e9veloppements, les dirigeants votent le d\u00e9blocage de fonds pour des intervention de secours d\u2019urgence. Le 10 mai 2021 | Silver Spring, Maryland, \u00c9tats-Unis | Marcos Paseggi...\" \/>\n<meta property=\"og:url\" content=\"https:\/\/interamerica.org\/fr\/2021\/05\/interventions-dorganismes-adventistes-en-inde-et-au-bresil-pays-ravages-par-la-pandemie\/\" \/>\n<meta property=\"og:site_name\" content=\"\u00c9glise Adventiste Du Septieme Jour - Inter Am\u00e9rique Division\" \/>\n<meta property=\"article:published_time\" content=\"2021-05-10T16:20:45+00:00\" \/>\n<meta property=\"article:modified_time\" content=\"2021-05-12T16:32:11+00:00\" \/>\n<meta property=\"og:image\" content=\"https:\/\/interamerica.org\/wp-content\/uploads\/2021\/05\/adrai-india.jpg\" \/>\n\t<meta property=\"og:image:width\" content=\"1280\" \/>\n\t<meta property=\"og:image:height\" content=\"800\" \/>\n\t<meta property=\"og:image:type\" content=\"image\/jpeg\" \/>\n<meta name=\"author\" content=\"libna\" \/>\n<meta name=\"twitter:card\" content=\"summary_large_image\" \/>\n<meta name=\"twitter:label1\" content=\"\u00c9crit par\" \/>\n\t<meta name=\"twitter:data1\" content=\"libna\" \/>\n\t<meta name=\"twitter:label2\" content=\"Dur\u00e9e de lecture estim\u00e9e\" \/>\n\t<meta name=\"twitter:data2\" content=\"8 minutes\" \/>\n<script type=\"application\/ld+json\" class=\"yoast-schema-graph\">{\"@context\":\"https:\\\/\\\/schema.org\",\"@graph\":[{\"@type\":\"Article\",\"@id\":\"https:\\\/\\\/interamerica.org\\\/fr\\\/2021\\\/05\\\/interventions-dorganismes-adventistes-en-inde-et-au-bresil-pays-ravages-par-la-pandemie\\\/#article\",\"isPartOf\":{\"@id\":\"https:\\\/\\\/interamerica.org\\\/fr\\\/2021\\\/05\\\/interventions-dorganismes-adventistes-en-inde-et-au-bresil-pays-ravages-par-la-pandemie\\\/\"},\"author\":{\"name\":\"libna\",\"@id\":\"https:\\\/\\\/interamerica.org\\\/fr\\\/#\\\/schema\\\/person\\\/29998f2bc2d8bd0d38662909289b54f1\"},\"headline\":\"Interventions d\u2019organismes adventistes en Inde et au Br\u00e9sil, pays ravag\u00e9s par la pand\u00e9mie\",\"datePublished\":\"2021-05-10T16:20:45+00:00\",\"dateModified\":\"2021-05-12T16:32:11+00:00\",\"mainEntityOfPage\":{\"@id\":\"https:\\\/\\\/interamerica.org\\\/fr\\\/2021\\\/05\\\/interventions-dorganismes-adventistes-en-inde-et-au-bresil-pays-ravages-par-la-pandemie\\\/\"},\"wordCount\":1552,\"image\":{\"@id\":\"https:\\\/\\\/interamerica.org\\\/fr\\\/2021\\\/05\\\/interventions-dorganismes-adventistes-en-inde-et-au-bresil-pays-ravages-par-la-pandemie\\\/#primaryimage\"},\"thumbnailUrl\":\"https:\\\/\\\/interamerica.org\\\/wp-content\\\/uploads\\\/2021\\\/05\\\/adrai-india.jpg\",\"articleSection\":[\"Nouvelles de l'\u00c9glise mondiale\",\"RSS Fran\u00e7ais\"],\"inLanguage\":\"fr-FR\"},{\"@type\":\"WebPage\",\"@id\":\"https:\\\/\\\/interamerica.org\\\/fr\\\/2021\\\/05\\\/interventions-dorganismes-adventistes-en-inde-et-au-bresil-pays-ravages-par-la-pandemie\\\/\",\"url\":\"https:\\\/\\\/interamerica.org\\\/fr\\\/2021\\\/05\\\/interventions-dorganismes-adventistes-en-inde-et-au-bresil-pays-ravages-par-la-pandemie\\\/\",\"name\":\"Interventions d\u2019organismes adventistes en Inde et au Br\u00e9sil, pays ravag\u00e9s par la pand\u00e9mie - \u00c9glise Adventiste Du Septieme Jour - Inter Am\u00e9rique Division\",\"isPartOf\":{\"@id\":\"https:\\\/\\\/interamerica.org\\\/fr\\\/#website\"},\"primaryImageOfPage\":{\"@id\":\"https:\\\/\\\/interamerica.org\\\/fr\\\/2021\\\/05\\\/interventions-dorganismes-adventistes-en-inde-et-au-bresil-pays-ravages-par-la-pandemie\\\/#primaryimage\"},\"image\":{\"@id\":\"https:\\\/\\\/interamerica.org\\\/fr\\\/2021\\\/05\\\/interventions-dorganismes-adventistes-en-inde-et-au-bresil-pays-ravages-par-la-pandemie\\\/#primaryimage\"},\"thumbnailUrl\":\"https:\\\/\\\/interamerica.org\\\/wp-content\\\/uploads\\\/2021\\\/05\\\/adrai-india.jpg\",\"datePublished\":\"2021-05-10T16:20:45+00:00\",\"dateModified\":\"2021-05-12T16:32:11+00:00\",\"author\":{\"@id\":\"https:\\\/\\\/interamerica.org\\\/fr\\\/#\\\/schema\\\/person\\\/29998f2bc2d8bd0d38662909289b54f1\"},\"breadcrumb\":{\"@id\":\"https:\\\/\\\/interamerica.org\\\/fr\\\/2021\\\/05\\\/interventions-dorganismes-adventistes-en-inde-et-au-bresil-pays-ravages-par-la-pandemie\\\/#breadcrumb\"},\"inLanguage\":\"fr-FR\",\"potentialAction\":[{\"@type\":\"ReadAction\",\"target\":[\"https:\\\/\\\/interamerica.org\\\/fr\\\/2021\\\/05\\\/interventions-dorganismes-adventistes-en-inde-et-au-bresil-pays-ravages-par-la-pandemie\\\/\"]}]},{\"@type\":\"ImageObject\",\"inLanguage\":\"fr-FR\",\"@id\":\"https:\\\/\\\/interamerica.org\\\/fr\\\/2021\\\/05\\\/interventions-dorganismes-adventistes-en-inde-et-au-bresil-pays-ravages-par-la-pandemie\\\/#primaryimage\",\"url\":\"https:\\\/\\\/interamerica.org\\\/wp-content\\\/uploads\\\/2021\\\/05\\\/adrai-india.jpg\",\"contentUrl\":\"https:\\\/\\\/interamerica.org\\\/wp-content\\\/uploads\\\/2021\\\/05\\\/adrai-india.jpg\",\"width\":1280,\"height\":800,\"caption\":\"Des gens attendant leur tour d\u2019\u00eatre vaccin\u00e9. Une photo gracieuset\u00e9 d\u2019ADRA International.\"},{\"@type\":\"BreadcrumbList\",\"@id\":\"https:\\\/\\\/interamerica.org\\\/fr\\\/2021\\\/05\\\/interventions-dorganismes-adventistes-en-inde-et-au-bresil-pays-ravages-par-la-pandemie\\\/#breadcrumb\",\"itemListElement\":[{\"@type\":\"ListItem\",\"position\":1,\"name\":\"Home\",\"item\":\"https:\\\/\\\/interamerica.org\\\/fr\\\/\"},{\"@type\":\"ListItem\",\"position\":2,\"name\":\"Interventions d\u2019organismes adventistes en Inde et au Br\u00e9sil, pays ravag\u00e9s par la pand\u00e9mie\"}]},{\"@type\":\"WebSite\",\"@id\":\"https:\\\/\\\/interamerica.org\\\/fr\\\/#website\",\"url\":\"https:\\\/\\\/interamerica.org\\\/fr\\\/\",\"name\":\"\u00c9glise Adventiste Du Septieme Jour - Inter Am\u00e9rique Division\",\"description\":\"\",\"potentialAction\":[{\"@type\":\"SearchAction\",\"target\":{\"@type\":\"EntryPoint\",\"urlTemplate\":\"https:\\\/\\\/interamerica.org\\\/fr\\\/?s={search_term_string}\"},\"query-input\":{\"@type\":\"PropertyValueSpecification\",\"valueRequired\":true,\"valueName\":\"search_term_string\"}}],\"inLanguage\":\"fr-FR\"},{\"@type\":\"Person\",\"@id\":\"https:\\\/\\\/interamerica.org\\\/fr\\\/#\\\/schema\\\/person\\\/29998f2bc2d8bd0d38662909289b54f1\",\"name\":\"libna\",\"image\":{\"@type\":\"ImageObject\",\"inLanguage\":\"fr-FR\",\"@id\":\"https:\\\/\\\/secure.gravatar.com\\\/avatar\\\/7c5bd30ae4b47a9ba3c856590957fd1d96dc588bf3ac05719d247e126840331f?s=96&d=mm&r=g\",\"url\":\"https:\\\/\\\/secure.gravatar.com\\\/avatar\\\/7c5bd30ae4b47a9ba3c856590957fd1d96dc588bf3ac05719d247e126840331f?s=96&d=mm&r=g\",\"contentUrl\":\"https:\\\/\\\/secure.gravatar.com\\\/avatar\\\/7c5bd30ae4b47a9ba3c856590957fd1d96dc588bf3ac05719d247e126840331f?s=96&d=mm&r=g\",\"caption\":\"libna\"}}]}<\/script>\n<!-- \/ Yoast SEO plugin. -->","yoast_head_json":{"title":"Interventions d\u2019organismes adventistes en Inde et au Br\u00e9sil, pays ravag\u00e9s par la pand\u00e9mie - \u00c9glise Adventiste Du Septieme Jour - Inter Am\u00e9rique Division","robots":{"index":"index","follow":"follow","max-snippet":"max-snippet:-1","max-image-preview":"max-image-preview:large","max-video-preview":"max-video-preview:-1"},"canonical":"https:\/\/interamerica.org\/fr\/2021\/05\/interventions-dorganismes-adventistes-en-inde-et-au-bresil-pays-ravages-par-la-pandemie\/","og_locale":"fr_FR","og_type":"article","og_title":"Interventions d\u2019organismes adventistes en Inde et au Br\u00e9sil, pays ravag\u00e9s par la pand\u00e9mie - \u00c9glise Adventiste Du Septieme Jour - Inter Am\u00e9rique Division","og_description":"\u00c9tant donn\u00e9 les tristes d\u00e9veloppements, les dirigeants votent le d\u00e9blocage de fonds pour des intervention de secours d\u2019urgence. Le 10 mai 2021 | Silver Spring, Maryland, \u00c9tats-Unis | Marcos Paseggi...","og_url":"https:\/\/interamerica.org\/fr\/2021\/05\/interventions-dorganismes-adventistes-en-inde-et-au-bresil-pays-ravages-par-la-pandemie\/","og_site_name":"\u00c9glise Adventiste Du Septieme Jour - Inter Am\u00e9rique Division","article_published_time":"2021-05-10T16:20:45+00:00","article_modified_time":"2021-05-12T16:32:11+00:00","og_image":[{"width":1280,"height":800,"url":"https:\/\/interamerica.org\/wp-content\/uploads\/2021\/05\/adrai-india.jpg","type":"image\/jpeg"}],"author":"libna","twitter_card":"summary_large_image","twitter_misc":{"\u00c9crit par":"libna","Dur\u00e9e de lecture estim\u00e9e":"8 minutes"},"schema":{"@context":"https:\/\/schema.org","@graph":[{"@type":"Article","@id":"https:\/\/interamerica.org\/fr\/2021\/05\/interventions-dorganismes-adventistes-en-inde-et-au-bresil-pays-ravages-par-la-pandemie\/#article","isPartOf":{"@id":"https:\/\/interamerica.org\/fr\/2021\/05\/interventions-dorganismes-adventistes-en-inde-et-au-bresil-pays-ravages-par-la-pandemie\/"},"author":{"name":"libna","@id":"https:\/\/interamerica.org\/fr\/#\/schema\/person\/29998f2bc2d8bd0d38662909289b54f1"},"headline":"Interventions d\u2019organismes adventistes en Inde et au Br\u00e9sil, pays ravag\u00e9s par la pand\u00e9mie","datePublished":"2021-05-10T16:20:45+00:00","dateModified":"2021-05-12T16:32:11+00:00","mainEntityOfPage":{"@id":"https:\/\/interamerica.org\/fr\/2021\/05\/interventions-dorganismes-adventistes-en-inde-et-au-bresil-pays-ravages-par-la-pandemie\/"},"wordCount":1552,"image":{"@id":"https:\/\/interamerica.org\/fr\/2021\/05\/interventions-dorganismes-adventistes-en-inde-et-au-bresil-pays-ravages-par-la-pandemie\/#primaryimage"},"thumbnailUrl":"https:\/\/interamerica.org\/wp-content\/uploads\/2021\/05\/adrai-india.jpg","articleSection":["Nouvelles de l'\u00c9glise mondiale","RSS Fran\u00e7ais"],"inLanguage":"fr-FR"},{"@type":"WebPage","@id":"https:\/\/interamerica.org\/fr\/2021\/05\/interventions-dorganismes-adventistes-en-inde-et-au-bresil-pays-ravages-par-la-pandemie\/","url":"https:\/\/interamerica.org\/fr\/2021\/05\/interventions-dorganismes-adventistes-en-inde-et-au-bresil-pays-ravages-par-la-pandemie\/","name":"Interventions d\u2019organismes adventistes en Inde et au Br\u00e9sil, pays ravag\u00e9s par la pand\u00e9mie - \u00c9glise Adventiste Du Septieme Jour - Inter Am\u00e9rique Division","isPartOf":{"@id":"https:\/\/interamerica.org\/fr\/#website"},"primaryImageOfPage":{"@id":"https:\/\/interamerica.org\/fr\/2021\/05\/interventions-dorganismes-adventistes-en-inde-et-au-bresil-pays-ravages-par-la-pandemie\/#primaryimage"},"image":{"@id":"https:\/\/interamerica.org\/fr\/2021\/05\/interventions-dorganismes-adventistes-en-inde-et-au-bresil-pays-ravages-par-la-pandemie\/#primaryimage"},"thumbnailUrl":"https:\/\/interamerica.org\/wp-content\/uploads\/2021\/05\/adrai-india.jpg","datePublished":"2021-05-10T16:20:45+00:00","dateModified":"2021-05-12T16:32:11+00:00","author":{"@id":"https:\/\/interamerica.org\/fr\/#\/schema\/person\/29998f2bc2d8bd0d38662909289b54f1"},"breadcrumb":{"@id":"https:\/\/interamerica.org\/fr\/2021\/05\/interventions-dorganismes-adventistes-en-inde-et-au-bresil-pays-ravages-par-la-pandemie\/#breadcrumb"},"inLanguage":"fr-FR","potentialAction":[{"@type":"ReadAction","target":["https:\/\/interamerica.org\/fr\/2021\/05\/interventions-dorganismes-adventistes-en-inde-et-au-bresil-pays-ravages-par-la-pandemie\/"]}]},{"@type":"ImageObject","inLanguage":"fr-FR","@id":"https:\/\/interamerica.org\/fr\/2021\/05\/interventions-dorganismes-adventistes-en-inde-et-au-bresil-pays-ravages-par-la-pandemie\/#primaryimage","url":"https:\/\/interamerica.org\/wp-content\/uploads\/2021\/05\/adrai-india.jpg","contentUrl":"https:\/\/interamerica.org\/wp-content\/uploads\/2021\/05\/adrai-india.jpg","width":1280,"height":800,"caption":"Des gens attendant leur tour d\u2019\u00eatre vaccin\u00e9. Une photo gracieuset\u00e9 d\u2019ADRA International."},{"@type":"BreadcrumbList","@id":"https:\/\/interamerica.org\/fr\/2021\/05\/interventions-dorganismes-adventistes-en-inde-et-au-bresil-pays-ravages-par-la-pandemie\/#breadcrumb","itemListElement":[{"@type":"ListItem","position":1,"name":"Home","item":"https:\/\/interamerica.org\/fr\/"},{"@type":"ListItem","position":2,"name":"Interventions d\u2019organismes adventistes en Inde et au Br\u00e9sil, pays ravag\u00e9s par la pand\u00e9mie"}]},{"@type":"WebSite","@id":"https:\/\/interamerica.org\/fr\/#website","url":"https:\/\/interamerica.org\/fr\/","name":"\u00c9glise Adventiste Du Septieme Jour - Inter Am\u00e9rique Division","description":"","potentialAction":[{"@type":"SearchAction","target":{"@type":"EntryPoint","urlTemplate":"https:\/\/interamerica.org\/fr\/?s={search_term_string}"},"query-input":{"@type":"PropertyValueSpecification","valueRequired":true,"valueName":"search_term_string"}}],"inLanguage":"fr-FR"},{"@type":"Person","@id":"https:\/\/interamerica.org\/fr\/#\/schema\/person\/29998f2bc2d8bd0d38662909289b54f1","name":"libna","image":{"@type":"ImageObject","inLanguage":"fr-FR","@id":"https:\/\/secure.gravatar.com\/avatar\/7c5bd30ae4b47a9ba3c856590957fd1d96dc588bf3ac05719d247e126840331f?s=96&d=mm&r=g","url":"https:\/\/secure.gravatar.com\/avatar\/7c5bd30ae4b47a9ba3c856590957fd1d96dc588bf3ac05719d247e126840331f?s=96&d=mm&r=g","contentUrl":"https:\/\/secure.gravatar.com\/avatar\/7c5bd30ae4b47a9ba3c856590957fd1d96dc588bf3ac05719d247e126840331f?s=96&d=mm&r=g","caption":"libna"}}]}},"_links":{"self":[{"href":"https:\/\/interamerica.org\/fr\/wp-json\/wp\/v2\/posts\/71748","targetHints":{"allow":["GET"]}}],"collection":[{"href":"https:\/\/interamerica.org\/fr\/wp-json\/wp\/v2\/posts"}],"about":[{"href":"https:\/\/interamerica.org\/fr\/wp-json\/wp\/v2\/types\/post"}],"author":[{"embeddable":true,"href":"https:\/\/interamerica.org\/fr\/wp-json\/wp\/v2\/users\/3"}],"replies":[{"embeddable":true,"href":"https:\/\/interamerica.org\/fr\/wp-json\/wp\/v2\/comments?post=71748"}],"version-history":[{"count":0,"href":"https:\/\/interamerica.org\/fr\/wp-json\/wp\/v2\/posts\/71748\/revisions"}],"wp:featuredmedia":[{"embeddable":true,"href":"https:\/\/interamerica.org\/fr\/wp-json\/wp\/v2\/media\/71701"}],"wp:attachment":[{"href":"https:\/\/interamerica.org\/fr\/wp-json\/wp\/v2\/media?parent=71748"}],"wp:term":[{"taxonomy":"category","embeddable":true,"href":"https:\/\/interamerica.org\/fr\/wp-json\/wp\/v2\/categories?post=71748"},{"taxonomy":"post_tag","embeddable":true,"href":"https:\/\/interamerica.org\/fr\/wp-json\/wp\/v2\/tags?post=71748"}],"curies":[{"name":"wp","href":"https:\/\/api.w.org\/{rel}","templated":true}]}}