{"id":71812,"date":"2021-05-12T11:14:03","date_gmt":"2021-05-12T15:14:03","guid":{"rendered":"https:\/\/recursing-golick.147-182-135-0.plesk.page\/?p=71812"},"modified":"2021-05-14T11:12:35","modified_gmt":"2021-05-14T15:12:35","slug":"un-jeune-adventiste-tue-par-lexplosion-dune-bombe-aux-iles-salomon-dautres-personnes-sont-blessees","status":"publish","type":"post","link":"https:\/\/interamerica.org\/fr\/2021\/05\/un-jeune-adventiste-tue-par-lexplosion-dune-bombe-aux-iles-salomon-dautres-personnes-sont-blessees\/","title":{"rendered":"Un jeune adventiste tu\u00e9 par l\u2019explosion d\u2019une bombe aux \u00celes Salomon, d\u2019autres personnes sont bless\u00e9es"},"content":{"rendered":"<h4 class=\"subtitle\">Un ing\u00e9nieur a\u00e9ronautique de 29 ans a succomb\u00e9 \u00e0 ses blessures apr\u00e8s l\u2019explosion d\u2019un engin datant de la Seconde Guerre mondiale.<\/h4>\n<p><span class=\"byline-news\">12 Mai 2021 | Silver Spring, Maryland, \u00c9tats-Unis | Par : <a href=\"https:\/\/record.adventistchurch.com\/author\/maryellenfairfaxadventistmedia-org-au\/\">Maryellen Hacko<\/a>,\u00a0<em>Adventist Record<\/em>, et\u00a0<\/span><em><span class=\"byline-news\">Adventist Review<\/span><\/em><\/p>\n<p><span class=\"cap\">U<\/span>n jeune de l\u2019\u00e9glise adventiste du septi\u00e8me jour de Kukum dans les \u00eeles Salomon est d\u00e9c\u00e9d\u00e9 le dimanche 9 mai 2021 suite \u00e0 l\u2019explosion d\u2019une bombe \u00e0 Lengakiki Heights, dans l\u2019Ouest de Honiara ; le projectile de 105 mm, datant de la Seconde Guerre mondiale, a explos\u00e9 de mani\u00e8re inattendue.<\/p>\n<p>Le responsable de la jeunesse de Kukum, Raziv Hilly, 29 ans, a succomb\u00e9 \u00e0 ses blessures apr\u00e8s avoir \u00e9t\u00e9 rapidement transport\u00e9 au National Referral Hospital \u00e0 Honiara. Deux autres personnes sont encore \u00e0 l\u2019h\u00f4pital dans un \u00e9tat critique et une autre a \u00e9t\u00e9 l\u00e9g\u00e8rement bless\u00e9e.<\/p>\n<p><div id=\"attachment_71738\" style=\"width: 794px\" class=\"wp-caption aligncenter\"><img fetchpriority=\"high\" decoding=\"async\" aria-describedby=\"caption-attachment-71738\" class=\" wp-image-71738\" src=\"https:\/\/recursing-golick.147-182-135-0.plesk.page\/wp-content\/uploads\/2021\/05\/solomon-islands-raziv1.jpeg\" alt=\"\" width=\"784\" height=\"490\" srcset=\"https:\/\/interamerica.org\/wp-content\/uploads\/2021\/05\/solomon-islands-raziv1.jpeg 1000w, https:\/\/interamerica.org\/wp-content\/uploads\/2021\/05\/solomon-islands-raziv1-300x188.jpeg 300w, https:\/\/interamerica.org\/wp-content\/uploads\/2021\/05\/solomon-islands-raziv1-768x480.jpeg 768w\" sizes=\"(max-width: 784px) 100vw, 784px\" \/><p id=\"caption-attachment-71738\" class=\"wp-caption-text\">Photo de Raziv Hilly dans l\u2019\u00e9glise adventiste du septi\u00e8me jour de Kukum dans les \u00eeles Salomon la veille de sa mort. [Source : Facebook]<\/p><\/div>Les rapports ont indiqu\u00e9 que quatre jeunes faisaient cuire des aliments sur un feu de bois dans le cadre d\u2019une collecte de fonds lorsque l\u2019incident s\u2019est produit, ne sachant pas que la chaleur du feu d\u00e9clencherait la bombe qui \u00e9tait enterr\u00e9e. La d\u00e9tonation a \u00e9t\u00e9 entendue \u00e0 des kilom\u00e8tres de l\u00e0, ont indiqu\u00e9 les m\u00e9dias locaux.<\/p>\n<p>Selon un reportage publi\u00e9 par le<a href=\"https:\/\/www.solomonstarnews.com\/index.php\/news\/national\/item\/25526-tragic-loss\" target=\"_blank\" rel=\"noopener\">Solomon Star<\/a>, Raziv Hilly \u00e9tait de Vella La Vella et de Ranoggah dans la Province de l\u2019Ouest et \u00e9tait un ing\u00e9nieur a\u00e9ronautique qualifi\u00e9 et un gestionnaire immobilier. Au moment de son d\u00e9c\u00e8s, a rapport\u00e9 le journal, il \u00e9tait le directeur des op\u00e9rations par int\u00e9rim, supervisant tous les projets d\u2019aviation nationaux et internationaux dans les \u00eeles Salomon. \u00ab Son d\u00e9c\u00e8s est une \u00e9norme perte pour le minist\u00e8re, le gouvernement, le projet, et la nation dans son ensemble, \u00bb aurait d\u00e9clar\u00e9 Trevor Veo, directeur de l\u2019aviation pour le gouvernement des \u00eeles Salomon.<\/p>\n<p>Les hommages ont afflu\u00e9 sur les r\u00e9seaux sociaux, \u00e9voquant le souvenir de Hilly, son sourire \u00e9clatant et son esprit joyeux, son d\u00e9vouement en tant que dirigeant dans le minist\u00e8re de la jeunesse, et son service \u00e0 Dieu. \u00ab Il a influenc\u00e9 tout le monde autour de lui avec sa personne p\u00e9tillante, \u00bb a \u00e9crit Misileti Maulolo Faaumuumu, un ami des Fidji, sur Facebook. \u00ab Il \u00e9tait toujours joyeux, et ce fut un plaisir de l\u2019avoir connu comme ami.\u2026 Il repose dans les bras de Dieu, mon ami, jusqu\u2019\u00e0 ce matin glorieux. \u00bb<\/p>\n<p>Le gouvernement, \u00e0 travers le Minist\u00e8re de l\u2019Aviation et le Minist\u00e8re de la Communication, a \u00e9galement exprim\u00e9 ses sinc\u00e8res condol\u00e9ances.<\/p>\n<p>Les \u00eeles Salomon ont \u00e9t\u00e9 le th\u00e9\u00e2tre de violents combats entre les forces alli\u00e9es et les Japonais pendant la Seconde Guerre mondiale. Selon\u00a0<a href=\"https:\/\/www.rnz.co.nz\/international\/pacific-news\/442221\/second-world-war-shell-explodes-killing-solomon-islander\" target=\"_blank\" rel=\"noopener\">RNZ News<\/a>, de vastes zones des \u00eeles Salomon sont jonch\u00e9es de d\u00e9bris de la Seconde Guerre mondiale, y compris de nombreuses bombes qui n\u2019ont pas explos\u00e9 et qui continuent de tuer et de mutiler les r\u00e9sidents locaux 75 ans plus tard.<\/p>\n<p>L\u2019incident fait suite \u00e0 la mort de deux personnes \u00e0 Honiara en septembre 2020 en raison d\u2019une explosion similaire.<\/p>\n<p><em>La\u00a0<\/em><a href=\"https:\/\/record.adventistchurch.com\/2021\/05\/11\/young-adventist-killed-by-bomb-blast-in-solomon-islands-others-injured\/\" target=\"_blank\" rel=\"noopener\"><em>version originale<\/em><\/a><em>de cette histoire a \u00e9t\u00e9 publi\u00e9e par <\/em>\u00a0<a href=\"https:\/\/record.adventistchurch.com\/\" target=\"_blank\" rel=\"noopener\">Adventist Record<\/a>.<\/p>\n<p>Traduction : Patrick Luciathe<\/p>\n","protected":false},"excerpt":{"rendered":"<p>Un ing\u00e9nieur a\u00e9ronautique de 29 ans a succomb\u00e9 \u00e0 ses blessures apr\u00e8s l\u2019explosion d\u2019un engin datant de la Seconde Guerre mondiale. 12 Mai 2021 | Silver Spring, Maryland, \u00c9tats-Unis |&#8230;<\/p>\n","protected":false},"author":3,"featured_media":71738,"comment_status":"closed","ping_status":"closed","sticky":false,"template":"","format":"standard","meta":{"_acf_changed":false,"footnotes":""},"categories":[18,19],"tags":[],"class_list":["post-71812","post","type-post","status-publish","format-standard","has-post-thumbnail","hentry","category-nouvelles-de-leglise-mondiale","category-rss-francais"],"acf":[],"yoast_head":"<!-- This site is optimized with the Yoast SEO plugin v27.3 - https:\/\/yoast.com\/product\/yoast-seo-wordpress\/ -->\n<title>Un jeune adventiste tu\u00e9 par l\u2019explosion d\u2019une bombe aux \u00celes Salomon, d\u2019autres personnes sont bless\u00e9es - \u00c9glise Adventiste Du Septieme Jour - Inter Am\u00e9rique Division<\/title>\n<meta name=\"robots\" content=\"index, follow, max-snippet:-1, max-image-preview:large, max-video-preview:-1\" \/>\n<link rel=\"canonical\" href=\"https:\/\/interamerica.org\/fr\/2021\/05\/un-jeune-adventiste-tue-par-lexplosion-dune-bombe-aux-iles-salomon-dautres-personnes-sont-blessees\/\" \/>\n<meta property=\"og:locale\" content=\"fr_FR\" \/>\n<meta property=\"og:type\" content=\"article\" \/>\n<meta property=\"og:title\" content=\"Un jeune adventiste tu\u00e9 par l\u2019explosion d\u2019une bombe aux \u00celes Salomon, d\u2019autres personnes sont bless\u00e9es - \u00c9glise Adventiste Du Septieme Jour - Inter Am\u00e9rique Division\" \/>\n<meta property=\"og:description\" content=\"Un ing\u00e9nieur a\u00e9ronautique de 29 ans a succomb\u00e9 \u00e0 ses blessures apr\u00e8s l\u2019explosion d\u2019un engin datant de la Seconde Guerre mondiale. 12 Mai 2021 | Silver Spring, Maryland, \u00c9tats-Unis |...\" \/>\n<meta property=\"og:url\" content=\"https:\/\/interamerica.org\/fr\/2021\/05\/un-jeune-adventiste-tue-par-lexplosion-dune-bombe-aux-iles-salomon-dautres-personnes-sont-blessees\/\" \/>\n<meta property=\"og:site_name\" content=\"\u00c9glise Adventiste Du Septieme Jour - Inter Am\u00e9rique Division\" \/>\n<meta property=\"article:published_time\" content=\"2021-05-12T15:14:03+00:00\" \/>\n<meta property=\"article:modified_time\" content=\"2021-05-14T15:12:35+00:00\" \/>\n<meta property=\"og:image\" content=\"https:\/\/interamerica.org\/wp-content\/uploads\/2021\/05\/solomon-islands-raziv1.jpeg\" \/>\n\t<meta property=\"og:image:width\" content=\"1000\" \/>\n\t<meta property=\"og:image:height\" content=\"625\" \/>\n\t<meta property=\"og:image:type\" content=\"image\/jpeg\" \/>\n<meta name=\"author\" content=\"libna\" \/>\n<meta name=\"twitter:card\" content=\"summary_large_image\" \/>\n<meta name=\"twitter:label1\" content=\"\u00c9crit par\" \/>\n\t<meta name=\"twitter:data1\" content=\"libna\" \/>\n\t<meta name=\"twitter:label2\" content=\"Dur\u00e9e de lecture estim\u00e9e\" \/>\n\t<meta name=\"twitter:data2\" content=\"3 minutes\" \/>\n<script type=\"application\/ld+json\" class=\"yoast-schema-graph\">{\"@context\":\"https:\\\/\\\/schema.org\",\"@graph\":[{\"@type\":\"Article\",\"@id\":\"https:\\\/\\\/interamerica.org\\\/fr\\\/2021\\\/05\\\/un-jeune-adventiste-tue-par-lexplosion-dune-bombe-aux-iles-salomon-dautres-personnes-sont-blessees\\\/#article\",\"isPartOf\":{\"@id\":\"https:\\\/\\\/interamerica.org\\\/fr\\\/2021\\\/05\\\/un-jeune-adventiste-tue-par-lexplosion-dune-bombe-aux-iles-salomon-dautres-personnes-sont-blessees\\\/\"},\"author\":{\"name\":\"libna\",\"@id\":\"https:\\\/\\\/interamerica.org\\\/fr\\\/#\\\/schema\\\/person\\\/29998f2bc2d8bd0d38662909289b54f1\"},\"headline\":\"Un jeune adventiste tu\u00e9 par l\u2019explosion d\u2019une bombe aux \u00celes Salomon, d\u2019autres personnes sont bless\u00e9es\",\"datePublished\":\"2021-05-12T15:14:03+00:00\",\"dateModified\":\"2021-05-14T15:12:35+00:00\",\"mainEntityOfPage\":{\"@id\":\"https:\\\/\\\/interamerica.org\\\/fr\\\/2021\\\/05\\\/un-jeune-adventiste-tue-par-lexplosion-dune-bombe-aux-iles-salomon-dautres-personnes-sont-blessees\\\/\"},\"wordCount\":575,\"image\":{\"@id\":\"https:\\\/\\\/interamerica.org\\\/fr\\\/2021\\\/05\\\/un-jeune-adventiste-tue-par-lexplosion-dune-bombe-aux-iles-salomon-dautres-personnes-sont-blessees\\\/#primaryimage\"},\"thumbnailUrl\":\"https:\\\/\\\/interamerica.org\\\/wp-content\\\/uploads\\\/2021\\\/05\\\/solomon-islands-raziv1.jpeg\",\"articleSection\":[\"Nouvelles de l'\u00c9glise mondiale\",\"RSS Fran\u00e7ais\"],\"inLanguage\":\"fr-FR\"},{\"@type\":\"WebPage\",\"@id\":\"https:\\\/\\\/interamerica.org\\\/fr\\\/2021\\\/05\\\/un-jeune-adventiste-tue-par-lexplosion-dune-bombe-aux-iles-salomon-dautres-personnes-sont-blessees\\\/\",\"url\":\"https:\\\/\\\/interamerica.org\\\/fr\\\/2021\\\/05\\\/un-jeune-adventiste-tue-par-lexplosion-dune-bombe-aux-iles-salomon-dautres-personnes-sont-blessees\\\/\",\"name\":\"Un jeune adventiste tu\u00e9 par l\u2019explosion d\u2019une bombe aux \u00celes Salomon, d\u2019autres personnes sont bless\u00e9es - \u00c9glise Adventiste Du Septieme Jour - Inter Am\u00e9rique Division\",\"isPartOf\":{\"@id\":\"https:\\\/\\\/interamerica.org\\\/fr\\\/#website\"},\"primaryImageOfPage\":{\"@id\":\"https:\\\/\\\/interamerica.org\\\/fr\\\/2021\\\/05\\\/un-jeune-adventiste-tue-par-lexplosion-dune-bombe-aux-iles-salomon-dautres-personnes-sont-blessees\\\/#primaryimage\"},\"image\":{\"@id\":\"https:\\\/\\\/interamerica.org\\\/fr\\\/2021\\\/05\\\/un-jeune-adventiste-tue-par-lexplosion-dune-bombe-aux-iles-salomon-dautres-personnes-sont-blessees\\\/#primaryimage\"},\"thumbnailUrl\":\"https:\\\/\\\/interamerica.org\\\/wp-content\\\/uploads\\\/2021\\\/05\\\/solomon-islands-raziv1.jpeg\",\"datePublished\":\"2021-05-12T15:14:03+00:00\",\"dateModified\":\"2021-05-14T15:12:35+00:00\",\"author\":{\"@id\":\"https:\\\/\\\/interamerica.org\\\/fr\\\/#\\\/schema\\\/person\\\/29998f2bc2d8bd0d38662909289b54f1\"},\"breadcrumb\":{\"@id\":\"https:\\\/\\\/interamerica.org\\\/fr\\\/2021\\\/05\\\/un-jeune-adventiste-tue-par-lexplosion-dune-bombe-aux-iles-salomon-dautres-personnes-sont-blessees\\\/#breadcrumb\"},\"inLanguage\":\"fr-FR\",\"potentialAction\":[{\"@type\":\"ReadAction\",\"target\":[\"https:\\\/\\\/interamerica.org\\\/fr\\\/2021\\\/05\\\/un-jeune-adventiste-tue-par-lexplosion-dune-bombe-aux-iles-salomon-dautres-personnes-sont-blessees\\\/\"]}]},{\"@type\":\"ImageObject\",\"inLanguage\":\"fr-FR\",\"@id\":\"https:\\\/\\\/interamerica.org\\\/fr\\\/2021\\\/05\\\/un-jeune-adventiste-tue-par-lexplosion-dune-bombe-aux-iles-salomon-dautres-personnes-sont-blessees\\\/#primaryimage\",\"url\":\"https:\\\/\\\/interamerica.org\\\/wp-content\\\/uploads\\\/2021\\\/05\\\/solomon-islands-raziv1.jpeg\",\"contentUrl\":\"https:\\\/\\\/interamerica.org\\\/wp-content\\\/uploads\\\/2021\\\/05\\\/solomon-islands-raziv1.jpeg\",\"width\":1000,\"height\":625,\"caption\":\"Photo de Raziv Hilly dans l\u2019\u00e9glise adventiste du septi\u00e8me jour de Kukum dans les \u00eeles Salomon la veille de sa mort. [Source : Facebook]\"},{\"@type\":\"BreadcrumbList\",\"@id\":\"https:\\\/\\\/interamerica.org\\\/fr\\\/2021\\\/05\\\/un-jeune-adventiste-tue-par-lexplosion-dune-bombe-aux-iles-salomon-dautres-personnes-sont-blessees\\\/#breadcrumb\",\"itemListElement\":[{\"@type\":\"ListItem\",\"position\":1,\"name\":\"Home\",\"item\":\"https:\\\/\\\/interamerica.org\\\/fr\\\/\"},{\"@type\":\"ListItem\",\"position\":2,\"name\":\"Un jeune adventiste tu\u00e9 par l\u2019explosion d\u2019une bombe aux \u00celes Salomon, d\u2019autres personnes sont bless\u00e9es\"}]},{\"@type\":\"WebSite\",\"@id\":\"https:\\\/\\\/interamerica.org\\\/fr\\\/#website\",\"url\":\"https:\\\/\\\/interamerica.org\\\/fr\\\/\",\"name\":\"\u00c9glise Adventiste Du Septieme Jour - Inter Am\u00e9rique Division\",\"description\":\"\",\"potentialAction\":[{\"@type\":\"SearchAction\",\"target\":{\"@type\":\"EntryPoint\",\"urlTemplate\":\"https:\\\/\\\/interamerica.org\\\/fr\\\/?s={search_term_string}\"},\"query-input\":{\"@type\":\"PropertyValueSpecification\",\"valueRequired\":true,\"valueName\":\"search_term_string\"}}],\"inLanguage\":\"fr-FR\"},{\"@type\":\"Person\",\"@id\":\"https:\\\/\\\/interamerica.org\\\/fr\\\/#\\\/schema\\\/person\\\/29998f2bc2d8bd0d38662909289b54f1\",\"name\":\"libna\",\"image\":{\"@type\":\"ImageObject\",\"inLanguage\":\"fr-FR\",\"@id\":\"https:\\\/\\\/secure.gravatar.com\\\/avatar\\\/7c5bd30ae4b47a9ba3c856590957fd1d96dc588bf3ac05719d247e126840331f?s=96&d=mm&r=g\",\"url\":\"https:\\\/\\\/secure.gravatar.com\\\/avatar\\\/7c5bd30ae4b47a9ba3c856590957fd1d96dc588bf3ac05719d247e126840331f?s=96&d=mm&r=g\",\"contentUrl\":\"https:\\\/\\\/secure.gravatar.com\\\/avatar\\\/7c5bd30ae4b47a9ba3c856590957fd1d96dc588bf3ac05719d247e126840331f?s=96&d=mm&r=g\",\"caption\":\"libna\"}}]}<\/script>\n<!-- \/ Yoast SEO plugin. -->","yoast_head_json":{"title":"Un jeune adventiste tu\u00e9 par l\u2019explosion d\u2019une bombe aux \u00celes Salomon, d\u2019autres personnes sont bless\u00e9es - \u00c9glise Adventiste Du Septieme Jour - Inter Am\u00e9rique Division","robots":{"index":"index","follow":"follow","max-snippet":"max-snippet:-1","max-image-preview":"max-image-preview:large","max-video-preview":"max-video-preview:-1"},"canonical":"https:\/\/interamerica.org\/fr\/2021\/05\/un-jeune-adventiste-tue-par-lexplosion-dune-bombe-aux-iles-salomon-dautres-personnes-sont-blessees\/","og_locale":"fr_FR","og_type":"article","og_title":"Un jeune adventiste tu\u00e9 par l\u2019explosion d\u2019une bombe aux \u00celes Salomon, d\u2019autres personnes sont bless\u00e9es - \u00c9glise Adventiste Du Septieme Jour - Inter Am\u00e9rique Division","og_description":"Un ing\u00e9nieur a\u00e9ronautique de 29 ans a succomb\u00e9 \u00e0 ses blessures apr\u00e8s l\u2019explosion d\u2019un engin datant de la Seconde Guerre mondiale. 12 Mai 2021 | Silver Spring, Maryland, \u00c9tats-Unis |...","og_url":"https:\/\/interamerica.org\/fr\/2021\/05\/un-jeune-adventiste-tue-par-lexplosion-dune-bombe-aux-iles-salomon-dautres-personnes-sont-blessees\/","og_site_name":"\u00c9glise Adventiste Du Septieme Jour - Inter Am\u00e9rique Division","article_published_time":"2021-05-12T15:14:03+00:00","article_modified_time":"2021-05-14T15:12:35+00:00","og_image":[{"width":1000,"height":625,"url":"https:\/\/interamerica.org\/wp-content\/uploads\/2021\/05\/solomon-islands-raziv1.jpeg","type":"image\/jpeg"}],"author":"libna","twitter_card":"summary_large_image","twitter_misc":{"\u00c9crit par":"libna","Dur\u00e9e de lecture estim\u00e9e":"3 minutes"},"schema":{"@context":"https:\/\/schema.org","@graph":[{"@type":"Article","@id":"https:\/\/interamerica.org\/fr\/2021\/05\/un-jeune-adventiste-tue-par-lexplosion-dune-bombe-aux-iles-salomon-dautres-personnes-sont-blessees\/#article","isPartOf":{"@id":"https:\/\/interamerica.org\/fr\/2021\/05\/un-jeune-adventiste-tue-par-lexplosion-dune-bombe-aux-iles-salomon-dautres-personnes-sont-blessees\/"},"author":{"name":"libna","@id":"https:\/\/interamerica.org\/fr\/#\/schema\/person\/29998f2bc2d8bd0d38662909289b54f1"},"headline":"Un jeune adventiste tu\u00e9 par l\u2019explosion d\u2019une bombe aux \u00celes Salomon, d\u2019autres personnes sont bless\u00e9es","datePublished":"2021-05-12T15:14:03+00:00","dateModified":"2021-05-14T15:12:35+00:00","mainEntityOfPage":{"@id":"https:\/\/interamerica.org\/fr\/2021\/05\/un-jeune-adventiste-tue-par-lexplosion-dune-bombe-aux-iles-salomon-dautres-personnes-sont-blessees\/"},"wordCount":575,"image":{"@id":"https:\/\/interamerica.org\/fr\/2021\/05\/un-jeune-adventiste-tue-par-lexplosion-dune-bombe-aux-iles-salomon-dautres-personnes-sont-blessees\/#primaryimage"},"thumbnailUrl":"https:\/\/interamerica.org\/wp-content\/uploads\/2021\/05\/solomon-islands-raziv1.jpeg","articleSection":["Nouvelles de l'\u00c9glise mondiale","RSS Fran\u00e7ais"],"inLanguage":"fr-FR"},{"@type":"WebPage","@id":"https:\/\/interamerica.org\/fr\/2021\/05\/un-jeune-adventiste-tue-par-lexplosion-dune-bombe-aux-iles-salomon-dautres-personnes-sont-blessees\/","url":"https:\/\/interamerica.org\/fr\/2021\/05\/un-jeune-adventiste-tue-par-lexplosion-dune-bombe-aux-iles-salomon-dautres-personnes-sont-blessees\/","name":"Un jeune adventiste tu\u00e9 par l\u2019explosion d\u2019une bombe aux \u00celes Salomon, d\u2019autres personnes sont bless\u00e9es - \u00c9glise Adventiste Du Septieme Jour - Inter Am\u00e9rique Division","isPartOf":{"@id":"https:\/\/interamerica.org\/fr\/#website"},"primaryImageOfPage":{"@id":"https:\/\/interamerica.org\/fr\/2021\/05\/un-jeune-adventiste-tue-par-lexplosion-dune-bombe-aux-iles-salomon-dautres-personnes-sont-blessees\/#primaryimage"},"image":{"@id":"https:\/\/interamerica.org\/fr\/2021\/05\/un-jeune-adventiste-tue-par-lexplosion-dune-bombe-aux-iles-salomon-dautres-personnes-sont-blessees\/#primaryimage"},"thumbnailUrl":"https:\/\/interamerica.org\/wp-content\/uploads\/2021\/05\/solomon-islands-raziv1.jpeg","datePublished":"2021-05-12T15:14:03+00:00","dateModified":"2021-05-14T15:12:35+00:00","author":{"@id":"https:\/\/interamerica.org\/fr\/#\/schema\/person\/29998f2bc2d8bd0d38662909289b54f1"},"breadcrumb":{"@id":"https:\/\/interamerica.org\/fr\/2021\/05\/un-jeune-adventiste-tue-par-lexplosion-dune-bombe-aux-iles-salomon-dautres-personnes-sont-blessees\/#breadcrumb"},"inLanguage":"fr-FR","potentialAction":[{"@type":"ReadAction","target":["https:\/\/interamerica.org\/fr\/2021\/05\/un-jeune-adventiste-tue-par-lexplosion-dune-bombe-aux-iles-salomon-dautres-personnes-sont-blessees\/"]}]},{"@type":"ImageObject","inLanguage":"fr-FR","@id":"https:\/\/interamerica.org\/fr\/2021\/05\/un-jeune-adventiste-tue-par-lexplosion-dune-bombe-aux-iles-salomon-dautres-personnes-sont-blessees\/#primaryimage","url":"https:\/\/interamerica.org\/wp-content\/uploads\/2021\/05\/solomon-islands-raziv1.jpeg","contentUrl":"https:\/\/interamerica.org\/wp-content\/uploads\/2021\/05\/solomon-islands-raziv1.jpeg","width":1000,"height":625,"caption":"Photo de Raziv Hilly dans l\u2019\u00e9glise adventiste du septi\u00e8me jour de Kukum dans les \u00eeles Salomon la veille de sa mort. [Source : Facebook]"},{"@type":"BreadcrumbList","@id":"https:\/\/interamerica.org\/fr\/2021\/05\/un-jeune-adventiste-tue-par-lexplosion-dune-bombe-aux-iles-salomon-dautres-personnes-sont-blessees\/#breadcrumb","itemListElement":[{"@type":"ListItem","position":1,"name":"Home","item":"https:\/\/interamerica.org\/fr\/"},{"@type":"ListItem","position":2,"name":"Un jeune adventiste tu\u00e9 par l\u2019explosion d\u2019une bombe aux \u00celes Salomon, d\u2019autres personnes sont bless\u00e9es"}]},{"@type":"WebSite","@id":"https:\/\/interamerica.org\/fr\/#website","url":"https:\/\/interamerica.org\/fr\/","name":"\u00c9glise Adventiste Du Septieme Jour - Inter Am\u00e9rique Division","description":"","potentialAction":[{"@type":"SearchAction","target":{"@type":"EntryPoint","urlTemplate":"https:\/\/interamerica.org\/fr\/?s={search_term_string}"},"query-input":{"@type":"PropertyValueSpecification","valueRequired":true,"valueName":"search_term_string"}}],"inLanguage":"fr-FR"},{"@type":"Person","@id":"https:\/\/interamerica.org\/fr\/#\/schema\/person\/29998f2bc2d8bd0d38662909289b54f1","name":"libna","image":{"@type":"ImageObject","inLanguage":"fr-FR","@id":"https:\/\/secure.gravatar.com\/avatar\/7c5bd30ae4b47a9ba3c856590957fd1d96dc588bf3ac05719d247e126840331f?s=96&d=mm&r=g","url":"https:\/\/secure.gravatar.com\/avatar\/7c5bd30ae4b47a9ba3c856590957fd1d96dc588bf3ac05719d247e126840331f?s=96&d=mm&r=g","contentUrl":"https:\/\/secure.gravatar.com\/avatar\/7c5bd30ae4b47a9ba3c856590957fd1d96dc588bf3ac05719d247e126840331f?s=96&d=mm&r=g","caption":"libna"}}]}},"_links":{"self":[{"href":"https:\/\/interamerica.org\/fr\/wp-json\/wp\/v2\/posts\/71812","targetHints":{"allow":["GET"]}}],"collection":[{"href":"https:\/\/interamerica.org\/fr\/wp-json\/wp\/v2\/posts"}],"about":[{"href":"https:\/\/interamerica.org\/fr\/wp-json\/wp\/v2\/types\/post"}],"author":[{"embeddable":true,"href":"https:\/\/interamerica.org\/fr\/wp-json\/wp\/v2\/users\/3"}],"replies":[{"embeddable":true,"href":"https:\/\/interamerica.org\/fr\/wp-json\/wp\/v2\/comments?post=71812"}],"version-history":[{"count":0,"href":"https:\/\/interamerica.org\/fr\/wp-json\/wp\/v2\/posts\/71812\/revisions"}],"wp:featuredmedia":[{"embeddable":true,"href":"https:\/\/interamerica.org\/fr\/wp-json\/wp\/v2\/media\/71738"}],"wp:attachment":[{"href":"https:\/\/interamerica.org\/fr\/wp-json\/wp\/v2\/media?parent=71812"}],"wp:term":[{"taxonomy":"category","embeddable":true,"href":"https:\/\/interamerica.org\/fr\/wp-json\/wp\/v2\/categories?post=71812"},{"taxonomy":"post_tag","embeddable":true,"href":"https:\/\/interamerica.org\/fr\/wp-json\/wp\/v2\/tags?post=71812"}],"curies":[{"name":"wp","href":"https:\/\/api.w.org\/{rel}","templated":true}]}}