{"id":71815,"date":"2021-05-12T14:32:27","date_gmt":"2021-05-12T18:32:27","guid":{"rendered":"https:\/\/recursing-golick.147-182-135-0.plesk.page\/?p=71815"},"modified":"2021-05-13T11:05:26","modified_gmt":"2021-05-13T15:05:26","slug":"les-dirigeants-de-leglise-en-inter-amerique-reexaminent-les-pratiques-en-matiere-devangelisation-et-cherchent-un-nouveau-paradigme","status":"publish","type":"post","link":"https:\/\/interamerica.org\/fr\/2021\/05\/les-dirigeants-de-leglise-en-inter-amerique-reexaminent-les-pratiques-en-matiere-devangelisation-et-cherchent-un-nouveau-paradigme\/","title":{"rendered":"Les dirigeants de l\u2019\u00c9glise en Inter Am\u00e9rique r\u00e9examinent les pratiques en mati\u00e8re d\u2019\u00e9vang\u00e9lisation et cherchent un nouveau paradigme"},"content":{"rendered":"<p>12 Mai 2021 | Miami, Floride, \u00c9tats-Unis | Libna Stevens, P\u00f4le Informations de la Division Inter Am\u00e9ricaine<\/p>\n<p>Dans une qu\u00eate visant \u00e0 mettre en pratique les strat\u00e9gies de mission \u00e9tablies pour les quatre prochaines ann\u00e9es \u00e0 travers le plan <a href=\"https:\/\/urldefense.proofpoint.com\/v2\/url?u=https-3A__www.interamerica.org_project_i-2Dwill-2Dgo-2Dstrategic-2Dplan-2D2020-2D2025_&amp;d=DwMFaQ&amp;c=tjPg1sbLxZ1bjgTYa5hhdw&amp;r=QRxhZ6zzWfakIxmZLcYU5ZN_w8zIA8rJMh2h-7AoibY&amp;m=KnlSUWr362YBK83vYzb0vDCMqoCTKRiUvC27zTn8-7A&amp;s=3qgprChKLerOaR6kEXyLnYBGISnD6uq8-2bNhAraKIg&amp;e=\" data-saferedirecturl=\"https:\/\/www.google.com\/url?q=https:\/\/urldefense.proofpoint.com\/v2\/url?u%3Dhttps-3A__www.interamerica.org_project_i-2Dwill-2Dgo-2Dstrategic-2Dplan-2D2020-2D2025_%26d%3DDwMFaQ%26c%3DtjPg1sbLxZ1bjgTYa5hhdw%26r%3DQRxhZ6zzWfakIxmZLcYU5ZN_w8zIA8rJMh2h-7AoibY%26m%3DKnlSUWr362YBK83vYzb0vDCMqoCTKRiUvC27zTn8-7A%26s%3D3qgprChKLerOaR6kEXyLnYBGISnD6uq8-2bNhAraKIg%26e%3D&amp;source=gmail&amp;ust=1620923821418000&amp;usg=AFQjCNF5lHdjfDBlbCLK5oFXmdGJGnVD8g\">I Will Go<\/a>\u00a0(J\u2019Irai), les principaux dirigeants adventistes du septi\u00e8me jour en Inter Am\u00e9rique ont r\u00e9cemment r\u00e9uni des centaines de pasteurs, d\u2019\u00e9vang\u00e9listes, de pr\u00e9dicateurs la\u00efcs, de membres la\u00efcs et d\u2019administrateurs d\u2019union, de f\u00e9d\u00e9ration et de mission, ainsi que leurs coordinateurs d\u2019\u00e9vang\u00e9lisation pour une conf\u00e9rence en ligne de trois jours sur l\u2019\u00e9vang\u00e9lisation.<\/p>\n<p>La conf\u00e9rence, qui s\u2019est tenue du 7 au 9 mai 2021, fait partie d\u2019une s\u00e9rie de rencontres trimestrielles de formation visant \u00e0 doubler, consolider et optimiser les efforts d\u2019\u00e9vang\u00e9lisation afin de pr\u00e9senter l\u2019\u00e9vangile aux gens dans tout le territoire de la Division Inter Am\u00e9ricaine (DIA) au cours des cinq prochaines ann\u00e9es.<\/p>\n<p><div id=\"attachment_71758\" style=\"width: 1010px\" class=\"wp-caption aligncenter\"><img fetchpriority=\"high\" decoding=\"async\" aria-describedby=\"caption-attachment-71758\" class=\"size-full wp-image-71758\" src=\"https:\/\/recursing-golick.147-182-135-0.plesk.page\/wp-content\/uploads\/2021\/05\/evangelism-conference-may7.jpg\" alt=\"\" width=\"1000\" height=\"578\" srcset=\"https:\/\/interamerica.org\/wp-content\/uploads\/2021\/05\/evangelism-conference-may7.jpg 1000w, https:\/\/interamerica.org\/wp-content\/uploads\/2021\/05\/evangelism-conference-may7-300x173.jpg 300w, https:\/\/interamerica.org\/wp-content\/uploads\/2021\/05\/evangelism-conference-may7-768x444.jpg 768w\" sizes=\"(max-width: 1000px) 100vw, 1000px\" \/><p id=\"caption-attachment-71758\" class=\"wp-caption-text\">De gauche \u00e0 droite : Les pasteurs de la Division Inter Am\u00e9ricaine : Balvin Braham (en haut \u00e0 gauche) vice-pr\u00e9sident, Melchor Ferreyra, directeur des minist\u00e8res personnels, et Elie Henry, pr\u00e9sident, accueillent des centaines de pasteurs, de pr\u00e9dicateurs la\u00efcs, d\u2019\u00e9vang\u00e9listes et d\u2019administrateurs d\u2019union, de f\u00e9d\u00e9ration et de mission de l\u2019ensemble du territoire pour une conf\u00e9rence annuelle sur l\u2019\u00e9vang\u00e9lisation qui s\u2019est tenue en ligne du 7 au 9 mai 2021. [Photo : Capture d\u2019\u00e9cran DIA]<\/p><\/div>\u00ab Dans la Division Inter Am\u00e9ricaine, nous avons pour mission de pr\u00eacher, d\u2019enseigner et de servir tout en d\u00e9veloppant le corps du Christ, \u00bb a d\u00e9clar\u00e9 pasteur Elie Henry, pr\u00e9sident de l\u2019\u00c9glise adventiste en Inter Am\u00e9rique. Tout comme l\u2019\u00c9glise Primitive du temps de l\u2019Ap\u00f4tre Paul, a dit pasteur Henry : \u00ab nous devons aller en mission pour proclamer, accomplir l\u2019\u0153uvre du minist\u00e8re, apprendre aux gens comment avancer avec Dieu. \u00bb<\/p>\n<p><strong>Proclamer toutes les v\u00e9rit\u00e9s de l\u2019\u00e9vangile <\/strong><\/p>\n<p>Il s\u2019agit de pr\u00e9parer l\u2019\u00e9glise \u00e0 proclamer toute la v\u00e9rit\u00e9 de l\u2019\u00e9vangile, a-t-il dit. \u00ab Comme ce serait merveilleux si nous \u00e9tions unis pour proclamer avec audace que J\u00e9sus revient bient\u00f4t et si nous travaillions \u00e0 \u00e9difier le royaume de Dieu. Travaillons ensemble, avan\u00e7ons ensemble, proclamons et atteignons cet objectif que J\u00e9sus nous appelle \u00e0 r\u00e9aliser, \u00bb a d\u00e9clar\u00e9 pasteur Henry. \u00ab Chacun d\u2019entre nous doit jouer un r\u00f4le dans la mission de l\u2019\u00c9glise, avan\u00e7ant, priant ensemble, encourageant, prenant soin, enseignant, soutenant, pr\u00eachant et faisant tout pour pr\u00e9senter l\u2019\u00e9vangile, ayant l\u2019unit\u00e9 de la foi et \u00e9tant enracin\u00e9s en Christ. \u00bb<\/p>\n<p>Pour que cela se produise, il faudra du temps et des efforts unifi\u00e9s dans toute l\u2019\u00e9glise afin de trouver de meilleures m\u00e9thodes pour apporter l\u2019\u00e9vangile aux gens comme jamais auparavant, a d\u00e9clar\u00e9 pasteur Balvin Braham, vice-pr\u00e9sident de l\u2019\u00c9glise adventiste en Inter Am\u00e9rique charg\u00e9 de la supervision de l\u2019\u00e9vang\u00e9lisation et organisateur de la conf\u00e9rence.<\/p>\n<p><div id=\"attachment_71767\" style=\"width: 843px\" class=\"wp-caption aligncenter\"><img decoding=\"async\" aria-describedby=\"caption-attachment-71767\" class=\" wp-image-71767\" src=\"https:\/\/recursing-golick.147-182-135-0.plesk.page\/wp-content\/uploads\/2021\/05\/cima-roberto-morales-evangelism-conference.jpg\" alt=\"\" width=\"833\" height=\"494\" srcset=\"https:\/\/interamerica.org\/wp-content\/uploads\/2021\/05\/cima-roberto-morales-evangelism-conference.jpg 1000w, https:\/\/interamerica.org\/wp-content\/uploads\/2021\/05\/cima-roberto-morales-evangelism-conference-300x178.jpg 300w, https:\/\/interamerica.org\/wp-content\/uploads\/2021\/05\/cima-roberto-morales-evangelism-conference-768x455.jpg 768w\" sizes=\"(max-width: 833px) 100vw, 833px\" \/><p id=\"caption-attachment-71767\" class=\"wp-caption-text\">Le pasteur Roberto Morales de l\u2019Union Mexicaine du Chiapas pr\u00e9sente des m\u00e9thodes, des ressources et des initiatives qui ont r\u00e9ussi \u00e0 faire cro\u00eetre l\u2019\u00e9glise dans la r\u00e9gion. [Photo : Capture d\u2019\u00e9cran DIA]<\/p><\/div>La conf\u00e9rence, qui a \u00e9t\u00e9 organis\u00e9e conjointement par l\u2019association pastorale de la DIA et le d\u00e9partement des minist\u00e8res personnels, a pr\u00e9sent\u00e9 des initiatives et des m\u00e9thodes de pr\u00e9dication qui connaissent du succ\u00e8s et qui sont actuellement utilis\u00e9es sur le territoire de la DIA.<\/p>\n<p><strong>Mise en lumi\u00e8re des meilleures pratiques en mati\u00e8re d\u2019\u00e9vang\u00e9lisation<\/strong><\/p>\n<p>\u00ab Nous voulions donner l\u2019occasion d\u2019\u00e9changer les meilleures pratiques qui fonctionnent dans chaque r\u00e9gion du territoire de l\u2019\u00c9glise en Inter Am\u00e9rique, d\u2019aider les pasteurs et les \u00e9vang\u00e9listes la\u00efcs en leur apportant des comp\u00e9tences en mati\u00e8re de pr\u00e9dication \u00e9vang\u00e9lique, d\u2019identifier les moyens par lesquels nous pouvons aider les individus \u00e0 demeurer engag\u00e9s avec Christ pour le royaume de Dieu, de d\u00e9velopper des r\u00e9seaux au sein du groupe et de partager des t\u00e9moignages percutants de la puissance transformatrice de Dieu, \u00bb a dit Balvin Braham.<\/p>\n<p>\u00ab Cette conf\u00e9rence nous a seulement ouvert les yeux sur ce que nous faisons bien et ce que nous devons faire diff\u00e9remment, \u00bb a d\u00e9clar\u00e9 pasteur Braham. Il reste encore du chemin \u00e0 parcourir, a-t-il d\u00e9clar\u00e9. \u00ab Il y a la possibilit\u00e9 pour nous de trouver un nouveau paradigme dans notre \u00e9vang\u00e9lisation, afin d\u2019\u00eatre en mesure d\u2019atteindre et d\u2019avoir un impact sur ceux qui ne sont pas r\u00e9ceptifs \u00e0 l\u2019\u00e9vangile. \u00bb Il faudra amener les dirigeants et les membres \u00e0 essayer diff\u00e9rentes m\u00e9thodes d\u2019\u00e9vang\u00e9lisation, a-t-il dit. \u00ab Nous devons les aider \u00e0 voir diff\u00e9remment en \u00e9duquant, en formant et en d\u00e9veloppant des convictions et en allant dans une autre direction, \u00bb a d\u00e9clar\u00e9 pasteur Braham.<\/p>\n<p><div id=\"attachment_71764\" style=\"width: 932px\" class=\"wp-caption aligncenter\"><img decoding=\"async\" aria-describedby=\"caption-attachment-71764\" class=\" wp-image-71764\" src=\"https:\/\/recursing-golick.147-182-135-0.plesk.page\/wp-content\/uploads\/2021\/05\/guau-leonel-perez-maribel-evangelism-conference.jpg\" alt=\"\" width=\"922\" height=\"556\" srcset=\"https:\/\/interamerica.org\/wp-content\/uploads\/2021\/05\/guau-leonel-perez-maribel-evangelism-conference.jpg 1000w, https:\/\/interamerica.org\/wp-content\/uploads\/2021\/05\/guau-leonel-perez-maribel-evangelism-conference-300x181.jpg 300w, https:\/\/interamerica.org\/wp-content\/uploads\/2021\/05\/guau-leonel-perez-maribel-evangelism-conference-768x463.jpg 768w\" sizes=\"(max-width: 922px) 100vw, 922px\" \/><p id=\"caption-attachment-71764\" class=\"wp-caption-text\">Le pr\u00e9dicateur la\u00efc Leonel Perez de l\u2019Union du Guatemala raconte comment il a \u00e9t\u00e9 r\u00e9cemment kidnapp\u00e9 et comment son t\u00e9moignage a renforc\u00e9 son minist\u00e8re, alors que sa femme Maribel observe. [Photo : Capture d\u2019\u00e9cran DIA]<\/p><\/div>\u00ab L\u2019\u00e9vangile est principalement la solution aux difficult\u00e9s humaines, nous devons donc nous assurer de bien comprendre comment pr\u00e9senter cet \u00e9vangile afin de l\u2019amener l\u00e0 o\u00f9 on en a le plus besoin, \u00bb a d\u00e9clar\u00e9 Balvin Braham.<\/p>\n<p>Les dirigeants r\u00e9gionaux ont pr\u00e9sent\u00e9 des rapports sur les efforts d\u2019\u00e9vang\u00e9lisation en ligne organis\u00e9s depuis le d\u00e9but de la pand\u00e9mie l\u2019ann\u00e9e derni\u00e8re et qui sont efficaces. De plus, des experts en \u00e9vang\u00e9lisation ont fait des pr\u00e9sentations sp\u00e9ciales \u00e0 des groupes de dirigeants, ont partag\u00e9 leurs exp\u00e9riences et tenu des s\u00e9ances de questions et r\u00e9ponses pendant la conf\u00e9rence.<\/p>\n<p><strong> \u00c0 l\u2019\u00e9coute d\u2019experts en \u00e9vang\u00e9lisation <\/strong><\/p>\n<p>L\u2019\u00e9vang\u00e9liste adventiste, pasteur Alejandro Bull\u00f3n d\u2019Am\u00e9rique du Sud, a parl\u00e9 \u00e0 des centaines de pasteurs de l\u2019importance de faire croitre le royaume de Dieu en fortifiant la vie spirituelle du croyant. \u00ab Il ne s\u2019agit pas des objectifs et des chiffres qui doivent \u00eatre atteints, mais il s\u2019agit de mettre l\u2019emphase sur la part spirituelle de chaque membre \u00e0 travers la pri\u00e8re, l\u2019\u00e9tude de la Bible et le t\u00e9moignage aupr\u00e8s des autres, c\u2019est ce qui fera croitre l\u2019\u00c9glise presque automatiquement, \u00bb a d\u00e9clar\u00e9 Alejandro Bull\u00f3n.<\/p>\n<p><div id=\"attachment_71773\" style=\"width: 912px\" class=\"wp-caption aligncenter\"><img loading=\"lazy\" decoding=\"async\" aria-describedby=\"caption-attachment-71773\" class=\" wp-image-71773\" src=\"https:\/\/recursing-golick.147-182-135-0.plesk.page\/wp-content\/uploads\/2021\/05\/richie-halverson-evangelism-conference.jpg\" alt=\"\" width=\"902\" height=\"517\" srcset=\"https:\/\/interamerica.org\/wp-content\/uploads\/2021\/05\/richie-halverson-evangelism-conference.jpg 1000w, https:\/\/interamerica.org\/wp-content\/uploads\/2021\/05\/richie-halverson-evangelism-conference-300x172.jpg 300w, https:\/\/interamerica.org\/wp-content\/uploads\/2021\/05\/richie-halverson-evangelism-conference-768x440.jpg 768w\" sizes=\"(max-width: 902px) 100vw, 902px\" \/><p id=\"caption-attachment-71773\" class=\"wp-caption-text\">Pasteur Richie Halversen, un pasteur du Tennessee, aux \u00c9tats-Unis, encourage un groupe de pasteurs et de la\u00efcs, disant que les \u00e9glises doivent \u00eatre un lieu s\u00fbr pour que les personnes bris\u00e9es y viennent et restent. [Photo : Capture d\u2019\u00e9cran DIA]<\/p><\/div>Le pasteur Errol McLean, directeur adjoint de l\u2019Institut d\u2019\u00c9vang\u00e9lisation de la Division Nord-Am\u00e9ricaine, a parl\u00e9 \u00e0 des centaines de pr\u00e9dicateurs la\u00efcs et d\u2019\u00e9vang\u00e9listes la\u00efcs de leur r\u00f4le en tant que pr\u00e9dicateurs, appel\u00e9s \u00e0 travailler ensemble pour impliquer chaque membre dans la mission. Il doit y avoir une collaboration, a d\u00e9clar\u00e9 pasteur McLean. \u00ab Le pasteur ne travaille pas ind\u00e9pendamment des la\u00efcs et des dirigeants de l\u2019\u00e9glise, \u00bb a d\u00e9clar\u00e9 pasteur McLean. \u00ab Il faut la force des pasteurs, des membres d\u2019\u00e9glise et des dirigeants de l\u2019\u00e9glise qui s\u2019unissent pour faire grandir le royaume de Dieu. \u00bb<\/p>\n<p>Lors de sa pr\u00e9sentation aux pasteurs et aux pr\u00e9dicateurs la\u00efcs, le pasteur Richie Halversen, qui implante des \u00e9glises et est pasteur d\u2019\u00e9glise locale dans le Tennessee, aux \u00c9tats-Unis, a encourag\u00e9 les dirigeants de l\u2019Inter Am\u00e9rique \u00e0 s\u2019assurer de cr\u00e9er une culture de croissance du royaume. \u00ab Les \u00e9glises doivent \u00eatre un lieu s\u00fbr o\u00f9 les personnes bris\u00e9es peuvent venir, \u00bb a d\u00e9clar\u00e9 pasteur Halversen. \u00ab Nous devons aimer suffisamment les gens pour aller d\u00e9couvrir leur culture, pour entrer en relation avec les gens et les rencontrer l\u00e0 o\u00f9 ils sont. \u00bb Il s\u2019agit d\u2019apprendre \u00e0 entrer dans les communaut\u00e9s qui doivent \u00eatre atteintes et de s\u2019impliquer dans la vie de la communaut\u00e9, a-t-il dit. \u00ab Notre \u00e9vang\u00e9lisation doit constituer un lieu o\u00f9 nous cr\u00e9ons des moments forts pour les gens, \u00bb a-t-il d\u00e9clar\u00e9. \u00ab Nous devons leur donner l\u2019\u00e9vangile. J\u00e9sus doit \u00eatre le fondement du message que nous leur pr\u00e9sentons. \u00bb<\/p>\n<p><div id=\"attachment_71776\" style=\"width: 886px\" class=\"wp-caption aligncenter\"><img loading=\"lazy\" decoding=\"async\" aria-describedby=\"caption-attachment-71776\" class=\" wp-image-71776\" src=\"https:\/\/recursing-golick.147-182-135-0.plesk.page\/wp-content\/uploads\/2021\/05\/atcu-kent-price-evangelism-conf.jpg\" alt=\"\" width=\"876\" height=\"496\" srcset=\"https:\/\/interamerica.org\/wp-content\/uploads\/2021\/05\/atcu-kent-price-evangelism-conf.jpg 1000w, https:\/\/interamerica.org\/wp-content\/uploads\/2021\/05\/atcu-kent-price-evangelism-conf-300x170.jpg 300w, https:\/\/interamerica.org\/wp-content\/uploads\/2021\/05\/atcu-kent-price-evangelism-conf-768x435.jpg 768w\" sizes=\"(max-width: 876px) 100vw, 876px\" \/><p id=\"caption-attachment-71776\" class=\"wp-caption-text\">Le pasteur Kent Price de l\u2019Union Carib\u00e9enne Atlantique pr\u00e9sente un message sur la fa\u00e7on dont les dirigeants doivent apprendre \u00e0 adapter et ajuster leurs m\u00e9thodes d\u2019\u00e9vang\u00e9lisation pour toucher diff\u00e9rentes cultures et d\u00e9velopper leur minist\u00e8re afin de de d\u00e9velopper le Royaume de Dieu. [Photo : Capture d\u2019\u00e9cran DIA]<\/p><\/div>Les dirigeants r\u00e9gionaux des 24 unions du territoire ont \u00e9galement partag\u00e9 leurs strat\u00e9gies, leurs id\u00e9es pratiques, les nouvelles technologies et ressources qui font une diff\u00e9rence dans leurs territoires respectifs.<\/p>\n<p><strong>Prendre \u00e0 c\u0153ur le plan de mission \u00ab I Will Go \u00bb<\/strong><\/p>\n<p>Le secr\u00e9taire ex\u00e9cutif de la DIA, pasteur Leonard Johnson, a encourag\u00e9 les d\u00e9l\u00e9gu\u00e9s \u00e0 la conf\u00e9rence \u00e0 prendre \u00e0 c\u0153ur le plan de mission\u00a0<em>I Will Go\u00a0<\/em>alors qu\u2019ils font en sorte de pr\u00eacher la Parole de Dieu. Le pasteur Johnson a fait r\u00e9f\u00e9rence \u00e0 Ez\u00e9chiel 37 comme un message de grand encouragement, de restauration, de sentiment d\u2019esp\u00e9rance, d\u2019assurance pour accomplir la mission alors que les pasteurs et les la\u00efcs s\u2019organisent pour atteindre les gens pour le Royaume de Dieu.<\/p>\n<p>\u00ab Dieu est capable de voir ce que nous ne pouvons voir, au milieu de la trag\u00e9die et des t\u00e9n\u00e8bres, \u00bb a dit pasteur Johnson. \u00ab Dieu voit la possibilit\u00e9, le potentiel et les \u00e2mes pr\u00eates \u00e0 \u00eatre sauv\u00e9es. Nous pouvons d\u00e9velopper le Royaume de Dieu en lui permettant de travailler \u00e0 travers nous, en proclamant sa Parole et en lui faisant pleinement confiance. \u00bb<\/p>\n<p><div id=\"attachment_71761\" style=\"width: 904px\" class=\"wp-caption aligncenter\"><img loading=\"lazy\" decoding=\"async\" aria-describedby=\"caption-attachment-71761\" class=\" wp-image-71761\" src=\"https:\/\/recursing-golick.147-182-135-0.plesk.page\/wp-content\/uploads\/2021\/05\/wvau-fernando-toala-evangelism-conference.jpg\" alt=\"\" width=\"894\" height=\"533\" srcset=\"https:\/\/interamerica.org\/wp-content\/uploads\/2021\/05\/wvau-fernando-toala-evangelism-conference.jpg 1000w, https:\/\/interamerica.org\/wp-content\/uploads\/2021\/05\/wvau-fernando-toala-evangelism-conference-300x179.jpg 300w, https:\/\/interamerica.org\/wp-content\/uploads\/2021\/05\/wvau-fernando-toala-evangelism-conference-768x458.jpg 768w\" sizes=\"(max-width: 894px) 100vw, 894px\" \/><p id=\"caption-attachment-71761\" class=\"wp-caption-text\">Le pasteur Fernando Toala de l\u2019Union de l\u2019Ouest du Venezuela pr\u00e9sente un rapport d\u2019\u00e9vang\u00e9lisation sur la fa\u00e7on dont l\u2019\u00e9glise a connu une croissance en d\u00e9pit de la situation difficile que connait le pays ; en effet, plus de 48000 nouveaux croyants se sont joints \u00e0 l\u2019\u00e9glise au cours du quinquennat \u00e9coul\u00e9. [Photo : Capture d\u2019\u00e9cran DIA]<\/p><\/div>Pour voir toutes les pr\u00e9sentations, les sermons et les t\u00e9moignages pr\u00e9sent\u00e9s lors de la Conf\u00e9rence d\u2019\u00c9vang\u00e9lisation de l\u2019Inter Am\u00e9rique, visitez le site <a href=\"https:\/\/sorttpadd.com\/virtual-evangelism-conference\/\">sorttpadd.com<\/a>.<\/p>\n<p>Traduction: Patrick Luciathe<\/p>\n","protected":false},"excerpt":{"rendered":"<p>12 Mai 2021 | Miami, Floride, \u00c9tats-Unis | Libna Stevens, P\u00f4le Informations de la Division Inter Am\u00e9ricaine Dans une qu\u00eate visant \u00e0 mettre en pratique les strat\u00e9gies de mission \u00e9tablies&#8230;<\/p>\n","protected":false},"author":3,"featured_media":71786,"comment_status":"closed","ping_status":"closed","sticky":false,"template":"","format":"standard","meta":{"_acf_changed":false,"footnotes":""},"categories":[20,19],"tags":[],"class_list":["post-71815","post","type-post","status-publish","format-standard","has-post-thumbnail","hentry","category-nouvelles-du-siege-de-la-division","category-rss-francais"],"acf":[],"yoast_head":"<!-- This site is optimized with the Yoast SEO plugin v27.3 - https:\/\/yoast.com\/product\/yoast-seo-wordpress\/ -->\n<title>Les dirigeants de l\u2019\u00c9glise en Inter Am\u00e9rique r\u00e9examinent les pratiques en mati\u00e8re d\u2019\u00e9vang\u00e9lisation et cherchent un nouveau paradigme - \u00c9glise Adventiste Du Septieme Jour - Inter Am\u00e9rique Division<\/title>\n<meta name=\"robots\" content=\"index, follow, max-snippet:-1, max-image-preview:large, max-video-preview:-1\" \/>\n<link rel=\"canonical\" href=\"https:\/\/interamerica.org\/fr\/2021\/05\/les-dirigeants-de-leglise-en-inter-amerique-reexaminent-les-pratiques-en-matiere-devangelisation-et-cherchent-un-nouveau-paradigme\/\" \/>\n<meta property=\"og:locale\" content=\"fr_FR\" \/>\n<meta property=\"og:type\" content=\"article\" \/>\n<meta property=\"og:title\" content=\"Les dirigeants de l\u2019\u00c9glise en Inter Am\u00e9rique r\u00e9examinent les pratiques en mati\u00e8re d\u2019\u00e9vang\u00e9lisation et cherchent un nouveau paradigme - \u00c9glise Adventiste Du Septieme Jour - Inter Am\u00e9rique Division\" \/>\n<meta property=\"og:description\" content=\"12 Mai 2021 | Miami, Floride, \u00c9tats-Unis | Libna Stevens, P\u00f4le Informations de la Division Inter Am\u00e9ricaine Dans une qu\u00eate visant \u00e0 mettre en pratique les strat\u00e9gies de mission \u00e9tablies...\" \/>\n<meta property=\"og:url\" content=\"https:\/\/interamerica.org\/fr\/2021\/05\/les-dirigeants-de-leglise-en-inter-amerique-reexaminent-les-pratiques-en-matiere-devangelisation-et-cherchent-un-nouveau-paradigme\/\" \/>\n<meta property=\"og:site_name\" content=\"\u00c9glise Adventiste Du Septieme Jour - Inter Am\u00e9rique Division\" \/>\n<meta property=\"article:published_time\" content=\"2021-05-12T18:32:27+00:00\" \/>\n<meta property=\"article:modified_time\" content=\"2021-05-13T15:05:26+00:00\" \/>\n<meta property=\"og:image\" content=\"https:\/\/interamerica.org\/wp-content\/uploads\/2021\/05\/evangelism-conference-may7-1280.jpg\" \/>\n\t<meta property=\"og:image:width\" content=\"1280\" \/>\n\t<meta property=\"og:image:height\" content=\"800\" \/>\n\t<meta property=\"og:image:type\" content=\"image\/jpeg\" \/>\n<meta name=\"author\" content=\"libna\" \/>\n<meta name=\"twitter:card\" content=\"summary_large_image\" \/>\n<meta name=\"twitter:label1\" content=\"\u00c9crit par\" \/>\n\t<meta name=\"twitter:data1\" content=\"libna\" \/>\n\t<meta name=\"twitter:label2\" content=\"Dur\u00e9e de lecture estim\u00e9e\" \/>\n\t<meta name=\"twitter:data2\" content=\"9 minutes\" \/>\n<script type=\"application\/ld+json\" class=\"yoast-schema-graph\">{\"@context\":\"https:\\\/\\\/schema.org\",\"@graph\":[{\"@type\":\"Article\",\"@id\":\"https:\\\/\\\/interamerica.org\\\/fr\\\/2021\\\/05\\\/les-dirigeants-de-leglise-en-inter-amerique-reexaminent-les-pratiques-en-matiere-devangelisation-et-cherchent-un-nouveau-paradigme\\\/#article\",\"isPartOf\":{\"@id\":\"https:\\\/\\\/interamerica.org\\\/fr\\\/2021\\\/05\\\/les-dirigeants-de-leglise-en-inter-amerique-reexaminent-les-pratiques-en-matiere-devangelisation-et-cherchent-un-nouveau-paradigme\\\/\"},\"author\":{\"name\":\"libna\",\"@id\":\"https:\\\/\\\/interamerica.org\\\/fr\\\/#\\\/schema\\\/person\\\/29998f2bc2d8bd0d38662909289b54f1\"},\"headline\":\"Les dirigeants de l\u2019\u00c9glise en Inter Am\u00e9rique r\u00e9examinent les pratiques en mati\u00e8re d\u2019\u00e9vang\u00e9lisation et cherchent un nouveau paradigme\",\"datePublished\":\"2021-05-12T18:32:27+00:00\",\"dateModified\":\"2021-05-13T15:05:26+00:00\",\"mainEntityOfPage\":{\"@id\":\"https:\\\/\\\/interamerica.org\\\/fr\\\/2021\\\/05\\\/les-dirigeants-de-leglise-en-inter-amerique-reexaminent-les-pratiques-en-matiere-devangelisation-et-cherchent-un-nouveau-paradigme\\\/\"},\"wordCount\":1830,\"image\":{\"@id\":\"https:\\\/\\\/interamerica.org\\\/fr\\\/2021\\\/05\\\/les-dirigeants-de-leglise-en-inter-amerique-reexaminent-les-pratiques-en-matiere-devangelisation-et-cherchent-un-nouveau-paradigme\\\/#primaryimage\"},\"thumbnailUrl\":\"https:\\\/\\\/interamerica.org\\\/wp-content\\\/uploads\\\/2021\\\/05\\\/evangelism-conference-may7-1280.jpg\",\"articleSection\":[\"Nouvelles du si\u00e8ge de la division\",\"RSS Fran\u00e7ais\"],\"inLanguage\":\"fr-FR\"},{\"@type\":\"WebPage\",\"@id\":\"https:\\\/\\\/interamerica.org\\\/fr\\\/2021\\\/05\\\/les-dirigeants-de-leglise-en-inter-amerique-reexaminent-les-pratiques-en-matiere-devangelisation-et-cherchent-un-nouveau-paradigme\\\/\",\"url\":\"https:\\\/\\\/interamerica.org\\\/fr\\\/2021\\\/05\\\/les-dirigeants-de-leglise-en-inter-amerique-reexaminent-les-pratiques-en-matiere-devangelisation-et-cherchent-un-nouveau-paradigme\\\/\",\"name\":\"Les dirigeants de l\u2019\u00c9glise en Inter Am\u00e9rique r\u00e9examinent les pratiques en mati\u00e8re d\u2019\u00e9vang\u00e9lisation et cherchent un nouveau paradigme - \u00c9glise Adventiste Du Septieme Jour - Inter Am\u00e9rique Division\",\"isPartOf\":{\"@id\":\"https:\\\/\\\/interamerica.org\\\/fr\\\/#website\"},\"primaryImageOfPage\":{\"@id\":\"https:\\\/\\\/interamerica.org\\\/fr\\\/2021\\\/05\\\/les-dirigeants-de-leglise-en-inter-amerique-reexaminent-les-pratiques-en-matiere-devangelisation-et-cherchent-un-nouveau-paradigme\\\/#primaryimage\"},\"image\":{\"@id\":\"https:\\\/\\\/interamerica.org\\\/fr\\\/2021\\\/05\\\/les-dirigeants-de-leglise-en-inter-amerique-reexaminent-les-pratiques-en-matiere-devangelisation-et-cherchent-un-nouveau-paradigme\\\/#primaryimage\"},\"thumbnailUrl\":\"https:\\\/\\\/interamerica.org\\\/wp-content\\\/uploads\\\/2021\\\/05\\\/evangelism-conference-may7-1280.jpg\",\"datePublished\":\"2021-05-12T18:32:27+00:00\",\"dateModified\":\"2021-05-13T15:05:26+00:00\",\"author\":{\"@id\":\"https:\\\/\\\/interamerica.org\\\/fr\\\/#\\\/schema\\\/person\\\/29998f2bc2d8bd0d38662909289b54f1\"},\"breadcrumb\":{\"@id\":\"https:\\\/\\\/interamerica.org\\\/fr\\\/2021\\\/05\\\/les-dirigeants-de-leglise-en-inter-amerique-reexaminent-les-pratiques-en-matiere-devangelisation-et-cherchent-un-nouveau-paradigme\\\/#breadcrumb\"},\"inLanguage\":\"fr-FR\",\"potentialAction\":[{\"@type\":\"ReadAction\",\"target\":[\"https:\\\/\\\/interamerica.org\\\/fr\\\/2021\\\/05\\\/les-dirigeants-de-leglise-en-inter-amerique-reexaminent-les-pratiques-en-matiere-devangelisation-et-cherchent-un-nouveau-paradigme\\\/\"]}]},{\"@type\":\"ImageObject\",\"inLanguage\":\"fr-FR\",\"@id\":\"https:\\\/\\\/interamerica.org\\\/fr\\\/2021\\\/05\\\/les-dirigeants-de-leglise-en-inter-amerique-reexaminent-les-pratiques-en-matiere-devangelisation-et-cherchent-un-nouveau-paradigme\\\/#primaryimage\",\"url\":\"https:\\\/\\\/interamerica.org\\\/wp-content\\\/uploads\\\/2021\\\/05\\\/evangelism-conference-may7-1280.jpg\",\"contentUrl\":\"https:\\\/\\\/interamerica.org\\\/wp-content\\\/uploads\\\/2021\\\/05\\\/evangelism-conference-may7-1280.jpg\",\"width\":1280,\"height\":800},{\"@type\":\"BreadcrumbList\",\"@id\":\"https:\\\/\\\/interamerica.org\\\/fr\\\/2021\\\/05\\\/les-dirigeants-de-leglise-en-inter-amerique-reexaminent-les-pratiques-en-matiere-devangelisation-et-cherchent-un-nouveau-paradigme\\\/#breadcrumb\",\"itemListElement\":[{\"@type\":\"ListItem\",\"position\":1,\"name\":\"Home\",\"item\":\"https:\\\/\\\/interamerica.org\\\/fr\\\/\"},{\"@type\":\"ListItem\",\"position\":2,\"name\":\"Les dirigeants de l\u2019\u00c9glise en Inter Am\u00e9rique r\u00e9examinent les pratiques en mati\u00e8re d\u2019\u00e9vang\u00e9lisation et cherchent un nouveau paradigme\"}]},{\"@type\":\"WebSite\",\"@id\":\"https:\\\/\\\/interamerica.org\\\/fr\\\/#website\",\"url\":\"https:\\\/\\\/interamerica.org\\\/fr\\\/\",\"name\":\"\u00c9glise Adventiste Du Septieme Jour - Inter Am\u00e9rique Division\",\"description\":\"\",\"potentialAction\":[{\"@type\":\"SearchAction\",\"target\":{\"@type\":\"EntryPoint\",\"urlTemplate\":\"https:\\\/\\\/interamerica.org\\\/fr\\\/?s={search_term_string}\"},\"query-input\":{\"@type\":\"PropertyValueSpecification\",\"valueRequired\":true,\"valueName\":\"search_term_string\"}}],\"inLanguage\":\"fr-FR\"},{\"@type\":\"Person\",\"@id\":\"https:\\\/\\\/interamerica.org\\\/fr\\\/#\\\/schema\\\/person\\\/29998f2bc2d8bd0d38662909289b54f1\",\"name\":\"libna\",\"image\":{\"@type\":\"ImageObject\",\"inLanguage\":\"fr-FR\",\"@id\":\"https:\\\/\\\/secure.gravatar.com\\\/avatar\\\/7c5bd30ae4b47a9ba3c856590957fd1d96dc588bf3ac05719d247e126840331f?s=96&d=mm&r=g\",\"url\":\"https:\\\/\\\/secure.gravatar.com\\\/avatar\\\/7c5bd30ae4b47a9ba3c856590957fd1d96dc588bf3ac05719d247e126840331f?s=96&d=mm&r=g\",\"contentUrl\":\"https:\\\/\\\/secure.gravatar.com\\\/avatar\\\/7c5bd30ae4b47a9ba3c856590957fd1d96dc588bf3ac05719d247e126840331f?s=96&d=mm&r=g\",\"caption\":\"libna\"}}]}<\/script>\n<!-- \/ Yoast SEO plugin. -->","yoast_head_json":{"title":"Les dirigeants de l\u2019\u00c9glise en Inter Am\u00e9rique r\u00e9examinent les pratiques en mati\u00e8re d\u2019\u00e9vang\u00e9lisation et cherchent un nouveau paradigme - \u00c9glise Adventiste Du Septieme Jour - Inter Am\u00e9rique Division","robots":{"index":"index","follow":"follow","max-snippet":"max-snippet:-1","max-image-preview":"max-image-preview:large","max-video-preview":"max-video-preview:-1"},"canonical":"https:\/\/interamerica.org\/fr\/2021\/05\/les-dirigeants-de-leglise-en-inter-amerique-reexaminent-les-pratiques-en-matiere-devangelisation-et-cherchent-un-nouveau-paradigme\/","og_locale":"fr_FR","og_type":"article","og_title":"Les dirigeants de l\u2019\u00c9glise en Inter Am\u00e9rique r\u00e9examinent les pratiques en mati\u00e8re d\u2019\u00e9vang\u00e9lisation et cherchent un nouveau paradigme - \u00c9glise Adventiste Du Septieme Jour - Inter Am\u00e9rique Division","og_description":"12 Mai 2021 | Miami, Floride, \u00c9tats-Unis | Libna Stevens, P\u00f4le Informations de la Division Inter Am\u00e9ricaine Dans une qu\u00eate visant \u00e0 mettre en pratique les strat\u00e9gies de mission \u00e9tablies...","og_url":"https:\/\/interamerica.org\/fr\/2021\/05\/les-dirigeants-de-leglise-en-inter-amerique-reexaminent-les-pratiques-en-matiere-devangelisation-et-cherchent-un-nouveau-paradigme\/","og_site_name":"\u00c9glise Adventiste Du Septieme Jour - Inter Am\u00e9rique Division","article_published_time":"2021-05-12T18:32:27+00:00","article_modified_time":"2021-05-13T15:05:26+00:00","og_image":[{"width":1280,"height":800,"url":"https:\/\/interamerica.org\/wp-content\/uploads\/2021\/05\/evangelism-conference-may7-1280.jpg","type":"image\/jpeg"}],"author":"libna","twitter_card":"summary_large_image","twitter_misc":{"\u00c9crit par":"libna","Dur\u00e9e de lecture estim\u00e9e":"9 minutes"},"schema":{"@context":"https:\/\/schema.org","@graph":[{"@type":"Article","@id":"https:\/\/interamerica.org\/fr\/2021\/05\/les-dirigeants-de-leglise-en-inter-amerique-reexaminent-les-pratiques-en-matiere-devangelisation-et-cherchent-un-nouveau-paradigme\/#article","isPartOf":{"@id":"https:\/\/interamerica.org\/fr\/2021\/05\/les-dirigeants-de-leglise-en-inter-amerique-reexaminent-les-pratiques-en-matiere-devangelisation-et-cherchent-un-nouveau-paradigme\/"},"author":{"name":"libna","@id":"https:\/\/interamerica.org\/fr\/#\/schema\/person\/29998f2bc2d8bd0d38662909289b54f1"},"headline":"Les dirigeants de l\u2019\u00c9glise en Inter Am\u00e9rique r\u00e9examinent les pratiques en mati\u00e8re d\u2019\u00e9vang\u00e9lisation et cherchent un nouveau paradigme","datePublished":"2021-05-12T18:32:27+00:00","dateModified":"2021-05-13T15:05:26+00:00","mainEntityOfPage":{"@id":"https:\/\/interamerica.org\/fr\/2021\/05\/les-dirigeants-de-leglise-en-inter-amerique-reexaminent-les-pratiques-en-matiere-devangelisation-et-cherchent-un-nouveau-paradigme\/"},"wordCount":1830,"image":{"@id":"https:\/\/interamerica.org\/fr\/2021\/05\/les-dirigeants-de-leglise-en-inter-amerique-reexaminent-les-pratiques-en-matiere-devangelisation-et-cherchent-un-nouveau-paradigme\/#primaryimage"},"thumbnailUrl":"https:\/\/interamerica.org\/wp-content\/uploads\/2021\/05\/evangelism-conference-may7-1280.jpg","articleSection":["Nouvelles du si\u00e8ge de la division","RSS Fran\u00e7ais"],"inLanguage":"fr-FR"},{"@type":"WebPage","@id":"https:\/\/interamerica.org\/fr\/2021\/05\/les-dirigeants-de-leglise-en-inter-amerique-reexaminent-les-pratiques-en-matiere-devangelisation-et-cherchent-un-nouveau-paradigme\/","url":"https:\/\/interamerica.org\/fr\/2021\/05\/les-dirigeants-de-leglise-en-inter-amerique-reexaminent-les-pratiques-en-matiere-devangelisation-et-cherchent-un-nouveau-paradigme\/","name":"Les dirigeants de l\u2019\u00c9glise en Inter Am\u00e9rique r\u00e9examinent les pratiques en mati\u00e8re d\u2019\u00e9vang\u00e9lisation et cherchent un nouveau paradigme - \u00c9glise Adventiste Du Septieme Jour - Inter Am\u00e9rique Division","isPartOf":{"@id":"https:\/\/interamerica.org\/fr\/#website"},"primaryImageOfPage":{"@id":"https:\/\/interamerica.org\/fr\/2021\/05\/les-dirigeants-de-leglise-en-inter-amerique-reexaminent-les-pratiques-en-matiere-devangelisation-et-cherchent-un-nouveau-paradigme\/#primaryimage"},"image":{"@id":"https:\/\/interamerica.org\/fr\/2021\/05\/les-dirigeants-de-leglise-en-inter-amerique-reexaminent-les-pratiques-en-matiere-devangelisation-et-cherchent-un-nouveau-paradigme\/#primaryimage"},"thumbnailUrl":"https:\/\/interamerica.org\/wp-content\/uploads\/2021\/05\/evangelism-conference-may7-1280.jpg","datePublished":"2021-05-12T18:32:27+00:00","dateModified":"2021-05-13T15:05:26+00:00","author":{"@id":"https:\/\/interamerica.org\/fr\/#\/schema\/person\/29998f2bc2d8bd0d38662909289b54f1"},"breadcrumb":{"@id":"https:\/\/interamerica.org\/fr\/2021\/05\/les-dirigeants-de-leglise-en-inter-amerique-reexaminent-les-pratiques-en-matiere-devangelisation-et-cherchent-un-nouveau-paradigme\/#breadcrumb"},"inLanguage":"fr-FR","potentialAction":[{"@type":"ReadAction","target":["https:\/\/interamerica.org\/fr\/2021\/05\/les-dirigeants-de-leglise-en-inter-amerique-reexaminent-les-pratiques-en-matiere-devangelisation-et-cherchent-un-nouveau-paradigme\/"]}]},{"@type":"ImageObject","inLanguage":"fr-FR","@id":"https:\/\/interamerica.org\/fr\/2021\/05\/les-dirigeants-de-leglise-en-inter-amerique-reexaminent-les-pratiques-en-matiere-devangelisation-et-cherchent-un-nouveau-paradigme\/#primaryimage","url":"https:\/\/interamerica.org\/wp-content\/uploads\/2021\/05\/evangelism-conference-may7-1280.jpg","contentUrl":"https:\/\/interamerica.org\/wp-content\/uploads\/2021\/05\/evangelism-conference-may7-1280.jpg","width":1280,"height":800},{"@type":"BreadcrumbList","@id":"https:\/\/interamerica.org\/fr\/2021\/05\/les-dirigeants-de-leglise-en-inter-amerique-reexaminent-les-pratiques-en-matiere-devangelisation-et-cherchent-un-nouveau-paradigme\/#breadcrumb","itemListElement":[{"@type":"ListItem","position":1,"name":"Home","item":"https:\/\/interamerica.org\/fr\/"},{"@type":"ListItem","position":2,"name":"Les dirigeants de l\u2019\u00c9glise en Inter Am\u00e9rique r\u00e9examinent les pratiques en mati\u00e8re d\u2019\u00e9vang\u00e9lisation et cherchent un nouveau paradigme"}]},{"@type":"WebSite","@id":"https:\/\/interamerica.org\/fr\/#website","url":"https:\/\/interamerica.org\/fr\/","name":"\u00c9glise Adventiste Du Septieme Jour - Inter Am\u00e9rique Division","description":"","potentialAction":[{"@type":"SearchAction","target":{"@type":"EntryPoint","urlTemplate":"https:\/\/interamerica.org\/fr\/?s={search_term_string}"},"query-input":{"@type":"PropertyValueSpecification","valueRequired":true,"valueName":"search_term_string"}}],"inLanguage":"fr-FR"},{"@type":"Person","@id":"https:\/\/interamerica.org\/fr\/#\/schema\/person\/29998f2bc2d8bd0d38662909289b54f1","name":"libna","image":{"@type":"ImageObject","inLanguage":"fr-FR","@id":"https:\/\/secure.gravatar.com\/avatar\/7c5bd30ae4b47a9ba3c856590957fd1d96dc588bf3ac05719d247e126840331f?s=96&d=mm&r=g","url":"https:\/\/secure.gravatar.com\/avatar\/7c5bd30ae4b47a9ba3c856590957fd1d96dc588bf3ac05719d247e126840331f?s=96&d=mm&r=g","contentUrl":"https:\/\/secure.gravatar.com\/avatar\/7c5bd30ae4b47a9ba3c856590957fd1d96dc588bf3ac05719d247e126840331f?s=96&d=mm&r=g","caption":"libna"}}]}},"_links":{"self":[{"href":"https:\/\/interamerica.org\/fr\/wp-json\/wp\/v2\/posts\/71815","targetHints":{"allow":["GET"]}}],"collection":[{"href":"https:\/\/interamerica.org\/fr\/wp-json\/wp\/v2\/posts"}],"about":[{"href":"https:\/\/interamerica.org\/fr\/wp-json\/wp\/v2\/types\/post"}],"author":[{"embeddable":true,"href":"https:\/\/interamerica.org\/fr\/wp-json\/wp\/v2\/users\/3"}],"replies":[{"embeddable":true,"href":"https:\/\/interamerica.org\/fr\/wp-json\/wp\/v2\/comments?post=71815"}],"version-history":[{"count":0,"href":"https:\/\/interamerica.org\/fr\/wp-json\/wp\/v2\/posts\/71815\/revisions"}],"wp:featuredmedia":[{"embeddable":true,"href":"https:\/\/interamerica.org\/fr\/wp-json\/wp\/v2\/media\/71786"}],"wp:attachment":[{"href":"https:\/\/interamerica.org\/fr\/wp-json\/wp\/v2\/media?parent=71815"}],"wp:term":[{"taxonomy":"category","embeddable":true,"href":"https:\/\/interamerica.org\/fr\/wp-json\/wp\/v2\/categories?post=71815"},{"taxonomy":"post_tag","embeddable":true,"href":"https:\/\/interamerica.org\/fr\/wp-json\/wp\/v2\/tags?post=71815"}],"curies":[{"name":"wp","href":"https:\/\/api.w.org\/{rel}","templated":true}]}}