{"id":71832,"date":"2021-05-13T19:44:40","date_gmt":"2021-05-13T23:44:40","guid":{"rendered":"https:\/\/recursing-golick.147-182-135-0.plesk.page\/?p=71832"},"modified":"2021-05-13T21:31:53","modified_gmt":"2021-05-14T01:31:53","slug":"camp-meeting-adventiste-virtuel-mondial","status":"publish","type":"post","link":"https:\/\/interamerica.org\/fr\/2021\/05\/camp-meeting-adventiste-virtuel-mondial\/","title":{"rendered":"Camp-meeting adventiste virtuel mondial"},"content":{"rendered":"<p>14 mai 2021 | Silver Spring, Maryland, \u00c9tats-Unis | Ted N.C. Wilson<\/p>\n<p><span style=\"font-weight: 400;\">Salutations, mes amis ! Quand vous entendez le terme \u00ab camp-meeting \u00bb, qu\u2019est-ce qui vous vient \u00e0 l\u2019esprit ? Selon la r\u00e9gion du monde o\u00f9 vous vous trouvez, vous pouvez penser \u00e0 des tentes et \u00e0 de la sciure de bois. Ou \u00e0 des arbres et des lacs. Ou \u00e0 un autre beau paysage en plein air. Vous vous souvenez probablement aussi de la convivialit\u00e9 avec d\u2019autres croyants, de messages inspirants et de la musique entra\u00eenante. Vous pensez peut-\u00eatre \u00e0 votre propre bapt\u00eame, ou \u00e0 celui d\u2019un \u00eatre cher ou d\u2019un ami, car des milliers de bapt\u00eames ont \u00e9t\u00e9 c\u00e9l\u00e9br\u00e9s lors de camp-meeting dans le monde entier.<\/span><\/p>\n<p><span style=\"font-weight: 400;\">Quoi qu\u2019il en soit, l\u2019id\u00e9e d\u2019un camp-meeting rappelle de bons souvenirs \u00e0 de nombreuses personnes et a cruellement manqu\u00e9 au cours de l\u2019ann\u00e9e derni\u00e8re, le coronavirus ayant annul\u00e9 tous les rassemblements de ce genre.<\/span><\/p>\n<p><span style=\"font-weight: 400;\">Cette ann\u00e9e, cependant, j\u2019ai de bonnes nouvelles ! Il y aura un camp-meeting adventiste virtuel mondial qu\u2019aucun virus ne pourra annuler ! Il est gratuit, ouvert \u00e0 tous dans le monde entier, et commencera la semaine prochaine, le mercredi 19 mai, pour se poursuivre jusqu\u2019au dimanche 23 mai.<\/span><\/p>\n<p><span style=\"font-weight: 400;\">Bien que ce camp-meeting soit quelque peu diff\u00e9rent des pr\u00e9c\u00e9dents, le camp-meeting adventiste virtuel mondial rassemble toute l\u2019\u00e9glise mondiale pour adorer, \u00eatre inspir\u00e9 et apprendre. Cet \u00e9v\u00e9nement met en \u00e9vidence l\u2019ampleur et la profondeur incroyables des minist\u00e8res adventistes dans le monde entier.\u00a0<\/span><span style=\"font-weight: 400;\">\u00a0<\/span><\/p>\n<p><span style=\"font-weight: 400;\">Il y aura des centaines de pr\u00e9sentations, s\u00e9minaires et ateliers sur le th\u00e8me du discipulat, de l\u2019\u00e9ducation, des minist\u00e8res de la sant\u00e9, des m\u00e9dias, des missions et de la th\u00e9ologie. Il y aura des d\u00e9bats avec des dirigeants d\u2019\u00e9glises et des cr\u00e9dits de formation continue pour les pasteurs et les enseignants.<\/span><\/p>\n<p><span style=\"font-weight: 400;\">\u00c9tonnamment, il y aura aussi un hall d\u2019exposition ultramoderne o\u00f9 vous pourrez visiter des stands ou des expositions de nombreuses organisations adventistes qui partageront leurs ressources pour la mission.<\/span><span style=\"font-weight: 400;\">\u00a0<\/span><\/p>\n<p><span style=\"font-weight: 400;\">Et encore mieux, c\u2019est gratuit ! Le camp-meeting adventiste virtuel mondial aura une programmation ax\u00e9e sur trois grandes r\u00e9gions : la r\u00e9gion Asie-Pacifique, la r\u00e9gion Euro-Afrique et les Am\u00e9riques. Les s\u00e9minaires seront programm\u00e9s de mani\u00e8re \u00e0 \u00eatre facilement accessibles, compte tenu des fuseaux horaires du monde entier.<\/span><\/p>\n<p><span style=\"font-weight: 400;\">Il vous suffit de vous rendre sur campmeeting.com pour vous inscrire. C\u2019est totalement gratuit.<\/span><\/p>\n<p><span style=\"font-weight: 400;\">Vous savez, mes amis, dans un sens, les camp-meeting existent depuis longtemps, le peuple de Dieu se r\u00e9unissait pour cro\u00eetre spirituellement, se rafra\u00eechir et s\u2019encourager. Dans \u00ab T\u00e9moignages pour l\u2019\u00c9glise, Volume 2 \u00bb, nous lisons ce qui suit :<\/span><\/p>\n<p><span style=\"font-weight: 400;\">\u00ab Aux temps anciens, le Seigneur demandait \u00e0 son peuple de se rassembler trois fois par an pour l\u2019adorer. Les enfants d\u2019Isra\u00ebl se rendaient \u00e0 ces saintes convocations en apportant leurs dimes \u00e0 l\u2019\u00c9ternel, leurs offrandes pour le p\u00e9ch\u00e9 et leurs offrandes d\u2019actions de gr\u00e2ces. Ils s\u2019y rencontraient pour raconter les bont\u00e9s du tr\u00e8s-Haut, parler de ses ouvres merveilleuses et lui pr\u00e9senter leurs louanges d\u2019actions de gr\u00e2ce. Ils devaient s\u2019unir lors de la c\u00e9r\u00e9monie du sacrifice qui symbolisait le Christ, l\u2019Agneau de Dieu qui \u00f4te les p\u00e9ch\u00e9s du monde. Ils se pr\u00e9servaient ainsi des atteintes de la puissance corruptrice du monde et de l\u2019idol\u00e2trie \u00bb.<\/span><\/p>\n<p><span style=\"font-weight: 400;\">Et parlant de camp-meeting \u00e0 une \u00e9poque plus moderne, Ellen White a \u00e9crit : \u00ab Les congr\u00e8s sont l\u2019un des instruments divins les plus importants dans notre travail. Ils constituent l\u2019une des m\u00e9thodes les plus efficaces pour capter l\u2019attention du peuple et atteindre toutes les classes avec l\u2019invitation de l\u2019\u00e9vangile \u00bb. Elle poursuit en disant : \u00ab Et nos congr\u00e8s ont un autre objet, pr\u00e9paratoire \u00e0 celui-ci. Ils servent \u00e0 promouvoir la vie spirituelle parmi notre peuple. [&#8230;] Dieu a confi\u00e9 \u00e0 nos mains une \u0153uvre sacr\u00e9e et nous devons nous r\u00e9unir pour recevoir des instructions afin d\u2019\u00eatre en mesure d\u2019accomplir cette \u0153uvre \u00bb.<\/span><\/p>\n<p><span style=\"font-weight: 400;\">Bien que nous ne puissions pas nous rencontrer physiquement, Dieu a pr\u00e9vu un moyen de nous rencontrer \u00e9lectroniquement. Et son Esprit n\u2019est pas li\u00e9. Alors que nous regardons et adorons ensemble, Il peut encore atteindre chaque c\u0153ur, chaque foyer, apportant \u00e0 chaque personne le message qu\u2019Il sait qu\u2019elle a besoin d\u2019entendre.<\/span><\/p>\n<p><span style=\"font-weight: 400;\">J\u2019esp\u00e8re que vous vous joindrez \u00e0 nous et que vous inviterez vos amis et votre famille au camp-meeting adventiste virtuel mondial qui se tiendra \u00e0 partir de mercredi prochain. Il suffit d\u2019aller sur campmeeting.com pour en savoir plus.<\/span><\/p>\n<h3><b>Prayer:<\/b><\/h3>\n<p><span style=\"font-weight: 400;\">Prions ensemble. P\u00e8re c\u00e9leste, merci de vouloir \u00eatre avec ton peuple depuis le tout d\u00e9but des temps, en marchant dans le calme du soir dans le jardin d\u2019\u00c9den, pour passer du temps avec Adam et \u00c8ve et maintenant, jusqu\u2019\u00e0 ce jour, tu d\u00e9sires \u00eatre en communion avec nous ; alors Seigneur, b\u00e9nis le camp-meeting, ce camp-meeting virtuel mondial, en nous aidant \u00e0 \u00eatre une b\u00e9n\u00e9diction pour les gens du monde entier afin qu\u2019ils puissent \u00eatre raviv\u00e9s, r\u00e9form\u00e9s, \u00e9nergis\u00e9s, qu\u2019ils puissent dire \u00ab oui Seigneur, j\u2019irai, je vais proclamer le pr\u00e9cieux message des trois anges \u00bb. Seigneur, nous attendons ton retour avec impatience, merci de nous donner l\u2019occasion d\u2019en apprendre davantage au cours de ce camp-meeting virtuel mondial. Maintenant, Seigneur, b\u00e9nis tous ceux qui seront pr\u00e9sents et ceux qui \u00e9coutent en ce moment. Nous le demandons au nom de J\u00e9sus, amen.<\/span><\/p>\n<p><iframe title=\"Camp-meeting Mondial \/ Pasteur Ted Wilson\" src=\"https:\/\/player.vimeo.com\/video\/549103884?dnt=1&amp;app_id=122963\" width=\"500\" height=\"281\" frameborder=\"0\" allow=\"autoplay; fullscreen; picture-in-picture; clipboard-write\"><\/iframe><\/p>\n","protected":false},"excerpt":{"rendered":"<p>14 mai 2021 | Silver Spring, Maryland, \u00c9tats-Unis | Ted N.C. Wilson Salutations, mes amis ! Quand vous entendez le terme \u00ab camp-meeting \u00bb, qu\u2019est-ce qui vous vient \u00e0 l\u2019esprit&#8230;<\/p>\n","protected":false},"author":3,"featured_media":71836,"comment_status":"closed","ping_status":"closed","sticky":false,"template":"","format":"standard","meta":{"_acf_changed":false,"footnotes":""},"categories":[18,19],"tags":[],"class_list":["post-71832","post","type-post","status-publish","format-standard","has-post-thumbnail","hentry","category-nouvelles-de-leglise-mondiale","category-rss-francais"],"acf":[],"yoast_head":"<!-- This site is optimized with the Yoast SEO plugin v27.3 - https:\/\/yoast.com\/product\/yoast-seo-wordpress\/ -->\n<title>Camp-meeting adventiste virtuel mondial - \u00c9glise Adventiste Du Septieme Jour - Inter Am\u00e9rique Division<\/title>\n<meta name=\"robots\" content=\"index, follow, max-snippet:-1, max-image-preview:large, max-video-preview:-1\" \/>\n<link rel=\"canonical\" href=\"https:\/\/interamerica.org\/fr\/2021\/05\/camp-meeting-adventiste-virtuel-mondial\/\" \/>\n<meta property=\"og:locale\" content=\"fr_FR\" \/>\n<meta property=\"og:type\" content=\"article\" \/>\n<meta property=\"og:title\" content=\"Camp-meeting adventiste virtuel mondial - \u00c9glise Adventiste Du Septieme Jour - Inter Am\u00e9rique Division\" \/>\n<meta property=\"og:description\" content=\"14 mai 2021 | Silver Spring, Maryland, \u00c9tats-Unis | Ted N.C. Wilson Salutations, mes amis ! Quand vous entendez le terme \u00ab camp-meeting \u00bb, qu\u2019est-ce qui vous vient \u00e0 l\u2019esprit...\" \/>\n<meta property=\"og:url\" content=\"https:\/\/interamerica.org\/fr\/2021\/05\/camp-meeting-adventiste-virtuel-mondial\/\" \/>\n<meta property=\"og:site_name\" content=\"\u00c9glise Adventiste Du Septieme Jour - Inter Am\u00e9rique Division\" \/>\n<meta property=\"article:published_time\" content=\"2021-05-13T23:44:40+00:00\" \/>\n<meta property=\"article:modified_time\" content=\"2021-05-14T01:31:53+00:00\" \/>\n<meta property=\"og:image\" content=\"https:\/\/interamerica.org\/wp-content\/uploads\/2021\/05\/wilson-may14-french.jpg\" \/>\n\t<meta property=\"og:image:width\" content=\"1000\" \/>\n\t<meta property=\"og:image:height\" content=\"563\" \/>\n\t<meta property=\"og:image:type\" content=\"image\/jpeg\" \/>\n<meta name=\"author\" content=\"libna\" \/>\n<meta name=\"twitter:card\" content=\"summary_large_image\" \/>\n<meta name=\"twitter:label1\" content=\"\u00c9crit par\" \/>\n\t<meta name=\"twitter:data1\" content=\"libna\" \/>\n\t<meta name=\"twitter:label2\" content=\"Dur\u00e9e de lecture estim\u00e9e\" \/>\n\t<meta name=\"twitter:data2\" content=\"4 minutes\" \/>\n<script type=\"application\/ld+json\" class=\"yoast-schema-graph\">{\"@context\":\"https:\\\/\\\/schema.org\",\"@graph\":[{\"@type\":\"Article\",\"@id\":\"https:\\\/\\\/interamerica.org\\\/fr\\\/2021\\\/05\\\/camp-meeting-adventiste-virtuel-mondial\\\/#article\",\"isPartOf\":{\"@id\":\"https:\\\/\\\/interamerica.org\\\/fr\\\/2021\\\/05\\\/camp-meeting-adventiste-virtuel-mondial\\\/\"},\"author\":{\"name\":\"libna\",\"@id\":\"https:\\\/\\\/interamerica.org\\\/fr\\\/#\\\/schema\\\/person\\\/29998f2bc2d8bd0d38662909289b54f1\"},\"headline\":\"Camp-meeting adventiste virtuel mondial\",\"datePublished\":\"2021-05-13T23:44:40+00:00\",\"dateModified\":\"2021-05-14T01:31:53+00:00\",\"mainEntityOfPage\":{\"@id\":\"https:\\\/\\\/interamerica.org\\\/fr\\\/2021\\\/05\\\/camp-meeting-adventiste-virtuel-mondial\\\/\"},\"wordCount\":946,\"image\":{\"@id\":\"https:\\\/\\\/interamerica.org\\\/fr\\\/2021\\\/05\\\/camp-meeting-adventiste-virtuel-mondial\\\/#primaryimage\"},\"thumbnailUrl\":\"https:\\\/\\\/interamerica.org\\\/wp-content\\\/uploads\\\/2021\\\/05\\\/wilson-may14-french.jpg\",\"articleSection\":[\"Nouvelles de l'\u00c9glise mondiale\",\"RSS Fran\u00e7ais\"],\"inLanguage\":\"fr-FR\"},{\"@type\":\"WebPage\",\"@id\":\"https:\\\/\\\/interamerica.org\\\/fr\\\/2021\\\/05\\\/camp-meeting-adventiste-virtuel-mondial\\\/\",\"url\":\"https:\\\/\\\/interamerica.org\\\/fr\\\/2021\\\/05\\\/camp-meeting-adventiste-virtuel-mondial\\\/\",\"name\":\"Camp-meeting adventiste virtuel mondial - \u00c9glise Adventiste Du Septieme Jour - Inter Am\u00e9rique Division\",\"isPartOf\":{\"@id\":\"https:\\\/\\\/interamerica.org\\\/fr\\\/#website\"},\"primaryImageOfPage\":{\"@id\":\"https:\\\/\\\/interamerica.org\\\/fr\\\/2021\\\/05\\\/camp-meeting-adventiste-virtuel-mondial\\\/#primaryimage\"},\"image\":{\"@id\":\"https:\\\/\\\/interamerica.org\\\/fr\\\/2021\\\/05\\\/camp-meeting-adventiste-virtuel-mondial\\\/#primaryimage\"},\"thumbnailUrl\":\"https:\\\/\\\/interamerica.org\\\/wp-content\\\/uploads\\\/2021\\\/05\\\/wilson-may14-french.jpg\",\"datePublished\":\"2021-05-13T23:44:40+00:00\",\"dateModified\":\"2021-05-14T01:31:53+00:00\",\"author\":{\"@id\":\"https:\\\/\\\/interamerica.org\\\/fr\\\/#\\\/schema\\\/person\\\/29998f2bc2d8bd0d38662909289b54f1\"},\"breadcrumb\":{\"@id\":\"https:\\\/\\\/interamerica.org\\\/fr\\\/2021\\\/05\\\/camp-meeting-adventiste-virtuel-mondial\\\/#breadcrumb\"},\"inLanguage\":\"fr-FR\",\"potentialAction\":[{\"@type\":\"ReadAction\",\"target\":[\"https:\\\/\\\/interamerica.org\\\/fr\\\/2021\\\/05\\\/camp-meeting-adventiste-virtuel-mondial\\\/\"]}]},{\"@type\":\"ImageObject\",\"inLanguage\":\"fr-FR\",\"@id\":\"https:\\\/\\\/interamerica.org\\\/fr\\\/2021\\\/05\\\/camp-meeting-adventiste-virtuel-mondial\\\/#primaryimage\",\"url\":\"https:\\\/\\\/interamerica.org\\\/wp-content\\\/uploads\\\/2021\\\/05\\\/wilson-may14-french.jpg\",\"contentUrl\":\"https:\\\/\\\/interamerica.org\\\/wp-content\\\/uploads\\\/2021\\\/05\\\/wilson-may14-french.jpg\",\"width\":1000,\"height\":563},{\"@type\":\"BreadcrumbList\",\"@id\":\"https:\\\/\\\/interamerica.org\\\/fr\\\/2021\\\/05\\\/camp-meeting-adventiste-virtuel-mondial\\\/#breadcrumb\",\"itemListElement\":[{\"@type\":\"ListItem\",\"position\":1,\"name\":\"Home\",\"item\":\"https:\\\/\\\/interamerica.org\\\/fr\\\/\"},{\"@type\":\"ListItem\",\"position\":2,\"name\":\"Camp-meeting adventiste virtuel mondial\"}]},{\"@type\":\"WebSite\",\"@id\":\"https:\\\/\\\/interamerica.org\\\/fr\\\/#website\",\"url\":\"https:\\\/\\\/interamerica.org\\\/fr\\\/\",\"name\":\"\u00c9glise Adventiste Du Septieme Jour - Inter Am\u00e9rique Division\",\"description\":\"\",\"potentialAction\":[{\"@type\":\"SearchAction\",\"target\":{\"@type\":\"EntryPoint\",\"urlTemplate\":\"https:\\\/\\\/interamerica.org\\\/fr\\\/?s={search_term_string}\"},\"query-input\":{\"@type\":\"PropertyValueSpecification\",\"valueRequired\":true,\"valueName\":\"search_term_string\"}}],\"inLanguage\":\"fr-FR\"},{\"@type\":\"Person\",\"@id\":\"https:\\\/\\\/interamerica.org\\\/fr\\\/#\\\/schema\\\/person\\\/29998f2bc2d8bd0d38662909289b54f1\",\"name\":\"libna\",\"image\":{\"@type\":\"ImageObject\",\"inLanguage\":\"fr-FR\",\"@id\":\"https:\\\/\\\/secure.gravatar.com\\\/avatar\\\/7c5bd30ae4b47a9ba3c856590957fd1d96dc588bf3ac05719d247e126840331f?s=96&d=mm&r=g\",\"url\":\"https:\\\/\\\/secure.gravatar.com\\\/avatar\\\/7c5bd30ae4b47a9ba3c856590957fd1d96dc588bf3ac05719d247e126840331f?s=96&d=mm&r=g\",\"contentUrl\":\"https:\\\/\\\/secure.gravatar.com\\\/avatar\\\/7c5bd30ae4b47a9ba3c856590957fd1d96dc588bf3ac05719d247e126840331f?s=96&d=mm&r=g\",\"caption\":\"libna\"}}]}<\/script>\n<!-- \/ Yoast SEO plugin. -->","yoast_head_json":{"title":"Camp-meeting adventiste virtuel mondial - \u00c9glise Adventiste Du Septieme Jour - Inter Am\u00e9rique Division","robots":{"index":"index","follow":"follow","max-snippet":"max-snippet:-1","max-image-preview":"max-image-preview:large","max-video-preview":"max-video-preview:-1"},"canonical":"https:\/\/interamerica.org\/fr\/2021\/05\/camp-meeting-adventiste-virtuel-mondial\/","og_locale":"fr_FR","og_type":"article","og_title":"Camp-meeting adventiste virtuel mondial - \u00c9glise Adventiste Du Septieme Jour - Inter Am\u00e9rique Division","og_description":"14 mai 2021 | Silver Spring, Maryland, \u00c9tats-Unis | Ted N.C. Wilson Salutations, mes amis ! Quand vous entendez le terme \u00ab camp-meeting \u00bb, qu\u2019est-ce qui vous vient \u00e0 l\u2019esprit...","og_url":"https:\/\/interamerica.org\/fr\/2021\/05\/camp-meeting-adventiste-virtuel-mondial\/","og_site_name":"\u00c9glise Adventiste Du Septieme Jour - Inter Am\u00e9rique Division","article_published_time":"2021-05-13T23:44:40+00:00","article_modified_time":"2021-05-14T01:31:53+00:00","og_image":[{"width":1000,"height":563,"url":"https:\/\/interamerica.org\/wp-content\/uploads\/2021\/05\/wilson-may14-french.jpg","type":"image\/jpeg"}],"author":"libna","twitter_card":"summary_large_image","twitter_misc":{"\u00c9crit par":"libna","Dur\u00e9e de lecture estim\u00e9e":"4 minutes"},"schema":{"@context":"https:\/\/schema.org","@graph":[{"@type":"Article","@id":"https:\/\/interamerica.org\/fr\/2021\/05\/camp-meeting-adventiste-virtuel-mondial\/#article","isPartOf":{"@id":"https:\/\/interamerica.org\/fr\/2021\/05\/camp-meeting-adventiste-virtuel-mondial\/"},"author":{"name":"libna","@id":"https:\/\/interamerica.org\/fr\/#\/schema\/person\/29998f2bc2d8bd0d38662909289b54f1"},"headline":"Camp-meeting adventiste virtuel mondial","datePublished":"2021-05-13T23:44:40+00:00","dateModified":"2021-05-14T01:31:53+00:00","mainEntityOfPage":{"@id":"https:\/\/interamerica.org\/fr\/2021\/05\/camp-meeting-adventiste-virtuel-mondial\/"},"wordCount":946,"image":{"@id":"https:\/\/interamerica.org\/fr\/2021\/05\/camp-meeting-adventiste-virtuel-mondial\/#primaryimage"},"thumbnailUrl":"https:\/\/interamerica.org\/wp-content\/uploads\/2021\/05\/wilson-may14-french.jpg","articleSection":["Nouvelles de l'\u00c9glise mondiale","RSS Fran\u00e7ais"],"inLanguage":"fr-FR"},{"@type":"WebPage","@id":"https:\/\/interamerica.org\/fr\/2021\/05\/camp-meeting-adventiste-virtuel-mondial\/","url":"https:\/\/interamerica.org\/fr\/2021\/05\/camp-meeting-adventiste-virtuel-mondial\/","name":"Camp-meeting adventiste virtuel mondial - \u00c9glise Adventiste Du Septieme Jour - Inter Am\u00e9rique Division","isPartOf":{"@id":"https:\/\/interamerica.org\/fr\/#website"},"primaryImageOfPage":{"@id":"https:\/\/interamerica.org\/fr\/2021\/05\/camp-meeting-adventiste-virtuel-mondial\/#primaryimage"},"image":{"@id":"https:\/\/interamerica.org\/fr\/2021\/05\/camp-meeting-adventiste-virtuel-mondial\/#primaryimage"},"thumbnailUrl":"https:\/\/interamerica.org\/wp-content\/uploads\/2021\/05\/wilson-may14-french.jpg","datePublished":"2021-05-13T23:44:40+00:00","dateModified":"2021-05-14T01:31:53+00:00","author":{"@id":"https:\/\/interamerica.org\/fr\/#\/schema\/person\/29998f2bc2d8bd0d38662909289b54f1"},"breadcrumb":{"@id":"https:\/\/interamerica.org\/fr\/2021\/05\/camp-meeting-adventiste-virtuel-mondial\/#breadcrumb"},"inLanguage":"fr-FR","potentialAction":[{"@type":"ReadAction","target":["https:\/\/interamerica.org\/fr\/2021\/05\/camp-meeting-adventiste-virtuel-mondial\/"]}]},{"@type":"ImageObject","inLanguage":"fr-FR","@id":"https:\/\/interamerica.org\/fr\/2021\/05\/camp-meeting-adventiste-virtuel-mondial\/#primaryimage","url":"https:\/\/interamerica.org\/wp-content\/uploads\/2021\/05\/wilson-may14-french.jpg","contentUrl":"https:\/\/interamerica.org\/wp-content\/uploads\/2021\/05\/wilson-may14-french.jpg","width":1000,"height":563},{"@type":"BreadcrumbList","@id":"https:\/\/interamerica.org\/fr\/2021\/05\/camp-meeting-adventiste-virtuel-mondial\/#breadcrumb","itemListElement":[{"@type":"ListItem","position":1,"name":"Home","item":"https:\/\/interamerica.org\/fr\/"},{"@type":"ListItem","position":2,"name":"Camp-meeting adventiste virtuel mondial"}]},{"@type":"WebSite","@id":"https:\/\/interamerica.org\/fr\/#website","url":"https:\/\/interamerica.org\/fr\/","name":"\u00c9glise Adventiste Du Septieme Jour - Inter Am\u00e9rique Division","description":"","potentialAction":[{"@type":"SearchAction","target":{"@type":"EntryPoint","urlTemplate":"https:\/\/interamerica.org\/fr\/?s={search_term_string}"},"query-input":{"@type":"PropertyValueSpecification","valueRequired":true,"valueName":"search_term_string"}}],"inLanguage":"fr-FR"},{"@type":"Person","@id":"https:\/\/interamerica.org\/fr\/#\/schema\/person\/29998f2bc2d8bd0d38662909289b54f1","name":"libna","image":{"@type":"ImageObject","inLanguage":"fr-FR","@id":"https:\/\/secure.gravatar.com\/avatar\/7c5bd30ae4b47a9ba3c856590957fd1d96dc588bf3ac05719d247e126840331f?s=96&d=mm&r=g","url":"https:\/\/secure.gravatar.com\/avatar\/7c5bd30ae4b47a9ba3c856590957fd1d96dc588bf3ac05719d247e126840331f?s=96&d=mm&r=g","contentUrl":"https:\/\/secure.gravatar.com\/avatar\/7c5bd30ae4b47a9ba3c856590957fd1d96dc588bf3ac05719d247e126840331f?s=96&d=mm&r=g","caption":"libna"}}]}},"_links":{"self":[{"href":"https:\/\/interamerica.org\/fr\/wp-json\/wp\/v2\/posts\/71832","targetHints":{"allow":["GET"]}}],"collection":[{"href":"https:\/\/interamerica.org\/fr\/wp-json\/wp\/v2\/posts"}],"about":[{"href":"https:\/\/interamerica.org\/fr\/wp-json\/wp\/v2\/types\/post"}],"author":[{"embeddable":true,"href":"https:\/\/interamerica.org\/fr\/wp-json\/wp\/v2\/users\/3"}],"replies":[{"embeddable":true,"href":"https:\/\/interamerica.org\/fr\/wp-json\/wp\/v2\/comments?post=71832"}],"version-history":[{"count":0,"href":"https:\/\/interamerica.org\/fr\/wp-json\/wp\/v2\/posts\/71832\/revisions"}],"wp:featuredmedia":[{"embeddable":true,"href":"https:\/\/interamerica.org\/fr\/wp-json\/wp\/v2\/media\/71836"}],"wp:attachment":[{"href":"https:\/\/interamerica.org\/fr\/wp-json\/wp\/v2\/media?parent=71832"}],"wp:term":[{"taxonomy":"category","embeddable":true,"href":"https:\/\/interamerica.org\/fr\/wp-json\/wp\/v2\/categories?post=71832"},{"taxonomy":"post_tag","embeddable":true,"href":"https:\/\/interamerica.org\/fr\/wp-json\/wp\/v2\/tags?post=71832"}],"curies":[{"name":"wp","href":"https:\/\/api.w.org\/{rel}","templated":true}]}}