{"id":72460,"date":"2021-06-07T09:40:24","date_gmt":"2021-06-07T13:40:24","guid":{"rendered":"https:\/\/recursing-golick.147-182-135-0.plesk.page\/?p=72460"},"modified":"2021-06-07T22:16:26","modified_gmt":"2021-06-08T02:16:26","slug":"une-annee-en-amazonie-pour-des-jeunes-missionnaires-adventistes","status":"publish","type":"post","link":"https:\/\/interamerica.org\/fr\/2021\/06\/une-annee-en-amazonie-pour-des-jeunes-missionnaires-adventistes\/","title":{"rendered":"Une ann\u00e9e en Amazonie pour des jeunes missionnaires adventistes"},"content":{"rendered":"<div id=\"attachment_72421\" style=\"width: 810px\" class=\"wp-caption aligncenter\"><img fetchpriority=\"high\" decoding=\"async\" aria-describedby=\"caption-attachment-72421\" class=\" wp-image-72421\" src=\"https:\/\/recursing-golick.147-182-135-0.plesk.page\/wp-content\/uploads\/2021\/06\/young-adventist-missionaries-will-spend-a-year-in-the-amazon1.jpeg\" alt=\"\" width=\"800\" height=\"400\" srcset=\"https:\/\/interamerica.org\/wp-content\/uploads\/2021\/06\/young-adventist-missionaries-will-spend-a-year-in-the-amazon1.jpeg 1000w, https:\/\/interamerica.org\/wp-content\/uploads\/2021\/06\/young-adventist-missionaries-will-spend-a-year-in-the-amazon1-300x150.jpeg 300w, https:\/\/interamerica.org\/wp-content\/uploads\/2021\/06\/young-adventist-missionaries-will-spend-a-year-in-the-amazon1-768x384.jpeg 768w\" sizes=\"(max-width: 800px) 100vw, 800px\" \/><p id=\"caption-attachment-72421\" class=\"wp-caption-text\"><span lang=\"FR-CA\">La c\u00e9l\u00e9bration avec le logo de One Year in Mission faisait partie du programme de remise des dipl\u00f4mes de l\u2019Institut missionnaire du nord-ouest, pr\u00e8s de Manaus, au Br\u00e9sil. Une photo de Ronivon Santos du d\u00e9partement de nouvelles de la Division sud-am\u00e9ricaine.<\/span><\/p><\/div>\n<p><strong>Au Br\u00e9sil, 36 participants de One Year in Mission (\u00ab\u00a0Un an en mission\u00a0\u00bb) ont termin\u00e9 leur formation et sont maintenant d\u00e9ploy\u00e9s.<\/strong><\/p>\n<p>Le 7 juin 2021 | Br\u00e9sil | Tatiane Lopes, la Division sud-am\u00e9ricaine and<em>\u00a0Adventist Review<\/em><\/p>\n<p>Le d\u00e9sir de servir \u00e0 quelque chose aupr\u00e8s d\u2019autres personnes et de participer \u00e0 une \u00e9vang\u00e9lisation pratique a pouss\u00e9 Luana Collen, 22\u00a0ans, \u00e0 mettre ses \u00e9tudes en travail social dans une universit\u00e9 br\u00e9silienne de c\u00f4t\u00e9 pour passer une ann\u00e9e en mission.<\/p>\n<p>\u00ab\u00a0En 2018, quand j\u2019avais 19\u00a0ans, j\u2019ai particip\u00e9 \u00e0 un projet d\u2019\u00e9vang\u00e9lisation pr\u00e8s de chez moi [dans le sud du Br\u00e9sil] pour la premi\u00e8re fois, a-t-elle racont\u00e9. Maintenant, j\u2019ai d\u00e9cid\u00e9 de laisser ma r\u00e9gion et de vivre cette exp\u00e9rience en Amazonie.\u00a0\u00bb<\/p>\n<div id=\"attachment_72427\" style=\"width: 807px\" class=\"wp-caption aligncenter\"><img decoding=\"async\" aria-describedby=\"caption-attachment-72427\" class=\" wp-image-72427\" src=\"https:\/\/recursing-golick.147-182-135-0.plesk.page\/wp-content\/uploads\/2021\/06\/oyim-amazon-3.jpeg\" alt=\"\" width=\"797\" height=\"531\" srcset=\"https:\/\/interamerica.org\/wp-content\/uploads\/2021\/06\/oyim-amazon-3.jpeg 1000w, https:\/\/interamerica.org\/wp-content\/uploads\/2021\/06\/oyim-amazon-3-300x200.jpeg 300w, https:\/\/interamerica.org\/wp-content\/uploads\/2021\/06\/oyim-amazon-3-768x511.jpeg 768w\" sizes=\"(max-width: 797px) 100vw, 797px\" \/><p id=\"caption-attachment-72427\" class=\"wp-caption-text\">S\u00e9rgio Alan Caxeta (\u00e0 gauche), pr\u00e9sident de l\u2019\u00c9glise adventiste pour la r\u00e9gion du nord-ouest du Br\u00e9sil, certificat d\u2019ach\u00e8vement \u00e0 la main en compagnie d\u2019une jeune finissante lors de la c\u00e9r\u00e9monie de fin de programme de l\u2019Institut missionnaire du nord-ouest. Une photo de Robert Souza du d\u00e9partement de nouvelles de la Division sud-am\u00e9ricaine.<\/p><\/div>\n<p>Mlle\u00a0Collen fait partie des 36\u00a0jeunes qui ont particip\u00e9 au projet One Year in Mission (OYiM) dans le nord-ouest du Br\u00e9sil. Ils ont tous quitt\u00e9 maison et travail ou \u00e9cole pour vivre l\u2019exp\u00e9rience de missionnaire \u00e0 temps plein dans la r\u00e9gion.<\/p>\n<p>Le programme de formation initiale prend g\u00e9n\u00e9ralement neuf semaines, mais \u00e0 cause de la pand\u00e9mie de COVID-19, il n\u2019a cette fois dur\u00e9 que cinq semaines. La formation est intensive et commen\u00e7ait tr\u00e8s t\u00f4t le matin avec, entre autres, le nettoyage des lieux de formation, l\u2019assistance en cuisine et les cours sur la Bible, a expliqu\u00e9 Eunice Bertoso, psychologue \u00e9ducative ainsi que volontaire et coordonnatrice de la premi\u00e8re \u00e9tape du projet.<\/p>\n<p>Mme Bertoso a partag\u00e9 combien elle r\u00eavait depuis longtemps de devenir missionnaire dans la for\u00eat tropicale amazonienne, depuis l\u2019\u00e9poque o\u00f9 elle entendait des histoires missionnaires \u00e0 l\u2019\u00e9glise dans son enfance. Et d\u00e8s qu\u2019elle et son mari ont pris leur retraite, ils ont d\u00e9cid\u00e9 d\u2019\u00eatre b\u00e9n\u00e9voles dans la r\u00e9gion.<\/p>\n<div id=\"attachment_72433\" style=\"width: 812px\" class=\"wp-caption aligncenter\"><img decoding=\"async\" aria-describedby=\"caption-attachment-72433\" class=\" wp-image-72433\" src=\"https:\/\/recursing-golick.147-182-135-0.plesk.page\/wp-content\/uploads\/2021\/06\/oyim-amazon5.jpeg\" alt=\"\" width=\"802\" height=\"534\" srcset=\"https:\/\/interamerica.org\/wp-content\/uploads\/2021\/06\/oyim-amazon5.jpeg 1000w, https:\/\/interamerica.org\/wp-content\/uploads\/2021\/06\/oyim-amazon5-300x200.jpeg 300w, https:\/\/interamerica.org\/wp-content\/uploads\/2021\/06\/oyim-amazon5-768x511.jpeg 768w\" sizes=\"(max-width: 802px) 100vw, 802px\" \/><p id=\"caption-attachment-72433\" class=\"wp-caption-text\"><span lang=\"FR-CA\">Le message spirituel de la c\u00e9r\u00e9monie a \u00e9t\u00e9 livr\u00e9 par Anderson Carneiro, dirigeant de jeunesse et coordonnateur de One Year in Mission pour la r\u00e9gion du nord-ouest du Br\u00e9sil. Une photo de Robert Souza du d\u00e9partement de nouvelles de la Division sud-am\u00e9ricaine.<\/span><\/p><\/div>\n<p><strong>Pr\u00e9paration strat\u00e9gique<\/strong><\/p>\n<p>La formation des missionnaires de OYiM a eu lieu \u00e0 l\u2019Institut missionnaire du nord-ouest, situ\u00e9 pr\u00e8s de la ville amazonienne de Manaus. Les installations, entour\u00e9es de nature, facilitent la communion avec Dieu et offrent aux volontaires leur premi\u00e8re occasion de tendre la main aux r\u00e9sidents de la r\u00e9gion et de faire l\u2019exp\u00e9rience des difficult\u00e9s de la vie de missionnaire.<\/p>\n<p>Ronivon Santos, pasteur et directeur de l\u2019Institut, a expliqu\u00e9 que les installations accueillent d\u2019autres groupes de missionnaires \u00e9galement. \u00ab\u00a0L\u2019Amazonie est une r\u00e9gion o\u00f9 le besoin de missionnaires et grand, alors nous coordonnons plusieurs projets \u00e0 long et \u00e0 court terme.\u00a0\u00bb<\/p>\n<p>D\u2019apr\u00e8s les dirigeants, la formation intensive que re\u00e7oivent les jeunes volontaires d\u00e8s qu\u2019ils arrivent vise \u00e0 les pr\u00e9parer \u00e0 continuer de servir dans une communaut\u00e9 pr\u00e9cise dans les \u00c9tats br\u00e9siliens de l\u2019Amazonas, de l\u2019Acre, du Roraima et du Rond\u00f4nia.<\/p>\n<div id=\"attachment_72424\" style=\"width: 810px\" class=\"wp-caption aligncenter\"><img loading=\"lazy\" decoding=\"async\" aria-describedby=\"caption-attachment-72424\" class=\" wp-image-72424\" src=\"https:\/\/recursing-golick.147-182-135-0.plesk.page\/wp-content\/uploads\/2021\/06\/oyim-amazon2.jpeg\" alt=\"\" width=\"800\" height=\"600\" srcset=\"https:\/\/interamerica.org\/wp-content\/uploads\/2021\/06\/oyim-amazon2.jpeg 1000w, https:\/\/interamerica.org\/wp-content\/uploads\/2021\/06\/oyim-amazon2-300x225.jpeg 300w, https:\/\/interamerica.org\/wp-content\/uploads\/2021\/06\/oyim-amazon2-768x576.jpeg 768w\" sizes=\"(max-width: 800px) 100vw, 800px\" \/><p id=\"caption-attachment-72424\" class=\"wp-caption-text\"><span lang=\"FR-CA\">Lors de la premi\u00e8re \u00e9tape du programme One Year in Mission, les jeunes volontaires ont re\u00e7u une formation \u00e0 l\u2019Institut missionnaire du nord-ouest, pr\u00e8s de Manaus, dans l\u2019\u00c9tat br\u00e9silien de l\u2019Amazonas. Une photo de Jonatas Correa du d\u00e9partement de nouvelles de la Division sud-am\u00e9ricaine.<\/span><\/p><\/div>\n<p>\u00ab\u00a0C\u2019est palpitant de voir des jeunes abandonner tant de choses pour \u00eatre missionnaires, a dit Anderson Carneiro, directeur de jeunesse de la r\u00e9gion et coordonnateur de OYiM. La remise de dipl\u00f4mes \u00e0 la fin de la p\u00e9riode de formation annonce le d\u00e9but de la r\u00e9alisation d\u2019un r\u00eave pour chacun d\u2019eux.\u00a0\u00bb<\/p>\n<p><strong>Une \u00e9cole missionnaire<\/strong><\/p>\n<p>\u00ab\u00a0Je n\u2019ai pas de mots pour d\u00e9crire la joie de recevoir ce dipl\u00f4me\u00a0\u00bb, a dit Elane Cavalcante, 18\u00a0ans. Elle servira au sein de la communaut\u00e9 de Canum\u00e3, en Amazonas. \u00ab\u00a0Il s\u2019agit sans doute du dipl\u00f4me le plus important de ma vie\u00a0\u00bb, a-t-elle ajout\u00e9, visiblement \u00e9mue.<\/p>\n<p>Plusieurs dirigeants de l\u2019\u00c9glise r\u00e9gionale ont assist\u00e9 \u00e0 la c\u00e9r\u00e9monie de remise de dipl\u00f4mes, y compris S\u00e9rgio Alan Caxeta, pr\u00e9sident de l\u2019\u00c9glise adventiste du nord-ouest du Br\u00e9sil. \u00ab\u00a0Notre r\u00e9gion comprend des lieux inhospitaliers, toujours vierges, a-t-il dit. Ces jeunes volontaires font maintenant partie d\u2019une arm\u00e9e d\u2019\u00e9vang\u00e9listes.\u00a0\u00bb<\/p>\n<div id=\"attachment_72430\" style=\"width: 814px\" class=\"wp-caption aligncenter\"><img loading=\"lazy\" decoding=\"async\" aria-describedby=\"caption-attachment-72430\" class=\" wp-image-72430\" src=\"https:\/\/recursing-golick.147-182-135-0.plesk.page\/wp-content\/uploads\/2021\/06\/oyim-amazon4.jpeg\" alt=\"\" width=\"804\" height=\"422\" srcset=\"https:\/\/interamerica.org\/wp-content\/uploads\/2021\/06\/oyim-amazon4.jpeg 1000w, https:\/\/interamerica.org\/wp-content\/uploads\/2021\/06\/oyim-amazon4-300x158.jpeg 300w, https:\/\/interamerica.org\/wp-content\/uploads\/2021\/06\/oyim-amazon4-768x403.jpeg 768w\" sizes=\"(max-width: 804px) 100vw, 804px\" \/><p id=\"caption-attachment-72430\" class=\"wp-caption-text\"><span lang=\"FR-CA\">La propri\u00e9t\u00e9 de l\u2019Institut missionnaire du nord-ouest \u00e0 Puraquequara, pr\u00e8s de Manaus. Une photo d\u2019Ivo Mazzo du d\u00e9partement de nouvelles de la Division sud-am\u00e9ricaine.<\/span><\/p><\/div>\n<div>\n<p>Le 31 mai dernier, les jeunes missionnaires ont quitt\u00e9 le site pour se rendre dans les communaut\u00e9s amazoniennes, o\u00f9 ils mettront en application tout ce qu\u2019ils ont appris pour atteindre des \u00e2mes pour J\u00e9sus.<\/p>\n<p><em>La <a href=\"https:\/\/noticias.adventistas.org\/pt\/noticia\/missao\/amazonia-recebe-36-jovens-que-viverao-em-missao-durante-um-ano\/\">version originale<\/a> de cet article a \u00e9t\u00e9 publi\u00e9e sur le <a href=\"https:\/\/noticias.adventistas.org\/pt\">site de nouvelles<\/a> en portugais de la Division sud-am\u00e9ricaine.<\/em><\/p>\n<\/div>\n<p>Traduction : Marie-Mich\u00e8le Robitaille<\/p>\n","protected":false},"excerpt":{"rendered":"<p>Au Br\u00e9sil, 36 participants de One Year in Mission (\u00ab\u00a0Un an en mission\u00a0\u00bb) ont termin\u00e9 leur formation et sont maintenant d\u00e9ploy\u00e9s. Le 7 juin 2021 | Br\u00e9sil | Tatiane Lopes,&#8230;<\/p>\n","protected":false},"author":3,"featured_media":72421,"comment_status":"closed","ping_status":"closed","sticky":false,"template":"","format":"standard","meta":{"_acf_changed":false,"footnotes":""},"categories":[18,19],"tags":[],"class_list":["post-72460","post","type-post","status-publish","format-standard","has-post-thumbnail","hentry","category-nouvelles-de-leglise-mondiale","category-rss-francais"],"acf":[],"yoast_head":"<!-- This site is optimized with the Yoast SEO plugin v27.3 - https:\/\/yoast.com\/product\/yoast-seo-wordpress\/ -->\n<title>Une ann\u00e9e en Amazonie pour des jeunes missionnaires adventistes - \u00c9glise Adventiste Du Septieme Jour - Inter Am\u00e9rique Division<\/title>\n<meta name=\"robots\" content=\"index, follow, max-snippet:-1, max-image-preview:large, max-video-preview:-1\" \/>\n<link rel=\"canonical\" href=\"https:\/\/interamerica.org\/fr\/2021\/06\/une-annee-en-amazonie-pour-des-jeunes-missionnaires-adventistes\/\" \/>\n<meta property=\"og:locale\" content=\"fr_FR\" \/>\n<meta property=\"og:type\" content=\"article\" \/>\n<meta property=\"og:title\" content=\"Une ann\u00e9e en Amazonie pour des jeunes missionnaires adventistes - \u00c9glise Adventiste Du Septieme Jour - Inter Am\u00e9rique Division\" \/>\n<meta property=\"og:description\" content=\"Au Br\u00e9sil, 36 participants de One Year in Mission (\u00ab\u00a0Un an en mission\u00a0\u00bb) ont termin\u00e9 leur formation et sont maintenant d\u00e9ploy\u00e9s. Le 7 juin 2021 | Br\u00e9sil | Tatiane Lopes,...\" \/>\n<meta property=\"og:url\" content=\"https:\/\/interamerica.org\/fr\/2021\/06\/une-annee-en-amazonie-pour-des-jeunes-missionnaires-adventistes\/\" \/>\n<meta property=\"og:site_name\" content=\"\u00c9glise Adventiste Du Septieme Jour - Inter Am\u00e9rique Division\" \/>\n<meta property=\"article:published_time\" content=\"2021-06-07T13:40:24+00:00\" \/>\n<meta property=\"article:modified_time\" content=\"2021-06-08T02:16:26+00:00\" \/>\n<meta property=\"og:image\" content=\"https:\/\/interamerica.org\/wp-content\/uploads\/2021\/06\/young-adventist-missionaries-will-spend-a-year-in-the-amazon1.jpeg\" \/>\n\t<meta property=\"og:image:width\" content=\"1000\" \/>\n\t<meta property=\"og:image:height\" content=\"500\" \/>\n\t<meta property=\"og:image:type\" content=\"image\/jpeg\" \/>\n<meta name=\"author\" content=\"libna\" \/>\n<meta name=\"twitter:card\" content=\"summary_large_image\" \/>\n<meta name=\"twitter:label1\" content=\"\u00c9crit par\" \/>\n\t<meta name=\"twitter:data1\" content=\"libna\" \/>\n\t<meta name=\"twitter:label2\" content=\"Dur\u00e9e de lecture estim\u00e9e\" \/>\n\t<meta name=\"twitter:data2\" content=\"5 minutes\" \/>\n<script type=\"application\/ld+json\" class=\"yoast-schema-graph\">{\"@context\":\"https:\\\/\\\/schema.org\",\"@graph\":[{\"@type\":\"Article\",\"@id\":\"https:\\\/\\\/interamerica.org\\\/fr\\\/2021\\\/06\\\/une-annee-en-amazonie-pour-des-jeunes-missionnaires-adventistes\\\/#article\",\"isPartOf\":{\"@id\":\"https:\\\/\\\/interamerica.org\\\/fr\\\/2021\\\/06\\\/une-annee-en-amazonie-pour-des-jeunes-missionnaires-adventistes\\\/\"},\"author\":{\"name\":\"libna\",\"@id\":\"https:\\\/\\\/interamerica.org\\\/fr\\\/#\\\/schema\\\/person\\\/29998f2bc2d8bd0d38662909289b54f1\"},\"headline\":\"Une ann\u00e9e en Amazonie pour des jeunes missionnaires adventistes\",\"datePublished\":\"2021-06-07T13:40:24+00:00\",\"dateModified\":\"2021-06-08T02:16:26+00:00\",\"mainEntityOfPage\":{\"@id\":\"https:\\\/\\\/interamerica.org\\\/fr\\\/2021\\\/06\\\/une-annee-en-amazonie-pour-des-jeunes-missionnaires-adventistes\\\/\"},\"wordCount\":989,\"image\":{\"@id\":\"https:\\\/\\\/interamerica.org\\\/fr\\\/2021\\\/06\\\/une-annee-en-amazonie-pour-des-jeunes-missionnaires-adventistes\\\/#primaryimage\"},\"thumbnailUrl\":\"https:\\\/\\\/interamerica.org\\\/wp-content\\\/uploads\\\/2021\\\/06\\\/young-adventist-missionaries-will-spend-a-year-in-the-amazon1.jpeg\",\"articleSection\":[\"Nouvelles de l'\u00c9glise mondiale\",\"RSS Fran\u00e7ais\"],\"inLanguage\":\"fr-FR\"},{\"@type\":\"WebPage\",\"@id\":\"https:\\\/\\\/interamerica.org\\\/fr\\\/2021\\\/06\\\/une-annee-en-amazonie-pour-des-jeunes-missionnaires-adventistes\\\/\",\"url\":\"https:\\\/\\\/interamerica.org\\\/fr\\\/2021\\\/06\\\/une-annee-en-amazonie-pour-des-jeunes-missionnaires-adventistes\\\/\",\"name\":\"Une ann\u00e9e en Amazonie pour des jeunes missionnaires adventistes - \u00c9glise Adventiste Du Septieme Jour - Inter Am\u00e9rique Division\",\"isPartOf\":{\"@id\":\"https:\\\/\\\/interamerica.org\\\/fr\\\/#website\"},\"primaryImageOfPage\":{\"@id\":\"https:\\\/\\\/interamerica.org\\\/fr\\\/2021\\\/06\\\/une-annee-en-amazonie-pour-des-jeunes-missionnaires-adventistes\\\/#primaryimage\"},\"image\":{\"@id\":\"https:\\\/\\\/interamerica.org\\\/fr\\\/2021\\\/06\\\/une-annee-en-amazonie-pour-des-jeunes-missionnaires-adventistes\\\/#primaryimage\"},\"thumbnailUrl\":\"https:\\\/\\\/interamerica.org\\\/wp-content\\\/uploads\\\/2021\\\/06\\\/young-adventist-missionaries-will-spend-a-year-in-the-amazon1.jpeg\",\"datePublished\":\"2021-06-07T13:40:24+00:00\",\"dateModified\":\"2021-06-08T02:16:26+00:00\",\"author\":{\"@id\":\"https:\\\/\\\/interamerica.org\\\/fr\\\/#\\\/schema\\\/person\\\/29998f2bc2d8bd0d38662909289b54f1\"},\"breadcrumb\":{\"@id\":\"https:\\\/\\\/interamerica.org\\\/fr\\\/2021\\\/06\\\/une-annee-en-amazonie-pour-des-jeunes-missionnaires-adventistes\\\/#breadcrumb\"},\"inLanguage\":\"fr-FR\",\"potentialAction\":[{\"@type\":\"ReadAction\",\"target\":[\"https:\\\/\\\/interamerica.org\\\/fr\\\/2021\\\/06\\\/une-annee-en-amazonie-pour-des-jeunes-missionnaires-adventistes\\\/\"]}]},{\"@type\":\"ImageObject\",\"inLanguage\":\"fr-FR\",\"@id\":\"https:\\\/\\\/interamerica.org\\\/fr\\\/2021\\\/06\\\/une-annee-en-amazonie-pour-des-jeunes-missionnaires-adventistes\\\/#primaryimage\",\"url\":\"https:\\\/\\\/interamerica.org\\\/wp-content\\\/uploads\\\/2021\\\/06\\\/young-adventist-missionaries-will-spend-a-year-in-the-amazon1.jpeg\",\"contentUrl\":\"https:\\\/\\\/interamerica.org\\\/wp-content\\\/uploads\\\/2021\\\/06\\\/young-adventist-missionaries-will-spend-a-year-in-the-amazon1.jpeg\",\"width\":1000,\"height\":500,\"caption\":\"La c\u00e9l\u00e9bration avec le logo de One Year in Mission faisait partie du programme de remise des dipl\u00f4mes de l\u2019Institut missionnaire du nord-ouest, pr\u00e8s de Manaus, au Br\u00e9sil. Une photo de Ronivon Santos du d\u00e9partement de nouvelles de la Division sud-am\u00e9ricaine.\"},{\"@type\":\"BreadcrumbList\",\"@id\":\"https:\\\/\\\/interamerica.org\\\/fr\\\/2021\\\/06\\\/une-annee-en-amazonie-pour-des-jeunes-missionnaires-adventistes\\\/#breadcrumb\",\"itemListElement\":[{\"@type\":\"ListItem\",\"position\":1,\"name\":\"Home\",\"item\":\"https:\\\/\\\/interamerica.org\\\/fr\\\/\"},{\"@type\":\"ListItem\",\"position\":2,\"name\":\"Une ann\u00e9e en Amazonie pour des jeunes missionnaires adventistes\"}]},{\"@type\":\"WebSite\",\"@id\":\"https:\\\/\\\/interamerica.org\\\/fr\\\/#website\",\"url\":\"https:\\\/\\\/interamerica.org\\\/fr\\\/\",\"name\":\"\u00c9glise Adventiste Du Septieme Jour - Inter Am\u00e9rique Division\",\"description\":\"\",\"potentialAction\":[{\"@type\":\"SearchAction\",\"target\":{\"@type\":\"EntryPoint\",\"urlTemplate\":\"https:\\\/\\\/interamerica.org\\\/fr\\\/?s={search_term_string}\"},\"query-input\":{\"@type\":\"PropertyValueSpecification\",\"valueRequired\":true,\"valueName\":\"search_term_string\"}}],\"inLanguage\":\"fr-FR\"},{\"@type\":\"Person\",\"@id\":\"https:\\\/\\\/interamerica.org\\\/fr\\\/#\\\/schema\\\/person\\\/29998f2bc2d8bd0d38662909289b54f1\",\"name\":\"libna\",\"image\":{\"@type\":\"ImageObject\",\"inLanguage\":\"fr-FR\",\"@id\":\"https:\\\/\\\/secure.gravatar.com\\\/avatar\\\/7c5bd30ae4b47a9ba3c856590957fd1d96dc588bf3ac05719d247e126840331f?s=96&d=mm&r=g\",\"url\":\"https:\\\/\\\/secure.gravatar.com\\\/avatar\\\/7c5bd30ae4b47a9ba3c856590957fd1d96dc588bf3ac05719d247e126840331f?s=96&d=mm&r=g\",\"contentUrl\":\"https:\\\/\\\/secure.gravatar.com\\\/avatar\\\/7c5bd30ae4b47a9ba3c856590957fd1d96dc588bf3ac05719d247e126840331f?s=96&d=mm&r=g\",\"caption\":\"libna\"}}]}<\/script>\n<!-- \/ Yoast SEO plugin. -->","yoast_head_json":{"title":"Une ann\u00e9e en Amazonie pour des jeunes missionnaires adventistes - \u00c9glise Adventiste Du Septieme Jour - Inter Am\u00e9rique Division","robots":{"index":"index","follow":"follow","max-snippet":"max-snippet:-1","max-image-preview":"max-image-preview:large","max-video-preview":"max-video-preview:-1"},"canonical":"https:\/\/interamerica.org\/fr\/2021\/06\/une-annee-en-amazonie-pour-des-jeunes-missionnaires-adventistes\/","og_locale":"fr_FR","og_type":"article","og_title":"Une ann\u00e9e en Amazonie pour des jeunes missionnaires adventistes - \u00c9glise Adventiste Du Septieme Jour - Inter Am\u00e9rique Division","og_description":"Au Br\u00e9sil, 36 participants de One Year in Mission (\u00ab\u00a0Un an en mission\u00a0\u00bb) ont termin\u00e9 leur formation et sont maintenant d\u00e9ploy\u00e9s. Le 7 juin 2021 | Br\u00e9sil | Tatiane Lopes,...","og_url":"https:\/\/interamerica.org\/fr\/2021\/06\/une-annee-en-amazonie-pour-des-jeunes-missionnaires-adventistes\/","og_site_name":"\u00c9glise Adventiste Du Septieme Jour - Inter Am\u00e9rique Division","article_published_time":"2021-06-07T13:40:24+00:00","article_modified_time":"2021-06-08T02:16:26+00:00","og_image":[{"width":1000,"height":500,"url":"https:\/\/interamerica.org\/wp-content\/uploads\/2021\/06\/young-adventist-missionaries-will-spend-a-year-in-the-amazon1.jpeg","type":"image\/jpeg"}],"author":"libna","twitter_card":"summary_large_image","twitter_misc":{"\u00c9crit par":"libna","Dur\u00e9e de lecture estim\u00e9e":"5 minutes"},"schema":{"@context":"https:\/\/schema.org","@graph":[{"@type":"Article","@id":"https:\/\/interamerica.org\/fr\/2021\/06\/une-annee-en-amazonie-pour-des-jeunes-missionnaires-adventistes\/#article","isPartOf":{"@id":"https:\/\/interamerica.org\/fr\/2021\/06\/une-annee-en-amazonie-pour-des-jeunes-missionnaires-adventistes\/"},"author":{"name":"libna","@id":"https:\/\/interamerica.org\/fr\/#\/schema\/person\/29998f2bc2d8bd0d38662909289b54f1"},"headline":"Une ann\u00e9e en Amazonie pour des jeunes missionnaires adventistes","datePublished":"2021-06-07T13:40:24+00:00","dateModified":"2021-06-08T02:16:26+00:00","mainEntityOfPage":{"@id":"https:\/\/interamerica.org\/fr\/2021\/06\/une-annee-en-amazonie-pour-des-jeunes-missionnaires-adventistes\/"},"wordCount":989,"image":{"@id":"https:\/\/interamerica.org\/fr\/2021\/06\/une-annee-en-amazonie-pour-des-jeunes-missionnaires-adventistes\/#primaryimage"},"thumbnailUrl":"https:\/\/interamerica.org\/wp-content\/uploads\/2021\/06\/young-adventist-missionaries-will-spend-a-year-in-the-amazon1.jpeg","articleSection":["Nouvelles de l'\u00c9glise mondiale","RSS Fran\u00e7ais"],"inLanguage":"fr-FR"},{"@type":"WebPage","@id":"https:\/\/interamerica.org\/fr\/2021\/06\/une-annee-en-amazonie-pour-des-jeunes-missionnaires-adventistes\/","url":"https:\/\/interamerica.org\/fr\/2021\/06\/une-annee-en-amazonie-pour-des-jeunes-missionnaires-adventistes\/","name":"Une ann\u00e9e en Amazonie pour des jeunes missionnaires adventistes - \u00c9glise Adventiste Du Septieme Jour - Inter Am\u00e9rique Division","isPartOf":{"@id":"https:\/\/interamerica.org\/fr\/#website"},"primaryImageOfPage":{"@id":"https:\/\/interamerica.org\/fr\/2021\/06\/une-annee-en-amazonie-pour-des-jeunes-missionnaires-adventistes\/#primaryimage"},"image":{"@id":"https:\/\/interamerica.org\/fr\/2021\/06\/une-annee-en-amazonie-pour-des-jeunes-missionnaires-adventistes\/#primaryimage"},"thumbnailUrl":"https:\/\/interamerica.org\/wp-content\/uploads\/2021\/06\/young-adventist-missionaries-will-spend-a-year-in-the-amazon1.jpeg","datePublished":"2021-06-07T13:40:24+00:00","dateModified":"2021-06-08T02:16:26+00:00","author":{"@id":"https:\/\/interamerica.org\/fr\/#\/schema\/person\/29998f2bc2d8bd0d38662909289b54f1"},"breadcrumb":{"@id":"https:\/\/interamerica.org\/fr\/2021\/06\/une-annee-en-amazonie-pour-des-jeunes-missionnaires-adventistes\/#breadcrumb"},"inLanguage":"fr-FR","potentialAction":[{"@type":"ReadAction","target":["https:\/\/interamerica.org\/fr\/2021\/06\/une-annee-en-amazonie-pour-des-jeunes-missionnaires-adventistes\/"]}]},{"@type":"ImageObject","inLanguage":"fr-FR","@id":"https:\/\/interamerica.org\/fr\/2021\/06\/une-annee-en-amazonie-pour-des-jeunes-missionnaires-adventistes\/#primaryimage","url":"https:\/\/interamerica.org\/wp-content\/uploads\/2021\/06\/young-adventist-missionaries-will-spend-a-year-in-the-amazon1.jpeg","contentUrl":"https:\/\/interamerica.org\/wp-content\/uploads\/2021\/06\/young-adventist-missionaries-will-spend-a-year-in-the-amazon1.jpeg","width":1000,"height":500,"caption":"La c\u00e9l\u00e9bration avec le logo de One Year in Mission faisait partie du programme de remise des dipl\u00f4mes de l\u2019Institut missionnaire du nord-ouest, pr\u00e8s de Manaus, au Br\u00e9sil. Une photo de Ronivon Santos du d\u00e9partement de nouvelles de la Division sud-am\u00e9ricaine."},{"@type":"BreadcrumbList","@id":"https:\/\/interamerica.org\/fr\/2021\/06\/une-annee-en-amazonie-pour-des-jeunes-missionnaires-adventistes\/#breadcrumb","itemListElement":[{"@type":"ListItem","position":1,"name":"Home","item":"https:\/\/interamerica.org\/fr\/"},{"@type":"ListItem","position":2,"name":"Une ann\u00e9e en Amazonie pour des jeunes missionnaires adventistes"}]},{"@type":"WebSite","@id":"https:\/\/interamerica.org\/fr\/#website","url":"https:\/\/interamerica.org\/fr\/","name":"\u00c9glise Adventiste Du Septieme Jour - Inter Am\u00e9rique Division","description":"","potentialAction":[{"@type":"SearchAction","target":{"@type":"EntryPoint","urlTemplate":"https:\/\/interamerica.org\/fr\/?s={search_term_string}"},"query-input":{"@type":"PropertyValueSpecification","valueRequired":true,"valueName":"search_term_string"}}],"inLanguage":"fr-FR"},{"@type":"Person","@id":"https:\/\/interamerica.org\/fr\/#\/schema\/person\/29998f2bc2d8bd0d38662909289b54f1","name":"libna","image":{"@type":"ImageObject","inLanguage":"fr-FR","@id":"https:\/\/secure.gravatar.com\/avatar\/7c5bd30ae4b47a9ba3c856590957fd1d96dc588bf3ac05719d247e126840331f?s=96&d=mm&r=g","url":"https:\/\/secure.gravatar.com\/avatar\/7c5bd30ae4b47a9ba3c856590957fd1d96dc588bf3ac05719d247e126840331f?s=96&d=mm&r=g","contentUrl":"https:\/\/secure.gravatar.com\/avatar\/7c5bd30ae4b47a9ba3c856590957fd1d96dc588bf3ac05719d247e126840331f?s=96&d=mm&r=g","caption":"libna"}}]}},"_links":{"self":[{"href":"https:\/\/interamerica.org\/fr\/wp-json\/wp\/v2\/posts\/72460","targetHints":{"allow":["GET"]}}],"collection":[{"href":"https:\/\/interamerica.org\/fr\/wp-json\/wp\/v2\/posts"}],"about":[{"href":"https:\/\/interamerica.org\/fr\/wp-json\/wp\/v2\/types\/post"}],"author":[{"embeddable":true,"href":"https:\/\/interamerica.org\/fr\/wp-json\/wp\/v2\/users\/3"}],"replies":[{"embeddable":true,"href":"https:\/\/interamerica.org\/fr\/wp-json\/wp\/v2\/comments?post=72460"}],"version-history":[{"count":0,"href":"https:\/\/interamerica.org\/fr\/wp-json\/wp\/v2\/posts\/72460\/revisions"}],"wp:featuredmedia":[{"embeddable":true,"href":"https:\/\/interamerica.org\/fr\/wp-json\/wp\/v2\/media\/72421"}],"wp:attachment":[{"href":"https:\/\/interamerica.org\/fr\/wp-json\/wp\/v2\/media?parent=72460"}],"wp:term":[{"taxonomy":"category","embeddable":true,"href":"https:\/\/interamerica.org\/fr\/wp-json\/wp\/v2\/categories?post=72460"},{"taxonomy":"post_tag","embeddable":true,"href":"https:\/\/interamerica.org\/fr\/wp-json\/wp\/v2\/tags?post=72460"}],"curies":[{"name":"wp","href":"https:\/\/api.w.org\/{rel}","templated":true}]}}