{"id":73810,"date":"2021-07-18T18:31:14","date_gmt":"2021-07-18T22:31:14","guid":{"rendered":"https:\/\/recursing-golick.147-182-135-0.plesk.page\/?p=73810"},"modified":"2021-07-19T07:53:55","modified_gmt":"2021-07-19T11:53:55","slug":"le-president-mondial-de-leglise-adventiste-du-septieme-jour-encourage-les-membres-a-cuba","status":"publish","type":"post","link":"https:\/\/interamerica.org\/fr\/2021\/07\/le-president-mondial-de-leglise-adventiste-du-septieme-jour-encourage-les-membres-a-cuba\/","title":{"rendered":"Le pr\u00e9sident mondial de l\u2019\u00c9glise adventiste du septi\u00e8me jour encourage les membres \u00e0 Cuba"},"content":{"rendered":"<p>18 Juillet 2021 | Miami, Floride, \u00c9tats-Unis | P\u00f4le Informations de la Division Inter Am\u00e9ricaine<\/p>\n<p><em>Voici une lettre d\u2019encouragement spirituel de Ted N.C. Wilson, pr\u00e9sident de la Conf\u00e9rence G\u00e9n\u00e9rale des adventistes du septi\u00e8me jour, adress\u00e9e aux membres de l\u2019\u00c9glise adventiste \u00e0 Cuba apr\u00e8s que la multiplication des troubles sociaux ait touch\u00e9 cette \u00eele de la Cara\u00efbe pendant plus d\u2019une semaine. Les dirigeants locaux de l\u2019\u00e9glise \u00e0 Cuba ont sollicit\u00e9 la pri\u00e8re et invit\u00e9 les membres \u00e0 la fid\u00e9lit\u00e9 pendant cette p\u00e9riode \u2013 \u00c9quipe de Presse de la DIA.\u00a0<\/em><\/p>\n<p>Chers fr\u00e8res et s\u0153urs de Cuba,<\/p>\n<p>Alors que vous faites chaque jour face \u00e0 des difficult\u00e9s, Dieu vous ouvrira la voie pour que vous puissiez le servir quel que soit le contexte dans lequel vous vous trouvez. Gardez les yeux fix\u00e9s sur Christ dans tout ce que vous faites\u2026. les gens vous regardent et ils observeront attentivement votre amour fid\u00e8le pour Dieu et pour les autres. Aidez les gens de toutes les mani\u00e8res possibles comme J\u00e9sus l\u2019a fait\u2026\u2026. Aidez-les sur les plans physique, mental, social et spirituel. Dirigez-les vers J\u00e9sus qui peut leur apporter la vie et la vie en abondance\u2026\u2026. non seulement pour l\u2019avenir mais maintenant sur cette terre. La vie n\u2019est peut-\u00eatre pas facile, mais Dieu nous permettra d\u2019y arriver si nous nous appuyons sur lui et lui demandons la direction du Saint-Esprit dans tout ce que nous faisons. Nous remercions le Seigneur pour votre fid\u00e9lit\u00e9 envers Lui et envers le mouvement adventiste dans l\u2019attente du prochain retour du Christ. En tant que dirigeants de l\u2019\u00c9glise, nous prierons pour vous et la merveilleuse population de Cuba, votre pays. Nous sommes reconnaissants pour le grand soutien et les encouragements que vous recevez de la Division Inter Am\u00e9ricaine. Demeurez fid\u00e8le \u00e0 l\u2019\u00e9tude de la Parole de Dieu et de l\u2019Esprit de Proph\u00e9tie alors que vous proclamez la v\u00e9rit\u00e9 de Dieu avec ceux qui vous entourent. Nous vivons \u00e0 la fin des temps et sommes reconnaissants de pouvoir proclamer l\u2019\u00e9vangile \u00e9ternel de J\u00e9sus-Christ et les messages de ses trois anges annon\u00e7ant le retour prochain du Christ.<\/p>\n<p>Alors que vous faites en sorte d\u2019atteindre vos voisins et vos amis avec le merveilleux message Adventiste qui englobe toutes les v\u00e9rit\u00e9s bibliques, y compris l\u2019amour de Dieu, le sabbat du septi\u00e8me jour, le service du sanctuaire, les messages des trois anges, le service du sanctuaire et d\u2019autres merveilleuses v\u00e9rit\u00e9s bibliques, puisse Dieu utiliser vos talents de sorte que vous preniez part \u00e0 l\u2019Implication Totale du Membre. Participez aux plans strat\u00e9giques de l\u2019initiative \u00ab Atteindre le Monde, j\u2019Irai \u00bb, mise en place par l\u2019\u00c9glise mondiale. Dieu vous appelle \u00e0 prendre part \u00e0 la proclamation du message Adventiste pendant les derniers jours. Dites au Seigneur \u00ab J\u2019irai \u00bb et encouragez les autres membres de votre \u00e9glise \u00e0 faire de m\u00eame alors que vous permettez \u00e0 Dieu d\u2019ouvrir des portes pour que vous puissiez toucher tout le monde \u00e0 travers votre action d\u2019\u00e9vang\u00e9lisation \u00e0 Cuba. Nous prierons pour vous, vos dirigeants d\u2019\u00e9glise, les dirigeants de votre pays et le pays de Cuba alors que vous faites face \u00e0 diverses difficult\u00e9s.<\/p>\n<p>Puisse le message suivant tir\u00e9 de la Parole de Dieu vous encourager \u00e0 Cuba\u2026\u2026. J\u00e9r\u00e9mie 9 :23-24 : \u00ab Ainsi parle l\u2019\u00c9ternel : Que le sage ne se glorifie pas de sa sagesse, Que le fort ne se glorifie pas de sa force, Que le riche ne se glorifie pas de sa richesse. Mais que celui qui veut se glorifier se glorifie D&rsquo;avoir de l&rsquo;intelligence et de me conna\u00eetre, De savoir que je suis l&rsquo;\u00c9ternel, Qui exerce la bont\u00e9, le droit et la justice sur la terre; Car c&rsquo;est \u00e0 cela que je prends plaisir, dit l&rsquo;\u00c9ternel. \u00bb<br \/>\nDans le livre \u00ab Service Chr\u00e9tien, \u00bb une compilation d\u2019\u00e9crits d\u2019Ellen G. White, nous lisons les paroles suivantes \u00e0 la page 254 (en fran\u00e7ais dans le livre J\u00e9sus Christ \u00e0 la page 233) : \u00ab Il n\u2019y a pas de limites \u00e0 l\u2019utilit\u00e9 de celui qui, en mettant le moi de c\u00f4t\u00e9, fait place en son c\u0153ur \u00e0 l\u2019op\u00e9ration du Saint-Esprit et consacre toute sa vie \u00e0 Dieu. \u00bb Dieu vous utilisera d\u2019une mani\u00e8re puissante alors que vous vous placez entre ses mains et servez le peuple de Cuba en les dirigeant vers Dieu et son amour pour eux.<\/p>\n<p>Puisse Dieu faire de vous de formidables t\u00e9moins aupr\u00e8s de tous ceux avec qui vous entrez en contact \u00e0 Cuba alors que nous faisons face aux d\u00e9fis qui nous entourent et attendons la venue prochaine du Christ. Nous prierons pour vous alors que vous gardez les yeux fix\u00e9s sur le Christ et la mission qu\u2019il a pour vous \u00e0 Cuba. J\u00e9sus revient bient\u00f4t ! Maranatha !<\/p>\n<p>Avec mes cordiales salutations chr\u00e9tiennes, et sinc\u00e8rement v\u00f4tre,<\/p>\n<p>&nbsp;<\/p>\n<p>Ted N. C. Wilson<br \/>\nPr\u00e9sident<br \/>\nConf\u00e9rence G\u00e9n\u00e9rale des adventistes du septi\u00e8me jour<\/p>\n<p>Traduction: Patrick Luciathe<\/p>\n","protected":false},"excerpt":{"rendered":"<p>18 Juillet 2021 | Miami, Floride, \u00c9tats-Unis | P\u00f4le Informations de la Division Inter Am\u00e9ricaine Voici une lettre d\u2019encouragement spirituel de Ted N.C. Wilson, pr\u00e9sident de la Conf\u00e9rence G\u00e9n\u00e9rale des&#8230;<\/p>\n","protected":false},"author":3,"featured_media":73592,"comment_status":"closed","ping_status":"closed","sticky":false,"template":"","format":"standard","meta":{"_acf_changed":false,"footnotes":""},"categories":[20,19],"tags":[],"class_list":["post-73810","post","type-post","status-publish","format-standard","has-post-thumbnail","hentry","category-nouvelles-du-siege-de-la-division","category-rss-francais"],"acf":[],"yoast_head":"<!-- This site is optimized with the Yoast SEO plugin v27.3 - https:\/\/yoast.com\/product\/yoast-seo-wordpress\/ -->\n<title>Le pr\u00e9sident mondial de l\u2019\u00c9glise adventiste du septi\u00e8me jour encourage les membres \u00e0 Cuba - \u00c9glise Adventiste Du Septieme Jour - Inter Am\u00e9rique Division<\/title>\n<meta name=\"robots\" content=\"index, follow, max-snippet:-1, max-image-preview:large, max-video-preview:-1\" \/>\n<link rel=\"canonical\" href=\"https:\/\/interamerica.org\/fr\/2021\/07\/le-president-mondial-de-leglise-adventiste-du-septieme-jour-encourage-les-membres-a-cuba\/\" \/>\n<meta property=\"og:locale\" content=\"fr_FR\" \/>\n<meta property=\"og:type\" content=\"article\" \/>\n<meta property=\"og:title\" content=\"Le pr\u00e9sident mondial de l\u2019\u00c9glise adventiste du septi\u00e8me jour encourage les membres \u00e0 Cuba - \u00c9glise Adventiste Du Septieme Jour - Inter Am\u00e9rique Division\" \/>\n<meta property=\"og:description\" content=\"18 Juillet 2021 | Miami, Floride, \u00c9tats-Unis | P\u00f4le Informations de la Division Inter Am\u00e9ricaine Voici une lettre d\u2019encouragement spirituel de Ted N.C. Wilson, pr\u00e9sident de la Conf\u00e9rence G\u00e9n\u00e9rale des...\" \/>\n<meta property=\"og:url\" content=\"https:\/\/interamerica.org\/fr\/2021\/07\/le-president-mondial-de-leglise-adventiste-du-septieme-jour-encourage-les-membres-a-cuba\/\" \/>\n<meta property=\"og:site_name\" content=\"\u00c9glise Adventiste Du Septieme Jour - Inter Am\u00e9rique Division\" \/>\n<meta property=\"article:published_time\" content=\"2021-07-18T22:31:14+00:00\" \/>\n<meta property=\"article:modified_time\" content=\"2021-07-19T11:53:55+00:00\" \/>\n<meta property=\"og:image\" content=\"https:\/\/interamerica.org\/wp-content\/uploads\/2021\/07\/cuba-dorothea-oldani-hu7vxzbjwds-unsplash-1280-1.jpg\" \/>\n\t<meta property=\"og:image:width\" content=\"1280\" \/>\n\t<meta property=\"og:image:height\" content=\"800\" \/>\n\t<meta property=\"og:image:type\" content=\"image\/jpeg\" \/>\n<meta name=\"author\" content=\"libna\" \/>\n<meta name=\"twitter:card\" content=\"summary_large_image\" \/>\n<meta name=\"twitter:label1\" content=\"\u00c9crit par\" \/>\n\t<meta name=\"twitter:data1\" content=\"libna\" \/>\n\t<meta name=\"twitter:label2\" content=\"Dur\u00e9e de lecture estim\u00e9e\" \/>\n\t<meta name=\"twitter:data2\" content=\"4 minutes\" \/>\n<script type=\"application\/ld+json\" class=\"yoast-schema-graph\">{\"@context\":\"https:\\\/\\\/schema.org\",\"@graph\":[{\"@type\":\"Article\",\"@id\":\"https:\\\/\\\/interamerica.org\\\/fr\\\/2021\\\/07\\\/le-president-mondial-de-leglise-adventiste-du-septieme-jour-encourage-les-membres-a-cuba\\\/#article\",\"isPartOf\":{\"@id\":\"https:\\\/\\\/interamerica.org\\\/fr\\\/2021\\\/07\\\/le-president-mondial-de-leglise-adventiste-du-septieme-jour-encourage-les-membres-a-cuba\\\/\"},\"author\":{\"name\":\"libna\",\"@id\":\"https:\\\/\\\/interamerica.org\\\/fr\\\/#\\\/schema\\\/person\\\/29998f2bc2d8bd0d38662909289b54f1\"},\"headline\":\"Le pr\u00e9sident mondial de l\u2019\u00c9glise adventiste du septi\u00e8me jour encourage les membres \u00e0 Cuba\",\"datePublished\":\"2021-07-18T22:31:14+00:00\",\"dateModified\":\"2021-07-19T11:53:55+00:00\",\"mainEntityOfPage\":{\"@id\":\"https:\\\/\\\/interamerica.org\\\/fr\\\/2021\\\/07\\\/le-president-mondial-de-leglise-adventiste-du-septieme-jour-encourage-les-membres-a-cuba\\\/\"},\"wordCount\":868,\"image\":{\"@id\":\"https:\\\/\\\/interamerica.org\\\/fr\\\/2021\\\/07\\\/le-president-mondial-de-leglise-adventiste-du-septieme-jour-encourage-les-membres-a-cuba\\\/#primaryimage\"},\"thumbnailUrl\":\"https:\\\/\\\/interamerica.org\\\/wp-content\\\/uploads\\\/2021\\\/07\\\/cuba-dorothea-oldani-hu7vxzbjwds-unsplash-1280-1.jpg\",\"articleSection\":[\"Nouvelles du si\u00e8ge de la division\",\"RSS Fran\u00e7ais\"],\"inLanguage\":\"fr-FR\"},{\"@type\":\"WebPage\",\"@id\":\"https:\\\/\\\/interamerica.org\\\/fr\\\/2021\\\/07\\\/le-president-mondial-de-leglise-adventiste-du-septieme-jour-encourage-les-membres-a-cuba\\\/\",\"url\":\"https:\\\/\\\/interamerica.org\\\/fr\\\/2021\\\/07\\\/le-president-mondial-de-leglise-adventiste-du-septieme-jour-encourage-les-membres-a-cuba\\\/\",\"name\":\"Le pr\u00e9sident mondial de l\u2019\u00c9glise adventiste du septi\u00e8me jour encourage les membres \u00e0 Cuba - \u00c9glise Adventiste Du Septieme Jour - Inter Am\u00e9rique Division\",\"isPartOf\":{\"@id\":\"https:\\\/\\\/interamerica.org\\\/fr\\\/#website\"},\"primaryImageOfPage\":{\"@id\":\"https:\\\/\\\/interamerica.org\\\/fr\\\/2021\\\/07\\\/le-president-mondial-de-leglise-adventiste-du-septieme-jour-encourage-les-membres-a-cuba\\\/#primaryimage\"},\"image\":{\"@id\":\"https:\\\/\\\/interamerica.org\\\/fr\\\/2021\\\/07\\\/le-president-mondial-de-leglise-adventiste-du-septieme-jour-encourage-les-membres-a-cuba\\\/#primaryimage\"},\"thumbnailUrl\":\"https:\\\/\\\/interamerica.org\\\/wp-content\\\/uploads\\\/2021\\\/07\\\/cuba-dorothea-oldani-hu7vxzbjwds-unsplash-1280-1.jpg\",\"datePublished\":\"2021-07-18T22:31:14+00:00\",\"dateModified\":\"2021-07-19T11:53:55+00:00\",\"author\":{\"@id\":\"https:\\\/\\\/interamerica.org\\\/fr\\\/#\\\/schema\\\/person\\\/29998f2bc2d8bd0d38662909289b54f1\"},\"breadcrumb\":{\"@id\":\"https:\\\/\\\/interamerica.org\\\/fr\\\/2021\\\/07\\\/le-president-mondial-de-leglise-adventiste-du-septieme-jour-encourage-les-membres-a-cuba\\\/#breadcrumb\"},\"inLanguage\":\"fr-FR\",\"potentialAction\":[{\"@type\":\"ReadAction\",\"target\":[\"https:\\\/\\\/interamerica.org\\\/fr\\\/2021\\\/07\\\/le-president-mondial-de-leglise-adventiste-du-septieme-jour-encourage-les-membres-a-cuba\\\/\"]}]},{\"@type\":\"ImageObject\",\"inLanguage\":\"fr-FR\",\"@id\":\"https:\\\/\\\/interamerica.org\\\/fr\\\/2021\\\/07\\\/le-president-mondial-de-leglise-adventiste-du-septieme-jour-encourage-les-membres-a-cuba\\\/#primaryimage\",\"url\":\"https:\\\/\\\/interamerica.org\\\/wp-content\\\/uploads\\\/2021\\\/07\\\/cuba-dorothea-oldani-hu7vxzbjwds-unsplash-1280-1.jpg\",\"contentUrl\":\"https:\\\/\\\/interamerica.org\\\/wp-content\\\/uploads\\\/2021\\\/07\\\/cuba-dorothea-oldani-hu7vxzbjwds-unsplash-1280-1.jpg\",\"width\":1280,\"height\":800,\"caption\":\"[Photo: Dorothea Oldani \\\/ Unsplash]\"},{\"@type\":\"BreadcrumbList\",\"@id\":\"https:\\\/\\\/interamerica.org\\\/fr\\\/2021\\\/07\\\/le-president-mondial-de-leglise-adventiste-du-septieme-jour-encourage-les-membres-a-cuba\\\/#breadcrumb\",\"itemListElement\":[{\"@type\":\"ListItem\",\"position\":1,\"name\":\"Home\",\"item\":\"https:\\\/\\\/interamerica.org\\\/fr\\\/\"},{\"@type\":\"ListItem\",\"position\":2,\"name\":\"Le pr\u00e9sident mondial de l\u2019\u00c9glise adventiste du septi\u00e8me jour encourage les membres \u00e0 Cuba\"}]},{\"@type\":\"WebSite\",\"@id\":\"https:\\\/\\\/interamerica.org\\\/fr\\\/#website\",\"url\":\"https:\\\/\\\/interamerica.org\\\/fr\\\/\",\"name\":\"\u00c9glise Adventiste Du Septieme Jour - Inter Am\u00e9rique Division\",\"description\":\"\",\"potentialAction\":[{\"@type\":\"SearchAction\",\"target\":{\"@type\":\"EntryPoint\",\"urlTemplate\":\"https:\\\/\\\/interamerica.org\\\/fr\\\/?s={search_term_string}\"},\"query-input\":{\"@type\":\"PropertyValueSpecification\",\"valueRequired\":true,\"valueName\":\"search_term_string\"}}],\"inLanguage\":\"fr-FR\"},{\"@type\":\"Person\",\"@id\":\"https:\\\/\\\/interamerica.org\\\/fr\\\/#\\\/schema\\\/person\\\/29998f2bc2d8bd0d38662909289b54f1\",\"name\":\"libna\",\"image\":{\"@type\":\"ImageObject\",\"inLanguage\":\"fr-FR\",\"@id\":\"https:\\\/\\\/secure.gravatar.com\\\/avatar\\\/7c5bd30ae4b47a9ba3c856590957fd1d96dc588bf3ac05719d247e126840331f?s=96&d=mm&r=g\",\"url\":\"https:\\\/\\\/secure.gravatar.com\\\/avatar\\\/7c5bd30ae4b47a9ba3c856590957fd1d96dc588bf3ac05719d247e126840331f?s=96&d=mm&r=g\",\"contentUrl\":\"https:\\\/\\\/secure.gravatar.com\\\/avatar\\\/7c5bd30ae4b47a9ba3c856590957fd1d96dc588bf3ac05719d247e126840331f?s=96&d=mm&r=g\",\"caption\":\"libna\"}}]}<\/script>\n<!-- \/ Yoast SEO plugin. -->","yoast_head_json":{"title":"Le pr\u00e9sident mondial de l\u2019\u00c9glise adventiste du septi\u00e8me jour encourage les membres \u00e0 Cuba - \u00c9glise Adventiste Du Septieme Jour - Inter Am\u00e9rique Division","robots":{"index":"index","follow":"follow","max-snippet":"max-snippet:-1","max-image-preview":"max-image-preview:large","max-video-preview":"max-video-preview:-1"},"canonical":"https:\/\/interamerica.org\/fr\/2021\/07\/le-president-mondial-de-leglise-adventiste-du-septieme-jour-encourage-les-membres-a-cuba\/","og_locale":"fr_FR","og_type":"article","og_title":"Le pr\u00e9sident mondial de l\u2019\u00c9glise adventiste du septi\u00e8me jour encourage les membres \u00e0 Cuba - \u00c9glise Adventiste Du Septieme Jour - Inter Am\u00e9rique Division","og_description":"18 Juillet 2021 | Miami, Floride, \u00c9tats-Unis | P\u00f4le Informations de la Division Inter Am\u00e9ricaine Voici une lettre d\u2019encouragement spirituel de Ted N.C. Wilson, pr\u00e9sident de la Conf\u00e9rence G\u00e9n\u00e9rale des...","og_url":"https:\/\/interamerica.org\/fr\/2021\/07\/le-president-mondial-de-leglise-adventiste-du-septieme-jour-encourage-les-membres-a-cuba\/","og_site_name":"\u00c9glise Adventiste Du Septieme Jour - Inter Am\u00e9rique Division","article_published_time":"2021-07-18T22:31:14+00:00","article_modified_time":"2021-07-19T11:53:55+00:00","og_image":[{"width":1280,"height":800,"url":"https:\/\/interamerica.org\/wp-content\/uploads\/2021\/07\/cuba-dorothea-oldani-hu7vxzbjwds-unsplash-1280-1.jpg","type":"image\/jpeg"}],"author":"libna","twitter_card":"summary_large_image","twitter_misc":{"\u00c9crit par":"libna","Dur\u00e9e de lecture estim\u00e9e":"4 minutes"},"schema":{"@context":"https:\/\/schema.org","@graph":[{"@type":"Article","@id":"https:\/\/interamerica.org\/fr\/2021\/07\/le-president-mondial-de-leglise-adventiste-du-septieme-jour-encourage-les-membres-a-cuba\/#article","isPartOf":{"@id":"https:\/\/interamerica.org\/fr\/2021\/07\/le-president-mondial-de-leglise-adventiste-du-septieme-jour-encourage-les-membres-a-cuba\/"},"author":{"name":"libna","@id":"https:\/\/interamerica.org\/fr\/#\/schema\/person\/29998f2bc2d8bd0d38662909289b54f1"},"headline":"Le pr\u00e9sident mondial de l\u2019\u00c9glise adventiste du septi\u00e8me jour encourage les membres \u00e0 Cuba","datePublished":"2021-07-18T22:31:14+00:00","dateModified":"2021-07-19T11:53:55+00:00","mainEntityOfPage":{"@id":"https:\/\/interamerica.org\/fr\/2021\/07\/le-president-mondial-de-leglise-adventiste-du-septieme-jour-encourage-les-membres-a-cuba\/"},"wordCount":868,"image":{"@id":"https:\/\/interamerica.org\/fr\/2021\/07\/le-president-mondial-de-leglise-adventiste-du-septieme-jour-encourage-les-membres-a-cuba\/#primaryimage"},"thumbnailUrl":"https:\/\/interamerica.org\/wp-content\/uploads\/2021\/07\/cuba-dorothea-oldani-hu7vxzbjwds-unsplash-1280-1.jpg","articleSection":["Nouvelles du si\u00e8ge de la division","RSS Fran\u00e7ais"],"inLanguage":"fr-FR"},{"@type":"WebPage","@id":"https:\/\/interamerica.org\/fr\/2021\/07\/le-president-mondial-de-leglise-adventiste-du-septieme-jour-encourage-les-membres-a-cuba\/","url":"https:\/\/interamerica.org\/fr\/2021\/07\/le-president-mondial-de-leglise-adventiste-du-septieme-jour-encourage-les-membres-a-cuba\/","name":"Le pr\u00e9sident mondial de l\u2019\u00c9glise adventiste du septi\u00e8me jour encourage les membres \u00e0 Cuba - \u00c9glise Adventiste Du Septieme Jour - Inter Am\u00e9rique Division","isPartOf":{"@id":"https:\/\/interamerica.org\/fr\/#website"},"primaryImageOfPage":{"@id":"https:\/\/interamerica.org\/fr\/2021\/07\/le-president-mondial-de-leglise-adventiste-du-septieme-jour-encourage-les-membres-a-cuba\/#primaryimage"},"image":{"@id":"https:\/\/interamerica.org\/fr\/2021\/07\/le-president-mondial-de-leglise-adventiste-du-septieme-jour-encourage-les-membres-a-cuba\/#primaryimage"},"thumbnailUrl":"https:\/\/interamerica.org\/wp-content\/uploads\/2021\/07\/cuba-dorothea-oldani-hu7vxzbjwds-unsplash-1280-1.jpg","datePublished":"2021-07-18T22:31:14+00:00","dateModified":"2021-07-19T11:53:55+00:00","author":{"@id":"https:\/\/interamerica.org\/fr\/#\/schema\/person\/29998f2bc2d8bd0d38662909289b54f1"},"breadcrumb":{"@id":"https:\/\/interamerica.org\/fr\/2021\/07\/le-president-mondial-de-leglise-adventiste-du-septieme-jour-encourage-les-membres-a-cuba\/#breadcrumb"},"inLanguage":"fr-FR","potentialAction":[{"@type":"ReadAction","target":["https:\/\/interamerica.org\/fr\/2021\/07\/le-president-mondial-de-leglise-adventiste-du-septieme-jour-encourage-les-membres-a-cuba\/"]}]},{"@type":"ImageObject","inLanguage":"fr-FR","@id":"https:\/\/interamerica.org\/fr\/2021\/07\/le-president-mondial-de-leglise-adventiste-du-septieme-jour-encourage-les-membres-a-cuba\/#primaryimage","url":"https:\/\/interamerica.org\/wp-content\/uploads\/2021\/07\/cuba-dorothea-oldani-hu7vxzbjwds-unsplash-1280-1.jpg","contentUrl":"https:\/\/interamerica.org\/wp-content\/uploads\/2021\/07\/cuba-dorothea-oldani-hu7vxzbjwds-unsplash-1280-1.jpg","width":1280,"height":800,"caption":"[Photo: Dorothea Oldani \/ Unsplash]"},{"@type":"BreadcrumbList","@id":"https:\/\/interamerica.org\/fr\/2021\/07\/le-president-mondial-de-leglise-adventiste-du-septieme-jour-encourage-les-membres-a-cuba\/#breadcrumb","itemListElement":[{"@type":"ListItem","position":1,"name":"Home","item":"https:\/\/interamerica.org\/fr\/"},{"@type":"ListItem","position":2,"name":"Le pr\u00e9sident mondial de l\u2019\u00c9glise adventiste du septi\u00e8me jour encourage les membres \u00e0 Cuba"}]},{"@type":"WebSite","@id":"https:\/\/interamerica.org\/fr\/#website","url":"https:\/\/interamerica.org\/fr\/","name":"\u00c9glise Adventiste Du Septieme Jour - Inter Am\u00e9rique Division","description":"","potentialAction":[{"@type":"SearchAction","target":{"@type":"EntryPoint","urlTemplate":"https:\/\/interamerica.org\/fr\/?s={search_term_string}"},"query-input":{"@type":"PropertyValueSpecification","valueRequired":true,"valueName":"search_term_string"}}],"inLanguage":"fr-FR"},{"@type":"Person","@id":"https:\/\/interamerica.org\/fr\/#\/schema\/person\/29998f2bc2d8bd0d38662909289b54f1","name":"libna","image":{"@type":"ImageObject","inLanguage":"fr-FR","@id":"https:\/\/secure.gravatar.com\/avatar\/7c5bd30ae4b47a9ba3c856590957fd1d96dc588bf3ac05719d247e126840331f?s=96&d=mm&r=g","url":"https:\/\/secure.gravatar.com\/avatar\/7c5bd30ae4b47a9ba3c856590957fd1d96dc588bf3ac05719d247e126840331f?s=96&d=mm&r=g","contentUrl":"https:\/\/secure.gravatar.com\/avatar\/7c5bd30ae4b47a9ba3c856590957fd1d96dc588bf3ac05719d247e126840331f?s=96&d=mm&r=g","caption":"libna"}}]}},"_links":{"self":[{"href":"https:\/\/interamerica.org\/fr\/wp-json\/wp\/v2\/posts\/73810","targetHints":{"allow":["GET"]}}],"collection":[{"href":"https:\/\/interamerica.org\/fr\/wp-json\/wp\/v2\/posts"}],"about":[{"href":"https:\/\/interamerica.org\/fr\/wp-json\/wp\/v2\/types\/post"}],"author":[{"embeddable":true,"href":"https:\/\/interamerica.org\/fr\/wp-json\/wp\/v2\/users\/3"}],"replies":[{"embeddable":true,"href":"https:\/\/interamerica.org\/fr\/wp-json\/wp\/v2\/comments?post=73810"}],"version-history":[{"count":0,"href":"https:\/\/interamerica.org\/fr\/wp-json\/wp\/v2\/posts\/73810\/revisions"}],"wp:featuredmedia":[{"embeddable":true,"href":"https:\/\/interamerica.org\/fr\/wp-json\/wp\/v2\/media\/73592"}],"wp:attachment":[{"href":"https:\/\/interamerica.org\/fr\/wp-json\/wp\/v2\/media?parent=73810"}],"wp:term":[{"taxonomy":"category","embeddable":true,"href":"https:\/\/interamerica.org\/fr\/wp-json\/wp\/v2\/categories?post=73810"},{"taxonomy":"post_tag","embeddable":true,"href":"https:\/\/interamerica.org\/fr\/wp-json\/wp\/v2\/tags?post=73810"}],"curies":[{"name":"wp","href":"https:\/\/api.w.org\/{rel}","templated":true}]}}